{"id":61339,"date":"2023-01-09T15:06:03","date_gmt":"2023-01-09T14:06:03","guid":{"rendered":"https:\/\/www.deinadieu.ch\/plus-le-monde-est-incertain-plus-les-jeunes-sont-fragiles\/"},"modified":"2023-06-07T16:45:19","modified_gmt":"2023-06-07T14:45:19","slug":"plus-le-monde-est-incertain-plus-les-jeunes-sont-fragiles","status":"publish","type":"post","link":"https:\/\/www.deinadieu.ch\/fr\/plus-le-monde-est-incertain-plus-les-jeunes-sont-fragiles\/","title":{"rendered":"Plus le monde est incertain, plus les jeunes sont fragiles"},"content":{"rendered":"\n<p>Pand\u00e9mie, guerre, changement climatique et in\u00e9galit\u00e9s sociales : Depuis 2019, environ 40% d&#8217;enfants et de jeunes en plus s&#8217;adressent \u00e0 Pro Juventute parce qu&#8217;ils ont besoin de conseils et d&#8217;aide. Anastassiya Korf dirige depuis deux ans les services de consultation pour la Suisse al\u00e9manique chez Pro Juventute. La fondation aide les enfants et les adolescents \u00e0 rester en bonne sant\u00e9 psychique malgr\u00e9 les crises multiples.<\/p>\n\n<!--more-->\n\n<p>En peu de temps, les enfants et les jeunes ont \u00e9t\u00e9 confront\u00e9s \u00e0 de nombreuses crises. Celles-ci touchent les enfants et les adolescents \u00e0 une p\u00e9riode particuli\u00e8rement fragile de leur vie et suscitent des craintes. Les enfants et les adolescents subissent des changements psychologiques, biologiques et sociaux. Il s&#8217;agit d&#8217;un \u00e2ge marquant avec des exp\u00e9riences marquantes : \u00ab L&#8217;adolescence est un \u00e2ge important avec beaucoup de chantiers et d&#8217;\u00e9v\u00e9nements fondateurs. Le bal de fin d&#8217;\u00e9tudes, par exemple, ne peut pas \u00eatre rattrap\u00e9 \u00bb, explique Anastassiya Korf, qui travaille depuis 17 ans dans le domaine de l&#8217;aide aux enfants et aux jeunes. Depuis deux ans, l&#8217;assistante sociale dirige les services de consultation pour la Suisse al\u00e9manique chez Pro Juventute. <em>\u00ab<\/em> De nombreux probl\u00e8mes psychiques sont r\u00e9duits \u00e0 des exp\u00e9riences li\u00e9es \u00e0 la pubert\u00e9, mais les probl\u00e8mes ne disparaissent pas facilement apr\u00e8s l&#8217;adolescence et ressurgissent plus tard \u00e0 l&#8217;\u00e2ge adulte. Il ne faut pas d\u00e9laisser les enfants et les jeunes \u00bb, selon Anastassiya Korf.<\/p>\n\n<p><strong>40% d&#8217;augmentation des frais de consultation<\/strong><\/p>\n\n<p>Chaque ann\u00e9e, plus de 300&#8217;000 enfants et adolescents ainsi que pr\u00e8s de 140&#8217;000 parents et personnes de r\u00e9f\u00e9rence dans toute la Suisse ont recours aux services de Pro Juventute. La vision de Pro Juventute est de permettre \u00e0 chaque enfant en Suisse de vivre une enfance \u00e9panouie et de grandir de mani\u00e8re autonome et responsable. En tant que fondation, Pro Juventute est financ\u00e9e en grande partie par des dons priv\u00e9s. \u00ab Nous utilisons les dons pour des projets qui correspondent \u00e0 notre vision. Nous souhaitons notamment renforcer le d\u00e9veloppement psychique sain des enfants et des adolescents en \u00e9tant \u00e0 leur \u00e9coute 24 heures sur 24 gr\u00e2ce \u00e0 nos services de consultation \u00bb, explique l&#8217;assistante sociale Mme Korf.<\/p>\n\n<p>Depuis le d\u00e9but de la pand\u00e9mie en 2019, les frais des consultations de Pro Juventute ont augment\u00e9 de 40%. Selon la responsable des consultations pour la Suisse al\u00e9manique, il a fallu r\u00e9agir rapidement aux d\u00e9fis afin de maintenir l&#8217;activit\u00e9 : les proc\u00e9d\u00e9s ont \u00e9t\u00e9 num\u00e9ris\u00e9s et on a introduit des \u00e9quipes de travail suppl\u00e9mentaires pendant les p\u00e9riodes de pointe. La forte augmentation de la demande en mati\u00e8re de services de consultation n\u00e9cessite davantage de soutien, car les services de consultation doivent \u00eatre d\u00e9velopp\u00e9s et adapt\u00e9s aux besoins des enfants et des jeunes. Des investissements suppl\u00e9mentaires sont \u00e9galement n\u00e9cessaires pour que les services soient accessibles en ligne.<\/p>\n\n<p><strong>Dons pour la sant\u00e9 psychique et les comp\u00e9tences m\u00e9diatiques<\/strong><\/p>\n\n<p>\u00ab Le soutien par le biais de legs et d&#8217;h\u00e9ritages est tr\u00e8s important pour notre organisation. Gr\u00e2ce \u00e0 l&#8217;engagement de nos testatrices et testateurs, Pro Juventute peut soutenir chaque ann\u00e9e des enfants, des adolescents et leurs parents et les aider ainsi directement et de mani\u00e8re efficace avec une multitude d&#8217;offres et de prestations de services \u00bb, explique Mme Korf. No\u00ebl, P\u00e2ques ou la Saint-Sylvestre : au <a href=\"https:\/\/www.147.ch\/\">num\u00e9ro d&#8217;appel d&#8217;urgence 147<\/a>, la fondation Pro Juventute offre des consultations confidentielles et une \u00e9coute 24 heures sur 24. Maintenir des services de consultation professionnels 365 jours par an est tr\u00e8s co\u00fbteux. Outre le num\u00e9ro d&#8217;appel d&#8217;urgence 147, Pro Juventute propose des consultations pour les parents, des conseils utiles aux responsables de jeunes pour les collaborateurs dans les associations et dans le domaine des loisirs ainsi que, depuis l&#8217;\u00e9t\u00e9 2022, des consultations pour les Ukrainiennes et Ukrainiens r\u00e9fugi\u00e9s en Suisse.<\/p>\n\n<p>Pro Juventute utilise \u00e9galement les dons pour la sensibilisation, la pr\u00e9vention et le d\u00e9veloppement de comp\u00e9tences dans l&#8217;utilisation des r\u00e9seaux sociaux et des m\u00e9dias num\u00e9riques. Dans le monde d&#8217;aujourd&#8217;hui, les comp\u00e9tences m\u00e9diatiques sont des comp\u00e9tences cl\u00e9s pour naviguer dans le monde des actualit\u00e9s : qu&#8217;est-ce qui est un fait, qu&#8217;est-ce qui est une fake news ? De nombreux enfants et adolescents passent plusieurs heures par jour sur les r\u00e9seaux sociaux et les m\u00e9dias num\u00e9riques. Il est ainsi d&#8217;autant plus important qu&#8217;ils soient sensibilis\u00e9s \u00e0 une consommation m\u00e9diatique saine.<\/p>\n\n<figure class=\"wp-block-image size-large\"><img loading=\"lazy\" decoding=\"async\" width=\"1024\" height=\"683\" src=\"https:\/\/www.deinadieu.ch\/wp-content\/uploads\/2023\/01\/Unknown-2-1024x683.jpg\" alt=\"\" class=\"wp-image-61175\" srcset=\"https:\/\/www.deinadieu.ch\/wp-content\/uploads\/2023\/01\/Unknown-2-1024x683.jpg 1024w, https:\/\/www.deinadieu.ch\/wp-content\/uploads\/2023\/01\/Unknown-2-300x200.jpg 300w, https:\/\/www.deinadieu.ch\/wp-content\/uploads\/2023\/01\/Unknown-2-1536x1024.jpg 1536w, https:\/\/www.deinadieu.ch\/wp-content\/uploads\/2023\/01\/Unknown-2-2048x1366.jpg 2048w\" sizes=\"auto, (max-width: 1024px) 100vw, 1024px\" \/><figcaption class=\"wp-element-caption\">Au 147, des assistantes et assistants sociaux et des psychologues form\u00e9s soutiennent les enfants et les adolescents depuis 1999.<\/figcaption><\/figure>\n\n<p><strong>\u00catre \u00e0 l&#8217;\u00e9coute, soutenir et rassurer<\/strong><\/p>\n\n<p>Proposer des consultations facilement accessibles et ne pas attendre qu&#8217;il y ait le feu : l&#8217;offre de consultations de Pro Juventute pour les enfants et les jeunes doit avoir un effet pr\u00e9ventif. Depuis 1999, des assistantes et assistants sociaux et des psychologues form\u00e9es soutiennent les enfants et les adolescents au num\u00e9ro 147. D&#8217;autres canaux compl\u00e8tent la consultation confidentielle : par chat, courriel ou SMS, les personnes concern\u00e9es peuvent \u00e9galement s&#8217;entretenir par \u00e9crit avec les sp\u00e9cialistes. Ces canaux sont plus faciles d&#8217;acc\u00e8s que le contact personnel par t\u00e9l\u00e9phone. En outre, Pro Juventute propose \u00e9galement des consultations par les pairs, o\u00f9 les adolescents \u00e9changent avec des jeunes de leur \u00e2ge au sujet de leurs soucis et de leurs probl\u00e8mes. Souvent, les personnes concern\u00e9es n&#8217;osent pas en parler au d\u00e9but, explique Anastassiya Korf. \u00catre \u00e0 l&#8217;\u00e9coute, soutenir et rassurer sont essentiels dans la consultation. En cas d&#8217;incident grave, Pro Juventute prend \u00e9galement d&#8217;autres mesures et \u00e9tablit par exemple le contact avec l&#8217;aide aux victimes.<\/p>\n\n<p><strong>Les troubles anxieux en forte augmentation<\/strong><\/p>\n\n<p>Plus l&#8217;environnement est incertain, plus les jeunes sont fragiles : les troubles anxieux ont fortement augment\u00e9 dans les consultations de Pro Juventute depuis le d\u00e9but de la pand\u00e9mie. Elles se sont encore renforc\u00e9es avec l&#8217;\u00e9clatement de la guerre en Ukraine. \u00ab La guerre n&#8217;est certes pas directement perceptible ici en Suisse, mais les enfants et les adolescents voient les images sur les r\u00e9seaux sociaux et ressentent les incertitudes dans leur environnement \u00bb, d\u00e9crit Mme Korf. Outre les consultations sur le th\u00e8me de l&#8217;anxi\u00e9t\u00e9, qui ont augment\u00e9 d&#8217;environ 30% depuis le d\u00e9but de l&#8217;ann\u00e9e 2022, davantage d&#8217;enfants et d&#8217;adolescents souffrent \u00e9galement d&#8217;\u00e9tats d\u00e9pressifs et de d\u00e9pressions ou ont des id\u00e9es suicidaires. En cas d&#8217;intention suicidaire, la fondation d\u00e9clenche des interventions de crise et fait appel aux services d&#8217;urgence \u2013 le nombre d&#8217;interventions de crise a doubl\u00e9 par rapport \u00e0 2019. \u00ab Si nous sauvons la vie d&#8217;un seul enfant, notre travail en aura valu la peine \u00bb, d\u00e9clare Anastassiya Korf. En moyenne, elle et son \u00e9quipe de 21 collaborateurs sont en contact chaque jour avec sept jeunes qui parlent de suicide.<\/p>\n\n<figure class=\"wp-block-image size-large\"><img loading=\"lazy\" decoding=\"async\" width=\"1024\" height=\"683\" src=\"https:\/\/www.deinadieu.ch\/wp-content\/uploads\/2023\/01\/Unknown-3-1024x683.jpg\" alt=\"\" class=\"wp-image-61179\" srcset=\"https:\/\/www.deinadieu.ch\/wp-content\/uploads\/2023\/01\/Unknown-3-1024x683.jpg 1024w, https:\/\/www.deinadieu.ch\/wp-content\/uploads\/2023\/01\/Unknown-3-300x200.jpg 300w, https:\/\/www.deinadieu.ch\/wp-content\/uploads\/2023\/01\/Unknown-3-1536x1024.jpg 1536w, https:\/\/www.deinadieu.ch\/wp-content\/uploads\/2023\/01\/Unknown-3-2048x1365.jpg 2048w\" sizes=\"auto, (max-width: 1024px) 100vw, 1024px\" \/><figcaption class=\"wp-element-caption\">Le fait de pouvoir parler de ce qu&#8217;ils ont v\u00e9cu aide les enfants et les adolescents \u00e0 classer les exp\u00e9riences et les sentiments et apporte un soulagement.<\/figcaption><\/figure>\n\n<p><strong>Consultations en lien avec l&#8217;Ukraine pour les personnes r\u00e9fugi\u00e9es<\/strong><\/p>\n\n<p>A l&#8217;\u00e9t\u00e9 2022, Pro Juventute a mis en place une offre de soutien psychosocial pour les personnes ayant fui l&#8217;Ukraine. Deux psychologues parlant l&#8217;ukrainien et le russe conseillent les enfants, les jeunes et leurs personnes de r\u00e9f\u00e9rence via Telegram, WhatsApp ou par t\u00e9l\u00e9phone. Souvent, les m\u00e8res d&#8217;enfants r\u00e9fugi\u00e9s s&#8217;adressent \u00e0 Pro Juventute parce qu&#8217;elles ont constat\u00e9 que leurs enfants se replient sur eux-m\u00eames ou souffrent de troubles du sommeil ou de troubles alimentaires. Les enfants et les adolescents ukrainiens s&#8217;adressent en outre eux-m\u00eames \u00e0 la hotline, par exemple lorsqu&#8217;ils ont des difficult\u00e9s \u00e0 l&#8217;\u00e9cole. Ils racontent \u00e9galement leur exp\u00e9rience de la fuite : les chars, les tirs de missiles et les alarmes continues qu&#8217;ils entendent parfois encore. Les enfants et les adolescents s&#8217;inqui\u00e8tent pour leurs p\u00e8res et leurs proches en Ukraine. Lors des coupures de courant, le contact avec la famille et les amis dans leur pays d&#8217;origine est totalement rompu. \u00ab Un jeune nous a racont\u00e9 qu&#8217;il se sentait mal parce qu&#8217;il vit d\u00e9sormais en s\u00e9curit\u00e9 ici en Suisse, alors que son p\u00e8re est au front. Parfois, nous sommes les seuls, chez Pro Juventute, \u00e0 qui les personnes en qu\u00eate de protection peuvent se confier avec leurs peurs et leurs soucis \u00bb, explique Anastassiya Korf. Parler de ce qu&#8217;on a v\u00e9cu et subi aide \u00e0 classer les exp\u00e9riences et les sentiments et apporte du soulagement. Cela est valable pour tous les enfants et les adolescents qui s&#8217;adressent \u00e0 Pro Juventute.<\/p>\n\n<div style=\"height:40px\" aria-hidden=\"true\" class=\"wp-block-spacer\"><\/div>\n\n<div class=\"wp-block-buttons is-layout-flex wp-block-buttons-is-layout-flex\">\n<div class=\"wp-block-button\"><a class=\"wp-block-button__link wp-element-button\" href=\"https:\/\/app.deinadieu.ch\/da\/testament\/7197\">Favoriser Pro Juventute dans son testament<\/a><\/div>\n<\/div>\n","protected":false},"excerpt":{"rendered":"<p>Pand\u00e9mie, guerre, changement climatique et in\u00e9galit\u00e9s sociales : Depuis 2019, environ 40% d&#8217;enfants et de jeunes en plus s&#8217;adressent \u00e0 Pro Juventute parce qu&#8217;ils ont besoin de conseils et d&#8217;aide. Anastassiya Korf dirige depuis deux ans les services de consultation pour la Suisse al\u00e9manique chez Pro Juventute. La fondation aide les enfants et les adolescents [&hellip;]<\/p>\n","protected":false},"author":6038,"featured_media":61173,"comment_status":"open","ping_status":"closed","sticky":false,"template":"","format":"standard","meta":{"_acf_changed":false,"footnotes":""},"categories":[2450],"tags":[3070,2841,3164,2469],"class_list":["post-61339","post","type-post","status-publish","format-standard","has-post-thumbnail","hentry","category-oeuvres-caritatives","tag-enfants","tag-organisation-dutilite-publique","tag-organisations-daide","tag-quel-effet-mon-heritage-peut-il-avoir"],"acf":[],"yoast_head":"<title>Pro Juventute soutient \u00e9galement en temps de crise | DeinAdieu.ch<\/title>\n<meta name=\"description\" content=\"Unser Blog portr\u00e4tiert Professionals, Betroffene und Angeh\u00f6rige rund um die Themen Selbstbestimmung, dritter Lebensabschnitt, Vorsorge und Testamentspende zugunsten eines Hilfswerks.\" \/>\n<meta name=\"robots\" content=\"index, follow, max-snippet:-1, max-image-preview:large, max-video-preview:-1\" \/>\n<link rel=\"canonical\" href=\"https:\/\/www.deinadieu.ch\/fr\/plus-le-monde-est-incertain-plus-les-jeunes-sont-fragiles\/\" \/>\n<meta property=\"og:locale\" content=\"fr_FR\" \/>\n<meta property=\"og:type\" content=\"article\" \/>\n<meta property=\"og:title\" content=\"Plus le monde est incertain, plus les jeunes sont fragiles\" \/>\n<meta property=\"og:description\" content=\"Pand\u00e9mie, guerre, changement climatique et in\u00e9galit\u00e9s sociales : Depuis 2019, environ 40% d&#039;enfants et de jeunes en plus s&#039;adressent \u00e0 Pro Juventute parce\" \/>\n<meta property=\"og:url\" content=\"https:\/\/www.deinadieu.ch\/fr\/plus-le-monde-est-incertain-plus-les-jeunes-sont-fragiles\/\" \/>\n<meta property=\"og:site_name\" content=\"DeinAdieu.ch\" \/>\n<meta property=\"article:publisher\" content=\"https:\/\/www.facebook.com\/deinadieu\" \/>\n<meta property=\"article:published_time\" content=\"2023-01-09T14:06:03+00:00\" \/>\n<meta property=\"article:modified_time\" content=\"2023-06-07T14:45:19+00:00\" \/>\n<meta property=\"og:image\" content=\"https:\/\/static.deinadieu.ch\/uploads\/2023\/01\/Unknown-scaled.jpg\" \/>\n\t<meta property=\"og:image:width\" content=\"2560\" \/>\n\t<meta property=\"og:image:height\" content=\"1707\" \/>\n\t<meta property=\"og:image:type\" content=\"image\/jpeg\" \/>\n<meta name=\"author\" content=\"Sabrina Rohner\" \/>\n<meta name=\"twitter:card\" content=\"summary_large_image\" \/>\n<meta name=\"twitter:creator\" content=\"@DeinAdieu\" \/>\n<meta name=\"twitter:site\" content=\"@DeinAdieu\" \/>\n<meta name=\"twitter:label1\" content=\"Written by\" \/>\n\t<meta name=\"twitter:data1\" content=\"Sabrina Rohner\" \/>\n\t<meta name=\"twitter:label2\" content=\"Est. reading time\" \/>\n\t<meta name=\"twitter:data2\" content=\"7 minutes\" \/>\n<script type=\"application\/ld+json\" class=\"yoast-schema-graph\">{\"@context\":\"https:\\\/\\\/schema.org\",\"@graph\":[{\"@type\":\"Article\",\"@id\":\"https:\\\/\\\/www.deinadieu.ch\\\/fr\\\/plus-le-monde-est-incertain-plus-les-jeunes-sont-fragiles\\\/#article\",\"isPartOf\":{\"@id\":\"https:\\\/\\\/www.deinadieu.ch\\\/fr\\\/plus-le-monde-est-incertain-plus-les-jeunes-sont-fragiles\\\/\"},\"author\":{\"name\":\"Sabrina Rohner\",\"@id\":\"https:\\\/\\\/www.deinadieu.ch\\\/fr\\\/#\\\/schema\\\/person\\\/ad724a53f7e50dd3866fc9b0fc6bbdd9\"},\"headline\":\"Plus le monde est incertain, plus les jeunes sont fragiles\",\"datePublished\":\"2023-01-09T14:06:03+00:00\",\"dateModified\":\"2023-06-07T14:45:19+00:00\",\"mainEntityOfPage\":{\"@id\":\"https:\\\/\\\/www.deinadieu.ch\\\/fr\\\/plus-le-monde-est-incertain-plus-les-jeunes-sont-fragiles\\\/\"},\"wordCount\":1489,\"commentCount\":0,\"publisher\":{\"@id\":\"https:\\\/\\\/www.deinadieu.ch\\\/fr\\\/#organization\"},\"image\":{\"@id\":\"https:\\\/\\\/www.deinadieu.ch\\\/fr\\\/plus-le-monde-est-incertain-plus-les-jeunes-sont-fragiles\\\/#primaryimage\"},\"thumbnailUrl\":\"https:\\\/\\\/www.deinadieu.ch\\\/wp-content\\\/uploads\\\/2023\\\/01\\\/Unknown-scaled.jpg\",\"keywords\":[\"Enfants\",\"Organisation d'utilit\u00e9 publique\",\"organisations d'aide\",\"Quel effet mon h\u00e9ritage peut-il avoir ?\"],\"articleSection\":[\"\u0152uvres caritatives en point de mire\"],\"inLanguage\":\"fr-FR\",\"potentialAction\":[{\"@type\":\"CommentAction\",\"name\":\"Comment\",\"target\":[\"https:\\\/\\\/www.deinadieu.ch\\\/fr\\\/plus-le-monde-est-incertain-plus-les-jeunes-sont-fragiles\\\/#respond\"]}]},{\"@type\":\"WebPage\",\"@id\":\"https:\\\/\\\/www.deinadieu.ch\\\/fr\\\/plus-le-monde-est-incertain-plus-les-jeunes-sont-fragiles\\\/\",\"url\":\"https:\\\/\\\/www.deinadieu.ch\\\/fr\\\/plus-le-monde-est-incertain-plus-les-jeunes-sont-fragiles\\\/\",\"name\":\"Pro Juventute soutient \u00e9galement en temps de crise | DeinAdieu.ch\",\"isPartOf\":{\"@id\":\"https:\\\/\\\/www.deinadieu.ch\\\/fr\\\/#website\"},\"primaryImageOfPage\":{\"@id\":\"https:\\\/\\\/www.deinadieu.ch\\\/fr\\\/plus-le-monde-est-incertain-plus-les-jeunes-sont-fragiles\\\/#primaryimage\"},\"image\":{\"@id\":\"https:\\\/\\\/www.deinadieu.ch\\\/fr\\\/plus-le-monde-est-incertain-plus-les-jeunes-sont-fragiles\\\/#primaryimage\"},\"thumbnailUrl\":\"https:\\\/\\\/www.deinadieu.ch\\\/wp-content\\\/uploads\\\/2023\\\/01\\\/Unknown-scaled.jpg\",\"datePublished\":\"2023-01-09T14:06:03+00:00\",\"dateModified\":\"2023-06-07T14:45:19+00:00\",\"description\":\"Unser Blog portr\u00e4tiert Professionals, Betroffene und Angeh\u00f6rige rund um die Themen Selbstbestimmung, dritter Lebensabschnitt, Vorsorge und Testamentspende zugunsten eines Hilfswerks.\",\"breadcrumb\":{\"@id\":\"https:\\\/\\\/www.deinadieu.ch\\\/fr\\\/plus-le-monde-est-incertain-plus-les-jeunes-sont-fragiles\\\/#breadcrumb\"},\"inLanguage\":\"fr-FR\",\"potentialAction\":[{\"@type\":\"ReadAction\",\"target\":[\"https:\\\/\\\/www.deinadieu.ch\\\/fr\\\/plus-le-monde-est-incertain-plus-les-jeunes-sont-fragiles\\\/\"]}]},{\"@type\":\"ImageObject\",\"inLanguage\":\"fr-FR\",\"@id\":\"https:\\\/\\\/www.deinadieu.ch\\\/fr\\\/plus-le-monde-est-incertain-plus-les-jeunes-sont-fragiles\\\/#primaryimage\",\"url\":\"https:\\\/\\\/www.deinadieu.ch\\\/wp-content\\\/uploads\\\/2023\\\/01\\\/Unknown-scaled.jpg\",\"contentUrl\":\"https:\\\/\\\/www.deinadieu.ch\\\/wp-content\\\/uploads\\\/2023\\\/01\\\/Unknown-scaled.jpg\",\"width\":2560,\"height\":1707,\"caption\":\"Anastassiya Korf leitet seit zwei Jahren die Beratungsdienstleistungen Deutschschweiz bei Pro Juventute.\"},{\"@type\":\"BreadcrumbList\",\"@id\":\"https:\\\/\\\/www.deinadieu.ch\\\/fr\\\/plus-le-monde-est-incertain-plus-les-jeunes-sont-fragiles\\\/#breadcrumb\",\"itemListElement\":[{\"@type\":\"ListItem\",\"position\":1,\"name\":\"Home\",\"item\":\"https:\\\/\\\/www.deinadieu.ch\\\/fr\\\/deinadieu-dialog-und-serviceportal-zum-lebensende\\\/\"},{\"@type\":\"ListItem\",\"position\":2,\"name\":\"Plus le monde est incertain, plus les jeunes sont fragiles\"}]},{\"@type\":\"WebSite\",\"@id\":\"https:\\\/\\\/www.deinadieu.ch\\\/fr\\\/#website\",\"url\":\"https:\\\/\\\/www.deinadieu.ch\\\/fr\\\/\",\"name\":\"DeinAdieu.ch\",\"description\":\"Testament, Patientenverf\u00fcgung und Vorsorgeauftrag\",\"publisher\":{\"@id\":\"https:\\\/\\\/www.deinadieu.ch\\\/fr\\\/#organization\"},\"potentialAction\":[{\"@type\":\"SearchAction\",\"target\":{\"@type\":\"EntryPoint\",\"urlTemplate\":\"https:\\\/\\\/www.deinadieu.ch\\\/fr\\\/?s={search_term_string}\"},\"query-input\":{\"@type\":\"PropertyValueSpecification\",\"valueRequired\":true,\"valueName\":\"search_term_string\"}}],\"inLanguage\":\"fr-FR\"},{\"@type\":\"Organization\",\"@id\":\"https:\\\/\\\/www.deinadieu.ch\\\/fr\\\/#organization\",\"name\":\"EMNA Web GmbH\",\"url\":\"https:\\\/\\\/www.deinadieu.ch\\\/fr\\\/\",\"logo\":{\"@type\":\"ImageObject\",\"inLanguage\":\"fr-FR\",\"@id\":\"https:\\\/\\\/www.deinadieu.ch\\\/fr\\\/#\\\/schema\\\/logo\\\/image\\\/\",\"url\":\"https:\\\/\\\/www.deinadieu.ch\\\/wp-content\\\/uploads\\\/2016\\\/01\\\/DeinAdieu_Logo.png\",\"contentUrl\":\"https:\\\/\\\/www.deinadieu.ch\\\/wp-content\\\/uploads\\\/2016\\\/01\\\/DeinAdieu_Logo.png\",\"width\":300,\"height\":117,\"caption\":\"EMNA Web GmbH\"},\"image\":{\"@id\":\"https:\\\/\\\/www.deinadieu.ch\\\/fr\\\/#\\\/schema\\\/logo\\\/image\\\/\"},\"sameAs\":[\"https:\\\/\\\/www.facebook.com\\\/deinadieu\",\"https:\\\/\\\/x.com\\\/DeinAdieu\",\"https:\\\/\\\/www.instagram.com\\\/deinadieu\\\/\",\"https:\\\/\\\/www.linkedin.com\\\/company\\\/deinadieu.ch\"]},{\"@type\":\"Person\",\"@id\":\"https:\\\/\\\/www.deinadieu.ch\\\/fr\\\/#\\\/schema\\\/person\\\/ad724a53f7e50dd3866fc9b0fc6bbdd9\",\"name\":\"Sabrina Rohner\",\"image\":{\"@type\":\"ImageObject\",\"inLanguage\":\"fr-FR\",\"@id\":\"https:\\\/\\\/secure.gravatar.com\\\/avatar\\\/c72cef3c7bba2e19d98358a63ff805dbe088a70fb947d10024d669ded777102d?s=96&d=mm&r=g\",\"url\":\"https:\\\/\\\/secure.gravatar.com\\\/avatar\\\/c72cef3c7bba2e19d98358a63ff805dbe088a70fb947d10024d669ded777102d?s=96&d=mm&r=g\",\"contentUrl\":\"https:\\\/\\\/secure.gravatar.com\\\/avatar\\\/c72cef3c7bba2e19d98358a63ff805dbe088a70fb947d10024d669ded777102d?s=96&d=mm&r=g\",\"caption\":\"Sabrina Rohner\"},\"url\":\"https:\\\/\\\/www.deinadieu.ch\\\/fr\\\/author\\\/sabrina-rohnergmail-com\\\/\"}]}<\/script>","yoast_head_json":{"title":"Pro Juventute soutient \u00e9galement en temps de crise | DeinAdieu.ch","description":"Unser Blog portr\u00e4tiert Professionals, Betroffene und Angeh\u00f6rige rund um die Themen Selbstbestimmung, dritter Lebensabschnitt, Vorsorge und Testamentspende zugunsten eines Hilfswerks.","robots":{"index":"index","follow":"follow","max-snippet":"max-snippet:-1","max-image-preview":"max-image-preview:large","max-video-preview":"max-video-preview:-1"},"canonical":"https:\/\/www.deinadieu.ch\/fr\/plus-le-monde-est-incertain-plus-les-jeunes-sont-fragiles\/","og_locale":"fr_FR","og_type":"article","og_title":"Plus le monde est incertain, plus les jeunes sont fragiles","og_description":"Pand\u00e9mie, guerre, changement climatique et in\u00e9galit\u00e9s sociales : Depuis 2019, environ 40% d'enfants et de jeunes en plus s'adressent \u00e0 Pro Juventute parce","og_url":"https:\/\/www.deinadieu.ch\/fr\/plus-le-monde-est-incertain-plus-les-jeunes-sont-fragiles\/","og_site_name":"DeinAdieu.ch","article_publisher":"https:\/\/www.facebook.com\/deinadieu","article_published_time":"2023-01-09T14:06:03+00:00","article_modified_time":"2023-06-07T14:45:19+00:00","og_image":[{"width":2560,"height":1707,"url":"https:\/\/static.deinadieu.ch\/uploads\/2023\/01\/Unknown-scaled.jpg","type":"image\/jpeg"}],"author":"Sabrina Rohner","twitter_card":"summary_large_image","twitter_creator":"@DeinAdieu","twitter_site":"@DeinAdieu","twitter_misc":{"Written by":"Sabrina Rohner","Est. reading time":"7 minutes"},"schema":{"@context":"https:\/\/schema.org","@graph":[{"@type":"Article","@id":"https:\/\/www.deinadieu.ch\/fr\/plus-le-monde-est-incertain-plus-les-jeunes-sont-fragiles\/#article","isPartOf":{"@id":"https:\/\/www.deinadieu.ch\/fr\/plus-le-monde-est-incertain-plus-les-jeunes-sont-fragiles\/"},"author":{"name":"Sabrina Rohner","@id":"https:\/\/www.deinadieu.ch\/fr\/#\/schema\/person\/ad724a53f7e50dd3866fc9b0fc6bbdd9"},"headline":"Plus le monde est incertain, plus les jeunes sont fragiles","datePublished":"2023-01-09T14:06:03+00:00","dateModified":"2023-06-07T14:45:19+00:00","mainEntityOfPage":{"@id":"https:\/\/www.deinadieu.ch\/fr\/plus-le-monde-est-incertain-plus-les-jeunes-sont-fragiles\/"},"wordCount":1489,"commentCount":0,"publisher":{"@id":"https:\/\/www.deinadieu.ch\/fr\/#organization"},"image":{"@id":"https:\/\/www.deinadieu.ch\/fr\/plus-le-monde-est-incertain-plus-les-jeunes-sont-fragiles\/#primaryimage"},"thumbnailUrl":"https:\/\/www.deinadieu.ch\/wp-content\/uploads\/2023\/01\/Unknown-scaled.jpg","keywords":["Enfants","Organisation d'utilit\u00e9 publique","organisations d'aide","Quel effet mon h\u00e9ritage peut-il avoir ?"],"articleSection":["\u0152uvres caritatives en point de mire"],"inLanguage":"fr-FR","potentialAction":[{"@type":"CommentAction","name":"Comment","target":["https:\/\/www.deinadieu.ch\/fr\/plus-le-monde-est-incertain-plus-les-jeunes-sont-fragiles\/#respond"]}]},{"@type":"WebPage","@id":"https:\/\/www.deinadieu.ch\/fr\/plus-le-monde-est-incertain-plus-les-jeunes-sont-fragiles\/","url":"https:\/\/www.deinadieu.ch\/fr\/plus-le-monde-est-incertain-plus-les-jeunes-sont-fragiles\/","name":"Pro Juventute soutient \u00e9galement en temps de crise | DeinAdieu.ch","isPartOf":{"@id":"https:\/\/www.deinadieu.ch\/fr\/#website"},"primaryImageOfPage":{"@id":"https:\/\/www.deinadieu.ch\/fr\/plus-le-monde-est-incertain-plus-les-jeunes-sont-fragiles\/#primaryimage"},"image":{"@id":"https:\/\/www.deinadieu.ch\/fr\/plus-le-monde-est-incertain-plus-les-jeunes-sont-fragiles\/#primaryimage"},"thumbnailUrl":"https:\/\/www.deinadieu.ch\/wp-content\/uploads\/2023\/01\/Unknown-scaled.jpg","datePublished":"2023-01-09T14:06:03+00:00","dateModified":"2023-06-07T14:45:19+00:00","description":"Unser Blog portr\u00e4tiert Professionals, Betroffene und Angeh\u00f6rige rund um die Themen Selbstbestimmung, dritter Lebensabschnitt, Vorsorge und Testamentspende zugunsten eines Hilfswerks.","breadcrumb":{"@id":"https:\/\/www.deinadieu.ch\/fr\/plus-le-monde-est-incertain-plus-les-jeunes-sont-fragiles\/#breadcrumb"},"inLanguage":"fr-FR","potentialAction":[{"@type":"ReadAction","target":["https:\/\/www.deinadieu.ch\/fr\/plus-le-monde-est-incertain-plus-les-jeunes-sont-fragiles\/"]}]},{"@type":"ImageObject","inLanguage":"fr-FR","@id":"https:\/\/www.deinadieu.ch\/fr\/plus-le-monde-est-incertain-plus-les-jeunes-sont-fragiles\/#primaryimage","url":"https:\/\/www.deinadieu.ch\/wp-content\/uploads\/2023\/01\/Unknown-scaled.jpg","contentUrl":"https:\/\/www.deinadieu.ch\/wp-content\/uploads\/2023\/01\/Unknown-scaled.jpg","width":2560,"height":1707,"caption":"Anastassiya Korf leitet seit zwei Jahren die Beratungsdienstleistungen Deutschschweiz bei Pro Juventute."},{"@type":"BreadcrumbList","@id":"https:\/\/www.deinadieu.ch\/fr\/plus-le-monde-est-incertain-plus-les-jeunes-sont-fragiles\/#breadcrumb","itemListElement":[{"@type":"ListItem","position":1,"name":"Home","item":"https:\/\/www.deinadieu.ch\/fr\/deinadieu-dialog-und-serviceportal-zum-lebensende\/"},{"@type":"ListItem","position":2,"name":"Plus le monde est incertain, plus les jeunes sont fragiles"}]},{"@type":"WebSite","@id":"https:\/\/www.deinadieu.ch\/fr\/#website","url":"https:\/\/www.deinadieu.ch\/fr\/","name":"DeinAdieu.ch","description":"Testament, Patientenverf\u00fcgung und Vorsorgeauftrag","publisher":{"@id":"https:\/\/www.deinadieu.ch\/fr\/#organization"},"potentialAction":[{"@type":"SearchAction","target":{"@type":"EntryPoint","urlTemplate":"https:\/\/www.deinadieu.ch\/fr\/?s={search_term_string}"},"query-input":{"@type":"PropertyValueSpecification","valueRequired":true,"valueName":"search_term_string"}}],"inLanguage":"fr-FR"},{"@type":"Organization","@id":"https:\/\/www.deinadieu.ch\/fr\/#organization","name":"EMNA Web GmbH","url":"https:\/\/www.deinadieu.ch\/fr\/","logo":{"@type":"ImageObject","inLanguage":"fr-FR","@id":"https:\/\/www.deinadieu.ch\/fr\/#\/schema\/logo\/image\/","url":"https:\/\/www.deinadieu.ch\/wp-content\/uploads\/2016\/01\/DeinAdieu_Logo.png","contentUrl":"https:\/\/www.deinadieu.ch\/wp-content\/uploads\/2016\/01\/DeinAdieu_Logo.png","width":300,"height":117,"caption":"EMNA Web GmbH"},"image":{"@id":"https:\/\/www.deinadieu.ch\/fr\/#\/schema\/logo\/image\/"},"sameAs":["https:\/\/www.facebook.com\/deinadieu","https:\/\/x.com\/DeinAdieu","https:\/\/www.instagram.com\/deinadieu\/","https:\/\/www.linkedin.com\/company\/deinadieu.ch"]},{"@type":"Person","@id":"https:\/\/www.deinadieu.ch\/fr\/#\/schema\/person\/ad724a53f7e50dd3866fc9b0fc6bbdd9","name":"Sabrina Rohner","image":{"@type":"ImageObject","inLanguage":"fr-FR","@id":"https:\/\/secure.gravatar.com\/avatar\/c72cef3c7bba2e19d98358a63ff805dbe088a70fb947d10024d669ded777102d?s=96&d=mm&r=g","url":"https:\/\/secure.gravatar.com\/avatar\/c72cef3c7bba2e19d98358a63ff805dbe088a70fb947d10024d669ded777102d?s=96&d=mm&r=g","contentUrl":"https:\/\/secure.gravatar.com\/avatar\/c72cef3c7bba2e19d98358a63ff805dbe088a70fb947d10024d669ded777102d?s=96&d=mm&r=g","caption":"Sabrina Rohner"},"url":"https:\/\/www.deinadieu.ch\/fr\/author\/sabrina-rohnergmail-com\/"}]}},"_links":{"self":[{"href":"https:\/\/www.deinadieu.ch\/fr\/wp-json\/wp\/v2\/posts\/61339","targetHints":{"allow":["GET"]}}],"collection":[{"href":"https:\/\/www.deinadieu.ch\/fr\/wp-json\/wp\/v2\/posts"}],"about":[{"href":"https:\/\/www.deinadieu.ch\/fr\/wp-json\/wp\/v2\/types\/post"}],"author":[{"embeddable":true,"href":"https:\/\/www.deinadieu.ch\/fr\/wp-json\/wp\/v2\/users\/6038"}],"replies":[{"embeddable":true,"href":"https:\/\/www.deinadieu.ch\/fr\/wp-json\/wp\/v2\/comments?post=61339"}],"version-history":[{"count":4,"href":"https:\/\/www.deinadieu.ch\/fr\/wp-json\/wp\/v2\/posts\/61339\/revisions"}],"predecessor-version":[{"id":63994,"href":"https:\/\/www.deinadieu.ch\/fr\/wp-json\/wp\/v2\/posts\/61339\/revisions\/63994"}],"wp:featuredmedia":[{"embeddable":true,"href":"https:\/\/www.deinadieu.ch\/fr\/wp-json\/wp\/v2\/media\/61173"}],"wp:attachment":[{"href":"https:\/\/www.deinadieu.ch\/fr\/wp-json\/wp\/v2\/media?parent=61339"}],"wp:term":[{"taxonomy":"category","embeddable":true,"href":"https:\/\/www.deinadieu.ch\/fr\/wp-json\/wp\/v2\/categories?post=61339"},{"taxonomy":"post_tag","embeddable":true,"href":"https:\/\/www.deinadieu.ch\/fr\/wp-json\/wp\/v2\/tags?post=61339"}],"curies":[{"name":"wp","href":"https:\/\/api.w.org\/{rel}","templated":true}]}}