{"id":61189,"date":"2022-12-24T08:04:18","date_gmt":"2022-12-24T07:04:18","guid":{"rendered":"https:\/\/www.deinadieu.ch\/notre-chemin-de-fer-est-le-temoin-du-premier-developpement-tumultueux-de-la-ville\/"},"modified":"2024-03-25T15:27:00","modified_gmt":"2024-03-25T14:27:00","slug":"notre-chemin-de-fer-est-le-temoin-du-premier-developpement-tumultueux-de-la-ville","status":"publish","type":"post","link":"https:\/\/www.deinadieu.ch\/fr\/notre-chemin-de-fer-est-le-temoin-du-premier-developpement-tumultueux-de-la-ville\/","title":{"rendered":"\u00ab Notre chemin de fer est le t\u00e9moin du premier d\u00e9veloppement tumultueux de la ville \u00bb"},"content":{"rendered":"\n<p>Walter Huber nourrit une grande fascination pour les voyages en train. Il est membre de l&#8217;association Z\u00fcrcher Museumsbahn (ZMB), a suivi une formation de m\u00e9canicien de man\u0153uvre et cuisine pour les clients du train historique pendant que celui-ci circule au milieu de Zurich.<\/p>\n\n<!--more-->\n\n<p>Le Z\u00fcrcher Museums-Bahn est un chemin de fer historique au c\u0153ur de Zurich. Il circule sur les voies des chemins de fer de la vall\u00e9e de la Sihl au milieu du trafic RER entre la gare centrale de Zurich, respectivement Wiedikon, et Sihlbrugg. Walter Huber a rejoint l&#8217;<a href=\"https:\/\/www.deinadieu.ch\/fr\/oeuvres-de-bienfaisance\/\">association Z\u00fcrcher Museumsbahn ZMB<\/a> en 1997, \u00e0 peine un an apr\u00e8s sa cr\u00e9ation. L&#8217;association a pour but la collection, la r\u00e9novation et la conservation de v\u00e9hicules ferroviaires historiques. Le train circule toujours le dernier dimanche du mois pour le public, et ce de P\u00e2ques (avril) \u00e0 fin octobre ainsi que le jour de la Saint-Nicolas.<\/p>\n\n<p><\/p>\n\n<p><strong>Walter Huber, pourquoi l&#8217;association ZMB est-elle n\u00e9cessaire ?<\/strong><\/p>\n\n<p>Nous conservons et exploitons les anciens v\u00e9hicules des chemins de fer de la vall\u00e9e de la Sihl. Nos v\u00e9hicules roulaient tous autrefois dans la vall\u00e9e de la Sihl et sont des t\u00e9moins de l&#8217;industrialisation et du premier d\u00e9veloppement tumultueux de la ville de Zurich. Nous maintenons ainsi en vie un ancien patrimoine industriel et pouvons surtout faire vivre aux plus jeunes l&#8217;histoire des chemins de fer dans le canton de Zurich et offrir aux familles une exp\u00e9rience formidable.<\/p>\n\n<p><\/p>\n\n<p><strong>Comment avez-vous rejoint l&#8217;association ?<\/strong><\/p>\n\n<p>Ce qui m&#8217;a motiv\u00e9, c&#8217;est une annonce dans un journal de trains miniatures dans laquelle il \u00e9tait \u00e9crit : \u00ab Chez nous, vous pouvez devenir conducteur de locomotive \u00bb. Il a fallu du temps pour y arriver. Aujourd&#8217;hui encore, je suis vraiment fascin\u00e9 par le chemin de fer.<\/p>\n\n<p><\/p>\n\n<p><strong>D&#8217;o\u00f9 vient cette fascination ?<\/strong><\/p>\n\n<p>Au fil des ann\u00e9es, le chemin de fer en tant que syst\u00e8me est devenu un \u00e9norme d\u00e9fi. Les exigences syst\u00e9miques ont massivement augment\u00e9. Je suis vraiment fascin\u00e9 d&#8217;avoir pu suivre le rythme des changements technologiques jusqu&#8217;\u00e0 aujourd&#8217;hui. J&#8217;aimerais contribuer \u00e0 ce qu&#8217;\u00e0 l&#8217;avenir, il y ait encore des b\u00e9n\u00e9voles qui fassent vivre ce lien entre hier et aujourd&#8217;hui.<\/p>\n\n<p><strong>Quelles t\u00e2ches accomplissez-vous au sein de l&#8217;association ?<\/strong><\/p>\n\n<p>J&#8217;assume plusieurs t\u00e2ches outre les activit\u00e9s directement li\u00e9es au transport ferroviaire. Ici, j&#8217;ai pu apprendre et faire bouger tant de choses. Depuis mon entr\u00e9e dans l&#8217;association, je suis tr\u00e9sorier. Je continue \u00e0 travailler comme cuisinier dans le wagon-cuisine. Nous cuisinons des plats frais pour nos clients \u00e0 bord du train. J&#8217;ai ensuite suivi une formation de m\u00e9canicien de man\u0153uvre et ai obtenu un brevet f\u00e9d\u00e9ral. J&#8217;ai re\u00e7u ma premi\u00e8re formation en tant qu&#8217;administrateur d&#8217;h\u00f4tel. Aujourd&#8217;hui, je travaille en qualit\u00e9 d&#8217;agent fiduciaire. Je suis particuli\u00e8rement fier que ma fille a\u00een\u00e9e soit d\u00e9sormais ma cheffe.<\/p>\n\n<figure class=\"wp-block-gallery has-nested-images columns-default is-cropped wp-block-gallery-1 is-layout-flex wp-block-gallery-is-layout-flex\">\n<figure class=\"wp-block-image size-large\"><img loading=\"lazy\" decoding=\"async\" width=\"1024\" height=\"683\" data-id=\"61086\" src=\"https:\/\/www.deinadieu.ch\/wp-content\/uploads\/2022\/12\/museumsbahn_0079-1024x683.jpg\" alt=\"\" class=\"wp-image-61086\" srcset=\"https:\/\/www.deinadieu.ch\/wp-content\/uploads\/2022\/12\/museumsbahn_0079-1024x683.jpg 1024w, https:\/\/www.deinadieu.ch\/wp-content\/uploads\/2022\/12\/museumsbahn_0079-300x200.jpg 300w, https:\/\/www.deinadieu.ch\/wp-content\/uploads\/2022\/12\/museumsbahn_0079-1536x1024.jpg 1536w, https:\/\/www.deinadieu.ch\/wp-content\/uploads\/2022\/12\/museumsbahn_0079-2048x1365.jpg 2048w\" sizes=\"auto, (max-width: 1024px) 100vw, 1024px\" \/><\/figure>\n<\/figure>\n\n<p><strong>Actuellement, la locomotive \u00e0 vapeur centenaire est \u00e0 l&#8217;arr\u00eat. Que se passe-t-il avec le train en hiver ?<\/strong><\/p>\n\n<p>La p\u00e9riode allant de la Saint-Nicolas \u00e0 P\u00e2ques est n\u00e9cessaire pour souffler et effectuer les importants travaux d&#8217;entretien sur les locomotives \u00e0 vapeur, les automotrices \u00e9lectriques, les tracteurs de man\u0153uvre et les wagons. Nous ne sommes jamais \u00e0 court de travail et tous les coups de main, m\u00eame les nouveaux, sont les bienvenus.<\/p>\n\n<p><\/p>\n\n<p><strong>Quel est votre parcours pr\u00e9f\u00e9r\u00e9 ou serait votre parcours pr\u00e9f\u00e9r\u00e9 si vous pouviez choisir librement ?<\/strong><\/p>\n\n<p>Avec nos trains, nous circulons principalement dans la vall\u00e9e de la Sihl. C&#8217;est l\u00e0 qu&#8217;est notre place, cela correspond au but de l&#8217;association. Nous parcourons \u00e9galement assez souvent la ligne du lac, de Wiedikon \u00e0 Sihlbrugg en passant par Thalwil et Horgen-Oberdorf. Gr\u00e2ce aux automotrices \u00e9lectriques, le rayon d&#8217;action est plus grand. Avec l&#8217;automotrice rouge de 1968, nous avons d\u00e9j\u00e0 fait deux grands voyages en Autriche, jusqu&#8217;\u00e0 Graz.<\/p>\n\n<p><\/p>\n\n<p><strong>Comment utilisez-vous les dons en faveur de la ZMB ?<\/strong><\/p>\n\n<p>La conservation des v\u00e9hicules ferroviaires historiques est extr\u00eamement co\u00fbteuse et il y a toujours quelque chose qui se casse, comme c&#8217;est le cas avec des objets pr\u00e9cieux de plus de 100 ans. Pour les r\u00e9parer, il faut des sp\u00e9cialistes. Malheureusement, les personnes disposant des connaissances et des comp\u00e9tences n\u00e9cessaires se font de plus en plus rares et nous, les \u00ab vieux \u00bb, sommes de moins en moins nombreux. Conduire un train est vraiment compliqu\u00e9. Imaginez un peu : les trains de la ZMB circulent au milieu du trafic RER de la Sihltal Zurich Uetliberg Bahn (SZU) ! A titre d&#8217;exemple, les r\u00e9glementations sont de plus en plus denses, tout comme dans le domaine de l&#8217;aviation. Il faut une qualification ou un examen sp\u00e9cial pour tout. Pour r\u00e9pondre aux exigences de l&#8217;Office f\u00e9d\u00e9ral des transports, nous avons d\u00e9pens\u00e9 environ 450&#8217;000 francs pour l&#8217;entretien de notre mat\u00e9riel roulant au cours des trois derni\u00e8res ann\u00e9es. Nous avons collect\u00e9 cet argent ou l&#8217;avons en partie emprunt\u00e9. Jusqu&#8217;\u00e0 pr\u00e9sent, nous avons toujours r\u00e9ussi \u00e0 trouver des passionn\u00e9s, des donateurs et des sponsors qui nous soutiennent. La <a href=\"https:\/\/www.deinadieu.ch\/fr\/oeuvres-de-bienfaisance\/\">recherche de fonds<\/a> ne s&#8217;arr\u00eate jamais.<\/p>\n\n<p><\/p>\n\n<p>Les deux automotrices \u00e9lectriques datant de 1924 et 1968 sont actuellement en r\u00e9vision et nous avons besoin d&#8217;environ 250&#8217;000 francs pour cela.<\/p>\n\n<div style=\"height:40px\" aria-hidden=\"true\" class=\"wp-block-spacer\"><\/div>\n\n<div class=\"wp-block-buttons is-layout-flex wp-block-buttons-is-layout-flex\">\n<div class=\"wp-block-button\"><a class=\"wp-block-button__link wp-element-button\" href=\"https:\/\/app.deinadieu.ch\/da\/testament\/7554\">Inclure le Z\u00fcrcher Museums-Bahn dans son testament<\/a><\/div>\n<\/div>\n","protected":false},"excerpt":{"rendered":"<p>Walter Huber nourrit une grande fascination pour les voyages en train. Il est membre de l&#8217;association Z\u00fcrcher Museumsbahn (ZMB), a suivi une formation de m\u00e9canicien de man\u0153uvre et cuisine pour les clients du train historique pendant que celui-ci circule au milieu de Zurich.<\/p>\n","protected":false},"author":6028,"featured_media":61079,"comment_status":"open","ping_status":"closed","sticky":false,"template":"","format":"standard","meta":{"_acf_changed":false,"footnotes":""},"categories":[2450],"tags":[2841,3164,2469],"class_list":["post-61189","post","type-post","status-publish","format-standard","has-post-thumbnail","hentry","category-oeuvres-caritatives","tag-organisation-dutilite-publique","tag-organisations-daide","tag-quel-effet-mon-heritage-peut-il-avoir"],"acf":[],"yoast_head":"<title>\u00ab Notre chemin de fer est le t\u00e9moin du premier d\u00e9veloppement tumultueux de la ville \u00bb | DeinAdieu.ch<\/title>\n<meta name=\"description\" content=\"L&#039;association Z\u00fcrcher Museumsbahn (ZMB) souhaite maintenir en vie le chemin de fer historique de la vall\u00e9e de la Sihl. Le m\u00e9canicien de man\u0153uvre Walter Huber raconte.\" \/>\n<meta name=\"robots\" content=\"index, follow, max-snippet:-1, max-image-preview:large, max-video-preview:-1\" \/>\n<link rel=\"canonical\" href=\"https:\/\/www.deinadieu.ch\/fr\/notre-chemin-de-fer-est-le-temoin-du-premier-developpement-tumultueux-de-la-ville\/\" \/>\n<meta property=\"og:locale\" content=\"fr_FR\" \/>\n<meta property=\"og:type\" content=\"article\" \/>\n<meta property=\"og:title\" content=\"\u00ab Notre chemin de fer est le t\u00e9moin du premier d\u00e9veloppement tumultueux de la ville \u00bb\" \/>\n<meta property=\"og:description\" content=\"Walter Huber nourrit une grande fascination pour les voyages en train. Il est membre de l&#039;association Z\u00fcrcher Museumsbahn (ZMB), a suivi une formation de\" \/>\n<meta property=\"og:url\" content=\"https:\/\/www.deinadieu.ch\/fr\/notre-chemin-de-fer-est-le-temoin-du-premier-developpement-tumultueux-de-la-ville\/\" \/>\n<meta property=\"og:site_name\" content=\"DeinAdieu.ch\" \/>\n<meta property=\"article:publisher\" content=\"https:\/\/www.facebook.com\/deinadieu\" \/>\n<meta property=\"article:published_time\" content=\"2022-12-24T07:04:18+00:00\" \/>\n<meta property=\"article:modified_time\" content=\"2024-03-25T14:27:00+00:00\" \/>\n<meta property=\"og:image\" content=\"https:\/\/static.deinadieu.ch\/uploads\/2022\/12\/museumsbahn_0056-scaled.jpg\" \/>\n\t<meta property=\"og:image:width\" content=\"2560\" \/>\n\t<meta property=\"og:image:height\" content=\"1707\" \/>\n\t<meta property=\"og:image:type\" content=\"image\/jpeg\" \/>\n<meta name=\"author\" content=\"Janina Gehrig, MA UZH, Redaktorin\" \/>\n<meta name=\"twitter:card\" content=\"summary_large_image\" \/>\n<meta name=\"twitter:creator\" content=\"@DeinAdieu\" \/>\n<meta name=\"twitter:site\" content=\"@DeinAdieu\" \/>\n<meta name=\"twitter:label1\" content=\"Written by\" \/>\n\t<meta name=\"twitter:data1\" content=\"Janina Gehrig, MA UZH, Redaktorin\" \/>\n\t<meta name=\"twitter:label2\" content=\"Est. reading time\" \/>\n\t<meta name=\"twitter:data2\" content=\"4 minutes\" \/>\n<script type=\"application\/ld+json\" class=\"yoast-schema-graph\">{\"@context\":\"https:\\\/\\\/schema.org\",\"@graph\":[{\"@type\":\"Article\",\"@id\":\"https:\\\/\\\/www.deinadieu.ch\\\/fr\\\/notre-chemin-de-fer-est-le-temoin-du-premier-developpement-tumultueux-de-la-ville\\\/#article\",\"isPartOf\":{\"@id\":\"https:\\\/\\\/www.deinadieu.ch\\\/fr\\\/notre-chemin-de-fer-est-le-temoin-du-premier-developpement-tumultueux-de-la-ville\\\/\"},\"author\":{\"name\":\"Janina Gehrig, MA UZH, Redaktorin\",\"@id\":\"https:\\\/\\\/www.deinadieu.ch\\\/fr\\\/#\\\/schema\\\/person\\\/78cffe1cb679e17f919e3d0c0e7b9673\"},\"headline\":\"\u00ab Notre chemin de fer est le t\u00e9moin du premier d\u00e9veloppement tumultueux de la ville \u00bb\",\"datePublished\":\"2022-12-24T07:04:18+00:00\",\"dateModified\":\"2024-03-25T14:27:00+00:00\",\"mainEntityOfPage\":{\"@id\":\"https:\\\/\\\/www.deinadieu.ch\\\/fr\\\/notre-chemin-de-fer-est-le-temoin-du-premier-developpement-tumultueux-de-la-ville\\\/\"},\"wordCount\":932,\"commentCount\":0,\"publisher\":{\"@id\":\"https:\\\/\\\/www.deinadieu.ch\\\/fr\\\/#organization\"},\"image\":{\"@id\":\"https:\\\/\\\/www.deinadieu.ch\\\/fr\\\/notre-chemin-de-fer-est-le-temoin-du-premier-developpement-tumultueux-de-la-ville\\\/#primaryimage\"},\"thumbnailUrl\":\"https:\\\/\\\/www.deinadieu.ch\\\/wp-content\\\/uploads\\\/2022\\\/12\\\/museumsbahn_0056-scaled.jpg\",\"keywords\":[\"Organisation d'utilit\u00e9 publique\",\"organisations d'aide\",\"Quel effet mon h\u00e9ritage peut-il avoir ?\"],\"articleSection\":[\"\u0152uvres caritatives en point de mire\"],\"inLanguage\":\"fr-FR\",\"potentialAction\":[{\"@type\":\"CommentAction\",\"name\":\"Comment\",\"target\":[\"https:\\\/\\\/www.deinadieu.ch\\\/fr\\\/notre-chemin-de-fer-est-le-temoin-du-premier-developpement-tumultueux-de-la-ville\\\/#respond\"]}]},{\"@type\":\"WebPage\",\"@id\":\"https:\\\/\\\/www.deinadieu.ch\\\/fr\\\/notre-chemin-de-fer-est-le-temoin-du-premier-developpement-tumultueux-de-la-ville\\\/\",\"url\":\"https:\\\/\\\/www.deinadieu.ch\\\/fr\\\/notre-chemin-de-fer-est-le-temoin-du-premier-developpement-tumultueux-de-la-ville\\\/\",\"name\":\"\u00ab Notre chemin de fer est le t\u00e9moin du premier d\u00e9veloppement tumultueux de la ville \u00bb | DeinAdieu.ch\",\"isPartOf\":{\"@id\":\"https:\\\/\\\/www.deinadieu.ch\\\/fr\\\/#website\"},\"primaryImageOfPage\":{\"@id\":\"https:\\\/\\\/www.deinadieu.ch\\\/fr\\\/notre-chemin-de-fer-est-le-temoin-du-premier-developpement-tumultueux-de-la-ville\\\/#primaryimage\"},\"image\":{\"@id\":\"https:\\\/\\\/www.deinadieu.ch\\\/fr\\\/notre-chemin-de-fer-est-le-temoin-du-premier-developpement-tumultueux-de-la-ville\\\/#primaryimage\"},\"thumbnailUrl\":\"https:\\\/\\\/www.deinadieu.ch\\\/wp-content\\\/uploads\\\/2022\\\/12\\\/museumsbahn_0056-scaled.jpg\",\"datePublished\":\"2022-12-24T07:04:18+00:00\",\"dateModified\":\"2024-03-25T14:27:00+00:00\",\"description\":\"L'association Z\u00fcrcher Museumsbahn (ZMB) souhaite maintenir en vie le chemin de fer historique de la vall\u00e9e de la Sihl. Le m\u00e9canicien de man\u0153uvre Walter Huber raconte.\",\"breadcrumb\":{\"@id\":\"https:\\\/\\\/www.deinadieu.ch\\\/fr\\\/notre-chemin-de-fer-est-le-temoin-du-premier-developpement-tumultueux-de-la-ville\\\/#breadcrumb\"},\"inLanguage\":\"fr-FR\",\"potentialAction\":[{\"@type\":\"ReadAction\",\"target\":[\"https:\\\/\\\/www.deinadieu.ch\\\/fr\\\/notre-chemin-de-fer-est-le-temoin-du-premier-developpement-tumultueux-de-la-ville\\\/\"]}]},{\"@type\":\"ImageObject\",\"inLanguage\":\"fr-FR\",\"@id\":\"https:\\\/\\\/www.deinadieu.ch\\\/fr\\\/notre-chemin-de-fer-est-le-temoin-du-premier-developpement-tumultueux-de-la-ville\\\/#primaryimage\",\"url\":\"https:\\\/\\\/www.deinadieu.ch\\\/wp-content\\\/uploads\\\/2022\\\/12\\\/museumsbahn_0056-scaled.jpg\",\"contentUrl\":\"https:\\\/\\\/www.deinadieu.ch\\\/wp-content\\\/uploads\\\/2022\\\/12\\\/museumsbahn_0056-scaled.jpg\",\"width\":2560,\"height\":1707,\"caption\":\"Walter Huber setzt sich daf\u00fcr ein, dass die alten Fahrzeuge der Sihltalbahn erhalten bleiben. Daf\u00fcr kocht er manchmal f\u00fcr die G\u00e4ste im Zug. Foto: Djamila Grossmann\"},{\"@type\":\"BreadcrumbList\",\"@id\":\"https:\\\/\\\/www.deinadieu.ch\\\/fr\\\/notre-chemin-de-fer-est-le-temoin-du-premier-developpement-tumultueux-de-la-ville\\\/#breadcrumb\",\"itemListElement\":[{\"@type\":\"ListItem\",\"position\":1,\"name\":\"Home\",\"item\":\"https:\\\/\\\/www.deinadieu.ch\\\/fr\\\/deinadieu-dialog-und-serviceportal-zum-lebensende\\\/\"},{\"@type\":\"ListItem\",\"position\":2,\"name\":\"\u00ab Notre chemin de fer est le t\u00e9moin du premier d\u00e9veloppement tumultueux de la ville \u00bb\"}]},{\"@type\":\"WebSite\",\"@id\":\"https:\\\/\\\/www.deinadieu.ch\\\/fr\\\/#website\",\"url\":\"https:\\\/\\\/www.deinadieu.ch\\\/fr\\\/\",\"name\":\"DeinAdieu.ch\",\"description\":\"Testament, Patientenverf\u00fcgung und Vorsorgeauftrag\",\"publisher\":{\"@id\":\"https:\\\/\\\/www.deinadieu.ch\\\/fr\\\/#organization\"},\"potentialAction\":[{\"@type\":\"SearchAction\",\"target\":{\"@type\":\"EntryPoint\",\"urlTemplate\":\"https:\\\/\\\/www.deinadieu.ch\\\/fr\\\/?s={search_term_string}\"},\"query-input\":{\"@type\":\"PropertyValueSpecification\",\"valueRequired\":true,\"valueName\":\"search_term_string\"}}],\"inLanguage\":\"fr-FR\"},{\"@type\":\"Organization\",\"@id\":\"https:\\\/\\\/www.deinadieu.ch\\\/fr\\\/#organization\",\"name\":\"EMNA Web GmbH\",\"url\":\"https:\\\/\\\/www.deinadieu.ch\\\/fr\\\/\",\"logo\":{\"@type\":\"ImageObject\",\"inLanguage\":\"fr-FR\",\"@id\":\"https:\\\/\\\/www.deinadieu.ch\\\/fr\\\/#\\\/schema\\\/logo\\\/image\\\/\",\"url\":\"https:\\\/\\\/www.deinadieu.ch\\\/wp-content\\\/uploads\\\/2016\\\/01\\\/DeinAdieu_Logo.png\",\"contentUrl\":\"https:\\\/\\\/www.deinadieu.ch\\\/wp-content\\\/uploads\\\/2016\\\/01\\\/DeinAdieu_Logo.png\",\"width\":300,\"height\":117,\"caption\":\"EMNA Web GmbH\"},\"image\":{\"@id\":\"https:\\\/\\\/www.deinadieu.ch\\\/fr\\\/#\\\/schema\\\/logo\\\/image\\\/\"},\"sameAs\":[\"https:\\\/\\\/www.facebook.com\\\/deinadieu\",\"https:\\\/\\\/x.com\\\/DeinAdieu\",\"https:\\\/\\\/www.instagram.com\\\/deinadieu\\\/\",\"https:\\\/\\\/www.linkedin.com\\\/company\\\/deinadieu.ch\"]},{\"@type\":\"Person\",\"@id\":\"https:\\\/\\\/www.deinadieu.ch\\\/fr\\\/#\\\/schema\\\/person\\\/78cffe1cb679e17f919e3d0c0e7b9673\",\"name\":\"Janina Gehrig, MA UZH, Redaktorin\",\"image\":{\"@type\":\"ImageObject\",\"inLanguage\":\"fr-FR\",\"@id\":\"https:\\\/\\\/secure.gravatar.com\\\/avatar\\\/8bfc4dca12cd7c0a0373c12f34587d1f6a6117903e7ecc0035863bd69df6fb07?s=96&d=mm&r=g\",\"url\":\"https:\\\/\\\/secure.gravatar.com\\\/avatar\\\/8bfc4dca12cd7c0a0373c12f34587d1f6a6117903e7ecc0035863bd69df6fb07?s=96&d=mm&r=g\",\"contentUrl\":\"https:\\\/\\\/secure.gravatar.com\\\/avatar\\\/8bfc4dca12cd7c0a0373c12f34587d1f6a6117903e7ecc0035863bd69df6fb07?s=96&d=mm&r=g\",\"caption\":\"Janina Gehrig, MA UZH, Redaktorin\"},\"url\":\"https:\\\/\\\/www.deinadieu.ch\\\/fr\\\/author\\\/janinagehrig\\\/\"}]}<\/script>","yoast_head_json":{"title":"\u00ab Notre chemin de fer est le t\u00e9moin du premier d\u00e9veloppement tumultueux de la ville \u00bb | DeinAdieu.ch","description":"L'association Z\u00fcrcher Museumsbahn (ZMB) souhaite maintenir en vie le chemin de fer historique de la vall\u00e9e de la Sihl. Le m\u00e9canicien de man\u0153uvre Walter Huber raconte.","robots":{"index":"index","follow":"follow","max-snippet":"max-snippet:-1","max-image-preview":"max-image-preview:large","max-video-preview":"max-video-preview:-1"},"canonical":"https:\/\/www.deinadieu.ch\/fr\/notre-chemin-de-fer-est-le-temoin-du-premier-developpement-tumultueux-de-la-ville\/","og_locale":"fr_FR","og_type":"article","og_title":"\u00ab Notre chemin de fer est le t\u00e9moin du premier d\u00e9veloppement tumultueux de la ville \u00bb","og_description":"Walter Huber nourrit une grande fascination pour les voyages en train. Il est membre de l'association Z\u00fcrcher Museumsbahn (ZMB), a suivi une formation de","og_url":"https:\/\/www.deinadieu.ch\/fr\/notre-chemin-de-fer-est-le-temoin-du-premier-developpement-tumultueux-de-la-ville\/","og_site_name":"DeinAdieu.ch","article_publisher":"https:\/\/www.facebook.com\/deinadieu","article_published_time":"2022-12-24T07:04:18+00:00","article_modified_time":"2024-03-25T14:27:00+00:00","og_image":[{"width":2560,"height":1707,"url":"https:\/\/static.deinadieu.ch\/uploads\/2022\/12\/museumsbahn_0056-scaled.jpg","type":"image\/jpeg"}],"author":"Janina Gehrig, MA UZH, Redaktorin","twitter_card":"summary_large_image","twitter_creator":"@DeinAdieu","twitter_site":"@DeinAdieu","twitter_misc":{"Written by":"Janina Gehrig, MA UZH, Redaktorin","Est. reading time":"4 minutes"},"schema":{"@context":"https:\/\/schema.org","@graph":[{"@type":"Article","@id":"https:\/\/www.deinadieu.ch\/fr\/notre-chemin-de-fer-est-le-temoin-du-premier-developpement-tumultueux-de-la-ville\/#article","isPartOf":{"@id":"https:\/\/www.deinadieu.ch\/fr\/notre-chemin-de-fer-est-le-temoin-du-premier-developpement-tumultueux-de-la-ville\/"},"author":{"name":"Janina Gehrig, MA UZH, Redaktorin","@id":"https:\/\/www.deinadieu.ch\/fr\/#\/schema\/person\/78cffe1cb679e17f919e3d0c0e7b9673"},"headline":"\u00ab Notre chemin de fer est le t\u00e9moin du premier d\u00e9veloppement tumultueux de la ville \u00bb","datePublished":"2022-12-24T07:04:18+00:00","dateModified":"2024-03-25T14:27:00+00:00","mainEntityOfPage":{"@id":"https:\/\/www.deinadieu.ch\/fr\/notre-chemin-de-fer-est-le-temoin-du-premier-developpement-tumultueux-de-la-ville\/"},"wordCount":932,"commentCount":0,"publisher":{"@id":"https:\/\/www.deinadieu.ch\/fr\/#organization"},"image":{"@id":"https:\/\/www.deinadieu.ch\/fr\/notre-chemin-de-fer-est-le-temoin-du-premier-developpement-tumultueux-de-la-ville\/#primaryimage"},"thumbnailUrl":"https:\/\/www.deinadieu.ch\/wp-content\/uploads\/2022\/12\/museumsbahn_0056-scaled.jpg","keywords":["Organisation d'utilit\u00e9 publique","organisations d'aide","Quel effet mon h\u00e9ritage peut-il avoir ?"],"articleSection":["\u0152uvres caritatives en point de mire"],"inLanguage":"fr-FR","potentialAction":[{"@type":"CommentAction","name":"Comment","target":["https:\/\/www.deinadieu.ch\/fr\/notre-chemin-de-fer-est-le-temoin-du-premier-developpement-tumultueux-de-la-ville\/#respond"]}]},{"@type":"WebPage","@id":"https:\/\/www.deinadieu.ch\/fr\/notre-chemin-de-fer-est-le-temoin-du-premier-developpement-tumultueux-de-la-ville\/","url":"https:\/\/www.deinadieu.ch\/fr\/notre-chemin-de-fer-est-le-temoin-du-premier-developpement-tumultueux-de-la-ville\/","name":"\u00ab Notre chemin de fer est le t\u00e9moin du premier d\u00e9veloppement tumultueux de la ville \u00bb | DeinAdieu.ch","isPartOf":{"@id":"https:\/\/www.deinadieu.ch\/fr\/#website"},"primaryImageOfPage":{"@id":"https:\/\/www.deinadieu.ch\/fr\/notre-chemin-de-fer-est-le-temoin-du-premier-developpement-tumultueux-de-la-ville\/#primaryimage"},"image":{"@id":"https:\/\/www.deinadieu.ch\/fr\/notre-chemin-de-fer-est-le-temoin-du-premier-developpement-tumultueux-de-la-ville\/#primaryimage"},"thumbnailUrl":"https:\/\/www.deinadieu.ch\/wp-content\/uploads\/2022\/12\/museumsbahn_0056-scaled.jpg","datePublished":"2022-12-24T07:04:18+00:00","dateModified":"2024-03-25T14:27:00+00:00","description":"L'association Z\u00fcrcher Museumsbahn (ZMB) souhaite maintenir en vie le chemin de fer historique de la vall\u00e9e de la Sihl. Le m\u00e9canicien de man\u0153uvre Walter Huber raconte.","breadcrumb":{"@id":"https:\/\/www.deinadieu.ch\/fr\/notre-chemin-de-fer-est-le-temoin-du-premier-developpement-tumultueux-de-la-ville\/#breadcrumb"},"inLanguage":"fr-FR","potentialAction":[{"@type":"ReadAction","target":["https:\/\/www.deinadieu.ch\/fr\/notre-chemin-de-fer-est-le-temoin-du-premier-developpement-tumultueux-de-la-ville\/"]}]},{"@type":"ImageObject","inLanguage":"fr-FR","@id":"https:\/\/www.deinadieu.ch\/fr\/notre-chemin-de-fer-est-le-temoin-du-premier-developpement-tumultueux-de-la-ville\/#primaryimage","url":"https:\/\/www.deinadieu.ch\/wp-content\/uploads\/2022\/12\/museumsbahn_0056-scaled.jpg","contentUrl":"https:\/\/www.deinadieu.ch\/wp-content\/uploads\/2022\/12\/museumsbahn_0056-scaled.jpg","width":2560,"height":1707,"caption":"Walter Huber setzt sich daf\u00fcr ein, dass die alten Fahrzeuge der Sihltalbahn erhalten bleiben. Daf\u00fcr kocht er manchmal f\u00fcr die G\u00e4ste im Zug. Foto: Djamila Grossmann"},{"@type":"BreadcrumbList","@id":"https:\/\/www.deinadieu.ch\/fr\/notre-chemin-de-fer-est-le-temoin-du-premier-developpement-tumultueux-de-la-ville\/#breadcrumb","itemListElement":[{"@type":"ListItem","position":1,"name":"Home","item":"https:\/\/www.deinadieu.ch\/fr\/deinadieu-dialog-und-serviceportal-zum-lebensende\/"},{"@type":"ListItem","position":2,"name":"\u00ab Notre chemin de fer est le t\u00e9moin du premier d\u00e9veloppement tumultueux de la ville \u00bb"}]},{"@type":"WebSite","@id":"https:\/\/www.deinadieu.ch\/fr\/#website","url":"https:\/\/www.deinadieu.ch\/fr\/","name":"DeinAdieu.ch","description":"Testament, Patientenverf\u00fcgung und Vorsorgeauftrag","publisher":{"@id":"https:\/\/www.deinadieu.ch\/fr\/#organization"},"potentialAction":[{"@type":"SearchAction","target":{"@type":"EntryPoint","urlTemplate":"https:\/\/www.deinadieu.ch\/fr\/?s={search_term_string}"},"query-input":{"@type":"PropertyValueSpecification","valueRequired":true,"valueName":"search_term_string"}}],"inLanguage":"fr-FR"},{"@type":"Organization","@id":"https:\/\/www.deinadieu.ch\/fr\/#organization","name":"EMNA Web GmbH","url":"https:\/\/www.deinadieu.ch\/fr\/","logo":{"@type":"ImageObject","inLanguage":"fr-FR","@id":"https:\/\/www.deinadieu.ch\/fr\/#\/schema\/logo\/image\/","url":"https:\/\/www.deinadieu.ch\/wp-content\/uploads\/2016\/01\/DeinAdieu_Logo.png","contentUrl":"https:\/\/www.deinadieu.ch\/wp-content\/uploads\/2016\/01\/DeinAdieu_Logo.png","width":300,"height":117,"caption":"EMNA Web GmbH"},"image":{"@id":"https:\/\/www.deinadieu.ch\/fr\/#\/schema\/logo\/image\/"},"sameAs":["https:\/\/www.facebook.com\/deinadieu","https:\/\/x.com\/DeinAdieu","https:\/\/www.instagram.com\/deinadieu\/","https:\/\/www.linkedin.com\/company\/deinadieu.ch"]},{"@type":"Person","@id":"https:\/\/www.deinadieu.ch\/fr\/#\/schema\/person\/78cffe1cb679e17f919e3d0c0e7b9673","name":"Janina Gehrig, MA UZH, Redaktorin","image":{"@type":"ImageObject","inLanguage":"fr-FR","@id":"https:\/\/secure.gravatar.com\/avatar\/8bfc4dca12cd7c0a0373c12f34587d1f6a6117903e7ecc0035863bd69df6fb07?s=96&d=mm&r=g","url":"https:\/\/secure.gravatar.com\/avatar\/8bfc4dca12cd7c0a0373c12f34587d1f6a6117903e7ecc0035863bd69df6fb07?s=96&d=mm&r=g","contentUrl":"https:\/\/secure.gravatar.com\/avatar\/8bfc4dca12cd7c0a0373c12f34587d1f6a6117903e7ecc0035863bd69df6fb07?s=96&d=mm&r=g","caption":"Janina Gehrig, MA UZH, Redaktorin"},"url":"https:\/\/www.deinadieu.ch\/fr\/author\/janinagehrig\/"}]}},"_links":{"self":[{"href":"https:\/\/www.deinadieu.ch\/fr\/wp-json\/wp\/v2\/posts\/61189","targetHints":{"allow":["GET"]}}],"collection":[{"href":"https:\/\/www.deinadieu.ch\/fr\/wp-json\/wp\/v2\/posts"}],"about":[{"href":"https:\/\/www.deinadieu.ch\/fr\/wp-json\/wp\/v2\/types\/post"}],"author":[{"embeddable":true,"href":"https:\/\/www.deinadieu.ch\/fr\/wp-json\/wp\/v2\/users\/6028"}],"replies":[{"embeddable":true,"href":"https:\/\/www.deinadieu.ch\/fr\/wp-json\/wp\/v2\/comments?post=61189"}],"version-history":[{"count":7,"href":"https:\/\/www.deinadieu.ch\/fr\/wp-json\/wp\/v2\/posts\/61189\/revisions"}],"predecessor-version":[{"id":67218,"href":"https:\/\/www.deinadieu.ch\/fr\/wp-json\/wp\/v2\/posts\/61189\/revisions\/67218"}],"wp:featuredmedia":[{"embeddable":true,"href":"https:\/\/www.deinadieu.ch\/fr\/wp-json\/wp\/v2\/media\/61079"}],"wp:attachment":[{"href":"https:\/\/www.deinadieu.ch\/fr\/wp-json\/wp\/v2\/media?parent=61189"}],"wp:term":[{"taxonomy":"category","embeddable":true,"href":"https:\/\/www.deinadieu.ch\/fr\/wp-json\/wp\/v2\/categories?post=61189"},{"taxonomy":"post_tag","embeddable":true,"href":"https:\/\/www.deinadieu.ch\/fr\/wp-json\/wp\/v2\/tags?post=61189"}],"curies":[{"name":"wp","href":"https:\/\/api.w.org\/{rel}","templated":true}]}}