{"id":60853,"date":"2022-11-17T08:34:36","date_gmt":"2022-11-17T07:34:36","guid":{"rendered":"https:\/\/www.deinadieu.ch\/meme-les-personnes-mutilees-ont-une-grande-valeur\/"},"modified":"2024-02-05T16:26:28","modified_gmt":"2024-02-05T15:26:28","slug":"meme-les-personnes-mutilees-ont-une-grande-valeur","status":"publish","type":"post","link":"https:\/\/www.deinadieu.ch\/fr\/meme-les-personnes-mutilees-ont-une-grande-valeur\/","title":{"rendered":"\u00ab Les personnes mutil\u00e9es ont \u00e9galement une grande valeur \u00bb"},"content":{"rendered":"\n<p>En Afrique, on laisse encore les personnes avec une limitation fonctionnelle \u00ab d\u00e9p\u00e9rir dans une chambre jusqu&#8217;\u00e0 ce qu&#8217;elles meurent \u00bb, dit une infirmi\u00e8re de Berne. Elle voulait changer cela. Elle vit en Angola depuis plus de quarante ans et travaille pour l&#8217;organisation \u00e0 but non lucratif SAM global. <\/p>\n\n<!--more-->\n\n<p>En octobre 1994, la Croix-Rouge transportait les collaboratrices d&#8217;un h\u00f4pital rural par avion-cargo vers une ville s\u00fbre en Angola. <\/p>\n\n<p>Suite \u00e0 des combats sur le lieu de refuge, la situation y \u00e9tait \u00e9galement devenue dangereuse. Elisabeth, qui ne souhaite pas donner son nom de famille pour des raisons de s\u00e9curit\u00e9, se souvient encore des d\u00e9tails. De la voiture dans laquelle les gens s&#8217;\u00e9taient entass\u00e9s. Elle se souvient de la nuit qui a suivi la fuite, durant laquelle elle n&#8217;a pas ferm\u00e9 l&#8217;\u0153il. De cette jeune femme parapl\u00e9gique suite \u00e0 une blessure par balle dans le dos. \u00ab Je l&#8217;ai emmen\u00e9e avec moi. Nous avons d\u00fb laisser le fauteuil roulant derri\u00e8re nous \u00bb, dit-elle. La Bernoise d&#8217;origine n&#8217;est rest\u00e9e que quelques mois en Suisse avant de retourner en Angola. <\/p>\n\n<p>Depuis 1980, Elisabeth vit en Angola, un \u00c9tat du sud-ouest de l&#8217;Afrique, et, depuis 1995, \u00e0 Lubango, une ville d&#8217;un million d&#8217;habitants. \u00ab Depuis toute petite, j&#8217;avais envie d&#8217;aller en Afrique pour y travailler comme infirmi\u00e8re \u00bb, dit-elle. Apr\u00e8s sa formation, elle a entendu parler de l&#8217;Angola par l&#8217;interm\u00e9diaire de ce qui \u00e9tait alors l&#8217;Alliance Missionaire Evang\u00e9lique, aujourd&#8217;hui SAM global, et elle s&#8217;y est rendue \u00e0 l&#8217;\u00e2ge de 27 ans. Elle a d&#8217;abord travaill\u00e9 dans un h\u00f4pital. Depuis une vingtaine d&#8217;ann\u00e9es, elle s&#8217;est sp\u00e9cialis\u00e9e dans la r\u00e9\u00e9ducation des personnes handicap\u00e9es physiques pour SAM global, ou plus exactement dans l&#8217;\u00e9tablissement du travail de r\u00e9\u00e9ducation en g\u00e9n\u00e9ral. L&#8217;organisation chr\u00e9tienne \u00e0 but non lucratif, qui se concentre sur la coop\u00e9ration personnelle au d\u00e9veloppement, finance ses \u00e9tablissements, mais \u00e9galement les b\u00e9quilles et les fauteuils roulants, gr\u00e2ce aux <a href=\"https:\/\/app.deinadieu.ch\/testamentgenerator\/ngo\/7494\">dons<\/a>.<\/p>\n\n<h2 class=\"wp-block-heading\" id=\"h-immer-wieder-unfalle-mit-minen\">Toujours des accidents dus aux mines<\/h2>\n\n<p class=\"has-text-align-left\">\u00ab Il y a encore et toujours des accidents dus aux mines et, par cons\u00e9quent, beaucoup de personnes amput\u00e9es d&#8217;un membre \u00bb, explique Elisabeth. Les enfants qui gardent le b\u00e9tail \u00e0 la campagne et qui trouvent r\u00e9guli\u00e8rement des engins explosifs sont souvent concern\u00e9s. Depuis 1961, l&#8217;Angola \u00e9tait en proie \u00e0 des lutttes pour l&#8217;ind\u00e9pendance, qui ont abouti en 1975. Depuis lors, le parti MPLA domine le pays de mani\u00e8re autoritaire ; la corruption et les violations des droits humains sont encore tr\u00e8s r\u00e9pandues aujourd&#8217;hui. Jusqu&#8217;en 2002, la guerre civile faisait rage et le pays \u00e9tait fortement min\u00e9.<\/p>\n\n<p class=\"has-text-align-left\">Cela ne fait que peu de temps que des physioth\u00e9rapeutes sont form\u00e9s. D\u00e9sormais, les patientes et les patients du service d&#8217;Elisabeth sont \u00e9galement pris en charge de mani\u00e8re ambulatoire. Une centaine de personnes sont en traitement en permanence. \u00ab Des gens de tout le pays viennent nous voir. Notre objectif est aussi de les r\u00e9ins\u00e9rer dans le monde du travail \u00bb, explique Elisabeth. Pour ce faire, ils travaillent en \u00e9troite collaboration avec un centre de proth\u00e8ses situ\u00e9 \u00e0 200 kilom\u00e8tres de l\u00e0, qui fabrique des proth\u00e8ses en bois. L&#8217;infirmi\u00e8re donne \u00e9galement des cours au futur personnel m\u00e9dical et assume la responsabilit\u00e9 du service d&#8217;un h\u00f4pital qui envoie ensuite les patientes et les patients en r\u00e9\u00e9ducation.<\/p>\n\n<p>Si Elisabeth, qui a grandi \u00e0 Beatenberg, est retourn\u00e9e en Angola m\u00eame apr\u00e8s avoir fui en Suisse, c&#8217;est en raison de son travail. \u00ab Jusqu&#8217;\u00e0 aujourd&#8217;hui, c&#8217;est tellement gratifiant pour moi de voir que quelqu&#8217;un qui \u00e9tait paralys\u00e9 peut \u00e0 nouveau marcher \u00bb, dit-elle. Parfois, cela demande simplement beaucoup de patience, non seulement de la part de la personne concern\u00e9e, mais aussi de sa famille et du personnel. La jeune femme, qu&#8217;Elisabeth a sauv\u00e9e de la zone de guerre en tant que parapl\u00e9gique, a r\u00e9appris \u00e0 marcher avec des b\u00e9quilles et a \u00e9t\u00e9 op\u00e9r\u00e9e. \u00ab Aujourd&#8217;hui, elle vit dans la capitale Luanda, elle a \u00e9tudi\u00e9, a termin\u00e9 l&#8217;universit\u00e9 et a trouv\u00e9 du travail. De telles histoires me bouleversent \u00bb. Car en Afrique, on laisse encore les personnes avec une limitation fonctionnelle \u00ab d\u00e9p\u00e9rir dans une chambre jusqu&#8217;\u00e0 ce qu&#8217;elles meurent \u00bb. Par son travail, elle peut montrer \u00e0 la soci\u00e9t\u00e9 que les personnes mutil\u00e9es ont \u00e9galement une grande valeur et peuvent g\u00e9rer leur vie.<\/p>\n\n<figure class=\"wp-block-image size-large\"><img loading=\"lazy\" decoding=\"async\" width=\"768\" height=\"1024\" src=\"https:\/\/www.deinadieu.ch\/wp-content\/uploads\/2022\/11\/Lucia-amputiert-an-beiden-Beinen-an-ihrem-Arbeitsplatz-1-768x1024.jpg\" alt=\"\" class=\"wp-image-60705\" srcset=\"https:\/\/www.deinadieu.ch\/wp-content\/uploads\/2022\/11\/Lucia-amputiert-an-beiden-Beinen-an-ihrem-Arbeitsplatz-1-768x1024.jpg 768w, https:\/\/www.deinadieu.ch\/wp-content\/uploads\/2022\/11\/Lucia-amputiert-an-beiden-Beinen-an-ihrem-Arbeitsplatz-1-225x300.jpg 225w, https:\/\/www.deinadieu.ch\/wp-content\/uploads\/2022\/11\/Lucia-amputiert-an-beiden-Beinen-an-ihrem-Arbeitsplatz-1-1152x1536.jpg 1152w, https:\/\/www.deinadieu.ch\/wp-content\/uploads\/2022\/11\/Lucia-amputiert-an-beiden-Beinen-an-ihrem-Arbeitsplatz-1-1536x2048.jpg 1536w, https:\/\/www.deinadieu.ch\/wp-content\/uploads\/2022\/11\/Lucia-amputiert-an-beiden-Beinen-an-ihrem-Arbeitsplatz-1-scaled.jpg 1920w\" sizes=\"auto, (max-width: 768px) 100vw, 768px\" \/><figcaption class=\"wp-element-caption\">Lucia a eu un grave accident de moto. Ses deux jambes ont d\u00fb \u00eatre amput\u00e9es. Aujourd&#8217;hui, elle va bien. Elle a deux enfants et est pleinement int\u00e9gr\u00e9e dans la vie professionnelle.<\/figcaption><\/figure>\n\n<h2 class=\"wp-block-heading\" id=\"h-ich-gehore-zu-einer-afrikanischen-familie\">\u00ab Je fais partie d&#8217;une famille africaine \u00bb<\/h2>\n\n<p>L&#8217;une des raisons pour lesquelles Elisabeth, qui a fait construire une petite maison \u00e0 la p\u00e9riph\u00e9rie de la ville, s&#8217;y sent chez elle, est la grande solidarit\u00e9 qui r\u00e8gne entre les gens. \u00ab Je fais partie d&#8217;une famille africaine, je suis invit\u00e9e \u00e0 des \u00e9v\u00e9nements. Je suis ancr\u00e9e ici et ne voudrais \u00eatre nulle part ailleurs. \u00bb Ici, tout se r\u00e8gle en groupe ou en famille, qu&#8217;il s&#8217;agisse d&#8217;un d\u00e9c\u00e8s \u00e0 g\u00e9rer, de probl\u00e8mes \u00e0 r\u00e9soudre ou de pr\u00e9paratifs de mariage. Cela implique toutefois \u00e9galement beaucoup plus d&#8217;obligations.<\/p>\n\n<p>Elle n&#8217;a pas encore le projet de revenir en Suisse, m\u00eame si la pauvret\u00e9 est grande dans le pays, qu&#8217;il y a r\u00e9guli\u00e8rement des coupures de courant, qu&#8217;elle a un r\u00e9servoir au lieu d&#8217;une alimentation en eau, qu&#8217;elle doit vivre derri\u00e8re des grilles, un mur et des barbel\u00e9s en raison de la forte criminalit\u00e9 et que le cervelas, le chocolat suisse et le fromage lui manquent de temps en temps. Elle rit. \u00ab Je suis heureuse ici. Chaque fois que je prends une douche avec de l&#8217;eau chaude, je me dis : quel cadeau. \u00bb<\/p>\n\n<p>Elisabeth est aujourd&#8217;hui \u00e2g\u00e9e de 69 ans et aurait ainsi l&#8217;\u00e2ge la retraite. Cependant, elle souhaite continuer \u00e0 soutenir le travail de SAM global, sur une base volontaire, tant qu&#8217;elle est en bonne sant\u00e9. En m\u00eame temps, elle fait office de personne de liaison entre l&#8217;organisation et d&#8217;autres organisations partenaires, \u00ab afin que la circulation des informations fonctionne \u00bb, comme elle dit.<\/p>\n\n<figure class=\"wp-block-image size-large\"><img loading=\"lazy\" decoding=\"async\" width=\"1024\" height=\"768\" src=\"https:\/\/www.deinadieu.ch\/wp-content\/uploads\/2022\/11\/IMG_20220813_202925887-2-1024x768.jpg\" alt=\"\" class=\"wp-image-60701\" srcset=\"https:\/\/www.deinadieu.ch\/wp-content\/uploads\/2022\/11\/IMG_20220813_202925887-2-1024x768.jpg 1024w, https:\/\/www.deinadieu.ch\/wp-content\/uploads\/2022\/11\/IMG_20220813_202925887-2-300x225.jpg 300w, https:\/\/www.deinadieu.ch\/wp-content\/uploads\/2022\/11\/IMG_20220813_202925887-2-1536x1152.jpg 1536w, https:\/\/www.deinadieu.ch\/wp-content\/uploads\/2022\/11\/IMG_20220813_202925887-2-2048x1536.jpg 2048w\" sizes=\"auto, (max-width: 1024px) 100vw, 1024px\" \/><figcaption class=\"wp-element-caption\">Elisabeth avec deux filles angolaises.<\/figcaption><\/figure>\n\n<p class=\"has-text-align-left\">\n        <div class=\"da-servicebox relative bg-gray-200 p-4 pt-8 border-solid border-t-8 border-da-dark mb-6\">\n            <i class=\"fas fa-info-circle mx-auto fa-7x text-da-dark\"><\/i>\n            <span style=\"hyphens: auto\">\n                <br\/><a href=\"https:\/\/www.deinadieu.ch\/hilfswerke\/sam-global\/\">SAM global<\/a> (jusqu&#8217;en 2017 Mission Alliance Suisse) est une organisation chr\u00e9tienne suisse \u00e0 but non lucratif dont le si\u00e8ge est \u00e0 Winterthur. Depuis 2017, l&#8217;abr\u00e9viation signifie serve and multiply (en fran\u00e7ais : servir et multiplier). SAM global veut changer des vies par l&#8217;\u00e9ducation et est active dans le domaine de la coop\u00e9ration personnelle au d\u00e9veloppement. Ici, l&#8217;accent est mis sur la formation dans diff\u00e9rents domaines et sur l&#8217;aide \u00e0 l&#8217;autonomie. <\/p>\n\n<p class=\"has-text-align-left\">SAM global emploie environ 80 collaborateurs europ\u00e9ens dans les pays d&#8217;intervention, plusieurs volontaires et de nombreux collaborateurs locaux. Selon son propre site Internet, elle est active avec diff\u00e9rents partenaires dans onze pays d&#8217;Afrique, d&#8217;Asie et d&#8217;Am\u00e9rique du Sud, comme par exemple au Cambodge, au Sri Lanka, au Burkina Faso, en Guin\u00e9e, au Cameroun, au Tchad et au Br\u00e9sil. Par ailleurs, SAM global s&#8217;engage globalement en Suisse aupr\u00e8s des migrants. L&#8217;organisation s&#8217;engage principalement dans les domaines de l&#8217;\u00e9ducation de base et de la formation professionnelle, de la cr\u00e9ation de petites entreprises (Business for Transformation B4T), du travail m\u00e9dical et de la pr\u00e9vention sanitaire, de la formation et de la pratique th\u00e9ologiques, de l&#8217;am\u00e9lioration des moyens de subsistance et de la sensibilisation. \n                \n                \n            <\/span>\n        <\/div>\n        <\/p>\n\n<div style=\"height:40px\" aria-hidden=\"true\" class=\"wp-block-spacer\"><\/div>\n\n<div class=\"wp-block-buttons is-layout-flex wp-block-buttons-is-layout-flex\">\n<div class=\"wp-block-button\"><a class=\"wp-block-button__link wp-element-button\" href=\"https:\/\/app.deinadieu.ch\/testamentgenerator\/ngo\/7494\">Favoriser SAM global dans son testament<\/a><\/div>\n<\/div>\n","protected":false},"excerpt":{"rendered":"<p>En Afrique, on laisse encore les personnes avec une limitation fonctionnelle \u00ab d\u00e9p\u00e9rir dans une chambre jusqu&#8217;\u00e0 ce qu&#8217;elles meurent \u00bb, dit une infirmi\u00e8re de Berne. Elle voulait changer cela. Elle vit en Angola depuis plus de quarante ans et travaille pour l&#8217;organisation \u00e0 but non lucratif SAM global.<\/p>\n","protected":false},"author":6028,"featured_media":0,"comment_status":"open","ping_status":"closed","sticky":false,"template":"","format":"standard","meta":{"_acf_changed":false,"footnotes":""},"categories":[2450],"tags":[2841,3164,2469],"class_list":["post-60853","post","type-post","status-publish","format-standard","hentry","category-oeuvres-caritatives","tag-organisation-dutilite-publique","tag-organisations-daide","tag-quel-effet-mon-heritage-peut-il-avoir"],"acf":[],"yoast_head":"<title>\u00ab Les personnes mutil\u00e9es ont \u00e9galement une grande valeur \u00bb | DeinAdieu.ch<\/title>\n<meta name=\"description\" content=\"Elisabeth, infirmi\u00e8re bernoise, vit en Angola depuis plus de 40 ans. Elle y a mis en place le travail de r\u00e9insertion pour les personnes amput\u00e9es.\" \/>\n<meta name=\"robots\" content=\"index, follow, max-snippet:-1, max-image-preview:large, max-video-preview:-1\" \/>\n<link rel=\"canonical\" href=\"https:\/\/www.deinadieu.ch\/fr\/meme-les-personnes-mutilees-ont-une-grande-valeur\/\" \/>\n<meta property=\"og:locale\" content=\"fr_FR\" \/>\n<meta property=\"og:type\" content=\"article\" \/>\n<meta property=\"og:title\" content=\"\u00ab Les personnes mutil\u00e9es ont \u00e9galement une grande valeur \u00bb\" \/>\n<meta property=\"og:description\" content=\"En Afrique, on laisse encore les personnes avec une limitation fonctionnelle \u00ab d\u00e9p\u00e9rir dans une chambre jusqu&#039;\u00e0 ce qu&#039;elles meurent \u00bb, dit une infirmi\u00e8re\" \/>\n<meta property=\"og:url\" content=\"https:\/\/www.deinadieu.ch\/fr\/meme-les-personnes-mutilees-ont-une-grande-valeur\/\" \/>\n<meta property=\"og:site_name\" content=\"DeinAdieu.ch\" \/>\n<meta property=\"article:publisher\" content=\"https:\/\/www.facebook.com\/deinadieu\" \/>\n<meta property=\"article:published_time\" content=\"2022-11-17T07:34:36+00:00\" \/>\n<meta property=\"article:modified_time\" content=\"2024-02-05T15:26:28+00:00\" \/>\n<meta property=\"og:image\" content=\"https:\/\/static.deinadieu.ch\/uploads\/2022\/11\/Lucia-amputiert-an-beiden-Beinen-an-ihrem-Arbeitsplatz-1-768x1024.jpg\" \/>\n<meta name=\"author\" content=\"Janina Gehrig, MA UZH, Redaktorin\" \/>\n<meta name=\"twitter:card\" content=\"summary_large_image\" \/>\n<meta name=\"twitter:creator\" content=\"@DeinAdieu\" \/>\n<meta name=\"twitter:site\" content=\"@DeinAdieu\" \/>\n<meta name=\"twitter:label1\" content=\"Written by\" \/>\n\t<meta name=\"twitter:data1\" content=\"Janina Gehrig, MA UZH, Redaktorin\" \/>\n\t<meta name=\"twitter:label2\" content=\"Est. reading time\" \/>\n\t<meta name=\"twitter:data2\" content=\"6 minutes\" \/>\n<script type=\"application\/ld+json\" class=\"yoast-schema-graph\">{\"@context\":\"https:\\\/\\\/schema.org\",\"@graph\":[{\"@type\":\"Article\",\"@id\":\"https:\\\/\\\/www.deinadieu.ch\\\/fr\\\/meme-les-personnes-mutilees-ont-une-grande-valeur\\\/#article\",\"isPartOf\":{\"@id\":\"https:\\\/\\\/www.deinadieu.ch\\\/fr\\\/meme-les-personnes-mutilees-ont-une-grande-valeur\\\/\"},\"author\":{\"name\":\"Janina Gehrig, MA UZH, Redaktorin\",\"@id\":\"https:\\\/\\\/www.deinadieu.ch\\\/fr\\\/#\\\/schema\\\/person\\\/78cffe1cb679e17f919e3d0c0e7b9673\"},\"headline\":\"\u00ab Les personnes mutil\u00e9es ont \u00e9galement une grande valeur \u00bb\",\"datePublished\":\"2022-11-17T07:34:36+00:00\",\"dateModified\":\"2024-02-05T15:26:28+00:00\",\"mainEntityOfPage\":{\"@id\":\"https:\\\/\\\/www.deinadieu.ch\\\/fr\\\/meme-les-personnes-mutilees-ont-une-grande-valeur\\\/\"},\"wordCount\":1316,\"commentCount\":0,\"publisher\":{\"@id\":\"https:\\\/\\\/www.deinadieu.ch\\\/fr\\\/#organization\"},\"image\":{\"@id\":\"https:\\\/\\\/www.deinadieu.ch\\\/fr\\\/meme-les-personnes-mutilees-ont-une-grande-valeur\\\/#primaryimage\"},\"thumbnailUrl\":\"https:\\\/\\\/www.deinadieu.ch\\\/wp-content\\\/uploads\\\/2022\\\/11\\\/Lucia-amputiert-an-beiden-Beinen-an-ihrem-Arbeitsplatz-1-768x1024.jpg\",\"keywords\":[\"Organisation d'utilit\u00e9 publique\",\"organisations d'aide\",\"Quel effet mon h\u00e9ritage peut-il avoir ?\"],\"articleSection\":[\"\u0152uvres caritatives en point de mire\"],\"inLanguage\":\"fr-FR\",\"potentialAction\":[{\"@type\":\"CommentAction\",\"name\":\"Comment\",\"target\":[\"https:\\\/\\\/www.deinadieu.ch\\\/fr\\\/meme-les-personnes-mutilees-ont-une-grande-valeur\\\/#respond\"]}]},{\"@type\":\"WebPage\",\"@id\":\"https:\\\/\\\/www.deinadieu.ch\\\/fr\\\/meme-les-personnes-mutilees-ont-une-grande-valeur\\\/\",\"url\":\"https:\\\/\\\/www.deinadieu.ch\\\/fr\\\/meme-les-personnes-mutilees-ont-une-grande-valeur\\\/\",\"name\":\"\u00ab Les personnes mutil\u00e9es ont \u00e9galement une grande valeur \u00bb | DeinAdieu.ch\",\"isPartOf\":{\"@id\":\"https:\\\/\\\/www.deinadieu.ch\\\/fr\\\/#website\"},\"primaryImageOfPage\":{\"@id\":\"https:\\\/\\\/www.deinadieu.ch\\\/fr\\\/meme-les-personnes-mutilees-ont-une-grande-valeur\\\/#primaryimage\"},\"image\":{\"@id\":\"https:\\\/\\\/www.deinadieu.ch\\\/fr\\\/meme-les-personnes-mutilees-ont-une-grande-valeur\\\/#primaryimage\"},\"thumbnailUrl\":\"https:\\\/\\\/www.deinadieu.ch\\\/wp-content\\\/uploads\\\/2022\\\/11\\\/Lucia-amputiert-an-beiden-Beinen-an-ihrem-Arbeitsplatz-1-768x1024.jpg\",\"datePublished\":\"2022-11-17T07:34:36+00:00\",\"dateModified\":\"2024-02-05T15:26:28+00:00\",\"description\":\"Elisabeth, infirmi\u00e8re bernoise, vit en Angola depuis plus de 40 ans. Elle y a mis en place le travail de r\u00e9insertion pour les personnes amput\u00e9es.\",\"breadcrumb\":{\"@id\":\"https:\\\/\\\/www.deinadieu.ch\\\/fr\\\/meme-les-personnes-mutilees-ont-une-grande-valeur\\\/#breadcrumb\"},\"inLanguage\":\"fr-FR\",\"potentialAction\":[{\"@type\":\"ReadAction\",\"target\":[\"https:\\\/\\\/www.deinadieu.ch\\\/fr\\\/meme-les-personnes-mutilees-ont-une-grande-valeur\\\/\"]}]},{\"@type\":\"ImageObject\",\"inLanguage\":\"fr-FR\",\"@id\":\"https:\\\/\\\/www.deinadieu.ch\\\/fr\\\/meme-les-personnes-mutilees-ont-une-grande-valeur\\\/#primaryimage\",\"url\":\"https:\\\/\\\/www.deinadieu.ch\\\/wp-content\\\/uploads\\\/2022\\\/11\\\/Lucia-amputiert-an-beiden-Beinen-an-ihrem-Arbeitsplatz-1-768x1024.jpg\",\"contentUrl\":\"https:\\\/\\\/www.deinadieu.ch\\\/wp-content\\\/uploads\\\/2022\\\/11\\\/Lucia-amputiert-an-beiden-Beinen-an-ihrem-Arbeitsplatz-1-768x1024.jpg\"},{\"@type\":\"BreadcrumbList\",\"@id\":\"https:\\\/\\\/www.deinadieu.ch\\\/fr\\\/meme-les-personnes-mutilees-ont-une-grande-valeur\\\/#breadcrumb\",\"itemListElement\":[{\"@type\":\"ListItem\",\"position\":1,\"name\":\"Home\",\"item\":\"https:\\\/\\\/www.deinadieu.ch\\\/fr\\\/deinadieu-dialog-und-serviceportal-zum-lebensende\\\/\"},{\"@type\":\"ListItem\",\"position\":2,\"name\":\"\u00ab Les personnes mutil\u00e9es ont \u00e9galement une grande valeur \u00bb\"}]},{\"@type\":\"WebSite\",\"@id\":\"https:\\\/\\\/www.deinadieu.ch\\\/fr\\\/#website\",\"url\":\"https:\\\/\\\/www.deinadieu.ch\\\/fr\\\/\",\"name\":\"DeinAdieu.ch\",\"description\":\"Testament, Patientenverf\u00fcgung und Vorsorgeauftrag\",\"publisher\":{\"@id\":\"https:\\\/\\\/www.deinadieu.ch\\\/fr\\\/#organization\"},\"potentialAction\":[{\"@type\":\"SearchAction\",\"target\":{\"@type\":\"EntryPoint\",\"urlTemplate\":\"https:\\\/\\\/www.deinadieu.ch\\\/fr\\\/?s={search_term_string}\"},\"query-input\":{\"@type\":\"PropertyValueSpecification\",\"valueRequired\":true,\"valueName\":\"search_term_string\"}}],\"inLanguage\":\"fr-FR\"},{\"@type\":\"Organization\",\"@id\":\"https:\\\/\\\/www.deinadieu.ch\\\/fr\\\/#organization\",\"name\":\"EMNA Web GmbH\",\"url\":\"https:\\\/\\\/www.deinadieu.ch\\\/fr\\\/\",\"logo\":{\"@type\":\"ImageObject\",\"inLanguage\":\"fr-FR\",\"@id\":\"https:\\\/\\\/www.deinadieu.ch\\\/fr\\\/#\\\/schema\\\/logo\\\/image\\\/\",\"url\":\"https:\\\/\\\/www.deinadieu.ch\\\/wp-content\\\/uploads\\\/2016\\\/01\\\/DeinAdieu_Logo.png\",\"contentUrl\":\"https:\\\/\\\/www.deinadieu.ch\\\/wp-content\\\/uploads\\\/2016\\\/01\\\/DeinAdieu_Logo.png\",\"width\":300,\"height\":117,\"caption\":\"EMNA Web GmbH\"},\"image\":{\"@id\":\"https:\\\/\\\/www.deinadieu.ch\\\/fr\\\/#\\\/schema\\\/logo\\\/image\\\/\"},\"sameAs\":[\"https:\\\/\\\/www.facebook.com\\\/deinadieu\",\"https:\\\/\\\/x.com\\\/DeinAdieu\",\"https:\\\/\\\/www.instagram.com\\\/deinadieu\\\/\",\"https:\\\/\\\/www.linkedin.com\\\/company\\\/deinadieu.ch\"]},{\"@type\":\"Person\",\"@id\":\"https:\\\/\\\/www.deinadieu.ch\\\/fr\\\/#\\\/schema\\\/person\\\/78cffe1cb679e17f919e3d0c0e7b9673\",\"name\":\"Janina Gehrig, MA UZH, Redaktorin\",\"image\":{\"@type\":\"ImageObject\",\"inLanguage\":\"fr-FR\",\"@id\":\"https:\\\/\\\/secure.gravatar.com\\\/avatar\\\/8bfc4dca12cd7c0a0373c12f34587d1f6a6117903e7ecc0035863bd69df6fb07?s=96&d=mm&r=g\",\"url\":\"https:\\\/\\\/secure.gravatar.com\\\/avatar\\\/8bfc4dca12cd7c0a0373c12f34587d1f6a6117903e7ecc0035863bd69df6fb07?s=96&d=mm&r=g\",\"contentUrl\":\"https:\\\/\\\/secure.gravatar.com\\\/avatar\\\/8bfc4dca12cd7c0a0373c12f34587d1f6a6117903e7ecc0035863bd69df6fb07?s=96&d=mm&r=g\",\"caption\":\"Janina Gehrig, MA UZH, Redaktorin\"},\"url\":\"https:\\\/\\\/www.deinadieu.ch\\\/fr\\\/author\\\/janinagehrig\\\/\"}]}<\/script>","yoast_head_json":{"title":"\u00ab Les personnes mutil\u00e9es ont \u00e9galement une grande valeur \u00bb | DeinAdieu.ch","description":"Elisabeth, infirmi\u00e8re bernoise, vit en Angola depuis plus de 40 ans. Elle y a mis en place le travail de r\u00e9insertion pour les personnes amput\u00e9es.","robots":{"index":"index","follow":"follow","max-snippet":"max-snippet:-1","max-image-preview":"max-image-preview:large","max-video-preview":"max-video-preview:-1"},"canonical":"https:\/\/www.deinadieu.ch\/fr\/meme-les-personnes-mutilees-ont-une-grande-valeur\/","og_locale":"fr_FR","og_type":"article","og_title":"\u00ab Les personnes mutil\u00e9es ont \u00e9galement une grande valeur \u00bb","og_description":"En Afrique, on laisse encore les personnes avec une limitation fonctionnelle \u00ab d\u00e9p\u00e9rir dans une chambre jusqu'\u00e0 ce qu'elles meurent \u00bb, dit une infirmi\u00e8re","og_url":"https:\/\/www.deinadieu.ch\/fr\/meme-les-personnes-mutilees-ont-une-grande-valeur\/","og_site_name":"DeinAdieu.ch","article_publisher":"https:\/\/www.facebook.com\/deinadieu","article_published_time":"2022-11-17T07:34:36+00:00","article_modified_time":"2024-02-05T15:26:28+00:00","og_image":[{"url":"https:\/\/static.deinadieu.ch\/uploads\/2022\/11\/Lucia-amputiert-an-beiden-Beinen-an-ihrem-Arbeitsplatz-1-768x1024.jpg","type":"","width":"","height":""}],"author":"Janina Gehrig, MA UZH, Redaktorin","twitter_card":"summary_large_image","twitter_creator":"@DeinAdieu","twitter_site":"@DeinAdieu","twitter_misc":{"Written by":"Janina Gehrig, MA UZH, Redaktorin","Est. reading time":"6 minutes"},"schema":{"@context":"https:\/\/schema.org","@graph":[{"@type":"Article","@id":"https:\/\/www.deinadieu.ch\/fr\/meme-les-personnes-mutilees-ont-une-grande-valeur\/#article","isPartOf":{"@id":"https:\/\/www.deinadieu.ch\/fr\/meme-les-personnes-mutilees-ont-une-grande-valeur\/"},"author":{"name":"Janina Gehrig, MA UZH, Redaktorin","@id":"https:\/\/www.deinadieu.ch\/fr\/#\/schema\/person\/78cffe1cb679e17f919e3d0c0e7b9673"},"headline":"\u00ab Les personnes mutil\u00e9es ont \u00e9galement une grande valeur \u00bb","datePublished":"2022-11-17T07:34:36+00:00","dateModified":"2024-02-05T15:26:28+00:00","mainEntityOfPage":{"@id":"https:\/\/www.deinadieu.ch\/fr\/meme-les-personnes-mutilees-ont-une-grande-valeur\/"},"wordCount":1316,"commentCount":0,"publisher":{"@id":"https:\/\/www.deinadieu.ch\/fr\/#organization"},"image":{"@id":"https:\/\/www.deinadieu.ch\/fr\/meme-les-personnes-mutilees-ont-une-grande-valeur\/#primaryimage"},"thumbnailUrl":"https:\/\/www.deinadieu.ch\/wp-content\/uploads\/2022\/11\/Lucia-amputiert-an-beiden-Beinen-an-ihrem-Arbeitsplatz-1-768x1024.jpg","keywords":["Organisation d'utilit\u00e9 publique","organisations d'aide","Quel effet mon h\u00e9ritage peut-il avoir ?"],"articleSection":["\u0152uvres caritatives en point de mire"],"inLanguage":"fr-FR","potentialAction":[{"@type":"CommentAction","name":"Comment","target":["https:\/\/www.deinadieu.ch\/fr\/meme-les-personnes-mutilees-ont-une-grande-valeur\/#respond"]}]},{"@type":"WebPage","@id":"https:\/\/www.deinadieu.ch\/fr\/meme-les-personnes-mutilees-ont-une-grande-valeur\/","url":"https:\/\/www.deinadieu.ch\/fr\/meme-les-personnes-mutilees-ont-une-grande-valeur\/","name":"\u00ab Les personnes mutil\u00e9es ont \u00e9galement une grande valeur \u00bb | DeinAdieu.ch","isPartOf":{"@id":"https:\/\/www.deinadieu.ch\/fr\/#website"},"primaryImageOfPage":{"@id":"https:\/\/www.deinadieu.ch\/fr\/meme-les-personnes-mutilees-ont-une-grande-valeur\/#primaryimage"},"image":{"@id":"https:\/\/www.deinadieu.ch\/fr\/meme-les-personnes-mutilees-ont-une-grande-valeur\/#primaryimage"},"thumbnailUrl":"https:\/\/www.deinadieu.ch\/wp-content\/uploads\/2022\/11\/Lucia-amputiert-an-beiden-Beinen-an-ihrem-Arbeitsplatz-1-768x1024.jpg","datePublished":"2022-11-17T07:34:36+00:00","dateModified":"2024-02-05T15:26:28+00:00","description":"Elisabeth, infirmi\u00e8re bernoise, vit en Angola depuis plus de 40 ans. Elle y a mis en place le travail de r\u00e9insertion pour les personnes amput\u00e9es.","breadcrumb":{"@id":"https:\/\/www.deinadieu.ch\/fr\/meme-les-personnes-mutilees-ont-une-grande-valeur\/#breadcrumb"},"inLanguage":"fr-FR","potentialAction":[{"@type":"ReadAction","target":["https:\/\/www.deinadieu.ch\/fr\/meme-les-personnes-mutilees-ont-une-grande-valeur\/"]}]},{"@type":"ImageObject","inLanguage":"fr-FR","@id":"https:\/\/www.deinadieu.ch\/fr\/meme-les-personnes-mutilees-ont-une-grande-valeur\/#primaryimage","url":"https:\/\/www.deinadieu.ch\/wp-content\/uploads\/2022\/11\/Lucia-amputiert-an-beiden-Beinen-an-ihrem-Arbeitsplatz-1-768x1024.jpg","contentUrl":"https:\/\/www.deinadieu.ch\/wp-content\/uploads\/2022\/11\/Lucia-amputiert-an-beiden-Beinen-an-ihrem-Arbeitsplatz-1-768x1024.jpg"},{"@type":"BreadcrumbList","@id":"https:\/\/www.deinadieu.ch\/fr\/meme-les-personnes-mutilees-ont-une-grande-valeur\/#breadcrumb","itemListElement":[{"@type":"ListItem","position":1,"name":"Home","item":"https:\/\/www.deinadieu.ch\/fr\/deinadieu-dialog-und-serviceportal-zum-lebensende\/"},{"@type":"ListItem","position":2,"name":"\u00ab Les personnes mutil\u00e9es ont \u00e9galement une grande valeur \u00bb"}]},{"@type":"WebSite","@id":"https:\/\/www.deinadieu.ch\/fr\/#website","url":"https:\/\/www.deinadieu.ch\/fr\/","name":"DeinAdieu.ch","description":"Testament, Patientenverf\u00fcgung und Vorsorgeauftrag","publisher":{"@id":"https:\/\/www.deinadieu.ch\/fr\/#organization"},"potentialAction":[{"@type":"SearchAction","target":{"@type":"EntryPoint","urlTemplate":"https:\/\/www.deinadieu.ch\/fr\/?s={search_term_string}"},"query-input":{"@type":"PropertyValueSpecification","valueRequired":true,"valueName":"search_term_string"}}],"inLanguage":"fr-FR"},{"@type":"Organization","@id":"https:\/\/www.deinadieu.ch\/fr\/#organization","name":"EMNA Web GmbH","url":"https:\/\/www.deinadieu.ch\/fr\/","logo":{"@type":"ImageObject","inLanguage":"fr-FR","@id":"https:\/\/www.deinadieu.ch\/fr\/#\/schema\/logo\/image\/","url":"https:\/\/www.deinadieu.ch\/wp-content\/uploads\/2016\/01\/DeinAdieu_Logo.png","contentUrl":"https:\/\/www.deinadieu.ch\/wp-content\/uploads\/2016\/01\/DeinAdieu_Logo.png","width":300,"height":117,"caption":"EMNA Web GmbH"},"image":{"@id":"https:\/\/www.deinadieu.ch\/fr\/#\/schema\/logo\/image\/"},"sameAs":["https:\/\/www.facebook.com\/deinadieu","https:\/\/x.com\/DeinAdieu","https:\/\/www.instagram.com\/deinadieu\/","https:\/\/www.linkedin.com\/company\/deinadieu.ch"]},{"@type":"Person","@id":"https:\/\/www.deinadieu.ch\/fr\/#\/schema\/person\/78cffe1cb679e17f919e3d0c0e7b9673","name":"Janina Gehrig, MA UZH, Redaktorin","image":{"@type":"ImageObject","inLanguage":"fr-FR","@id":"https:\/\/secure.gravatar.com\/avatar\/8bfc4dca12cd7c0a0373c12f34587d1f6a6117903e7ecc0035863bd69df6fb07?s=96&d=mm&r=g","url":"https:\/\/secure.gravatar.com\/avatar\/8bfc4dca12cd7c0a0373c12f34587d1f6a6117903e7ecc0035863bd69df6fb07?s=96&d=mm&r=g","contentUrl":"https:\/\/secure.gravatar.com\/avatar\/8bfc4dca12cd7c0a0373c12f34587d1f6a6117903e7ecc0035863bd69df6fb07?s=96&d=mm&r=g","caption":"Janina Gehrig, MA UZH, Redaktorin"},"url":"https:\/\/www.deinadieu.ch\/fr\/author\/janinagehrig\/"}]}},"_links":{"self":[{"href":"https:\/\/www.deinadieu.ch\/fr\/wp-json\/wp\/v2\/posts\/60853","targetHints":{"allow":["GET"]}}],"collection":[{"href":"https:\/\/www.deinadieu.ch\/fr\/wp-json\/wp\/v2\/posts"}],"about":[{"href":"https:\/\/www.deinadieu.ch\/fr\/wp-json\/wp\/v2\/types\/post"}],"author":[{"embeddable":true,"href":"https:\/\/www.deinadieu.ch\/fr\/wp-json\/wp\/v2\/users\/6028"}],"replies":[{"embeddable":true,"href":"https:\/\/www.deinadieu.ch\/fr\/wp-json\/wp\/v2\/comments?post=60853"}],"version-history":[{"count":7,"href":"https:\/\/www.deinadieu.ch\/fr\/wp-json\/wp\/v2\/posts\/60853\/revisions"}],"predecessor-version":[{"id":66641,"href":"https:\/\/www.deinadieu.ch\/fr\/wp-json\/wp\/v2\/posts\/60853\/revisions\/66641"}],"wp:attachment":[{"href":"https:\/\/www.deinadieu.ch\/fr\/wp-json\/wp\/v2\/media?parent=60853"}],"wp:term":[{"taxonomy":"category","embeddable":true,"href":"https:\/\/www.deinadieu.ch\/fr\/wp-json\/wp\/v2\/categories?post=60853"},{"taxonomy":"post_tag","embeddable":true,"href":"https:\/\/www.deinadieu.ch\/fr\/wp-json\/wp\/v2\/tags?post=60853"}],"curies":[{"name":"wp","href":"https:\/\/api.w.org\/{rel}","templated":true}]}}