{"id":60551,"date":"2022-09-07T21:58:11","date_gmt":"2022-09-07T19:58:11","guid":{"rendered":"https:\/\/www.deinadieu.ch\/on-ne-peut-pas-simaginer-cela-cette-misere-absolue-cette-pauvrete\/"},"modified":"2023-06-24T08:54:17","modified_gmt":"2023-06-24T06:54:17","slug":"on-ne-peut-pas-simaginer-cela-cette-misere-absolue-cette-pauvrete","status":"publish","type":"post","link":"https:\/\/www.deinadieu.ch\/fr\/on-ne-peut-pas-simaginer-cela-cette-misere-absolue-cette-pauvrete\/","title":{"rendered":"\u00ab On ne peut pas s&#8217;imaginer cela. Cette mis\u00e8re absolue, cette pauvret\u00e9. \u00bb"},"content":{"rendered":"\n<p>L\u00e0 o\u00f9 la pauvret\u00e9 s\u00e9vit, la consommation de stup\u00e9fiants est \u00e9troitement li\u00e9e \u00e0 la violence sexosp\u00e9cifique. International Blue Cross tente de sortir les jeunes de la rue dans diff\u00e9rents pays africains, de les informer sur les drogues et l&#8217;alcool et de leur offrir des perspectives. La responsable du projet, Flavia Ganarin, explique comment y parvenir.<\/p>\n\n<!--more-->\n\n<p>Une cabane en carton et en t\u00f4le ondul\u00e9e. Une maison sans eau courante ni \u00e9lectricit\u00e9. Un foyer comme cuisini\u00e8re. L&#8217;odeur d&#8217;urine et d&#8217;alcool. \u00ab On ne peut pas s&#8217;imaginer cela si on ne l&#8217;a jamais vu. Cette mis\u00e8re absolue, cette pauvret\u00e9 \u00bb, dit Flavia Ganarin. La responsable de projet chez <a href=\"https:\/\/www.deinadieu.ch\/hilfswerke\/international-blue-cross\/\">International Blue Cross<\/a> parle de sa derni\u00e8re visite \u00e0 Brazzaville, la capitale de la R\u00e9publique du Congo. Madame Ganarin travaille pour l&#8217;\u0153uvre d&#8217;entraide suisse dans le domaine de la coop\u00e9ration au d\u00e9veloppement. Elle y est responsable de la planification annuelle. \u00ab Je veille \u00e0 ce que l&#8217;argent soit d\u00e9pens\u00e9 correctement et je v\u00e9rifie \u00e9galement l&#8217;efficacit\u00e9 de nos projets \u00bb, dit-elle. <\/p>\n\n<p>International Blue Cross s&#8217;engage pour que les personnes ne subissent pas les effets n\u00e9fastes de l&#8217;alcool ou des drogues. En tant qu&#8217;organisation non gouvernementale, elle regroupe sous son toit 38 autres organisations nationales ind\u00e9pendantes dans 37 pays. <\/p>\n\n<figure class=\"wp-block-image size-large\"><img loading=\"lazy\" decoding=\"async\" width=\"1024\" height=\"683\" src=\"https:\/\/www.deinadieu.ch\/wp-content\/uploads\/2022\/09\/DA_PFG_MFR5219-1024x683.jpg\" alt=\"\" class=\"wp-image-60114\" srcset=\"https:\/\/www.deinadieu.ch\/wp-content\/uploads\/2022\/09\/DA_PFG_MFR5219-1024x683.jpg 1024w, https:\/\/www.deinadieu.ch\/wp-content\/uploads\/2022\/09\/DA_PFG_MFR5219-300x200.jpg 300w, https:\/\/www.deinadieu.ch\/wp-content\/uploads\/2022\/09\/DA_PFG_MFR5219-1536x1024.jpg 1536w, https:\/\/www.deinadieu.ch\/wp-content\/uploads\/2022\/09\/DA_PFG_MFR5219-2048x1365.jpg 2048w\" sizes=\"auto, (max-width: 1024px) 100vw, 1024px\" \/><figcaption class=\"wp-element-caption\">Des discussions sur la violence et le statut de la femme, le th\u00e9\u00e2tre et les jeux de r\u00f4le doivent initier des changements. Flavia Ganarin, responsable de projet chez International Blue Cross. Images : Manu Friederich<\/figcaption><\/figure>\n\n<h2 class=\"wp-block-heading\" id=\"h-jugendbanden-unter-drogeneinfluss\">Des bandes de jeunes sous l&#8217;influence de la drogue <\/h2>\n\n<p>L&#8217;organisation m\u00e8ne \u00e9galement des projets de pr\u00e9vention des drogue et de l&#8217;alcoolisme au Tchad, au Togo et en Tanzanie, qui se concentrent principalement sur les jeunes. Les jeunes qui grandissent dans des quartiers d\u00e9favoris\u00e9s, pauvres ou dans des bidonvilles. L\u00e0 o\u00f9 la pauvret\u00e9 s\u00e9vit, la consommation de stup\u00e9fiants est \u00e9troitement li\u00e9e \u00e0 la violence sexosp\u00e9cifique et \u00e9galement aux maladies. \u00ab L&#8217;alcoolisme est souvent la cause, mais aussi la cons\u00e9quence de ces conditions de vie \u00bb, explique Madame Ganarin. <\/p>\n\n<p>Les bandes de jeunes sont souvent sous l&#8217;influence de la drogue, ce qui renforce la violence. Les jeunes adultes ont cependant fr\u00e9quemment \u00e9t\u00e9 eux-m\u00eames victimes de violences. <\/p>\n\n<p>Une strat\u00e9gie d&#8217;intervention bas\u00e9e sur des preuves est mise en place \u00e0 trois niveaux : il s&#8217;agit du d\u00e9veloppement de comp\u00e9tences de vie individuelles, puis, dans un deuxi\u00e8me temps, de la formation de la communaut\u00e9 et, finalement, de la modification de certaines structures, par exemple au niveau l\u00e9gal. <\/p>\n\n<p>Selon Madame Ganarin, les \u00e9coles publiques et les groupes de jeunes des \u00e9glises sont les meilleurs moyens d&#8217;atteindre les jeunes. Des animateurs form\u00e9s, appel\u00e9s Life Skills Animators, les rencontrent ensuite r\u00e9guli\u00e8rement afin de les \u00e9loigner des rues. Des discussions sur la violence et le statut de la femme, le th\u00e9\u00e2tre et les jeux de r\u00f4le doivent initier des changements. <\/p>\n\n<figure class=\"wp-block-image size-large\"><img loading=\"lazy\" decoding=\"async\" width=\"1024\" height=\"683\" src=\"https:\/\/www.deinadieu.ch\/wp-content\/uploads\/2022\/09\/DA_PFG_MFR5285-1024x683.jpg\" alt=\"\" class=\"wp-image-60118\" srcset=\"https:\/\/www.deinadieu.ch\/wp-content\/uploads\/2022\/09\/DA_PFG_MFR5285-1024x683.jpg 1024w, https:\/\/www.deinadieu.ch\/wp-content\/uploads\/2022\/09\/DA_PFG_MFR5285-300x200.jpg 300w, https:\/\/www.deinadieu.ch\/wp-content\/uploads\/2022\/09\/DA_PFG_MFR5285-1536x1024.jpg 1536w, https:\/\/www.deinadieu.ch\/wp-content\/uploads\/2022\/09\/DA_PFG_MFR5285-2048x1365.jpg 2048w\" sizes=\"auto, (max-width: 1024px) 100vw, 1024px\" \/><figcaption class=\"wp-element-caption\"> Flavia Ganarin est persuad\u00e9e que, sur le long terme, le travail d&#8217;International Blue Cross peut contribuer \u00e0 davantage de paix et \u00e0 un meilleur d\u00e9veloppement des jeunes. <\/figcaption><\/figure>\n\n<p>\u00ab Il s&#8217;agit, pour les jeunes, de trouver un moyen de sortir de cette vie ou, par exemple, de la prostitution, par petites \u00e9tapes, gr\u00e2ce \u00e0 notre accompagnement. \u00bb Les jeunes ont appris \u00e0 d\u00e9penser moins d&#8217;argent pour l&#8217;alcool, \u00e0 changer leur mode de vie, \u00e0 \u00e9conomiser, \u00e0 \u00eatre moins d\u00e9pendants. Au Tchad, l&#8217;organisation \u00e0 but non lucratif travaille avec des conducteurs de motos-taxis. De nombreux jeunes travaillent comme conducteurs de motos-taxis, mais sont d\u00e9pendants du tramadol, un analg\u00e9sique. Ce n&#8217;est pas seulement mauvais pour la sant\u00e9, c&#8217;est \u00e9galement un danger sur la route. \u00ab Beaucoup d&#8217;entre eux r\u00eavent de devenir cordonniers. Nous collaborons avec d&#8217;autres ONG qui proposent des cours dans ce domaine \u00bb, explique Madame Ganarin. On les incite \u00e9galement \u00e0 faire du microfinancement. Il s&#8217;agit de financer et de r\u00e9aliser de petits projets \u00e0 plusieurs. <\/p>\n\n<p>International Blue Cross collabore \u00e9galement avec d&#8217;autres \u0153uvres d&#8217;entraide qui s&#8217;engagent pour la formation des jeunes, qui constitue l&#8217;un des piliers principaux pour pouvoir leur offrir \u00e0 nouveau des perspectives. <\/p>\n\n<h2 class=\"wp-block-heading\" id=\"h-die-alkoholindustrie-betreibt-aggressive-werbung\">L&#8217;industrie de l&#8217;alcool fait de la publicit\u00e9 agressive<\/h2>\n\n<p>Afin d&#8217;initier un changement de mentalit\u00e9 \u00e0 plus grande \u00e9chelle, des enseignants et des repr\u00e9sentants de la g\u00e9n\u00e9ration des a\u00een\u00e9s sont \u00e9galement invit\u00e9s \u00e0 participer \u00e0 des tables rondes. \u00ab Beaucoup de parents ne savent pas que l&#8217;alcool est mauvais pour le corps. Nous parlons avec eux des m\u00e9thodes d&#8217;\u00e9ducation et de la mani\u00e8re d&#8217;\u00e9tablir un dialogue positif avec leurs enfants sans recourir \u00e0 la violence physique. \u00bb Le plus difficile est d&#8217;obtenir des r\u00e9sultats au niveau structurel. Ainsi, au Togo, jusqu&#8217;\u00e0 r\u00e9cemment, il \u00e9tait permis de conduire avec de l&#8217;alcool dans le sang. Depuis peu, la situation juridique a chang\u00e9 et le taux d&#8217;alcool\u00e9mie autoris\u00e9 dans la circulation routi\u00e8re est d\u00e9sormais r\u00e9glement\u00e9. <\/p>\n\n<p>Cependant, il n&#8217;y a toujours que peu de soutien pour le travail de pr\u00e9vention dans les pays africains. L&#8217;industrie de l&#8217;alcool fait un marketing agressif. Comme l&#8217;acc\u00e8s au syst\u00e8me de sant\u00e9 est moins bon qu&#8217;en Europe, les effets n\u00e9fastes de l&#8217;alcool sont davantage visibles. <\/p>\n\n<p>Madame Ganarin, qui a \u00e9tudi\u00e9 les relations internationales \u00e0 Gen\u00e8ve, dit que son travail lui donne n\u00e9anmoins du courage : \u00ab Parce que je pense que ce que nous faisons est important. \u00bb Elle est persuad\u00e9e qu&#8217;\u00e0 plus long terme, cela peut contribuer \u00e0 davantage de paix et \u00e0 un meilleur d\u00e9veloppement des jeunes. <\/p>\n\n<h2 class=\"wp-block-heading\" id=\"h-madchen-werden-weniger-opfer-von-gewalt\">\u00ab Les filles sont moins victimes de violences \u00bb<\/h2>\n\n<p>A titre d&#8217;exemple, l&#8217;histoire d&#8217;une m\u00e8re de Brazzaville qui a appris \u00e0 dire non \u00e0 l&#8217;alcool gr\u00e2ce \u00e0 son fils est encourageante. \u00ab Le gar\u00e7on avait appris \u00e0 l&#8217;\u00e9cole que la consommation fr\u00e9quente d&#8217;alcool est mauvaise pour la sant\u00e9. Il voulait s&#8217;occuper de sa m\u00e8re. Il a toutefois fallu beaucoup de temps pour qu&#8217;elle comprenne qu&#8217;il ne s&#8217;agissait pas d&#8217;une r\u00e9bellion, mais de sa sant\u00e9. \u00bb Apr\u00e8s une soir\u00e9e de parents organis\u00e9e par la Croix-Bleue, elle, qui n&#8217;\u00e9tait pourtant pas d\u00e9pendante, a finalement arr\u00eat\u00e9 de boire. \u00ab Son fils pouvait enfin lui parler d&#8217;\u00e9gal \u00e0 \u00e9gal \u00bb, dit Madame Ganarin. <\/p>\n\n<p>Les rapports annuels des organisations partenaires sur place prouvent que leurs projets ont \u00e9t\u00e9 couronn\u00e9s de succ\u00e8s. Madame Ganarin dit : \u00ab Gr\u00e2ce \u00e0 nos projets, de nombreux jeunes sont sortis de la d\u00e9pendance et les filles sont moins souvent victimes de violences. Au Tchad, nous avons pu contribuer \u00e0 ce que les filles sachent se d\u00e9fendre contre les mariages forc\u00e9s ou puissent d\u00e9fendre leur droit d&#8217;aller \u00e0 l&#8217;\u00e9cole m\u00eame si elles sont enceintes. \u00bb <\/p>\n\n\n        <div class=\"da-servicebox relative bg-gray-200 p-4 pt-8 border-solid border-t-8 border-da-dark mb-6\">\n            <i class=\"fas fa-info-circle mx-auto fa-7x text-da-dark\"><\/i>\n            <span style=\"hyphens: auto\">\n                <\/p>\n\n<p>L&#8217;organisation \u00e0 but non lucratif <a href=\"https:\/\/www.deinadieu.ch\/hilfswerke\/international-blue-cross\/\">International Blue Cross<\/a> est soutenue financi\u00e8rement par la Direction du d\u00e9veloppement et de la coop\u00e9ration (DDC). Les deux tiers des projets sont financ\u00e9s par les dons de particuliers et d&#8217;\u00e9glises ainsi que par le fonds de loterie. <\/p>\n\n<p>\n                \n                \n            <\/span>\n        <\/div>\n        \n\n<div style=\"height:40px\" aria-hidden=\"true\" class=\"wp-block-spacer\"><\/div>\n\n<div class=\"wp-block-buttons is-layout-flex wp-block-buttons-is-layout-flex\">\n<div class=\"wp-block-button\"><a class=\"wp-block-button__link wp-element-button\" href=\"https:\/\/app.deinadieu.ch\/testamentgenerator\/ngo\/7526?lang=de\">R\u00e9diger un testament maintenant<\/a><\/div>\n<\/div>\n","protected":false},"excerpt":{"rendered":"<p>L\u00e0 o\u00f9 la pauvret\u00e9 s\u00e9vit, la consommation de stup\u00e9fiants est \u00e9troitement li\u00e9e \u00e0 la violence sexosp\u00e9cifique. International Blue Cross tente de sortir les jeunes de la rue dans diff\u00e9rents pays africains, de les informer sur les drogues et l&#8217;alcool et de leur offrir des perspectives. La responsable du projet, Flavia Ganarin, explique comment y parvenir.<\/p>\n","protected":false},"author":6028,"featured_media":60149,"comment_status":"open","ping_status":"closed","sticky":false,"template":"","format":"standard","meta":{"_acf_changed":false,"footnotes":""},"categories":[2450],"tags":[2469],"class_list":["post-60551","post","type-post","status-publish","format-standard","has-post-thumbnail","hentry","category-oeuvres-caritatives","tag-quel-effet-mon-heritage-peut-il-avoir"],"acf":[],"yoast_head":"<title>Reportage : Travail de pr\u00e9vention avec International Blue Cross | DeinAdieu<\/title>\n<meta name=\"description\" content=\"International Blue Cross tente de sortir les jeunes de la rue dans diff\u00e9rents pays africains, de les informer sur les drogues et l&#039;alcool et de leur offrir des perspectives.\" \/>\n<meta name=\"robots\" content=\"index, follow, max-snippet:-1, max-image-preview:large, max-video-preview:-1\" \/>\n<link rel=\"canonical\" href=\"https:\/\/www.deinadieu.ch\/fr\/on-ne-peut-pas-simaginer-cela-cette-misere-absolue-cette-pauvrete\/\" \/>\n<meta property=\"og:locale\" content=\"fr_FR\" \/>\n<meta property=\"og:type\" content=\"article\" \/>\n<meta property=\"og:title\" content=\"\u00ab On ne peut pas s&#039;imaginer cela. Cette mis\u00e8re absolue, cette pauvret\u00e9. \u00bb\" \/>\n<meta property=\"og:description\" content=\"L\u00e0 o\u00f9 la pauvret\u00e9 s\u00e9vit, la consommation de stup\u00e9fiants est \u00e9troitement li\u00e9e \u00e0 la violence sexosp\u00e9cifique. International Blue Cross tente de sortir les\" \/>\n<meta property=\"og:url\" content=\"https:\/\/www.deinadieu.ch\/fr\/on-ne-peut-pas-simaginer-cela-cette-misere-absolue-cette-pauvrete\/\" \/>\n<meta property=\"og:site_name\" content=\"DeinAdieu.ch\" \/>\n<meta property=\"article:publisher\" content=\"https:\/\/www.facebook.com\/deinadieu\" \/>\n<meta property=\"article:published_time\" content=\"2022-09-07T19:58:11+00:00\" \/>\n<meta property=\"article:modified_time\" content=\"2023-06-24T06:54:17+00:00\" \/>\n<meta property=\"og:image\" content=\"https:\/\/static.deinadieu.ch\/uploads\/2022\/09\/DA_PFG_MFR5200-scaled.jpg\" \/>\n\t<meta property=\"og:image:width\" content=\"2560\" \/>\n\t<meta property=\"og:image:height\" content=\"1707\" \/>\n\t<meta property=\"og:image:type\" content=\"image\/jpeg\" \/>\n<meta name=\"author\" content=\"Janina Gehrig, MA UZH, Redaktorin\" \/>\n<meta name=\"twitter:card\" content=\"summary_large_image\" \/>\n<meta name=\"twitter:creator\" content=\"@DeinAdieu\" \/>\n<meta name=\"twitter:site\" content=\"@DeinAdieu\" \/>\n<meta name=\"twitter:label1\" content=\"Written by\" \/>\n\t<meta name=\"twitter:data1\" content=\"Janina Gehrig, MA UZH, Redaktorin\" \/>\n\t<meta name=\"twitter:label2\" content=\"Est. reading time\" \/>\n\t<meta name=\"twitter:data2\" content=\"6 minutes\" \/>\n<script type=\"application\/ld+json\" class=\"yoast-schema-graph\">{\"@context\":\"https:\\\/\\\/schema.org\",\"@graph\":[{\"@type\":\"Article\",\"@id\":\"https:\\\/\\\/www.deinadieu.ch\\\/fr\\\/on-ne-peut-pas-simaginer-cela-cette-misere-absolue-cette-pauvrete\\\/#article\",\"isPartOf\":{\"@id\":\"https:\\\/\\\/www.deinadieu.ch\\\/fr\\\/on-ne-peut-pas-simaginer-cela-cette-misere-absolue-cette-pauvrete\\\/\"},\"author\":{\"name\":\"Janina Gehrig, MA UZH, Redaktorin\",\"@id\":\"https:\\\/\\\/www.deinadieu.ch\\\/fr\\\/#\\\/schema\\\/person\\\/78cffe1cb679e17f919e3d0c0e7b9673\"},\"headline\":\"\u00ab On ne peut pas s&#8217;imaginer cela. Cette mis\u00e8re absolue, cette pauvret\u00e9. \u00bb\",\"datePublished\":\"2022-09-07T19:58:11+00:00\",\"dateModified\":\"2023-06-24T06:54:17+00:00\",\"mainEntityOfPage\":{\"@id\":\"https:\\\/\\\/www.deinadieu.ch\\\/fr\\\/on-ne-peut-pas-simaginer-cela-cette-misere-absolue-cette-pauvrete\\\/\"},\"wordCount\":1221,\"commentCount\":0,\"publisher\":{\"@id\":\"https:\\\/\\\/www.deinadieu.ch\\\/fr\\\/#organization\"},\"image\":{\"@id\":\"https:\\\/\\\/www.deinadieu.ch\\\/fr\\\/on-ne-peut-pas-simaginer-cela-cette-misere-absolue-cette-pauvrete\\\/#primaryimage\"},\"thumbnailUrl\":\"https:\\\/\\\/www.deinadieu.ch\\\/wp-content\\\/uploads\\\/2022\\\/09\\\/DA_PFG_MFR5200-scaled.jpg\",\"keywords\":[\"Quel effet mon h\u00e9ritage peut-il avoir ?\"],\"articleSection\":[\"\u0152uvres caritatives en point de mire\"],\"inLanguage\":\"fr-FR\",\"potentialAction\":[{\"@type\":\"CommentAction\",\"name\":\"Comment\",\"target\":[\"https:\\\/\\\/www.deinadieu.ch\\\/fr\\\/on-ne-peut-pas-simaginer-cela-cette-misere-absolue-cette-pauvrete\\\/#respond\"]}]},{\"@type\":\"WebPage\",\"@id\":\"https:\\\/\\\/www.deinadieu.ch\\\/fr\\\/on-ne-peut-pas-simaginer-cela-cette-misere-absolue-cette-pauvrete\\\/\",\"url\":\"https:\\\/\\\/www.deinadieu.ch\\\/fr\\\/on-ne-peut-pas-simaginer-cela-cette-misere-absolue-cette-pauvrete\\\/\",\"name\":\"Reportage : Travail de pr\u00e9vention avec International Blue Cross | DeinAdieu\",\"isPartOf\":{\"@id\":\"https:\\\/\\\/www.deinadieu.ch\\\/fr\\\/#website\"},\"primaryImageOfPage\":{\"@id\":\"https:\\\/\\\/www.deinadieu.ch\\\/fr\\\/on-ne-peut-pas-simaginer-cela-cette-misere-absolue-cette-pauvrete\\\/#primaryimage\"},\"image\":{\"@id\":\"https:\\\/\\\/www.deinadieu.ch\\\/fr\\\/on-ne-peut-pas-simaginer-cela-cette-misere-absolue-cette-pauvrete\\\/#primaryimage\"},\"thumbnailUrl\":\"https:\\\/\\\/www.deinadieu.ch\\\/wp-content\\\/uploads\\\/2022\\\/09\\\/DA_PFG_MFR5200-scaled.jpg\",\"datePublished\":\"2022-09-07T19:58:11+00:00\",\"dateModified\":\"2023-06-24T06:54:17+00:00\",\"description\":\"International Blue Cross tente de sortir les jeunes de la rue dans diff\u00e9rents pays africains, de les informer sur les drogues et l'alcool et de leur offrir des perspectives.\",\"breadcrumb\":{\"@id\":\"https:\\\/\\\/www.deinadieu.ch\\\/fr\\\/on-ne-peut-pas-simaginer-cela-cette-misere-absolue-cette-pauvrete\\\/#breadcrumb\"},\"inLanguage\":\"fr-FR\",\"potentialAction\":[{\"@type\":\"ReadAction\",\"target\":[\"https:\\\/\\\/www.deinadieu.ch\\\/fr\\\/on-ne-peut-pas-simaginer-cela-cette-misere-absolue-cette-pauvrete\\\/\"]}]},{\"@type\":\"ImageObject\",\"inLanguage\":\"fr-FR\",\"@id\":\"https:\\\/\\\/www.deinadieu.ch\\\/fr\\\/on-ne-peut-pas-simaginer-cela-cette-misere-absolue-cette-pauvrete\\\/#primaryimage\",\"url\":\"https:\\\/\\\/www.deinadieu.ch\\\/wp-content\\\/uploads\\\/2022\\\/09\\\/DA_PFG_MFR5200-scaled.jpg\",\"contentUrl\":\"https:\\\/\\\/www.deinadieu.ch\\\/wp-content\\\/uploads\\\/2022\\\/09\\\/DA_PFG_MFR5200-scaled.jpg\",\"width\":2560,\"height\":1707,\"caption\":\"Flavia Ganarin d'International Blue Cross s'engage pour les jeunes en Afrique. \u00a9 Manu Friederich\"},{\"@type\":\"BreadcrumbList\",\"@id\":\"https:\\\/\\\/www.deinadieu.ch\\\/fr\\\/on-ne-peut-pas-simaginer-cela-cette-misere-absolue-cette-pauvrete\\\/#breadcrumb\",\"itemListElement\":[{\"@type\":\"ListItem\",\"position\":1,\"name\":\"Home\",\"item\":\"https:\\\/\\\/www.deinadieu.ch\\\/fr\\\/deinadieu-dialog-und-serviceportal-zum-lebensende\\\/\"},{\"@type\":\"ListItem\",\"position\":2,\"name\":\"\u00ab On ne peut pas s&#8217;imaginer cela. Cette mis\u00e8re absolue, cette pauvret\u00e9. \u00bb\"}]},{\"@type\":\"WebSite\",\"@id\":\"https:\\\/\\\/www.deinadieu.ch\\\/fr\\\/#website\",\"url\":\"https:\\\/\\\/www.deinadieu.ch\\\/fr\\\/\",\"name\":\"DeinAdieu.ch\",\"description\":\"Testament, Patientenverf\u00fcgung und Vorsorgeauftrag\",\"publisher\":{\"@id\":\"https:\\\/\\\/www.deinadieu.ch\\\/fr\\\/#organization\"},\"potentialAction\":[{\"@type\":\"SearchAction\",\"target\":{\"@type\":\"EntryPoint\",\"urlTemplate\":\"https:\\\/\\\/www.deinadieu.ch\\\/fr\\\/?s={search_term_string}\"},\"query-input\":{\"@type\":\"PropertyValueSpecification\",\"valueRequired\":true,\"valueName\":\"search_term_string\"}}],\"inLanguage\":\"fr-FR\"},{\"@type\":\"Organization\",\"@id\":\"https:\\\/\\\/www.deinadieu.ch\\\/fr\\\/#organization\",\"name\":\"EMNA Web GmbH\",\"url\":\"https:\\\/\\\/www.deinadieu.ch\\\/fr\\\/\",\"logo\":{\"@type\":\"ImageObject\",\"inLanguage\":\"fr-FR\",\"@id\":\"https:\\\/\\\/www.deinadieu.ch\\\/fr\\\/#\\\/schema\\\/logo\\\/image\\\/\",\"url\":\"https:\\\/\\\/www.deinadieu.ch\\\/wp-content\\\/uploads\\\/2016\\\/01\\\/DeinAdieu_Logo.png\",\"contentUrl\":\"https:\\\/\\\/www.deinadieu.ch\\\/wp-content\\\/uploads\\\/2016\\\/01\\\/DeinAdieu_Logo.png\",\"width\":300,\"height\":117,\"caption\":\"EMNA Web GmbH\"},\"image\":{\"@id\":\"https:\\\/\\\/www.deinadieu.ch\\\/fr\\\/#\\\/schema\\\/logo\\\/image\\\/\"},\"sameAs\":[\"https:\\\/\\\/www.facebook.com\\\/deinadieu\",\"https:\\\/\\\/x.com\\\/DeinAdieu\",\"https:\\\/\\\/www.instagram.com\\\/deinadieu\\\/\",\"https:\\\/\\\/www.linkedin.com\\\/company\\\/deinadieu.ch\"]},{\"@type\":\"Person\",\"@id\":\"https:\\\/\\\/www.deinadieu.ch\\\/fr\\\/#\\\/schema\\\/person\\\/78cffe1cb679e17f919e3d0c0e7b9673\",\"name\":\"Janina Gehrig, MA UZH, Redaktorin\",\"image\":{\"@type\":\"ImageObject\",\"inLanguage\":\"fr-FR\",\"@id\":\"https:\\\/\\\/secure.gravatar.com\\\/avatar\\\/8bfc4dca12cd7c0a0373c12f34587d1f6a6117903e7ecc0035863bd69df6fb07?s=96&d=mm&r=g\",\"url\":\"https:\\\/\\\/secure.gravatar.com\\\/avatar\\\/8bfc4dca12cd7c0a0373c12f34587d1f6a6117903e7ecc0035863bd69df6fb07?s=96&d=mm&r=g\",\"contentUrl\":\"https:\\\/\\\/secure.gravatar.com\\\/avatar\\\/8bfc4dca12cd7c0a0373c12f34587d1f6a6117903e7ecc0035863bd69df6fb07?s=96&d=mm&r=g\",\"caption\":\"Janina Gehrig, MA UZH, Redaktorin\"},\"url\":\"https:\\\/\\\/www.deinadieu.ch\\\/fr\\\/author\\\/janinagehrig\\\/\"}]}<\/script>","yoast_head_json":{"title":"Reportage : Travail de pr\u00e9vention avec International Blue Cross | DeinAdieu","description":"International Blue Cross tente de sortir les jeunes de la rue dans diff\u00e9rents pays africains, de les informer sur les drogues et l'alcool et de leur offrir des perspectives.","robots":{"index":"index","follow":"follow","max-snippet":"max-snippet:-1","max-image-preview":"max-image-preview:large","max-video-preview":"max-video-preview:-1"},"canonical":"https:\/\/www.deinadieu.ch\/fr\/on-ne-peut-pas-simaginer-cela-cette-misere-absolue-cette-pauvrete\/","og_locale":"fr_FR","og_type":"article","og_title":"\u00ab On ne peut pas s'imaginer cela. Cette mis\u00e8re absolue, cette pauvret\u00e9. \u00bb","og_description":"L\u00e0 o\u00f9 la pauvret\u00e9 s\u00e9vit, la consommation de stup\u00e9fiants est \u00e9troitement li\u00e9e \u00e0 la violence sexosp\u00e9cifique. International Blue Cross tente de sortir les","og_url":"https:\/\/www.deinadieu.ch\/fr\/on-ne-peut-pas-simaginer-cela-cette-misere-absolue-cette-pauvrete\/","og_site_name":"DeinAdieu.ch","article_publisher":"https:\/\/www.facebook.com\/deinadieu","article_published_time":"2022-09-07T19:58:11+00:00","article_modified_time":"2023-06-24T06:54:17+00:00","og_image":[{"width":2560,"height":1707,"url":"https:\/\/static.deinadieu.ch\/uploads\/2022\/09\/DA_PFG_MFR5200-scaled.jpg","type":"image\/jpeg"}],"author":"Janina Gehrig, MA UZH, Redaktorin","twitter_card":"summary_large_image","twitter_creator":"@DeinAdieu","twitter_site":"@DeinAdieu","twitter_misc":{"Written by":"Janina Gehrig, MA UZH, Redaktorin","Est. reading time":"6 minutes"},"schema":{"@context":"https:\/\/schema.org","@graph":[{"@type":"Article","@id":"https:\/\/www.deinadieu.ch\/fr\/on-ne-peut-pas-simaginer-cela-cette-misere-absolue-cette-pauvrete\/#article","isPartOf":{"@id":"https:\/\/www.deinadieu.ch\/fr\/on-ne-peut-pas-simaginer-cela-cette-misere-absolue-cette-pauvrete\/"},"author":{"name":"Janina Gehrig, MA UZH, Redaktorin","@id":"https:\/\/www.deinadieu.ch\/fr\/#\/schema\/person\/78cffe1cb679e17f919e3d0c0e7b9673"},"headline":"\u00ab On ne peut pas s&#8217;imaginer cela. Cette mis\u00e8re absolue, cette pauvret\u00e9. \u00bb","datePublished":"2022-09-07T19:58:11+00:00","dateModified":"2023-06-24T06:54:17+00:00","mainEntityOfPage":{"@id":"https:\/\/www.deinadieu.ch\/fr\/on-ne-peut-pas-simaginer-cela-cette-misere-absolue-cette-pauvrete\/"},"wordCount":1221,"commentCount":0,"publisher":{"@id":"https:\/\/www.deinadieu.ch\/fr\/#organization"},"image":{"@id":"https:\/\/www.deinadieu.ch\/fr\/on-ne-peut-pas-simaginer-cela-cette-misere-absolue-cette-pauvrete\/#primaryimage"},"thumbnailUrl":"https:\/\/www.deinadieu.ch\/wp-content\/uploads\/2022\/09\/DA_PFG_MFR5200-scaled.jpg","keywords":["Quel effet mon h\u00e9ritage peut-il avoir ?"],"articleSection":["\u0152uvres caritatives en point de mire"],"inLanguage":"fr-FR","potentialAction":[{"@type":"CommentAction","name":"Comment","target":["https:\/\/www.deinadieu.ch\/fr\/on-ne-peut-pas-simaginer-cela-cette-misere-absolue-cette-pauvrete\/#respond"]}]},{"@type":"WebPage","@id":"https:\/\/www.deinadieu.ch\/fr\/on-ne-peut-pas-simaginer-cela-cette-misere-absolue-cette-pauvrete\/","url":"https:\/\/www.deinadieu.ch\/fr\/on-ne-peut-pas-simaginer-cela-cette-misere-absolue-cette-pauvrete\/","name":"Reportage : Travail de pr\u00e9vention avec International Blue Cross | DeinAdieu","isPartOf":{"@id":"https:\/\/www.deinadieu.ch\/fr\/#website"},"primaryImageOfPage":{"@id":"https:\/\/www.deinadieu.ch\/fr\/on-ne-peut-pas-simaginer-cela-cette-misere-absolue-cette-pauvrete\/#primaryimage"},"image":{"@id":"https:\/\/www.deinadieu.ch\/fr\/on-ne-peut-pas-simaginer-cela-cette-misere-absolue-cette-pauvrete\/#primaryimage"},"thumbnailUrl":"https:\/\/www.deinadieu.ch\/wp-content\/uploads\/2022\/09\/DA_PFG_MFR5200-scaled.jpg","datePublished":"2022-09-07T19:58:11+00:00","dateModified":"2023-06-24T06:54:17+00:00","description":"International Blue Cross tente de sortir les jeunes de la rue dans diff\u00e9rents pays africains, de les informer sur les drogues et l'alcool et de leur offrir des perspectives.","breadcrumb":{"@id":"https:\/\/www.deinadieu.ch\/fr\/on-ne-peut-pas-simaginer-cela-cette-misere-absolue-cette-pauvrete\/#breadcrumb"},"inLanguage":"fr-FR","potentialAction":[{"@type":"ReadAction","target":["https:\/\/www.deinadieu.ch\/fr\/on-ne-peut-pas-simaginer-cela-cette-misere-absolue-cette-pauvrete\/"]}]},{"@type":"ImageObject","inLanguage":"fr-FR","@id":"https:\/\/www.deinadieu.ch\/fr\/on-ne-peut-pas-simaginer-cela-cette-misere-absolue-cette-pauvrete\/#primaryimage","url":"https:\/\/www.deinadieu.ch\/wp-content\/uploads\/2022\/09\/DA_PFG_MFR5200-scaled.jpg","contentUrl":"https:\/\/www.deinadieu.ch\/wp-content\/uploads\/2022\/09\/DA_PFG_MFR5200-scaled.jpg","width":2560,"height":1707,"caption":"Flavia Ganarin d'International Blue Cross s'engage pour les jeunes en Afrique. \u00a9 Manu Friederich"},{"@type":"BreadcrumbList","@id":"https:\/\/www.deinadieu.ch\/fr\/on-ne-peut-pas-simaginer-cela-cette-misere-absolue-cette-pauvrete\/#breadcrumb","itemListElement":[{"@type":"ListItem","position":1,"name":"Home","item":"https:\/\/www.deinadieu.ch\/fr\/deinadieu-dialog-und-serviceportal-zum-lebensende\/"},{"@type":"ListItem","position":2,"name":"\u00ab On ne peut pas s&#8217;imaginer cela. Cette mis\u00e8re absolue, cette pauvret\u00e9. \u00bb"}]},{"@type":"WebSite","@id":"https:\/\/www.deinadieu.ch\/fr\/#website","url":"https:\/\/www.deinadieu.ch\/fr\/","name":"DeinAdieu.ch","description":"Testament, Patientenverf\u00fcgung und Vorsorgeauftrag","publisher":{"@id":"https:\/\/www.deinadieu.ch\/fr\/#organization"},"potentialAction":[{"@type":"SearchAction","target":{"@type":"EntryPoint","urlTemplate":"https:\/\/www.deinadieu.ch\/fr\/?s={search_term_string}"},"query-input":{"@type":"PropertyValueSpecification","valueRequired":true,"valueName":"search_term_string"}}],"inLanguage":"fr-FR"},{"@type":"Organization","@id":"https:\/\/www.deinadieu.ch\/fr\/#organization","name":"EMNA Web GmbH","url":"https:\/\/www.deinadieu.ch\/fr\/","logo":{"@type":"ImageObject","inLanguage":"fr-FR","@id":"https:\/\/www.deinadieu.ch\/fr\/#\/schema\/logo\/image\/","url":"https:\/\/www.deinadieu.ch\/wp-content\/uploads\/2016\/01\/DeinAdieu_Logo.png","contentUrl":"https:\/\/www.deinadieu.ch\/wp-content\/uploads\/2016\/01\/DeinAdieu_Logo.png","width":300,"height":117,"caption":"EMNA Web GmbH"},"image":{"@id":"https:\/\/www.deinadieu.ch\/fr\/#\/schema\/logo\/image\/"},"sameAs":["https:\/\/www.facebook.com\/deinadieu","https:\/\/x.com\/DeinAdieu","https:\/\/www.instagram.com\/deinadieu\/","https:\/\/www.linkedin.com\/company\/deinadieu.ch"]},{"@type":"Person","@id":"https:\/\/www.deinadieu.ch\/fr\/#\/schema\/person\/78cffe1cb679e17f919e3d0c0e7b9673","name":"Janina Gehrig, MA UZH, Redaktorin","image":{"@type":"ImageObject","inLanguage":"fr-FR","@id":"https:\/\/secure.gravatar.com\/avatar\/8bfc4dca12cd7c0a0373c12f34587d1f6a6117903e7ecc0035863bd69df6fb07?s=96&d=mm&r=g","url":"https:\/\/secure.gravatar.com\/avatar\/8bfc4dca12cd7c0a0373c12f34587d1f6a6117903e7ecc0035863bd69df6fb07?s=96&d=mm&r=g","contentUrl":"https:\/\/secure.gravatar.com\/avatar\/8bfc4dca12cd7c0a0373c12f34587d1f6a6117903e7ecc0035863bd69df6fb07?s=96&d=mm&r=g","caption":"Janina Gehrig, MA UZH, Redaktorin"},"url":"https:\/\/www.deinadieu.ch\/fr\/author\/janinagehrig\/"}]}},"_links":{"self":[{"href":"https:\/\/www.deinadieu.ch\/fr\/wp-json\/wp\/v2\/posts\/60551","targetHints":{"allow":["GET"]}}],"collection":[{"href":"https:\/\/www.deinadieu.ch\/fr\/wp-json\/wp\/v2\/posts"}],"about":[{"href":"https:\/\/www.deinadieu.ch\/fr\/wp-json\/wp\/v2\/types\/post"}],"author":[{"embeddable":true,"href":"https:\/\/www.deinadieu.ch\/fr\/wp-json\/wp\/v2\/users\/6028"}],"replies":[{"embeddable":true,"href":"https:\/\/www.deinadieu.ch\/fr\/wp-json\/wp\/v2\/comments?post=60551"}],"version-history":[{"count":6,"href":"https:\/\/www.deinadieu.ch\/fr\/wp-json\/wp\/v2\/posts\/60551\/revisions"}],"predecessor-version":[{"id":64646,"href":"https:\/\/www.deinadieu.ch\/fr\/wp-json\/wp\/v2\/posts\/60551\/revisions\/64646"}],"wp:featuredmedia":[{"embeddable":true,"href":"https:\/\/www.deinadieu.ch\/fr\/wp-json\/wp\/v2\/media\/60149"}],"wp:attachment":[{"href":"https:\/\/www.deinadieu.ch\/fr\/wp-json\/wp\/v2\/media?parent=60551"}],"wp:term":[{"taxonomy":"category","embeddable":true,"href":"https:\/\/www.deinadieu.ch\/fr\/wp-json\/wp\/v2\/categories?post=60551"},{"taxonomy":"post_tag","embeddable":true,"href":"https:\/\/www.deinadieu.ch\/fr\/wp-json\/wp\/v2\/tags?post=60551"}],"curies":[{"name":"wp","href":"https:\/\/api.w.org\/{rel}","templated":true}]}}