{"id":60543,"date":"2022-09-30T08:19:57","date_gmt":"2022-09-30T06:19:57","guid":{"rendered":"https:\/\/www.deinadieu.ch\/plus-on-donne-plus-on-recoit-en-retour\/"},"modified":"2024-02-05T16:21:03","modified_gmt":"2024-02-05T15:21:03","slug":"plus-on-donne-plus-on-recoit-en-retour","status":"publish","type":"post","link":"https:\/\/www.deinadieu.ch\/fr\/plus-on-donne-plus-on-recoit-en-retour\/","title":{"rendered":"\u00ab Plus on donne, plus on re\u00e7oit en retour \u00bb"},"content":{"rendered":"\n<p>Depuis plus de 40 ans, elle s&#8217;engage en faveur des personnes d\u00e9favoris\u00e9es : Lea Wyler est pr\u00e9sidente et cofondatrice de Rokpa. L&#8217;\u0153uvre d&#8217;entraide internationale soutient des personnes dans le besoin au N\u00e9pal, au Zimbabwe, en Afrique du Sud et dans d&#8217;autres pays du monde. L&#8217;ancienne actrice Lea Wyler a trouv\u00e9 son r\u00f4le de c\u0153ur dans l&#8217;aide.<\/p>\n\n<!--more-->\n\n<p>Madame Wyler ne fait pas grand cas des symboles de statut social. Depuis plus de 40 ans, la pr\u00e9sidente de Rokpa travaille b\u00e9n\u00e9volement. Son seul luxe : le chocolat suisse. Outre son engagement pour les personnes d\u00e9favoris\u00e9es, c&#8217;est ce qui la rend heureuse : \u00ab Si on peut aider, il faut saisir cette opportunit\u00e9. \u00bb La Zurichoise avoue avec une honn\u00eatet\u00e9 d\u00e9sarmante : \u00ab J&#8217;agis pour des motifs \u00e9go\u00efstes, car l&#8217;engagement me comble. Plus on donne, plus on re\u00e7oit en retour. \u00bb<\/p>\n\n<h2 class=\"wp-block-heading\">De la sc\u00e8ne \u00e0 la rue<\/h2>\n\n<p>Avant de fonder l&#8217;\u0153uvre d&#8217;entraide Rokpa, Lea Wyler a \u00e9t\u00e9 actrice sur sc\u00e8ne. La m\u00e8re et la grand-m\u00e8re de Madame Wyler \u00e9taient d\u00e9j\u00e0 toutes les deux actrices. D\u00e8s l&#8217;\u00e2ge de 3 ans, Lea Wyler s&#8217;est gliss\u00e9e dans des r\u00f4les. Plus tard, elle a suivi des formations d&#8217;actrice \u00e0 Londres et en Isra\u00ebl. Lea Wyler \u00e9tait sur le point d&#8217;obtenir un engagement important \u00e0 Ha\u00effa lorsqu&#8217;elle a appris que sa m\u00e8re \u00e9tait gravement malade. La jeune actrice a quitt\u00e9 \u00ab les planches \u00bb pour revenir en Suisse, o\u00f9 elle a pris soin de sa m\u00e8re pendant sa maladie et l&#8217;a accompagn\u00e9e jusqu&#8217;\u00e0 son d\u00e9c\u00e8s : \u00ab La mani\u00e8re d&#8217;aborder la mort et <a href=\"https:\/\/www.deinadieu.ch\/zeit-ueber-abschied-zu-reden\/\">de dire adieu \u00e0 ses proches<\/a> \u2013 on n&#8217;apprend pas ce genre de choses \u00e0 l&#8217;\u00e9cole \u00bb, commente Lea Wyler \u00e0 propos de cette p\u00e9riode sombre. Le d\u00e9c\u00e8s de sa m\u00e8re bien-aim\u00e9e a plong\u00e9 Madame Wyler dans une crise existentielle. C&#8217;est \u00e0 cette \u00e9poque qu&#8217;elle a fait la connaissance du Dr Akong Tulku Rinpoche, m\u00e9decin et lama tib\u00e9tain. L&#8217;actrice de l&#8217;\u00e9poque a accompagn\u00e9 le ma\u00eetre de m\u00e9ditation lors d&#8217;un p\u00e8lerinage au N\u00e9pal et en Inde et a rencontr\u00e9 une souffrance inconcevable : des enfants sans abri, <a href=\"https:\/\/www.deinadieu.ch\/markus-freudiger-die-lepra-mission-hilft-den-aermsten\/\">des l\u00e9preux<\/a> et des personnes \u00e2g\u00e9es tortur\u00e9es par la faim lui ont montr\u00e9 un monde qui a besoin d&#8217;aide. Des questions existentielles ont pr\u00e9occup\u00e9 Lea Wyler : Qu&#8217;est-ce qui donne un sens \u00e0 ma vie ? Qu&#8217;est-ce qui constitue ma vie d&#8217;actrice ? Qu&#8217;est-ce que je peux apporter ?<\/p>\n\n<figure class=\"wp-block-image size-large\"><img loading=\"lazy\" decoding=\"async\" width=\"1024\" height=\"683\" src=\"https:\/\/www.deinadieu.ch\/wp-content\/uploads\/2022\/09\/Bild-2-Tafel-Rokpa-1024x683.jpg\" alt=\"\" class=\"wp-image-60512\" srcset=\"https:\/\/www.deinadieu.ch\/wp-content\/uploads\/2022\/09\/Bild-2-Tafel-Rokpa-1024x683.jpg 1024w, https:\/\/www.deinadieu.ch\/wp-content\/uploads\/2022\/09\/Bild-2-Tafel-Rokpa-300x200.jpg 300w, https:\/\/www.deinadieu.ch\/wp-content\/uploads\/2022\/09\/Bild-2-Tafel-Rokpa-1536x1024.jpg 1536w, https:\/\/www.deinadieu.ch\/wp-content\/uploads\/2022\/09\/Bild-2-Tafel-Rokpa-2048x1365.jpg 2048w\" sizes=\"auto, (max-width: 1024px) 100vw, 1024px\" \/><figcaption class=\"wp-element-caption\">Outre une petite \u00e9quipe, une trentaine de b\u00e9n\u00e9voles travaillent dans le monde entier pour l&#8217;\u0153uvre d&#8217;entraide zurichoise Rokpa.<\/figcaption><\/figure>\n\n<h2 class=\"wp-block-heading\">\u00ab Il faut que je change de vie \u00bb<\/h2>\n\n<p>Comme dans un \u00e9clair de lucidit\u00e9, elle s&#8217;est dit : \u00ab Il faut que je change de vie. \u00bb De retour en Suisse, Lea Wyler a fond\u00e9 l&#8217;\u0153uvre d&#8217;entraide humanitaire <a href=\"https:\/\/www.deinadieu.ch\/hilfswerke\/rokpa-international\/\">Rokpa<\/a> avec son p\u00e8re, l&#8217;avocat Dr Veit Wyler, et le Dr Akong Tulku Rinpoche, a lanc\u00e9 les premiers projets et a collect\u00e9 des fonds. C&#8217;\u00e9tait en 1980. Plus de 40 ans plus tard, Lea Wyler, infatigable, s&#8217;engage toujours corps et \u00e2me pour les personnes dans le besoin.<\/p>\n\n<p>Au d\u00e9part, il y avait le d\u00e9sir d&#8217;aider : <strong>Rokpa est le mot tib\u00e9tain pour \u00ab aider \u00bb et \u00ab ami \u00bb<\/strong>. Aujourd&#8217;hui, Rokpa est une organisation internationale bas\u00e9e \u00e0 Zurich et pr\u00e9sente dans une quinzaine de pays. Plusieurs mois par an, la Zurichoise est \u00ab sur le terrain \u00bb, comme elle dit, et passe du temps au N\u00e9pal et en Afrique, o\u00f9 Rokpa d\u00e9veloppe et soutient des projets au Zimbabwe et en Afrique du Sud \u00e9galement. Au Zimbabwe, par exemple, Rokpa vient en aide aux victimes du sida et aux familles dont les enfants sont en situation de handicap ou fournit une aide m\u00e9dicale d&#8217;urgence, dans un pays o\u00f9 le syst\u00e8me de sant\u00e9 est en grande partie d\u00e9faillant et o\u00f9 il n&#8217;y a qu&#8217;un m\u00e9decin pour 16&#8217;000 habitants.<\/p>\n\n<figure class=\"wp-block-image size-large\"><img decoding=\"async\" src=\"https:\/\/www.deinadieu.ch\/wp-content\/uploads\/2022\/09\/Bild-3-Portra&#x308;t-Lea-Wyler-1024x683.jpg\" alt=\"\" class=\"wp-image-60517\"\/><figcaption class=\"wp-element-caption\">Plusieurs mois par an, Lea Wyler passe du temps au N\u00e9pal et en Afrique, o\u00f9 Rokpa d\u00e9veloppe et soutient des projets au Zimbabwe et en Afrique du Sud.<\/figcaption><\/figure>\n\n<h2 class=\"wp-block-heading\" id=\"h-schritt-fur-schritt-gegen-not-und-elend\">Pas \u00e0 pas contre la d\u00e9tresse et la mis\u00e8re<\/h2>\n\n<p>Rokpa encourage l&#8217;aide \u00e0 l&#8217;autonomie : l&#8217;\u0153uvre d&#8217;entraide pr\u00e9pare les enfants et les adultes d\u00e9favoris\u00e9s \u00e0 une vie autod\u00e9termin\u00e9e et investit dans la formation. <strong>L&#8217;atelier des femmes de Rokpa au N\u00e9pal<\/strong>, par exemple, forme des femmes vivant dans la pauvret\u00e9 \u00e0 la couture et leur offre ensuite un emploi. Dans l&#8217;\u00e9cole h\u00f4teli\u00e8re de Katmandou, les jeunes issus des familles les plus pauvres re\u00e7oivent les outils n\u00e9cessaires pour exercer un m\u00e9tier dans l&#8217;h\u00f4tellerie. L&#8217;association EHL Smile de la prestigieuse \u00c9cole H\u00f4teli\u00e8re de Lausanne soutient ce projet avec son expertise.<\/p>\n\n<p>Chaque ann\u00e9e, l&#8217;\u0153uvre d&#8217;entraide Rokpa a permis \u00e0 plus de 10&#8217;000 enfants d&#8217;aller \u00e0 l&#8217;\u00e9cole. Plus de 100&#8217;000 personnes re\u00e7oivent r\u00e9guli\u00e8rement de la nourriture, des soins m\u00e9dicaux, des v\u00eatements et de l&#8217;amour. Comment la pr\u00e9sidente de Rokpa g\u00e8re-t-elle la mis\u00e8re \u00e0 laquelle elle est confront\u00e9e ? \u00ab Lorsque je fais face \u00e0 toute la mis\u00e8re du monde, je suis paralys\u00e9e. C&#8217;est pourquoi je me concentre sur ce que je peux accomplir. Pas \u00e0 pas. L&#8217;aide ne conna\u00eet pas de fin \u00bb, explique Madame Wyler.<\/p>\n\n<p>En 1990, Rokpa a fond\u00e9 la soupe populaire \u00e0 Katmandou. En parall\u00e8le, Lea Wyler a commenc\u00e9 \u00e0 accueillir des enfants de la rue. Quelques ann\u00e9es plus tard, la maison des enfants Rokpa a vu le jour, o\u00f9 l&#8217;\u0153uvre d&#8217;entraide s&#8217;occupe aujourd&#8217;hui encore d&#8217;enfants des rues n\u00e9palais. La maison des enfants de Katmandou offre un foyer \u00e0 une soixantaine d&#8217;anciens enfants des rues. Entre-temps, les enfants qui, il y a des d\u00e9cennies, ont eux-m\u00eames trouv\u00e9 un toit dans la maison des enfants, dirigent l&#8217;organisation ou travaillent comme enseignants. Dans les projets Rokpa, tous sont des travailleurs sociaux, selon Lea Wyler : \u00ab Les enfants s&#8217;entraident et sont responsables les uns des autres. Quand un nouvel enfant arrive, il est accueilli par tous. \u00bb Ainsi, les enfants grandissent avec une conscience sociale et ressentent l&#8217;importance d&#8217;\u00eatre l\u00e0 les uns pour les autres.<\/p>\n\n<div style=\"height:40px\" aria-hidden=\"true\" class=\"wp-block-spacer\"><\/div>\n\n<div class=\"wp-block-group is-layout-flow wp-block-group-is-layout-flow\">\n<div class=\"wp-block-buttons is-layout-flex wp-block-buttons-is-layout-flex\">\n<div class=\"wp-block-button\"><a class=\"wp-block-button__link wp-element-button\" href=\"https:\/\/app.deinadieu.ch\/testamentgenerator\/ngo\/7603\">Favoriser Rokpa dans son testament<\/a><\/div>\n<\/div>\n<\/div>\n\n<h2 class=\"wp-block-heading\">T\u00e9moignage de Sandra Studer<\/h2>\n\n<figure class=\"wp-block-image size-large\"><img loading=\"lazy\" decoding=\"async\" width=\"1024\" height=\"773\" src=\"https:\/\/www.deinadieu.ch\/wp-content\/uploads\/2022\/09\/sandra-studer01-1-1024x773.jpg\" alt=\"\" class=\"wp-image-60443\" srcset=\"https:\/\/www.deinadieu.ch\/wp-content\/uploads\/2022\/09\/sandra-studer01-1-1024x773.jpg 1024w, https:\/\/www.deinadieu.ch\/wp-content\/uploads\/2022\/09\/sandra-studer01-1-300x227.jpg 300w, https:\/\/www.deinadieu.ch\/wp-content\/uploads\/2022\/09\/sandra-studer01-1.jpg 1200w\" sizes=\"auto, (max-width: 1024px) 100vw, 1024px\" \/><figcaption class=\"wp-element-caption\">Sandra Studer soutient Rokpa International<\/figcaption><\/figure>\n\n<p>\u00ab Je connais Rokpa depuis de nombreuses ann\u00e9es et je fais confiance \u00e0 cette organisation de tout mon c\u0153ur. Quand on veut aider, on se sent parfois impuissant \u00e0 distance. C&#8217;est pourquoi des personnes comme Lea Wyler sont d&#8217;autant plus importantes, car elles ont mis en place depuis des d\u00e9cennies une infrastructure qui fonctionne pour permettre aux enfants et aux femmes en particulier de vivre dignement. Cela inclut la s\u00e9curit\u00e9, les soins m\u00e9dicaux, un foyer, l&#8217;\u00e9ducation, la confiance et l&#8217;ind\u00e9pendance \u00e9conomique. Avec Rokpa, je sais que ma contribution financi\u00e8re est entre de bonnes mains et j&#8217;ai d\u00e9j\u00e0 eu l&#8217;occasion de m&#8217;assurer \u00e0 plusieurs reprises de leur travail durable. \u00bb<\/p>\n\n<h2 class=\"wp-block-heading\">T\u00e9moignage de Ernst Ostertag<\/h2>\n\n<figure class=\"wp-block-image size-large\"><img loading=\"lazy\" decoding=\"async\" width=\"1024\" height=\"683\" src=\"https:\/\/www.deinadieu.ch\/wp-content\/uploads\/2022\/09\/ernst-ostertag-1024x683.jpg\" alt=\"\" class=\"wp-image-60427\" srcset=\"https:\/\/www.deinadieu.ch\/wp-content\/uploads\/2022\/09\/ernst-ostertag-1024x683.jpg 1024w, https:\/\/www.deinadieu.ch\/wp-content\/uploads\/2022\/09\/ernst-ostertag-300x200.jpg 300w, https:\/\/www.deinadieu.ch\/wp-content\/uploads\/2022\/09\/ernst-ostertag.jpg 1200w\" sizes=\"auto, (max-width: 1024px) 100vw, 1024px\" \/><figcaption class=\"wp-element-caption\">Ernst Ostertag soutient Rokpa International<\/figcaption><\/figure>\n\n<p>\u00ab J&#8217;ai connu Rokpa en 1981. J&#8217;ai rencontr\u00e9 Lea Wyler lors d&#8217;un \u00e9v\u00e9nement de Rokpa et j&#8217;ai assum\u00e9 le parrainage n\u00b0 2. Ce gar\u00e7on \u00e9tait un r\u00e9fugi\u00e9 du Tibet, \u00e2g\u00e9 de 10 ans, et voulait devenir lama. Gr\u00e2ce aux contributions r\u00e9guli\u00e8res, j&#8217;ai particip\u00e9 \u00e0 la transformation de la petite Rokpa en une grande organisation caritative. J&#8217;ai v\u00e9cu cette \u00e9volution de l&#8217;int\u00e9rieur, car j&#8217;ai rapidement fait la connaissance du pr\u00e9sident, le Dr Akong Rinpoche, du p\u00e8re de Lea Wyler et de tous les collaborateurs. Rokpa est devenue une famille. J&#8217;ai assum\u00e9 d&#8217;autres parrainages, je me suis rendu plusieurs fois au N\u00e9pal et j&#8217;ai vu ce que Rokpa y faisait et surtout comment tout cela s&#8217;est r\u00e9alis\u00e9 et a grandi. En r\u00e9sum\u00e9, je peux dire que le parrainage a permis d&#8217;am\u00e9liorer la proximit\u00e9 et la vue d&#8217;ensemble des multiples activit\u00e9s de l&#8217;\u0153uvre d&#8217;entraide Rokpa. J&#8217;en suis ainsi particuli\u00e8rement reconnaissance. \u00bb<\/p>\n\n<div style=\"height:40px\" aria-hidden=\"true\" class=\"wp-block-spacer\"><\/div>\n\n<div class=\"wp-block-buttons is-layout-flex wp-block-buttons-is-layout-flex\">\n<div class=\"wp-block-button\"><a class=\"wp-block-button__link wp-element-button\" href=\"https:\/\/app.deinadieu.ch\/testamentgenerator\/ngo\/7603\">Favoriser Rokpa dans son testament<\/a><\/div>\n<\/div>\n\n\n        <div class=\"da-servicebox relative bg-gray-200 p-4 pt-8 border-solid border-t-8 border-da-dark mb-6\">\n            <i class=\"fas fa-info-circle mx-auto fa-7x text-da-dark\"><\/i>\n            <span style=\"hyphens: auto\">\n                En r\u00e9digeant un testament ou en faisant un legs, vous offrez vous aussi \u2013 apr\u00e8s la fin de votre vie \u2013 de l&#8217;espoir et des perspectives \u00e0 des enfants et des adultes d\u00e9favoris\u00e9s au N\u00e9pal, en Afrique du Sud et au Zimbabwe. Des traitements du cancer au Zimbabwe, des formations professionnelles au N\u00e9pal ou de la reforestation en Afrique du Sud ne sont que quelques exemples des projets de Rokpa International. Outre une petite \u00e9quipe, une trentaine de b\u00e9n\u00e9voles travaillent dans le monde entier pour l&#8217;\u0153uvre d&#8217;entraide zurichoise.\n                \n                \n            <\/span>\n        <\/div>\n        \n","protected":false},"excerpt":{"rendered":"<p>Depuis plus de 40 ans, elle s&#8217;engage en faveur des personnes d\u00e9favoris\u00e9es : Lea Wyler est pr\u00e9sidente et cofondatrice de Rokpa. L&#8217;\u0153uvre d&#8217;entraide internationale soutient des personnes dans le besoin au N\u00e9pal, au Zimbabwe, en Afrique du Sud et dans d&#8217;autres pays du monde. L&#8217;ancienne actrice Lea Wyler a trouv\u00e9 son r\u00f4le de c\u0153ur dans [&hellip;]<\/p>\n","protected":false},"author":6038,"featured_media":60510,"comment_status":"open","ping_status":"closed","sticky":false,"template":"","format":"standard","meta":{"_acf_changed":false,"footnotes":""},"categories":[2450],"tags":[3070,2466,2469],"class_list":["post-60543","post","type-post","status-publish","format-standard","has-post-thumbnail","hentry","category-oeuvres-caritatives","tag-enfants","tag-handicap","tag-quel-effet-mon-heritage-peut-il-avoir"],"acf":[],"yoast_head":"<title>Portrait : Lea Wyler de l&#039;\u0153uvre d&#039;entraide Rokpa | DeinAdieu<\/title>\n<meta name=\"description\" content=\"La pr\u00e9sidente et cofondatrice de l&#039;association Rokpa International, Lea Wyler, parle de son engagement depuis 40 ans au N\u00e9pal, au Zimbabwe et en Afrique du Sud.\" \/>\n<meta name=\"robots\" content=\"index, follow, max-snippet:-1, max-image-preview:large, max-video-preview:-1\" \/>\n<link rel=\"canonical\" href=\"https:\/\/www.deinadieu.ch\/fr\/plus-on-donne-plus-on-recoit-en-retour\/\" \/>\n<meta property=\"og:locale\" content=\"fr_FR\" \/>\n<meta property=\"og:type\" content=\"article\" \/>\n<meta property=\"og:title\" content=\"\u00ab Plus on donne, plus on re\u00e7oit en retour \u00bb\" \/>\n<meta property=\"og:description\" content=\"Depuis plus de 40 ans, elle s&#039;engage en faveur des personnes d\u00e9favoris\u00e9es : Lea Wyler est pr\u00e9sidente et cofondatrice de Rokpa. L&#039;\u0153uvre d&#039;entraide\" \/>\n<meta property=\"og:url\" content=\"https:\/\/www.deinadieu.ch\/fr\/plus-on-donne-plus-on-recoit-en-retour\/\" \/>\n<meta property=\"og:site_name\" content=\"DeinAdieu.ch\" \/>\n<meta property=\"article:publisher\" content=\"https:\/\/www.facebook.com\/deinadieu\" \/>\n<meta property=\"article:published_time\" content=\"2022-09-30T06:19:57+00:00\" \/>\n<meta property=\"article:modified_time\" content=\"2024-02-05T15:21:03+00:00\" \/>\n<meta property=\"og:image\" content=\"https:\/\/static.deinadieu.ch\/uploads\/2022\/09\/Bild-1-Frontbild-Lea-Wyler-scaled.jpg\" \/>\n\t<meta property=\"og:image:width\" content=\"2560\" \/>\n\t<meta property=\"og:image:height\" content=\"1707\" \/>\n\t<meta property=\"og:image:type\" content=\"image\/jpeg\" \/>\n<meta name=\"author\" content=\"Sabrina Rohner\" \/>\n<meta name=\"twitter:card\" content=\"summary_large_image\" \/>\n<meta name=\"twitter:creator\" content=\"@DeinAdieu\" \/>\n<meta name=\"twitter:site\" content=\"@DeinAdieu\" \/>\n<meta name=\"twitter:label1\" content=\"Written by\" \/>\n\t<meta name=\"twitter:data1\" content=\"Sabrina Rohner\" \/>\n\t<meta name=\"twitter:label2\" content=\"Est. reading time\" \/>\n\t<meta name=\"twitter:data2\" content=\"7 minutes\" \/>\n<script type=\"application\/ld+json\" class=\"yoast-schema-graph\">{\"@context\":\"https:\\\/\\\/schema.org\",\"@graph\":[{\"@type\":\"Article\",\"@id\":\"https:\\\/\\\/www.deinadieu.ch\\\/fr\\\/plus-on-donne-plus-on-recoit-en-retour\\\/#article\",\"isPartOf\":{\"@id\":\"https:\\\/\\\/www.deinadieu.ch\\\/fr\\\/plus-on-donne-plus-on-recoit-en-retour\\\/\"},\"author\":{\"name\":\"Sabrina Rohner\",\"@id\":\"https:\\\/\\\/www.deinadieu.ch\\\/fr\\\/#\\\/schema\\\/person\\\/ad724a53f7e50dd3866fc9b0fc6bbdd9\"},\"headline\":\"\u00ab Plus on donne, plus on re\u00e7oit en retour \u00bb\",\"datePublished\":\"2022-09-30T06:19:57+00:00\",\"dateModified\":\"2024-02-05T15:21:03+00:00\",\"mainEntityOfPage\":{\"@id\":\"https:\\\/\\\/www.deinadieu.ch\\\/fr\\\/plus-on-donne-plus-on-recoit-en-retour\\\/\"},\"wordCount\":1499,\"commentCount\":0,\"publisher\":{\"@id\":\"https:\\\/\\\/www.deinadieu.ch\\\/fr\\\/#organization\"},\"image\":{\"@id\":\"https:\\\/\\\/www.deinadieu.ch\\\/fr\\\/plus-on-donne-plus-on-recoit-en-retour\\\/#primaryimage\"},\"thumbnailUrl\":\"https:\\\/\\\/www.deinadieu.ch\\\/wp-content\\\/uploads\\\/2022\\\/09\\\/Bild-1-Frontbild-Lea-Wyler-scaled.jpg\",\"keywords\":[\"Enfants\",\"Handicap\",\"Quel effet mon h\u00e9ritage peut-il avoir ?\"],\"articleSection\":[\"\u0152uvres caritatives en point de mire\"],\"inLanguage\":\"fr-FR\",\"potentialAction\":[{\"@type\":\"CommentAction\",\"name\":\"Comment\",\"target\":[\"https:\\\/\\\/www.deinadieu.ch\\\/fr\\\/plus-on-donne-plus-on-recoit-en-retour\\\/#respond\"]}]},{\"@type\":\"WebPage\",\"@id\":\"https:\\\/\\\/www.deinadieu.ch\\\/fr\\\/plus-on-donne-plus-on-recoit-en-retour\\\/\",\"url\":\"https:\\\/\\\/www.deinadieu.ch\\\/fr\\\/plus-on-donne-plus-on-recoit-en-retour\\\/\",\"name\":\"Portrait : Lea Wyler de l'\u0153uvre d'entraide Rokpa | DeinAdieu\",\"isPartOf\":{\"@id\":\"https:\\\/\\\/www.deinadieu.ch\\\/fr\\\/#website\"},\"primaryImageOfPage\":{\"@id\":\"https:\\\/\\\/www.deinadieu.ch\\\/fr\\\/plus-on-donne-plus-on-recoit-en-retour\\\/#primaryimage\"},\"image\":{\"@id\":\"https:\\\/\\\/www.deinadieu.ch\\\/fr\\\/plus-on-donne-plus-on-recoit-en-retour\\\/#primaryimage\"},\"thumbnailUrl\":\"https:\\\/\\\/www.deinadieu.ch\\\/wp-content\\\/uploads\\\/2022\\\/09\\\/Bild-1-Frontbild-Lea-Wyler-scaled.jpg\",\"datePublished\":\"2022-09-30T06:19:57+00:00\",\"dateModified\":\"2024-02-05T15:21:03+00:00\",\"description\":\"La pr\u00e9sidente et cofondatrice de l'association Rokpa International, Lea Wyler, parle de son engagement depuis 40 ans au N\u00e9pal, au Zimbabwe et en Afrique du Sud.\",\"breadcrumb\":{\"@id\":\"https:\\\/\\\/www.deinadieu.ch\\\/fr\\\/plus-on-donne-plus-on-recoit-en-retour\\\/#breadcrumb\"},\"inLanguage\":\"fr-FR\",\"potentialAction\":[{\"@type\":\"ReadAction\",\"target\":[\"https:\\\/\\\/www.deinadieu.ch\\\/fr\\\/plus-on-donne-plus-on-recoit-en-retour\\\/\"]}]},{\"@type\":\"ImageObject\",\"inLanguage\":\"fr-FR\",\"@id\":\"https:\\\/\\\/www.deinadieu.ch\\\/fr\\\/plus-on-donne-plus-on-recoit-en-retour\\\/#primaryimage\",\"url\":\"https:\\\/\\\/www.deinadieu.ch\\\/wp-content\\\/uploads\\\/2022\\\/09\\\/Bild-1-Frontbild-Lea-Wyler-scaled.jpg\",\"contentUrl\":\"https:\\\/\\\/www.deinadieu.ch\\\/wp-content\\\/uploads\\\/2022\\\/09\\\/Bild-1-Frontbild-Lea-Wyler-scaled.jpg\",\"width\":2560,\"height\":1707,\"caption\":\"Lea Wyler, Mitgr\u00fcnderin vom internationalen Hilfswerk Rokpa (Bilder: Djamila Grossman)\"},{\"@type\":\"BreadcrumbList\",\"@id\":\"https:\\\/\\\/www.deinadieu.ch\\\/fr\\\/plus-on-donne-plus-on-recoit-en-retour\\\/#breadcrumb\",\"itemListElement\":[{\"@type\":\"ListItem\",\"position\":1,\"name\":\"Home\",\"item\":\"https:\\\/\\\/www.deinadieu.ch\\\/fr\\\/deinadieu-dialog-und-serviceportal-zum-lebensende\\\/\"},{\"@type\":\"ListItem\",\"position\":2,\"name\":\"\u00ab Plus on donne, plus on re\u00e7oit en retour \u00bb\"}]},{\"@type\":\"WebSite\",\"@id\":\"https:\\\/\\\/www.deinadieu.ch\\\/fr\\\/#website\",\"url\":\"https:\\\/\\\/www.deinadieu.ch\\\/fr\\\/\",\"name\":\"DeinAdieu.ch\",\"description\":\"Testament, Patientenverf\u00fcgung und Vorsorgeauftrag\",\"publisher\":{\"@id\":\"https:\\\/\\\/www.deinadieu.ch\\\/fr\\\/#organization\"},\"potentialAction\":[{\"@type\":\"SearchAction\",\"target\":{\"@type\":\"EntryPoint\",\"urlTemplate\":\"https:\\\/\\\/www.deinadieu.ch\\\/fr\\\/?s={search_term_string}\"},\"query-input\":{\"@type\":\"PropertyValueSpecification\",\"valueRequired\":true,\"valueName\":\"search_term_string\"}}],\"inLanguage\":\"fr-FR\"},{\"@type\":\"Organization\",\"@id\":\"https:\\\/\\\/www.deinadieu.ch\\\/fr\\\/#organization\",\"name\":\"EMNA Web GmbH\",\"url\":\"https:\\\/\\\/www.deinadieu.ch\\\/fr\\\/\",\"logo\":{\"@type\":\"ImageObject\",\"inLanguage\":\"fr-FR\",\"@id\":\"https:\\\/\\\/www.deinadieu.ch\\\/fr\\\/#\\\/schema\\\/logo\\\/image\\\/\",\"url\":\"https:\\\/\\\/www.deinadieu.ch\\\/wp-content\\\/uploads\\\/2016\\\/01\\\/DeinAdieu_Logo.png\",\"contentUrl\":\"https:\\\/\\\/www.deinadieu.ch\\\/wp-content\\\/uploads\\\/2016\\\/01\\\/DeinAdieu_Logo.png\",\"width\":300,\"height\":117,\"caption\":\"EMNA Web GmbH\"},\"image\":{\"@id\":\"https:\\\/\\\/www.deinadieu.ch\\\/fr\\\/#\\\/schema\\\/logo\\\/image\\\/\"},\"sameAs\":[\"https:\\\/\\\/www.facebook.com\\\/deinadieu\",\"https:\\\/\\\/x.com\\\/DeinAdieu\",\"https:\\\/\\\/www.instagram.com\\\/deinadieu\\\/\",\"https:\\\/\\\/www.linkedin.com\\\/company\\\/deinadieu.ch\"]},{\"@type\":\"Person\",\"@id\":\"https:\\\/\\\/www.deinadieu.ch\\\/fr\\\/#\\\/schema\\\/person\\\/ad724a53f7e50dd3866fc9b0fc6bbdd9\",\"name\":\"Sabrina Rohner\",\"image\":{\"@type\":\"ImageObject\",\"inLanguage\":\"fr-FR\",\"@id\":\"https:\\\/\\\/secure.gravatar.com\\\/avatar\\\/c72cef3c7bba2e19d98358a63ff805dbe088a70fb947d10024d669ded777102d?s=96&d=mm&r=g\",\"url\":\"https:\\\/\\\/secure.gravatar.com\\\/avatar\\\/c72cef3c7bba2e19d98358a63ff805dbe088a70fb947d10024d669ded777102d?s=96&d=mm&r=g\",\"contentUrl\":\"https:\\\/\\\/secure.gravatar.com\\\/avatar\\\/c72cef3c7bba2e19d98358a63ff805dbe088a70fb947d10024d669ded777102d?s=96&d=mm&r=g\",\"caption\":\"Sabrina Rohner\"},\"url\":\"https:\\\/\\\/www.deinadieu.ch\\\/fr\\\/author\\\/sabrina-rohnergmail-com\\\/\"}]}<\/script>","yoast_head_json":{"title":"Portrait : Lea Wyler de l'\u0153uvre d'entraide Rokpa | DeinAdieu","description":"La pr\u00e9sidente et cofondatrice de l'association Rokpa International, Lea Wyler, parle de son engagement depuis 40 ans au N\u00e9pal, au Zimbabwe et en Afrique du Sud.","robots":{"index":"index","follow":"follow","max-snippet":"max-snippet:-1","max-image-preview":"max-image-preview:large","max-video-preview":"max-video-preview:-1"},"canonical":"https:\/\/www.deinadieu.ch\/fr\/plus-on-donne-plus-on-recoit-en-retour\/","og_locale":"fr_FR","og_type":"article","og_title":"\u00ab Plus on donne, plus on re\u00e7oit en retour \u00bb","og_description":"Depuis plus de 40 ans, elle s'engage en faveur des personnes d\u00e9favoris\u00e9es : Lea Wyler est pr\u00e9sidente et cofondatrice de Rokpa. L'\u0153uvre d'entraide","og_url":"https:\/\/www.deinadieu.ch\/fr\/plus-on-donne-plus-on-recoit-en-retour\/","og_site_name":"DeinAdieu.ch","article_publisher":"https:\/\/www.facebook.com\/deinadieu","article_published_time":"2022-09-30T06:19:57+00:00","article_modified_time":"2024-02-05T15:21:03+00:00","og_image":[{"width":2560,"height":1707,"url":"https:\/\/static.deinadieu.ch\/uploads\/2022\/09\/Bild-1-Frontbild-Lea-Wyler-scaled.jpg","type":"image\/jpeg"}],"author":"Sabrina Rohner","twitter_card":"summary_large_image","twitter_creator":"@DeinAdieu","twitter_site":"@DeinAdieu","twitter_misc":{"Written by":"Sabrina Rohner","Est. reading time":"7 minutes"},"schema":{"@context":"https:\/\/schema.org","@graph":[{"@type":"Article","@id":"https:\/\/www.deinadieu.ch\/fr\/plus-on-donne-plus-on-recoit-en-retour\/#article","isPartOf":{"@id":"https:\/\/www.deinadieu.ch\/fr\/plus-on-donne-plus-on-recoit-en-retour\/"},"author":{"name":"Sabrina Rohner","@id":"https:\/\/www.deinadieu.ch\/fr\/#\/schema\/person\/ad724a53f7e50dd3866fc9b0fc6bbdd9"},"headline":"\u00ab Plus on donne, plus on re\u00e7oit en retour \u00bb","datePublished":"2022-09-30T06:19:57+00:00","dateModified":"2024-02-05T15:21:03+00:00","mainEntityOfPage":{"@id":"https:\/\/www.deinadieu.ch\/fr\/plus-on-donne-plus-on-recoit-en-retour\/"},"wordCount":1499,"commentCount":0,"publisher":{"@id":"https:\/\/www.deinadieu.ch\/fr\/#organization"},"image":{"@id":"https:\/\/www.deinadieu.ch\/fr\/plus-on-donne-plus-on-recoit-en-retour\/#primaryimage"},"thumbnailUrl":"https:\/\/www.deinadieu.ch\/wp-content\/uploads\/2022\/09\/Bild-1-Frontbild-Lea-Wyler-scaled.jpg","keywords":["Enfants","Handicap","Quel effet mon h\u00e9ritage peut-il avoir ?"],"articleSection":["\u0152uvres caritatives en point de mire"],"inLanguage":"fr-FR","potentialAction":[{"@type":"CommentAction","name":"Comment","target":["https:\/\/www.deinadieu.ch\/fr\/plus-on-donne-plus-on-recoit-en-retour\/#respond"]}]},{"@type":"WebPage","@id":"https:\/\/www.deinadieu.ch\/fr\/plus-on-donne-plus-on-recoit-en-retour\/","url":"https:\/\/www.deinadieu.ch\/fr\/plus-on-donne-plus-on-recoit-en-retour\/","name":"Portrait : Lea Wyler de l'\u0153uvre d'entraide Rokpa | DeinAdieu","isPartOf":{"@id":"https:\/\/www.deinadieu.ch\/fr\/#website"},"primaryImageOfPage":{"@id":"https:\/\/www.deinadieu.ch\/fr\/plus-on-donne-plus-on-recoit-en-retour\/#primaryimage"},"image":{"@id":"https:\/\/www.deinadieu.ch\/fr\/plus-on-donne-plus-on-recoit-en-retour\/#primaryimage"},"thumbnailUrl":"https:\/\/www.deinadieu.ch\/wp-content\/uploads\/2022\/09\/Bild-1-Frontbild-Lea-Wyler-scaled.jpg","datePublished":"2022-09-30T06:19:57+00:00","dateModified":"2024-02-05T15:21:03+00:00","description":"La pr\u00e9sidente et cofondatrice de l'association Rokpa International, Lea Wyler, parle de son engagement depuis 40 ans au N\u00e9pal, au Zimbabwe et en Afrique du Sud.","breadcrumb":{"@id":"https:\/\/www.deinadieu.ch\/fr\/plus-on-donne-plus-on-recoit-en-retour\/#breadcrumb"},"inLanguage":"fr-FR","potentialAction":[{"@type":"ReadAction","target":["https:\/\/www.deinadieu.ch\/fr\/plus-on-donne-plus-on-recoit-en-retour\/"]}]},{"@type":"ImageObject","inLanguage":"fr-FR","@id":"https:\/\/www.deinadieu.ch\/fr\/plus-on-donne-plus-on-recoit-en-retour\/#primaryimage","url":"https:\/\/www.deinadieu.ch\/wp-content\/uploads\/2022\/09\/Bild-1-Frontbild-Lea-Wyler-scaled.jpg","contentUrl":"https:\/\/www.deinadieu.ch\/wp-content\/uploads\/2022\/09\/Bild-1-Frontbild-Lea-Wyler-scaled.jpg","width":2560,"height":1707,"caption":"Lea Wyler, Mitgr\u00fcnderin vom internationalen Hilfswerk Rokpa (Bilder: Djamila Grossman)"},{"@type":"BreadcrumbList","@id":"https:\/\/www.deinadieu.ch\/fr\/plus-on-donne-plus-on-recoit-en-retour\/#breadcrumb","itemListElement":[{"@type":"ListItem","position":1,"name":"Home","item":"https:\/\/www.deinadieu.ch\/fr\/deinadieu-dialog-und-serviceportal-zum-lebensende\/"},{"@type":"ListItem","position":2,"name":"\u00ab Plus on donne, plus on re\u00e7oit en retour \u00bb"}]},{"@type":"WebSite","@id":"https:\/\/www.deinadieu.ch\/fr\/#website","url":"https:\/\/www.deinadieu.ch\/fr\/","name":"DeinAdieu.ch","description":"Testament, Patientenverf\u00fcgung und Vorsorgeauftrag","publisher":{"@id":"https:\/\/www.deinadieu.ch\/fr\/#organization"},"potentialAction":[{"@type":"SearchAction","target":{"@type":"EntryPoint","urlTemplate":"https:\/\/www.deinadieu.ch\/fr\/?s={search_term_string}"},"query-input":{"@type":"PropertyValueSpecification","valueRequired":true,"valueName":"search_term_string"}}],"inLanguage":"fr-FR"},{"@type":"Organization","@id":"https:\/\/www.deinadieu.ch\/fr\/#organization","name":"EMNA Web GmbH","url":"https:\/\/www.deinadieu.ch\/fr\/","logo":{"@type":"ImageObject","inLanguage":"fr-FR","@id":"https:\/\/www.deinadieu.ch\/fr\/#\/schema\/logo\/image\/","url":"https:\/\/www.deinadieu.ch\/wp-content\/uploads\/2016\/01\/DeinAdieu_Logo.png","contentUrl":"https:\/\/www.deinadieu.ch\/wp-content\/uploads\/2016\/01\/DeinAdieu_Logo.png","width":300,"height":117,"caption":"EMNA Web GmbH"},"image":{"@id":"https:\/\/www.deinadieu.ch\/fr\/#\/schema\/logo\/image\/"},"sameAs":["https:\/\/www.facebook.com\/deinadieu","https:\/\/x.com\/DeinAdieu","https:\/\/www.instagram.com\/deinadieu\/","https:\/\/www.linkedin.com\/company\/deinadieu.ch"]},{"@type":"Person","@id":"https:\/\/www.deinadieu.ch\/fr\/#\/schema\/person\/ad724a53f7e50dd3866fc9b0fc6bbdd9","name":"Sabrina Rohner","image":{"@type":"ImageObject","inLanguage":"fr-FR","@id":"https:\/\/secure.gravatar.com\/avatar\/c72cef3c7bba2e19d98358a63ff805dbe088a70fb947d10024d669ded777102d?s=96&d=mm&r=g","url":"https:\/\/secure.gravatar.com\/avatar\/c72cef3c7bba2e19d98358a63ff805dbe088a70fb947d10024d669ded777102d?s=96&d=mm&r=g","contentUrl":"https:\/\/secure.gravatar.com\/avatar\/c72cef3c7bba2e19d98358a63ff805dbe088a70fb947d10024d669ded777102d?s=96&d=mm&r=g","caption":"Sabrina Rohner"},"url":"https:\/\/www.deinadieu.ch\/fr\/author\/sabrina-rohnergmail-com\/"}]}},"_links":{"self":[{"href":"https:\/\/www.deinadieu.ch\/fr\/wp-json\/wp\/v2\/posts\/60543","targetHints":{"allow":["GET"]}}],"collection":[{"href":"https:\/\/www.deinadieu.ch\/fr\/wp-json\/wp\/v2\/posts"}],"about":[{"href":"https:\/\/www.deinadieu.ch\/fr\/wp-json\/wp\/v2\/types\/post"}],"author":[{"embeddable":true,"href":"https:\/\/www.deinadieu.ch\/fr\/wp-json\/wp\/v2\/users\/6038"}],"replies":[{"embeddable":true,"href":"https:\/\/www.deinadieu.ch\/fr\/wp-json\/wp\/v2\/comments?post=60543"}],"version-history":[{"count":7,"href":"https:\/\/www.deinadieu.ch\/fr\/wp-json\/wp\/v2\/posts\/60543\/revisions"}],"predecessor-version":[{"id":66633,"href":"https:\/\/www.deinadieu.ch\/fr\/wp-json\/wp\/v2\/posts\/60543\/revisions\/66633"}],"wp:featuredmedia":[{"embeddable":true,"href":"https:\/\/www.deinadieu.ch\/fr\/wp-json\/wp\/v2\/media\/60510"}],"wp:attachment":[{"href":"https:\/\/www.deinadieu.ch\/fr\/wp-json\/wp\/v2\/media?parent=60543"}],"wp:term":[{"taxonomy":"category","embeddable":true,"href":"https:\/\/www.deinadieu.ch\/fr\/wp-json\/wp\/v2\/categories?post=60543"},{"taxonomy":"post_tag","embeddable":true,"href":"https:\/\/www.deinadieu.ch\/fr\/wp-json\/wp\/v2\/tags?post=60543"}],"curies":[{"name":"wp","href":"https:\/\/api.w.org\/{rel}","templated":true}]}}