{"id":60035,"date":"2022-08-30T15:21:28","date_gmt":"2022-08-30T13:21:28","guid":{"rendered":"https:\/\/www.deinadieu.ch\/il-ny-a-rien-de-pire-que-lorsque-quelquun-quon-aime-nous-manque-et-quon-ne-sait-ou-il-est\/"},"modified":"2024-03-26T15:04:34","modified_gmt":"2024-03-26T14:04:34","slug":"il-ny-a-rien-de-pire-que-lorsque-quelquun-quon-aime-nous-manque-et-quon-ne-sait-ou-il-est","status":"publish","type":"post","link":"https:\/\/www.deinadieu.ch\/fr\/il-ny-a-rien-de-pire-que-lorsque-quelquun-quon-aime-nous-manque-et-quon-ne-sait-ou-il-est\/","title":{"rendered":"\u00ab Il n&#8217;y a rien de pire que lorsque quelqu&#8217;un qu&#8217;on aime nous manque et qu&#8217;on ne sait pas o\u00f9 il est \u00bb"},"content":{"rendered":"\n<p>Les conductrices de chiens de REDOG interviennent lorsque des randonneurs ne reviennent pas d&#8217;une randonn\u00e9e, lorsque des personnes atteintes de d\u00e9mence se perdent ou lorsque des personnes \u00e0 risque de suicide sont port\u00e9es disparues. Tel est le cas de Stefanie Stupf et de son labrador Yaro. <\/p>\n\n<!--more-->\n\n<p>Pendant 60 minutes, Yaro a cherch\u00e9. Puis il est revenu vers sa conductrice de chien, le ruban tress\u00e9 dans le museau. Stefanie Stupf a alors su que son chien avait trouv\u00e9 quelque chose. \u00ab Montre \u00bb, lui a-t-elle ordonn\u00e9 en le suivant dans la for\u00eat. Soudain, le chien s&#8217;est assis. Madame Stupf a regard\u00e9 autour d&#8217;elle. Elle n&#8217;oubliera jamais ce qu&#8217;elle a vu. Un homme d&#8217;une trentaine d&#8217;ann\u00e9es s&#8217;\u00e9tait donn\u00e9 la mort ici, dans une for\u00eat du canton de Saint-Gall. \u00ab J&#8217;ai tout de suite eu les larmes aux yeux \u00bb, dit Madame Stupf. Elle a f\u00e9licit\u00e9 son chien et attendu la police, qui avait \u00e9t\u00e9 alert\u00e9e, sur les lieux de la d\u00e9couverte. En ce jour de mai 2021, son chien, qui n&#8217;avait jusqu&#8217;alors localis\u00e9 que des personnes vivantes lors de ses entra\u00eenements et de ses recherches de personnes disparues, avait trouv\u00e9 quelqu&#8217;un sans vie pour la premi\u00e8re fois.<\/p>\n\n<p>Depuis huit ans, Stefanie Stupf est membre de REDOG, l&#8217;association suisse pour les chiens de recherche et de sauvetage. L&#8217;organisation propose des formations pour les \u00e9quipes de sauvetage, qui sont compos\u00e9es de chiens et d&#8217;\u00eatres humains, afin de rechercher des personnes disparues ou ensevelies. REDOG est m\u00eame consid\u00e9r\u00e9 comme le seul centre de formation en Suisse pour la recherche de personnes ensevelies apr\u00e8s des catastrophes naturelles, des tremblements de terre, des explosions ou encore des \u00e9boulements. Dans ce cadre, ils travaillent en \u00e9troite collaboration avec les services d&#8217;urgence, les autorit\u00e9s cantonales et les cellules de crise en Suisse et \u00e0 l&#8217;\u00e9tranger. <\/p>\n\n<h2 class=\"wp-block-heading\" id=\"h-mit-dem-hund-arbeiten-und-gleichzeitig-etwas-gutes-tun\">Travailler avec son chien tout en faisant quelque chose de bien<\/h2>\n\n<p>\u00ab J&#8217;ai vu un reportage sur REDOG \u00e0 la t\u00e9l\u00e9vision. J&#8217;ai alors compris que c&#8217;\u00e9tait ce que je voulais faire. \u00bb, explique Madame Stupf. Travailler avec son chien tout en faisant quelque chose de bien est ce qu&#8217;il y a de plus pr\u00e9cieux pour elle. Elle ne recherche ni la reconnaissance, ni le profit. \u00ab On ne peut pas d\u00e9crire le lien qui se cr\u00e9e entre l&#8217;homme et l&#8217;animal. \u00bb<\/p>\n\n<p>Cette Valaisanne de 38 ans, qui vit depuis 16 ans \u00e0 Buochs (NW), a consacr\u00e9 plusieurs milliers d&#8217;heures \u00e0 la formation de son labrador. Depuis, elle est appel\u00e9e quatre \u00e0 cinq fois par ann\u00e9e par la police ou des particuliers pour une intervention, par exemple lorsque des randonneurs ou des cyclistes en v\u00e9lo \u00e9lectrique ne reviennent pas d&#8217;une excursion, lorsqu&#8217;une personne atteinte de d\u00e9mence s&#8217;est perdue ou lorsque des personnes \u00e0 risque de suicide sont port\u00e9es disparues.<\/p>\n\n<p>Pour certaines missions, Madame Stupf et Yaro sont parfois engag\u00e9s pendant huit heures. La discussion avec la direction d\u2019intervention et la planification des secteurs de recherche en font partie, tout comme la recherche elle-m\u00eame. \u00ab L&#8217;homme parcourt une quinzaine de kilom\u00e8tres, le chien un multiple de cette distance et souvent quelques centaines de m\u00e8tres de d\u00e9nivel\u00e9. \u00bb <\/p>\n\n<figure class=\"wp-block-image aligncenter size-full\"><img loading=\"lazy\" decoding=\"async\" width=\"1707\" height=\"2560\" src=\"https:\/\/www.deinadieu.ch\/wp-content\/uploads\/2022\/08\/DA_PSH_MFR2712-scaled.jpg\" alt=\"Stefanie Stupf avec Yaro\" class=\"wp-image-59902\" srcset=\"https:\/\/www.deinadieu.ch\/wp-content\/uploads\/2022\/08\/DA_PSH_MFR2712-scaled.jpg 1707w, https:\/\/www.deinadieu.ch\/wp-content\/uploads\/2022\/08\/DA_PSH_MFR2712-200x300.jpg 200w, https:\/\/www.deinadieu.ch\/wp-content\/uploads\/2022\/08\/DA_PSH_MFR2712-683x1024.jpg 683w, https:\/\/www.deinadieu.ch\/wp-content\/uploads\/2022\/08\/DA_PSH_MFR2712-1024x1536.jpg 1024w, https:\/\/www.deinadieu.ch\/wp-content\/uploads\/2022\/08\/DA_PSH_MFR2712-1365x2048.jpg 1365w\" sizes=\"auto, (max-width: 1707px) 100vw, 1707px\" \/><figcaption class=\"wp-element-caption\">Les interventions durent souvent des heures. Depuis huit ans, Stefanie Stupf aide \u00e0 la recherche de personnes disparues avec son labrador Yaro. (\u00a9 Manu Friederich)<\/figcaption><\/figure>\n\n<h2 class=\"wp-block-heading\" id=\"h-die-hunde-suchen-gegenstande-mit-menschlicher-witterung\">Les chiens cherchent des objets qui ont une odeur humaine<\/h2>\n\n<p>Les chiens de recherche en surface sont sp\u00e9cialis\u00e9s dans la d\u00e9tection d\u2019objets qui ont une odeur humaine, tels que les sacs \u00e0 dos, les v\u00eatements ou les chaussures. Ils recherchent g\u00e9n\u00e9ralement les personnes disparues dans des zones isol\u00e9es ou dans des for\u00eats. Lorsqu&#8217;ils ont d\u00e9couvert quelque chose, ils prennent dans leur museau ce qu&#8217;on appelle un bringsel \u2013 un ruban tress\u00e9 qui est accroch\u00e9 au collier. Ils reviennent ensuite vers leur ma\u00eetre, qui marche 50 \u00e0 200 m\u00e8tres derri\u00e8re eux. Lors d&#8217;une intervention, des assistants et assistantes SAR (search and rescue) sont toujours pr\u00e9sents pour assurer la liaison radio avec la centrale d&#8217;intervention et, le cas \u00e9ch\u00e9ant, apporter les premiers secours.<\/p>\n\n<p>Parfois, les interventions sont particuli\u00e8rement \u00e9prouvantes, par exemple lorsqu&#8217;une personne disparue avait d\u00e9j\u00e0 annonc\u00e9 son suicide. Quelques fois, comme lors de la recherche dans la for\u00eat, des connaissances ou des membres de la famille participent \u00e9galement \u00e0 la recherche. \u00ab C&#8217;est particuli\u00e8rement difficile \u00bb, dit Madame Stupf. Elle est soulag\u00e9e que le fr\u00e8re du d\u00e9funt ne se soit pas trouv\u00e9 \u00e0 proximit\u00e9 lorsque son corps a \u00e9t\u00e9 retrouv\u00e9. \u00ab Il attendait sur le parking tout proche, heureusement. \u00bb<\/p>\n\n<p>D\u00e8s le d\u00e9but, Madame Stupf savait qu&#8217;elle pourrait vivre une telle situation. \u00ab Malgr\u00e9 cela, on ne sait pas \u00e0 l\u2019avance comment y faire face. \u00bb Il lui a fallu un mois pour dig\u00e9rer ce qu\u2019elle avait v\u00e9cu et pour pouvoir \u00e0 nouveau dormir convenablement. Dans un premier temps, il a \u00e9t\u00e9 utile de parler \u00e0 l\u2019autre secouriste. Le fait de savoir que, gr\u00e2ce \u00e0 REDOG, la famille a pu avoir la certitude de ce qui \u00e9tait arriv\u00e9 \u00e0 l&#8217;homme qui avait disparu a \u00e9galement aid\u00e9. \u00ab Il n&#8217;y a rien de pire que lorsque quelqu&#8217;un que l&#8217;on aime nous manque et qu&#8217;on ne sait pas o\u00f9 il est. \u00bb<\/p>\n\n<h2 class=\"wp-block-heading\" id=\"h-nach-dem-einsatz-haben-sich-die-angehorigen-bedankt\">Apr\u00e8s l&#8217;intervention, les membres de la famille ont exprim\u00e9 leur gratitude<\/h2>\n\n<p>Apr\u00e8s l&#8217;intervention, les proches du d\u00e9funt ont remerci\u00e9 Madame Stupf. Cela l&#8217;a aid\u00e9e \u00e0 tourner la page.<\/p>\n\n<p>Madame Stupf pers\u00e9v\u00e8re et continue \u00e0 s&#8217;entra\u00eener avec son chien, tant qu&#8217;il est encore en forme. En parall\u00e8le, celle qui a longtemps travaill\u00e9 dans l&#8217;h\u00f4tellerie-restauration dirige elle-m\u00eame une \u00e9cole canine. \u00ab Ce que les chiens sont capables de faire est extr\u00eame. \u00bb Elle estime qu&#8217;il n&#8217;y a rien de mieux que de pouvoir ainsi aider une famille qui devient presque folle parce qu&#8217;elle ne sait pas o\u00f9 se trouve un de ses proches.<\/p>\n\n<div class=\"wp-block-create-block-deinadieu-simple\">\n<div class=\"wp-block-group da-pull has-lightgrey-background-color has-background is-layout-flow wp-block-group-is-layout-flow\" style=\"border-top-color:var(--wp--preset--color--da-dark);border-top-width:4px;padding-right:3rem;padding-left:3rem\">\n<h2 class=\"wp-block-heading\">REDOG &#8211; Chiens suisses de recherche et de sauvetage<\/h2>\n\n\n\n<ul class=\"wp-block-list\">\n<li><a href=\"https:\/\/www.deinadieu.ch\/fr\/oeuvres-de-bienfaisance\/\">REDOG<\/a> forme des chiens de recherche de personnes disparues ou ensevelies. La formation se d\u00e9roule dans douze groupes r\u00e9gionaux r\u00e9partis dans toute la Suisse.<\/li>\n\n\n\n<li>Actuellement, 50 conducteurs\/-trices de chiens, 62 assistant(e)s SAR et 14 chefs d&#8217;intervention sont engag\u00e9s dans la recherche de personnes disparues. Les \u00e9quipes de secours sont pr\u00eates \u00e0 intervenir 24 heures sur 24. <\/li>\n\n\n\n<li>Les particuliers peuvent \u00e9galement faire appel \u00e0 REDOG en appelant le num\u00e9ro d&#8217;urgence 0844 441 144. <\/li>\n\n\n\n<li>Les recherches sont gratuites pour les proches de la personne disparue gr\u00e2ce au fonds aliment\u00e9s par les dons.<\/li>\n\n\n\n<li>Lors de chaque intervention, REDOG travaille en collaboration avec la police.<\/li>\n<\/ul>\n<\/div>\n<\/div>\n\n<div style=\"height:50px\" aria-hidden=\"true\" class=\"wp-block-spacer\"><\/div>\n\n<div class=\"wp-block-buttons is-layout-flex wp-block-buttons-is-layout-flex\">\n<div class=\"wp-block-button\"><a class=\"wp-block-button__link wp-element-button\" href=\"https:\/\/app.deinadieu.ch\/da\/testament\/7555\">Favoriser REDOG dans son testament<\/a><\/div>\n<\/div>\n","protected":false},"excerpt":{"rendered":"<p>Les conductrices de chiens de REDOG interviennent lorsque des randonneurs ne reviennent pas d&#8217;une randonn\u00e9e, lorsque des personnes atteintes de d\u00e9mence se perdent ou lorsque des personnes \u00e0 risque de suicide sont port\u00e9es disparues. Tel est le cas de Stefanie Stupf et de son labrador Yaro.<\/p>\n","protected":false},"author":6028,"featured_media":59900,"comment_status":"open","ping_status":"closed","sticky":false,"template":"","format":"standard","meta":{"_acf_changed":false,"footnotes":""},"categories":[2450],"tags":[3613,2834,3164,2469],"class_list":["post-60035","post","type-post","status-publish","format-standard","has-post-thumbnail","hentry","category-oeuvres-caritatives","tag-chiens","tag-faire-le-bien","tag-organisations-daide","tag-quel-effet-mon-heritage-peut-il-avoir"],"acf":[],"yoast_head":"<title>Portrait REDOG : Les conducteurs\/-trices de chiens et leurs chiens de sauvetage | DeinAdieu<\/title>\n<meta name=\"description\" content=\"Stefanie Stupf de REDOG parle dans cet article de la formation et de l&#039;engagement des \u00e9quipes de sauvetage avec des chiens de recherche et de sauvetage.\" \/>\n<meta name=\"robots\" content=\"index, follow, max-snippet:-1, max-image-preview:large, max-video-preview:-1\" \/>\n<link rel=\"canonical\" href=\"https:\/\/www.deinadieu.ch\/fr\/il-ny-a-rien-de-pire-que-lorsque-quelquun-quon-aime-nous-manque-et-quon-ne-sait-ou-il-est\/\" \/>\n<meta property=\"og:locale\" content=\"fr_FR\" \/>\n<meta property=\"og:type\" content=\"article\" \/>\n<meta property=\"og:title\" content=\"\u00ab Il n&#039;y a rien de pire que lorsque quelqu&#039;un qu&#039;on aime nous manque et qu&#039;on ne sait pas o\u00f9 il est \u00bb\" \/>\n<meta property=\"og:description\" content=\"Les conductrices de chiens de REDOG interviennent lorsque des randonneurs ne reviennent pas d&#039;une randonn\u00e9e, lorsque des personnes atteintes de d\u00e9mence se\" \/>\n<meta property=\"og:url\" content=\"https:\/\/www.deinadieu.ch\/fr\/il-ny-a-rien-de-pire-que-lorsque-quelquun-quon-aime-nous-manque-et-quon-ne-sait-ou-il-est\/\" \/>\n<meta property=\"og:site_name\" content=\"DeinAdieu.ch\" \/>\n<meta property=\"article:publisher\" content=\"https:\/\/www.facebook.com\/deinadieu\" \/>\n<meta property=\"article:published_time\" content=\"2022-08-30T13:21:28+00:00\" \/>\n<meta property=\"article:modified_time\" content=\"2024-03-26T14:04:34+00:00\" \/>\n<meta property=\"og:image\" content=\"https:\/\/static.deinadieu.ch\/uploads\/2022\/08\/DA_PSH_MFR2521-scaled.jpg\" \/>\n\t<meta property=\"og:image:width\" content=\"2560\" \/>\n\t<meta property=\"og:image:height\" content=\"1707\" \/>\n\t<meta property=\"og:image:type\" content=\"image\/jpeg\" \/>\n<meta name=\"author\" content=\"Janina Gehrig, MA UZH, Redaktorin\" \/>\n<meta name=\"twitter:card\" content=\"summary_large_image\" \/>\n<meta name=\"twitter:creator\" content=\"@DeinAdieu\" \/>\n<meta name=\"twitter:site\" content=\"@DeinAdieu\" \/>\n<meta name=\"twitter:label1\" content=\"Written by\" \/>\n\t<meta name=\"twitter:data1\" content=\"Janina Gehrig, MA UZH, Redaktorin\" \/>\n\t<meta name=\"twitter:label2\" content=\"Est. reading time\" \/>\n\t<meta name=\"twitter:data2\" content=\"5 minutes\" \/>\n<script type=\"application\/ld+json\" class=\"yoast-schema-graph\">{\"@context\":\"https:\\\/\\\/schema.org\",\"@graph\":[{\"@type\":\"Article\",\"@id\":\"https:\\\/\\\/www.deinadieu.ch\\\/fr\\\/il-ny-a-rien-de-pire-que-lorsque-quelquun-quon-aime-nous-manque-et-quon-ne-sait-ou-il-est\\\/#article\",\"isPartOf\":{\"@id\":\"https:\\\/\\\/www.deinadieu.ch\\\/fr\\\/il-ny-a-rien-de-pire-que-lorsque-quelquun-quon-aime-nous-manque-et-quon-ne-sait-ou-il-est\\\/\"},\"author\":{\"name\":\"Janina Gehrig, MA UZH, Redaktorin\",\"@id\":\"https:\\\/\\\/www.deinadieu.ch\\\/fr\\\/#\\\/schema\\\/person\\\/78cffe1cb679e17f919e3d0c0e7b9673\"},\"headline\":\"\u00ab Il n&#8217;y a rien de pire que lorsque quelqu&#8217;un qu&#8217;on aime nous manque et qu&#8217;on ne sait pas o\u00f9 il est \u00bb\",\"datePublished\":\"2022-08-30T13:21:28+00:00\",\"dateModified\":\"2024-03-26T14:04:34+00:00\",\"mainEntityOfPage\":{\"@id\":\"https:\\\/\\\/www.deinadieu.ch\\\/fr\\\/il-ny-a-rien-de-pire-que-lorsque-quelquun-quon-aime-nous-manque-et-quon-ne-sait-ou-il-est\\\/\"},\"wordCount\":1164,\"commentCount\":0,\"publisher\":{\"@id\":\"https:\\\/\\\/www.deinadieu.ch\\\/fr\\\/#organization\"},\"image\":{\"@id\":\"https:\\\/\\\/www.deinadieu.ch\\\/fr\\\/il-ny-a-rien-de-pire-que-lorsque-quelquun-quon-aime-nous-manque-et-quon-ne-sait-ou-il-est\\\/#primaryimage\"},\"thumbnailUrl\":\"https:\\\/\\\/www.deinadieu.ch\\\/wp-content\\\/uploads\\\/2022\\\/08\\\/DA_PSH_MFR2521-scaled.jpg\",\"keywords\":[\"Chiens\",\"Faire le bien\",\"organisations d'aide\",\"Quel effet mon h\u00e9ritage peut-il avoir ?\"],\"articleSection\":[\"\u0152uvres caritatives en point de mire\"],\"inLanguage\":\"fr-FR\",\"potentialAction\":[{\"@type\":\"CommentAction\",\"name\":\"Comment\",\"target\":[\"https:\\\/\\\/www.deinadieu.ch\\\/fr\\\/il-ny-a-rien-de-pire-que-lorsque-quelquun-quon-aime-nous-manque-et-quon-ne-sait-ou-il-est\\\/#respond\"]}]},{\"@type\":\"WebPage\",\"@id\":\"https:\\\/\\\/www.deinadieu.ch\\\/fr\\\/il-ny-a-rien-de-pire-que-lorsque-quelquun-quon-aime-nous-manque-et-quon-ne-sait-ou-il-est\\\/\",\"url\":\"https:\\\/\\\/www.deinadieu.ch\\\/fr\\\/il-ny-a-rien-de-pire-que-lorsque-quelquun-quon-aime-nous-manque-et-quon-ne-sait-ou-il-est\\\/\",\"name\":\"Portrait REDOG : Les conducteurs\\\/-trices de chiens et leurs chiens de sauvetage | DeinAdieu\",\"isPartOf\":{\"@id\":\"https:\\\/\\\/www.deinadieu.ch\\\/fr\\\/#website\"},\"primaryImageOfPage\":{\"@id\":\"https:\\\/\\\/www.deinadieu.ch\\\/fr\\\/il-ny-a-rien-de-pire-que-lorsque-quelquun-quon-aime-nous-manque-et-quon-ne-sait-ou-il-est\\\/#primaryimage\"},\"image\":{\"@id\":\"https:\\\/\\\/www.deinadieu.ch\\\/fr\\\/il-ny-a-rien-de-pire-que-lorsque-quelquun-quon-aime-nous-manque-et-quon-ne-sait-ou-il-est\\\/#primaryimage\"},\"thumbnailUrl\":\"https:\\\/\\\/www.deinadieu.ch\\\/wp-content\\\/uploads\\\/2022\\\/08\\\/DA_PSH_MFR2521-scaled.jpg\",\"datePublished\":\"2022-08-30T13:21:28+00:00\",\"dateModified\":\"2024-03-26T14:04:34+00:00\",\"description\":\"Stefanie Stupf de REDOG parle dans cet article de la formation et de l'engagement des \u00e9quipes de sauvetage avec des chiens de recherche et de sauvetage.\",\"breadcrumb\":{\"@id\":\"https:\\\/\\\/www.deinadieu.ch\\\/fr\\\/il-ny-a-rien-de-pire-que-lorsque-quelquun-quon-aime-nous-manque-et-quon-ne-sait-ou-il-est\\\/#breadcrumb\"},\"inLanguage\":\"fr-FR\",\"potentialAction\":[{\"@type\":\"ReadAction\",\"target\":[\"https:\\\/\\\/www.deinadieu.ch\\\/fr\\\/il-ny-a-rien-de-pire-que-lorsque-quelquun-quon-aime-nous-manque-et-quon-ne-sait-ou-il-est\\\/\"]}]},{\"@type\":\"ImageObject\",\"inLanguage\":\"fr-FR\",\"@id\":\"https:\\\/\\\/www.deinadieu.ch\\\/fr\\\/il-ny-a-rien-de-pire-que-lorsque-quelquun-quon-aime-nous-manque-et-quon-ne-sait-ou-il-est\\\/#primaryimage\",\"url\":\"https:\\\/\\\/www.deinadieu.ch\\\/wp-content\\\/uploads\\\/2022\\\/08\\\/DA_PSH_MFR2521-scaled.jpg\",\"contentUrl\":\"https:\\\/\\\/www.deinadieu.ch\\\/wp-content\\\/uploads\\\/2022\\\/08\\\/DA_PSH_MFR2521-scaled.jpg\",\"width\":2560,\"height\":1707,\"caption\":\"Avec son labrador Yaro, Stefanie Stupf de REDOG participe \u00e0 la recherche de personnes disparues. \u00a9 Manu Friederich\"},{\"@type\":\"BreadcrumbList\",\"@id\":\"https:\\\/\\\/www.deinadieu.ch\\\/fr\\\/il-ny-a-rien-de-pire-que-lorsque-quelquun-quon-aime-nous-manque-et-quon-ne-sait-ou-il-est\\\/#breadcrumb\",\"itemListElement\":[{\"@type\":\"ListItem\",\"position\":1,\"name\":\"Home\",\"item\":\"https:\\\/\\\/www.deinadieu.ch\\\/fr\\\/deinadieu-dialog-und-serviceportal-zum-lebensende\\\/\"},{\"@type\":\"ListItem\",\"position\":2,\"name\":\"\u00ab Il n&#8217;y a rien de pire que lorsque quelqu&#8217;un qu&#8217;on aime nous manque et qu&#8217;on ne sait pas o\u00f9 il est \u00bb\"}]},{\"@type\":\"WebSite\",\"@id\":\"https:\\\/\\\/www.deinadieu.ch\\\/fr\\\/#website\",\"url\":\"https:\\\/\\\/www.deinadieu.ch\\\/fr\\\/\",\"name\":\"DeinAdieu.ch\",\"description\":\"Testament, Patientenverf\u00fcgung und Vorsorgeauftrag\",\"publisher\":{\"@id\":\"https:\\\/\\\/www.deinadieu.ch\\\/fr\\\/#organization\"},\"potentialAction\":[{\"@type\":\"SearchAction\",\"target\":{\"@type\":\"EntryPoint\",\"urlTemplate\":\"https:\\\/\\\/www.deinadieu.ch\\\/fr\\\/?s={search_term_string}\"},\"query-input\":{\"@type\":\"PropertyValueSpecification\",\"valueRequired\":true,\"valueName\":\"search_term_string\"}}],\"inLanguage\":\"fr-FR\"},{\"@type\":\"Organization\",\"@id\":\"https:\\\/\\\/www.deinadieu.ch\\\/fr\\\/#organization\",\"name\":\"EMNA Web GmbH\",\"url\":\"https:\\\/\\\/www.deinadieu.ch\\\/fr\\\/\",\"logo\":{\"@type\":\"ImageObject\",\"inLanguage\":\"fr-FR\",\"@id\":\"https:\\\/\\\/www.deinadieu.ch\\\/fr\\\/#\\\/schema\\\/logo\\\/image\\\/\",\"url\":\"https:\\\/\\\/www.deinadieu.ch\\\/wp-content\\\/uploads\\\/2016\\\/01\\\/DeinAdieu_Logo.png\",\"contentUrl\":\"https:\\\/\\\/www.deinadieu.ch\\\/wp-content\\\/uploads\\\/2016\\\/01\\\/DeinAdieu_Logo.png\",\"width\":300,\"height\":117,\"caption\":\"EMNA Web GmbH\"},\"image\":{\"@id\":\"https:\\\/\\\/www.deinadieu.ch\\\/fr\\\/#\\\/schema\\\/logo\\\/image\\\/\"},\"sameAs\":[\"https:\\\/\\\/www.facebook.com\\\/deinadieu\",\"https:\\\/\\\/x.com\\\/DeinAdieu\",\"https:\\\/\\\/www.instagram.com\\\/deinadieu\\\/\",\"https:\\\/\\\/www.linkedin.com\\\/company\\\/deinadieu.ch\"]},{\"@type\":\"Person\",\"@id\":\"https:\\\/\\\/www.deinadieu.ch\\\/fr\\\/#\\\/schema\\\/person\\\/78cffe1cb679e17f919e3d0c0e7b9673\",\"name\":\"Janina Gehrig, MA UZH, Redaktorin\",\"image\":{\"@type\":\"ImageObject\",\"inLanguage\":\"fr-FR\",\"@id\":\"https:\\\/\\\/secure.gravatar.com\\\/avatar\\\/8bfc4dca12cd7c0a0373c12f34587d1f6a6117903e7ecc0035863bd69df6fb07?s=96&d=mm&r=g\",\"url\":\"https:\\\/\\\/secure.gravatar.com\\\/avatar\\\/8bfc4dca12cd7c0a0373c12f34587d1f6a6117903e7ecc0035863bd69df6fb07?s=96&d=mm&r=g\",\"contentUrl\":\"https:\\\/\\\/secure.gravatar.com\\\/avatar\\\/8bfc4dca12cd7c0a0373c12f34587d1f6a6117903e7ecc0035863bd69df6fb07?s=96&d=mm&r=g\",\"caption\":\"Janina Gehrig, MA UZH, Redaktorin\"},\"url\":\"https:\\\/\\\/www.deinadieu.ch\\\/fr\\\/author\\\/janinagehrig\\\/\"}]}<\/script>","yoast_head_json":{"title":"Portrait REDOG : Les conducteurs\/-trices de chiens et leurs chiens de sauvetage | DeinAdieu","description":"Stefanie Stupf de REDOG parle dans cet article de la formation et de l'engagement des \u00e9quipes de sauvetage avec des chiens de recherche et de sauvetage.","robots":{"index":"index","follow":"follow","max-snippet":"max-snippet:-1","max-image-preview":"max-image-preview:large","max-video-preview":"max-video-preview:-1"},"canonical":"https:\/\/www.deinadieu.ch\/fr\/il-ny-a-rien-de-pire-que-lorsque-quelquun-quon-aime-nous-manque-et-quon-ne-sait-ou-il-est\/","og_locale":"fr_FR","og_type":"article","og_title":"\u00ab Il n'y a rien de pire que lorsque quelqu'un qu'on aime nous manque et qu'on ne sait pas o\u00f9 il est \u00bb","og_description":"Les conductrices de chiens de REDOG interviennent lorsque des randonneurs ne reviennent pas d'une randonn\u00e9e, lorsque des personnes atteintes de d\u00e9mence se","og_url":"https:\/\/www.deinadieu.ch\/fr\/il-ny-a-rien-de-pire-que-lorsque-quelquun-quon-aime-nous-manque-et-quon-ne-sait-ou-il-est\/","og_site_name":"DeinAdieu.ch","article_publisher":"https:\/\/www.facebook.com\/deinadieu","article_published_time":"2022-08-30T13:21:28+00:00","article_modified_time":"2024-03-26T14:04:34+00:00","og_image":[{"width":2560,"height":1707,"url":"https:\/\/static.deinadieu.ch\/uploads\/2022\/08\/DA_PSH_MFR2521-scaled.jpg","type":"image\/jpeg"}],"author":"Janina Gehrig, MA UZH, Redaktorin","twitter_card":"summary_large_image","twitter_creator":"@DeinAdieu","twitter_site":"@DeinAdieu","twitter_misc":{"Written by":"Janina Gehrig, MA UZH, Redaktorin","Est. reading time":"5 minutes"},"schema":{"@context":"https:\/\/schema.org","@graph":[{"@type":"Article","@id":"https:\/\/www.deinadieu.ch\/fr\/il-ny-a-rien-de-pire-que-lorsque-quelquun-quon-aime-nous-manque-et-quon-ne-sait-ou-il-est\/#article","isPartOf":{"@id":"https:\/\/www.deinadieu.ch\/fr\/il-ny-a-rien-de-pire-que-lorsque-quelquun-quon-aime-nous-manque-et-quon-ne-sait-ou-il-est\/"},"author":{"name":"Janina Gehrig, MA UZH, Redaktorin","@id":"https:\/\/www.deinadieu.ch\/fr\/#\/schema\/person\/78cffe1cb679e17f919e3d0c0e7b9673"},"headline":"\u00ab Il n&#8217;y a rien de pire que lorsque quelqu&#8217;un qu&#8217;on aime nous manque et qu&#8217;on ne sait pas o\u00f9 il est \u00bb","datePublished":"2022-08-30T13:21:28+00:00","dateModified":"2024-03-26T14:04:34+00:00","mainEntityOfPage":{"@id":"https:\/\/www.deinadieu.ch\/fr\/il-ny-a-rien-de-pire-que-lorsque-quelquun-quon-aime-nous-manque-et-quon-ne-sait-ou-il-est\/"},"wordCount":1164,"commentCount":0,"publisher":{"@id":"https:\/\/www.deinadieu.ch\/fr\/#organization"},"image":{"@id":"https:\/\/www.deinadieu.ch\/fr\/il-ny-a-rien-de-pire-que-lorsque-quelquun-quon-aime-nous-manque-et-quon-ne-sait-ou-il-est\/#primaryimage"},"thumbnailUrl":"https:\/\/www.deinadieu.ch\/wp-content\/uploads\/2022\/08\/DA_PSH_MFR2521-scaled.jpg","keywords":["Chiens","Faire le bien","organisations d'aide","Quel effet mon h\u00e9ritage peut-il avoir ?"],"articleSection":["\u0152uvres caritatives en point de mire"],"inLanguage":"fr-FR","potentialAction":[{"@type":"CommentAction","name":"Comment","target":["https:\/\/www.deinadieu.ch\/fr\/il-ny-a-rien-de-pire-que-lorsque-quelquun-quon-aime-nous-manque-et-quon-ne-sait-ou-il-est\/#respond"]}]},{"@type":"WebPage","@id":"https:\/\/www.deinadieu.ch\/fr\/il-ny-a-rien-de-pire-que-lorsque-quelquun-quon-aime-nous-manque-et-quon-ne-sait-ou-il-est\/","url":"https:\/\/www.deinadieu.ch\/fr\/il-ny-a-rien-de-pire-que-lorsque-quelquun-quon-aime-nous-manque-et-quon-ne-sait-ou-il-est\/","name":"Portrait REDOG : Les conducteurs\/-trices de chiens et leurs chiens de sauvetage | DeinAdieu","isPartOf":{"@id":"https:\/\/www.deinadieu.ch\/fr\/#website"},"primaryImageOfPage":{"@id":"https:\/\/www.deinadieu.ch\/fr\/il-ny-a-rien-de-pire-que-lorsque-quelquun-quon-aime-nous-manque-et-quon-ne-sait-ou-il-est\/#primaryimage"},"image":{"@id":"https:\/\/www.deinadieu.ch\/fr\/il-ny-a-rien-de-pire-que-lorsque-quelquun-quon-aime-nous-manque-et-quon-ne-sait-ou-il-est\/#primaryimage"},"thumbnailUrl":"https:\/\/www.deinadieu.ch\/wp-content\/uploads\/2022\/08\/DA_PSH_MFR2521-scaled.jpg","datePublished":"2022-08-30T13:21:28+00:00","dateModified":"2024-03-26T14:04:34+00:00","description":"Stefanie Stupf de REDOG parle dans cet article de la formation et de l'engagement des \u00e9quipes de sauvetage avec des chiens de recherche et de sauvetage.","breadcrumb":{"@id":"https:\/\/www.deinadieu.ch\/fr\/il-ny-a-rien-de-pire-que-lorsque-quelquun-quon-aime-nous-manque-et-quon-ne-sait-ou-il-est\/#breadcrumb"},"inLanguage":"fr-FR","potentialAction":[{"@type":"ReadAction","target":["https:\/\/www.deinadieu.ch\/fr\/il-ny-a-rien-de-pire-que-lorsque-quelquun-quon-aime-nous-manque-et-quon-ne-sait-ou-il-est\/"]}]},{"@type":"ImageObject","inLanguage":"fr-FR","@id":"https:\/\/www.deinadieu.ch\/fr\/il-ny-a-rien-de-pire-que-lorsque-quelquun-quon-aime-nous-manque-et-quon-ne-sait-ou-il-est\/#primaryimage","url":"https:\/\/www.deinadieu.ch\/wp-content\/uploads\/2022\/08\/DA_PSH_MFR2521-scaled.jpg","contentUrl":"https:\/\/www.deinadieu.ch\/wp-content\/uploads\/2022\/08\/DA_PSH_MFR2521-scaled.jpg","width":2560,"height":1707,"caption":"Avec son labrador Yaro, Stefanie Stupf de REDOG participe \u00e0 la recherche de personnes disparues. \u00a9 Manu Friederich"},{"@type":"BreadcrumbList","@id":"https:\/\/www.deinadieu.ch\/fr\/il-ny-a-rien-de-pire-que-lorsque-quelquun-quon-aime-nous-manque-et-quon-ne-sait-ou-il-est\/#breadcrumb","itemListElement":[{"@type":"ListItem","position":1,"name":"Home","item":"https:\/\/www.deinadieu.ch\/fr\/deinadieu-dialog-und-serviceportal-zum-lebensende\/"},{"@type":"ListItem","position":2,"name":"\u00ab Il n&#8217;y a rien de pire que lorsque quelqu&#8217;un qu&#8217;on aime nous manque et qu&#8217;on ne sait pas o\u00f9 il est \u00bb"}]},{"@type":"WebSite","@id":"https:\/\/www.deinadieu.ch\/fr\/#website","url":"https:\/\/www.deinadieu.ch\/fr\/","name":"DeinAdieu.ch","description":"Testament, Patientenverf\u00fcgung und Vorsorgeauftrag","publisher":{"@id":"https:\/\/www.deinadieu.ch\/fr\/#organization"},"potentialAction":[{"@type":"SearchAction","target":{"@type":"EntryPoint","urlTemplate":"https:\/\/www.deinadieu.ch\/fr\/?s={search_term_string}"},"query-input":{"@type":"PropertyValueSpecification","valueRequired":true,"valueName":"search_term_string"}}],"inLanguage":"fr-FR"},{"@type":"Organization","@id":"https:\/\/www.deinadieu.ch\/fr\/#organization","name":"EMNA Web GmbH","url":"https:\/\/www.deinadieu.ch\/fr\/","logo":{"@type":"ImageObject","inLanguage":"fr-FR","@id":"https:\/\/www.deinadieu.ch\/fr\/#\/schema\/logo\/image\/","url":"https:\/\/www.deinadieu.ch\/wp-content\/uploads\/2016\/01\/DeinAdieu_Logo.png","contentUrl":"https:\/\/www.deinadieu.ch\/wp-content\/uploads\/2016\/01\/DeinAdieu_Logo.png","width":300,"height":117,"caption":"EMNA Web GmbH"},"image":{"@id":"https:\/\/www.deinadieu.ch\/fr\/#\/schema\/logo\/image\/"},"sameAs":["https:\/\/www.facebook.com\/deinadieu","https:\/\/x.com\/DeinAdieu","https:\/\/www.instagram.com\/deinadieu\/","https:\/\/www.linkedin.com\/company\/deinadieu.ch"]},{"@type":"Person","@id":"https:\/\/www.deinadieu.ch\/fr\/#\/schema\/person\/78cffe1cb679e17f919e3d0c0e7b9673","name":"Janina Gehrig, MA UZH, Redaktorin","image":{"@type":"ImageObject","inLanguage":"fr-FR","@id":"https:\/\/secure.gravatar.com\/avatar\/8bfc4dca12cd7c0a0373c12f34587d1f6a6117903e7ecc0035863bd69df6fb07?s=96&d=mm&r=g","url":"https:\/\/secure.gravatar.com\/avatar\/8bfc4dca12cd7c0a0373c12f34587d1f6a6117903e7ecc0035863bd69df6fb07?s=96&d=mm&r=g","contentUrl":"https:\/\/secure.gravatar.com\/avatar\/8bfc4dca12cd7c0a0373c12f34587d1f6a6117903e7ecc0035863bd69df6fb07?s=96&d=mm&r=g","caption":"Janina Gehrig, MA UZH, Redaktorin"},"url":"https:\/\/www.deinadieu.ch\/fr\/author\/janinagehrig\/"}]}},"_links":{"self":[{"href":"https:\/\/www.deinadieu.ch\/fr\/wp-json\/wp\/v2\/posts\/60035","targetHints":{"allow":["GET"]}}],"collection":[{"href":"https:\/\/www.deinadieu.ch\/fr\/wp-json\/wp\/v2\/posts"}],"about":[{"href":"https:\/\/www.deinadieu.ch\/fr\/wp-json\/wp\/v2\/types\/post"}],"author":[{"embeddable":true,"href":"https:\/\/www.deinadieu.ch\/fr\/wp-json\/wp\/v2\/users\/6028"}],"replies":[{"embeddable":true,"href":"https:\/\/www.deinadieu.ch\/fr\/wp-json\/wp\/v2\/comments?post=60035"}],"version-history":[{"count":12,"href":"https:\/\/www.deinadieu.ch\/fr\/wp-json\/wp\/v2\/posts\/60035\/revisions"}],"predecessor-version":[{"id":67447,"href":"https:\/\/www.deinadieu.ch\/fr\/wp-json\/wp\/v2\/posts\/60035\/revisions\/67447"}],"wp:featuredmedia":[{"embeddable":true,"href":"https:\/\/www.deinadieu.ch\/fr\/wp-json\/wp\/v2\/media\/59900"}],"wp:attachment":[{"href":"https:\/\/www.deinadieu.ch\/fr\/wp-json\/wp\/v2\/media?parent=60035"}],"wp:term":[{"taxonomy":"category","embeddable":true,"href":"https:\/\/www.deinadieu.ch\/fr\/wp-json\/wp\/v2\/categories?post=60035"},{"taxonomy":"post_tag","embeddable":true,"href":"https:\/\/www.deinadieu.ch\/fr\/wp-json\/wp\/v2\/tags?post=60035"}],"curies":[{"name":"wp","href":"https:\/\/api.w.org\/{rel}","templated":true}]}}