{"id":59883,"date":"2022-08-03T07:00:00","date_gmt":"2022-08-03T05:00:00","guid":{"rendered":"https:\/\/www.deinadieu.ch\/nous-voyons-des-opportunites-et-non-des-obstacles\/"},"modified":"2023-07-04T11:07:14","modified_gmt":"2023-07-04T09:07:14","slug":"nous-voyons-des-opportunites-et-non-des-obstacles","status":"publish","type":"post","link":"https:\/\/www.deinadieu.ch\/fr\/nous-voyons-des-opportunites-et-non-des-obstacles\/","title":{"rendered":"\u00ab Nous voyons des opportunit\u00e9s et non des obstacles \u00bb"},"content":{"rendered":"\n<p>Chaque personne en situation de handicap doit pouvoir trouver une offre sportive adapt\u00e9e. C&#8217;est la vision que d\u00e9fend PluSport, l&#8217;association fa\u00eeti\u00e8re du sport-handicap en Suisse. Regula Muralt est responsable du marketing et de la collecte de fonds chez PluSport. Elle souligne l&#8217;importance de la cohabitation : de nombreux projets et \u00e9v\u00e9nements de PluSport encouragent les activit\u00e9s sportives communes de personnes avec et sans handicap.<\/p>\n\n<!--more-->\n\n<p>Aller haut ind\u00e9pendamment de sa condition : c&#8217;est possible gr\u00e2ce \u00e0 \u00ab Escalade pour tous \u00bb. C&#8217;est l&#8217;un des nombreux projets que PluSport soutient afin de r\u00e9aliser son objectif d&#8217;inclusion et d&#8217;int\u00e9gration. Une salle d&#8217;escalade accessible \u00e0 tous n\u00e9cessite des conditions particuli\u00e8res : les collaborateurs sont sensibilis\u00e9s et form\u00e9s par des moniteurs de sport-handicap form\u00e9s. Le mat\u00e9riel et les voies d&#8217;escalade sont adapt\u00e9s ; par exemple, les distances entre les prises et les marches doivent \u00eatre plus petites ou le baudrier \u00eatre adapt\u00e9.<\/p>\n\n<h2 class=\"wp-block-heading\" id=\"h-eine-kletterhalle-fur-alle\">Une salle d&#8217;escalade pour tous <\/h2>\n\n<p>\u00ab Nous nous effor\u00e7ons, en collaboration avec d&#8217;autres f\u00e9d\u00e9rations sportives ou partenaires, comme les salles d&#8217;escalade suisses, de faire tomber les fronti\u00e8res et de permettre des rencontres sportives \u00bb, explique Regula Muralt. \u00ab Pour de tels projets et de nombreux autres, nous d\u00e9pendons des dons. \u00bb Bruno M\u00fcller est l&#8217;un des donateurs. Il <a href=\"https:\/\/www.deinadieu.ch\/hilfswerke\/plusport-behindertensport-schweiz\/\">soutient les projets de PluSport<\/a>, notamment par le biais d&#8217;un <a href=\"https:\/\/www.deinadieu.ch\/fr\/heritage-legs\/\">legs<\/a> : \u00ab Il me tient \u00e0 c\u0153ur de l\u00e9guer une partie de ma succession, \u00e0 c\u00f4t\u00e9 de mes proches, \u00e0 une organisation qui m&#8217;a convaincu de mon vivant et qui perdurera au-del\u00e0 de ma vie. Dans mon testament, j&#8217;ai <a href=\"https:\/\/app.deinadieu.ch\/testamentgenerator\/ngo\/7141\">fait un legs \u00e0 PluSport<\/a> \u00bb, explique le donateur.<\/p>\n\n<h2 class=\"wp-block-heading\">Rester en mouvement<\/h2>\n\n<p>Le camp d&#8217;entra\u00eenement commun de <em>Boarding Association Switzerland East<\/em> (BASE) et de PluSport est un autre exemple d&#8217;une nouvelle approche. Au total, 28 snowboarders et snowboardeuses avec et sans handicap se sont entra\u00een\u00e9s ensemble pendant une semaine. Les athl\u00e8tes et les entra\u00eeneurs sont unanimes : les deux parties sont gagnantes. Romy Tschopp, qui se d\u00e9place au quotidien avec des b\u00e9quilles et en fauteuil roulant, \u00e9tait \u00e9galement de la partie. Elle est n\u00e9e avec un spina bifida, un d\u00e9faut de fermeture de la colonne vert\u00e9brale. Elle peut quand m\u00eame faire du snowboard \u2013 au moyen de chaussures de snowboard dures pour remplacer son orth\u00e8se du bas de la jambe et d&#8217;un entra\u00eenement adapt\u00e9 de PluSport. Pour Romy Tschopp, c&#8217;est clair : \u00ab Je peux ainsi vivre ma passion et j&#8217;en retire beaucoup de bonheur et de gratitude. Sur la planche, je ressens un sentiment de libert\u00e9 que je n&#8217;\u00e9prouve que tr\u00e8s peu dans la vie quotidienne \u00bb, explique la snowboardeuse.<\/p>\n\n<figure class=\"wp-block-image size-large\"><img loading=\"lazy\" decoding=\"async\" width=\"1024\" height=\"683\" src=\"https:\/\/www.deinadieu.ch\/wp-content\/uploads\/2022\/07\/Bild-2_PluSporttag-1024x683.jpg\" alt=\"\" class=\"wp-image-59469\" srcset=\"https:\/\/www.deinadieu.ch\/wp-content\/uploads\/2022\/07\/Bild-2_PluSporttag-1024x683.jpg 1024w, https:\/\/www.deinadieu.ch\/wp-content\/uploads\/2022\/07\/Bild-2_PluSporttag-300x200.jpg 300w, https:\/\/www.deinadieu.ch\/wp-content\/uploads\/2022\/07\/Bild-2_PluSporttag-1536x1024.jpg 1536w, https:\/\/www.deinadieu.ch\/wp-content\/uploads\/2022\/07\/Bild-2_PluSporttag-2048x1365.jpg 2048w\" sizes=\"auto, (max-width: 1024px) 100vw, 1024px\" \/><figcaption class=\"wp-element-caption\">La plus grande f\u00eate de sport-handicap de Suisse \u2013 la Journ\u00e9e PluSport \u2013 a \u00e9galement \u00e9t\u00e9 un \u00e9norme temps fort pour sa 61e \u00e9dition. Le 10 juillet 2022, plus de 1000 participants de toute la Suisse ont afflu\u00e9 \u00e0 Macolin \u2013 le \u00ab bout du monde \u00bb \u2013 et se sont adonn\u00e9s \u00e0 de nombreuses disciplines sportives. PluSport a \u00e9galement re\u00e7u le prix des droits de l&#8217;homme de la Soci\u00e9t\u00e9 internationale pour les droits de l&#8217;homme. C&#8217;est un grand honneur, dans la mesure o\u00f9 ce prix a d\u00e9j\u00e0 \u00e9t\u00e9 d\u00e9cern\u00e9 au Dala\u00ef-Lama. L&#8217;ancien conseiller f\u00e9d\u00e9ral Samuel Schmid a prononc\u00e9 l&#8217;\u00e9loge.<\/figcaption><\/figure>\n\n<h2 class=\"wp-block-heading\">Sensibilisation \u2013 \u00e0 l&#8217;\u00e9cole d\u00e9j\u00e0 <\/h2>\n\n<p>La sensibilisation est primordiale et elle commence d\u00e8s l&#8217;\u00e9cole. Dans le cadre de PluSport@school, l&#8217;association fa\u00eeti\u00e8re propose des ateliers pour les classes ou des formations continues pour les enseignants afin de les pr\u00e9parer \u00e0 l&#8217;inclusion : Comment organiser les cours de sport de mani\u00e8re \u00e0 ce que les \u00e9l\u00e8ves avec et sans handicap puissent faire du sport ensemble ? Le conseil en mati\u00e8re de sport montre comment adapter les exercices de mani\u00e8re \u00e0 ce que la cohabitation soit possible. \u00ab Un projet phare qui sensibilise les enfants et les enseignants et fait tomber les inhibitions \u00bb, selon Regula Muralt.<\/p>\n\n<p>L&#8217;association fa\u00eeti\u00e8re compte 86 clubs membres qui proposent un vaste programme d&#8217;activit\u00e9s physiques et sportives dans toute la Suisse. Chaque ann\u00e9e, PluSport organise plus de 100 camps de sport. La formation, le conseil et la cr\u00e9ation de moyens d&#8217;enseignement constituent un autre service important de PluSport. L&#8217;association fait bouger toutes les personnes, quelle que soit leur condition, qu&#8217;elles aient un handicap mental, psychique, sensoriel ou physique. \u00ab Nous voyons les opportunit\u00e9s, pas les obstacles \u2013 et nous nous concentrons sur tout ce qui est possible \u00bb, explique Muralt. <\/p>\n\n<figure class=\"wp-block-image size-large\"><img loading=\"lazy\" decoding=\"async\" width=\"1024\" height=\"683\" src=\"https:\/\/www.deinadieu.ch\/wp-content\/uploads\/2022\/07\/Bild-3_Hans-Lichtsteiner-1024x683.jpg\" alt=\"\" class=\"wp-image-59464\" srcset=\"https:\/\/www.deinadieu.ch\/wp-content\/uploads\/2022\/07\/Bild-3_Hans-Lichtsteiner-1024x683.jpg 1024w, https:\/\/www.deinadieu.ch\/wp-content\/uploads\/2022\/07\/Bild-3_Hans-Lichtsteiner-300x200.jpg 300w, https:\/\/www.deinadieu.ch\/wp-content\/uploads\/2022\/07\/Bild-3_Hans-Lichtsteiner-1536x1024.jpg 1536w\" sizes=\"auto, (max-width: 1024px) 100vw, 1024px\" \/><figcaption class=\"wp-element-caption\">Journ\u00e9e PluSport \u00e0 Macolin &#8211; Hans Lichsteiner (membre du comit\u00e9 de PluSport-Pr\u00e9sident Suisse) \u00a9 Manu Friederich<\/figcaption><\/figure>\n\n<h2 class=\"wp-block-heading\">Le sport de haut niveau stimule et rend visible <\/h2>\n\n<p>PluSport promeut le sport, du sport de masse au sport d&#8217;\u00e9lite. Le sport de haut niveau contribue largement \u00e0 la visibilit\u00e9 et \u00e0 la sensibilisation de la population. A titre d&#8217;exemples, lorsque l&#8217;ancienne sportive de haut niveau aveugle Chantal Cavin court le marathon de la Jungfrau et gravit la Petite Scheidegg en courant ou lorsqu&#8217;Elena Kratter, \u00e9quip\u00e9e d&#8217;une proth\u00e8se de jambe, remporte la m\u00e9daille de bronze en saut en longueur aux Jeux paralympiques, ce sont des images fortes. Ce sont des images qui peuvent \u00e9galement encourager les jeunes sportifs et sportives : Fynn Thurnherr a 15 ans et participe \u00e0 l&#8217;entra\u00eenement des ambitieux de PluSport. Fynn souffre d&#8217;une infirmit\u00e9 motrice c\u00e9r\u00e9brale (IMC) qui complique le contr\u00f4le de ses pieds, de ses jambes et de sa main droite. En plus de l&#8217;\u00e9cole et de la physioth\u00e9rapie trois fois par semaine, Fynn fait beaucoup de sport. \u00ab Cela me fait me sentir bien et me donne confiance en moi \u00bb, explique l&#8217;adolescent. Il est particuli\u00e8rement attir\u00e9 par l&#8217;athl\u00e9tisme, o\u00f9 il fait partie de l&#8217;\u00e9quipe nationale. PluSport soutient les enfants et les jeunes dans les disciplines les plus diverses, du sport de masse au sport d&#8217;\u00e9lite. Regula Muralt ajoute : \u00ab Il ne s&#8217;agit pas seulement de faire \u00e9merger des sportifs et sportives de haut niveau. Nous cr\u00e9ons des offres pour que tous puissent pratiquer une activit\u00e9 sportive adapt\u00e9e \u00e0 leur condition et \u00e0 leurs capacit\u00e9s et se d\u00e9velopper. Cela favorise la confiance en soi et a des r\u00e9percussions positives sur leur vie quotidienne. \u00bb <\/p>\n\n\n        <div class=\"da-servicebox relative bg-gray-200 p-4 pt-8 border-solid border-t-8 border-da-dark mb-6\">\n            <i class=\"fas fa-info-circle mx-auto fa-7x text-da-dark\"><\/i>\n            <span style=\"hyphens: auto\">\n                <\/p>\n\n<p>Dans son testament, Bruno M\u00fcller a fait un legs \u00e0 PluSport, car il souhaite l\u00e9guer une partie de sa succession \u00e0 une organisation qui l&#8217;a convaincu de son vivant et qui perdurera au-del\u00e0 de sa vie.<\/p>\n\n<p>Ici, vous pouvez <a href=\"https:\/\/app.deinadieu.ch\/testamentgenerator\/ngo\/7141\">inclure l&#8217;association fa\u00eeti\u00e8re suisse du sport-handicap dans votre testament<\/a>.<\/p>\n\n<p>\n                \n                \n            <\/span>\n        <\/div>\n        \n\n<div style=\"height:40px\" aria-hidden=\"true\" class=\"wp-block-spacer\"><\/div>\n\n<div class=\"wp-block-buttons is-layout-flex wp-block-buttons-is-layout-flex\">\n<div class=\"wp-block-button\"><a class=\"wp-block-button__link wp-element-button\" href=\"https:\/\/app.deinadieu.ch\/testamentgenerator\/ngo\/7141\">Favoriser PluSport dans son testament<\/a><\/div>\n<\/div>\n","protected":false},"excerpt":{"rendered":"<p>Chaque personne en situation de handicap doit pouvoir trouver une offre sportive adapt\u00e9e. C&#8217;est la vision que d\u00e9fend PluSport, l&#8217;association fa\u00eeti\u00e8re du sport-handicap en Suisse. Regula Muralt est responsable du marketing et de la collecte de fonds chez PluSport. Elle souligne l&#8217;importance de la cohabitation : de nombreux projets et \u00e9v\u00e9nements de PluSport encouragent les [&hellip;]<\/p>\n","protected":false},"author":6038,"featured_media":59461,"comment_status":"open","ping_status":"closed","sticky":false,"template":"","format":"standard","meta":{"_acf_changed":false,"footnotes":""},"categories":[2450],"tags":[2469],"class_list":["post-59883","post","type-post","status-publish","format-standard","has-post-thumbnail","hentry","category-oeuvres-caritatives","tag-quel-effet-mon-heritage-peut-il-avoir"],"acf":[],"yoast_head":"<title>Portrait de PluSport : \u00ab Nous voyons des opportunit\u00e9s et non des obstacles \u00bb | DeinAdieu<\/title>\n<meta name=\"description\" content=\"Regula Muralt, responsable du marketing et de la collecte de fonds chez PluSport, nous parle de ses exp\u00e9riences au sein de l&#039;association fa\u00eeti\u00e8re suisse du sport-handicap.\" \/>\n<meta name=\"robots\" content=\"index, follow, max-snippet:-1, max-image-preview:large, max-video-preview:-1\" \/>\n<link rel=\"canonical\" href=\"https:\/\/www.deinadieu.ch\/fr\/nous-voyons-des-opportunites-et-non-des-obstacles\/\" \/>\n<meta property=\"og:locale\" content=\"fr_FR\" \/>\n<meta property=\"og:type\" content=\"article\" \/>\n<meta property=\"og:title\" content=\"\u00ab Nous voyons des opportunit\u00e9s et non des obstacles \u00bb\" \/>\n<meta property=\"og:description\" content=\"Chaque personne en situation de handicap doit pouvoir trouver une offre sportive adapt\u00e9e. C&#039;est la vision que d\u00e9fend PluSport, l&#039;association fa\u00eeti\u00e8re du\" \/>\n<meta property=\"og:url\" content=\"https:\/\/www.deinadieu.ch\/fr\/nous-voyons-des-opportunites-et-non-des-obstacles\/\" \/>\n<meta property=\"og:site_name\" content=\"DeinAdieu.ch\" \/>\n<meta property=\"article:publisher\" content=\"https:\/\/www.facebook.com\/deinadieu\" \/>\n<meta property=\"article:published_time\" content=\"2022-08-03T05:00:00+00:00\" \/>\n<meta property=\"article:modified_time\" content=\"2023-07-04T09:07:14+00:00\" \/>\n<meta property=\"og:image\" content=\"https:\/\/static.deinadieu.ch\/uploads\/2022\/07\/Bild-1_Regula-Muralt-1024x683.jpg\" \/>\n\t<meta property=\"og:image:width\" content=\"1024\" \/>\n\t<meta property=\"og:image:height\" content=\"683\" \/>\n\t<meta property=\"og:image:type\" content=\"image\/jpeg\" \/>\n<meta name=\"author\" content=\"Sabrina Rohner\" \/>\n<meta name=\"twitter:card\" content=\"summary_large_image\" \/>\n<meta name=\"twitter:creator\" content=\"@DeinAdieu\" \/>\n<meta name=\"twitter:site\" content=\"@DeinAdieu\" \/>\n<meta name=\"twitter:label1\" content=\"Written by\" \/>\n\t<meta name=\"twitter:data1\" content=\"Sabrina Rohner\" \/>\n\t<meta name=\"twitter:label2\" content=\"Est. reading time\" \/>\n\t<meta name=\"twitter:data2\" content=\"5 minutes\" \/>\n<script type=\"application\/ld+json\" class=\"yoast-schema-graph\">{\"@context\":\"https:\\\/\\\/schema.org\",\"@graph\":[{\"@type\":\"Article\",\"@id\":\"https:\\\/\\\/www.deinadieu.ch\\\/fr\\\/nous-voyons-des-opportunites-et-non-des-obstacles\\\/#article\",\"isPartOf\":{\"@id\":\"https:\\\/\\\/www.deinadieu.ch\\\/fr\\\/nous-voyons-des-opportunites-et-non-des-obstacles\\\/\"},\"author\":{\"name\":\"Sabrina Rohner\",\"@id\":\"https:\\\/\\\/www.deinadieu.ch\\\/fr\\\/#\\\/schema\\\/person\\\/ad724a53f7e50dd3866fc9b0fc6bbdd9\"},\"headline\":\"\u00ab Nous voyons des opportunit\u00e9s et non des obstacles \u00bb\",\"datePublished\":\"2022-08-03T05:00:00+00:00\",\"dateModified\":\"2023-07-04T09:07:14+00:00\",\"mainEntityOfPage\":{\"@id\":\"https:\\\/\\\/www.deinadieu.ch\\\/fr\\\/nous-voyons-des-opportunites-et-non-des-obstacles\\\/\"},\"wordCount\":1132,\"commentCount\":0,\"publisher\":{\"@id\":\"https:\\\/\\\/www.deinadieu.ch\\\/fr\\\/#organization\"},\"image\":{\"@id\":\"https:\\\/\\\/www.deinadieu.ch\\\/fr\\\/nous-voyons-des-opportunites-et-non-des-obstacles\\\/#primaryimage\"},\"thumbnailUrl\":\"https:\\\/\\\/www.deinadieu.ch\\\/wp-content\\\/uploads\\\/2022\\\/07\\\/Bild-1_Regula-Muralt.jpg\",\"keywords\":[\"Quel effet mon h\u00e9ritage peut-il avoir ?\"],\"articleSection\":[\"\u0152uvres caritatives en point de mire\"],\"inLanguage\":\"fr-FR\",\"potentialAction\":[{\"@type\":\"CommentAction\",\"name\":\"Comment\",\"target\":[\"https:\\\/\\\/www.deinadieu.ch\\\/fr\\\/nous-voyons-des-opportunites-et-non-des-obstacles\\\/#respond\"]}]},{\"@type\":\"WebPage\",\"@id\":\"https:\\\/\\\/www.deinadieu.ch\\\/fr\\\/nous-voyons-des-opportunites-et-non-des-obstacles\\\/\",\"url\":\"https:\\\/\\\/www.deinadieu.ch\\\/fr\\\/nous-voyons-des-opportunites-et-non-des-obstacles\\\/\",\"name\":\"Portrait de PluSport : \u00ab Nous voyons des opportunit\u00e9s et non des obstacles \u00bb | DeinAdieu\",\"isPartOf\":{\"@id\":\"https:\\\/\\\/www.deinadieu.ch\\\/fr\\\/#website\"},\"primaryImageOfPage\":{\"@id\":\"https:\\\/\\\/www.deinadieu.ch\\\/fr\\\/nous-voyons-des-opportunites-et-non-des-obstacles\\\/#primaryimage\"},\"image\":{\"@id\":\"https:\\\/\\\/www.deinadieu.ch\\\/fr\\\/nous-voyons-des-opportunites-et-non-des-obstacles\\\/#primaryimage\"},\"thumbnailUrl\":\"https:\\\/\\\/www.deinadieu.ch\\\/wp-content\\\/uploads\\\/2022\\\/07\\\/Bild-1_Regula-Muralt.jpg\",\"datePublished\":\"2022-08-03T05:00:00+00:00\",\"dateModified\":\"2023-07-04T09:07:14+00:00\",\"description\":\"Regula Muralt, responsable du marketing et de la collecte de fonds chez PluSport, nous parle de ses exp\u00e9riences au sein de l'association fa\u00eeti\u00e8re suisse du sport-handicap.\",\"breadcrumb\":{\"@id\":\"https:\\\/\\\/www.deinadieu.ch\\\/fr\\\/nous-voyons-des-opportunites-et-non-des-obstacles\\\/#breadcrumb\"},\"inLanguage\":\"fr-FR\",\"potentialAction\":[{\"@type\":\"ReadAction\",\"target\":[\"https:\\\/\\\/www.deinadieu.ch\\\/fr\\\/nous-voyons-des-opportunites-et-non-des-obstacles\\\/\"]}]},{\"@type\":\"ImageObject\",\"inLanguage\":\"fr-FR\",\"@id\":\"https:\\\/\\\/www.deinadieu.ch\\\/fr\\\/nous-voyons-des-opportunites-et-non-des-obstacles\\\/#primaryimage\",\"url\":\"https:\\\/\\\/www.deinadieu.ch\\\/wp-content\\\/uploads\\\/2022\\\/07\\\/Bild-1_Regula-Muralt.jpg\",\"contentUrl\":\"https:\\\/\\\/www.deinadieu.ch\\\/wp-content\\\/uploads\\\/2022\\\/07\\\/Bild-1_Regula-Muralt.jpg\",\"width\":8162,\"height\":5441,\"caption\":\"Regula Muralt, responsable du marketing et de la collecte de fonds chez PluSport, lors de la Journ\u00e9e PluSport \u00e0 Macolin.\"},{\"@type\":\"BreadcrumbList\",\"@id\":\"https:\\\/\\\/www.deinadieu.ch\\\/fr\\\/nous-voyons-des-opportunites-et-non-des-obstacles\\\/#breadcrumb\",\"itemListElement\":[{\"@type\":\"ListItem\",\"position\":1,\"name\":\"Home\",\"item\":\"https:\\\/\\\/www.deinadieu.ch\\\/fr\\\/deinadieu-dialog-und-serviceportal-zum-lebensende\\\/\"},{\"@type\":\"ListItem\",\"position\":2,\"name\":\"\u00ab Nous voyons des opportunit\u00e9s et non des obstacles \u00bb\"}]},{\"@type\":\"WebSite\",\"@id\":\"https:\\\/\\\/www.deinadieu.ch\\\/fr\\\/#website\",\"url\":\"https:\\\/\\\/www.deinadieu.ch\\\/fr\\\/\",\"name\":\"DeinAdieu.ch\",\"description\":\"Testament, Patientenverf\u00fcgung und Vorsorgeauftrag\",\"publisher\":{\"@id\":\"https:\\\/\\\/www.deinadieu.ch\\\/fr\\\/#organization\"},\"potentialAction\":[{\"@type\":\"SearchAction\",\"target\":{\"@type\":\"EntryPoint\",\"urlTemplate\":\"https:\\\/\\\/www.deinadieu.ch\\\/fr\\\/?s={search_term_string}\"},\"query-input\":{\"@type\":\"PropertyValueSpecification\",\"valueRequired\":true,\"valueName\":\"search_term_string\"}}],\"inLanguage\":\"fr-FR\"},{\"@type\":\"Organization\",\"@id\":\"https:\\\/\\\/www.deinadieu.ch\\\/fr\\\/#organization\",\"name\":\"EMNA Web GmbH\",\"url\":\"https:\\\/\\\/www.deinadieu.ch\\\/fr\\\/\",\"logo\":{\"@type\":\"ImageObject\",\"inLanguage\":\"fr-FR\",\"@id\":\"https:\\\/\\\/www.deinadieu.ch\\\/fr\\\/#\\\/schema\\\/logo\\\/image\\\/\",\"url\":\"https:\\\/\\\/www.deinadieu.ch\\\/wp-content\\\/uploads\\\/2016\\\/01\\\/DeinAdieu_Logo.png\",\"contentUrl\":\"https:\\\/\\\/www.deinadieu.ch\\\/wp-content\\\/uploads\\\/2016\\\/01\\\/DeinAdieu_Logo.png\",\"width\":300,\"height\":117,\"caption\":\"EMNA Web GmbH\"},\"image\":{\"@id\":\"https:\\\/\\\/www.deinadieu.ch\\\/fr\\\/#\\\/schema\\\/logo\\\/image\\\/\"},\"sameAs\":[\"https:\\\/\\\/www.facebook.com\\\/deinadieu\",\"https:\\\/\\\/x.com\\\/DeinAdieu\",\"https:\\\/\\\/www.instagram.com\\\/deinadieu\\\/\",\"https:\\\/\\\/www.linkedin.com\\\/company\\\/deinadieu.ch\"]},{\"@type\":\"Person\",\"@id\":\"https:\\\/\\\/www.deinadieu.ch\\\/fr\\\/#\\\/schema\\\/person\\\/ad724a53f7e50dd3866fc9b0fc6bbdd9\",\"name\":\"Sabrina Rohner\",\"image\":{\"@type\":\"ImageObject\",\"inLanguage\":\"fr-FR\",\"@id\":\"https:\\\/\\\/secure.gravatar.com\\\/avatar\\\/c72cef3c7bba2e19d98358a63ff805dbe088a70fb947d10024d669ded777102d?s=96&d=mm&r=g\",\"url\":\"https:\\\/\\\/secure.gravatar.com\\\/avatar\\\/c72cef3c7bba2e19d98358a63ff805dbe088a70fb947d10024d669ded777102d?s=96&d=mm&r=g\",\"contentUrl\":\"https:\\\/\\\/secure.gravatar.com\\\/avatar\\\/c72cef3c7bba2e19d98358a63ff805dbe088a70fb947d10024d669ded777102d?s=96&d=mm&r=g\",\"caption\":\"Sabrina Rohner\"},\"url\":\"https:\\\/\\\/www.deinadieu.ch\\\/fr\\\/author\\\/sabrina-rohnergmail-com\\\/\"}]}<\/script>","yoast_head_json":{"title":"Portrait de PluSport : \u00ab Nous voyons des opportunit\u00e9s et non des obstacles \u00bb | DeinAdieu","description":"Regula Muralt, responsable du marketing et de la collecte de fonds chez PluSport, nous parle de ses exp\u00e9riences au sein de l'association fa\u00eeti\u00e8re suisse du sport-handicap.","robots":{"index":"index","follow":"follow","max-snippet":"max-snippet:-1","max-image-preview":"max-image-preview:large","max-video-preview":"max-video-preview:-1"},"canonical":"https:\/\/www.deinadieu.ch\/fr\/nous-voyons-des-opportunites-et-non-des-obstacles\/","og_locale":"fr_FR","og_type":"article","og_title":"\u00ab Nous voyons des opportunit\u00e9s et non des obstacles \u00bb","og_description":"Chaque personne en situation de handicap doit pouvoir trouver une offre sportive adapt\u00e9e. C'est la vision que d\u00e9fend PluSport, l'association fa\u00eeti\u00e8re du","og_url":"https:\/\/www.deinadieu.ch\/fr\/nous-voyons-des-opportunites-et-non-des-obstacles\/","og_site_name":"DeinAdieu.ch","article_publisher":"https:\/\/www.facebook.com\/deinadieu","article_published_time":"2022-08-03T05:00:00+00:00","article_modified_time":"2023-07-04T09:07:14+00:00","og_image":[{"width":1024,"height":683,"url":"https:\/\/static.deinadieu.ch\/uploads\/2022\/07\/Bild-1_Regula-Muralt-1024x683.jpg","type":"image\/jpeg"}],"author":"Sabrina Rohner","twitter_card":"summary_large_image","twitter_creator":"@DeinAdieu","twitter_site":"@DeinAdieu","twitter_misc":{"Written by":"Sabrina Rohner","Est. reading time":"5 minutes"},"schema":{"@context":"https:\/\/schema.org","@graph":[{"@type":"Article","@id":"https:\/\/www.deinadieu.ch\/fr\/nous-voyons-des-opportunites-et-non-des-obstacles\/#article","isPartOf":{"@id":"https:\/\/www.deinadieu.ch\/fr\/nous-voyons-des-opportunites-et-non-des-obstacles\/"},"author":{"name":"Sabrina Rohner","@id":"https:\/\/www.deinadieu.ch\/fr\/#\/schema\/person\/ad724a53f7e50dd3866fc9b0fc6bbdd9"},"headline":"\u00ab Nous voyons des opportunit\u00e9s et non des obstacles \u00bb","datePublished":"2022-08-03T05:00:00+00:00","dateModified":"2023-07-04T09:07:14+00:00","mainEntityOfPage":{"@id":"https:\/\/www.deinadieu.ch\/fr\/nous-voyons-des-opportunites-et-non-des-obstacles\/"},"wordCount":1132,"commentCount":0,"publisher":{"@id":"https:\/\/www.deinadieu.ch\/fr\/#organization"},"image":{"@id":"https:\/\/www.deinadieu.ch\/fr\/nous-voyons-des-opportunites-et-non-des-obstacles\/#primaryimage"},"thumbnailUrl":"https:\/\/www.deinadieu.ch\/wp-content\/uploads\/2022\/07\/Bild-1_Regula-Muralt.jpg","keywords":["Quel effet mon h\u00e9ritage peut-il avoir ?"],"articleSection":["\u0152uvres caritatives en point de mire"],"inLanguage":"fr-FR","potentialAction":[{"@type":"CommentAction","name":"Comment","target":["https:\/\/www.deinadieu.ch\/fr\/nous-voyons-des-opportunites-et-non-des-obstacles\/#respond"]}]},{"@type":"WebPage","@id":"https:\/\/www.deinadieu.ch\/fr\/nous-voyons-des-opportunites-et-non-des-obstacles\/","url":"https:\/\/www.deinadieu.ch\/fr\/nous-voyons-des-opportunites-et-non-des-obstacles\/","name":"Portrait de PluSport : \u00ab Nous voyons des opportunit\u00e9s et non des obstacles \u00bb | DeinAdieu","isPartOf":{"@id":"https:\/\/www.deinadieu.ch\/fr\/#website"},"primaryImageOfPage":{"@id":"https:\/\/www.deinadieu.ch\/fr\/nous-voyons-des-opportunites-et-non-des-obstacles\/#primaryimage"},"image":{"@id":"https:\/\/www.deinadieu.ch\/fr\/nous-voyons-des-opportunites-et-non-des-obstacles\/#primaryimage"},"thumbnailUrl":"https:\/\/www.deinadieu.ch\/wp-content\/uploads\/2022\/07\/Bild-1_Regula-Muralt.jpg","datePublished":"2022-08-03T05:00:00+00:00","dateModified":"2023-07-04T09:07:14+00:00","description":"Regula Muralt, responsable du marketing et de la collecte de fonds chez PluSport, nous parle de ses exp\u00e9riences au sein de l'association fa\u00eeti\u00e8re suisse du sport-handicap.","breadcrumb":{"@id":"https:\/\/www.deinadieu.ch\/fr\/nous-voyons-des-opportunites-et-non-des-obstacles\/#breadcrumb"},"inLanguage":"fr-FR","potentialAction":[{"@type":"ReadAction","target":["https:\/\/www.deinadieu.ch\/fr\/nous-voyons-des-opportunites-et-non-des-obstacles\/"]}]},{"@type":"ImageObject","inLanguage":"fr-FR","@id":"https:\/\/www.deinadieu.ch\/fr\/nous-voyons-des-opportunites-et-non-des-obstacles\/#primaryimage","url":"https:\/\/www.deinadieu.ch\/wp-content\/uploads\/2022\/07\/Bild-1_Regula-Muralt.jpg","contentUrl":"https:\/\/www.deinadieu.ch\/wp-content\/uploads\/2022\/07\/Bild-1_Regula-Muralt.jpg","width":8162,"height":5441,"caption":"Regula Muralt, responsable du marketing et de la collecte de fonds chez PluSport, lors de la Journ\u00e9e PluSport \u00e0 Macolin."},{"@type":"BreadcrumbList","@id":"https:\/\/www.deinadieu.ch\/fr\/nous-voyons-des-opportunites-et-non-des-obstacles\/#breadcrumb","itemListElement":[{"@type":"ListItem","position":1,"name":"Home","item":"https:\/\/www.deinadieu.ch\/fr\/deinadieu-dialog-und-serviceportal-zum-lebensende\/"},{"@type":"ListItem","position":2,"name":"\u00ab Nous voyons des opportunit\u00e9s et non des obstacles \u00bb"}]},{"@type":"WebSite","@id":"https:\/\/www.deinadieu.ch\/fr\/#website","url":"https:\/\/www.deinadieu.ch\/fr\/","name":"DeinAdieu.ch","description":"Testament, Patientenverf\u00fcgung und Vorsorgeauftrag","publisher":{"@id":"https:\/\/www.deinadieu.ch\/fr\/#organization"},"potentialAction":[{"@type":"SearchAction","target":{"@type":"EntryPoint","urlTemplate":"https:\/\/www.deinadieu.ch\/fr\/?s={search_term_string}"},"query-input":{"@type":"PropertyValueSpecification","valueRequired":true,"valueName":"search_term_string"}}],"inLanguage":"fr-FR"},{"@type":"Organization","@id":"https:\/\/www.deinadieu.ch\/fr\/#organization","name":"EMNA Web GmbH","url":"https:\/\/www.deinadieu.ch\/fr\/","logo":{"@type":"ImageObject","inLanguage":"fr-FR","@id":"https:\/\/www.deinadieu.ch\/fr\/#\/schema\/logo\/image\/","url":"https:\/\/www.deinadieu.ch\/wp-content\/uploads\/2016\/01\/DeinAdieu_Logo.png","contentUrl":"https:\/\/www.deinadieu.ch\/wp-content\/uploads\/2016\/01\/DeinAdieu_Logo.png","width":300,"height":117,"caption":"EMNA Web GmbH"},"image":{"@id":"https:\/\/www.deinadieu.ch\/fr\/#\/schema\/logo\/image\/"},"sameAs":["https:\/\/www.facebook.com\/deinadieu","https:\/\/x.com\/DeinAdieu","https:\/\/www.instagram.com\/deinadieu\/","https:\/\/www.linkedin.com\/company\/deinadieu.ch"]},{"@type":"Person","@id":"https:\/\/www.deinadieu.ch\/fr\/#\/schema\/person\/ad724a53f7e50dd3866fc9b0fc6bbdd9","name":"Sabrina Rohner","image":{"@type":"ImageObject","inLanguage":"fr-FR","@id":"https:\/\/secure.gravatar.com\/avatar\/c72cef3c7bba2e19d98358a63ff805dbe088a70fb947d10024d669ded777102d?s=96&d=mm&r=g","url":"https:\/\/secure.gravatar.com\/avatar\/c72cef3c7bba2e19d98358a63ff805dbe088a70fb947d10024d669ded777102d?s=96&d=mm&r=g","contentUrl":"https:\/\/secure.gravatar.com\/avatar\/c72cef3c7bba2e19d98358a63ff805dbe088a70fb947d10024d669ded777102d?s=96&d=mm&r=g","caption":"Sabrina Rohner"},"url":"https:\/\/www.deinadieu.ch\/fr\/author\/sabrina-rohnergmail-com\/"}]}},"_links":{"self":[{"href":"https:\/\/www.deinadieu.ch\/fr\/wp-json\/wp\/v2\/posts\/59883","targetHints":{"allow":["GET"]}}],"collection":[{"href":"https:\/\/www.deinadieu.ch\/fr\/wp-json\/wp\/v2\/posts"}],"about":[{"href":"https:\/\/www.deinadieu.ch\/fr\/wp-json\/wp\/v2\/types\/post"}],"author":[{"embeddable":true,"href":"https:\/\/www.deinadieu.ch\/fr\/wp-json\/wp\/v2\/users\/6038"}],"replies":[{"embeddable":true,"href":"https:\/\/www.deinadieu.ch\/fr\/wp-json\/wp\/v2\/comments?post=59883"}],"version-history":[{"count":11,"href":"https:\/\/www.deinadieu.ch\/fr\/wp-json\/wp\/v2\/posts\/59883\/revisions"}],"predecessor-version":[{"id":64724,"href":"https:\/\/www.deinadieu.ch\/fr\/wp-json\/wp\/v2\/posts\/59883\/revisions\/64724"}],"wp:featuredmedia":[{"embeddable":true,"href":"https:\/\/www.deinadieu.ch\/fr\/wp-json\/wp\/v2\/media\/59461"}],"wp:attachment":[{"href":"https:\/\/www.deinadieu.ch\/fr\/wp-json\/wp\/v2\/media?parent=59883"}],"wp:term":[{"taxonomy":"category","embeddable":true,"href":"https:\/\/www.deinadieu.ch\/fr\/wp-json\/wp\/v2\/categories?post=59883"},{"taxonomy":"post_tag","embeddable":true,"href":"https:\/\/www.deinadieu.ch\/fr\/wp-json\/wp\/v2\/tags?post=59883"}],"curies":[{"name":"wp","href":"https:\/\/api.w.org\/{rel}","templated":true}]}}