{"id":57381,"date":"2022-06-01T09:22:08","date_gmt":"2022-06-01T07:22:08","guid":{"rendered":"https:\/\/www.deinadieu.ch\/les-excursions-ne-vont-pas-de-soi-pour-nos-clients\/"},"modified":"2023-06-24T09:16:20","modified_gmt":"2023-06-24T07:16:20","slug":"les-excursions-ne-vont-pas-de-soi-pour-nos-clients","status":"publish","type":"post","link":"https:\/\/www.deinadieu.ch\/fr\/les-excursions-ne-vont-pas-de-soi-pour-nos-clients\/","title":{"rendered":"\u00ab Les excursions ne vont pas de soi pour nos clients \u00bb"},"content":{"rendered":"\n<p>La Fondation lucernoise pour les personnes gravement handicap\u00e9s propose des logements et des places de travail aux personnes gravement handicap\u00e9es de tous \u00e2ges sur onze sites r\u00e9partis dans tout le canton. Le responsable de la communication Beat Staudacher parle de la motivation de r\u00e9aliser pour elles de temps en temps un souhait, m\u00eame en dehors du quotidien.<\/p>\n\n<!--more-->\n\n<p><strong>Votre fondation g\u00e8re onze maisons dans le canton de Lucerne. Qui vit chez vous, M. Staudacher ?<\/strong><\/p>\n\n<p>Nous accueillons des personnes qui sont souvent polyhandicap\u00e9es. Ce sont des personnes qui ont besoin de soutien au quotidien et d&#8217;une prise en charge plus importante.<\/p>\n\n<p><strong>Comment doit-on se repr\u00e9senter cela ?<\/strong><\/p>\n\n<p>Il y a diff\u00e9rents groupes. Nous avons des appartements partag\u00e9s avec un ou deux accompagnateurs, dans lesquels les gens ont besoin d&#8217;un peu d&#8217;aide pour commencer la journ\u00e9e le matin. Mais il y a \u00e9galement des groupes intensifs, dans lesquels une prise en charge \u00ab un pour un \u00bb est parfois n\u00e9cessaire. Cela est particuli\u00e8rement important pour les personnes qui pourraient se mettre en danger ou mettre en danger d&#8217;autres personnes. Les jardins y sont cl\u00f4tur\u00e9s et les murs sont nus.<\/p>\n\n<p><strong>Dans quels domaines la Fondation lucernoise pour les personnes gravement handicap\u00e9es a-t-elle besoin de dons ?<\/strong><\/p>\n\n<p>Nous avons un mandat de prestations avec le canton de Lucerne pour fournir aux r\u00e9sidents un logement et un emploi. 97% de notre budget est financ\u00e9 de cette mani\u00e8re. Toutefois, tout ce qui est organis\u00e9 pendant le temps libre, nous ne pouvons le faire que gr\u00e2ce aux dons. Notre budget est tr\u00e8s limit\u00e9. Il s&#8217;agit par exemple d&#8217;excursions avec les clients qui partent en voyage avec leur groupe de vie. L&#8217;ann\u00e9e derni\u00e8re, un groupe a pass\u00e9 une semaine au Tessin et un autre un week-end \u00e0 Thoune. Pour six clients, nous avons besoin de trois \u00e0 quatre accompagnateurs. Le besoin de prise en charge est donc assez \u00e9lev\u00e9. Un autre projet financ\u00e9 par des dons s&#8217;appelle \u00ab Les souhaits se r\u00e9alisent \u00bb. Nous avons un mur de souhaits dans notre caf\u00e9 public sur le site, o\u00f9 les souhaits peuvent \u00eatre plac\u00e9s. Les passants peuvent y jeter un coup d&#8217;\u0153il et permettre la r\u00e9alisation des souhaits en faisant des dons.<\/p>\n\n<figure class=\"wp-block-image size-large is-resized\"><img loading=\"lazy\" decoding=\"async\" src=\"https:\/\/www.deinadieu.ch\/wp-content\/uploads\/2022\/06\/SSBL_0052-1024x683.jpg\" alt=\"\" class=\"wp-image-57129\" width=\"840\" height=\"560\" srcset=\"https:\/\/www.deinadieu.ch\/wp-content\/uploads\/2022\/06\/SSBL_0052-1024x683.jpg 1024w, https:\/\/www.deinadieu.ch\/wp-content\/uploads\/2022\/06\/SSBL_0052-300x200.jpg 300w, https:\/\/www.deinadieu.ch\/wp-content\/uploads\/2022\/06\/SSBL_0052-1536x1024.jpg 1536w, https:\/\/www.deinadieu.ch\/wp-content\/uploads\/2022\/06\/SSBL_0052-2048x1365.jpg 2048w\" sizes=\"auto, (max-width: 840px) 100vw, 840px\" \/><figcaption class=\"wp-element-caption\">Les personnes en situation de handicap devraient avoir la libert\u00e9 de choix afin de pouvoir mener une vie aussi autod\u00e9termin\u00e9e que possible, affirme Beat Staudacher. Photo : Djamila Grossmann.<\/figcaption><\/figure>\n\n<p><strong>Quels sont les souhaits de vos clients ?<\/strong><\/p>\n\n<p>Des choses comme des concerts, des excursions et des vacances que nous prenons pour acquis ne sont pas une \u00e9vidence pour nos clients. Une fois, nous avons achet\u00e9 une chaise ber\u00e7ante sonore gr\u00e2ce \u00e0 des dons. Dans cette chaise, les personnes handicap\u00e9es peuvent s&#8217;asseoir et ressentir des sons \u00e0 travers tout leur corps &#8211; une contribution extr\u00eamement pr\u00e9cieuse. Un autre projet de don est un parc avec des \u00e9quipements d&#8217;exercice que nous construisons. L\u00e0, nos clients peuvent faire une balan\u00e7oire avec un fauteuil roulant. Il y a un enclos pour petits animaux sans barri\u00e8re et aussi des expositions d&#8217;art dans des galeries. On veut faire venir des gens ici et favoriser les rencontres, briser les inhibitions. C&#8217;est tr\u00e8s pr\u00e9cieux pour les deux parties.<\/p>\n\n<p><strong>O\u00f9 les parents d&#8217;enfants handicap\u00e9s peuvent-ils trouver de l&#8217;aide ?<\/strong><\/p>\n\n<p>\u00c0 la maison d&#8217;enfants Weidmatt, nous avons une gamme inhabituelle d&#8217;activit\u00e9s qui sont \u00e9galement nationales. Nous accueillons des enfants entre z\u00e9ro et six ans. Nous pouvons souvent soulager les familles &#8211; surtout si elles ont plusieurs enfants &#8211; avec notre offre de deux \u00e0 trois jours et nuits. Les enfants qui viennent chez nous ont une chambre meubl\u00e9e personnellement, un lieu de retraite. Nous offrons beaucoup de th\u00e9rapies afin que la mobilit\u00e9 soit favoris\u00e9e ou maintenue. D\u00e8s que les enfants entreront \u00e0 l&#8217;\u00e9cole, le canton apportera une solution.<\/p>\n\n<p><strong>Votre fondation propose non seulement des activit\u00e9s d&#8217;aide \u00e0 la vie et de loisirs, mais aussi une sorte d&#8217;atelier prot\u00e9g\u00e9.<\/strong><\/p>\n\n<p>Exactement, nous avons aussi divers studios o\u00f9 les r\u00e9sidents travaillent. En fonction de vos envies et de vos comp\u00e9tences, nous vous proposons de la poterie, du dessin et de la peinture, du travail en logistique pour soutenir les services internes, en laverie ou en cuisine. C&#8217;est un travail sans salaire. Il n&#8217;y a pas de pression \u00e0 ex\u00e9cuter et pas d&#8217;ordres externes. Il faut prendre chaque jour comme il vient.<\/p>\n\n<p><strong>Les gens sont-ils avec vous toute leur vie ?<\/strong><\/p>\n\n<p>Il y aura un changement dans les prochaines ann\u00e9es. Selon la Convention de l&#8217;ONU sur les personnes handicap\u00e9es, des efforts sont d\u00e9ploy\u00e9s pour donner aux personnes handicap\u00e9es la libert\u00e9 de choix afin qu&#8217;elles puissent mener une vie aussi autonome que possible. Il devrait y avoir des transitions de plus en plus fluides, l&#8217;objectif est d&#8217;avoir des espaces sociaux et une mixit\u00e9 de r\u00e9sidents et de non-r\u00e9sidents qui viennent \u00ab uniquement \u00bb ici pour travailler. J&#8217;ai aussi rencontr\u00e9 des r\u00e9sidents qui vivaient dans trois immeubles d&#8217;habitation diff\u00e9rents avant de venir chez nous.<\/p>\n\n<figure class=\"wp-block-image size-large\"><img loading=\"lazy\" decoding=\"async\" width=\"1024\" height=\"683\" src=\"https:\/\/www.deinadieu.ch\/wp-content\/uploads\/2022\/06\/SSBL_0092-1024x683.jpg\" alt=\"\" class=\"wp-image-57135\" srcset=\"https:\/\/www.deinadieu.ch\/wp-content\/uploads\/2022\/06\/SSBL_0092-1024x683.jpg 1024w, https:\/\/www.deinadieu.ch\/wp-content\/uploads\/2022\/06\/SSBL_0092-300x200.jpg 300w, https:\/\/www.deinadieu.ch\/wp-content\/uploads\/2022\/06\/SSBL_0092-1536x1024.jpg 1536w, https:\/\/www.deinadieu.ch\/wp-content\/uploads\/2022\/06\/SSBL_0092-2048x1365.jpg 2048w\" sizes=\"auto, (max-width: 1024px) 100vw, 1024px\" \/><figcaption class=\"wp-element-caption\">A la Fondation pour les Handicap\u00e9s Graves, les personnes peuvent vivre, travailler et pratiquer divers loisirs.<\/figcaption><\/figure>\n\n<p><strong>Quels moments vous ont particuli\u00e8rement marqu\u00e9 depuis que vous y travaillez ?<\/strong><\/p>\n\n<p>Ce qui me reste, c&#8217;est le rayonnement des gens sur cette chaise sonore. Ce fut un moment agr\u00e9able pour voir comment l&#8217;aide des donateurs a \u00e9t\u00e9 re\u00e7ue. C&#8217;est ce qui me motive. Une fois par jour, un travailleur voulait se rendre au Rigi. Nous avons trouv\u00e9 un donneur qui a exauc\u00e9 le v\u0153u. C&#8217;\u00e9tait une belle journ\u00e9e ensoleill\u00e9e, absolument sp\u00e9ciale pour notre client. Le soignant qui \u00e9tait l\u00e0 l&#8217;a v\u00e9cu d&#8217;une toute autre mani\u00e8re, ce qui a renforc\u00e9 le lien entre eux. Ce moment est \u00e9galement rappel\u00e9.<\/p>\n\n\n        <div class=\"da-servicebox relative bg-gray-200 p-4 pt-8 border-solid border-t-8 border-da-dark mb-6\">\n            <i class=\"fas fa-info-circle mx-auto fa-7x text-da-dark\"><\/i>\n            <span style=\"hyphens: auto\">\n                 En 1971, la \u00ab <a href=\"https:\/\/www.ssbl.ch\/\" target=\"_blank\" rel=\"noreferrer noopener\">Fondation lucernoise pour les personnes gravement handicap\u00e9es<\/a> \u00bb a \u00e9t\u00e9 cr\u00e9\u00e9e par des associations de parents en collaboration avec le canton de Lucerne. La fondation s&#8217;occupe de personnes gravement handicap\u00e9es qui ne peuvent plus mener une vie autonome ou qui ne peuvent plus \u00eatre int\u00e9gr\u00e9es dans des ateliers prot\u00e9g\u00e9s en raison de leurs limitations. La Fondation lucernoise pour les personnes gravement handicap\u00e9es offre un lieu de vie \u00e0 ces personnes. Elles peuvent vivre, travailler et profiter de diff\u00e9rentes offres de loisirs \u00e0 la Fondation lucernoise pour les personnes gravement handicap\u00e9es.<\/p>\n\n<p>La fondation emploie 860 collaborateurs. Sur onze sites r\u00e9partis dans tout le canton de Lucerne, elle propose 305 places d&#8217;h\u00e9bergement pour adultes, 75 places de travail pour des travailleurs de jour ainsi que 17 places d&#8217;h\u00e9bergement pour les enfants en \u00e2ge pr\u00e9scolaire. \n                \n                \n            <\/span>\n        <\/div>\n        \n\n<div style=\"height:40px\" aria-hidden=\"true\" class=\"wp-block-spacer\"><\/div>\n\n<div class=\"wp-block-buttons is-layout-flex wp-block-buttons-is-layout-flex\">\n<div class=\"wp-block-button\"><a class=\"wp-block-button__link wp-element-button\" href=\"https:\/\/app.deinadieu.ch\/testamentgenerator\/ngo\/7582\">Inclure la Fondation lucernoise pour les personnes gravement handicap\u00e9es dans son testament<\/a><\/div>\n<\/div>\n","protected":false},"excerpt":{"rendered":"<p>La Fondation lucernoise pour les personnes gravement handicap\u00e9s propose des logements et des places de travail aux personnes gravement handicap\u00e9es de tous \u00e2ges sur onze sites r\u00e9partis dans tout le canton. Le responsable de la communication Beat Staudacher parle de la motivation de r\u00e9aliser pour elles de temps en temps un souhait, m\u00eame en dehors [&hellip;]<\/p>\n","protected":false},"author":6028,"featured_media":0,"comment_status":"open","ping_status":"closed","sticky":false,"template":"","format":"standard","meta":{"_acf_changed":false,"footnotes":""},"categories":[2450],"tags":[2834,2841,2469],"class_list":["post-57381","post","type-post","status-publish","format-standard","hentry","category-oeuvres-caritatives","tag-faire-le-bien","tag-organisation-dutilite-publique","tag-quel-effet-mon-heritage-peut-il-avoir"],"acf":[],"yoast_head":"<title>\u00ab Les excursions ne vont pas de soi pour nos clients \u00bb | DeinAdieu.ch<\/title>\n<meta name=\"description\" content=\"Portrait : Fondation lucernoise pour les personnes gravement handicap\u00e9es\" \/>\n<meta name=\"robots\" content=\"index, follow, max-snippet:-1, max-image-preview:large, max-video-preview:-1\" \/>\n<link rel=\"canonical\" href=\"https:\/\/www.deinadieu.ch\/fr\/les-excursions-ne-vont-pas-de-soi-pour-nos-clients\/\" \/>\n<meta property=\"og:locale\" content=\"fr_FR\" \/>\n<meta property=\"og:type\" content=\"article\" \/>\n<meta property=\"og:title\" content=\"\u00ab Les excursions ne vont pas de soi pour nos clients \u00bb\" \/>\n<meta property=\"og:description\" content=\"La Fondation lucernoise pour les personnes gravement handicap\u00e9s propose des logements et des places de travail aux personnes gravement handicap\u00e9es de tous\" \/>\n<meta property=\"og:url\" content=\"https:\/\/www.deinadieu.ch\/fr\/les-excursions-ne-vont-pas-de-soi-pour-nos-clients\/\" \/>\n<meta property=\"og:site_name\" content=\"DeinAdieu.ch\" \/>\n<meta property=\"article:publisher\" content=\"https:\/\/www.facebook.com\/deinadieu\" \/>\n<meta property=\"article:published_time\" content=\"2022-06-01T07:22:08+00:00\" \/>\n<meta property=\"article:modified_time\" content=\"2023-06-24T07:16:20+00:00\" \/>\n<meta property=\"og:image\" content=\"https:\/\/static.deinadieu.ch\/uploads\/2022\/06\/SSBL_0052-1024x683.jpg\" \/>\n<meta name=\"author\" content=\"Janina Gehrig, MA UZH, Redaktorin\" \/>\n<meta name=\"twitter:card\" content=\"summary_large_image\" \/>\n<meta name=\"twitter:creator\" content=\"@DeinAdieu\" \/>\n<meta name=\"twitter:site\" content=\"@DeinAdieu\" \/>\n<meta name=\"twitter:label1\" content=\"Written by\" \/>\n\t<meta name=\"twitter:data1\" content=\"Janina Gehrig, MA UZH, Redaktorin\" \/>\n\t<meta name=\"twitter:label2\" content=\"Est. reading time\" \/>\n\t<meta name=\"twitter:data2\" content=\"6 minutes\" \/>\n<script type=\"application\/ld+json\" class=\"yoast-schema-graph\">{\"@context\":\"https:\\\/\\\/schema.org\",\"@graph\":[{\"@type\":\"Article\",\"@id\":\"https:\\\/\\\/www.deinadieu.ch\\\/fr\\\/les-excursions-ne-vont-pas-de-soi-pour-nos-clients\\\/#article\",\"isPartOf\":{\"@id\":\"https:\\\/\\\/www.deinadieu.ch\\\/fr\\\/les-excursions-ne-vont-pas-de-soi-pour-nos-clients\\\/\"},\"author\":{\"name\":\"Janina Gehrig, MA UZH, Redaktorin\",\"@id\":\"https:\\\/\\\/www.deinadieu.ch\\\/fr\\\/#\\\/schema\\\/person\\\/78cffe1cb679e17f919e3d0c0e7b9673\"},\"headline\":\"\u00ab Les excursions ne vont pas de soi pour nos clients \u00bb\",\"datePublished\":\"2022-06-01T07:22:08+00:00\",\"dateModified\":\"2023-06-24T07:16:20+00:00\",\"mainEntityOfPage\":{\"@id\":\"https:\\\/\\\/www.deinadieu.ch\\\/fr\\\/les-excursions-ne-vont-pas-de-soi-pour-nos-clients\\\/\"},\"wordCount\":1172,\"commentCount\":0,\"publisher\":{\"@id\":\"https:\\\/\\\/www.deinadieu.ch\\\/fr\\\/#organization\"},\"image\":{\"@id\":\"https:\\\/\\\/www.deinadieu.ch\\\/fr\\\/les-excursions-ne-vont-pas-de-soi-pour-nos-clients\\\/#primaryimage\"},\"thumbnailUrl\":\"https:\\\/\\\/www.deinadieu.ch\\\/wp-content\\\/uploads\\\/2022\\\/06\\\/SSBL_0052-1024x683.jpg\",\"keywords\":[\"Faire le bien\",\"Organisation d'utilit\u00e9 publique\",\"Quel effet mon h\u00e9ritage peut-il avoir ?\"],\"articleSection\":[\"\u0152uvres caritatives en point de mire\"],\"inLanguage\":\"fr-FR\",\"potentialAction\":[{\"@type\":\"CommentAction\",\"name\":\"Comment\",\"target\":[\"https:\\\/\\\/www.deinadieu.ch\\\/fr\\\/les-excursions-ne-vont-pas-de-soi-pour-nos-clients\\\/#respond\"]}]},{\"@type\":\"WebPage\",\"@id\":\"https:\\\/\\\/www.deinadieu.ch\\\/fr\\\/les-excursions-ne-vont-pas-de-soi-pour-nos-clients\\\/\",\"url\":\"https:\\\/\\\/www.deinadieu.ch\\\/fr\\\/les-excursions-ne-vont-pas-de-soi-pour-nos-clients\\\/\",\"name\":\"\u00ab Les excursions ne vont pas de soi pour nos clients \u00bb | DeinAdieu.ch\",\"isPartOf\":{\"@id\":\"https:\\\/\\\/www.deinadieu.ch\\\/fr\\\/#website\"},\"primaryImageOfPage\":{\"@id\":\"https:\\\/\\\/www.deinadieu.ch\\\/fr\\\/les-excursions-ne-vont-pas-de-soi-pour-nos-clients\\\/#primaryimage\"},\"image\":{\"@id\":\"https:\\\/\\\/www.deinadieu.ch\\\/fr\\\/les-excursions-ne-vont-pas-de-soi-pour-nos-clients\\\/#primaryimage\"},\"thumbnailUrl\":\"https:\\\/\\\/www.deinadieu.ch\\\/wp-content\\\/uploads\\\/2022\\\/06\\\/SSBL_0052-1024x683.jpg\",\"datePublished\":\"2022-06-01T07:22:08+00:00\",\"dateModified\":\"2023-06-24T07:16:20+00:00\",\"description\":\"Portrait : Fondation lucernoise pour les personnes gravement handicap\u00e9es\",\"breadcrumb\":{\"@id\":\"https:\\\/\\\/www.deinadieu.ch\\\/fr\\\/les-excursions-ne-vont-pas-de-soi-pour-nos-clients\\\/#breadcrumb\"},\"inLanguage\":\"fr-FR\",\"potentialAction\":[{\"@type\":\"ReadAction\",\"target\":[\"https:\\\/\\\/www.deinadieu.ch\\\/fr\\\/les-excursions-ne-vont-pas-de-soi-pour-nos-clients\\\/\"]}]},{\"@type\":\"ImageObject\",\"inLanguage\":\"fr-FR\",\"@id\":\"https:\\\/\\\/www.deinadieu.ch\\\/fr\\\/les-excursions-ne-vont-pas-de-soi-pour-nos-clients\\\/#primaryimage\",\"url\":\"https:\\\/\\\/www.deinadieu.ch\\\/wp-content\\\/uploads\\\/2022\\\/06\\\/SSBL_0052-1024x683.jpg\",\"contentUrl\":\"https:\\\/\\\/www.deinadieu.ch\\\/wp-content\\\/uploads\\\/2022\\\/06\\\/SSBL_0052-1024x683.jpg\"},{\"@type\":\"BreadcrumbList\",\"@id\":\"https:\\\/\\\/www.deinadieu.ch\\\/fr\\\/les-excursions-ne-vont-pas-de-soi-pour-nos-clients\\\/#breadcrumb\",\"itemListElement\":[{\"@type\":\"ListItem\",\"position\":1,\"name\":\"Home\",\"item\":\"https:\\\/\\\/www.deinadieu.ch\\\/fr\\\/deinadieu-dialog-und-serviceportal-zum-lebensende\\\/\"},{\"@type\":\"ListItem\",\"position\":2,\"name\":\"\u00ab Les excursions ne vont pas de soi pour nos clients \u00bb\"}]},{\"@type\":\"WebSite\",\"@id\":\"https:\\\/\\\/www.deinadieu.ch\\\/fr\\\/#website\",\"url\":\"https:\\\/\\\/www.deinadieu.ch\\\/fr\\\/\",\"name\":\"DeinAdieu.ch\",\"description\":\"Testament, Patientenverf\u00fcgung und Vorsorgeauftrag\",\"publisher\":{\"@id\":\"https:\\\/\\\/www.deinadieu.ch\\\/fr\\\/#organization\"},\"potentialAction\":[{\"@type\":\"SearchAction\",\"target\":{\"@type\":\"EntryPoint\",\"urlTemplate\":\"https:\\\/\\\/www.deinadieu.ch\\\/fr\\\/?s={search_term_string}\"},\"query-input\":{\"@type\":\"PropertyValueSpecification\",\"valueRequired\":true,\"valueName\":\"search_term_string\"}}],\"inLanguage\":\"fr-FR\"},{\"@type\":\"Organization\",\"@id\":\"https:\\\/\\\/www.deinadieu.ch\\\/fr\\\/#organization\",\"name\":\"EMNA Web GmbH\",\"url\":\"https:\\\/\\\/www.deinadieu.ch\\\/fr\\\/\",\"logo\":{\"@type\":\"ImageObject\",\"inLanguage\":\"fr-FR\",\"@id\":\"https:\\\/\\\/www.deinadieu.ch\\\/fr\\\/#\\\/schema\\\/logo\\\/image\\\/\",\"url\":\"https:\\\/\\\/www.deinadieu.ch\\\/wp-content\\\/uploads\\\/2016\\\/01\\\/DeinAdieu_Logo.png\",\"contentUrl\":\"https:\\\/\\\/www.deinadieu.ch\\\/wp-content\\\/uploads\\\/2016\\\/01\\\/DeinAdieu_Logo.png\",\"width\":300,\"height\":117,\"caption\":\"EMNA Web GmbH\"},\"image\":{\"@id\":\"https:\\\/\\\/www.deinadieu.ch\\\/fr\\\/#\\\/schema\\\/logo\\\/image\\\/\"},\"sameAs\":[\"https:\\\/\\\/www.facebook.com\\\/deinadieu\",\"https:\\\/\\\/x.com\\\/DeinAdieu\",\"https:\\\/\\\/www.instagram.com\\\/deinadieu\\\/\",\"https:\\\/\\\/www.linkedin.com\\\/company\\\/deinadieu.ch\"]},{\"@type\":\"Person\",\"@id\":\"https:\\\/\\\/www.deinadieu.ch\\\/fr\\\/#\\\/schema\\\/person\\\/78cffe1cb679e17f919e3d0c0e7b9673\",\"name\":\"Janina Gehrig, MA UZH, Redaktorin\",\"image\":{\"@type\":\"ImageObject\",\"inLanguage\":\"fr-FR\",\"@id\":\"https:\\\/\\\/secure.gravatar.com\\\/avatar\\\/8bfc4dca12cd7c0a0373c12f34587d1f6a6117903e7ecc0035863bd69df6fb07?s=96&d=mm&r=g\",\"url\":\"https:\\\/\\\/secure.gravatar.com\\\/avatar\\\/8bfc4dca12cd7c0a0373c12f34587d1f6a6117903e7ecc0035863bd69df6fb07?s=96&d=mm&r=g\",\"contentUrl\":\"https:\\\/\\\/secure.gravatar.com\\\/avatar\\\/8bfc4dca12cd7c0a0373c12f34587d1f6a6117903e7ecc0035863bd69df6fb07?s=96&d=mm&r=g\",\"caption\":\"Janina Gehrig, MA UZH, Redaktorin\"},\"url\":\"https:\\\/\\\/www.deinadieu.ch\\\/fr\\\/author\\\/janinagehrig\\\/\"}]}<\/script>","yoast_head_json":{"title":"\u00ab Les excursions ne vont pas de soi pour nos clients \u00bb | DeinAdieu.ch","description":"Portrait : Fondation lucernoise pour les personnes gravement handicap\u00e9es","robots":{"index":"index","follow":"follow","max-snippet":"max-snippet:-1","max-image-preview":"max-image-preview:large","max-video-preview":"max-video-preview:-1"},"canonical":"https:\/\/www.deinadieu.ch\/fr\/les-excursions-ne-vont-pas-de-soi-pour-nos-clients\/","og_locale":"fr_FR","og_type":"article","og_title":"\u00ab Les excursions ne vont pas de soi pour nos clients \u00bb","og_description":"La Fondation lucernoise pour les personnes gravement handicap\u00e9s propose des logements et des places de travail aux personnes gravement handicap\u00e9es de tous","og_url":"https:\/\/www.deinadieu.ch\/fr\/les-excursions-ne-vont-pas-de-soi-pour-nos-clients\/","og_site_name":"DeinAdieu.ch","article_publisher":"https:\/\/www.facebook.com\/deinadieu","article_published_time":"2022-06-01T07:22:08+00:00","article_modified_time":"2023-06-24T07:16:20+00:00","og_image":[{"url":"https:\/\/static.deinadieu.ch\/uploads\/2022\/06\/SSBL_0052-1024x683.jpg","type":"","width":"","height":""}],"author":"Janina Gehrig, MA UZH, Redaktorin","twitter_card":"summary_large_image","twitter_creator":"@DeinAdieu","twitter_site":"@DeinAdieu","twitter_misc":{"Written by":"Janina Gehrig, MA UZH, Redaktorin","Est. reading time":"6 minutes"},"schema":{"@context":"https:\/\/schema.org","@graph":[{"@type":"Article","@id":"https:\/\/www.deinadieu.ch\/fr\/les-excursions-ne-vont-pas-de-soi-pour-nos-clients\/#article","isPartOf":{"@id":"https:\/\/www.deinadieu.ch\/fr\/les-excursions-ne-vont-pas-de-soi-pour-nos-clients\/"},"author":{"name":"Janina Gehrig, MA UZH, Redaktorin","@id":"https:\/\/www.deinadieu.ch\/fr\/#\/schema\/person\/78cffe1cb679e17f919e3d0c0e7b9673"},"headline":"\u00ab Les excursions ne vont pas de soi pour nos clients \u00bb","datePublished":"2022-06-01T07:22:08+00:00","dateModified":"2023-06-24T07:16:20+00:00","mainEntityOfPage":{"@id":"https:\/\/www.deinadieu.ch\/fr\/les-excursions-ne-vont-pas-de-soi-pour-nos-clients\/"},"wordCount":1172,"commentCount":0,"publisher":{"@id":"https:\/\/www.deinadieu.ch\/fr\/#organization"},"image":{"@id":"https:\/\/www.deinadieu.ch\/fr\/les-excursions-ne-vont-pas-de-soi-pour-nos-clients\/#primaryimage"},"thumbnailUrl":"https:\/\/www.deinadieu.ch\/wp-content\/uploads\/2022\/06\/SSBL_0052-1024x683.jpg","keywords":["Faire le bien","Organisation d'utilit\u00e9 publique","Quel effet mon h\u00e9ritage peut-il avoir ?"],"articleSection":["\u0152uvres caritatives en point de mire"],"inLanguage":"fr-FR","potentialAction":[{"@type":"CommentAction","name":"Comment","target":["https:\/\/www.deinadieu.ch\/fr\/les-excursions-ne-vont-pas-de-soi-pour-nos-clients\/#respond"]}]},{"@type":"WebPage","@id":"https:\/\/www.deinadieu.ch\/fr\/les-excursions-ne-vont-pas-de-soi-pour-nos-clients\/","url":"https:\/\/www.deinadieu.ch\/fr\/les-excursions-ne-vont-pas-de-soi-pour-nos-clients\/","name":"\u00ab Les excursions ne vont pas de soi pour nos clients \u00bb | DeinAdieu.ch","isPartOf":{"@id":"https:\/\/www.deinadieu.ch\/fr\/#website"},"primaryImageOfPage":{"@id":"https:\/\/www.deinadieu.ch\/fr\/les-excursions-ne-vont-pas-de-soi-pour-nos-clients\/#primaryimage"},"image":{"@id":"https:\/\/www.deinadieu.ch\/fr\/les-excursions-ne-vont-pas-de-soi-pour-nos-clients\/#primaryimage"},"thumbnailUrl":"https:\/\/www.deinadieu.ch\/wp-content\/uploads\/2022\/06\/SSBL_0052-1024x683.jpg","datePublished":"2022-06-01T07:22:08+00:00","dateModified":"2023-06-24T07:16:20+00:00","description":"Portrait : Fondation lucernoise pour les personnes gravement handicap\u00e9es","breadcrumb":{"@id":"https:\/\/www.deinadieu.ch\/fr\/les-excursions-ne-vont-pas-de-soi-pour-nos-clients\/#breadcrumb"},"inLanguage":"fr-FR","potentialAction":[{"@type":"ReadAction","target":["https:\/\/www.deinadieu.ch\/fr\/les-excursions-ne-vont-pas-de-soi-pour-nos-clients\/"]}]},{"@type":"ImageObject","inLanguage":"fr-FR","@id":"https:\/\/www.deinadieu.ch\/fr\/les-excursions-ne-vont-pas-de-soi-pour-nos-clients\/#primaryimage","url":"https:\/\/www.deinadieu.ch\/wp-content\/uploads\/2022\/06\/SSBL_0052-1024x683.jpg","contentUrl":"https:\/\/www.deinadieu.ch\/wp-content\/uploads\/2022\/06\/SSBL_0052-1024x683.jpg"},{"@type":"BreadcrumbList","@id":"https:\/\/www.deinadieu.ch\/fr\/les-excursions-ne-vont-pas-de-soi-pour-nos-clients\/#breadcrumb","itemListElement":[{"@type":"ListItem","position":1,"name":"Home","item":"https:\/\/www.deinadieu.ch\/fr\/deinadieu-dialog-und-serviceportal-zum-lebensende\/"},{"@type":"ListItem","position":2,"name":"\u00ab Les excursions ne vont pas de soi pour nos clients \u00bb"}]},{"@type":"WebSite","@id":"https:\/\/www.deinadieu.ch\/fr\/#website","url":"https:\/\/www.deinadieu.ch\/fr\/","name":"DeinAdieu.ch","description":"Testament, Patientenverf\u00fcgung und Vorsorgeauftrag","publisher":{"@id":"https:\/\/www.deinadieu.ch\/fr\/#organization"},"potentialAction":[{"@type":"SearchAction","target":{"@type":"EntryPoint","urlTemplate":"https:\/\/www.deinadieu.ch\/fr\/?s={search_term_string}"},"query-input":{"@type":"PropertyValueSpecification","valueRequired":true,"valueName":"search_term_string"}}],"inLanguage":"fr-FR"},{"@type":"Organization","@id":"https:\/\/www.deinadieu.ch\/fr\/#organization","name":"EMNA Web GmbH","url":"https:\/\/www.deinadieu.ch\/fr\/","logo":{"@type":"ImageObject","inLanguage":"fr-FR","@id":"https:\/\/www.deinadieu.ch\/fr\/#\/schema\/logo\/image\/","url":"https:\/\/www.deinadieu.ch\/wp-content\/uploads\/2016\/01\/DeinAdieu_Logo.png","contentUrl":"https:\/\/www.deinadieu.ch\/wp-content\/uploads\/2016\/01\/DeinAdieu_Logo.png","width":300,"height":117,"caption":"EMNA Web GmbH"},"image":{"@id":"https:\/\/www.deinadieu.ch\/fr\/#\/schema\/logo\/image\/"},"sameAs":["https:\/\/www.facebook.com\/deinadieu","https:\/\/x.com\/DeinAdieu","https:\/\/www.instagram.com\/deinadieu\/","https:\/\/www.linkedin.com\/company\/deinadieu.ch"]},{"@type":"Person","@id":"https:\/\/www.deinadieu.ch\/fr\/#\/schema\/person\/78cffe1cb679e17f919e3d0c0e7b9673","name":"Janina Gehrig, MA UZH, Redaktorin","image":{"@type":"ImageObject","inLanguage":"fr-FR","@id":"https:\/\/secure.gravatar.com\/avatar\/8bfc4dca12cd7c0a0373c12f34587d1f6a6117903e7ecc0035863bd69df6fb07?s=96&d=mm&r=g","url":"https:\/\/secure.gravatar.com\/avatar\/8bfc4dca12cd7c0a0373c12f34587d1f6a6117903e7ecc0035863bd69df6fb07?s=96&d=mm&r=g","contentUrl":"https:\/\/secure.gravatar.com\/avatar\/8bfc4dca12cd7c0a0373c12f34587d1f6a6117903e7ecc0035863bd69df6fb07?s=96&d=mm&r=g","caption":"Janina Gehrig, MA UZH, Redaktorin"},"url":"https:\/\/www.deinadieu.ch\/fr\/author\/janinagehrig\/"}]}},"_links":{"self":[{"href":"https:\/\/www.deinadieu.ch\/fr\/wp-json\/wp\/v2\/posts\/57381","targetHints":{"allow":["GET"]}}],"collection":[{"href":"https:\/\/www.deinadieu.ch\/fr\/wp-json\/wp\/v2\/posts"}],"about":[{"href":"https:\/\/www.deinadieu.ch\/fr\/wp-json\/wp\/v2\/types\/post"}],"author":[{"embeddable":true,"href":"https:\/\/www.deinadieu.ch\/fr\/wp-json\/wp\/v2\/users\/6028"}],"replies":[{"embeddable":true,"href":"https:\/\/www.deinadieu.ch\/fr\/wp-json\/wp\/v2\/comments?post=57381"}],"version-history":[{"count":5,"href":"https:\/\/www.deinadieu.ch\/fr\/wp-json\/wp\/v2\/posts\/57381\/revisions"}],"predecessor-version":[{"id":64659,"href":"https:\/\/www.deinadieu.ch\/fr\/wp-json\/wp\/v2\/posts\/57381\/revisions\/64659"}],"wp:attachment":[{"href":"https:\/\/www.deinadieu.ch\/fr\/wp-json\/wp\/v2\/media?parent=57381"}],"wp:term":[{"taxonomy":"category","embeddable":true,"href":"https:\/\/www.deinadieu.ch\/fr\/wp-json\/wp\/v2\/categories?post=57381"},{"taxonomy":"post_tag","embeddable":true,"href":"https:\/\/www.deinadieu.ch\/fr\/wp-json\/wp\/v2\/tags?post=57381"}],"curies":[{"name":"wp","href":"https:\/\/api.w.org\/{rel}","templated":true}]}}