{"id":57375,"date":"2022-06-13T11:03:12","date_gmt":"2022-06-13T09:03:12","guid":{"rendered":"https:\/\/www.deinadieu.ch\/soudain-vous-avez-affaire-a-une-autre-personne-avec-laquelle-vous-devez-retrouver-une-maniere-de-communiquer\/"},"modified":"2023-06-24T08:55:23","modified_gmt":"2023-06-24T06:55:23","slug":"soudain-vous-avez-affaire-a-une-autre-personne-avec-laquelle-vous-devez-retrouver-une-maniere-de-communiquer","status":"publish","type":"post","link":"https:\/\/www.deinadieu.ch\/fr\/soudain-vous-avez-affaire-a-une-autre-personne-avec-laquelle-vous-devez-retrouver-une-maniere-de-communiquer\/","title":{"rendered":"\u00ab Soudain, ils ont affaire \u00e0 une autre personne avec laquelle ils doivent retrouver une mani\u00e8re de communiquer \u00bb"},"content":{"rendered":"\n<p>Elle a fait de la politique pendant de nombreuses ann\u00e9es. Giovanna Battagliero travaille d\u00e9sormais comme directrice des foyers de formation et d&#8217;h\u00e9bergement Rossfeld, o\u00f9 quelque 430 personnes atteintes d&#8217;une infirmit\u00e9 cong\u00e9nitale ou ayant subi un accident b\u00e9n\u00e9ficient d&#8217;une prise en charge et de th\u00e9rapies. Elle explique pourquoi leurs proches ont \u00e9galement souvent besoin de soutien.<\/p>\n\n<!--more-->\n\n<figure class=\"wp-block-image size-large\"><img loading=\"lazy\" decoding=\"async\" width=\"1024\" height=\"683\" src=\"https:\/\/www.deinadieu.ch\/wp-content\/uploads\/2022\/06\/DA_PGB_MFR3047-1024x683.jpg\" alt=\"\" class=\"wp-image-57192\" srcset=\"https:\/\/www.deinadieu.ch\/wp-content\/uploads\/2022\/06\/DA_PGB_MFR3047-1024x683.jpg 1024w, https:\/\/www.deinadieu.ch\/wp-content\/uploads\/2022\/06\/DA_PGB_MFR3047-300x200.jpg 300w, https:\/\/www.deinadieu.ch\/wp-content\/uploads\/2022\/06\/DA_PGB_MFR3047-1536x1024.jpg 1536w, https:\/\/www.deinadieu.ch\/wp-content\/uploads\/2022\/06\/DA_PGB_MFR3047-2048x1365.jpg 2048w\" sizes=\"auto, (max-width: 1024px) 100vw, 1024px\" \/><figcaption class=\"wp-element-caption\">Giovanna Battagliero est la nouvelle directrice de la Fondation des foyers de formation et d&#8217;h\u00e9bergement Rossfeld &#8211; un centre de comp\u00e9tences pour les personnes souffrant d&#8217;un handicap physique. \u00a9 Manu Friederich<\/figcaption><\/figure>\n\n<p>Elle a \u00e9t\u00e9 membre de la direction de l&#8217;Office f\u00e9d\u00e9ral des assurances sociales, pr\u00e9sidente du parti socialiste du canton de Berne, d\u00e9put\u00e9e au Conseil municipal de la ville Berne et au Grand Conseil et a occup\u00e9 pendant neuf ans le poste de pr\u00e9sidente de la Soci\u00e9t\u00e9 des employ\u00e9s de commerce du canton de Berne. Depuis d\u00e9cembre 2021, elle est la nouvelle directrice de la <a href=\"https:\/\/www.deinadieu.ch\/hilfswerke\/stiftung-schulungs-und-wohnheime-rossfeld\/\">Fondation des foyers de formation et d&#8217;h\u00e9bergement Rossfeld<\/a>, qui soutient l&#8217;int\u00e9gration professionnelle et personnelle des personnes en situation de handicap physique. Qu&#8217;est-ce que Giovanna Battagliero recherchait ici ? \u00ab Quelque chose de plus concret \u00bb, dit-elle. \u00ab Dans mon nouveau quotidien, l&#8217;\u00eatre humain est au centre. Le travail a du sens. \u00bb Certes, elle s&#8217;occupe ici aussi principalement de questions financi\u00e8res et de gestion. \u00ab J&#8217;appr\u00e9cie beaucoup l&#8217;\u00e9change quotidien avec les r\u00e9sidents, les \u00e9l\u00e8ves et les collaborateurs ainsi que les retours directs. J&#8217;appr\u00e9cie \u00e9galement le fait de pouvoir voir rapidement un r\u00e9sultat apr\u00e8s avoir pris des d\u00e9cisions \u00bb, dit-elle.<\/p>\n\n<p>Selon Madame Battagliero, le plus grand centre de comp\u00e9tences de Suisse al\u00e9manique pour les personnes en situation de handicap physique offre au total \u00e0 environ 430 personnes de l&#8217;\u00e2ge de quatre ans jusqu&#8217;au-del\u00e0 de l&#8217;\u00e2ge de la retraite une prise en charge \u00e0 temps plein, des prestations th\u00e9rapeutiques et un enseignement scolaire. Une soixantaine d&#8217;\u00e9l\u00e8ves y sont scolaris\u00e9s et viennent de tout le canton pour cela. Les enfants scolaris\u00e9s ont la possibilit\u00e9 d&#8217;y passer la nuit pendant la semaine. \u00ab Nous avons actuellement une dizaine d&#8217;enfants qui dorment ici quatre nuits au maximum \u00bb, dit-elle.<\/p>\n\n<p>Il existe \u00e9galement une offre ambulatoire dans les classes ordinaires, gr\u00e2ce \u00e0 laquelle 180 enfants sont pris en charge et accompagn\u00e9s hors de l&#8217;institution. En outre, les assistants s&#8217;occupent des apprentis de commerce dans le domaine des soins, tandis que ceux-ci peuvent suivre les cours \u00e0 l&#8217;\u00e9cole professionnelle r\u00e9guli\u00e8re WKS KV Bildung \u00e0 Berne. \u00ab C&#8217;est une offre unique. \u00bb Les adultes vivent dans des chambres individuelles ou doubles dans des groupes r\u00e9sidentiels. Le coaching r\u00e9sidentiel leur permet de r\u00e9apprendre \u00e0 tenir un m\u00e9nage, \u00e0 organiser leurs repas, \u00e0 cuisiner ou \u00e0 faire le m\u00e9nage.<\/p>\n\n<h2 class=\"wp-block-heading\" id=\"h-das-grosse-ziel-ist-die-inklusion-in-die-gesellschaft\">L&#8217;objectif principal est l&#8217;inclusion dans la soci\u00e9t\u00e9<\/h2>\n\n<p>La plupart d&#8217;entre eux, environ 60%, souffrent d&#8217;une infirmit\u00e9 cong\u00e9nitale, comme une paralysie c\u00e9r\u00e9brale, un spina bifida. D&#8217;autres sont atteints de dystrophie musculaire ou de scl\u00e9rose en plaques ou ont eu des accidents ou des attaques c\u00e9r\u00e9brales qui ont entra\u00een\u00e9 des traumatismes cr\u00e2niens, une t\u00e9trapl\u00e9gie ou une d\u00e9ficience c\u00e9r\u00e9brale. \u00ab De plus en plus de personnes viennent chez nous apr\u00e8s un accident ou une attaque c\u00e9r\u00e9brale, directement apr\u00e8s la clinique de r\u00e9adaptation. \u00bb<\/p>\n\n<p>L&#8217;objectif principal est l&#8217;inclusion dans la soci\u00e9t\u00e9. \u00ab Nous voulons donner aux gens les moyens de suivre leur propre voie, de mener \u00e0 nouveau une vie autod\u00e9termin\u00e9e. \u00bb Cela implique par exemple de permettre aux jeunes de suivre une formation et de s&#8217;int\u00e9grer sur le march\u00e9 du travail. Madame Battagliero est confiante. \u00ab Cette ann\u00e9e, tous les \u00e9l\u00e8ves du secondaire ont d\u00e9j\u00e0 trouv\u00e9 une solution pour la suite \u00e0 la sortie de l&#8217;\u00e9cole obligatoire. \u00bb<\/p>\n\n<p>La Bernoise jette r\u00e9guli\u00e8rement un coup d&#8217;\u0153il aux s\u00e9ances de th\u00e9rapie comme l&#8217;ergoth\u00e9rapie ou la physioth\u00e9rapie. \u00ab C&#8217;est fascinant de suivre les petits et grands progr\u00e8s des patient(e)s \u00bb, dit-elle. Elle raconte l&#8217;histoire de cette femme qui a subi un traumatisme cr\u00e2nien lors d&#8217;un accident de v\u00e9lo et qui suit d\u00e9sormais des entra\u00eenements c\u00e9r\u00e9braux. Ceux-ci ne consistent pas seulement dans des jeux de m\u00e9moire, mais \u00e9galement dans des choses quotidiennes qui fonctionnaient autrefois si naturellement, comme la p\u00e2tisserie par exemple : \u00ab Une femme a d\u00fb r\u00e9apprendre \u00e0 choisir une recette, \u00e0 pr\u00e9parer les ingr\u00e9dients, \u00e0 lire les instructions et \u00e0 les mettre en \u0153uvre par des comp\u00e9tences manuelles \u00bb, explique Madame Battagliero.<\/p>\n\n<figure class=\"wp-block-image size-large\"><img loading=\"lazy\" decoding=\"async\" width=\"1024\" height=\"683\" src=\"https:\/\/www.deinadieu.ch\/wp-content\/uploads\/2022\/06\/DA_PGB_MFR3063-1024x683.jpg\" alt=\"\" class=\"wp-image-57196\" srcset=\"https:\/\/www.deinadieu.ch\/wp-content\/uploads\/2022\/06\/DA_PGB_MFR3063-1024x683.jpg 1024w, https:\/\/www.deinadieu.ch\/wp-content\/uploads\/2022\/06\/DA_PGB_MFR3063-300x200.jpg 300w, https:\/\/www.deinadieu.ch\/wp-content\/uploads\/2022\/06\/DA_PGB_MFR3063-1536x1024.jpg 1536w, https:\/\/www.deinadieu.ch\/wp-content\/uploads\/2022\/06\/DA_PGB_MFR3063-2048x1365.jpg 2048w\" sizes=\"auto, (max-width: 1024px) 100vw, 1024px\" \/><figcaption class=\"wp-element-caption\">\u00ab C&#8217;est fascinant de suivre les petits et grands progr\u00e8s des patient(e)s \u00bb, dit Giovanna Battagliero. \u00a9 Manu Friederich<\/figcaption><\/figure>\n\n<p>Souvent, il faut aussi accompagner les proches, pour qui il peut \u00eatre tr\u00e8s difficile de g\u00e9rer la nouvelle situation, que ce soit lorsque l&#8217;\u00e9tat se d\u00e9grade ou apr\u00e8s un accident : \u00ab Soudain, ils ont affaire \u00e0 une autre personne avec laquelle ils doivent retrouver une mani\u00e8re de communiquer. Ici aussi, nos collaborateurs apportent une grande contribution. \u00bb La fondation compte environ 270 collaborateurs issus de plus de trente professions.<\/p>\n\n<p>Outre le formation scolaire, la fondation propose \u00e9galement un centre de jour. Les clients travaillent par exemple au centre d&#8217;appels, scannent des albums photos, g\u00e8rent les adresses ou les ordres d&#8217;exp\u00e9dition. Dans les ateliers, ils travaillent l&#8217;argile et le bois ou peignent et les produits sont vendus. L&#8217;activit\u00e9 physique et le sport constituent \u00e9galement un pilier important. Les heures de sport des \u00e9l\u00e8ves de l&#8217;\u00e9cole professionnelle et les heures d&#8217;activit\u00e9 physique hebdomadaires pour les adultes sont propos\u00e9es de mani\u00e8re \u00e0 ce que chacune et chacun puisse y participer. \u00ab Nous avons \u00e9galement notre propre \u00e9quipe de Powerchair Hockey. \u00bb La promotion de la rel\u00e8ve des joueurs de hockey en fauteuil roulant \u00e9lectrique est \u00e9galement assur\u00e9e par la fondation. Les championnats du monde auront lieu \u00e0 Nottwil au mois d&#8217;ao\u00fbt.<\/p>\n\n<h2 class=\"wp-block-heading\" id=\"h-die-beeintrachtigungen-werden-schwerer-die-klienten-alter\">Les d\u00e9ficiences s&#8217;aggravent, les clients vieillissent<\/h2>\n\n<p>A quelles \u00e9volutions \u00eates-vous confront\u00e9s aujourd&#8217;hui ? Les progr\u00e8s de la m\u00e9decine posent de nouveaux d\u00e9fis \u00e0 l&#8217;institution, dit Madame Battagliero. D&#8217;une part, beaucoup plus de personnes peuvent \u00eatre accompagn\u00e9es sur le chemin de l&#8217;autonomie. D&#8217;autre part, les d\u00e9ficiences des clients de le Fondation Rossfeld s&#8217;aggravent et ils vieillissent. \u00ab Nous devons ainsi adapter notre offre et notre prise en charge et aborder des th\u00e8mes tels que les soins palliatifs. \u00bb<\/p>\n\n<p><br\/>Et pourquoi la fondation a-t-elle besoin de dons ?<\/p>\n\n<p>Bien que la fondation ait des contrats de prestations avec le canton de Berne et avec l&#8217;Office AI du canton de Berne, elle est tributaire des dons, en particulier pour tout ce qui peut \u00eatre propos\u00e9 en mati\u00e8re de loisirs, y compris pour les innovations et la num\u00e9risation. Madame Battagliero donne des exemples : une balan\u00e7oire et un man\u00e8ge accessibles en fauteuil roulant, un toboggan inclusif ou des \u00e9v\u00e9nements de jeux vid\u00e9o pour nos enfants, adolescents et adultes. \u00ab Sans les dons, les activit\u00e9s de loisirs telles que les visites de mus\u00e9es, les camps de vacances ou les excursions avec les alpagas ne seraient pas possibles \u00bb, explique-t-elle. Ce divertissement dans la vie quotidienne est pourtant tr\u00e8s important et favorise l&#8217;inclusion et la participation. C&#8217;est le cas du bar qui est ouvert tous les vendredis soirs et o\u00f9 se retrouvent les jeunes et les moins jeunes.<\/p>\n\n<p>Il semble que Madame Battagliero est arriv\u00e9e au bon endroit. \u00ab Les histoires et les destins me touchent et me motivent \u00bb, dit-elle. C&#8217;est le cas de celui d&#8217;Anik Mumenthaler, une ancienne r\u00e9sidente qui a d\u00e9cid\u00e9 de prendre sa vie en main. Elle a effectu\u00e9 un apprentissage de commerce au sein de la fondation et a ensuite obtenu une maturit\u00e9 professionnelle. Aujourd&#8217;hui, elle travaille ici au secr\u00e9tariat de la th\u00e9rapie, vit de mani\u00e8re ind\u00e9pendante et g\u00e8re seize assistants. Tel est \u00e9galement le cas du destin de Jasmin Lanz, une r\u00e9sidente qui souhaite reprendre sa vie en main apr\u00e8s un grave accident, comme elle le dit : \u00ab Dans le cadre de l&#8217;entra\u00eenement \u00e0 l&#8217;habitation de la Fondation Rossfeld, je re\u00e7ois les outils et la stimulation n\u00e9cessaires. Afin de pouvoir bient\u00f4t vivre de mani\u00e8re autonome, j&#8217;ai appris \u00e0 laver mes v\u00eatements et \u00e0 nettoyer ma chambre moi-m\u00eame. \u00bb La prochaine \u00e9tape sera de l&#8217;entra\u00eener \u00e0 cuisiner elle-m\u00eame.<\/p>\n\n<div style=\"height:40px\" aria-hidden=\"true\" class=\"wp-block-spacer\"><\/div>\n\n<div class=\"wp-block-buttons is-layout-flex wp-block-buttons-is-layout-flex\">\n<div class=\"wp-block-button\"><a class=\"wp-block-button__link wp-element-button\" href=\"https:\/\/app.deinadieu.ch\/da\/testament\/7510\">Favoriser la fondation Rossfeld dans son testament<\/a><\/div>\n<\/div>\n\n<p><\/p>\n\n<p><\/p>\n","protected":false},"excerpt":{"rendered":"<p>Elle a fait de la politique pendant de nombreuses ann\u00e9es. Giovanna Battagliero travaille d\u00e9sormais comme directrice des foyers de formation et d&#8217;h\u00e9bergement Rossfeld, o\u00f9 quelque 430 personnes atteintes d&#8217;une infirmit\u00e9 cong\u00e9nitale ou ayant subi un accident b\u00e9n\u00e9ficient d&#8217;une prise en charge et de th\u00e9rapies. Elle explique pourquoi leurs proches ont \u00e9galement souvent besoin de soutien.<\/p>\n","protected":false},"author":6028,"featured_media":0,"comment_status":"open","ping_status":"closed","sticky":false,"template":"","format":"standard","meta":{"_acf_changed":false,"footnotes":""},"categories":[2450],"tags":[2834,2841,3164,2469],"class_list":["post-57375","post","type-post","status-publish","format-standard","hentry","category-oeuvres-caritatives","tag-faire-le-bien","tag-organisation-dutilite-publique","tag-organisations-daide","tag-quel-effet-mon-heritage-peut-il-avoir"],"acf":[],"yoast_head":"<title>Stiftung Schulungs- und Wohnheime Rossfeld im Portrait | DeinAdieu.ch<\/title>\n<meta name=\"description\" content=\"Unser Blog portr\u00e4tiert Professionals, Betroffene und Angeh\u00f6rige rund um die Themen Selbstbestimmung, dritter Lebensabschnitt, Vorsorge und Testamentspende zugunsten eines Hilfswerks.\" \/>\n<meta name=\"robots\" content=\"index, follow, max-snippet:-1, max-image-preview:large, max-video-preview:-1\" \/>\n<link rel=\"canonical\" href=\"https:\/\/www.deinadieu.ch\/fr\/soudain-vous-avez-affaire-a-une-autre-personne-avec-laquelle-vous-devez-retrouver-une-maniere-de-communiquer\/\" \/>\n<meta property=\"og:locale\" content=\"fr_FR\" \/>\n<meta property=\"og:type\" content=\"article\" \/>\n<meta property=\"og:title\" content=\"\u00ab Soudain, ils ont affaire \u00e0 une autre personne avec laquelle ils doivent retrouver une mani\u00e8re de communiquer \u00bb\" \/>\n<meta property=\"og:description\" content=\"Elle a fait de la politique pendant de nombreuses ann\u00e9es. Giovanna Battagliero travaille d\u00e9sormais comme directrice des foyers de formation et\" \/>\n<meta property=\"og:url\" content=\"https:\/\/www.deinadieu.ch\/fr\/soudain-vous-avez-affaire-a-une-autre-personne-avec-laquelle-vous-devez-retrouver-une-maniere-de-communiquer\/\" \/>\n<meta property=\"og:site_name\" content=\"DeinAdieu.ch\" \/>\n<meta property=\"article:publisher\" content=\"https:\/\/www.facebook.com\/deinadieu\" \/>\n<meta property=\"article:published_time\" content=\"2022-06-13T09:03:12+00:00\" \/>\n<meta property=\"article:modified_time\" content=\"2023-06-24T06:55:23+00:00\" \/>\n<meta property=\"og:image\" content=\"https:\/\/static.deinadieu.ch\/uploads\/2022\/06\/DA_PGB_MFR3047-1024x683.jpg\" \/>\n<meta name=\"author\" content=\"Janina Gehrig, MA UZH, Redaktorin\" \/>\n<meta name=\"twitter:card\" content=\"summary_large_image\" \/>\n<meta name=\"twitter:creator\" content=\"@DeinAdieu\" \/>\n<meta name=\"twitter:site\" content=\"@DeinAdieu\" \/>\n<meta name=\"twitter:label1\" content=\"Written by\" \/>\n\t<meta name=\"twitter:data1\" content=\"Janina Gehrig, MA UZH, Redaktorin\" \/>\n\t<meta name=\"twitter:label2\" content=\"Est. reading time\" \/>\n\t<meta name=\"twitter:data2\" content=\"7 minutes\" \/>\n<script type=\"application\/ld+json\" class=\"yoast-schema-graph\">{\"@context\":\"https:\\\/\\\/schema.org\",\"@graph\":[{\"@type\":\"Article\",\"@id\":\"https:\\\/\\\/www.deinadieu.ch\\\/fr\\\/soudain-vous-avez-affaire-a-une-autre-personne-avec-laquelle-vous-devez-retrouver-une-maniere-de-communiquer\\\/#article\",\"isPartOf\":{\"@id\":\"https:\\\/\\\/www.deinadieu.ch\\\/fr\\\/soudain-vous-avez-affaire-a-une-autre-personne-avec-laquelle-vous-devez-retrouver-une-maniere-de-communiquer\\\/\"},\"author\":{\"name\":\"Janina Gehrig, MA UZH, Redaktorin\",\"@id\":\"https:\\\/\\\/www.deinadieu.ch\\\/fr\\\/#\\\/schema\\\/person\\\/78cffe1cb679e17f919e3d0c0e7b9673\"},\"headline\":\"\u00ab Soudain, ils ont affaire \u00e0 une autre personne avec laquelle ils doivent retrouver une mani\u00e8re de communiquer \u00bb\",\"datePublished\":\"2022-06-13T09:03:12+00:00\",\"dateModified\":\"2023-06-24T06:55:23+00:00\",\"mainEntityOfPage\":{\"@id\":\"https:\\\/\\\/www.deinadieu.ch\\\/fr\\\/soudain-vous-avez-affaire-a-une-autre-personne-avec-laquelle-vous-devez-retrouver-une-maniere-de-communiquer\\\/\"},\"wordCount\":1471,\"commentCount\":0,\"publisher\":{\"@id\":\"https:\\\/\\\/www.deinadieu.ch\\\/fr\\\/#organization\"},\"image\":{\"@id\":\"https:\\\/\\\/www.deinadieu.ch\\\/fr\\\/soudain-vous-avez-affaire-a-une-autre-personne-avec-laquelle-vous-devez-retrouver-une-maniere-de-communiquer\\\/#primaryimage\"},\"thumbnailUrl\":\"https:\\\/\\\/www.deinadieu.ch\\\/wp-content\\\/uploads\\\/2022\\\/06\\\/DA_PGB_MFR3047-1024x683.jpg\",\"keywords\":[\"Faire le bien\",\"Organisation d'utilit\u00e9 publique\",\"organisations d'aide\",\"Quel effet mon h\u00e9ritage peut-il avoir ?\"],\"articleSection\":[\"\u0152uvres caritatives en point de mire\"],\"inLanguage\":\"fr-FR\",\"potentialAction\":[{\"@type\":\"CommentAction\",\"name\":\"Comment\",\"target\":[\"https:\\\/\\\/www.deinadieu.ch\\\/fr\\\/soudain-vous-avez-affaire-a-une-autre-personne-avec-laquelle-vous-devez-retrouver-une-maniere-de-communiquer\\\/#respond\"]}]},{\"@type\":\"WebPage\",\"@id\":\"https:\\\/\\\/www.deinadieu.ch\\\/fr\\\/soudain-vous-avez-affaire-a-une-autre-personne-avec-laquelle-vous-devez-retrouver-une-maniere-de-communiquer\\\/\",\"url\":\"https:\\\/\\\/www.deinadieu.ch\\\/fr\\\/soudain-vous-avez-affaire-a-une-autre-personne-avec-laquelle-vous-devez-retrouver-une-maniere-de-communiquer\\\/\",\"name\":\"Stiftung Schulungs- und Wohnheime Rossfeld im Portrait | DeinAdieu.ch\",\"isPartOf\":{\"@id\":\"https:\\\/\\\/www.deinadieu.ch\\\/fr\\\/#website\"},\"primaryImageOfPage\":{\"@id\":\"https:\\\/\\\/www.deinadieu.ch\\\/fr\\\/soudain-vous-avez-affaire-a-une-autre-personne-avec-laquelle-vous-devez-retrouver-une-maniere-de-communiquer\\\/#primaryimage\"},\"image\":{\"@id\":\"https:\\\/\\\/www.deinadieu.ch\\\/fr\\\/soudain-vous-avez-affaire-a-une-autre-personne-avec-laquelle-vous-devez-retrouver-une-maniere-de-communiquer\\\/#primaryimage\"},\"thumbnailUrl\":\"https:\\\/\\\/www.deinadieu.ch\\\/wp-content\\\/uploads\\\/2022\\\/06\\\/DA_PGB_MFR3047-1024x683.jpg\",\"datePublished\":\"2022-06-13T09:03:12+00:00\",\"dateModified\":\"2023-06-24T06:55:23+00:00\",\"description\":\"Unser Blog portr\u00e4tiert Professionals, Betroffene und Angeh\u00f6rige rund um die Themen Selbstbestimmung, dritter Lebensabschnitt, Vorsorge und Testamentspende zugunsten eines Hilfswerks.\",\"breadcrumb\":{\"@id\":\"https:\\\/\\\/www.deinadieu.ch\\\/fr\\\/soudain-vous-avez-affaire-a-une-autre-personne-avec-laquelle-vous-devez-retrouver-une-maniere-de-communiquer\\\/#breadcrumb\"},\"inLanguage\":\"fr-FR\",\"potentialAction\":[{\"@type\":\"ReadAction\",\"target\":[\"https:\\\/\\\/www.deinadieu.ch\\\/fr\\\/soudain-vous-avez-affaire-a-une-autre-personne-avec-laquelle-vous-devez-retrouver-une-maniere-de-communiquer\\\/\"]}]},{\"@type\":\"ImageObject\",\"inLanguage\":\"fr-FR\",\"@id\":\"https:\\\/\\\/www.deinadieu.ch\\\/fr\\\/soudain-vous-avez-affaire-a-une-autre-personne-avec-laquelle-vous-devez-retrouver-une-maniere-de-communiquer\\\/#primaryimage\",\"url\":\"https:\\\/\\\/www.deinadieu.ch\\\/wp-content\\\/uploads\\\/2022\\\/06\\\/DA_PGB_MFR3047-1024x683.jpg\",\"contentUrl\":\"https:\\\/\\\/www.deinadieu.ch\\\/wp-content\\\/uploads\\\/2022\\\/06\\\/DA_PGB_MFR3047-1024x683.jpg\"},{\"@type\":\"BreadcrumbList\",\"@id\":\"https:\\\/\\\/www.deinadieu.ch\\\/fr\\\/soudain-vous-avez-affaire-a-une-autre-personne-avec-laquelle-vous-devez-retrouver-une-maniere-de-communiquer\\\/#breadcrumb\",\"itemListElement\":[{\"@type\":\"ListItem\",\"position\":1,\"name\":\"Home\",\"item\":\"https:\\\/\\\/www.deinadieu.ch\\\/fr\\\/deinadieu-dialog-und-serviceportal-zum-lebensende\\\/\"},{\"@type\":\"ListItem\",\"position\":2,\"name\":\"\u00ab Soudain, ils ont affaire \u00e0 une autre personne avec laquelle ils doivent retrouver une mani\u00e8re de communiquer \u00bb\"}]},{\"@type\":\"WebSite\",\"@id\":\"https:\\\/\\\/www.deinadieu.ch\\\/fr\\\/#website\",\"url\":\"https:\\\/\\\/www.deinadieu.ch\\\/fr\\\/\",\"name\":\"DeinAdieu.ch\",\"description\":\"Testament, Patientenverf\u00fcgung und Vorsorgeauftrag\",\"publisher\":{\"@id\":\"https:\\\/\\\/www.deinadieu.ch\\\/fr\\\/#organization\"},\"potentialAction\":[{\"@type\":\"SearchAction\",\"target\":{\"@type\":\"EntryPoint\",\"urlTemplate\":\"https:\\\/\\\/www.deinadieu.ch\\\/fr\\\/?s={search_term_string}\"},\"query-input\":{\"@type\":\"PropertyValueSpecification\",\"valueRequired\":true,\"valueName\":\"search_term_string\"}}],\"inLanguage\":\"fr-FR\"},{\"@type\":\"Organization\",\"@id\":\"https:\\\/\\\/www.deinadieu.ch\\\/fr\\\/#organization\",\"name\":\"EMNA Web GmbH\",\"url\":\"https:\\\/\\\/www.deinadieu.ch\\\/fr\\\/\",\"logo\":{\"@type\":\"ImageObject\",\"inLanguage\":\"fr-FR\",\"@id\":\"https:\\\/\\\/www.deinadieu.ch\\\/fr\\\/#\\\/schema\\\/logo\\\/image\\\/\",\"url\":\"https:\\\/\\\/www.deinadieu.ch\\\/wp-content\\\/uploads\\\/2016\\\/01\\\/DeinAdieu_Logo.png\",\"contentUrl\":\"https:\\\/\\\/www.deinadieu.ch\\\/wp-content\\\/uploads\\\/2016\\\/01\\\/DeinAdieu_Logo.png\",\"width\":300,\"height\":117,\"caption\":\"EMNA Web GmbH\"},\"image\":{\"@id\":\"https:\\\/\\\/www.deinadieu.ch\\\/fr\\\/#\\\/schema\\\/logo\\\/image\\\/\"},\"sameAs\":[\"https:\\\/\\\/www.facebook.com\\\/deinadieu\",\"https:\\\/\\\/x.com\\\/DeinAdieu\",\"https:\\\/\\\/www.instagram.com\\\/deinadieu\\\/\",\"https:\\\/\\\/www.linkedin.com\\\/company\\\/deinadieu.ch\"]},{\"@type\":\"Person\",\"@id\":\"https:\\\/\\\/www.deinadieu.ch\\\/fr\\\/#\\\/schema\\\/person\\\/78cffe1cb679e17f919e3d0c0e7b9673\",\"name\":\"Janina Gehrig, MA UZH, Redaktorin\",\"image\":{\"@type\":\"ImageObject\",\"inLanguage\":\"fr-FR\",\"@id\":\"https:\\\/\\\/secure.gravatar.com\\\/avatar\\\/8bfc4dca12cd7c0a0373c12f34587d1f6a6117903e7ecc0035863bd69df6fb07?s=96&d=mm&r=g\",\"url\":\"https:\\\/\\\/secure.gravatar.com\\\/avatar\\\/8bfc4dca12cd7c0a0373c12f34587d1f6a6117903e7ecc0035863bd69df6fb07?s=96&d=mm&r=g\",\"contentUrl\":\"https:\\\/\\\/secure.gravatar.com\\\/avatar\\\/8bfc4dca12cd7c0a0373c12f34587d1f6a6117903e7ecc0035863bd69df6fb07?s=96&d=mm&r=g\",\"caption\":\"Janina Gehrig, MA UZH, Redaktorin\"},\"url\":\"https:\\\/\\\/www.deinadieu.ch\\\/fr\\\/author\\\/janinagehrig\\\/\"}]}<\/script>","yoast_head_json":{"title":"Stiftung Schulungs- und Wohnheime Rossfeld im Portrait | DeinAdieu.ch","description":"Unser Blog portr\u00e4tiert Professionals, Betroffene und Angeh\u00f6rige rund um die Themen Selbstbestimmung, dritter Lebensabschnitt, Vorsorge und Testamentspende zugunsten eines Hilfswerks.","robots":{"index":"index","follow":"follow","max-snippet":"max-snippet:-1","max-image-preview":"max-image-preview:large","max-video-preview":"max-video-preview:-1"},"canonical":"https:\/\/www.deinadieu.ch\/fr\/soudain-vous-avez-affaire-a-une-autre-personne-avec-laquelle-vous-devez-retrouver-une-maniere-de-communiquer\/","og_locale":"fr_FR","og_type":"article","og_title":"\u00ab Soudain, ils ont affaire \u00e0 une autre personne avec laquelle ils doivent retrouver une mani\u00e8re de communiquer \u00bb","og_description":"Elle a fait de la politique pendant de nombreuses ann\u00e9es. Giovanna Battagliero travaille d\u00e9sormais comme directrice des foyers de formation et","og_url":"https:\/\/www.deinadieu.ch\/fr\/soudain-vous-avez-affaire-a-une-autre-personne-avec-laquelle-vous-devez-retrouver-une-maniere-de-communiquer\/","og_site_name":"DeinAdieu.ch","article_publisher":"https:\/\/www.facebook.com\/deinadieu","article_published_time":"2022-06-13T09:03:12+00:00","article_modified_time":"2023-06-24T06:55:23+00:00","og_image":[{"url":"https:\/\/static.deinadieu.ch\/uploads\/2022\/06\/DA_PGB_MFR3047-1024x683.jpg","type":"","width":"","height":""}],"author":"Janina Gehrig, MA UZH, Redaktorin","twitter_card":"summary_large_image","twitter_creator":"@DeinAdieu","twitter_site":"@DeinAdieu","twitter_misc":{"Written by":"Janina Gehrig, MA UZH, Redaktorin","Est. reading time":"7 minutes"},"schema":{"@context":"https:\/\/schema.org","@graph":[{"@type":"Article","@id":"https:\/\/www.deinadieu.ch\/fr\/soudain-vous-avez-affaire-a-une-autre-personne-avec-laquelle-vous-devez-retrouver-une-maniere-de-communiquer\/#article","isPartOf":{"@id":"https:\/\/www.deinadieu.ch\/fr\/soudain-vous-avez-affaire-a-une-autre-personne-avec-laquelle-vous-devez-retrouver-une-maniere-de-communiquer\/"},"author":{"name":"Janina Gehrig, MA UZH, Redaktorin","@id":"https:\/\/www.deinadieu.ch\/fr\/#\/schema\/person\/78cffe1cb679e17f919e3d0c0e7b9673"},"headline":"\u00ab Soudain, ils ont affaire \u00e0 une autre personne avec laquelle ils doivent retrouver une mani\u00e8re de communiquer \u00bb","datePublished":"2022-06-13T09:03:12+00:00","dateModified":"2023-06-24T06:55:23+00:00","mainEntityOfPage":{"@id":"https:\/\/www.deinadieu.ch\/fr\/soudain-vous-avez-affaire-a-une-autre-personne-avec-laquelle-vous-devez-retrouver-une-maniere-de-communiquer\/"},"wordCount":1471,"commentCount":0,"publisher":{"@id":"https:\/\/www.deinadieu.ch\/fr\/#organization"},"image":{"@id":"https:\/\/www.deinadieu.ch\/fr\/soudain-vous-avez-affaire-a-une-autre-personne-avec-laquelle-vous-devez-retrouver-une-maniere-de-communiquer\/#primaryimage"},"thumbnailUrl":"https:\/\/www.deinadieu.ch\/wp-content\/uploads\/2022\/06\/DA_PGB_MFR3047-1024x683.jpg","keywords":["Faire le bien","Organisation d'utilit\u00e9 publique","organisations d'aide","Quel effet mon h\u00e9ritage peut-il avoir ?"],"articleSection":["\u0152uvres caritatives en point de mire"],"inLanguage":"fr-FR","potentialAction":[{"@type":"CommentAction","name":"Comment","target":["https:\/\/www.deinadieu.ch\/fr\/soudain-vous-avez-affaire-a-une-autre-personne-avec-laquelle-vous-devez-retrouver-une-maniere-de-communiquer\/#respond"]}]},{"@type":"WebPage","@id":"https:\/\/www.deinadieu.ch\/fr\/soudain-vous-avez-affaire-a-une-autre-personne-avec-laquelle-vous-devez-retrouver-une-maniere-de-communiquer\/","url":"https:\/\/www.deinadieu.ch\/fr\/soudain-vous-avez-affaire-a-une-autre-personne-avec-laquelle-vous-devez-retrouver-une-maniere-de-communiquer\/","name":"Stiftung Schulungs- und Wohnheime Rossfeld im Portrait | DeinAdieu.ch","isPartOf":{"@id":"https:\/\/www.deinadieu.ch\/fr\/#website"},"primaryImageOfPage":{"@id":"https:\/\/www.deinadieu.ch\/fr\/soudain-vous-avez-affaire-a-une-autre-personne-avec-laquelle-vous-devez-retrouver-une-maniere-de-communiquer\/#primaryimage"},"image":{"@id":"https:\/\/www.deinadieu.ch\/fr\/soudain-vous-avez-affaire-a-une-autre-personne-avec-laquelle-vous-devez-retrouver-une-maniere-de-communiquer\/#primaryimage"},"thumbnailUrl":"https:\/\/www.deinadieu.ch\/wp-content\/uploads\/2022\/06\/DA_PGB_MFR3047-1024x683.jpg","datePublished":"2022-06-13T09:03:12+00:00","dateModified":"2023-06-24T06:55:23+00:00","description":"Unser Blog portr\u00e4tiert Professionals, Betroffene und Angeh\u00f6rige rund um die Themen Selbstbestimmung, dritter Lebensabschnitt, Vorsorge und Testamentspende zugunsten eines Hilfswerks.","breadcrumb":{"@id":"https:\/\/www.deinadieu.ch\/fr\/soudain-vous-avez-affaire-a-une-autre-personne-avec-laquelle-vous-devez-retrouver-une-maniere-de-communiquer\/#breadcrumb"},"inLanguage":"fr-FR","potentialAction":[{"@type":"ReadAction","target":["https:\/\/www.deinadieu.ch\/fr\/soudain-vous-avez-affaire-a-une-autre-personne-avec-laquelle-vous-devez-retrouver-une-maniere-de-communiquer\/"]}]},{"@type":"ImageObject","inLanguage":"fr-FR","@id":"https:\/\/www.deinadieu.ch\/fr\/soudain-vous-avez-affaire-a-une-autre-personne-avec-laquelle-vous-devez-retrouver-une-maniere-de-communiquer\/#primaryimage","url":"https:\/\/www.deinadieu.ch\/wp-content\/uploads\/2022\/06\/DA_PGB_MFR3047-1024x683.jpg","contentUrl":"https:\/\/www.deinadieu.ch\/wp-content\/uploads\/2022\/06\/DA_PGB_MFR3047-1024x683.jpg"},{"@type":"BreadcrumbList","@id":"https:\/\/www.deinadieu.ch\/fr\/soudain-vous-avez-affaire-a-une-autre-personne-avec-laquelle-vous-devez-retrouver-une-maniere-de-communiquer\/#breadcrumb","itemListElement":[{"@type":"ListItem","position":1,"name":"Home","item":"https:\/\/www.deinadieu.ch\/fr\/deinadieu-dialog-und-serviceportal-zum-lebensende\/"},{"@type":"ListItem","position":2,"name":"\u00ab Soudain, ils ont affaire \u00e0 une autre personne avec laquelle ils doivent retrouver une mani\u00e8re de communiquer \u00bb"}]},{"@type":"WebSite","@id":"https:\/\/www.deinadieu.ch\/fr\/#website","url":"https:\/\/www.deinadieu.ch\/fr\/","name":"DeinAdieu.ch","description":"Testament, Patientenverf\u00fcgung und Vorsorgeauftrag","publisher":{"@id":"https:\/\/www.deinadieu.ch\/fr\/#organization"},"potentialAction":[{"@type":"SearchAction","target":{"@type":"EntryPoint","urlTemplate":"https:\/\/www.deinadieu.ch\/fr\/?s={search_term_string}"},"query-input":{"@type":"PropertyValueSpecification","valueRequired":true,"valueName":"search_term_string"}}],"inLanguage":"fr-FR"},{"@type":"Organization","@id":"https:\/\/www.deinadieu.ch\/fr\/#organization","name":"EMNA Web GmbH","url":"https:\/\/www.deinadieu.ch\/fr\/","logo":{"@type":"ImageObject","inLanguage":"fr-FR","@id":"https:\/\/www.deinadieu.ch\/fr\/#\/schema\/logo\/image\/","url":"https:\/\/www.deinadieu.ch\/wp-content\/uploads\/2016\/01\/DeinAdieu_Logo.png","contentUrl":"https:\/\/www.deinadieu.ch\/wp-content\/uploads\/2016\/01\/DeinAdieu_Logo.png","width":300,"height":117,"caption":"EMNA Web GmbH"},"image":{"@id":"https:\/\/www.deinadieu.ch\/fr\/#\/schema\/logo\/image\/"},"sameAs":["https:\/\/www.facebook.com\/deinadieu","https:\/\/x.com\/DeinAdieu","https:\/\/www.instagram.com\/deinadieu\/","https:\/\/www.linkedin.com\/company\/deinadieu.ch"]},{"@type":"Person","@id":"https:\/\/www.deinadieu.ch\/fr\/#\/schema\/person\/78cffe1cb679e17f919e3d0c0e7b9673","name":"Janina Gehrig, MA UZH, Redaktorin","image":{"@type":"ImageObject","inLanguage":"fr-FR","@id":"https:\/\/secure.gravatar.com\/avatar\/8bfc4dca12cd7c0a0373c12f34587d1f6a6117903e7ecc0035863bd69df6fb07?s=96&d=mm&r=g","url":"https:\/\/secure.gravatar.com\/avatar\/8bfc4dca12cd7c0a0373c12f34587d1f6a6117903e7ecc0035863bd69df6fb07?s=96&d=mm&r=g","contentUrl":"https:\/\/secure.gravatar.com\/avatar\/8bfc4dca12cd7c0a0373c12f34587d1f6a6117903e7ecc0035863bd69df6fb07?s=96&d=mm&r=g","caption":"Janina Gehrig, MA UZH, Redaktorin"},"url":"https:\/\/www.deinadieu.ch\/fr\/author\/janinagehrig\/"}]}},"_links":{"self":[{"href":"https:\/\/www.deinadieu.ch\/fr\/wp-json\/wp\/v2\/posts\/57375","targetHints":{"allow":["GET"]}}],"collection":[{"href":"https:\/\/www.deinadieu.ch\/fr\/wp-json\/wp\/v2\/posts"}],"about":[{"href":"https:\/\/www.deinadieu.ch\/fr\/wp-json\/wp\/v2\/types\/post"}],"author":[{"embeddable":true,"href":"https:\/\/www.deinadieu.ch\/fr\/wp-json\/wp\/v2\/users\/6028"}],"replies":[{"embeddable":true,"href":"https:\/\/www.deinadieu.ch\/fr\/wp-json\/wp\/v2\/comments?post=57375"}],"version-history":[{"count":11,"href":"https:\/\/www.deinadieu.ch\/fr\/wp-json\/wp\/v2\/posts\/57375\/revisions"}],"predecessor-version":[{"id":64649,"href":"https:\/\/www.deinadieu.ch\/fr\/wp-json\/wp\/v2\/posts\/57375\/revisions\/64649"}],"wp:attachment":[{"href":"https:\/\/www.deinadieu.ch\/fr\/wp-json\/wp\/v2\/media?parent=57375"}],"wp:term":[{"taxonomy":"category","embeddable":true,"href":"https:\/\/www.deinadieu.ch\/fr\/wp-json\/wp\/v2\/categories?post=57375"},{"taxonomy":"post_tag","embeddable":true,"href":"https:\/\/www.deinadieu.ch\/fr\/wp-json\/wp\/v2\/tags?post=57375"}],"curies":[{"name":"wp","href":"https:\/\/api.w.org\/{rel}","templated":true}]}}