{"id":56733,"date":"2022-03-10T10:24:26","date_gmt":"2022-03-10T09:24:26","guid":{"rendered":"https:\/\/www.deinadieu.ch\/pour-beaucoup-de-gens-le-diagnostic-est-un-grand-soulagement\/"},"modified":"2024-03-25T15:27:03","modified_gmt":"2024-03-25T14:27:03","slug":"pour-beaucoup-de-gens-le-diagnostic-est-un-grand-soulagement","status":"publish","type":"post","link":"https:\/\/www.deinadieu.ch\/fr\/pour-beaucoup-de-gens-le-diagnostic-est-un-grand-soulagement\/","title":{"rendered":"\u00ab Pour beaucoup de gens, le diagnostic est un grand soulagement \u00bb"},"content":{"rendered":"\n<p>En Suisse, environ 500&#8217;000 personnes sont touch\u00e9es par une maladie rare. Beaucoup d&#8217;entre elles passent de m\u00e9decin en m\u00e9decin et, pendant des ann\u00e9es, elles ne savent pas ce qu&#8217;elles ont r\u00e9ellement. Le centre de g\u00e9n\u00e9tique de la fondation pour les personnes atteintes de maladies rares \u00e0 Schlieren peut aider certaines de ces personnes. Il est le seul en Suisse \u00e0 analyser le patrimoine g\u00e9n\u00e9tique humain complet \u00e0 la recherche d&#8217;une \u00ab faute de frappe \u00bb. <\/p>\n\n<!--more-->\n\n<figure class=\"wp-block-image size-large\"><img loading=\"lazy\" decoding=\"async\" width=\"1024\" height=\"683\" src=\"https:\/\/www.deinadieu.ch\/wp-content\/uploads\/2022\/03\/genetik_0065-1024x683.jpg\" alt=\"&#xAB; Savoir que nous pouvons aider les gens nous motive &#xBB;, explique Caroline Henggeler, g&#xE9;n&#xE9;ticienne m&#xE9;dicale &#xE0; la fondation pour les personnes atteintes de maladies rares.\" class=\"wp-image-55769\" srcset=\"https:\/\/www.deinadieu.ch\/wp-content\/uploads\/2022\/03\/genetik_0065-1024x683.jpg 1024w, https:\/\/www.deinadieu.ch\/wp-content\/uploads\/2022\/03\/genetik_0065-300x200.jpg 300w, https:\/\/www.deinadieu.ch\/wp-content\/uploads\/2022\/03\/genetik_0065-1536x1024.jpg 1536w, https:\/\/www.deinadieu.ch\/wp-content\/uploads\/2022\/03\/genetik_0065-2048x1365.jpg 2048w\" sizes=\"auto, (max-width: 1024px) 100vw, 1024px\" \/><figcaption>Caroline Henggeler travaille comme g\u00e9n\u00e9ticienne m\u00e9dicale \u00e0 la Fondation pour les personnes atteintes de maladies rares. Photos : Djamila Grossmann<\/figcaption><\/figure>\n\n<p>Il y a l&#8217;ancienne marathonienne, Deborah Balz, dont on a pens\u00e9 pendant des ann\u00e9es qu&#8217;elle \u00e9tait atteinte d&#8217;une maladie psychique. Ses muscles se raidissent de plus en plus, alors que les m\u00e9decins lui disent qu&#8217;elle pourrait le faire si elle le voulait. Son trouble de la marche ne serait rien d&#8217;autre qu&#8217;un probl\u00e8me psychique.<\/p>\n\n<p>Il y a ce jeune homme, Max Merker, qui a des plaies \u00e0 l&#8217;arri\u00e8re de la t\u00eate depuis sa naissance, qui n&#8217;a pas de mamelons et dont les oreilles sont d\u00e9form\u00e9es. Enfant, il s&#8217;\u00e9vanouit r\u00e9guli\u00e8rement, souffre de maux de t\u00eate inexplicables et pr\u00e9sente des valeurs r\u00e9nales \u00e9lev\u00e9es. Chez lui aussi, les m\u00e9decins essaient diff\u00e9rents m\u00e9dicaments. Certains lui conseillent de boire plus d&#8217;eau. Ce n&#8217;est que dans le cadre de son travail de maturit\u00e9 qu&#8217;il obtient de la fondation pour les personnes atteintes de maladies rares la possibilit\u00e9 de faire un examen g\u00e9n\u00e9tique mol\u00e9culaire. Il en ressort qu&#8217;il est \u2013 apparamment le seul en Suisse \u2013 atteint du syndrome SEN (<a href=\"http:\/\/www.stiftung-seltene-krankheiten.ch\/view\/data\/977\/Max_Tagi.mp4\" target=\"_blank\" rel=\"noreferrer noopener\">Scalp-Ear-Nipple Syndrome<\/a>). Il re\u00e7oit enfin un traitement qui l&#8217;aide ainsi que la possibilit\u00e9 d&#8217;\u00e9tablir une planification familiale avec des descendants qui ne seront pas touch\u00e9s par la maladie. L&#8217;ancienne marathonienne re\u00e7oit \u00e9galement de l&#8217;aide du centre de g\u00e9n\u00e9tique de la fondation pour les personnes atteintes de maladies rares.<\/p>\n\n<p>On trouve alors la raison de sa faiblesse musculaire : Deborah Balz est atteinte d&#8217;une maladie musculaire d&#8217;origine g\u00e9n\u00e9tique appel\u00e9e <a href=\"http:\/\/www.nzz.ch\/zuerich\/gentest-genetiker-aus-%20schlieren-loest-raetsel-ld.1463846?reduced=true\" target=\"_blank\" rel=\"noreferrer noopener nofollow\">myotonia congenita<\/a>. \u00ab Pour de nombreuses personnes, le diagnostic est un grand soulagement &#8211; m\u00eame s&#8217;il n&#8217;existe pas (encore) de traitement pour leur maladie. Un diagnostic correct est une condition pr\u00e9alable \u00bb, explique Caroline Henggeler, directrice adjointe du centre de g\u00e9n\u00e9tique et membre du conseil de fondation. A cela s&#8217;ajoute le fait qu&#8217;un diagnostic confirm\u00e9 est important pour le droit \u00e0 une \u00e9ventuelle prestation de l&#8217;AI.<\/p>\n\n<p>Le centre de g\u00e9n\u00e9tique de la fondation \u00e0 Schlieren accueille des patients qui ne supportent plus de ne pas savoir ce qui leur arrive. Des patients qui, comme les deux personnes mentionn\u00e9es ci-dessus, ont v\u00e9cu des \u00ab odyss\u00e9es diagnostiques \u00bb pendant des ann\u00e9es et qui sont pass\u00e9s de m\u00e9decin en m\u00e9decin.<\/p>\n\n<figure class=\"wp-block-image size-large\"><img loading=\"lazy\" decoding=\"async\" width=\"1024\" height=\"683\" src=\"https:\/\/www.deinadieu.ch\/wp-content\/uploads\/2022\/03\/genetik_0069-1024x683.jpg\" alt=\"\" class=\"wp-image-55773\" srcset=\"https:\/\/www.deinadieu.ch\/wp-content\/uploads\/2022\/03\/genetik_0069-1024x683.jpg 1024w, https:\/\/www.deinadieu.ch\/wp-content\/uploads\/2022\/03\/genetik_0069-300x200.jpg 300w, https:\/\/www.deinadieu.ch\/wp-content\/uploads\/2022\/03\/genetik_0069-1536x1024.jpg 1536w, https:\/\/www.deinadieu.ch\/wp-content\/uploads\/2022\/03\/genetik_0069-2048x1365.jpg 2048w\" sizes=\"auto, (max-width: 1024px) 100vw, 1024px\" \/><\/figure>\n\n<h2 class=\"wp-block-heading\" id=\"h-suche-nach-der-nadel-im-heuhaufen\">Chercher une aiguille dans une botte de foin<\/h2>\n\n<p>Selon Mme Henggeler, le centre de g\u00e9n\u00e9tique de la fondation joue un r\u00f4le de pionnier : il est le premier et le seul centre en Suisse \u00e0 \u00eatre sp\u00e9cialis\u00e9 dans le diagnostic g\u00e9n\u00e9tique mol\u00e9culaire et la recherche sur les maladies rares d&#8217;origine g\u00e9n\u00e9tique, notamment les maladies aortiques. Depuis 2015, le centre r\u00e9alise le s\u00e9quen\u00e7age du g\u00e9nome entier : l&#8217;ADN complet d&#8217;un patient est s\u00e9quenc\u00e9 et les donn\u00e9es sont compar\u00e9es avec un g\u00e9nome dit de r\u00e9f\u00e9rence. Il en r\u00e9sulte environ quatre millions de variantes de s\u00e9quences par individu \u2013 \u00ab notre empreinte g\u00e9n\u00e9tique \u00bb, comme l&#8217;appelle Mme Henggeler \u2013 parmi lesquelles il faut ensuite filtrer la variante qui est effectivement \u00e0 l&#8217;origine de la maladie dont souffre le patient. C&#8217;est comme la recherche d&#8217;une aiguille dans une botte de foin, laquelle occupe g\u00e9n\u00e9ralement plusieurs collaborateurs du centre pendant des mois.<\/p>\n\n<figure class=\"wp-block-image size-large\"><img loading=\"lazy\" decoding=\"async\" width=\"1024\" height=\"683\" src=\"https:\/\/www.deinadieu.ch\/wp-content\/uploads\/2022\/03\/genetik_0135-1024x683.jpg\" alt=\"\" class=\"wp-image-55777\" srcset=\"https:\/\/www.deinadieu.ch\/wp-content\/uploads\/2022\/03\/genetik_0135-1024x683.jpg 1024w, https:\/\/www.deinadieu.ch\/wp-content\/uploads\/2022\/03\/genetik_0135-300x200.jpg 300w, https:\/\/www.deinadieu.ch\/wp-content\/uploads\/2022\/03\/genetik_0135-1536x1024.jpg 1536w, https:\/\/www.deinadieu.ch\/wp-content\/uploads\/2022\/03\/genetik_0135-2048x1365.jpg 2048w\" sizes=\"auto, (max-width: 1024px) 100vw, 1024px\" \/><\/figure>\n\n<p>Caroline Henggeler, sp\u00e9cialiste en g\u00e9n\u00e9tique m\u00e9dicale, l&#8217;explique \u00e9galement ainsi : \u00ab Le noyau cellulaire est comme une grande biblioth\u00e8que, compos\u00e9e d&#8217;environ 25&#8217;000 livres. Dans le cas des maladies rares d&#8217;origine g\u00e9n\u00e9tique, il y a dans l&#8217;un de ces livres une faute de frappe qui d\u00e9nature compl\u00e8tement la signification de tout un livre. C&#8217;est cette erreur que nous devons trouver. \u00bb<\/p>\n\n<p>Le patrimoine g\u00e9n\u00e9tique humain est ainsi compos\u00e9 d&#8217;environ 25&#8217;000 g\u00e8nes. \u00ab Toutefois, \u00e0 l&#8217;heure actuelle, nous ne connaissons la fonction que de la moiti\u00e9 de ces g\u00e8nes \u00bb, explique Mme Henggeler. Cela signifie que les connaissances actuellement disponibles ne permettent d&#8217;atteindre ce que l&#8217;on appelle le \u00ab diagnostique final \u00bb que dans environ la moiti\u00e9 des cas.<\/p>\n\n<p>La plupart des patients sont orient\u00e9s vers l&#8217;\u00e9quipe de Mme Henggeler et de Gabor Matyas, sp\u00e9cialiste en g\u00e9n\u00e9tique m\u00e9dicale et directeur de la fondation et du centre de g\u00e9n\u00e9tique, par des cardiologues, des chirurgiens cardiaques et des m\u00e9decins g\u00e9n\u00e9ralistes. Parfois, un membre de la famille est mort pr\u00e9matur\u00e9ment d&#8217;une rupture aortique. Ainsi, les examens effectu\u00e9s au centre de g\u00e9n\u00e9tique sont importants non seulement pour une intervention et une th\u00e9rapie des personnes concern\u00e9es au bon moment, mais \u00e9galement pour les membres de leur famille qui pourraient \u00eatre touch\u00e9s par la m\u00eame maladie, explique Mme Henggeler.<\/p>\n\n<p>En Suisse, environ un demi-million de personnes sont touch\u00e9es par une maladie rare. En raison de ses ressources limit\u00e9es, le centre de g\u00e9n\u00e9tique peut accepter environ 150 nouveaux cas par ann\u00e9e. L&#8217;examen g\u00e9n\u00e9tique dure au moins six \u00e0 douze mois. Cependant, la recherche de la mutation responsable de la maladie peut \u00e9galement prendre des ann\u00e9es, selon l&#8217;\u00e9tat des connaissances.<\/p>\n\n<h2 class=\"wp-block-heading\" id=\"h-nur-in-den-wenigsten-fallen-gibt-es-eine-therapie\">Un traitement n&#8217;existe que dans de rares cas<\/h2>\n\n<p>Une fois la maladie d\u00e9tect\u00e9e, il n&#8217;existe cependant que tr\u00e8s rarement un traitement. Mme Henggeler se souvient du cas d&#8217;un enfant alors \u00e2g\u00e9 de 12 ans, qui, depuis sa naissance, avait des vaisseaux sanguins trop \u00e9troits ainsi qu&#8217;un \u0153sophage et une trach\u00e9e trop \u00e9troits. \u00ab Apr\u00e8s chaque op\u00e9ration, il y avait des complications. Aucun m\u00e9decin ne voulait continuer \u00e0 soigner l&#8217;enfant. Nous avons pu r\u00e9soudre le cas en trois mois \u00bb, explique Mme Henggeler. La jeune fille est atteinte du <a href=\"http:\/\/www.stiftung-seltene-krankheiten.ch\/view\/data\/977\/Aargauer%20Zeitung_09_01_2018.pdf\" target=\"_blank\" rel=\"noreferrer noopener\">syndrome de Myhre<\/a>. Il n&#8217;existe actuellement aucun traitement pour cette maladie. \u00ab Les maladies g\u00e9n\u00e9tiques ne peuvent pas encore \u00eatre gu\u00e9ries. Chaque cellule du corps pr\u00e9sente ce d\u00e9faut. \u00bb Cependant, gr\u00e2ce au bon diagnostic, on a su ce qu&#8217;il fallait \u00e9viter pour cette jeune fille et elle a pu \u00eatre int\u00e9gr\u00e9e dans une \u00e9tude clinique d\u00e9j\u00e0 en cours avec des patients atteints du syndrome de Myhre.<\/p>\n\n<p>De nombreux patients et patientes sont suivis par le centre de g\u00e9n\u00e9tique sur le long terme. \u00ab Le syst\u00e8me de sant\u00e9 est d\u00e9pass\u00e9 par ces cas complexes. Avec nos activit\u00e9s uniques en Suisse, nous comblons une lacune \u00bb, explique Mme Henggeler. La fondation prend \u00e9galement en charge une partie des frais qui ne sont pas pris en charge par la caisse-maladie. La part obligatoire pour un examen g\u00e9n\u00e9tique s&#8217;\u00e9l\u00e8ve \u00e0 environ 5&#8217;500 francs et les caisses-maladie ne prennent pas en charge cette prestation ou seulement apr\u00e8s des d\u00e9marches administratives. Ainsi, la fondation doit parfois passer par la voie judiciaire pour aider les patientes et les patients \u00e0 faire valoir leurs droits. \u00ab Nous essayons de nous engager \u00e0 tous les niveaux pour nos patients. \u00bb<\/p>\n\n<p>Le centre de g\u00e9n\u00e9tique de la fondation d&#8217;utilit\u00e9 publique pour les personnes atteintes de maladies rares d\u00e9pend ainsi des dons et des legs.<\/p>\n\n<h2 class=\"wp-block-heading\" id=\"h-genetik-ist-die-zukunft-der-medizin\">\u00ab La g\u00e9n\u00e9tique est l&#8217;avenir de la m\u00e9decine \u00bb<\/h2>\n\n<p>Le fait qu&#8217;ils doivent toujours collecter de l&#8217;argent pour leur travail les \u00e9puise. Pendant leur temps libre, les sp\u00e9cialistes en g\u00e9n\u00e9tique m\u00e9dicale \u00e9crivent \u00e0 des fondations de bienfaiteurs afin d&#8217;obtenir le soutien dont ils ont besoin. Ils r\u00e9pondent \u00e9galement aux courriels et aux lettres des personnes concern\u00e9es et des personnes qui cherchent des conseils.<\/p>\n\n<p>Pour Mme Henggeler, c&#8217;est clair : \u00ab La g\u00e9n\u00e9tique est l&#8217;avenir de la m\u00e9decine \u00bb. Le syst\u00e8me de sant\u00e9 n&#8217;est toutefois pas encore pr\u00eat pour cela. Mme Henggeler critique \u00e9galement l&#8217;industrie pharmaceutique qui tire profit, sur le dos des patients, de m\u00e9dicaments dont tr\u00e8s peu de personnes ont un besoin urgent, comme le Zolgensma de Novartis, le m\u00e9dicament le plus cher du monde avec ses deux millions de francs.<\/p>\n\n<p>Malgr\u00e9 l&#8217;adversit\u00e9, Mme Henggeler n&#8217;abandonne pas. \u00ab Ce qui nous motive, c&#8217;est la passion pour le travail et le fait de savoir que nous pouvons aider les gens \u00bb, explique la g\u00e9n\u00e9ticienne m\u00e9dicale.<\/p>\n\n<p><\/p>\n\n<p><br\/>\n        <div class=\"da-servicebox relative bg-gray-200 p-4 pt-8 border-solid border-t-8 border-da-dark mb-6\">\n            <i class=\"fas fa-info-circle mx-auto fa-7x text-da-dark\"><\/i>\n            <span style=\"hyphens: auto\">\n                 La <a href=\"https:\/\/www.deinadieu.ch\/fr\/oeuvres-de-bienfaisance\/\">fondation d&#8217;utilit\u00e9 publique pour les personnes atteintes de maladies rares<\/a> m\u00e8ne des recherches et des \u00e9tudes dans le domaine de la g\u00e9n\u00e9tique et cr\u00e9e, au moyen d&#8217;examens g\u00e9n\u00e9tiques, la base pour le diagnostic et le traitement des maladies rares (dont souffrent moins de cinq personnes sur 10&#8217;000). Les analyses g\u00e9n\u00e9tiques on\u00e9reuses qui sont effectu\u00e9es dans le centre de g\u00e9n\u00e9tique de la fondation peuvent durer des mois voire des ann\u00e9es, selon les cas, et ne sont pas ou que partiellement rembours\u00e9es par les caisses-maladie. La fondation d\u00e9pend ainsi toujours des dons. Ceux-ci permettent non seulement aux personnes concern\u00e9es et \u00e0 leurs familles de b\u00e9n\u00e9ficier d&#8217;examens g\u00e9n\u00e9tiques et de poursuivre des projets de recherche \u00e0 long terme, mais \u00e9galement de former et de perfectionner de jeunes sp\u00e9cialistes dans le domaine de la g\u00e9n\u00e9tique.<br\/>\n                \n                \n            <\/span>\n        <\/div>\n        <\/p>\n","protected":false},"excerpt":{"rendered":"<p>En Suisse, environ 500&#8217;000 personnes sont touch\u00e9es par une maladie rare. Beaucoup d&#8217;entre elles passent de m\u00e9decin en m\u00e9decin et, pendant des ann\u00e9es, elles ne savent pas ce qu&#8217;elles ont r\u00e9ellement. Le centre de g\u00e9n\u00e9tique de la fondation pour les personnes atteintes de maladies rares \u00e0 Schlieren peut aider certaines de ces personnes. Il est [&hellip;]<\/p>\n","protected":false},"author":6028,"featured_media":55771,"comment_status":"open","ping_status":"closed","sticky":false,"template":"","format":"standard","meta":{"_acf_changed":false,"footnotes":""},"categories":[2799],"tags":[2469],"class_list":["post-56733","post","type-post","status-publish","format-standard","has-post-thumbnail","hentry","category-reportages","tag-quel-effet-mon-heritage-peut-il-avoir"],"acf":[],"yoast_head":"<title>\u00ab Pour beaucoup de gens, le diagnostic est un grand soulagement \u00bb | DeinAdieu.ch<\/title>\n<meta name=\"description\" content=\"Unser Blog portr\u00e4tiert Professionals, Betroffene und Angeh\u00f6rige rund um die Themen Selbstbestimmung, dritter Lebensabschnitt, Vorsorge und Testamentspende zugunsten eines Hilfswerks.\" \/>\n<meta name=\"robots\" content=\"index, follow, max-snippet:-1, max-image-preview:large, max-video-preview:-1\" \/>\n<link rel=\"canonical\" href=\"https:\/\/www.deinadieu.ch\/fr\/pour-beaucoup-de-gens-le-diagnostic-est-un-grand-soulagement\/\" \/>\n<meta property=\"og:locale\" content=\"fr_FR\" \/>\n<meta property=\"og:type\" content=\"article\" \/>\n<meta property=\"og:title\" content=\"\u00ab Pour beaucoup de gens, le diagnostic est un grand soulagement \u00bb\" \/>\n<meta property=\"og:description\" content=\"En Suisse, environ 500&#039;000 personnes sont touch\u00e9es par une maladie rare. Beaucoup d&#039;entre elles passent de m\u00e9decin en m\u00e9decin et, pendant des ann\u00e9es,\" \/>\n<meta property=\"og:url\" content=\"https:\/\/www.deinadieu.ch\/fr\/pour-beaucoup-de-gens-le-diagnostic-est-un-grand-soulagement\/\" \/>\n<meta property=\"og:site_name\" content=\"DeinAdieu.ch\" \/>\n<meta property=\"article:publisher\" content=\"https:\/\/www.facebook.com\/deinadieu\" \/>\n<meta property=\"article:published_time\" content=\"2022-03-10T09:24:26+00:00\" \/>\n<meta property=\"article:modified_time\" content=\"2024-03-25T14:27:03+00:00\" \/>\n<meta property=\"og:image\" content=\"https:\/\/static.deinadieu.ch\/uploads\/2022\/03\/genetik_0065-scaled.jpg\" \/>\n\t<meta property=\"og:image:width\" content=\"2560\" \/>\n\t<meta property=\"og:image:height\" content=\"1706\" \/>\n\t<meta property=\"og:image:type\" content=\"image\/jpeg\" \/>\n<meta name=\"author\" content=\"Janina Gehrig, MA UZH, Redaktorin\" \/>\n<meta name=\"twitter:card\" content=\"summary_large_image\" \/>\n<meta name=\"twitter:creator\" content=\"@DeinAdieu\" \/>\n<meta name=\"twitter:site\" content=\"@DeinAdieu\" \/>\n<meta name=\"twitter:label1\" content=\"Written by\" \/>\n\t<meta name=\"twitter:data1\" content=\"Janina Gehrig, MA UZH, Redaktorin\" \/>\n\t<meta name=\"twitter:label2\" content=\"Est. reading time\" \/>\n\t<meta name=\"twitter:data2\" content=\"8 minutes\" \/>\n<script type=\"application\/ld+json\" class=\"yoast-schema-graph\">{\"@context\":\"https:\\\/\\\/schema.org\",\"@graph\":[{\"@type\":\"Article\",\"@id\":\"https:\\\/\\\/www.deinadieu.ch\\\/fr\\\/pour-beaucoup-de-gens-le-diagnostic-est-un-grand-soulagement\\\/#article\",\"isPartOf\":{\"@id\":\"https:\\\/\\\/www.deinadieu.ch\\\/fr\\\/pour-beaucoup-de-gens-le-diagnostic-est-un-grand-soulagement\\\/\"},\"author\":{\"name\":\"Janina Gehrig, MA UZH, Redaktorin\",\"@id\":\"https:\\\/\\\/www.deinadieu.ch\\\/fr\\\/#\\\/schema\\\/person\\\/78cffe1cb679e17f919e3d0c0e7b9673\"},\"headline\":\"\u00ab Pour beaucoup de gens, le diagnostic est un grand soulagement \u00bb\",\"datePublished\":\"2022-03-10T09:24:26+00:00\",\"dateModified\":\"2024-03-25T14:27:03+00:00\",\"mainEntityOfPage\":{\"@id\":\"https:\\\/\\\/www.deinadieu.ch\\\/fr\\\/pour-beaucoup-de-gens-le-diagnostic-est-un-grand-soulagement\\\/\"},\"wordCount\":1668,\"commentCount\":0,\"publisher\":{\"@id\":\"https:\\\/\\\/www.deinadieu.ch\\\/fr\\\/#organization\"},\"image\":{\"@id\":\"https:\\\/\\\/www.deinadieu.ch\\\/fr\\\/pour-beaucoup-de-gens-le-diagnostic-est-un-grand-soulagement\\\/#primaryimage\"},\"thumbnailUrl\":\"https:\\\/\\\/www.deinadieu.ch\\\/wp-content\\\/uploads\\\/2022\\\/03\\\/genetik_0065-scaled.jpg\",\"keywords\":[\"Quel effet mon h\u00e9ritage peut-il avoir ?\"],\"articleSection\":[\"Reportages\"],\"inLanguage\":\"fr-FR\",\"potentialAction\":[{\"@type\":\"CommentAction\",\"name\":\"Comment\",\"target\":[\"https:\\\/\\\/www.deinadieu.ch\\\/fr\\\/pour-beaucoup-de-gens-le-diagnostic-est-un-grand-soulagement\\\/#respond\"]}]},{\"@type\":\"WebPage\",\"@id\":\"https:\\\/\\\/www.deinadieu.ch\\\/fr\\\/pour-beaucoup-de-gens-le-diagnostic-est-un-grand-soulagement\\\/\",\"url\":\"https:\\\/\\\/www.deinadieu.ch\\\/fr\\\/pour-beaucoup-de-gens-le-diagnostic-est-un-grand-soulagement\\\/\",\"name\":\"\u00ab Pour beaucoup de gens, le diagnostic est un grand soulagement \u00bb | DeinAdieu.ch\",\"isPartOf\":{\"@id\":\"https:\\\/\\\/www.deinadieu.ch\\\/fr\\\/#website\"},\"primaryImageOfPage\":{\"@id\":\"https:\\\/\\\/www.deinadieu.ch\\\/fr\\\/pour-beaucoup-de-gens-le-diagnostic-est-un-grand-soulagement\\\/#primaryimage\"},\"image\":{\"@id\":\"https:\\\/\\\/www.deinadieu.ch\\\/fr\\\/pour-beaucoup-de-gens-le-diagnostic-est-un-grand-soulagement\\\/#primaryimage\"},\"thumbnailUrl\":\"https:\\\/\\\/www.deinadieu.ch\\\/wp-content\\\/uploads\\\/2022\\\/03\\\/genetik_0065-scaled.jpg\",\"datePublished\":\"2022-03-10T09:24:26+00:00\",\"dateModified\":\"2024-03-25T14:27:03+00:00\",\"description\":\"Unser Blog portr\u00e4tiert Professionals, Betroffene und Angeh\u00f6rige rund um die Themen Selbstbestimmung, dritter Lebensabschnitt, Vorsorge und Testamentspende zugunsten eines Hilfswerks.\",\"breadcrumb\":{\"@id\":\"https:\\\/\\\/www.deinadieu.ch\\\/fr\\\/pour-beaucoup-de-gens-le-diagnostic-est-un-grand-soulagement\\\/#breadcrumb\"},\"inLanguage\":\"fr-FR\",\"potentialAction\":[{\"@type\":\"ReadAction\",\"target\":[\"https:\\\/\\\/www.deinadieu.ch\\\/fr\\\/pour-beaucoup-de-gens-le-diagnostic-est-un-grand-soulagement\\\/\"]}]},{\"@type\":\"ImageObject\",\"inLanguage\":\"fr-FR\",\"@id\":\"https:\\\/\\\/www.deinadieu.ch\\\/fr\\\/pour-beaucoup-de-gens-le-diagnostic-est-un-grand-soulagement\\\/#primaryimage\",\"url\":\"https:\\\/\\\/www.deinadieu.ch\\\/wp-content\\\/uploads\\\/2022\\\/03\\\/genetik_0065-scaled.jpg\",\"contentUrl\":\"https:\\\/\\\/www.deinadieu.ch\\\/wp-content\\\/uploads\\\/2022\\\/03\\\/genetik_0065-scaled.jpg\",\"width\":2560,\"height\":1706,\"caption\":\"\u00ab Savoir que nous pouvons aider les gens nous motive \u00bb, explique Caroline Henggeler, g\u00e9n\u00e9ticienne m\u00e9dicale \u00e0 la fondation pour les personnes atteintes de maladies rares. Photos : Djamila Grossmann\"},{\"@type\":\"BreadcrumbList\",\"@id\":\"https:\\\/\\\/www.deinadieu.ch\\\/fr\\\/pour-beaucoup-de-gens-le-diagnostic-est-un-grand-soulagement\\\/#breadcrumb\",\"itemListElement\":[{\"@type\":\"ListItem\",\"position\":1,\"name\":\"Home\",\"item\":\"https:\\\/\\\/www.deinadieu.ch\\\/fr\\\/deinadieu-dialog-und-serviceportal-zum-lebensende\\\/\"},{\"@type\":\"ListItem\",\"position\":2,\"name\":\"\u00ab Pour beaucoup de gens, le diagnostic est un grand soulagement \u00bb\"}]},{\"@type\":\"WebSite\",\"@id\":\"https:\\\/\\\/www.deinadieu.ch\\\/fr\\\/#website\",\"url\":\"https:\\\/\\\/www.deinadieu.ch\\\/fr\\\/\",\"name\":\"DeinAdieu.ch\",\"description\":\"Testament, Patientenverf\u00fcgung und Vorsorgeauftrag\",\"publisher\":{\"@id\":\"https:\\\/\\\/www.deinadieu.ch\\\/fr\\\/#organization\"},\"potentialAction\":[{\"@type\":\"SearchAction\",\"target\":{\"@type\":\"EntryPoint\",\"urlTemplate\":\"https:\\\/\\\/www.deinadieu.ch\\\/fr\\\/?s={search_term_string}\"},\"query-input\":{\"@type\":\"PropertyValueSpecification\",\"valueRequired\":true,\"valueName\":\"search_term_string\"}}],\"inLanguage\":\"fr-FR\"},{\"@type\":\"Organization\",\"@id\":\"https:\\\/\\\/www.deinadieu.ch\\\/fr\\\/#organization\",\"name\":\"EMNA Web GmbH\",\"url\":\"https:\\\/\\\/www.deinadieu.ch\\\/fr\\\/\",\"logo\":{\"@type\":\"ImageObject\",\"inLanguage\":\"fr-FR\",\"@id\":\"https:\\\/\\\/www.deinadieu.ch\\\/fr\\\/#\\\/schema\\\/logo\\\/image\\\/\",\"url\":\"https:\\\/\\\/www.deinadieu.ch\\\/wp-content\\\/uploads\\\/2016\\\/01\\\/DeinAdieu_Logo.png\",\"contentUrl\":\"https:\\\/\\\/www.deinadieu.ch\\\/wp-content\\\/uploads\\\/2016\\\/01\\\/DeinAdieu_Logo.png\",\"width\":300,\"height\":117,\"caption\":\"EMNA Web GmbH\"},\"image\":{\"@id\":\"https:\\\/\\\/www.deinadieu.ch\\\/fr\\\/#\\\/schema\\\/logo\\\/image\\\/\"},\"sameAs\":[\"https:\\\/\\\/www.facebook.com\\\/deinadieu\",\"https:\\\/\\\/x.com\\\/DeinAdieu\",\"https:\\\/\\\/www.instagram.com\\\/deinadieu\\\/\",\"https:\\\/\\\/www.linkedin.com\\\/company\\\/deinadieu.ch\"]},{\"@type\":\"Person\",\"@id\":\"https:\\\/\\\/www.deinadieu.ch\\\/fr\\\/#\\\/schema\\\/person\\\/78cffe1cb679e17f919e3d0c0e7b9673\",\"name\":\"Janina Gehrig, MA UZH, Redaktorin\",\"image\":{\"@type\":\"ImageObject\",\"inLanguage\":\"fr-FR\",\"@id\":\"https:\\\/\\\/secure.gravatar.com\\\/avatar\\\/8bfc4dca12cd7c0a0373c12f34587d1f6a6117903e7ecc0035863bd69df6fb07?s=96&d=mm&r=g\",\"url\":\"https:\\\/\\\/secure.gravatar.com\\\/avatar\\\/8bfc4dca12cd7c0a0373c12f34587d1f6a6117903e7ecc0035863bd69df6fb07?s=96&d=mm&r=g\",\"contentUrl\":\"https:\\\/\\\/secure.gravatar.com\\\/avatar\\\/8bfc4dca12cd7c0a0373c12f34587d1f6a6117903e7ecc0035863bd69df6fb07?s=96&d=mm&r=g\",\"caption\":\"Janina Gehrig, MA UZH, Redaktorin\"},\"url\":\"https:\\\/\\\/www.deinadieu.ch\\\/fr\\\/author\\\/janinagehrig\\\/\"}]}<\/script>","yoast_head_json":{"title":"\u00ab Pour beaucoup de gens, le diagnostic est un grand soulagement \u00bb | DeinAdieu.ch","description":"Unser Blog portr\u00e4tiert Professionals, Betroffene und Angeh\u00f6rige rund um die Themen Selbstbestimmung, dritter Lebensabschnitt, Vorsorge und Testamentspende zugunsten eines Hilfswerks.","robots":{"index":"index","follow":"follow","max-snippet":"max-snippet:-1","max-image-preview":"max-image-preview:large","max-video-preview":"max-video-preview:-1"},"canonical":"https:\/\/www.deinadieu.ch\/fr\/pour-beaucoup-de-gens-le-diagnostic-est-un-grand-soulagement\/","og_locale":"fr_FR","og_type":"article","og_title":"\u00ab Pour beaucoup de gens, le diagnostic est un grand soulagement \u00bb","og_description":"En Suisse, environ 500'000 personnes sont touch\u00e9es par une maladie rare. Beaucoup d'entre elles passent de m\u00e9decin en m\u00e9decin et, pendant des ann\u00e9es,","og_url":"https:\/\/www.deinadieu.ch\/fr\/pour-beaucoup-de-gens-le-diagnostic-est-un-grand-soulagement\/","og_site_name":"DeinAdieu.ch","article_publisher":"https:\/\/www.facebook.com\/deinadieu","article_published_time":"2022-03-10T09:24:26+00:00","article_modified_time":"2024-03-25T14:27:03+00:00","og_image":[{"width":2560,"height":1706,"url":"https:\/\/static.deinadieu.ch\/uploads\/2022\/03\/genetik_0065-scaled.jpg","type":"image\/jpeg"}],"author":"Janina Gehrig, MA UZH, Redaktorin","twitter_card":"summary_large_image","twitter_creator":"@DeinAdieu","twitter_site":"@DeinAdieu","twitter_misc":{"Written by":"Janina Gehrig, MA UZH, Redaktorin","Est. reading time":"8 minutes"},"schema":{"@context":"https:\/\/schema.org","@graph":[{"@type":"Article","@id":"https:\/\/www.deinadieu.ch\/fr\/pour-beaucoup-de-gens-le-diagnostic-est-un-grand-soulagement\/#article","isPartOf":{"@id":"https:\/\/www.deinadieu.ch\/fr\/pour-beaucoup-de-gens-le-diagnostic-est-un-grand-soulagement\/"},"author":{"name":"Janina Gehrig, MA UZH, Redaktorin","@id":"https:\/\/www.deinadieu.ch\/fr\/#\/schema\/person\/78cffe1cb679e17f919e3d0c0e7b9673"},"headline":"\u00ab Pour beaucoup de gens, le diagnostic est un grand soulagement \u00bb","datePublished":"2022-03-10T09:24:26+00:00","dateModified":"2024-03-25T14:27:03+00:00","mainEntityOfPage":{"@id":"https:\/\/www.deinadieu.ch\/fr\/pour-beaucoup-de-gens-le-diagnostic-est-un-grand-soulagement\/"},"wordCount":1668,"commentCount":0,"publisher":{"@id":"https:\/\/www.deinadieu.ch\/fr\/#organization"},"image":{"@id":"https:\/\/www.deinadieu.ch\/fr\/pour-beaucoup-de-gens-le-diagnostic-est-un-grand-soulagement\/#primaryimage"},"thumbnailUrl":"https:\/\/www.deinadieu.ch\/wp-content\/uploads\/2022\/03\/genetik_0065-scaled.jpg","keywords":["Quel effet mon h\u00e9ritage peut-il avoir ?"],"articleSection":["Reportages"],"inLanguage":"fr-FR","potentialAction":[{"@type":"CommentAction","name":"Comment","target":["https:\/\/www.deinadieu.ch\/fr\/pour-beaucoup-de-gens-le-diagnostic-est-un-grand-soulagement\/#respond"]}]},{"@type":"WebPage","@id":"https:\/\/www.deinadieu.ch\/fr\/pour-beaucoup-de-gens-le-diagnostic-est-un-grand-soulagement\/","url":"https:\/\/www.deinadieu.ch\/fr\/pour-beaucoup-de-gens-le-diagnostic-est-un-grand-soulagement\/","name":"\u00ab Pour beaucoup de gens, le diagnostic est un grand soulagement \u00bb | DeinAdieu.ch","isPartOf":{"@id":"https:\/\/www.deinadieu.ch\/fr\/#website"},"primaryImageOfPage":{"@id":"https:\/\/www.deinadieu.ch\/fr\/pour-beaucoup-de-gens-le-diagnostic-est-un-grand-soulagement\/#primaryimage"},"image":{"@id":"https:\/\/www.deinadieu.ch\/fr\/pour-beaucoup-de-gens-le-diagnostic-est-un-grand-soulagement\/#primaryimage"},"thumbnailUrl":"https:\/\/www.deinadieu.ch\/wp-content\/uploads\/2022\/03\/genetik_0065-scaled.jpg","datePublished":"2022-03-10T09:24:26+00:00","dateModified":"2024-03-25T14:27:03+00:00","description":"Unser Blog portr\u00e4tiert Professionals, Betroffene und Angeh\u00f6rige rund um die Themen Selbstbestimmung, dritter Lebensabschnitt, Vorsorge und Testamentspende zugunsten eines Hilfswerks.","breadcrumb":{"@id":"https:\/\/www.deinadieu.ch\/fr\/pour-beaucoup-de-gens-le-diagnostic-est-un-grand-soulagement\/#breadcrumb"},"inLanguage":"fr-FR","potentialAction":[{"@type":"ReadAction","target":["https:\/\/www.deinadieu.ch\/fr\/pour-beaucoup-de-gens-le-diagnostic-est-un-grand-soulagement\/"]}]},{"@type":"ImageObject","inLanguage":"fr-FR","@id":"https:\/\/www.deinadieu.ch\/fr\/pour-beaucoup-de-gens-le-diagnostic-est-un-grand-soulagement\/#primaryimage","url":"https:\/\/www.deinadieu.ch\/wp-content\/uploads\/2022\/03\/genetik_0065-scaled.jpg","contentUrl":"https:\/\/www.deinadieu.ch\/wp-content\/uploads\/2022\/03\/genetik_0065-scaled.jpg","width":2560,"height":1706,"caption":"\u00ab Savoir que nous pouvons aider les gens nous motive \u00bb, explique Caroline Henggeler, g\u00e9n\u00e9ticienne m\u00e9dicale \u00e0 la fondation pour les personnes atteintes de maladies rares. Photos : Djamila Grossmann"},{"@type":"BreadcrumbList","@id":"https:\/\/www.deinadieu.ch\/fr\/pour-beaucoup-de-gens-le-diagnostic-est-un-grand-soulagement\/#breadcrumb","itemListElement":[{"@type":"ListItem","position":1,"name":"Home","item":"https:\/\/www.deinadieu.ch\/fr\/deinadieu-dialog-und-serviceportal-zum-lebensende\/"},{"@type":"ListItem","position":2,"name":"\u00ab Pour beaucoup de gens, le diagnostic est un grand soulagement \u00bb"}]},{"@type":"WebSite","@id":"https:\/\/www.deinadieu.ch\/fr\/#website","url":"https:\/\/www.deinadieu.ch\/fr\/","name":"DeinAdieu.ch","description":"Testament, Patientenverf\u00fcgung und Vorsorgeauftrag","publisher":{"@id":"https:\/\/www.deinadieu.ch\/fr\/#organization"},"potentialAction":[{"@type":"SearchAction","target":{"@type":"EntryPoint","urlTemplate":"https:\/\/www.deinadieu.ch\/fr\/?s={search_term_string}"},"query-input":{"@type":"PropertyValueSpecification","valueRequired":true,"valueName":"search_term_string"}}],"inLanguage":"fr-FR"},{"@type":"Organization","@id":"https:\/\/www.deinadieu.ch\/fr\/#organization","name":"EMNA Web GmbH","url":"https:\/\/www.deinadieu.ch\/fr\/","logo":{"@type":"ImageObject","inLanguage":"fr-FR","@id":"https:\/\/www.deinadieu.ch\/fr\/#\/schema\/logo\/image\/","url":"https:\/\/www.deinadieu.ch\/wp-content\/uploads\/2016\/01\/DeinAdieu_Logo.png","contentUrl":"https:\/\/www.deinadieu.ch\/wp-content\/uploads\/2016\/01\/DeinAdieu_Logo.png","width":300,"height":117,"caption":"EMNA Web GmbH"},"image":{"@id":"https:\/\/www.deinadieu.ch\/fr\/#\/schema\/logo\/image\/"},"sameAs":["https:\/\/www.facebook.com\/deinadieu","https:\/\/x.com\/DeinAdieu","https:\/\/www.instagram.com\/deinadieu\/","https:\/\/www.linkedin.com\/company\/deinadieu.ch"]},{"@type":"Person","@id":"https:\/\/www.deinadieu.ch\/fr\/#\/schema\/person\/78cffe1cb679e17f919e3d0c0e7b9673","name":"Janina Gehrig, MA UZH, Redaktorin","image":{"@type":"ImageObject","inLanguage":"fr-FR","@id":"https:\/\/secure.gravatar.com\/avatar\/8bfc4dca12cd7c0a0373c12f34587d1f6a6117903e7ecc0035863bd69df6fb07?s=96&d=mm&r=g","url":"https:\/\/secure.gravatar.com\/avatar\/8bfc4dca12cd7c0a0373c12f34587d1f6a6117903e7ecc0035863bd69df6fb07?s=96&d=mm&r=g","contentUrl":"https:\/\/secure.gravatar.com\/avatar\/8bfc4dca12cd7c0a0373c12f34587d1f6a6117903e7ecc0035863bd69df6fb07?s=96&d=mm&r=g","caption":"Janina Gehrig, MA UZH, Redaktorin"},"url":"https:\/\/www.deinadieu.ch\/fr\/author\/janinagehrig\/"}]}},"_links":{"self":[{"href":"https:\/\/www.deinadieu.ch\/fr\/wp-json\/wp\/v2\/posts\/56733","targetHints":{"allow":["GET"]}}],"collection":[{"href":"https:\/\/www.deinadieu.ch\/fr\/wp-json\/wp\/v2\/posts"}],"about":[{"href":"https:\/\/www.deinadieu.ch\/fr\/wp-json\/wp\/v2\/types\/post"}],"author":[{"embeddable":true,"href":"https:\/\/www.deinadieu.ch\/fr\/wp-json\/wp\/v2\/users\/6028"}],"replies":[{"embeddable":true,"href":"https:\/\/www.deinadieu.ch\/fr\/wp-json\/wp\/v2\/comments?post=56733"}],"version-history":[{"count":11,"href":"https:\/\/www.deinadieu.ch\/fr\/wp-json\/wp\/v2\/posts\/56733\/revisions"}],"predecessor-version":[{"id":67215,"href":"https:\/\/www.deinadieu.ch\/fr\/wp-json\/wp\/v2\/posts\/56733\/revisions\/67215"}],"wp:featuredmedia":[{"embeddable":true,"href":"https:\/\/www.deinadieu.ch\/fr\/wp-json\/wp\/v2\/media\/55771"}],"wp:attachment":[{"href":"https:\/\/www.deinadieu.ch\/fr\/wp-json\/wp\/v2\/media?parent=56733"}],"wp:term":[{"taxonomy":"category","embeddable":true,"href":"https:\/\/www.deinadieu.ch\/fr\/wp-json\/wp\/v2\/categories?post=56733"},{"taxonomy":"post_tag","embeddable":true,"href":"https:\/\/www.deinadieu.ch\/fr\/wp-json\/wp\/v2\/tags?post=56733"}],"curies":[{"name":"wp","href":"https:\/\/api.w.org\/{rel}","templated":true}]}}