{"id":56697,"date":"2022-03-29T07:15:57","date_gmt":"2022-03-29T05:15:57","guid":{"rendered":"https:\/\/www.deinadieu.ch\/la-chance-de-reprendre-pied-dans-la-vie\/"},"modified":"2024-06-24T08:33:31","modified_gmt":"2024-06-24T06:33:31","slug":"la-chance-de-reprendre-pied-dans-la-vie","status":"publish","type":"post","link":"https:\/\/www.deinadieu.ch\/fr\/la-chance-de-reprendre-pied-dans-la-vie\/","title":{"rendered":"La chance de reprendre pied dans la vie"},"content":{"rendered":"\n<p>La fondation zurichoise zsge aide les personnes qui sortent de prison, qui souffrent de troubles psychiques ou qui ont un probl\u00e8me d&#8217;addiction \u00e0 retrouver une vie normale. Dans l&#8217;atelier de la fondation, beaucoup d&#8217;entre elles ont \u00e9t\u00e9 valoris\u00e9es pour la premi\u00e8re fois, explique le directeur Edgar Rutishauser. Il a lui-m\u00eame beaucoup appris des personnes qui se trouvent du c\u00f4t\u00e9 obscur de la vie. <\/p>\n\n<!--more-->\n\n<figure class=\"wp-block-image size-large\"><img loading=\"lazy\" decoding=\"async\" width=\"1024\" height=\"683\" src=\"https:\/\/www.deinadieu.ch\/wp-content\/uploads\/2022\/03\/ZSGE_0065-1024x683.jpg\" alt=\"\" class=\"wp-image-55896\" srcset=\"https:\/\/www.deinadieu.ch\/wp-content\/uploads\/2022\/03\/ZSGE_0065-1024x683.jpg 1024w, https:\/\/www.deinadieu.ch\/wp-content\/uploads\/2022\/03\/ZSGE_0065-300x200.jpg 300w, https:\/\/www.deinadieu.ch\/wp-content\/uploads\/2022\/03\/ZSGE_0065-1536x1024.jpg 1536w, https:\/\/www.deinadieu.ch\/wp-content\/uploads\/2022\/03\/ZSGE_0065-2048x1365.jpg 2048w\" sizes=\"auto, (max-width: 1024px) 100vw, 1024px\" \/><figcaption class=\"wp-element-caption\">Edgar Rutishauser est le directeur de la fondation zsge. Photos : Djamila Grossmann<\/figcaption><\/figure>\n\n<p>La fondation zsge a pour mission fondamentale la resocialisation et l&#8217;int\u00e9gration de personnes en conflit avec la justice.<\/p>\n\n<p><strong>Qui vient chercher un soutien et des conseils aupr\u00e8s de vous, Monsieur Rutishauser ?<\/strong><\/p>\n\n<p>Nous soutenons ceux qui viennent de sortir de prison lorsqu&#8217;ils doivent trouver un nouveau logement ou un nouvel emploi. Nos clients \u2013 ce sont principalement des hommes, il n&#8217;y a que quelques femmes \u2013 ont souvent commis des d\u00e9lits li\u00e9s \u00e0 l&#8217;acquisition de biens tels que des cambriolages, des vols ou des l\u00e9sions corporelles simples et il s&#8217;agit souvent de r\u00e9cidivistes. D\u00e9sormais, nous comptons aussi parmi nos clients des personnes ayant des parcours de vie difficiles mais qui ne se sont pas retrouv\u00e9es aux prises avec la justice. Il s&#8217;agit en particulier de personnes souffrant d&#8217;une addiction, de personnes souffrant de troubles psychiques ou de personnes issues de familles bris\u00e9es. Nous offrons ainsi durablement aux gens une chance de reprendre pied dans une vie ordonn\u00e9e. Nous essayons de planifier leur avenir avec eux, de chercher des perspectives professionnelles. L&#8217;objectif est qu&#8217;ils puissent \u00e0 nouveau mener une vie autod\u00e9termin\u00e9e et constructive.<\/p>\n\n<p><strong>Les gens viennent-ils aupr\u00e8s de vous de mani\u00e8re volontaire ?<\/strong><\/p>\n\n<p>Nous n&#8217;accueillons pas seulement des personnes issues du syst\u00e8me p\u00e9nitentiaire, mais \u00e9galement des personnes envoy\u00e9es par les services sociaux. Il s&#8217;agit de personnes qui doivent par exemple \u00eatre r\u00e9int\u00e9gr\u00e9es dans le march\u00e9 du travail ou qui ont besoin d&#8217;une structure de logement r\u00e9glement\u00e9e. Cependant, pour que nous puissions aider, il faut que les gens soient pr\u00eats \u00e0 respecter des r\u00e8gles et \u00e0 coop\u00e9rer. Ils doivent avoir la volont\u00e9 de faire ce pas vers une nouvelle vie et d&#8217;accepter des changements.<\/p>\n\n<p><strong>Comment faits-vous pour le savoir ?<\/strong><\/p>\n\n<p>Dans notre complexe r\u00e9sidentiel \u00ab Waffenplatz45 \u00bb, nous travaillons avec un concept en quatre phases. Au d\u00e9but, nous \u00e9valuons \u00e0 quel point la personne est pr\u00eate et m\u00fbre. Certains ont besoin d&#8217;une nouvelle boucle et se retrouvent par exemple \u00e0 nouveau dans la rue. D&#8217;autres quittent notre \u00e9tablissement, car la pression d&#8217;adaptation est trop forte pour eux. Ils se tournent vers d&#8217;autres \u00e9tablissements qui sont mieux adapt\u00e9s.<\/p>\n\n<p><strong>En moyenne, combien de temps une personne habite-t-elle \u00e0 \u00ab Waffenplatz45 \u00bb ?<\/strong><\/p>\n\n<p>En g\u00e9n\u00e9ral, les gens restent chez nous pendant un an et demi ou deux ans avant d&#8217;emm\u00e9nager dans leur propre appartement. Il y a toutefois des exceptions : le plus ancien vit chez nous depuis douze ans.<\/p>\n\n<p><strong>Vous avez un complexe r\u00e9sidentiel et un atelier de travail. Comment fonctionnent les deux services ?<\/strong><\/p>\n\n<p>Nous avons diff\u00e9rents appartements dans la r\u00e9sidence \u00ab Waffenplatz45 \u00bb. Les gens vivent \u00e0 trois dans une colocation dont ils doivent s&#8217;accommoder. Ils doivent s&#8217;occuper eux-m\u00eames du m\u00e9nage et nous les accompagnons dans cette t\u00e2che, nous organisons des r\u00e9unions, faisons des contr\u00f4les de chambre et il y a des \u00e9v\u00e9nements communs. Certains clients ont des charges impos\u00e9es par la justice, sur lesquelles nous devons garder un \u0153il. Dans notre atelier de travail \u00ab Werkraum4 \u00bb, les personnes qui vivent chez nous re\u00e7oivent tr\u00e8s rapidement une structure de travail r\u00e9glement\u00e9e. Ils peuvent y travailler imm\u00e9diatement. En outre, nous proposons \u00e9galement des travaux d&#8217;int\u00e9r\u00eat g\u00e9n\u00e9ral au Werkraum4 : au lieu de purger de courtes peines de prison, les gens peuvent s&#8217;en acquitter en travaillant chez nous. Ceux qui ne peuvent pas payer leur amende pour des raisons financi\u00e8res ont chez nous la possibilit\u00e9 de s&#8217;en acquitter \u00e9galement sous forme de travail d&#8217;int\u00e9r\u00eat g\u00e9n\u00e9ral.<\/p>\n\n<p><strong>Quels travaux les gens effectuent-ils ?<\/strong><\/p>\n\n<p>Dans l&#8217;atelier de recyclage, on recycle principalement des d\u00e9chets \u00e9lectroniques. Dans l&#8217;atelier, nous fabriquons diff\u00e9rents produits de vente \u00e0 partir de mat\u00e9riaux recycl\u00e9s et ces produits sont ensuite vendus sous nos deux labels recyclingArt et Lerski.<\/p>\n\n<div class=\"wp-block-group is-layout-flow wp-block-group-is-layout-flow\">\n<figure class=\"wp-block-image size-large is-style-default\"><img loading=\"lazy\" decoding=\"async\" width=\"1024\" height=\"683\" src=\"https:\/\/www.deinadieu.ch\/wp-content\/uploads\/2022\/03\/ZSGE_0003-1024x683.jpg\" alt=\"\" class=\"wp-image-55900\" srcset=\"https:\/\/www.deinadieu.ch\/wp-content\/uploads\/2022\/03\/ZSGE_0003-1024x683.jpg 1024w, https:\/\/www.deinadieu.ch\/wp-content\/uploads\/2022\/03\/ZSGE_0003-300x200.jpg 300w, https:\/\/www.deinadieu.ch\/wp-content\/uploads\/2022\/03\/ZSGE_0003-1536x1024.jpg 1536w, https:\/\/www.deinadieu.ch\/wp-content\/uploads\/2022\/03\/ZSGE_0003-2048x1366.jpg 2048w\" sizes=\"auto, (max-width: 1024px) 100vw, 1024px\" \/><\/figure>\n<\/div>\n\n<p><strong>Quelle est l&#8217;ambiance entre les clientes et les clients ?<\/strong><\/p>\n\n<p>Les choses se passent souvent de mani\u00e8re tr\u00e8s studieuse et paisible. Apr\u00e8s un premier \u00e9cueil de d\u00e9part, les gens trouvent le travail sens\u00e9 et utile. Ils appr\u00e9cient d&#8217;avoir une structure quotidienne, de trouver un sens \u00e0 la fabrication de quelque chose qui peut \u00e9galement \u00eatre vendu. Certains s&#8217;y investissent beaucoup.<\/p>\n\n<p><strong>Le travail est-il r\u00e9mun\u00e9r\u00e9 ?<\/strong><\/p>\n\n<p>Ceux qui purgent une peine de travail d&#8217;int\u00e9r\u00eat g\u00e9n\u00e9ral ne gagnent rien mais ceux qui viennent des services sociaux re\u00e7oivent une allocation d&#8217;int\u00e9gration.<\/p>\n\n<p><strong>Selon vous, quand la r\u00e9int\u00e9gration est-elle r\u00e9ussie ?<\/strong><\/p>\n\n<p>La r\u00e9ussite, c&#8217;est quand les gens sont pass\u00e9s par un processus et qu&#8217;ils ont d\u00e9velopp\u00e9 la conscience d&#8217;\u00eatre responsables de leur vie. Souvent, ils y parviennent parce qu&#8217;ils ressentent enfin de l&#8217;estime et de la reconnaissance pour ce qu&#8217;ils font. Beaucoup d&#8217;entre eux n&#8217;avaient jamais \u00e9t\u00e9 r\u00e9compens\u00e9s auparavant. C&#8217;est nouveau pour eux d&#8217;\u00eatre accept\u00e9s et accueillis et d&#8217;avoir de l&#8217;espace. Cependant, il est difficile de mesurer r\u00e9ellement la r\u00e9ussite \u00e0 long terme, par exemple en ce qui concerne le taux de r\u00e9cidive des d\u00e9lits.<\/p>\n\n<p><strong>Qu&#8217;appr\u00e9ciez-vous le plus dans votre travail ?<\/strong><\/p>\n\n<p>Cela fait maintenant huit ans que je suis ici. J&#8217;aime l&#8217;authenticit\u00e9 et le c\u00f4t\u00e9 r\u00e9el de ce travail avec les gens. On est tr\u00e8s proche du pouls de la vie, on a un aper\u00e7u des c\u00f4t\u00e9s obscurs de la vie et on peut faire changer les choses. J&#8217;apprends beaucoup de ces personnes qui sont marqu\u00e9es par la vie.<\/p>\n\n<p><strong>Pouvez-vous donner un exemple ?<\/strong><\/p>\n\n<p>Gr\u00e2ce aux diff\u00e9rents destins humains auxquels je suis confront\u00e9, je parviens de mieux en mieux \u00e0 relativiser mes propres probl\u00e8mes et \u00e0 accorder plus d&#8217;attention aux choses positives. J&#8217;ai \u00e9galement appris \u00e0 appr\u00e9cier les petits pas dans un processus de changement.<\/p>\n\n\n        <div class=\"da-servicebox relative bg-gray-200 p-4 pt-8 border-solid border-t-8 border-da-dark mb-6\">\n            <i class=\"fas fa-info-circle mx-auto fa-7x text-da-dark\"><\/i>\n            <span style=\"hyphens: auto\">\n                 La fondation zsge a \u00e9t\u00e9 cr\u00e9\u00e9e en 1975. Le pr\u00e9d\u00e9cesseur de la fondation zsge \u00e9tait le \u00ab Z\u00fcrcherischer Schutzverein \u00bb, qui, au 19\u00e8me si\u00e8cle d\u00e9j\u00e0, s&#8217;engageait pour les besoins sociaux, en particulier pour le soutien et la r\u00e9insertion de personnes d\u00e9favoris\u00e9es comme les anciens d\u00e9tenus. La fondation est dirig\u00e9e par le directeur g\u00e9n\u00e9ral Edgar Rutishauser, \u00e0 qui incombe la responsabilit\u00e9 globale des entreprises <a href=\"http:\/\/werkraum4.ch\/\" target=\"_blank\" rel=\"noreferrer noopener\">Werkraum4<\/a> (travail), <a href=\"http:\/\/waffenplatz45.ch\/\" target=\"_blank\" rel=\"noreferrer noopener\">Waffenplatz45<\/a> (habitat) et du <a href=\"http:\/\/bussenanlaufstelle.ch\/\" target=\"_blank\" rel=\"noreferrer noopener\">point de contact de conversion des amendes<\/a> ainsi que des deux labels de vente <a href=\"http:\/\/recyclingart.ch\/\" target=\"_blank\" rel=\"noreferrer noopener\">recyclingArt<\/a> et <a href=\"http:\/\/lerski.ch\/\" target=\"_blank\" rel=\"noreferrer noopener\">Lerski<\/a>.<\/p>\n\n<p><strong>Comment la fondation zsge est-elle financ\u00e9e ?<\/strong><\/p>\n\n<p>Environ 88% de nos fonds proviennent de contrats de prestations pass\u00e9s avec les pouvoirs publics, c&#8217;est-\u00e0-dire de la justice et des services sociaux. Le produit de la vente des produits que nous fabriquons constitue une petite partie de nos sources de financement et bien s\u00fbr nous sommes \u00e9galement financ\u00e9s gr\u00e2ce <a href=\"https:\/\/app.deinadieu.ch\/da\/testament\/7585\">aux dons et aux legs<\/a>.<\/p>\n\n<p><strong>Quelle est l&#8217;importance des dons et des legs pour la fondation ?<\/strong><\/p>\n\n<p>Ils repr\u00e9sentent environ dix pour cent de nos fonds et constituent une source importante de revenus, car nous faisons nous-m\u00eames des dons \u00e9galement. Les personnes dans le besoin peuvent d\u00e9poser des demandes aupr\u00e8s de nous si elles connaissent des difficult\u00e9s financi\u00e8res. Nous les aidons par exemple \u00e0 suivre une formation continue ou \u00e0 payer l&#8217;examen de conduite afin qu&#8217;elles puissent travailler comme chauffeur de taxi ou dans la vente. Nous avons \u00e9galement besoin d&#8217;argent pour des projets tels que le d\u00e9veloppement de nos canaux de vente ou la cr\u00e9ation de places de logement suppl\u00e9mentaires pour notre client\u00e8le.<\/p>\n\n<p><strong>Qui fait des dons \u00e0 la fondation zsge ?<\/strong><\/p>\n\n<p>Parmi les donateurs, on trouve de nombreux particuliers, des institutions eccl\u00e9siastiques ou des entreprises qui consid\u00e8rent que notre mission de r\u00e9int\u00e9gration a du sens. Les l\u00e9gataires sont souvent des personnes qui avaient un lien avec la justice par le biais de leurs proches ou de leurs connaissances. Ils veulent dire merci, donner quelque chose en retour. \n                \n                \n            <\/span>\n        <\/div>\n        \n\n<div class=\"wp-block-buttons is-layout-flex wp-block-buttons-is-layout-flex\">\n<div class=\"wp-block-button\"><a class=\"wp-block-button__link wp-element-button\" href=\"https:\/\/app.deinadieu.ch\/da\/testament\/7585\">Inclure la fondation zsge dans son testament<\/a><\/div>\n<\/div>\n\n<p>Pour en savoir plus sur la fondation zsge <a href=\"https:\/\/www.deinadieu.ch\/hilfswerke\/stiftung-zsge\/\">: https:\/\/www.deinadieu.ch\/hilfswerke\/stiftung-zsge\/<\/a> et dans <a href=\"https:\/\/www.deinadieu.ch\/fr\/par-mon-travail-japporte-une-contribution-utile-aux-personnes-en-afrique-cela-me-motive\/\">cet article<\/a>.<\/p>\n\n<div style=\"height:40px\" aria-hidden=\"true\" class=\"wp-block-spacer\"><\/div>\n\n<figure class=\"wp-block-image size-large\"><img loading=\"lazy\" decoding=\"async\" width=\"1024\" height=\"683\" src=\"https:\/\/www.deinadieu.ch\/wp-content\/uploads\/2022\/03\/ZSGE_0138-1-1024x683.jpg\" alt=\"\" class=\"wp-image-56214\" srcset=\"https:\/\/www.deinadieu.ch\/wp-content\/uploads\/2022\/03\/ZSGE_0138-1-1024x683.jpg 1024w, https:\/\/www.deinadieu.ch\/wp-content\/uploads\/2022\/03\/ZSGE_0138-1-300x200.jpg 300w, https:\/\/www.deinadieu.ch\/wp-content\/uploads\/2022\/03\/ZSGE_0138-1-1536x1024.jpg 1536w, https:\/\/www.deinadieu.ch\/wp-content\/uploads\/2022\/03\/ZSGE_0138-1-2048x1365.jpg 2048w\" sizes=\"auto, (max-width: 1024px) 100vw, 1024px\" \/><\/figure>\n","protected":false},"excerpt":{"rendered":"<p>La fondation zurichoise zsge aide les personnes qui sortent de prison, qui souffrent de troubles psychiques ou qui ont un probl\u00e8me d&#8217;addiction \u00e0 retrouver une vie normale. Dans l&#8217;atelier de la fondation, beaucoup d&#8217;entre elles ont \u00e9t\u00e9 valoris\u00e9es pour la premi\u00e8re fois, explique le directeur Edgar Rutishauser. Il a lui-m\u00eame beaucoup appris des personnes qui [&hellip;]<\/p>\n","protected":false},"author":6028,"featured_media":55898,"comment_status":"open","ping_status":"closed","sticky":false,"template":"","format":"standard","meta":{"_acf_changed":false,"footnotes":""},"categories":[2450],"tags":[3358,2469],"class_list":["post-56697","post","type-post","status-publish","format-standard","has-post-thumbnail","hentry","category-oeuvres-caritatives","tag-cherche","tag-quel-effet-mon-heritage-peut-il-avoir"],"acf":[],"yoast_head":"<title>La fondation zsge : reprendre pied dans la vie | DeinAdieu<\/title>\n<meta name=\"description\" content=\"La fondation zurichoise zsge redonne une structure aux personnes qui sortent de prison ou qui ont un probl\u00e8me d&#039;addiction.\" \/>\n<meta name=\"robots\" content=\"index, follow, max-snippet:-1, max-image-preview:large, max-video-preview:-1\" \/>\n<link rel=\"canonical\" href=\"https:\/\/www.deinadieu.ch\/fr\/la-chance-de-reprendre-pied-dans-la-vie\/\" \/>\n<meta property=\"og:locale\" content=\"fr_FR\" \/>\n<meta property=\"og:type\" content=\"article\" \/>\n<meta property=\"og:title\" content=\"La chance de reprendre pied dans la vie\" \/>\n<meta property=\"og:description\" content=\"La fondation zurichoise zsge aide les personnes qui sortent de prison, qui souffrent de troubles psychiques ou qui ont un probl\u00e8me d&#039;addiction \u00e0 retrouver\" \/>\n<meta property=\"og:url\" content=\"https:\/\/www.deinadieu.ch\/fr\/la-chance-de-reprendre-pied-dans-la-vie\/\" \/>\n<meta property=\"og:site_name\" content=\"DeinAdieu.ch\" \/>\n<meta property=\"article:publisher\" content=\"https:\/\/www.facebook.com\/deinadieu\" \/>\n<meta property=\"article:published_time\" content=\"2022-03-29T05:15:57+00:00\" \/>\n<meta property=\"article:modified_time\" content=\"2024-06-24T06:33:31+00:00\" \/>\n<meta property=\"og:image\" content=\"https:\/\/static.deinadieu.ch\/uploads\/2022\/03\/ZSGE_0065-scaled.jpg\" \/>\n\t<meta property=\"og:image:width\" content=\"2560\" \/>\n\t<meta property=\"og:image:height\" content=\"1707\" \/>\n\t<meta property=\"og:image:type\" content=\"image\/jpeg\" \/>\n<meta name=\"author\" content=\"Janina Gehrig, MA UZH, Redaktorin\" \/>\n<meta name=\"twitter:card\" content=\"summary_large_image\" \/>\n<meta name=\"twitter:creator\" content=\"@DeinAdieu\" \/>\n<meta name=\"twitter:site\" content=\"@DeinAdieu\" \/>\n<meta name=\"twitter:label1\" content=\"Written by\" \/>\n\t<meta name=\"twitter:data1\" content=\"Janina Gehrig, MA UZH, Redaktorin\" \/>\n\t<meta name=\"twitter:label2\" content=\"Est. reading time\" \/>\n\t<meta name=\"twitter:data2\" content=\"7 minutes\" \/>\n<script type=\"application\/ld+json\" class=\"yoast-schema-graph\">{\"@context\":\"https:\\\/\\\/schema.org\",\"@graph\":[{\"@type\":\"Article\",\"@id\":\"https:\\\/\\\/www.deinadieu.ch\\\/fr\\\/la-chance-de-reprendre-pied-dans-la-vie\\\/#article\",\"isPartOf\":{\"@id\":\"https:\\\/\\\/www.deinadieu.ch\\\/fr\\\/la-chance-de-reprendre-pied-dans-la-vie\\\/\"},\"author\":{\"name\":\"Janina Gehrig, MA UZH, Redaktorin\",\"@id\":\"https:\\\/\\\/www.deinadieu.ch\\\/fr\\\/#\\\/schema\\\/person\\\/78cffe1cb679e17f919e3d0c0e7b9673\"},\"headline\":\"La chance de reprendre pied dans la vie\",\"datePublished\":\"2022-03-29T05:15:57+00:00\",\"dateModified\":\"2024-06-24T06:33:31+00:00\",\"mainEntityOfPage\":{\"@id\":\"https:\\\/\\\/www.deinadieu.ch\\\/fr\\\/la-chance-de-reprendre-pied-dans-la-vie\\\/\"},\"wordCount\":1474,\"commentCount\":0,\"publisher\":{\"@id\":\"https:\\\/\\\/www.deinadieu.ch\\\/fr\\\/#organization\"},\"image\":{\"@id\":\"https:\\\/\\\/www.deinadieu.ch\\\/fr\\\/la-chance-de-reprendre-pied-dans-la-vie\\\/#primaryimage\"},\"thumbnailUrl\":\"https:\\\/\\\/www.deinadieu.ch\\\/wp-content\\\/uploads\\\/2022\\\/03\\\/ZSGE_0065-scaled.jpg\",\"keywords\":[\"Cherche\",\"Quel effet mon h\u00e9ritage peut-il avoir ?\"],\"articleSection\":[\"\u0152uvres caritatives en point de mire\"],\"inLanguage\":\"fr-FR\",\"potentialAction\":[{\"@type\":\"CommentAction\",\"name\":\"Comment\",\"target\":[\"https:\\\/\\\/www.deinadieu.ch\\\/fr\\\/la-chance-de-reprendre-pied-dans-la-vie\\\/#respond\"]}]},{\"@type\":\"WebPage\",\"@id\":\"https:\\\/\\\/www.deinadieu.ch\\\/fr\\\/la-chance-de-reprendre-pied-dans-la-vie\\\/\",\"url\":\"https:\\\/\\\/www.deinadieu.ch\\\/fr\\\/la-chance-de-reprendre-pied-dans-la-vie\\\/\",\"name\":\"La fondation zsge : reprendre pied dans la vie | DeinAdieu\",\"isPartOf\":{\"@id\":\"https:\\\/\\\/www.deinadieu.ch\\\/fr\\\/#website\"},\"primaryImageOfPage\":{\"@id\":\"https:\\\/\\\/www.deinadieu.ch\\\/fr\\\/la-chance-de-reprendre-pied-dans-la-vie\\\/#primaryimage\"},\"image\":{\"@id\":\"https:\\\/\\\/www.deinadieu.ch\\\/fr\\\/la-chance-de-reprendre-pied-dans-la-vie\\\/#primaryimage\"},\"thumbnailUrl\":\"https:\\\/\\\/www.deinadieu.ch\\\/wp-content\\\/uploads\\\/2022\\\/03\\\/ZSGE_0065-scaled.jpg\",\"datePublished\":\"2022-03-29T05:15:57+00:00\",\"dateModified\":\"2024-06-24T06:33:31+00:00\",\"description\":\"La fondation zurichoise zsge redonne une structure aux personnes qui sortent de prison ou qui ont un probl\u00e8me d'addiction.\",\"breadcrumb\":{\"@id\":\"https:\\\/\\\/www.deinadieu.ch\\\/fr\\\/la-chance-de-reprendre-pied-dans-la-vie\\\/#breadcrumb\"},\"inLanguage\":\"fr-FR\",\"potentialAction\":[{\"@type\":\"ReadAction\",\"target\":[\"https:\\\/\\\/www.deinadieu.ch\\\/fr\\\/la-chance-de-reprendre-pied-dans-la-vie\\\/\"]}]},{\"@type\":\"ImageObject\",\"inLanguage\":\"fr-FR\",\"@id\":\"https:\\\/\\\/www.deinadieu.ch\\\/fr\\\/la-chance-de-reprendre-pied-dans-la-vie\\\/#primaryimage\",\"url\":\"https:\\\/\\\/www.deinadieu.ch\\\/wp-content\\\/uploads\\\/2022\\\/03\\\/ZSGE_0065-scaled.jpg\",\"contentUrl\":\"https:\\\/\\\/www.deinadieu.ch\\\/wp-content\\\/uploads\\\/2022\\\/03\\\/ZSGE_0065-scaled.jpg\",\"width\":2560,\"height\":1707},{\"@type\":\"BreadcrumbList\",\"@id\":\"https:\\\/\\\/www.deinadieu.ch\\\/fr\\\/la-chance-de-reprendre-pied-dans-la-vie\\\/#breadcrumb\",\"itemListElement\":[{\"@type\":\"ListItem\",\"position\":1,\"name\":\"Home\",\"item\":\"https:\\\/\\\/www.deinadieu.ch\\\/fr\\\/deinadieu-dialog-und-serviceportal-zum-lebensende\\\/\"},{\"@type\":\"ListItem\",\"position\":2,\"name\":\"La chance de reprendre pied dans la vie\"}]},{\"@type\":\"WebSite\",\"@id\":\"https:\\\/\\\/www.deinadieu.ch\\\/fr\\\/#website\",\"url\":\"https:\\\/\\\/www.deinadieu.ch\\\/fr\\\/\",\"name\":\"DeinAdieu.ch\",\"description\":\"Testament, Patientenverf\u00fcgung und Vorsorgeauftrag\",\"publisher\":{\"@id\":\"https:\\\/\\\/www.deinadieu.ch\\\/fr\\\/#organization\"},\"potentialAction\":[{\"@type\":\"SearchAction\",\"target\":{\"@type\":\"EntryPoint\",\"urlTemplate\":\"https:\\\/\\\/www.deinadieu.ch\\\/fr\\\/?s={search_term_string}\"},\"query-input\":{\"@type\":\"PropertyValueSpecification\",\"valueRequired\":true,\"valueName\":\"search_term_string\"}}],\"inLanguage\":\"fr-FR\"},{\"@type\":\"Organization\",\"@id\":\"https:\\\/\\\/www.deinadieu.ch\\\/fr\\\/#organization\",\"name\":\"EMNA Web GmbH\",\"url\":\"https:\\\/\\\/www.deinadieu.ch\\\/fr\\\/\",\"logo\":{\"@type\":\"ImageObject\",\"inLanguage\":\"fr-FR\",\"@id\":\"https:\\\/\\\/www.deinadieu.ch\\\/fr\\\/#\\\/schema\\\/logo\\\/image\\\/\",\"url\":\"https:\\\/\\\/www.deinadieu.ch\\\/wp-content\\\/uploads\\\/2016\\\/01\\\/DeinAdieu_Logo.png\",\"contentUrl\":\"https:\\\/\\\/www.deinadieu.ch\\\/wp-content\\\/uploads\\\/2016\\\/01\\\/DeinAdieu_Logo.png\",\"width\":300,\"height\":117,\"caption\":\"EMNA Web GmbH\"},\"image\":{\"@id\":\"https:\\\/\\\/www.deinadieu.ch\\\/fr\\\/#\\\/schema\\\/logo\\\/image\\\/\"},\"sameAs\":[\"https:\\\/\\\/www.facebook.com\\\/deinadieu\",\"https:\\\/\\\/x.com\\\/DeinAdieu\",\"https:\\\/\\\/www.instagram.com\\\/deinadieu\\\/\",\"https:\\\/\\\/www.linkedin.com\\\/company\\\/deinadieu.ch\"]},{\"@type\":\"Person\",\"@id\":\"https:\\\/\\\/www.deinadieu.ch\\\/fr\\\/#\\\/schema\\\/person\\\/78cffe1cb679e17f919e3d0c0e7b9673\",\"name\":\"Janina Gehrig, MA UZH, Redaktorin\",\"image\":{\"@type\":\"ImageObject\",\"inLanguage\":\"fr-FR\",\"@id\":\"https:\\\/\\\/secure.gravatar.com\\\/avatar\\\/8bfc4dca12cd7c0a0373c12f34587d1f6a6117903e7ecc0035863bd69df6fb07?s=96&d=mm&r=g\",\"url\":\"https:\\\/\\\/secure.gravatar.com\\\/avatar\\\/8bfc4dca12cd7c0a0373c12f34587d1f6a6117903e7ecc0035863bd69df6fb07?s=96&d=mm&r=g\",\"contentUrl\":\"https:\\\/\\\/secure.gravatar.com\\\/avatar\\\/8bfc4dca12cd7c0a0373c12f34587d1f6a6117903e7ecc0035863bd69df6fb07?s=96&d=mm&r=g\",\"caption\":\"Janina Gehrig, MA UZH, Redaktorin\"},\"url\":\"https:\\\/\\\/www.deinadieu.ch\\\/fr\\\/author\\\/janinagehrig\\\/\"}]}<\/script>","yoast_head_json":{"title":"La fondation zsge : reprendre pied dans la vie | DeinAdieu","description":"La fondation zurichoise zsge redonne une structure aux personnes qui sortent de prison ou qui ont un probl\u00e8me d'addiction.","robots":{"index":"index","follow":"follow","max-snippet":"max-snippet:-1","max-image-preview":"max-image-preview:large","max-video-preview":"max-video-preview:-1"},"canonical":"https:\/\/www.deinadieu.ch\/fr\/la-chance-de-reprendre-pied-dans-la-vie\/","og_locale":"fr_FR","og_type":"article","og_title":"La chance de reprendre pied dans la vie","og_description":"La fondation zurichoise zsge aide les personnes qui sortent de prison, qui souffrent de troubles psychiques ou qui ont un probl\u00e8me d'addiction \u00e0 retrouver","og_url":"https:\/\/www.deinadieu.ch\/fr\/la-chance-de-reprendre-pied-dans-la-vie\/","og_site_name":"DeinAdieu.ch","article_publisher":"https:\/\/www.facebook.com\/deinadieu","article_published_time":"2022-03-29T05:15:57+00:00","article_modified_time":"2024-06-24T06:33:31+00:00","og_image":[{"width":2560,"height":1707,"url":"https:\/\/static.deinadieu.ch\/uploads\/2022\/03\/ZSGE_0065-scaled.jpg","type":"image\/jpeg"}],"author":"Janina Gehrig, MA UZH, Redaktorin","twitter_card":"summary_large_image","twitter_creator":"@DeinAdieu","twitter_site":"@DeinAdieu","twitter_misc":{"Written by":"Janina Gehrig, MA UZH, Redaktorin","Est. reading time":"7 minutes"},"schema":{"@context":"https:\/\/schema.org","@graph":[{"@type":"Article","@id":"https:\/\/www.deinadieu.ch\/fr\/la-chance-de-reprendre-pied-dans-la-vie\/#article","isPartOf":{"@id":"https:\/\/www.deinadieu.ch\/fr\/la-chance-de-reprendre-pied-dans-la-vie\/"},"author":{"name":"Janina Gehrig, MA UZH, Redaktorin","@id":"https:\/\/www.deinadieu.ch\/fr\/#\/schema\/person\/78cffe1cb679e17f919e3d0c0e7b9673"},"headline":"La chance de reprendre pied dans la vie","datePublished":"2022-03-29T05:15:57+00:00","dateModified":"2024-06-24T06:33:31+00:00","mainEntityOfPage":{"@id":"https:\/\/www.deinadieu.ch\/fr\/la-chance-de-reprendre-pied-dans-la-vie\/"},"wordCount":1474,"commentCount":0,"publisher":{"@id":"https:\/\/www.deinadieu.ch\/fr\/#organization"},"image":{"@id":"https:\/\/www.deinadieu.ch\/fr\/la-chance-de-reprendre-pied-dans-la-vie\/#primaryimage"},"thumbnailUrl":"https:\/\/www.deinadieu.ch\/wp-content\/uploads\/2022\/03\/ZSGE_0065-scaled.jpg","keywords":["Cherche","Quel effet mon h\u00e9ritage peut-il avoir ?"],"articleSection":["\u0152uvres caritatives en point de mire"],"inLanguage":"fr-FR","potentialAction":[{"@type":"CommentAction","name":"Comment","target":["https:\/\/www.deinadieu.ch\/fr\/la-chance-de-reprendre-pied-dans-la-vie\/#respond"]}]},{"@type":"WebPage","@id":"https:\/\/www.deinadieu.ch\/fr\/la-chance-de-reprendre-pied-dans-la-vie\/","url":"https:\/\/www.deinadieu.ch\/fr\/la-chance-de-reprendre-pied-dans-la-vie\/","name":"La fondation zsge : reprendre pied dans la vie | DeinAdieu","isPartOf":{"@id":"https:\/\/www.deinadieu.ch\/fr\/#website"},"primaryImageOfPage":{"@id":"https:\/\/www.deinadieu.ch\/fr\/la-chance-de-reprendre-pied-dans-la-vie\/#primaryimage"},"image":{"@id":"https:\/\/www.deinadieu.ch\/fr\/la-chance-de-reprendre-pied-dans-la-vie\/#primaryimage"},"thumbnailUrl":"https:\/\/www.deinadieu.ch\/wp-content\/uploads\/2022\/03\/ZSGE_0065-scaled.jpg","datePublished":"2022-03-29T05:15:57+00:00","dateModified":"2024-06-24T06:33:31+00:00","description":"La fondation zurichoise zsge redonne une structure aux personnes qui sortent de prison ou qui ont un probl\u00e8me d'addiction.","breadcrumb":{"@id":"https:\/\/www.deinadieu.ch\/fr\/la-chance-de-reprendre-pied-dans-la-vie\/#breadcrumb"},"inLanguage":"fr-FR","potentialAction":[{"@type":"ReadAction","target":["https:\/\/www.deinadieu.ch\/fr\/la-chance-de-reprendre-pied-dans-la-vie\/"]}]},{"@type":"ImageObject","inLanguage":"fr-FR","@id":"https:\/\/www.deinadieu.ch\/fr\/la-chance-de-reprendre-pied-dans-la-vie\/#primaryimage","url":"https:\/\/www.deinadieu.ch\/wp-content\/uploads\/2022\/03\/ZSGE_0065-scaled.jpg","contentUrl":"https:\/\/www.deinadieu.ch\/wp-content\/uploads\/2022\/03\/ZSGE_0065-scaled.jpg","width":2560,"height":1707},{"@type":"BreadcrumbList","@id":"https:\/\/www.deinadieu.ch\/fr\/la-chance-de-reprendre-pied-dans-la-vie\/#breadcrumb","itemListElement":[{"@type":"ListItem","position":1,"name":"Home","item":"https:\/\/www.deinadieu.ch\/fr\/deinadieu-dialog-und-serviceportal-zum-lebensende\/"},{"@type":"ListItem","position":2,"name":"La chance de reprendre pied dans la vie"}]},{"@type":"WebSite","@id":"https:\/\/www.deinadieu.ch\/fr\/#website","url":"https:\/\/www.deinadieu.ch\/fr\/","name":"DeinAdieu.ch","description":"Testament, Patientenverf\u00fcgung und Vorsorgeauftrag","publisher":{"@id":"https:\/\/www.deinadieu.ch\/fr\/#organization"},"potentialAction":[{"@type":"SearchAction","target":{"@type":"EntryPoint","urlTemplate":"https:\/\/www.deinadieu.ch\/fr\/?s={search_term_string}"},"query-input":{"@type":"PropertyValueSpecification","valueRequired":true,"valueName":"search_term_string"}}],"inLanguage":"fr-FR"},{"@type":"Organization","@id":"https:\/\/www.deinadieu.ch\/fr\/#organization","name":"EMNA Web GmbH","url":"https:\/\/www.deinadieu.ch\/fr\/","logo":{"@type":"ImageObject","inLanguage":"fr-FR","@id":"https:\/\/www.deinadieu.ch\/fr\/#\/schema\/logo\/image\/","url":"https:\/\/www.deinadieu.ch\/wp-content\/uploads\/2016\/01\/DeinAdieu_Logo.png","contentUrl":"https:\/\/www.deinadieu.ch\/wp-content\/uploads\/2016\/01\/DeinAdieu_Logo.png","width":300,"height":117,"caption":"EMNA Web GmbH"},"image":{"@id":"https:\/\/www.deinadieu.ch\/fr\/#\/schema\/logo\/image\/"},"sameAs":["https:\/\/www.facebook.com\/deinadieu","https:\/\/x.com\/DeinAdieu","https:\/\/www.instagram.com\/deinadieu\/","https:\/\/www.linkedin.com\/company\/deinadieu.ch"]},{"@type":"Person","@id":"https:\/\/www.deinadieu.ch\/fr\/#\/schema\/person\/78cffe1cb679e17f919e3d0c0e7b9673","name":"Janina Gehrig, MA UZH, Redaktorin","image":{"@type":"ImageObject","inLanguage":"fr-FR","@id":"https:\/\/secure.gravatar.com\/avatar\/8bfc4dca12cd7c0a0373c12f34587d1f6a6117903e7ecc0035863bd69df6fb07?s=96&d=mm&r=g","url":"https:\/\/secure.gravatar.com\/avatar\/8bfc4dca12cd7c0a0373c12f34587d1f6a6117903e7ecc0035863bd69df6fb07?s=96&d=mm&r=g","contentUrl":"https:\/\/secure.gravatar.com\/avatar\/8bfc4dca12cd7c0a0373c12f34587d1f6a6117903e7ecc0035863bd69df6fb07?s=96&d=mm&r=g","caption":"Janina Gehrig, MA UZH, Redaktorin"},"url":"https:\/\/www.deinadieu.ch\/fr\/author\/janinagehrig\/"}]}},"_links":{"self":[{"href":"https:\/\/www.deinadieu.ch\/fr\/wp-json\/wp\/v2\/posts\/56697","targetHints":{"allow":["GET"]}}],"collection":[{"href":"https:\/\/www.deinadieu.ch\/fr\/wp-json\/wp\/v2\/posts"}],"about":[{"href":"https:\/\/www.deinadieu.ch\/fr\/wp-json\/wp\/v2\/types\/post"}],"author":[{"embeddable":true,"href":"https:\/\/www.deinadieu.ch\/fr\/wp-json\/wp\/v2\/users\/6028"}],"replies":[{"embeddable":true,"href":"https:\/\/www.deinadieu.ch\/fr\/wp-json\/wp\/v2\/comments?post=56697"}],"version-history":[{"count":23,"href":"https:\/\/www.deinadieu.ch\/fr\/wp-json\/wp\/v2\/posts\/56697\/revisions"}],"predecessor-version":[{"id":67985,"href":"https:\/\/www.deinadieu.ch\/fr\/wp-json\/wp\/v2\/posts\/56697\/revisions\/67985"}],"wp:featuredmedia":[{"embeddable":true,"href":"https:\/\/www.deinadieu.ch\/fr\/wp-json\/wp\/v2\/media\/55898"}],"wp:attachment":[{"href":"https:\/\/www.deinadieu.ch\/fr\/wp-json\/wp\/v2\/media?parent=56697"}],"wp:term":[{"taxonomy":"category","embeddable":true,"href":"https:\/\/www.deinadieu.ch\/fr\/wp-json\/wp\/v2\/categories?post=56697"},{"taxonomy":"post_tag","embeddable":true,"href":"https:\/\/www.deinadieu.ch\/fr\/wp-json\/wp\/v2\/tags?post=56697"}],"curies":[{"name":"wp","href":"https:\/\/api.w.org\/{rel}","templated":true}]}}