{"id":56418,"date":"2022-02-21T14:19:09","date_gmt":"2022-02-21T13:19:09","guid":{"rendered":"https:\/\/deinadieu.ch\/il-est-scandaleux-que-nous-traitions-ainsi-la-base-de-notre-vie\/"},"modified":"2022-05-03T10:43:14","modified_gmt":"2022-05-03T08:43:14","slug":"il-est-scandaleux-que-nous-traitions-ainsi-la-base-de-notre-vie","status":"publish","type":"post","link":"https:\/\/www.deinadieu.ch\/fr\/il-est-scandaleux-que-nous-traitions-ainsi-la-base-de-notre-vie\/","title":{"rendered":"\u00ab Il est scandaleux que nous traitions ainsi la base de notre vie \u00bb"},"content":{"rendered":"\n<p>Chaque ann\u00e9e, nous gaspillons l&#8217;\u00e9quivalent d&#8217;un convoi de camions remplis de nourriture encore comestible s&#8217;\u00e9tendant de Zurich \u00e0 Madrid. Foodwaste.ch souhaite sensibiliser \u00e0 cette probl\u00e9matique en organisant des banquets \u00e0 base de restes de nourriture, des campagnes d&#8217;information et des ateliers. La directrice g\u00e9n\u00e9rale de l&#8217;organisation, Karin Spori, parle des effets sur le climat et l&#8217;environnement et donne des conseils sur la mani\u00e8re dont chacun peut lutter contre le gaspillage.<\/p>\n\n<!--more-->\n\n<figure class=\"wp-block-image size-large\"><img loading=\"lazy\" decoding=\"async\" width=\"1024\" height=\"683\" src=\"https:\/\/www.deinadieu.ch\/wp-content\/uploads\/2022\/02\/dA_PKS_MFR3739-1024x683.jpg\" alt=\"\" class=\"wp-image-55611\" srcset=\"https:\/\/www.deinadieu.ch\/wp-content\/uploads\/2022\/02\/dA_PKS_MFR3739-1024x683.jpg 1024w, https:\/\/www.deinadieu.ch\/wp-content\/uploads\/2022\/02\/dA_PKS_MFR3739-300x200.jpg 300w, https:\/\/www.deinadieu.ch\/wp-content\/uploads\/2022\/02\/dA_PKS_MFR3739-1536x1024.jpg 1536w, https:\/\/www.deinadieu.ch\/wp-content\/uploads\/2022\/02\/dA_PKS_MFR3739-2048x1365.jpg 2048w\" sizes=\"auto, (max-width: 1024px) 100vw, 1024px\" \/><figcaption>Karin Spori, directrice de l&#8217;organisation foodwaste.ch, dans son bureau \u00e0 Berne. Image : Manu Friederich<\/figcaption><\/figure>\n\n<p><em><strong>En moyenne, un aliment sur trois est perdu ou gaspill\u00e9 entre les champs et l&#8217;assiette. A quel point est-ce grave ?<\/strong><\/em><\/p>\n\n<p>Notre alimentation et surtout notre gaspillage alimentaire ont des r\u00e9percussions importantes sur le climat et l&#8217;environnement. Si une entreprise g\u00e9rait ses affaires de cette mani\u00e8re, elle ferait faillite en peu de temps. Le fait que nous traitions ainsi nos aliments, qui sont la base de notre vie, est un scandale.<\/p>\n\n<p><em><strong>En Suisse, chaque personne jette 90 kilogrammes de nourriture comestible par an et par m\u00e9nage, dont plus de 50% finissent \u00e0 tort \u00e0 la poubelle.<\/strong><\/em><\/p>\n\n<p>Le ph\u00e9nom\u00e8ne est cependant d&#8217;encore plus grande ampleur. En effet, il ne s&#8217;agit pas seulement des aliments qui sont cultiv\u00e9s en Suisse et qui sont ensuite jet\u00e9s, mais \u00e9galement des aliments que nous importons et que nous jetons ensuite, comme les mangues qui n&#8217;ont pas la couleur souhait\u00e9e. Cela g\u00e9n\u00e8re chaque ann\u00e9e 2,8 millions de tonnes de d\u00e9chets alimentaires. C&#8217;est comme si 150&#8217;000 camions remplis d&#8217;aliments encore comestibles formaient un convoi de Zurich \u00e0 Madrid.<\/p>\n\n<p><em><strong>Sur votre page d&#8217;accueil, vous avez pr\u00e9par\u00e9 de nombreux exemples clairs sous forme de graphiques. L&#8217;un d&#8217;eux dit : Le gaspillage alimentaire provoque pollue autant que la moiti\u00e9 de tous les trajets en voiture en Suisse.<\/strong><\/em><\/p>\n\n<p>Exactement. Si le gaspillage alimentaire \u00e9tait totalement \u00e9vit\u00e9, cela aurait le m\u00eame effet sur l&#8217;environnement que si l&#8217;on retirait 40% du parc automobile suisse de la circulation.<\/p>\n\n<p><em><strong>D&#8217;autres pays font-ils mieux ?<\/strong><\/em><\/p>\n\n<p>Le gaspillage alimentaire est un ph\u00e9nom\u00e8ne mondial. Dans les pays pauvres, les aliments sont perdus plut\u00f4t au d\u00e9but de la cha\u00eene de d\u00e9veloppement, car les gens n&#8217;ont pas assez d&#8217;argent pour acheter, respectivement jeter autant de nourriture. Dans ces pays-l\u00e0, d&#8217;autres probl\u00e8mes se posent, comme l&#8217;impossibilit\u00e9 de r\u00e9colter la totalit\u00e9 de la r\u00e9colte en raison du manque de machines, l&#8217;impossibilit\u00e9 d&#8217;acheminer les denr\u00e9es alimentaires \u00e0 temps vers les gens ou le fait que le stockage ne se fait pas de mani\u00e8re appropri\u00e9e.<\/p>\n\n<figure class=\"wp-block-image size-large\"><img loading=\"lazy\" decoding=\"async\" width=\"1024\" height=\"683\" src=\"https:\/\/www.deinadieu.ch\/wp-content\/uploads\/2022\/02\/dA_PKS_MFR3806-1024x683.jpg\" alt=\"\" class=\"wp-image-55615\" srcset=\"https:\/\/www.deinadieu.ch\/wp-content\/uploads\/2022\/02\/dA_PKS_MFR3806-1024x683.jpg 1024w, https:\/\/www.deinadieu.ch\/wp-content\/uploads\/2022\/02\/dA_PKS_MFR3806-300x200.jpg 300w, https:\/\/www.deinadieu.ch\/wp-content\/uploads\/2022\/02\/dA_PKS_MFR3806-1536x1024.jpg 1536w, https:\/\/www.deinadieu.ch\/wp-content\/uploads\/2022\/02\/dA_PKS_MFR3806-2048x1365.jpg 2048w\" sizes=\"auto, (max-width: 1024px) 100vw, 1024px\" \/><figcaption>Image : Manu Friederich<\/figcaption><\/figure>\n\n<p><em><strong>O\u00f9 votre organisation intervient-elle ?<\/strong><\/em><\/p>\n\n<p>Foodwaste.ch informe et sensibilise gr\u00e2ce \u00e0 de nombreux projets. L&#8217;organisation a \u00e9t\u00e9 fond\u00e9e suite aux premiers travaux scientifiques sur le th\u00e8me du gaspillage alimentaire : en tant que point de contact sur le th\u00e8me du gaspillage alimentaire, nous continuons \u00e0 faire le lien entre la science et le grand public, par exemple en mettant \u00e0 jour des textes scientifiques sous forme d&#8217;infographies. D&#8217;autre part, nous voulons rendre le grand public attentif, car le gaspillage alimentaire est quelque chose qui ne se voit pas et ce qu&#8217;on ne voit pas, on ne le per\u00e7oit pas comme un gros probl\u00e8me. Des aliments encore comestibles sont jet\u00e9s apr\u00e8s la fermeture des magasins, des restes de nourriture disparaissent dans la poubelle. Les carottes tordues, que les agriculteurs ne vendent pas, sont d\u00e9j\u00e0 tri\u00e9es dans les champs. Dans le cadre de notre s\u00e9rie de projets \u00ab Votre ville met la table \u00bb, nous cuisinons pour environ 500 \u00e0 1000 personnes \u00e0 partir d&#8217;aliments exc\u00e9dentaires ; nous rendons ainsi le gaspillage visible et sensibilisons par le biais du plaisir. Avec le projet \u00ab Banquets Foodsave \u00bb, nous conseillons \u00e9galement les villes et les organisations qui souhaitent mettre en place elles-m\u00eames un tel projet. Nous voulons cr\u00e9er un mouvement national : davantage de banquets Foodsave devraient \u00eatre organis\u00e9s chaque ann\u00e9e. Neuf villes et villages sont d\u00e9j\u00e0 pr\u00e9vus pour cette ann\u00e9e.<\/p>\n\n<p><em><strong>Quels sont les th\u00e8mes d&#8217;actualit\u00e9 que vous abordez actuellement ?<\/strong><\/em><\/p>\n\n<p>Le th\u00e8me des dates de p\u00e9remption. Gr\u00e2ce \u00e0 une nouvelle r\u00e9glementation scientifique, il est d\u00e9sormais possible de continuer \u00e0 vendre et \u00e0 donner beaucoup plus d&#8217;aliments dont la date de p\u00e9remption est d\u00e9pass\u00e9e. En outre, les donn\u00e9es sont souvent mal interpr\u00e9t\u00e9es par la population. Nous faisons ainsi un travail d&#8217;information, par exemple en organisant des webinaires pour le secteur ou en publiant un d\u00e9pliant destin\u00e9 aux consommateurs. <\/p>\n\n<p><em><strong>Qu&#8217;est-ce que les gens apprennent ?<\/strong><\/em><\/p>\n\n<p>Que l&#8217;on peut officiellement vendre, donner et bien s\u00fbr manger de nombreux aliments jusqu&#8217;\u00e0 un an apr\u00e8s la date de p\u00e9remption, par exemple le chocolat ou les p\u00e2tes. Les c\u00e9r\u00e9ales pour le petit-d\u00e9jeuner peuvent \u00eatre consomm\u00e9es quatre mois apr\u00e8s la date indiqu\u00e9e \u2013 \u00e0 condition que les produits restent dans leur emballage d&#8217;origine. <\/p>\n\n<p><em><strong>Que faites-vous d&#8217;autre ?<\/strong><\/em><\/p>\n\n<p>Nous avons une offre tr\u00e8s large : En plus des banquets pr\u00e9par\u00e9s \u00e0 partir d&#8217;exc\u00e9dents alimentaires, nous avons une exposition itin\u00e9rante qui donne des conseils et des astuces pour r\u00e9duire le gaspillage alimentaire \u00e0 la maison. Elle est actuellement en tourn\u00e9e pendant trois mois en Valais, o\u00f9 de nombreuses classes scolaires y ont acc\u00e8s. Dans nos cours de mise en conserve, les gens r\u00e9apprennent l&#8217;ancien artisanat. En outre, les classes scolaires r\u00e9coltent des l\u00e9gumes difformes dans les champs ou nous donnons des conf\u00e9rences et proposons des ateliers.<\/p>\n\n<p><em><strong>Quels sont les meilleurs conseils pour \u00e9viter le gaspillage alimentaire ?<\/strong><\/em><\/p>\n\n<p>Chaque personne tombe dans un pi\u00e8ge diff\u00e9rent. L&#8217;une ach\u00e8te trop, l&#8217;autre ne sait pas quoi cuisiner avec les restes. Une autre personne se sert des portions trop grandes au buffet du restaurant. Je conseille par exemple de mieux planifier les achats, d&#8217;\u00e9crire des notes ou de photographier le r\u00e9frig\u00e9rateur ouvert avant de faire les courses, afin de voir ce qui manque lorsqu&#8217;on effectue ses achats. Les Tupperware transparents peuvent \u00e9galement aider \u00e0 rendre plus visibles les restes dans le r\u00e9frig\u00e9rateur. Pour une utilisation cr\u00e9ative des restes, nous avons d\u00e9velopp\u00e9 un livre de cuisine intitul\u00e9 \u00ab Restenlos gl\u00fccklich \u00bb.<\/p>\n\n<p><em><strong>Votre organisation s&#8217;adresse plut\u00f4t \u00e0 des personnes jeunes. Comment sensibilisez-vous \u00e9galement les personnes \u00e2g\u00e9es ?<\/strong><\/em><\/p>\n\n<p>C&#8217;est vrai, car la g\u00e9n\u00e9ration plus \u00e2g\u00e9e, en partie \u00e0 cause des ann\u00e9es de guerre, a connu certaines p\u00e9nuries de denr\u00e9es alimentaires et est d\u00e9j\u00e0 tr\u00e8s sensibilis\u00e9e. Cependant, tous les groupes d&#8217;\u00e2ge peuvent et devraient s&#8217;engager dans nos projets et partager leurs connaissances et leurs exp\u00e9riences.<\/p>\n\n<p><em><strong>Comment vous financez-vous ?<\/strong><\/em><\/p>\n\n<p>Notre activit\u00e9 principale est l&#8217;information et la sensibilisation. C&#8217;est pourquoi nous vivons beaucoup de dons et de financements de projets. Les legs prennent \u00e9galement de plus en plus d&#8217;importance.<\/p>\n\n<hr class=\"wp-block-separator\"\/>\n\n<div class=\"wp-block-buttons is-layout-flex wp-block-buttons-is-layout-flex\">\n<div class=\"wp-block-button\"><a class=\"wp-block-button__link\" href=\"https:\/\/www.deinadieu.ch\/fr\/oeuvres-de-bienfaisance\/\">En savoir plus sur foodwaste.ch<\/a><\/div>\n<\/div>\n","protected":false},"excerpt":{"rendered":"<p>Chaque ann\u00e9e, nous gaspillons l&#8217;\u00e9quivalent d&#8217;un convoi de camions remplis de nourriture encore comestible s&#8217;\u00e9tendant de Zurich \u00e0 Madrid. Foodwaste.ch souhaite sensibiliser \u00e0 cette probl\u00e9matique en organisant des banquets \u00e0 base de restes de nourriture, des campagnes d&#8217;information et des ateliers. La directrice g\u00e9n\u00e9rale de l&#8217;organisation, Karin Spori, parle des effets sur le climat et [&hellip;]<\/p>\n","protected":false},"author":6028,"featured_media":55611,"comment_status":"open","ping_status":"closed","sticky":false,"template":"","format":"standard","meta":{"_acf_changed":false,"footnotes":""},"categories":[2450],"tags":[2469],"class_list":["post-56418","post","type-post","status-publish","format-standard","has-post-thumbnail","hentry","category-oeuvres-caritatives","tag-quel-effet-mon-heritage-peut-il-avoir"],"acf":[],"yoast_head":"<title>Foodwaste.ch : Contre le gaspillage alimentaire | DeinAdieu<\/title>\n<meta name=\"description\" content=\"Karin Spori, la directrice g\u00e9n\u00e9rale de foodwaste.ch, explique comment l&#039;organisation lutte contre le gaspillage alimentaire.\" \/>\n<meta name=\"robots\" content=\"index, follow, max-snippet:-1, max-image-preview:large, max-video-preview:-1\" \/>\n<link rel=\"canonical\" href=\"https:\/\/www.deinadieu.ch\/fr\/il-est-scandaleux-que-nous-traitions-ainsi-la-base-de-notre-vie\/\" \/>\n<meta property=\"og:locale\" content=\"fr_FR\" \/>\n<meta property=\"og:type\" content=\"article\" \/>\n<meta property=\"og:title\" content=\"\u00ab Il est scandaleux que nous traitions ainsi la base de notre vie \u00bb\" \/>\n<meta property=\"og:description\" content=\"Chaque ann\u00e9e, nous gaspillons l&#039;\u00e9quivalent d&#039;un convoi de camions remplis de nourriture encore comestible s&#039;\u00e9tendant de Zurich \u00e0 Madrid. Foodwaste.ch\" \/>\n<meta property=\"og:url\" content=\"https:\/\/www.deinadieu.ch\/fr\/il-est-scandaleux-que-nous-traitions-ainsi-la-base-de-notre-vie\/\" \/>\n<meta property=\"og:site_name\" content=\"DeinAdieu.ch\" \/>\n<meta property=\"article:publisher\" content=\"https:\/\/www.facebook.com\/deinadieu\" \/>\n<meta property=\"article:published_time\" content=\"2022-02-21T13:19:09+00:00\" \/>\n<meta property=\"article:modified_time\" content=\"2022-05-03T08:43:14+00:00\" \/>\n<meta property=\"og:image\" content=\"https:\/\/static.deinadieu.ch\/uploads\/2022\/02\/dA_PKS_MFR3739-scaled.jpg\" \/>\n\t<meta property=\"og:image:width\" content=\"2560\" \/>\n\t<meta property=\"og:image:height\" content=\"1707\" \/>\n\t<meta property=\"og:image:type\" content=\"image\/jpeg\" \/>\n<meta name=\"author\" content=\"Janina Gehrig, MA UZH, Redaktorin\" \/>\n<meta name=\"twitter:card\" content=\"summary_large_image\" \/>\n<meta name=\"twitter:creator\" content=\"@DeinAdieu\" \/>\n<meta name=\"twitter:site\" content=\"@DeinAdieu\" \/>\n<meta name=\"twitter:label1\" content=\"Written by\" \/>\n\t<meta name=\"twitter:data1\" content=\"Janina Gehrig, MA UZH, Redaktorin\" \/>\n\t<meta name=\"twitter:label2\" content=\"Est. reading time\" \/>\n\t<meta name=\"twitter:data2\" content=\"6 minutes\" \/>\n<script type=\"application\/ld+json\" class=\"yoast-schema-graph\">{\"@context\":\"https:\\\/\\\/schema.org\",\"@graph\":[{\"@type\":\"Article\",\"@id\":\"https:\\\/\\\/www.deinadieu.ch\\\/fr\\\/il-est-scandaleux-que-nous-traitions-ainsi-la-base-de-notre-vie\\\/#article\",\"isPartOf\":{\"@id\":\"https:\\\/\\\/www.deinadieu.ch\\\/fr\\\/il-est-scandaleux-que-nous-traitions-ainsi-la-base-de-notre-vie\\\/\"},\"author\":{\"name\":\"Janina Gehrig, MA UZH, Redaktorin\",\"@id\":\"https:\\\/\\\/www.deinadieu.ch\\\/fr\\\/#\\\/schema\\\/person\\\/78cffe1cb679e17f919e3d0c0e7b9673\"},\"headline\":\"\u00ab Il est scandaleux que nous traitions ainsi la base de notre vie \u00bb\",\"datePublished\":\"2022-02-21T13:19:09+00:00\",\"dateModified\":\"2022-05-03T08:43:14+00:00\",\"mainEntityOfPage\":{\"@id\":\"https:\\\/\\\/www.deinadieu.ch\\\/fr\\\/il-est-scandaleux-que-nous-traitions-ainsi-la-base-de-notre-vie\\\/\"},\"wordCount\":1196,\"commentCount\":0,\"publisher\":{\"@id\":\"https:\\\/\\\/www.deinadieu.ch\\\/fr\\\/#organization\"},\"image\":{\"@id\":\"https:\\\/\\\/www.deinadieu.ch\\\/fr\\\/il-est-scandaleux-que-nous-traitions-ainsi-la-base-de-notre-vie\\\/#primaryimage\"},\"thumbnailUrl\":\"https:\\\/\\\/www.deinadieu.ch\\\/wp-content\\\/uploads\\\/2022\\\/02\\\/dA_PKS_MFR3739-scaled.jpg\",\"keywords\":[\"Quel effet mon h\u00e9ritage peut-il avoir ?\"],\"articleSection\":[\"\u0152uvres caritatives en point de mire\"],\"inLanguage\":\"fr-FR\",\"potentialAction\":[{\"@type\":\"CommentAction\",\"name\":\"Comment\",\"target\":[\"https:\\\/\\\/www.deinadieu.ch\\\/fr\\\/il-est-scandaleux-que-nous-traitions-ainsi-la-base-de-notre-vie\\\/#respond\"]}]},{\"@type\":\"WebPage\",\"@id\":\"https:\\\/\\\/www.deinadieu.ch\\\/fr\\\/il-est-scandaleux-que-nous-traitions-ainsi-la-base-de-notre-vie\\\/\",\"url\":\"https:\\\/\\\/www.deinadieu.ch\\\/fr\\\/il-est-scandaleux-que-nous-traitions-ainsi-la-base-de-notre-vie\\\/\",\"name\":\"Foodwaste.ch : Contre le gaspillage alimentaire | DeinAdieu\",\"isPartOf\":{\"@id\":\"https:\\\/\\\/www.deinadieu.ch\\\/fr\\\/#website\"},\"primaryImageOfPage\":{\"@id\":\"https:\\\/\\\/www.deinadieu.ch\\\/fr\\\/il-est-scandaleux-que-nous-traitions-ainsi-la-base-de-notre-vie\\\/#primaryimage\"},\"image\":{\"@id\":\"https:\\\/\\\/www.deinadieu.ch\\\/fr\\\/il-est-scandaleux-que-nous-traitions-ainsi-la-base-de-notre-vie\\\/#primaryimage\"},\"thumbnailUrl\":\"https:\\\/\\\/www.deinadieu.ch\\\/wp-content\\\/uploads\\\/2022\\\/02\\\/dA_PKS_MFR3739-scaled.jpg\",\"datePublished\":\"2022-02-21T13:19:09+00:00\",\"dateModified\":\"2022-05-03T08:43:14+00:00\",\"description\":\"Karin Spori, la directrice g\u00e9n\u00e9rale de foodwaste.ch, explique comment l'organisation lutte contre le gaspillage alimentaire.\",\"breadcrumb\":{\"@id\":\"https:\\\/\\\/www.deinadieu.ch\\\/fr\\\/il-est-scandaleux-que-nous-traitions-ainsi-la-base-de-notre-vie\\\/#breadcrumb\"},\"inLanguage\":\"fr-FR\",\"potentialAction\":[{\"@type\":\"ReadAction\",\"target\":[\"https:\\\/\\\/www.deinadieu.ch\\\/fr\\\/il-est-scandaleux-que-nous-traitions-ainsi-la-base-de-notre-vie\\\/\"]}]},{\"@type\":\"ImageObject\",\"inLanguage\":\"fr-FR\",\"@id\":\"https:\\\/\\\/www.deinadieu.ch\\\/fr\\\/il-est-scandaleux-que-nous-traitions-ainsi-la-base-de-notre-vie\\\/#primaryimage\",\"url\":\"https:\\\/\\\/www.deinadieu.ch\\\/wp-content\\\/uploads\\\/2022\\\/02\\\/dA_PKS_MFR3739-scaled.jpg\",\"contentUrl\":\"https:\\\/\\\/www.deinadieu.ch\\\/wp-content\\\/uploads\\\/2022\\\/02\\\/dA_PKS_MFR3739-scaled.jpg\",\"width\":2560,\"height\":1707,\"caption\":\"Karin Spori, directrice de l'organisation Foodwaste, dans son bureau \u00e0 Berne. Image : Manu Friederich\"},{\"@type\":\"BreadcrumbList\",\"@id\":\"https:\\\/\\\/www.deinadieu.ch\\\/fr\\\/il-est-scandaleux-que-nous-traitions-ainsi-la-base-de-notre-vie\\\/#breadcrumb\",\"itemListElement\":[{\"@type\":\"ListItem\",\"position\":1,\"name\":\"Home\",\"item\":\"https:\\\/\\\/www.deinadieu.ch\\\/fr\\\/deinadieu-dialog-und-serviceportal-zum-lebensende\\\/\"},{\"@type\":\"ListItem\",\"position\":2,\"name\":\"\u00ab Il est scandaleux que nous traitions ainsi la base de notre vie \u00bb\"}]},{\"@type\":\"WebSite\",\"@id\":\"https:\\\/\\\/www.deinadieu.ch\\\/fr\\\/#website\",\"url\":\"https:\\\/\\\/www.deinadieu.ch\\\/fr\\\/\",\"name\":\"DeinAdieu.ch\",\"description\":\"Testament, Patientenverf\u00fcgung und Vorsorgeauftrag\",\"publisher\":{\"@id\":\"https:\\\/\\\/www.deinadieu.ch\\\/fr\\\/#organization\"},\"potentialAction\":[{\"@type\":\"SearchAction\",\"target\":{\"@type\":\"EntryPoint\",\"urlTemplate\":\"https:\\\/\\\/www.deinadieu.ch\\\/fr\\\/?s={search_term_string}\"},\"query-input\":{\"@type\":\"PropertyValueSpecification\",\"valueRequired\":true,\"valueName\":\"search_term_string\"}}],\"inLanguage\":\"fr-FR\"},{\"@type\":\"Organization\",\"@id\":\"https:\\\/\\\/www.deinadieu.ch\\\/fr\\\/#organization\",\"name\":\"EMNA Web GmbH\",\"url\":\"https:\\\/\\\/www.deinadieu.ch\\\/fr\\\/\",\"logo\":{\"@type\":\"ImageObject\",\"inLanguage\":\"fr-FR\",\"@id\":\"https:\\\/\\\/www.deinadieu.ch\\\/fr\\\/#\\\/schema\\\/logo\\\/image\\\/\",\"url\":\"https:\\\/\\\/www.deinadieu.ch\\\/wp-content\\\/uploads\\\/2016\\\/01\\\/DeinAdieu_Logo.png\",\"contentUrl\":\"https:\\\/\\\/www.deinadieu.ch\\\/wp-content\\\/uploads\\\/2016\\\/01\\\/DeinAdieu_Logo.png\",\"width\":300,\"height\":117,\"caption\":\"EMNA Web GmbH\"},\"image\":{\"@id\":\"https:\\\/\\\/www.deinadieu.ch\\\/fr\\\/#\\\/schema\\\/logo\\\/image\\\/\"},\"sameAs\":[\"https:\\\/\\\/www.facebook.com\\\/deinadieu\",\"https:\\\/\\\/x.com\\\/DeinAdieu\",\"https:\\\/\\\/www.instagram.com\\\/deinadieu\\\/\",\"https:\\\/\\\/www.linkedin.com\\\/company\\\/deinadieu.ch\"]},{\"@type\":\"Person\",\"@id\":\"https:\\\/\\\/www.deinadieu.ch\\\/fr\\\/#\\\/schema\\\/person\\\/78cffe1cb679e17f919e3d0c0e7b9673\",\"name\":\"Janina Gehrig, MA UZH, Redaktorin\",\"image\":{\"@type\":\"ImageObject\",\"inLanguage\":\"fr-FR\",\"@id\":\"https:\\\/\\\/secure.gravatar.com\\\/avatar\\\/8bfc4dca12cd7c0a0373c12f34587d1f6a6117903e7ecc0035863bd69df6fb07?s=96&d=mm&r=g\",\"url\":\"https:\\\/\\\/secure.gravatar.com\\\/avatar\\\/8bfc4dca12cd7c0a0373c12f34587d1f6a6117903e7ecc0035863bd69df6fb07?s=96&d=mm&r=g\",\"contentUrl\":\"https:\\\/\\\/secure.gravatar.com\\\/avatar\\\/8bfc4dca12cd7c0a0373c12f34587d1f6a6117903e7ecc0035863bd69df6fb07?s=96&d=mm&r=g\",\"caption\":\"Janina Gehrig, MA UZH, Redaktorin\"},\"url\":\"https:\\\/\\\/www.deinadieu.ch\\\/fr\\\/author\\\/janinagehrig\\\/\"}]}<\/script>","yoast_head_json":{"title":"Foodwaste.ch : Contre le gaspillage alimentaire | DeinAdieu","description":"Karin Spori, la directrice g\u00e9n\u00e9rale de foodwaste.ch, explique comment l'organisation lutte contre le gaspillage alimentaire.","robots":{"index":"index","follow":"follow","max-snippet":"max-snippet:-1","max-image-preview":"max-image-preview:large","max-video-preview":"max-video-preview:-1"},"canonical":"https:\/\/www.deinadieu.ch\/fr\/il-est-scandaleux-que-nous-traitions-ainsi-la-base-de-notre-vie\/","og_locale":"fr_FR","og_type":"article","og_title":"\u00ab Il est scandaleux que nous traitions ainsi la base de notre vie \u00bb","og_description":"Chaque ann\u00e9e, nous gaspillons l'\u00e9quivalent d'un convoi de camions remplis de nourriture encore comestible s'\u00e9tendant de Zurich \u00e0 Madrid. Foodwaste.ch","og_url":"https:\/\/www.deinadieu.ch\/fr\/il-est-scandaleux-que-nous-traitions-ainsi-la-base-de-notre-vie\/","og_site_name":"DeinAdieu.ch","article_publisher":"https:\/\/www.facebook.com\/deinadieu","article_published_time":"2022-02-21T13:19:09+00:00","article_modified_time":"2022-05-03T08:43:14+00:00","og_image":[{"width":2560,"height":1707,"url":"https:\/\/static.deinadieu.ch\/uploads\/2022\/02\/dA_PKS_MFR3739-scaled.jpg","type":"image\/jpeg"}],"author":"Janina Gehrig, MA UZH, Redaktorin","twitter_card":"summary_large_image","twitter_creator":"@DeinAdieu","twitter_site":"@DeinAdieu","twitter_misc":{"Written by":"Janina Gehrig, MA UZH, Redaktorin","Est. reading time":"6 minutes"},"schema":{"@context":"https:\/\/schema.org","@graph":[{"@type":"Article","@id":"https:\/\/www.deinadieu.ch\/fr\/il-est-scandaleux-que-nous-traitions-ainsi-la-base-de-notre-vie\/#article","isPartOf":{"@id":"https:\/\/www.deinadieu.ch\/fr\/il-est-scandaleux-que-nous-traitions-ainsi-la-base-de-notre-vie\/"},"author":{"name":"Janina Gehrig, MA UZH, Redaktorin","@id":"https:\/\/www.deinadieu.ch\/fr\/#\/schema\/person\/78cffe1cb679e17f919e3d0c0e7b9673"},"headline":"\u00ab Il est scandaleux que nous traitions ainsi la base de notre vie \u00bb","datePublished":"2022-02-21T13:19:09+00:00","dateModified":"2022-05-03T08:43:14+00:00","mainEntityOfPage":{"@id":"https:\/\/www.deinadieu.ch\/fr\/il-est-scandaleux-que-nous-traitions-ainsi-la-base-de-notre-vie\/"},"wordCount":1196,"commentCount":0,"publisher":{"@id":"https:\/\/www.deinadieu.ch\/fr\/#organization"},"image":{"@id":"https:\/\/www.deinadieu.ch\/fr\/il-est-scandaleux-que-nous-traitions-ainsi-la-base-de-notre-vie\/#primaryimage"},"thumbnailUrl":"https:\/\/www.deinadieu.ch\/wp-content\/uploads\/2022\/02\/dA_PKS_MFR3739-scaled.jpg","keywords":["Quel effet mon h\u00e9ritage peut-il avoir ?"],"articleSection":["\u0152uvres caritatives en point de mire"],"inLanguage":"fr-FR","potentialAction":[{"@type":"CommentAction","name":"Comment","target":["https:\/\/www.deinadieu.ch\/fr\/il-est-scandaleux-que-nous-traitions-ainsi-la-base-de-notre-vie\/#respond"]}]},{"@type":"WebPage","@id":"https:\/\/www.deinadieu.ch\/fr\/il-est-scandaleux-que-nous-traitions-ainsi-la-base-de-notre-vie\/","url":"https:\/\/www.deinadieu.ch\/fr\/il-est-scandaleux-que-nous-traitions-ainsi-la-base-de-notre-vie\/","name":"Foodwaste.ch : Contre le gaspillage alimentaire | DeinAdieu","isPartOf":{"@id":"https:\/\/www.deinadieu.ch\/fr\/#website"},"primaryImageOfPage":{"@id":"https:\/\/www.deinadieu.ch\/fr\/il-est-scandaleux-que-nous-traitions-ainsi-la-base-de-notre-vie\/#primaryimage"},"image":{"@id":"https:\/\/www.deinadieu.ch\/fr\/il-est-scandaleux-que-nous-traitions-ainsi-la-base-de-notre-vie\/#primaryimage"},"thumbnailUrl":"https:\/\/www.deinadieu.ch\/wp-content\/uploads\/2022\/02\/dA_PKS_MFR3739-scaled.jpg","datePublished":"2022-02-21T13:19:09+00:00","dateModified":"2022-05-03T08:43:14+00:00","description":"Karin Spori, la directrice g\u00e9n\u00e9rale de foodwaste.ch, explique comment l'organisation lutte contre le gaspillage alimentaire.","breadcrumb":{"@id":"https:\/\/www.deinadieu.ch\/fr\/il-est-scandaleux-que-nous-traitions-ainsi-la-base-de-notre-vie\/#breadcrumb"},"inLanguage":"fr-FR","potentialAction":[{"@type":"ReadAction","target":["https:\/\/www.deinadieu.ch\/fr\/il-est-scandaleux-que-nous-traitions-ainsi-la-base-de-notre-vie\/"]}]},{"@type":"ImageObject","inLanguage":"fr-FR","@id":"https:\/\/www.deinadieu.ch\/fr\/il-est-scandaleux-que-nous-traitions-ainsi-la-base-de-notre-vie\/#primaryimage","url":"https:\/\/www.deinadieu.ch\/wp-content\/uploads\/2022\/02\/dA_PKS_MFR3739-scaled.jpg","contentUrl":"https:\/\/www.deinadieu.ch\/wp-content\/uploads\/2022\/02\/dA_PKS_MFR3739-scaled.jpg","width":2560,"height":1707,"caption":"Karin Spori, directrice de l'organisation Foodwaste, dans son bureau \u00e0 Berne. Image : Manu Friederich"},{"@type":"BreadcrumbList","@id":"https:\/\/www.deinadieu.ch\/fr\/il-est-scandaleux-que-nous-traitions-ainsi-la-base-de-notre-vie\/#breadcrumb","itemListElement":[{"@type":"ListItem","position":1,"name":"Home","item":"https:\/\/www.deinadieu.ch\/fr\/deinadieu-dialog-und-serviceportal-zum-lebensende\/"},{"@type":"ListItem","position":2,"name":"\u00ab Il est scandaleux que nous traitions ainsi la base de notre vie \u00bb"}]},{"@type":"WebSite","@id":"https:\/\/www.deinadieu.ch\/fr\/#website","url":"https:\/\/www.deinadieu.ch\/fr\/","name":"DeinAdieu.ch","description":"Testament, Patientenverf\u00fcgung und Vorsorgeauftrag","publisher":{"@id":"https:\/\/www.deinadieu.ch\/fr\/#organization"},"potentialAction":[{"@type":"SearchAction","target":{"@type":"EntryPoint","urlTemplate":"https:\/\/www.deinadieu.ch\/fr\/?s={search_term_string}"},"query-input":{"@type":"PropertyValueSpecification","valueRequired":true,"valueName":"search_term_string"}}],"inLanguage":"fr-FR"},{"@type":"Organization","@id":"https:\/\/www.deinadieu.ch\/fr\/#organization","name":"EMNA Web GmbH","url":"https:\/\/www.deinadieu.ch\/fr\/","logo":{"@type":"ImageObject","inLanguage":"fr-FR","@id":"https:\/\/www.deinadieu.ch\/fr\/#\/schema\/logo\/image\/","url":"https:\/\/www.deinadieu.ch\/wp-content\/uploads\/2016\/01\/DeinAdieu_Logo.png","contentUrl":"https:\/\/www.deinadieu.ch\/wp-content\/uploads\/2016\/01\/DeinAdieu_Logo.png","width":300,"height":117,"caption":"EMNA Web GmbH"},"image":{"@id":"https:\/\/www.deinadieu.ch\/fr\/#\/schema\/logo\/image\/"},"sameAs":["https:\/\/www.facebook.com\/deinadieu","https:\/\/x.com\/DeinAdieu","https:\/\/www.instagram.com\/deinadieu\/","https:\/\/www.linkedin.com\/company\/deinadieu.ch"]},{"@type":"Person","@id":"https:\/\/www.deinadieu.ch\/fr\/#\/schema\/person\/78cffe1cb679e17f919e3d0c0e7b9673","name":"Janina Gehrig, MA UZH, Redaktorin","image":{"@type":"ImageObject","inLanguage":"fr-FR","@id":"https:\/\/secure.gravatar.com\/avatar\/8bfc4dca12cd7c0a0373c12f34587d1f6a6117903e7ecc0035863bd69df6fb07?s=96&d=mm&r=g","url":"https:\/\/secure.gravatar.com\/avatar\/8bfc4dca12cd7c0a0373c12f34587d1f6a6117903e7ecc0035863bd69df6fb07?s=96&d=mm&r=g","contentUrl":"https:\/\/secure.gravatar.com\/avatar\/8bfc4dca12cd7c0a0373c12f34587d1f6a6117903e7ecc0035863bd69df6fb07?s=96&d=mm&r=g","caption":"Janina Gehrig, MA UZH, Redaktorin"},"url":"https:\/\/www.deinadieu.ch\/fr\/author\/janinagehrig\/"}]}},"_links":{"self":[{"href":"https:\/\/www.deinadieu.ch\/fr\/wp-json\/wp\/v2\/posts\/56418","targetHints":{"allow":["GET"]}}],"collection":[{"href":"https:\/\/www.deinadieu.ch\/fr\/wp-json\/wp\/v2\/posts"}],"about":[{"href":"https:\/\/www.deinadieu.ch\/fr\/wp-json\/wp\/v2\/types\/post"}],"author":[{"embeddable":true,"href":"https:\/\/www.deinadieu.ch\/fr\/wp-json\/wp\/v2\/users\/6028"}],"replies":[{"embeddable":true,"href":"https:\/\/www.deinadieu.ch\/fr\/wp-json\/wp\/v2\/comments?post=56418"}],"version-history":[{"count":3,"href":"https:\/\/www.deinadieu.ch\/fr\/wp-json\/wp\/v2\/posts\/56418\/revisions"}],"predecessor-version":[{"id":56766,"href":"https:\/\/www.deinadieu.ch\/fr\/wp-json\/wp\/v2\/posts\/56418\/revisions\/56766"}],"wp:featuredmedia":[{"embeddable":true,"href":"https:\/\/www.deinadieu.ch\/fr\/wp-json\/wp\/v2\/media\/55611"}],"wp:attachment":[{"href":"https:\/\/www.deinadieu.ch\/fr\/wp-json\/wp\/v2\/media?parent=56418"}],"wp:term":[{"taxonomy":"category","embeddable":true,"href":"https:\/\/www.deinadieu.ch\/fr\/wp-json\/wp\/v2\/categories?post=56418"},{"taxonomy":"post_tag","embeddable":true,"href":"https:\/\/www.deinadieu.ch\/fr\/wp-json\/wp\/v2\/tags?post=56418"}],"curies":[{"name":"wp","href":"https:\/\/api.w.org\/{rel}","templated":true}]}}