{"id":55555,"date":"2021-12-23T09:29:11","date_gmt":"2021-12-23T08:29:11","guid":{"rendered":"https:\/\/www.deinadieu.ch\/les-chiens-sauvent-leur-vie-a-chaque-pas\/"},"modified":"2024-02-20T13:23:01","modified_gmt":"2024-02-20T12:23:01","slug":"les-chiens-sauvent-leur-vie-a-chaque-pas","status":"publish","type":"post","link":"https:\/\/www.deinadieu.ch\/fr\/les-chiens-sauvent-leur-vie-a-chaque-pas\/","title":{"rendered":"\u00ab Les chiens sauvent leur vie \u00e0 chaque pas \u00bb"},"content":{"rendered":"\n<p>Chantiers, routes, paliers : sans les chiens guides d&#8217;aveugles, de nombreuses personnes malvoyantes et aveugles ne pourraient gu\u00e8re ma\u00eetriser leur quotidien. Ces chiens sont form\u00e9s \u00e0 l&#8217;Ecole de chiens guides d&#8217;aveugles de Suisse orientale \u00e0 Goldach. Le directeur Jorge Moreno explique quelles qualit\u00e9s ces chiens doivent avoir et pourquoi la fondation a besoin d&#8217;un soutien financier encore plus important suite \u00e0 l&#8217;apparition de la pand\u00e9mie.<\/p>\n\n<!--more-->\n\n<p>Les chiens Emma et Enja vous accueillent avant m\u00eame que Jorge Moreno n&#8217;ouvre la porte vitr\u00e9e. Ce sont \u00e9galement eux qui indiquent aux visiteurs le chemin vers le premier \u00e9tage, o\u00f9 se trouve le bureau de M. Moreno. Des chiens en peluche avec un harnais de chien guide d&#8217;aveugle sont assis sur l&#8217;\u00e9tag\u00e8re, il neige dehors, le brouillard est \u00e9pais sur le lac de Constance. Le Mexicain d&#8217;origine commence \u00e0 parler de son travail. Jorge Moreno a cr\u00e9\u00e9 la fondation Ecole de chiens guides d&#8217;aveugles \u00e0 Goldach en 1997. Pour son travail d&#8217;instructeur de chiens guides d&#8217;aveugles avec dipl\u00f4me f\u00e9d\u00e9ral et d&#8217;enseignant en orientation et mobilit\u00e9, il a non seulement besoin de beaucoup de connaissances en cynologie \u2013 l&#8217;\u00e9tude des races, l&#8217;\u00e9levage, les soins et l&#8217;\u00e9ducation des chiens \u2013 mais \u00e9galement de connaissances sur les maladies des yeux, les d\u00e9ficiences visuelles et la psychologie.<\/p>\n\n<p>Avant qu&#8217;un chien puisse accompagner une personne malvoyante, il doit passer par plusieurs phases. La fondation collabore avec divers \u00e9leveurs en Suisse et \u00e0 l&#8217;\u00e9tranger. \u00ab Nous rendons visite aux chiots peu de temps apr\u00e8s leur naissance, regardons leur caract\u00e8re, leur curiosit\u00e9 et leur intelligence \u00bb, explique M. Moreno. Un chien guide d&#8217;aveugle doit \u00eatre confiant et s\u00fbr de lui, les cr\u00e9atures craintives ne sont pas adapt\u00e9es \u00e0 ce travail. Apr\u00e8s une dizaine de semaines, les chiens sont plac\u00e9s dans des familles d&#8217;accueil, qui sont \u00e9galement s\u00e9lectionn\u00e9es par la fondation. La phase d&#8217;entra\u00eenement des jeunes chiens commence alors. Pendant cette p\u00e9riode, qui dure environ un an et demi, le chien doit faire un maximum d&#8217;exp\u00e9riences environnementales, dans des bus, des trams et des taxis, sur des chantiers, dans la foule. <\/p>\n\n<p>Au cours de la phase d&#8217;\u00e9ducation subs\u00e9quente, il suit plusieurs centaines d&#8217;heures d&#8217;entra\u00eenement avec les instructeurs de l&#8217;\u00e9cole de chiens guides d&#8217;aveugles. \u00ab Beaucoup de gens pensent que ce sont de pauvres chiens. Pourtant, ils aiment travailler \u00bb, explique M. Moreno. En effet, le chien travaille environ trois heures par jour et le reste du temps il peut se comporter comme un chien, par exemple jouer et se d\u00e9fouler avec d&#8217;autres chiens. Les animaux apprennent au moins 36 signaux auditifs et ordres en italien, car les chiens comprennent particuli\u00e8rement bien les ordres dans cette langue qui comporte beaucoup de voyelles. Ils apprennent \u00e0 chercher les passages pi\u00e9tons, les feux de signalisation, les distributeurs de billets et les bo\u00eetes aux lettres et \u00e0 indiquer ou contourner les obstacles tels que les poubelles ou les v\u00e9los stationn\u00e9s.<\/p>\n\n<p>Le premier examen officiel, organis\u00e9 par l&#8217;Office f\u00e9d\u00e9ral des assurances sociales, a souvent lieu \u00e0 Zurich. \u00ab Le m\u00e9lange de bruit, d&#8217;odeurs et d&#8217;obstacles y est particuli\u00e8rement intense \u00bb, explique M. Moreno. Lui-m\u00eame ou un collaborateur se laisse guider par le chien, par exemple de la gare centrale \u00e0 la place Bellevue, et une \u00e9quipe d&#8217;experts v\u00e9rifie que tout se d\u00e9roule correctement. \u00ab Chaque pas peut mettre la vie d&#8217;une personne malvoyante en danger. Les chiens remplacent litt\u00e9ralement sa vue et lui sauvent la vie \u00e0 chaque pas \u00bb, explique M. Moreno.<\/p>\n\n<figure class=\"wp-block-image size-large\"><img loading=\"lazy\" decoding=\"async\" width=\"1024\" height=\"683\" src=\"https:\/\/www.deinadieu.ch\/wp-content\/uploads\/2021\/12\/03_2021_MONADIEU_J_Moreno-1024x683.jpg\" alt=\"\" class=\"wp-image-54687\" srcset=\"https:\/\/www.deinadieu.ch\/wp-content\/uploads\/2021\/12\/03_2021_MONADIEU_J_Moreno-1024x683.jpg 1024w, https:\/\/www.deinadieu.ch\/wp-content\/uploads\/2021\/12\/03_2021_MONADIEU_J_Moreno-300x200.jpg 300w, https:\/\/www.deinadieu.ch\/wp-content\/uploads\/2021\/12\/03_2021_MONADIEU_J_Moreno-1536x1024.jpg 1536w, https:\/\/www.deinadieu.ch\/wp-content\/uploads\/2021\/12\/03_2021_MONADIEU_J_Moreno-2048x1365.jpg 2048w\" sizes=\"auto, (max-width: 1024px) 100vw, 1024px\" \/><\/figure>\n\n<h2 class=\"wp-block-heading\" id=\"h-nicht-jeder-hund-eignet-sich-fur-jede-sehbehinderung\"><strong>Tous les chiens ne conviennent pas \u00e0 tous les handicaps visuels<\/strong><\/h2>\n\n<p>Ce n&#8217;est qu&#8217;apr\u00e8s l&#8217;examen qu&#8217;a lieu le contact avec une personne aveugle et donc la phase d&#8217;introduction. \u00ab Le courant doit bien passer entre le chien et la personne \u00bb, explique M. Moreno. Non seulement le chien doit convenir \u00e0 la personne, mais la personne doit \u00e9galement convenir au chien. Un jeune chien n&#8217;est pas une bonne option pour une personne \u00e2g\u00e9e qui ne se d\u00e9place que rarement. En outre, pour une personne allergique, seul un caniche royal peut \u00eatre une solution, car il laisse peu de poils.<\/p>\n\n<p>Jusqu&#8217;\u00e0 ce stade, l&#8217;\u00e9ducation et la prise en charge du chien ont co\u00fbt\u00e9 entre 60&#8217;000 et 70&#8217;000 francs. \u00ab Une somme importante qui ne peut \u00eatre r\u00e9unie que gr\u00e2ce aux <a href=\"https:\/\/app.deinadieu.ch\/testamentgenerator\/ngo\/7579?lang=de\">dons<\/a> \u00bb, explique M. Moreno. L&#8217;argent ne vient pas seulement des personnes malvoyantes ou de leurs proches et des amoureux des chiens, mais aussi de particuliers. Les collectivit\u00e9s publiques ne paient rien pour l&#8217;\u00e9ducation des chiens accompagnateurs. Ce n&#8217;est que lorsque le chien guide d&#8217;aveugle a \u00e9t\u00e9 pr\u00e9sent\u00e9 \u00e0 la personne malvoyante ou aveugle et qu&#8217;il a r\u00e9ussi le deuxi\u00e8me examen, l&#8217;examen d&#8217;attelage, que l&#8217;assurance-invalidit\u00e9 verse un montant unique de 10&#8217;000 francs, puis 350 francs par mois. \u00ab En fonction de la dur\u00e9e pendant laquelle un chien peut travailler comme chien guide d&#8217;aveugle, au maximum la moiti\u00e9 des frais d&#8217;\u00e9ducation nous est rembours\u00e9e \u00bb, explique M. Moreno. Cependant, il souligne que le chien n&#8217;est pas cens\u00e9 \u00eatre rentable et il prendra ainsi sa retraite au plus tard \u00e0 l&#8217;\u00e2ge de dix ans. <\/p>\n\n<figure class=\"wp-block-image size-large\"><img loading=\"lazy\" decoding=\"async\" width=\"1024\" height=\"683\" src=\"https:\/\/www.deinadieu.ch\/wp-content\/uploads\/2021\/12\/04_2021_MONADIEU_J_Moreno-1024x683.jpg\" alt=\"\" class=\"wp-image-54697\" srcset=\"https:\/\/www.deinadieu.ch\/wp-content\/uploads\/2021\/12\/04_2021_MONADIEU_J_Moreno-1024x683.jpg 1024w, https:\/\/www.deinadieu.ch\/wp-content\/uploads\/2021\/12\/04_2021_MONADIEU_J_Moreno-300x200.jpg 300w, https:\/\/www.deinadieu.ch\/wp-content\/uploads\/2021\/12\/04_2021_MONADIEU_J_Moreno-1536x1024.jpg 1536w, https:\/\/www.deinadieu.ch\/wp-content\/uploads\/2021\/12\/04_2021_MONADIEU_J_Moreno-2048x1365.jpg 2048w\" sizes=\"auto, (max-width: 1024px) 100vw, 1024px\" \/><\/figure>\n\n<h2 class=\"wp-block-heading\"><strong>Une baisse spectaculaire des dons<\/strong><\/h2>\n\n<p>La crise actuelle du coronavirus inqui\u00e8te toutefois le directeur de la fondation. Non seulement les s\u00e9ances d&#8217;entra\u00eenement dans les lieux publics ont \u00e9t\u00e9 rendues plus difficiles en raison des restrictions, mais surtout, les donateurs et les familles d&#8217;accueil sont devenus rares. \u00ab Beaucoup de gens pr\u00e9f\u00e8rent faire des dons pour des personnes plut\u00f4t que pour l&#8217;\u00e9ducation des chiens. \u00bb En outre, de nombreuses personnes ont achet\u00e9 un chiot pendant le lockdown, ce qui explique pourquoi il y a d\u00e9sormais un manque de chiens guides d&#8217;aveugles. <\/p>\n\n<figure class=\"wp-block-image size-large is-resized\"><img loading=\"lazy\" decoding=\"async\" width=\"1024\" height=\"683\" src=\"https:\/\/www.deinadieu.ch\/wp-content\/uploads\/2021\/12\/09_2021_MONADIEU_J_Moreno-1024x683.jpg\" alt=\"\" class=\"wp-image-54692\" style=\"width:840px;height:560px\" srcset=\"https:\/\/www.deinadieu.ch\/wp-content\/uploads\/2021\/12\/09_2021_MONADIEU_J_Moreno-1024x683.jpg 1024w, https:\/\/www.deinadieu.ch\/wp-content\/uploads\/2021\/12\/09_2021_MONADIEU_J_Moreno-300x200.jpg 300w, https:\/\/www.deinadieu.ch\/wp-content\/uploads\/2021\/12\/09_2021_MONADIEU_J_Moreno-1536x1024.jpg 1536w, https:\/\/www.deinadieu.ch\/wp-content\/uploads\/2021\/12\/09_2021_MONADIEU_J_Moreno-2048x1365.jpg 2048w\" sizes=\"auto, (max-width: 1024px) 100vw, 1024px\" \/><\/figure>\n\n<p>C&#8217;est la raison pour laquelle M. Moreno esp\u00e8re que la fondation recevra \u00e9galement davantage de legs, dont le nombre n&#8217;a pas pas d\u00e9pass\u00e9 une dizaine au cours des 25 derni\u00e8res ann\u00e9es. En effet, la prise en charge ult\u00e9rieure des animaux co\u00fbte aussi de l&#8217;argent. \u00ab J&#8217;esp\u00e8re que gr\u00e2ce \u00e0 deinadieu.ch, davantage de personnes verront l&#8217;importance de notre travail \u00bb, dit M. Moreno. Entre-temps, il est parti avec Enja en direction de Rorschach. Le labrador retriever de deux ans, d\u00e9crit dans le rapport annuel comme un \u00ab roublard c\u00e2lin \u00bb, accompagnera bient\u00f4t une personne malvoyante. \u00ab Passage pi\u00e9ton \u00bb, dit M. Moreno. Le chien ralentit, guide son compagnon en toute s\u00e9curit\u00e9 devant des voitures stationn\u00e9es et des sapins de No\u00ebl, s&#8217;assied devant le passage pi\u00e9ton et l\u00e8ve les yeux vers lui. Tous deux traversent ensuite la rue.<\/p>\n\n<div style=\"height:40px\" aria-hidden=\"true\" class=\"wp-block-spacer\"><\/div>\n\n<div class=\"wp-block-buttons is-layout-flex wp-block-buttons-is-layout-flex\">\n<div class=\"wp-block-button\"><a class=\"wp-block-button__link wp-element-button\" href=\"https:\/\/app.deinadieu.ch\/testamentgenerator\/ngo\/7579\">Favoriser l&#8217;Ecole de chiens guides d&#8217;aveugles de Suisse orientale dans son testament<\/a><\/div>\n<\/div>\n\n<div style=\"height:20px\" aria-hidden=\"true\" class=\"wp-block-spacer\"><\/div>\n\n\n        <div class=\"da-servicebox relative bg-gray-200 p-4 pt-8 border-solid border-t-8 border-da-dark mb-6\">\n            <i class=\"fas fa-info-circle mx-auto fa-7x text-da-dark\"><\/i>\n            <span style=\"hyphens: auto\">\n                <br\/>L&#8217;<a href=\"https:\/\/www.deinadieu.ch\/hilfswerke\/stiftung-ostschweizerische-blindenfuhrhundeschule\/\">Ecole de chiens guides d&#8217;aveugles de Suisse orientale \u00e0 Goldach<\/a> est la plus petite des quatre \u00e9coles de chiens guides d&#8217;aveugles en Suisse. Elle <a href=\"https:\/\/app.deinadieu.ch\/testamentgenerator\/ngo\/7579?lang=de\">d\u00e9pend essentiellement des dons<\/a>, car les collectivit\u00e9s publiques ne financent pas la formation d&#8217;un chien guide d&#8217;aveugle. Celle-ci dure environ deux ans et demi et co\u00fbte pr\u00e8s de 70&#8217;000 francs. L&#8217;assurance invalidit\u00e9 ne verse \u00e0 la fondation qu&#8217;une seule fois 10&#8217;000 francs apr\u00e8s la r\u00e9ussite de l&#8217;examen, puis un montant mensuel, ce qui ne repr\u00e9sente que 30 \u00e0 40% des co\u00fbts au cours de la vie d&#8217;un chien. L&#8217;ann\u00e9e derni\u00e8re, 38 chiens guides d&#8217;aveugles form\u00e9s \u00e9taient en service, dix jeunes chiens dans des familles d&#8217;accueil, quatre en formation, deux en stage d&#8217;initiation et cinq ont r\u00e9ussi les examens d&#8217;attelage.<br\/>\n                \n                \n            <\/span>\n        <\/div>\n        \n\n<div class=\"wp-block-buttons is-layout-flex wp-block-buttons-is-layout-flex\"><\/div>\n","protected":false},"excerpt":{"rendered":"<p>Chantiers, routes, paliers : sans les chiens guides d&#8217;aveugles, de nombreuses personnes malvoyantes et aveugles ne pourraient gu\u00e8re ma\u00eetriser leur quotidien. Ces chiens sont form\u00e9s \u00e0 l&#8217;Ecole de chiens guides d&#8217;aveugles de Suisse orientale \u00e0 Goldach. Le directeur Jorge Moreno explique quelles qualit\u00e9s ces chiens doivent avoir et pourquoi la fondation a besoin d&#8217;un soutien [&hellip;]<\/p>\n","protected":false},"author":6028,"featured_media":54684,"comment_status":"open","ping_status":"closed","sticky":false,"template":"","format":"standard","meta":{"_acf_changed":false,"footnotes":""},"categories":[2450],"tags":[3613,2834,2584,2106,2841,3164,2469],"class_list":["post-55555","post","type-post","status-publish","format-standard","has-post-thumbnail","hentry","category-oeuvres-caritatives","tag-chiens","tag-faire-le-bien","tag-faire-un-don","tag-legs","tag-organisation-dutilite-publique","tag-organisations-daide","tag-quel-effet-mon-heritage-peut-il-avoir"],"acf":[],"yoast_head":"<title>\u00ab Les chiens sauvent leur vie \u00e0 chaque pas \u00bb | DeinAdieu.ch<\/title>\n<meta name=\"description\" content=\"Unser Blog portr\u00e4tiert Professionals, Betroffene und Angeh\u00f6rige rund um die Themen Selbstbestimmung, dritter Lebensabschnitt, Vorsorge und Testamentspende zugunsten eines Hilfswerks.\" \/>\n<meta name=\"robots\" content=\"index, follow, max-snippet:-1, max-image-preview:large, max-video-preview:-1\" \/>\n<link rel=\"canonical\" href=\"https:\/\/www.deinadieu.ch\/fr\/les-chiens-sauvent-leur-vie-a-chaque-pas\/\" \/>\n<meta property=\"og:locale\" content=\"fr_FR\" \/>\n<meta property=\"og:type\" content=\"article\" \/>\n<meta property=\"og:title\" content=\"\u00ab Les chiens sauvent leur vie \u00e0 chaque pas \u00bb\" \/>\n<meta property=\"og:description\" content=\"Chantiers, routes, paliers : sans les chiens guides d&#039;aveugles, de nombreuses personnes malvoyantes et aveugles ne pourraient gu\u00e8re ma\u00eetriser leur\" \/>\n<meta property=\"og:url\" content=\"https:\/\/www.deinadieu.ch\/fr\/les-chiens-sauvent-leur-vie-a-chaque-pas\/\" \/>\n<meta property=\"og:site_name\" content=\"DeinAdieu.ch\" \/>\n<meta property=\"article:publisher\" content=\"https:\/\/www.facebook.com\/deinadieu\" \/>\n<meta property=\"article:published_time\" content=\"2021-12-23T08:29:11+00:00\" \/>\n<meta property=\"article:modified_time\" content=\"2024-02-20T12:23:01+00:00\" \/>\n<meta property=\"og:image\" content=\"https:\/\/static.deinadieu.ch\/uploads\/2021\/12\/08_2021_MONADIEU_J_Moreno-scaled.jpg\" \/>\n\t<meta property=\"og:image:width\" content=\"2560\" \/>\n\t<meta property=\"og:image:height\" content=\"1707\" \/>\n\t<meta property=\"og:image:type\" content=\"image\/jpeg\" \/>\n<meta name=\"author\" content=\"Janina Gehrig, MA UZH, Redaktorin\" \/>\n<meta name=\"twitter:card\" content=\"summary_large_image\" \/>\n<meta name=\"twitter:creator\" content=\"@DeinAdieu\" \/>\n<meta name=\"twitter:site\" content=\"@DeinAdieu\" \/>\n<meta name=\"twitter:label1\" content=\"Written by\" \/>\n\t<meta name=\"twitter:data1\" content=\"Janina Gehrig, MA UZH, Redaktorin\" \/>\n\t<meta name=\"twitter:label2\" content=\"Est. reading time\" \/>\n\t<meta name=\"twitter:data2\" content=\"6 minutes\" \/>\n<script type=\"application\/ld+json\" class=\"yoast-schema-graph\">{\"@context\":\"https:\\\/\\\/schema.org\",\"@graph\":[{\"@type\":\"Article\",\"@id\":\"https:\\\/\\\/www.deinadieu.ch\\\/fr\\\/les-chiens-sauvent-leur-vie-a-chaque-pas\\\/#article\",\"isPartOf\":{\"@id\":\"https:\\\/\\\/www.deinadieu.ch\\\/fr\\\/les-chiens-sauvent-leur-vie-a-chaque-pas\\\/\"},\"author\":{\"name\":\"Janina Gehrig, MA UZH, Redaktorin\",\"@id\":\"https:\\\/\\\/www.deinadieu.ch\\\/fr\\\/#\\\/schema\\\/person\\\/78cffe1cb679e17f919e3d0c0e7b9673\"},\"headline\":\"\u00ab Les chiens sauvent leur vie \u00e0 chaque pas \u00bb\",\"datePublished\":\"2021-12-23T08:29:11+00:00\",\"dateModified\":\"2024-02-20T12:23:01+00:00\",\"mainEntityOfPage\":{\"@id\":\"https:\\\/\\\/www.deinadieu.ch\\\/fr\\\/les-chiens-sauvent-leur-vie-a-chaque-pas\\\/\"},\"wordCount\":1307,\"commentCount\":0,\"publisher\":{\"@id\":\"https:\\\/\\\/www.deinadieu.ch\\\/fr\\\/#organization\"},\"image\":{\"@id\":\"https:\\\/\\\/www.deinadieu.ch\\\/fr\\\/les-chiens-sauvent-leur-vie-a-chaque-pas\\\/#primaryimage\"},\"thumbnailUrl\":\"https:\\\/\\\/www.deinadieu.ch\\\/wp-content\\\/uploads\\\/2021\\\/12\\\/08_2021_MONADIEU_J_Moreno-scaled.jpg\",\"keywords\":[\"Chiens\",\"Faire le bien\",\"Faire un don\",\"Legs\",\"Organisation d'utilit\u00e9 publique\",\"organisations d'aide\",\"Quel effet mon h\u00e9ritage peut-il avoir ?\"],\"articleSection\":[\"\u0152uvres caritatives en point de mire\"],\"inLanguage\":\"fr-FR\",\"potentialAction\":[{\"@type\":\"CommentAction\",\"name\":\"Comment\",\"target\":[\"https:\\\/\\\/www.deinadieu.ch\\\/fr\\\/les-chiens-sauvent-leur-vie-a-chaque-pas\\\/#respond\"]}]},{\"@type\":\"WebPage\",\"@id\":\"https:\\\/\\\/www.deinadieu.ch\\\/fr\\\/les-chiens-sauvent-leur-vie-a-chaque-pas\\\/\",\"url\":\"https:\\\/\\\/www.deinadieu.ch\\\/fr\\\/les-chiens-sauvent-leur-vie-a-chaque-pas\\\/\",\"name\":\"\u00ab Les chiens sauvent leur vie \u00e0 chaque pas \u00bb | DeinAdieu.ch\",\"isPartOf\":{\"@id\":\"https:\\\/\\\/www.deinadieu.ch\\\/fr\\\/#website\"},\"primaryImageOfPage\":{\"@id\":\"https:\\\/\\\/www.deinadieu.ch\\\/fr\\\/les-chiens-sauvent-leur-vie-a-chaque-pas\\\/#primaryimage\"},\"image\":{\"@id\":\"https:\\\/\\\/www.deinadieu.ch\\\/fr\\\/les-chiens-sauvent-leur-vie-a-chaque-pas\\\/#primaryimage\"},\"thumbnailUrl\":\"https:\\\/\\\/www.deinadieu.ch\\\/wp-content\\\/uploads\\\/2021\\\/12\\\/08_2021_MONADIEU_J_Moreno-scaled.jpg\",\"datePublished\":\"2021-12-23T08:29:11+00:00\",\"dateModified\":\"2024-02-20T12:23:01+00:00\",\"description\":\"Unser Blog portr\u00e4tiert Professionals, Betroffene und Angeh\u00f6rige rund um die Themen Selbstbestimmung, dritter Lebensabschnitt, Vorsorge und Testamentspende zugunsten eines Hilfswerks.\",\"breadcrumb\":{\"@id\":\"https:\\\/\\\/www.deinadieu.ch\\\/fr\\\/les-chiens-sauvent-leur-vie-a-chaque-pas\\\/#breadcrumb\"},\"inLanguage\":\"fr-FR\",\"potentialAction\":[{\"@type\":\"ReadAction\",\"target\":[\"https:\\\/\\\/www.deinadieu.ch\\\/fr\\\/les-chiens-sauvent-leur-vie-a-chaque-pas\\\/\"]}]},{\"@type\":\"ImageObject\",\"inLanguage\":\"fr-FR\",\"@id\":\"https:\\\/\\\/www.deinadieu.ch\\\/fr\\\/les-chiens-sauvent-leur-vie-a-chaque-pas\\\/#primaryimage\",\"url\":\"https:\\\/\\\/www.deinadieu.ch\\\/wp-content\\\/uploads\\\/2021\\\/12\\\/08_2021_MONADIEU_J_Moreno-scaled.jpg\",\"contentUrl\":\"https:\\\/\\\/www.deinadieu.ch\\\/wp-content\\\/uploads\\\/2021\\\/12\\\/08_2021_MONADIEU_J_Moreno-scaled.jpg\",\"width\":2560,\"height\":1707,\"caption\":\"Jorge Moreno, directeur g\u00e9n\u00e9ral de la Fondation \u00c9cole de chiens-guides de Suisse orientale (Images : Hanspeter Schiess)\"},{\"@type\":\"BreadcrumbList\",\"@id\":\"https:\\\/\\\/www.deinadieu.ch\\\/fr\\\/les-chiens-sauvent-leur-vie-a-chaque-pas\\\/#breadcrumb\",\"itemListElement\":[{\"@type\":\"ListItem\",\"position\":1,\"name\":\"Home\",\"item\":\"https:\\\/\\\/www.deinadieu.ch\\\/fr\\\/deinadieu-dialog-und-serviceportal-zum-lebensende\\\/\"},{\"@type\":\"ListItem\",\"position\":2,\"name\":\"\u00ab Les chiens sauvent leur vie \u00e0 chaque pas \u00bb\"}]},{\"@type\":\"WebSite\",\"@id\":\"https:\\\/\\\/www.deinadieu.ch\\\/fr\\\/#website\",\"url\":\"https:\\\/\\\/www.deinadieu.ch\\\/fr\\\/\",\"name\":\"DeinAdieu.ch\",\"description\":\"Testament, Patientenverf\u00fcgung und Vorsorgeauftrag\",\"publisher\":{\"@id\":\"https:\\\/\\\/www.deinadieu.ch\\\/fr\\\/#organization\"},\"potentialAction\":[{\"@type\":\"SearchAction\",\"target\":{\"@type\":\"EntryPoint\",\"urlTemplate\":\"https:\\\/\\\/www.deinadieu.ch\\\/fr\\\/?s={search_term_string}\"},\"query-input\":{\"@type\":\"PropertyValueSpecification\",\"valueRequired\":true,\"valueName\":\"search_term_string\"}}],\"inLanguage\":\"fr-FR\"},{\"@type\":\"Organization\",\"@id\":\"https:\\\/\\\/www.deinadieu.ch\\\/fr\\\/#organization\",\"name\":\"EMNA Web GmbH\",\"url\":\"https:\\\/\\\/www.deinadieu.ch\\\/fr\\\/\",\"logo\":{\"@type\":\"ImageObject\",\"inLanguage\":\"fr-FR\",\"@id\":\"https:\\\/\\\/www.deinadieu.ch\\\/fr\\\/#\\\/schema\\\/logo\\\/image\\\/\",\"url\":\"https:\\\/\\\/www.deinadieu.ch\\\/wp-content\\\/uploads\\\/2016\\\/01\\\/DeinAdieu_Logo.png\",\"contentUrl\":\"https:\\\/\\\/www.deinadieu.ch\\\/wp-content\\\/uploads\\\/2016\\\/01\\\/DeinAdieu_Logo.png\",\"width\":300,\"height\":117,\"caption\":\"EMNA Web GmbH\"},\"image\":{\"@id\":\"https:\\\/\\\/www.deinadieu.ch\\\/fr\\\/#\\\/schema\\\/logo\\\/image\\\/\"},\"sameAs\":[\"https:\\\/\\\/www.facebook.com\\\/deinadieu\",\"https:\\\/\\\/x.com\\\/DeinAdieu\",\"https:\\\/\\\/www.instagram.com\\\/deinadieu\\\/\",\"https:\\\/\\\/www.linkedin.com\\\/company\\\/deinadieu.ch\"]},{\"@type\":\"Person\",\"@id\":\"https:\\\/\\\/www.deinadieu.ch\\\/fr\\\/#\\\/schema\\\/person\\\/78cffe1cb679e17f919e3d0c0e7b9673\",\"name\":\"Janina Gehrig, MA UZH, Redaktorin\",\"image\":{\"@type\":\"ImageObject\",\"inLanguage\":\"fr-FR\",\"@id\":\"https:\\\/\\\/secure.gravatar.com\\\/avatar\\\/8bfc4dca12cd7c0a0373c12f34587d1f6a6117903e7ecc0035863bd69df6fb07?s=96&d=mm&r=g\",\"url\":\"https:\\\/\\\/secure.gravatar.com\\\/avatar\\\/8bfc4dca12cd7c0a0373c12f34587d1f6a6117903e7ecc0035863bd69df6fb07?s=96&d=mm&r=g\",\"contentUrl\":\"https:\\\/\\\/secure.gravatar.com\\\/avatar\\\/8bfc4dca12cd7c0a0373c12f34587d1f6a6117903e7ecc0035863bd69df6fb07?s=96&d=mm&r=g\",\"caption\":\"Janina Gehrig, MA UZH, Redaktorin\"},\"url\":\"https:\\\/\\\/www.deinadieu.ch\\\/fr\\\/author\\\/janinagehrig\\\/\"}]}<\/script>","yoast_head_json":{"title":"\u00ab Les chiens sauvent leur vie \u00e0 chaque pas \u00bb | DeinAdieu.ch","description":"Unser Blog portr\u00e4tiert Professionals, Betroffene und Angeh\u00f6rige rund um die Themen Selbstbestimmung, dritter Lebensabschnitt, Vorsorge und Testamentspende zugunsten eines Hilfswerks.","robots":{"index":"index","follow":"follow","max-snippet":"max-snippet:-1","max-image-preview":"max-image-preview:large","max-video-preview":"max-video-preview:-1"},"canonical":"https:\/\/www.deinadieu.ch\/fr\/les-chiens-sauvent-leur-vie-a-chaque-pas\/","og_locale":"fr_FR","og_type":"article","og_title":"\u00ab Les chiens sauvent leur vie \u00e0 chaque pas \u00bb","og_description":"Chantiers, routes, paliers : sans les chiens guides d'aveugles, de nombreuses personnes malvoyantes et aveugles ne pourraient gu\u00e8re ma\u00eetriser leur","og_url":"https:\/\/www.deinadieu.ch\/fr\/les-chiens-sauvent-leur-vie-a-chaque-pas\/","og_site_name":"DeinAdieu.ch","article_publisher":"https:\/\/www.facebook.com\/deinadieu","article_published_time":"2021-12-23T08:29:11+00:00","article_modified_time":"2024-02-20T12:23:01+00:00","og_image":[{"width":2560,"height":1707,"url":"https:\/\/static.deinadieu.ch\/uploads\/2021\/12\/08_2021_MONADIEU_J_Moreno-scaled.jpg","type":"image\/jpeg"}],"author":"Janina Gehrig, MA UZH, Redaktorin","twitter_card":"summary_large_image","twitter_creator":"@DeinAdieu","twitter_site":"@DeinAdieu","twitter_misc":{"Written by":"Janina Gehrig, MA UZH, Redaktorin","Est. reading time":"6 minutes"},"schema":{"@context":"https:\/\/schema.org","@graph":[{"@type":"Article","@id":"https:\/\/www.deinadieu.ch\/fr\/les-chiens-sauvent-leur-vie-a-chaque-pas\/#article","isPartOf":{"@id":"https:\/\/www.deinadieu.ch\/fr\/les-chiens-sauvent-leur-vie-a-chaque-pas\/"},"author":{"name":"Janina Gehrig, MA UZH, Redaktorin","@id":"https:\/\/www.deinadieu.ch\/fr\/#\/schema\/person\/78cffe1cb679e17f919e3d0c0e7b9673"},"headline":"\u00ab Les chiens sauvent leur vie \u00e0 chaque pas \u00bb","datePublished":"2021-12-23T08:29:11+00:00","dateModified":"2024-02-20T12:23:01+00:00","mainEntityOfPage":{"@id":"https:\/\/www.deinadieu.ch\/fr\/les-chiens-sauvent-leur-vie-a-chaque-pas\/"},"wordCount":1307,"commentCount":0,"publisher":{"@id":"https:\/\/www.deinadieu.ch\/fr\/#organization"},"image":{"@id":"https:\/\/www.deinadieu.ch\/fr\/les-chiens-sauvent-leur-vie-a-chaque-pas\/#primaryimage"},"thumbnailUrl":"https:\/\/www.deinadieu.ch\/wp-content\/uploads\/2021\/12\/08_2021_MONADIEU_J_Moreno-scaled.jpg","keywords":["Chiens","Faire le bien","Faire un don","Legs","Organisation d'utilit\u00e9 publique","organisations d'aide","Quel effet mon h\u00e9ritage peut-il avoir ?"],"articleSection":["\u0152uvres caritatives en point de mire"],"inLanguage":"fr-FR","potentialAction":[{"@type":"CommentAction","name":"Comment","target":["https:\/\/www.deinadieu.ch\/fr\/les-chiens-sauvent-leur-vie-a-chaque-pas\/#respond"]}]},{"@type":"WebPage","@id":"https:\/\/www.deinadieu.ch\/fr\/les-chiens-sauvent-leur-vie-a-chaque-pas\/","url":"https:\/\/www.deinadieu.ch\/fr\/les-chiens-sauvent-leur-vie-a-chaque-pas\/","name":"\u00ab Les chiens sauvent leur vie \u00e0 chaque pas \u00bb | DeinAdieu.ch","isPartOf":{"@id":"https:\/\/www.deinadieu.ch\/fr\/#website"},"primaryImageOfPage":{"@id":"https:\/\/www.deinadieu.ch\/fr\/les-chiens-sauvent-leur-vie-a-chaque-pas\/#primaryimage"},"image":{"@id":"https:\/\/www.deinadieu.ch\/fr\/les-chiens-sauvent-leur-vie-a-chaque-pas\/#primaryimage"},"thumbnailUrl":"https:\/\/www.deinadieu.ch\/wp-content\/uploads\/2021\/12\/08_2021_MONADIEU_J_Moreno-scaled.jpg","datePublished":"2021-12-23T08:29:11+00:00","dateModified":"2024-02-20T12:23:01+00:00","description":"Unser Blog portr\u00e4tiert Professionals, Betroffene und Angeh\u00f6rige rund um die Themen Selbstbestimmung, dritter Lebensabschnitt, Vorsorge und Testamentspende zugunsten eines Hilfswerks.","breadcrumb":{"@id":"https:\/\/www.deinadieu.ch\/fr\/les-chiens-sauvent-leur-vie-a-chaque-pas\/#breadcrumb"},"inLanguage":"fr-FR","potentialAction":[{"@type":"ReadAction","target":["https:\/\/www.deinadieu.ch\/fr\/les-chiens-sauvent-leur-vie-a-chaque-pas\/"]}]},{"@type":"ImageObject","inLanguage":"fr-FR","@id":"https:\/\/www.deinadieu.ch\/fr\/les-chiens-sauvent-leur-vie-a-chaque-pas\/#primaryimage","url":"https:\/\/www.deinadieu.ch\/wp-content\/uploads\/2021\/12\/08_2021_MONADIEU_J_Moreno-scaled.jpg","contentUrl":"https:\/\/www.deinadieu.ch\/wp-content\/uploads\/2021\/12\/08_2021_MONADIEU_J_Moreno-scaled.jpg","width":2560,"height":1707,"caption":"Jorge Moreno, directeur g\u00e9n\u00e9ral de la Fondation \u00c9cole de chiens-guides de Suisse orientale (Images : Hanspeter Schiess)"},{"@type":"BreadcrumbList","@id":"https:\/\/www.deinadieu.ch\/fr\/les-chiens-sauvent-leur-vie-a-chaque-pas\/#breadcrumb","itemListElement":[{"@type":"ListItem","position":1,"name":"Home","item":"https:\/\/www.deinadieu.ch\/fr\/deinadieu-dialog-und-serviceportal-zum-lebensende\/"},{"@type":"ListItem","position":2,"name":"\u00ab Les chiens sauvent leur vie \u00e0 chaque pas \u00bb"}]},{"@type":"WebSite","@id":"https:\/\/www.deinadieu.ch\/fr\/#website","url":"https:\/\/www.deinadieu.ch\/fr\/","name":"DeinAdieu.ch","description":"Testament, Patientenverf\u00fcgung und Vorsorgeauftrag","publisher":{"@id":"https:\/\/www.deinadieu.ch\/fr\/#organization"},"potentialAction":[{"@type":"SearchAction","target":{"@type":"EntryPoint","urlTemplate":"https:\/\/www.deinadieu.ch\/fr\/?s={search_term_string}"},"query-input":{"@type":"PropertyValueSpecification","valueRequired":true,"valueName":"search_term_string"}}],"inLanguage":"fr-FR"},{"@type":"Organization","@id":"https:\/\/www.deinadieu.ch\/fr\/#organization","name":"EMNA Web GmbH","url":"https:\/\/www.deinadieu.ch\/fr\/","logo":{"@type":"ImageObject","inLanguage":"fr-FR","@id":"https:\/\/www.deinadieu.ch\/fr\/#\/schema\/logo\/image\/","url":"https:\/\/www.deinadieu.ch\/wp-content\/uploads\/2016\/01\/DeinAdieu_Logo.png","contentUrl":"https:\/\/www.deinadieu.ch\/wp-content\/uploads\/2016\/01\/DeinAdieu_Logo.png","width":300,"height":117,"caption":"EMNA Web GmbH"},"image":{"@id":"https:\/\/www.deinadieu.ch\/fr\/#\/schema\/logo\/image\/"},"sameAs":["https:\/\/www.facebook.com\/deinadieu","https:\/\/x.com\/DeinAdieu","https:\/\/www.instagram.com\/deinadieu\/","https:\/\/www.linkedin.com\/company\/deinadieu.ch"]},{"@type":"Person","@id":"https:\/\/www.deinadieu.ch\/fr\/#\/schema\/person\/78cffe1cb679e17f919e3d0c0e7b9673","name":"Janina Gehrig, MA UZH, Redaktorin","image":{"@type":"ImageObject","inLanguage":"fr-FR","@id":"https:\/\/secure.gravatar.com\/avatar\/8bfc4dca12cd7c0a0373c12f34587d1f6a6117903e7ecc0035863bd69df6fb07?s=96&d=mm&r=g","url":"https:\/\/secure.gravatar.com\/avatar\/8bfc4dca12cd7c0a0373c12f34587d1f6a6117903e7ecc0035863bd69df6fb07?s=96&d=mm&r=g","contentUrl":"https:\/\/secure.gravatar.com\/avatar\/8bfc4dca12cd7c0a0373c12f34587d1f6a6117903e7ecc0035863bd69df6fb07?s=96&d=mm&r=g","caption":"Janina Gehrig, MA UZH, Redaktorin"},"url":"https:\/\/www.deinadieu.ch\/fr\/author\/janinagehrig\/"}]}},"_links":{"self":[{"href":"https:\/\/www.deinadieu.ch\/fr\/wp-json\/wp\/v2\/posts\/55555","targetHints":{"allow":["GET"]}}],"collection":[{"href":"https:\/\/www.deinadieu.ch\/fr\/wp-json\/wp\/v2\/posts"}],"about":[{"href":"https:\/\/www.deinadieu.ch\/fr\/wp-json\/wp\/v2\/types\/post"}],"author":[{"embeddable":true,"href":"https:\/\/www.deinadieu.ch\/fr\/wp-json\/wp\/v2\/users\/6028"}],"replies":[{"embeddable":true,"href":"https:\/\/www.deinadieu.ch\/fr\/wp-json\/wp\/v2\/comments?post=55555"}],"version-history":[{"count":8,"href":"https:\/\/www.deinadieu.ch\/fr\/wp-json\/wp\/v2\/posts\/55555\/revisions"}],"predecessor-version":[{"id":66935,"href":"https:\/\/www.deinadieu.ch\/fr\/wp-json\/wp\/v2\/posts\/55555\/revisions\/66935"}],"wp:featuredmedia":[{"embeddable":true,"href":"https:\/\/www.deinadieu.ch\/fr\/wp-json\/wp\/v2\/media\/54684"}],"wp:attachment":[{"href":"https:\/\/www.deinadieu.ch\/fr\/wp-json\/wp\/v2\/media?parent=55555"}],"wp:term":[{"taxonomy":"category","embeddable":true,"href":"https:\/\/www.deinadieu.ch\/fr\/wp-json\/wp\/v2\/categories?post=55555"},{"taxonomy":"post_tag","embeddable":true,"href":"https:\/\/www.deinadieu.ch\/fr\/wp-json\/wp\/v2\/tags?post=55555"}],"curies":[{"name":"wp","href":"https:\/\/api.w.org\/{rel}","templated":true}]}}