{"id":55465,"date":"2021-12-29T08:00:00","date_gmt":"2021-12-29T07:00:00","guid":{"rendered":"https:\/\/www.deinadieu.ch\/notre-objectif-principal-est-de-sauver-des-vies-animales-et-de-promouvoir-le-bien-etre-des-animaux\/"},"modified":"2023-05-18T15:30:17","modified_gmt":"2023-05-18T13:30:17","slug":"notre-objectif-principal-est-de-sauver-des-vies-animales-et-de-promouvoir-le-bien-etre-des-animaux","status":"publish","type":"post","link":"https:\/\/www.deinadieu.ch\/fr\/notre-objectif-principal-est-de-sauver-des-vies-animales-et-de-promouvoir-le-bien-etre-des-animaux\/","title":{"rendered":"\u00ab Notre objectif principal est de sauver des vies animales et de promouvoir le bien-\u00eatre des animaux \u00bb"},"content":{"rendered":"\n<p>La fondation ProTier s&#8217;engage depuis pr\u00e8s de 75 ans pour un \u00e9levage qui respecte le bien-\u00eatre des animaux. Patrick Schneider explique comment des sujets d&#8217;actualit\u00e9 comme la pand\u00e9mie de coronavirus, le changement climatique et notre comportement alimentaire sont li\u00e9s au bien-\u00eatre animal.<\/p>\n\n<!--more-->\n\n<figure class=\"wp-block-image size-large\"><img loading=\"lazy\" decoding=\"async\" width=\"1024\" height=\"683\" src=\"https:\/\/www.deinadieu.ch\/wp-content\/uploads\/2021\/12\/protier_0035-1024x683.jpg\" alt=\"\" class=\"wp-image-54808\" srcset=\"https:\/\/www.deinadieu.ch\/wp-content\/uploads\/2021\/12\/protier_0035-1024x683.jpg 1024w, https:\/\/www.deinadieu.ch\/wp-content\/uploads\/2021\/12\/protier_0035-300x200.jpg 300w, https:\/\/www.deinadieu.ch\/wp-content\/uploads\/2021\/12\/protier_0035-1536x1024.jpg 1536w, https:\/\/www.deinadieu.ch\/wp-content\/uploads\/2021\/12\/protier_0035-2048x1365.jpg 2048w\" sizes=\"auto, (max-width: 1024px) 100vw, 1024px\" \/><figcaption class=\"wp-element-caption\">Depuis deux ans, Patrick Schneider est le directeur de la fondation ProTier. (Images : Djamila Grossman)<\/figcaption><\/figure>\n\n<p><strong>Votre fondation s&#8217;engage par exemple pour un \u00e9levage qui respecte le bien-\u00eatre des animaux, contre le port de la fourrure ou contre l&#8217;\u00e9levage intensif. \u00c0 l&#8217;approche de No\u00ebl, quels sont les sujets actuellement \u00e0 l&#8217;ordre du jour ?<\/strong><\/p>\n\n<p><strong>Patrick Schneider :<\/strong> Nous nous pr\u00e9occupons du bien-\u00eatre des animaux en g\u00e9n\u00e9ral, pas seulement de l&#8217;\u00e9levage. Nous recevons par exemple de nombreuses demandes de jeunes agriculteurs qui souhaitent transformer leur ferme en \u00ab ferme de vie \u00bb. Ce sont de jeunes hommes ou de jeunes femmes qui reprennent l&#8217;exploitation de leur p\u00e8re. Ils veulent par exemple cultiver des l\u00e9gumes, passer \u00e0 la production de lait d&#8217;avoine ou \u00e9lever des poules qui pondent uniquement des \u0153ufs et qui ne produisent plus de viande, car l&#8217;abattage n&#8217;est plus envisageable pour eux. Nous les accompagnons comme une entreprise qui se reconstruit ou se transforme.<\/p>\n\n<p><strong>Qu&#8217;advient-il des animaux qui, sinon, seraient abattus ?<\/strong><\/p>\n\n<p>Ils peuvent encore vivre heureux \u00e0 la ferme jusqu&#8217;\u00e0 la fin de leur vie. Ils sont certes \u00e9lev\u00e9s comme animaux de rente, mais ils ne sont pas tu\u00e9s pour la consommation de viande. Les animaux qui peuvent vivre dans une \u00ab ferme de vie \u00bb sont beaucoup moins malades et plus heureux. Ils meurent dans leur environnement bien-aim\u00e9, accompagn\u00e9s par les personnes et les animaux de la ferme.<\/p>\n\n<figure class=\"wp-block-image size-large is-resized\"><img loading=\"lazy\" decoding=\"async\" src=\"https:\/\/www.deinadieu.ch\/wp-content\/uploads\/2021\/12\/protier_0078-1024x683.jpg\" alt=\"\" class=\"wp-image-54812\" width=\"1024\" height=\"683\" srcset=\"https:\/\/www.deinadieu.ch\/wp-content\/uploads\/2021\/12\/protier_0078-1024x683.jpg 1024w, https:\/\/www.deinadieu.ch\/wp-content\/uploads\/2021\/12\/protier_0078-300x200.jpg 300w, https:\/\/www.deinadieu.ch\/wp-content\/uploads\/2021\/12\/protier_0078-1536x1024.jpg 1536w, https:\/\/www.deinadieu.ch\/wp-content\/uploads\/2021\/12\/protier_0078-2048x1366.jpg 2048w\" sizes=\"auto, (max-width: 1024px) 100vw, 1024px\" \/><\/figure>\n\n<p><strong>De mani\u00e8re g\u00e9n\u00e9rale, \u00eates-vous oppos\u00e9 \u00e0 la consommation de viande ?<\/strong><\/p>\n\n<p>Nous ne voulons interdire \u00e0 personne de manger de la viande. Nous nous engageons contre l&#8217;\u00e9levage intensif indigne et les transports inutiles d&#8217;animaux. Une bonne \u00e9volution est par exemple le fait qu&#8217;Aldi et Lidl ne veulent vendre que de la viande suisse en Suisse.<\/p>\n\n<p><strong>Et quelles campagnes menez-vous actuellement ?<\/strong><\/p>\n\n<p>En novembre et d\u00e9cembre, nous avons \u00e9t\u00e9 actifs dans la Bahnhofstrasse \u00e0 Zurich pour l&#8217;interdiction de l&#8217;importation de fourrures. Nous avons distribu\u00e9 des flyers, discut\u00e9 avec des passants, \u00e9chang\u00e9 avec des personnes qui portaient de la fourrure ou conseill\u00e9 ces derni\u00e8res sur la mani\u00e8re de se d\u00e9faire d&#8217;une fourrure dont elles ont h\u00e9rit\u00e9. \u00c0 la mi-d\u00e9cembre, le Conseil national a heureusement approuv\u00e9 l&#8217;interdiction d&#8217;importer des fourrures issues de modes de production cruels par 144 voix contre 31. Il appartient d\u00e9sormais au Conseil des Etats d&#8217;adopter d\u00e9finitivement cette interdiction.<\/p>\n\n<figure class=\"wp-block-image size-large\"><img loading=\"lazy\" decoding=\"async\" width=\"1024\" height=\"683\" src=\"https:\/\/www.deinadieu.ch\/wp-content\/uploads\/2021\/12\/protier_0136-1024x683.jpg\" alt=\"\" class=\"wp-image-54816\" srcset=\"https:\/\/www.deinadieu.ch\/wp-content\/uploads\/2021\/12\/protier_0136-1024x683.jpg 1024w, https:\/\/www.deinadieu.ch\/wp-content\/uploads\/2021\/12\/protier_0136-300x200.jpg 300w, https:\/\/www.deinadieu.ch\/wp-content\/uploads\/2021\/12\/protier_0136-1536x1024.jpg 1536w, https:\/\/www.deinadieu.ch\/wp-content\/uploads\/2021\/12\/protier_0136-2048x1365.jpg 2048w\" sizes=\"auto, (max-width: 1024px) 100vw, 1024px\" \/><\/figure>\n\n<p><strong>Comment Pro Tier est-elle financ\u00e9e ?<\/strong><\/p>\n\n<p>Nous sommes une organisation \u00e0 but non lucratif et nous sommes financ\u00e9s par des m\u00e9c\u00e8nes, des donateurs et des legs. Vous vous souvenez peut-\u00eatre encore de l&#8217;\u00e9mission sur les animaux avec Heidi Abel \u00e0 la t\u00e9l\u00e9vision suisse. Dans cette \u00e9mission, lanc\u00e9e par Pro Tier, on cherchait un nouveau foyer pour des animaux de compagnie sauv\u00e9s. Aujourd&#8217;hui encore, beaucoup de personnes connaissent cette \u00e9mission.<\/p>\n\n<p><strong>Qu&#8217;attendez-vous de la collaboration avec deinadieu.ch ?<\/strong><\/p>\n\n<p>Nous savons que de nombreuses personnes n&#8217;ont pas de testament, mais qu&#8217;elles souhaiteraient en r\u00e9diger un s&#8217;il \u00e9tait possible de le faire en ligne et de mani\u00e8re simple. Par l&#8217;interm\u00e9diaire de DeinAdieu, nous souhaitons \u00e9galement atteindre des personnes plus jeunes, \u00e2g\u00e9es de 50 ans et plus, qui s&#8217;int\u00e9ressent au bien-\u00eatre animal et qui souhaitent nous inclure dans leurs testaments.<\/p>\n\n<p><strong>Qui fait des dons \u00e0 Pro Tier ?<\/strong><\/p>\n\n<p>Principalement des personnes de plus de 40 ans.<\/p>\n\n<p><strong>Qu&#8217;advient-il de l&#8217;argent donn\u00e9 ou l\u00e9gu\u00e9 ?<\/strong><\/p>\n\n<p>Il est utilis\u00e9 pour des campagnes, nous soutenons des projets de \u00ab fermes de vie \u00bb qui n&#8217;ont pas les moyens de payer une op\u00e9ration pour un cheval ou de construire une extension pour une \u00e9table. Nous aidons \u00e9galement les particuliers qui souhaitent sauver des animaux. Nous nous engageons exclusivement pour les animaux en Suisse. Notre objectif principal est de sauver des vies animales et de promouvoir le bien-\u00eatre des animaux : autrefois, il s&#8217;agissait davantage d&#8217;animaux de compagnie, aujourd&#8217;hui, ce sont aussi des animaux de rente.<\/p>\n\n<p><strong>Dans quelle mesure le mouvement pour le climat contribue-t-il \u00e0 mettre en avant vos pr\u00e9occupations ?<\/strong><\/p>\n\n<p>La sensibilit\u00e9 des gens a certainement augment\u00e9. Les th\u00e8mes du changement climatique, du comportement alimentaire et du bien-\u00eatre animal vont in\u00e9vitablement de pair. La pand\u00e9mie a \u00e9galement mis en lumi\u00e8re notre cause. Malheureusement, on ne parle plus de l&#8217;origine du coronavirus : peut-\u00eatre un march\u00e9 aux animaux \u00e0 Wuhan, en Chine. Les conditions dans ces march\u00e9s aux animaux sont terribles. Les animaux sont \u00e9corch\u00e9s \u00e0 vif et ils sont d\u00e9tenus dans des cages grillag\u00e9es indignes. C&#8217;est dommage que le sujet ait un peu disparu des m\u00e9dias.<\/p>\n\n<div class=\"wp-block-buttons is-layout-flex wp-block-buttons-is-layout-flex\">\n<div class=\"wp-block-button\"><a class=\"wp-block-button__link wp-element-button\" href=\"https:\/\/app.deinadieu.ch\/testament\">Favoriser ProTier dans son testament<\/a><\/div>\n<\/div>\n\n<figure class=\"wp-block-image size-large\"><img loading=\"lazy\" decoding=\"async\" width=\"1024\" height=\"683\" src=\"https:\/\/www.deinadieu.ch\/wp-content\/uploads\/2021\/12\/protier_0122-1024x683.jpg\" alt=\"\" class=\"wp-image-54820\" srcset=\"https:\/\/www.deinadieu.ch\/wp-content\/uploads\/2021\/12\/protier_0122-1024x683.jpg 1024w, https:\/\/www.deinadieu.ch\/wp-content\/uploads\/2021\/12\/protier_0122-300x200.jpg 300w, https:\/\/www.deinadieu.ch\/wp-content\/uploads\/2021\/12\/protier_0122-1536x1024.jpg 1536w, https:\/\/www.deinadieu.ch\/wp-content\/uploads\/2021\/12\/protier_0122-2048x1365.jpg 2048w\" sizes=\"auto, (max-width: 1024px) 100vw, 1024px\" \/><\/figure>\n\n\n        <div class=\"da-servicebox relative bg-gray-200 p-4 pt-8 border-solid border-t-8 border-da-dark mb-6\">\n            <i class=\"fas fa-info-circle mx-auto fa-7x text-da-dark\"><\/i>\n            <span style=\"hyphens: auto\">\n                 La <a href=\"https:\/\/www.deinadieu.ch\/hilfswerke\/protier-stiftung-fur-tierschutz-und-ethik\/\">fondation pour la protection des animaux et l&#8217;\u00e9thique<\/a>, dont le si\u00e8ge se trouve \u00e0 Zurich, s&#8217;engage depuis 73 ans pour le bien-\u00eatre des animaux en Suisse. Elle aborde des questions telles que l&#8217;\u00e9levage respectueux du bien-\u00eatre des animaux, l&#8217;exp\u00e9rimentation animale et les animaux utilis\u00e9s \u00e0 des fins de divertissement. La fondation soutient des campagnes politiques telles que l&#8217;initiative contre l&#8217;\u00e9levage intensif, contre la fourrure ou contre la r\u00e9vision de la loi sur la chasse et aide les jeunes agriculteurs qui souhaitent transformer leurs fermes en \u00ab fermes de vie \u00bb, o\u00f9 le bien-\u00eatre de chaque animal et l&#8217;h\u00e9bergement d&#8217;animaux en d\u00e9tresse sont au centre des pr\u00e9occupations.<\/p>\n\n<p>La fondation, qui est enti\u00e8rement financ\u00e9e par des dons et des <a href=\"https:\/\/www.deinadieu.ch\/fr\/heritage-legs\/\">legs<\/a> de particuliers, se penche \u00e9galement sur des questions \u00e9thiques : l&#8217;\u00eatre humain peut-il donner la priorit\u00e9 \u00e0 ses propres objectifs par rapport au bien-\u00eatre et \u00e0 la vie des animaux ? Quelles obligations morales a-t-il envers tous les \u00eatres vivants ? Depuis deux ans, Patrick Schneider est le directeur de l&#8217;organisation de protection des animaux \u00e0 but non lucratif. \n                \n                \n            <\/span>\n        <\/div>\n        \n","protected":false},"excerpt":{"rendered":"<p>La fondation ProTier s&#8217;engage depuis pr\u00e8s de 75 ans pour un \u00e9levage qui respecte le bien-\u00eatre des animaux. Patrick Schneider explique comment des sujets d&#8217;actualit\u00e9 comme la pand\u00e9mie de coronavirus, le changement climatique et notre comportement alimentaire sont li\u00e9s au bien-\u00eatre animal.<\/p>\n","protected":false},"author":6028,"featured_media":54828,"comment_status":"open","ping_status":"closed","sticky":false,"template":"","format":"standard","meta":{"_acf_changed":false,"footnotes":""},"categories":[2450],"tags":[2585,2469],"class_list":["post-55465","post","type-post","status-publish","format-standard","has-post-thumbnail","hentry","category-oeuvres-caritatives","tag-protection-des-animaux","tag-quel-effet-mon-heritage-peut-il-avoir"],"acf":[],"yoast_head":"<title>L&#039;organisation de protection des animaux ProTier s&#039;engage pour le bien-\u00eatre des animaux | DeinAdieu<\/title>\n<meta name=\"description\" content=\"La fondation ProTier s&#039;engage pour le bien-\u00eatre des animaux : entretien avec le directeur Patrick Schneider.\" \/>\n<meta name=\"robots\" content=\"index, follow, max-snippet:-1, max-image-preview:large, max-video-preview:-1\" \/>\n<link rel=\"canonical\" href=\"https:\/\/www.deinadieu.ch\/fr\/notre-objectif-principal-est-de-sauver-des-vies-animales-et-de-promouvoir-le-bien-etre-des-animaux\/\" \/>\n<meta property=\"og:locale\" content=\"fr_FR\" \/>\n<meta property=\"og:type\" content=\"article\" \/>\n<meta property=\"og:title\" content=\"\u00ab Notre objectif principal est de sauver des vies animales et de promouvoir le bien-\u00eatre des animaux \u00bb\" \/>\n<meta property=\"og:description\" content=\"La fondation ProTier s&#039;engage depuis pr\u00e8s de 75 ans pour un \u00e9levage qui respecte le bien-\u00eatre des animaux. Patrick Schneider explique comment des sujets\" \/>\n<meta property=\"og:url\" content=\"https:\/\/www.deinadieu.ch\/fr\/notre-objectif-principal-est-de-sauver-des-vies-animales-et-de-promouvoir-le-bien-etre-des-animaux\/\" \/>\n<meta property=\"og:site_name\" content=\"DeinAdieu.ch\" \/>\n<meta property=\"article:publisher\" content=\"https:\/\/www.facebook.com\/deinadieu\" \/>\n<meta property=\"article:published_time\" content=\"2021-12-29T07:00:00+00:00\" \/>\n<meta property=\"article:modified_time\" content=\"2023-05-18T13:30:17+00:00\" \/>\n<meta property=\"og:image\" content=\"https:\/\/static.deinadieu.ch\/uploads\/2021\/12\/protier_0035-1-scaled.jpg\" \/>\n\t<meta property=\"og:image:width\" content=\"2560\" \/>\n\t<meta property=\"og:image:height\" content=\"1707\" \/>\n\t<meta property=\"og:image:type\" content=\"image\/jpeg\" \/>\n<meta name=\"author\" content=\"Janina Gehrig, MA UZH, Redaktorin\" \/>\n<meta name=\"twitter:card\" content=\"summary_large_image\" \/>\n<meta name=\"twitter:creator\" content=\"@DeinAdieu\" \/>\n<meta name=\"twitter:site\" content=\"@DeinAdieu\" \/>\n<meta name=\"twitter:label1\" content=\"Written by\" \/>\n\t<meta name=\"twitter:data1\" content=\"Janina Gehrig, MA UZH, Redaktorin\" \/>\n\t<meta name=\"twitter:label2\" content=\"Est. reading time\" \/>\n\t<meta name=\"twitter:data2\" content=\"5 minutes\" \/>\n<script type=\"application\/ld+json\" class=\"yoast-schema-graph\">{\"@context\":\"https:\\\/\\\/schema.org\",\"@graph\":[{\"@type\":\"Article\",\"@id\":\"https:\\\/\\\/www.deinadieu.ch\\\/fr\\\/notre-objectif-principal-est-de-sauver-des-vies-animales-et-de-promouvoir-le-bien-etre-des-animaux\\\/#article\",\"isPartOf\":{\"@id\":\"https:\\\/\\\/www.deinadieu.ch\\\/fr\\\/notre-objectif-principal-est-de-sauver-des-vies-animales-et-de-promouvoir-le-bien-etre-des-animaux\\\/\"},\"author\":{\"name\":\"Janina Gehrig, MA UZH, Redaktorin\",\"@id\":\"https:\\\/\\\/www.deinadieu.ch\\\/fr\\\/#\\\/schema\\\/person\\\/78cffe1cb679e17f919e3d0c0e7b9673\"},\"headline\":\"\u00ab Notre objectif principal est de sauver des vies animales et de promouvoir le bien-\u00eatre des animaux \u00bb\",\"datePublished\":\"2021-12-29T07:00:00+00:00\",\"dateModified\":\"2023-05-18T13:30:17+00:00\",\"mainEntityOfPage\":{\"@id\":\"https:\\\/\\\/www.deinadieu.ch\\\/fr\\\/notre-objectif-principal-est-de-sauver-des-vies-animales-et-de-promouvoir-le-bien-etre-des-animaux\\\/\"},\"wordCount\":1040,\"commentCount\":0,\"publisher\":{\"@id\":\"https:\\\/\\\/www.deinadieu.ch\\\/fr\\\/#organization\"},\"image\":{\"@id\":\"https:\\\/\\\/www.deinadieu.ch\\\/fr\\\/notre-objectif-principal-est-de-sauver-des-vies-animales-et-de-promouvoir-le-bien-etre-des-animaux\\\/#primaryimage\"},\"thumbnailUrl\":\"https:\\\/\\\/www.deinadieu.ch\\\/wp-content\\\/uploads\\\/2021\\\/12\\\/protier_0035-1-scaled.jpg\",\"keywords\":[\"Protection des animaux\",\"Quel effet mon h\u00e9ritage peut-il avoir ?\"],\"articleSection\":[\"\u0152uvres caritatives en point de mire\"],\"inLanguage\":\"fr-FR\",\"potentialAction\":[{\"@type\":\"CommentAction\",\"name\":\"Comment\",\"target\":[\"https:\\\/\\\/www.deinadieu.ch\\\/fr\\\/notre-objectif-principal-est-de-sauver-des-vies-animales-et-de-promouvoir-le-bien-etre-des-animaux\\\/#respond\"]}]},{\"@type\":\"WebPage\",\"@id\":\"https:\\\/\\\/www.deinadieu.ch\\\/fr\\\/notre-objectif-principal-est-de-sauver-des-vies-animales-et-de-promouvoir-le-bien-etre-des-animaux\\\/\",\"url\":\"https:\\\/\\\/www.deinadieu.ch\\\/fr\\\/notre-objectif-principal-est-de-sauver-des-vies-animales-et-de-promouvoir-le-bien-etre-des-animaux\\\/\",\"name\":\"L'organisation de protection des animaux ProTier s'engage pour le bien-\u00eatre des animaux | DeinAdieu\",\"isPartOf\":{\"@id\":\"https:\\\/\\\/www.deinadieu.ch\\\/fr\\\/#website\"},\"primaryImageOfPage\":{\"@id\":\"https:\\\/\\\/www.deinadieu.ch\\\/fr\\\/notre-objectif-principal-est-de-sauver-des-vies-animales-et-de-promouvoir-le-bien-etre-des-animaux\\\/#primaryimage\"},\"image\":{\"@id\":\"https:\\\/\\\/www.deinadieu.ch\\\/fr\\\/notre-objectif-principal-est-de-sauver-des-vies-animales-et-de-promouvoir-le-bien-etre-des-animaux\\\/#primaryimage\"},\"thumbnailUrl\":\"https:\\\/\\\/www.deinadieu.ch\\\/wp-content\\\/uploads\\\/2021\\\/12\\\/protier_0035-1-scaled.jpg\",\"datePublished\":\"2021-12-29T07:00:00+00:00\",\"dateModified\":\"2023-05-18T13:30:17+00:00\",\"description\":\"La fondation ProTier s'engage pour le bien-\u00eatre des animaux : entretien avec le directeur Patrick Schneider.\",\"breadcrumb\":{\"@id\":\"https:\\\/\\\/www.deinadieu.ch\\\/fr\\\/notre-objectif-principal-est-de-sauver-des-vies-animales-et-de-promouvoir-le-bien-etre-des-animaux\\\/#breadcrumb\"},\"inLanguage\":\"fr-FR\",\"potentialAction\":[{\"@type\":\"ReadAction\",\"target\":[\"https:\\\/\\\/www.deinadieu.ch\\\/fr\\\/notre-objectif-principal-est-de-sauver-des-vies-animales-et-de-promouvoir-le-bien-etre-des-animaux\\\/\"]}]},{\"@type\":\"ImageObject\",\"inLanguage\":\"fr-FR\",\"@id\":\"https:\\\/\\\/www.deinadieu.ch\\\/fr\\\/notre-objectif-principal-est-de-sauver-des-vies-animales-et-de-promouvoir-le-bien-etre-des-animaux\\\/#primaryimage\",\"url\":\"https:\\\/\\\/www.deinadieu.ch\\\/wp-content\\\/uploads\\\/2021\\\/12\\\/protier_0035-1-scaled.jpg\",\"contentUrl\":\"https:\\\/\\\/www.deinadieu.ch\\\/wp-content\\\/uploads\\\/2021\\\/12\\\/protier_0035-1-scaled.jpg\",\"width\":2560,\"height\":1707,\"caption\":\"Patrick Schneider est le directeur de la fondation ProTier, qui s'engage pour le bien-\u00eatre des animaux en Suisse.\"},{\"@type\":\"BreadcrumbList\",\"@id\":\"https:\\\/\\\/www.deinadieu.ch\\\/fr\\\/notre-objectif-principal-est-de-sauver-des-vies-animales-et-de-promouvoir-le-bien-etre-des-animaux\\\/#breadcrumb\",\"itemListElement\":[{\"@type\":\"ListItem\",\"position\":1,\"name\":\"Home\",\"item\":\"https:\\\/\\\/www.deinadieu.ch\\\/fr\\\/deinadieu-dialog-und-serviceportal-zum-lebensende\\\/\"},{\"@type\":\"ListItem\",\"position\":2,\"name\":\"\u00ab Notre objectif principal est de sauver des vies animales et de promouvoir le bien-\u00eatre des animaux \u00bb\"}]},{\"@type\":\"WebSite\",\"@id\":\"https:\\\/\\\/www.deinadieu.ch\\\/fr\\\/#website\",\"url\":\"https:\\\/\\\/www.deinadieu.ch\\\/fr\\\/\",\"name\":\"DeinAdieu.ch\",\"description\":\"Testament, Patientenverf\u00fcgung und Vorsorgeauftrag\",\"publisher\":{\"@id\":\"https:\\\/\\\/www.deinadieu.ch\\\/fr\\\/#organization\"},\"potentialAction\":[{\"@type\":\"SearchAction\",\"target\":{\"@type\":\"EntryPoint\",\"urlTemplate\":\"https:\\\/\\\/www.deinadieu.ch\\\/fr\\\/?s={search_term_string}\"},\"query-input\":{\"@type\":\"PropertyValueSpecification\",\"valueRequired\":true,\"valueName\":\"search_term_string\"}}],\"inLanguage\":\"fr-FR\"},{\"@type\":\"Organization\",\"@id\":\"https:\\\/\\\/www.deinadieu.ch\\\/fr\\\/#organization\",\"name\":\"EMNA Web GmbH\",\"url\":\"https:\\\/\\\/www.deinadieu.ch\\\/fr\\\/\",\"logo\":{\"@type\":\"ImageObject\",\"inLanguage\":\"fr-FR\",\"@id\":\"https:\\\/\\\/www.deinadieu.ch\\\/fr\\\/#\\\/schema\\\/logo\\\/image\\\/\",\"url\":\"https:\\\/\\\/www.deinadieu.ch\\\/wp-content\\\/uploads\\\/2016\\\/01\\\/DeinAdieu_Logo.png\",\"contentUrl\":\"https:\\\/\\\/www.deinadieu.ch\\\/wp-content\\\/uploads\\\/2016\\\/01\\\/DeinAdieu_Logo.png\",\"width\":300,\"height\":117,\"caption\":\"EMNA Web GmbH\"},\"image\":{\"@id\":\"https:\\\/\\\/www.deinadieu.ch\\\/fr\\\/#\\\/schema\\\/logo\\\/image\\\/\"},\"sameAs\":[\"https:\\\/\\\/www.facebook.com\\\/deinadieu\",\"https:\\\/\\\/x.com\\\/DeinAdieu\",\"https:\\\/\\\/www.instagram.com\\\/deinadieu\\\/\",\"https:\\\/\\\/www.linkedin.com\\\/company\\\/deinadieu.ch\"]},{\"@type\":\"Person\",\"@id\":\"https:\\\/\\\/www.deinadieu.ch\\\/fr\\\/#\\\/schema\\\/person\\\/78cffe1cb679e17f919e3d0c0e7b9673\",\"name\":\"Janina Gehrig, MA UZH, Redaktorin\",\"image\":{\"@type\":\"ImageObject\",\"inLanguage\":\"fr-FR\",\"@id\":\"https:\\\/\\\/secure.gravatar.com\\\/avatar\\\/8bfc4dca12cd7c0a0373c12f34587d1f6a6117903e7ecc0035863bd69df6fb07?s=96&d=mm&r=g\",\"url\":\"https:\\\/\\\/secure.gravatar.com\\\/avatar\\\/8bfc4dca12cd7c0a0373c12f34587d1f6a6117903e7ecc0035863bd69df6fb07?s=96&d=mm&r=g\",\"contentUrl\":\"https:\\\/\\\/secure.gravatar.com\\\/avatar\\\/8bfc4dca12cd7c0a0373c12f34587d1f6a6117903e7ecc0035863bd69df6fb07?s=96&d=mm&r=g\",\"caption\":\"Janina Gehrig, MA UZH, Redaktorin\"},\"url\":\"https:\\\/\\\/www.deinadieu.ch\\\/fr\\\/author\\\/janinagehrig\\\/\"}]}<\/script>","yoast_head_json":{"title":"L'organisation de protection des animaux ProTier s'engage pour le bien-\u00eatre des animaux | DeinAdieu","description":"La fondation ProTier s'engage pour le bien-\u00eatre des animaux : entretien avec le directeur Patrick Schneider.","robots":{"index":"index","follow":"follow","max-snippet":"max-snippet:-1","max-image-preview":"max-image-preview:large","max-video-preview":"max-video-preview:-1"},"canonical":"https:\/\/www.deinadieu.ch\/fr\/notre-objectif-principal-est-de-sauver-des-vies-animales-et-de-promouvoir-le-bien-etre-des-animaux\/","og_locale":"fr_FR","og_type":"article","og_title":"\u00ab Notre objectif principal est de sauver des vies animales et de promouvoir le bien-\u00eatre des animaux \u00bb","og_description":"La fondation ProTier s'engage depuis pr\u00e8s de 75 ans pour un \u00e9levage qui respecte le bien-\u00eatre des animaux. Patrick Schneider explique comment des sujets","og_url":"https:\/\/www.deinadieu.ch\/fr\/notre-objectif-principal-est-de-sauver-des-vies-animales-et-de-promouvoir-le-bien-etre-des-animaux\/","og_site_name":"DeinAdieu.ch","article_publisher":"https:\/\/www.facebook.com\/deinadieu","article_published_time":"2021-12-29T07:00:00+00:00","article_modified_time":"2023-05-18T13:30:17+00:00","og_image":[{"width":2560,"height":1707,"url":"https:\/\/static.deinadieu.ch\/uploads\/2021\/12\/protier_0035-1-scaled.jpg","type":"image\/jpeg"}],"author":"Janina Gehrig, MA UZH, Redaktorin","twitter_card":"summary_large_image","twitter_creator":"@DeinAdieu","twitter_site":"@DeinAdieu","twitter_misc":{"Written by":"Janina Gehrig, MA UZH, Redaktorin","Est. reading time":"5 minutes"},"schema":{"@context":"https:\/\/schema.org","@graph":[{"@type":"Article","@id":"https:\/\/www.deinadieu.ch\/fr\/notre-objectif-principal-est-de-sauver-des-vies-animales-et-de-promouvoir-le-bien-etre-des-animaux\/#article","isPartOf":{"@id":"https:\/\/www.deinadieu.ch\/fr\/notre-objectif-principal-est-de-sauver-des-vies-animales-et-de-promouvoir-le-bien-etre-des-animaux\/"},"author":{"name":"Janina Gehrig, MA UZH, Redaktorin","@id":"https:\/\/www.deinadieu.ch\/fr\/#\/schema\/person\/78cffe1cb679e17f919e3d0c0e7b9673"},"headline":"\u00ab Notre objectif principal est de sauver des vies animales et de promouvoir le bien-\u00eatre des animaux \u00bb","datePublished":"2021-12-29T07:00:00+00:00","dateModified":"2023-05-18T13:30:17+00:00","mainEntityOfPage":{"@id":"https:\/\/www.deinadieu.ch\/fr\/notre-objectif-principal-est-de-sauver-des-vies-animales-et-de-promouvoir-le-bien-etre-des-animaux\/"},"wordCount":1040,"commentCount":0,"publisher":{"@id":"https:\/\/www.deinadieu.ch\/fr\/#organization"},"image":{"@id":"https:\/\/www.deinadieu.ch\/fr\/notre-objectif-principal-est-de-sauver-des-vies-animales-et-de-promouvoir-le-bien-etre-des-animaux\/#primaryimage"},"thumbnailUrl":"https:\/\/www.deinadieu.ch\/wp-content\/uploads\/2021\/12\/protier_0035-1-scaled.jpg","keywords":["Protection des animaux","Quel effet mon h\u00e9ritage peut-il avoir ?"],"articleSection":["\u0152uvres caritatives en point de mire"],"inLanguage":"fr-FR","potentialAction":[{"@type":"CommentAction","name":"Comment","target":["https:\/\/www.deinadieu.ch\/fr\/notre-objectif-principal-est-de-sauver-des-vies-animales-et-de-promouvoir-le-bien-etre-des-animaux\/#respond"]}]},{"@type":"WebPage","@id":"https:\/\/www.deinadieu.ch\/fr\/notre-objectif-principal-est-de-sauver-des-vies-animales-et-de-promouvoir-le-bien-etre-des-animaux\/","url":"https:\/\/www.deinadieu.ch\/fr\/notre-objectif-principal-est-de-sauver-des-vies-animales-et-de-promouvoir-le-bien-etre-des-animaux\/","name":"L'organisation de protection des animaux ProTier s'engage pour le bien-\u00eatre des animaux | DeinAdieu","isPartOf":{"@id":"https:\/\/www.deinadieu.ch\/fr\/#website"},"primaryImageOfPage":{"@id":"https:\/\/www.deinadieu.ch\/fr\/notre-objectif-principal-est-de-sauver-des-vies-animales-et-de-promouvoir-le-bien-etre-des-animaux\/#primaryimage"},"image":{"@id":"https:\/\/www.deinadieu.ch\/fr\/notre-objectif-principal-est-de-sauver-des-vies-animales-et-de-promouvoir-le-bien-etre-des-animaux\/#primaryimage"},"thumbnailUrl":"https:\/\/www.deinadieu.ch\/wp-content\/uploads\/2021\/12\/protier_0035-1-scaled.jpg","datePublished":"2021-12-29T07:00:00+00:00","dateModified":"2023-05-18T13:30:17+00:00","description":"La fondation ProTier s'engage pour le bien-\u00eatre des animaux : entretien avec le directeur Patrick Schneider.","breadcrumb":{"@id":"https:\/\/www.deinadieu.ch\/fr\/notre-objectif-principal-est-de-sauver-des-vies-animales-et-de-promouvoir-le-bien-etre-des-animaux\/#breadcrumb"},"inLanguage":"fr-FR","potentialAction":[{"@type":"ReadAction","target":["https:\/\/www.deinadieu.ch\/fr\/notre-objectif-principal-est-de-sauver-des-vies-animales-et-de-promouvoir-le-bien-etre-des-animaux\/"]}]},{"@type":"ImageObject","inLanguage":"fr-FR","@id":"https:\/\/www.deinadieu.ch\/fr\/notre-objectif-principal-est-de-sauver-des-vies-animales-et-de-promouvoir-le-bien-etre-des-animaux\/#primaryimage","url":"https:\/\/www.deinadieu.ch\/wp-content\/uploads\/2021\/12\/protier_0035-1-scaled.jpg","contentUrl":"https:\/\/www.deinadieu.ch\/wp-content\/uploads\/2021\/12\/protier_0035-1-scaled.jpg","width":2560,"height":1707,"caption":"Patrick Schneider est le directeur de la fondation ProTier, qui s'engage pour le bien-\u00eatre des animaux en Suisse."},{"@type":"BreadcrumbList","@id":"https:\/\/www.deinadieu.ch\/fr\/notre-objectif-principal-est-de-sauver-des-vies-animales-et-de-promouvoir-le-bien-etre-des-animaux\/#breadcrumb","itemListElement":[{"@type":"ListItem","position":1,"name":"Home","item":"https:\/\/www.deinadieu.ch\/fr\/deinadieu-dialog-und-serviceportal-zum-lebensende\/"},{"@type":"ListItem","position":2,"name":"\u00ab Notre objectif principal est de sauver des vies animales et de promouvoir le bien-\u00eatre des animaux \u00bb"}]},{"@type":"WebSite","@id":"https:\/\/www.deinadieu.ch\/fr\/#website","url":"https:\/\/www.deinadieu.ch\/fr\/","name":"DeinAdieu.ch","description":"Testament, Patientenverf\u00fcgung und Vorsorgeauftrag","publisher":{"@id":"https:\/\/www.deinadieu.ch\/fr\/#organization"},"potentialAction":[{"@type":"SearchAction","target":{"@type":"EntryPoint","urlTemplate":"https:\/\/www.deinadieu.ch\/fr\/?s={search_term_string}"},"query-input":{"@type":"PropertyValueSpecification","valueRequired":true,"valueName":"search_term_string"}}],"inLanguage":"fr-FR"},{"@type":"Organization","@id":"https:\/\/www.deinadieu.ch\/fr\/#organization","name":"EMNA Web GmbH","url":"https:\/\/www.deinadieu.ch\/fr\/","logo":{"@type":"ImageObject","inLanguage":"fr-FR","@id":"https:\/\/www.deinadieu.ch\/fr\/#\/schema\/logo\/image\/","url":"https:\/\/www.deinadieu.ch\/wp-content\/uploads\/2016\/01\/DeinAdieu_Logo.png","contentUrl":"https:\/\/www.deinadieu.ch\/wp-content\/uploads\/2016\/01\/DeinAdieu_Logo.png","width":300,"height":117,"caption":"EMNA Web GmbH"},"image":{"@id":"https:\/\/www.deinadieu.ch\/fr\/#\/schema\/logo\/image\/"},"sameAs":["https:\/\/www.facebook.com\/deinadieu","https:\/\/x.com\/DeinAdieu","https:\/\/www.instagram.com\/deinadieu\/","https:\/\/www.linkedin.com\/company\/deinadieu.ch"]},{"@type":"Person","@id":"https:\/\/www.deinadieu.ch\/fr\/#\/schema\/person\/78cffe1cb679e17f919e3d0c0e7b9673","name":"Janina Gehrig, MA UZH, Redaktorin","image":{"@type":"ImageObject","inLanguage":"fr-FR","@id":"https:\/\/secure.gravatar.com\/avatar\/8bfc4dca12cd7c0a0373c12f34587d1f6a6117903e7ecc0035863bd69df6fb07?s=96&d=mm&r=g","url":"https:\/\/secure.gravatar.com\/avatar\/8bfc4dca12cd7c0a0373c12f34587d1f6a6117903e7ecc0035863bd69df6fb07?s=96&d=mm&r=g","contentUrl":"https:\/\/secure.gravatar.com\/avatar\/8bfc4dca12cd7c0a0373c12f34587d1f6a6117903e7ecc0035863bd69df6fb07?s=96&d=mm&r=g","caption":"Janina Gehrig, MA UZH, Redaktorin"},"url":"https:\/\/www.deinadieu.ch\/fr\/author\/janinagehrig\/"}]}},"_links":{"self":[{"href":"https:\/\/www.deinadieu.ch\/fr\/wp-json\/wp\/v2\/posts\/55465","targetHints":{"allow":["GET"]}}],"collection":[{"href":"https:\/\/www.deinadieu.ch\/fr\/wp-json\/wp\/v2\/posts"}],"about":[{"href":"https:\/\/www.deinadieu.ch\/fr\/wp-json\/wp\/v2\/types\/post"}],"author":[{"embeddable":true,"href":"https:\/\/www.deinadieu.ch\/fr\/wp-json\/wp\/v2\/users\/6028"}],"replies":[{"embeddable":true,"href":"https:\/\/www.deinadieu.ch\/fr\/wp-json\/wp\/v2\/comments?post=55465"}],"version-history":[{"count":9,"href":"https:\/\/www.deinadieu.ch\/fr\/wp-json\/wp\/v2\/posts\/55465\/revisions"}],"predecessor-version":[{"id":63706,"href":"https:\/\/www.deinadieu.ch\/fr\/wp-json\/wp\/v2\/posts\/55465\/revisions\/63706"}],"wp:featuredmedia":[{"embeddable":true,"href":"https:\/\/www.deinadieu.ch\/fr\/wp-json\/wp\/v2\/media\/54828"}],"wp:attachment":[{"href":"https:\/\/www.deinadieu.ch\/fr\/wp-json\/wp\/v2\/media?parent=55465"}],"wp:term":[{"taxonomy":"category","embeddable":true,"href":"https:\/\/www.deinadieu.ch\/fr\/wp-json\/wp\/v2\/categories?post=55465"},{"taxonomy":"post_tag","embeddable":true,"href":"https:\/\/www.deinadieu.ch\/fr\/wp-json\/wp\/v2\/tags?post=55465"}],"curies":[{"name":"wp","href":"https:\/\/api.w.org\/{rel}","templated":true}]}}