{"id":52301,"date":"2021-07-18T15:04:00","date_gmt":"2021-07-18T13:04:00","guid":{"rendered":"https:\/\/www.deinadieu.ch\/je-souhaite-faire-don-dune-partie-de-ma-fortune-pour-une-bonne-cause\/"},"modified":"2024-08-13T14:36:00","modified_gmt":"2024-08-13T12:36:00","slug":"je-souhaite-faire-don-dune-partie-de-ma-fortune-pour-une-bonne-cause","status":"publish","type":"post","link":"https:\/\/www.deinadieu.ch\/fr\/je-souhaite-faire-don-dune-partie-de-ma-fortune-pour-une-bonne-cause\/","title":{"rendered":"\u00ab Je souhaite faire don d&#8217;une partie de ma fortune pour une bonne cause \u00bb"},"content":{"rendered":"\n<p>Andr\u00e9 Dunand s&#8217;engage pour la culture des abeilles sauvages au sein du comit\u00e9 de FreeTheBees. Il envisage actuellement de faire don d&#8217;une part de sa succession pour la libert\u00e9 des abeilles. Une interview sur ses motivations et le contexte dans lequel elles s&#8217;inscrivent.<\/p>\n\n<!--more-->\n\n<h3 class=\"wp-block-heading\" id=\"h-sie-sind-vorstandsmitglied-fur-freethebees-in-der-westschweiz-wie-ist-es-dazu-gekommen\"><strong>Vous \u00eates membre du comit\u00e9 de FreeTheBees en Suisse romande. Comment \u00eates-vous arriv\u00e9 l\u00e0 ? <\/strong><\/h3>\n\n<p>J&#8217;ai toujours \u00e9t\u00e9 tr\u00e8s int\u00e9ress\u00e9 par la conservation de la nature et de la biodiversit\u00e9. Malheureusement, j&#8217;ai eu trop peu de temps \u00e0 consacrer \u00e0 ce sujet pendant ma vie professionnelle. Depuis avril 2020, je profite d&#8217;une retraite anticip\u00e9e et je peux consacrer davantage de temps \u00e0 toutes les activit\u00e9s que je n\u00e9gligeais auparavant. Par un heureux hasard, je suis entr\u00e9 en contact avec <a href=\"https:\/\/freethebees.ch\/\" target=\"_blank\" rel=\"noreferrer noopener\">FreeTheBees<\/a> et j&#8217;ai suivi un cours d&#8217;Andr\u00e9 Wermelinger. La philosophie et l&#8217;approche globale m&#8217;ont convaincu d&#8217;embl\u00e9e. A compter de ce moment, j&#8217;ai d\u00e9cid\u00e9 de m&#8217;engager pour FreeTheBees. Par la suite, une chose en a entra\u00een\u00e9 une autre : lors de la premi\u00e8re s\u00e9ance, j&#8217;ai \u00e9t\u00e9 \u00e9lu responsable de FreeTheBees Suisse romande et je suis imm\u00e9diatement devenu membre du comit\u00e9 suisse.<\/p>\n\n<figure class=\"wp-block-image size-large\"><img loading=\"lazy\" decoding=\"async\" width=\"1024\" height=\"683\" src=\"https:\/\/www.deinadieu.ch\/wp-content\/uploads\/2021\/07\/dA_PAD_MFR0881-1024x683.jpg\" alt=\"\" class=\"wp-image-51329\" srcset=\"https:\/\/www.deinadieu.ch\/wp-content\/uploads\/2021\/07\/dA_PAD_MFR0881-1024x683.jpg 1024w, https:\/\/www.deinadieu.ch\/wp-content\/uploads\/2021\/07\/dA_PAD_MFR0881-300x200.jpg 300w, https:\/\/www.deinadieu.ch\/wp-content\/uploads\/2021\/07\/dA_PAD_MFR0881.jpg 1200w\" sizes=\"auto, (max-width: 1024px) 100vw, 1024px\" \/><figcaption class=\"wp-element-caption\">Andr\u00e9 Dunand dans une verte prairie (image : Manu Friederich)<\/figcaption><\/figure>\n\n<h3 class=\"wp-block-heading\" id=\"h-warum-liegen-ihnen-insbesondere-bienen-am-herzen\"><strong>Pourquoi les abeilles en particulier vous tiennent-elles \u00e0 c\u0153ur ?<\/strong><strong><\/strong><\/h3>\n\n<p>Les abeilles sont vitales pour la nature, pour la pollinisation et pour l&#8217;\u00e9quilibre naturel. Cela faisait longtemps que je voulais m&#8217;engager pour cette noble cause et j&#8217;ai enfin pu commencer \u00e0 le faire. J&#8217;ai imm\u00e9diatement acquis deux ruches et j&#8217;ai am\u00e9nag\u00e9 deux prairies fleuries.<\/p>\n\n<p>D&#8217;une part, je suis fascin\u00e9 par le mode de vie et la structure des colonies d&#8217;abeilles. L\u2019organisation est claire : il y a la reine qui pond des oeufs ainsi que les m\u00e2les, appel\u00e9s faux bourdons, qui servent uniquement \u00e0 la reproduction et qui sont tu\u00e9s une fois leur t\u00e2che accomplie. Autour d&#8217;eux, la colonie d&#8217;abeilles femelles veille au bien-\u00eatre du couvain et de la reine. Ce qui est fascinant chez les femelles, c&#8217;est qu&#8217;elles changent de r\u00f4les tout au long de leur vie. Elles se d\u00e9veloppent avec l&#8217;\u00e2ge et assument d&#8217;autres t\u00e2ches.<\/p>\n\n<p>D&#8217;autre part, j&#8217;aime passer du temps \u00e0 observer les abeilles, \u00e0 m&#8217;assurer qu&#8217;elles vont bien et \u00e0 \u00e9couter leur bourdonnement. c&#8217;est tr\u00e8s relaxant. M\u00eame ma petite-fille de trois ans est d\u00e9j\u00e0 fascin\u00e9e par le r\u00f4le de la reine. elle m&#8217;accompagne souvent lors de mes balades d&#8217;observation.<\/p>\n\n<h3 class=\"wp-block-heading\" id=\"h-wie-geht-es-den-bienen-generell\"><strong>Comment vont les abeilles de mani\u00e8re g\u00e9n\u00e9rale ?<\/strong> <\/h3>\n\n<p>Elles jouissent g\u00e9n\u00e9ralement d&#8217;une incroyable popularit\u00e9. Malheureusement, le public est mal inform\u00e9 sur la situation r\u00e9elle des abeilles, notamment des abeilles mellif\u00e8res. Le fait est que la plupart des apiculteurs pratiquent l&#8217;\u00e9levage intensif. Ils consid\u00e8rent les abeilles principalement comme des productrices de miel et ils les surexploitent. En outre, la plupart des apiculteurs a recours \u00e0 des produits dangereux comme l\u2019acide oxalique. Nous sommes ainsi tr\u00e8s \u00e9loign\u00e9s d&#8217;un monde idyllique et respectueux dans les ruches.<\/p>\n\n<h3 class=\"wp-block-heading\" id=\"h-was-mussten-die-bienenhalter-andern\"><strong>Que devraient changer les apiculteurs ?<\/strong><strong><\/strong><\/h3>\n\n<p>Il y a trois choses qui sont en m\u00eame temps les <strong>trois piliers<\/strong> sur lesquels FreeTheBees base sa philosophie :<\/p>\n\n<p><strong>Premi\u00e8rement, l&#8217;abeille doit retourner dans la nature sauvage<\/strong>. Ce n&#8217;est qu&#8217;ainsi qu&#8217;elle pourra s&#8217;adapter au d\u00e9veloppement de la nature, comme elle l&#8217;a fait jusqu&#8217;\u00e0 pr\u00e9sent. Elever des abeilles exclusivement dans des ruches et contr\u00f4ler leur production de miel n&#8217;est pas compatible avec une vie \u00e0 l&#8217;\u00e9tat sauvage.<\/p>\n\n<p><strong>Deuxi\u00e8mement, l&#8217;apiculture doit devenir durable<\/strong>. Pour atteindre cet objectif, FreeTheBees organise des cours de formation pour les apiculteurs, lors desquels ceux-ci apprennent \u00e0 diversifier l&#8217;apiculture d&#8217;une mani\u00e8re durable et \u00e0 l&#8217;exploiter de mani\u00e8re moins intensive.<\/p>\n\n<p><strong>Troisi\u00e8mement, l&#8217;habitat des abeilles doit \u00eatre revaloris\u00e9<\/strong>. Cela signifie que partout o\u00f9 elles ne peuvent pas survivre par elles-m\u00eames, nous devons augmenter la diversit\u00e9 des plantes mellif\u00e8res \u00e0 fleurs. En outre, nous pouvons favoriser le peuplement d&#8217;arbres creux ou l&#8217;existence de cavit\u00e9s dans les arbres et cr\u00e9er ainsi un habitat important.<\/p>\n\n<h3 class=\"wp-block-heading\" id=\"h-wie-geht-es-ihren-eigenen-bienen\"><strong>Comment se portent vos propres abeilles ? <\/strong><strong><\/strong><\/h3>\n\n<p>Comme je n&#8217;ai commenc\u00e9 \u00e0 \u00e9lever des abeilles qu&#8217;au mois d&#8217;avril, mon exp\u00e9rience est encore toute fra\u00eeche. Mon objectif premier est de fournir un habitat naturel et sauvage aux colonies d&#8217;abeilles, raison pour laquelle j&#8217;ai install\u00e9 deux mod\u00e8les de ruches de SwissTree comme abri en 2020. L&#8217;habitat de SwissTree a \u00e9t\u00e9 d\u00e9velopp\u00e9 gr\u00e2ce \u00e0 la collaboration entre FreeTheBees et la soci\u00e9t\u00e9 <a href=\"https:\/\/www.nova-ruder.ch\/bienenbaum\" target=\"_blank\" rel=\"noreferrer noopener\">Nova Ruder<\/a>. SwissTree facilite le retour \u00e0 la nature des colonies d&#8217;abeilles. Sa forme ressemble aux cavit\u00e9s naturelles des arbres dans lesquelles les insectes \u00e9lisent domicile dans la nature. Contrairement \u00e0 une ruche traditionnelle, les parois du SwissTree sont plus \u00e9paisses et offrent aux abeilles une meilleure protection contre la chaleur en \u00e9t\u00e9 et contre le froid en hiver. Une colonie d&#8217;abeilles peut hiverner dans une ruche de type SwissTree avec seulement trois kilos de miel, alors qu&#8217;il en faut au moins quatre fois plus pour survivre dans une ruche traditionnelle.<\/p>\n\n<figure class=\"wp-block-image size-large\"><img loading=\"lazy\" decoding=\"async\" width=\"1024\" height=\"683\" src=\"https:\/\/www.deinadieu.ch\/wp-content\/uploads\/2021\/07\/dA_PAD_MFR0875-1024x683.jpg\" alt=\"\" class=\"wp-image-51319\" srcset=\"https:\/\/www.deinadieu.ch\/wp-content\/uploads\/2021\/07\/dA_PAD_MFR0875-1024x683.jpg 1024w, https:\/\/www.deinadieu.ch\/wp-content\/uploads\/2021\/07\/dA_PAD_MFR0875-300x200.jpg 300w, https:\/\/www.deinadieu.ch\/wp-content\/uploads\/2021\/07\/dA_PAD_MFR0875.jpg 1200w\" sizes=\"auto, (max-width: 1024px) 100vw, 1024px\" \/><figcaption class=\"wp-element-caption\">Dans une ruche de type SwissTree, une colonie d&#8217;abeilles peut survivre avec un quart du miel dont elle a normalement besoin. (Photo : Manu Friederich)<\/figcaption><\/figure>\n\n<h3 class=\"wp-block-heading\" id=\"h-haben-sie-bezuglich-freethebees-eine-vision-wenn-ja-wie-realistisch-ist-deren-umsetzung-was-braucht-es-dazu\"><strong>Avez-vous une vision concernant FreeTheBees ? Si oui, dans quelle mesure sa mise en \u0153uvre est-elle r\u00e9aliste ? Que faut-il pour y parvenir ?<\/strong><\/h3>\n\n<p>Il s&#8217;agit du retour de l&#8217;abeille \u00e0 l&#8217;\u00e9tat sauvage. il est important pour moi de tout mettre en \u0153uvre pour que cela se produise. Il convient \u00e9galement d&#8217;informer en permanence le public sur la r\u00e9alit\u00e9 d\u00e9primante des abeilles dans l&#8217;apiculture et sur les dangers de l&#8217;\u00e9levage intensif.<\/p>\n\n<h3 class=\"wp-block-heading\" id=\"h-haben-sie-ein-personliches-lebensmotto\"><strong>Avez-vous une devise personnelle ?<\/strong><strong><\/strong><\/h3>\n\n<p>Il faut toujours voir le verre \u00e0 moiti\u00e9 plein.<\/p>\n\n<h3 class=\"wp-block-heading\" id=\"h-wie-sind-sie-auf-die-idee-gekommen-einen-teil-ihrer-erbschaft-an-freethebees-zu-spenden-was-motiviert-sie-dazu\"><strong>Comment vous est venue l&#8217;id\u00e9e de faire don d&#8217;une partie de votre succession \u00e0 FreeTheBees ? Qu&#8217;est-ce qui vous motive \u00e0 le faire ?<\/strong><\/h3>\n\n<p>Je suis \u00e0 la retraite depuis une ann\u00e9e, je n&#8217;ai pas de soucis financiers et ma maison est d\u00e9j\u00e0 au nom de notre fils unique, ce qui a donn\u00e9 l&#8217;impulsion pour r\u00e9fl\u00e9chir \u00e0 ce sujet. Ma d\u00e9cision n&#8217;est pas encore d\u00e9finitive mais mon \u00e9pouse et mon fils sont au courant de mon intention. <strong>Tant que mon avenir et celui de ma famille sont assur\u00e9s, je consid\u00e8re qu&#8217;il est important de faire don d&#8217;une partie de ma fortune \u00e0 une cause qui me tient \u00e0 c\u0153ur.<\/strong><\/p>\n\n\n        <div class=\"relative shadow-lg -mx-12 mb-4 overflow-hidden\" style=\"background-image: url('https:\/\/www.deinadieu.ch\/wp-content\/themes\/da-v4\/assets\/v4\/banner\/testament.jpg'); background-size: cover; background-position: center\">\n            <div class=\"banner-white-box md:w-3\/5 text-black -ml-16 pl-16\" style=\"background-color: rgba(255,255,255,0.75)\">\n                <div class=\"inner\">\n                    <div class=\"text-2xl p-12\"><strong>Vous n'avez pas encore r\u00e9dig\u00e9 de testament ?<\/strong> G\u00e9n\u00e9rez d\u00e8s maintenant un mod\u00e8le PDF gratuit pour<\/div>\n                    <div class=\"px-12 md:mr-16\">\n                        <a href=\"https:\/\/app.deinadieu.ch\/testament\" target=\"_blank\" class=\"btn btn-da btn-small btn-block\">moi<\/a>\n                        <a href=\"https:\/\/app.deinadieu.ch\/testament\" target=\"_blank\" class=\"mt-4 btn btn-da btn-small btn-block\">une autre personne<\/a>\n                    <\/div>\n                    <div class=\"px-12 py-8\">\n                        <img decoding=\"async\" src=\"https:\/\/www.deinadieu.ch\/wp-content\/themes\/da-v4\/assets\/v4\/deinadieu_logo_dark.svg\" class=\"h-12\">\n                    <\/div>\n                <\/div>\n            <\/div>\n        <\/div>\n        \n\n<div style=\"height:40px\" aria-hidden=\"true\" class=\"wp-block-spacer\"><\/div>\n\n<h3 class=\"wp-block-heading\" id=\"h-wie-konnen-interessierte-die-aktivitaten-von-freethebees-unterstutzen\"><strong>Comment les personnes int\u00e9ress\u00e9es peuvent-elles soutenir les activit\u00e9s de FreeTheBees ?<\/strong><\/h3>\n\n<p>Il y a plusieurs possibilit\u00e9s. Chaque personne peut <strong>faire un don<\/strong> de n&#8217;importe quel montant \u00e0 FreeTheBees ou soutenir un projet sp\u00e9cifique. Il existe actuellement plusieurs projets, tels que Swiss BeeMapping, la formation de chiens renifleurs ou la cr\u00e9ation d&#8217;habitats pour les abeilles sauvages.<\/p>\n\n<p>Il est \u00e9galement possible de <strong>devenir membre<\/strong>. A cet \u00e9gard, il existe diff\u00e9rentes variantes : le membre r\u00e9gulier, le membre argent, le membre or et le membre platine. Chacune des quatre formes d&#8217;affiliation comporte des conditions financi\u00e8res et des avantages diff\u00e9rents. Vous trouvez des informations \u00e0 ce propos sur notre site web : <a href=\"https:\/\/freethebees.ch\/\" target=\"_blank\" rel=\"noreferrer noopener\">FreeTheBees.ch<\/a>.<\/p>\n\n<figure class=\"wp-block-image size-large\"><img loading=\"lazy\" decoding=\"async\" width=\"1024\" height=\"683\" src=\"https:\/\/www.deinadieu.ch\/wp-content\/uploads\/2021\/07\/dA_PAD_MFR0914-1024x683.jpg\" alt=\"\" class=\"wp-image-51324\" srcset=\"https:\/\/www.deinadieu.ch\/wp-content\/uploads\/2021\/07\/dA_PAD_MFR0914-1024x683.jpg 1024w, https:\/\/www.deinadieu.ch\/wp-content\/uploads\/2021\/07\/dA_PAD_MFR0914-300x200.jpg 300w, https:\/\/www.deinadieu.ch\/wp-content\/uploads\/2021\/07\/dA_PAD_MFR0914.jpg 1200w\" sizes=\"auto, (max-width: 1024px) 100vw, 1024px\" \/><figcaption class=\"wp-element-caption\">Une abeille vole dans une ruche de type Swiss Tree. (Photo : Manu Friederich)<\/figcaption><\/figure>\n\n<p>Toute amatrice et tout amateur de miel devrait savoir que le miel n&#8217;est pas un produit de masse. Le miel pur est un cadeau de la nature, un produit fin. Un \u00e9levage respectant les besoins des animaux est d&#8217;une importance capitale pour l&#8217;avenir des abeilles et de l&#8217;\u00e9cosyst\u00e8me, raison pour laquelle on devrait pr\u00eater attention \u00e0 la qualit\u00e9 \u00e9cologique du miel. Attention toutefois : les labels biologiques habituels ne sont pas tr\u00e8s utiles \u00e0 cet \u00e9gard.<\/p>\n\n<p>Nous recommandons d&#8217;acheter du miel provenant de ruchers \u00e9loign\u00e9s de l&#8217;agriculture intensive. FreeTheBees travaille actuellement sur son propre label de miel. Il s&#8217;appelle <strong>ApiVita<\/strong> et produit un miel \u00e9cologiquement durable. Sous ce label, les apiculteurs sont autoris\u00e9s \u00e0 produire du miel de mani\u00e8re extensive avec 80% de leurs colonies, mais ils doivent \u00e9galement conserver 20% de leurs colonies d&#8217;abeilles proches de la nature. Le premier miel ApiVita devrait \u00eatre commercialis\u00e9 en 2022. <\/p>\n\n<p>En attendant, nous recommandons \u00e0 chacun d&#8217;acheter son miel aupr\u00e8s d&#8217;apiculteurs et de commer\u00e7ants locaux qui produisent selon les principes de l&#8217;apiculture Delinat et qui ne sont pas principalement int\u00e9ress\u00e9s par l&#8217;optimisation du rendement \u00e0 court terme. Une <strong>s\u00e9lection de producteurs de miel durable<\/strong> figure sur <a href=\"http:\/\/vitaverdura.ch\" target=\"_blank\" rel=\"noreferrer noopener\">vitaverdura.ch<\/a>, <a href=\"http:\/\/honigwahl.ch\" target=\"_blank\" rel=\"noreferrer noopener\">honigwahl.ch<\/a> et <a href=\"http:\/\/bienli.ch\" target=\"_blank\" rel=\"noreferrer noopener\">bienli.ch<\/a>. Les lectrices et les lecteurs trouveront davantage d&#8217;informations en lien avec la consommation de miel sur <a href=\"https:\/\/freethebees.ch\/honig\/\" target=\"_blank\" rel=\"noreferrer noopener\">https:\/\/freethebees.ch\/honig\/<\/a>.<\/p>\n\n        <div class=\"da-servicebox relative bg-gray-200 p-4 pt-8 border-solid border-t-8 border-da-dark mb-6\">\n            <i class=\"fas fa-info-circle mx-auto fa-7x text-da-dark\"><\/i>\n            <span style=\"hyphens: auto\">\n                <br \/>\n<strong>FreeTheBees<\/strong> est probablement la seule organisation en faveur des abeilles mellif\u00e8res en Europe qui n&#8217;est pas li\u00e9e aux int\u00e9r\u00eats des apiculteurs. Les membres b\u00e9n\u00e9ficient d&#8217;un environnement de travail ouvert, honn\u00eate et critique et constructif. Un conseil scientifique consultatif assure la qualit\u00e9 des travaux et garantit une vision ind\u00e9pendante, pluridisciplinaire et objective. <br \/>\nFreeTheBees est <a href=\"https:\/\/www.deinadieu.ch\/hilfswerke\/verein-freethebees\/\">partenaire de Dein Adieu.ch<\/a>.<br \/>\n<strong>Andr\u00e9 Dunand<\/strong> (1957) de Fribourg est \u00e9ducateur sp\u00e9cialis\u00e9 et a dirig\u00e9 pendant trente ans un lieu de travail pour adultes en situation de handicap dans la r\u00e9gion de Fribourg. Au moment de sa retraite anticip\u00e9e en 2020, il a rejoint le comit\u00e9 de FreeTheBees. Depuis 2004, il dirige les \u00ab <a href=\"https:\/\/www.mieux-vivre.ch\/\" target=\"_blank\" rel=\"noopener noreferrer\">Salons du mieux-vivre<\/a> \u00bb \u00e0 Fribourg et \u00e0 Saignel\u00e9gier. En outre, depuis 2009, Andr\u00e9 est pr\u00e9sident de la <a href=\"https:\/\/www.fopis.ch\/\" target=\"_blank\" rel=\"noopener noreferrer\">FOPIS<\/a>, la F\u00e9d\u00e9ration des organisations du personnel des institutions sociales du canton de Fribourg.<br \/>\n\n                \n                \n            <\/span>\n        <\/div>\n        \n","protected":false},"excerpt":{"rendered":"<p>Andr\u00e9 Dunand s&#8217;engage pour la culture des abeilles sauvages au sein du comit\u00e9 de FreeTheBees. Il envisage actuellement de faire don d&#8217;une part de sa succession pour la libert\u00e9 des abeilles. Une interview sur ses motivations et le contexte dans lequel elles s&#8217;inscrivent.<\/p>\n","protected":false},"author":6033,"featured_media":52391,"comment_status":"open","ping_status":"closed","sticky":false,"template":"","format":"standard","meta":{"_acf_changed":false,"footnotes":""},"categories":[3198],"tags":[2729,2584,2555,2568],"class_list":["post-52301","post","type-post","status-publish","format-standard","has-post-thumbnail","hentry","category-don-testamentaire","tag-association","tag-faire-un-don","tag-legs-fr-2","tag-temoignage"],"acf":[],"yoast_head":"<title>FREETHEBEES et la conservation des abeilles | DeinAdieu<\/title>\n<meta name=\"description\" content=\"FREETHEBEES s&#039;engage pour la conservation des abeilles. D\u00e9couvrez dans l&#039;interview d&#039;Andr\u00e9 Dunand comment vous pouvez vous aussi soutenir cette association.\" \/>\n<meta name=\"robots\" content=\"index, follow, max-snippet:-1, max-image-preview:large, max-video-preview:-1\" \/>\n<link rel=\"canonical\" href=\"https:\/\/www.deinadieu.ch\/fr\/je-souhaite-faire-don-dune-partie-de-ma-fortune-pour-une-bonne-cause\/\" \/>\n<meta property=\"og:locale\" content=\"fr_FR\" \/>\n<meta property=\"og:type\" content=\"article\" \/>\n<meta property=\"og:title\" content=\"\u00ab Je souhaite faire don d&#039;une partie de ma fortune pour une bonne cause \u00bb\" \/>\n<meta property=\"og:description\" content=\"Andr\u00e9 Dunand s&#039;engage pour la culture des abeilles sauvages au sein du comit\u00e9 de FreeTheBees. Il envisage actuellement de faire don d&#039;une part de sa\" \/>\n<meta property=\"og:url\" content=\"https:\/\/www.deinadieu.ch\/fr\/je-souhaite-faire-don-dune-partie-de-ma-fortune-pour-une-bonne-cause\/\" \/>\n<meta property=\"og:site_name\" content=\"DeinAdieu.ch\" \/>\n<meta property=\"article:publisher\" content=\"https:\/\/www.facebook.com\/deinadieu\" \/>\n<meta property=\"article:published_time\" content=\"2021-07-18T13:04:00+00:00\" \/>\n<meta property=\"article:modified_time\" content=\"2024-08-13T12:36:00+00:00\" \/>\n<meta property=\"og:image\" content=\"https:\/\/static.deinadieu.ch\/uploads\/2021\/07\/andre_dunand_freethebee.jpg\" \/>\n\t<meta property=\"og:image:width\" content=\"1200\" \/>\n\t<meta property=\"og:image:height\" content=\"800\" \/>\n\t<meta property=\"og:image:type\" content=\"image\/jpeg\" \/>\n<meta name=\"author\" content=\"Regina M\u00fcnstermann\" \/>\n<meta name=\"twitter:card\" content=\"summary_large_image\" \/>\n<meta name=\"twitter:creator\" content=\"@DeinAdieu\" \/>\n<meta name=\"twitter:site\" content=\"@DeinAdieu\" \/>\n<meta name=\"twitter:label1\" content=\"Written by\" \/>\n\t<meta name=\"twitter:data1\" content=\"Regina M\u00fcnstermann\" \/>\n\t<meta name=\"twitter:label2\" content=\"Est. reading time\" \/>\n\t<meta name=\"twitter:data2\" content=\"7 minutes\" \/>\n<script type=\"application\/ld+json\" class=\"yoast-schema-graph\">{\"@context\":\"https:\\\/\\\/schema.org\",\"@graph\":[{\"@type\":\"Article\",\"@id\":\"https:\\\/\\\/www.deinadieu.ch\\\/fr\\\/je-souhaite-faire-don-dune-partie-de-ma-fortune-pour-une-bonne-cause\\\/#article\",\"isPartOf\":{\"@id\":\"https:\\\/\\\/www.deinadieu.ch\\\/fr\\\/je-souhaite-faire-don-dune-partie-de-ma-fortune-pour-une-bonne-cause\\\/\"},\"author\":{\"name\":\"Regina M\u00fcnstermann\",\"@id\":\"https:\\\/\\\/www.deinadieu.ch\\\/fr\\\/#\\\/schema\\\/person\\\/c530bef2c287d1dc72c66fea764b64b3\"},\"headline\":\"\u00ab Je souhaite faire don d&#8217;une partie de ma fortune pour une bonne cause \u00bb\",\"datePublished\":\"2021-07-18T13:04:00+00:00\",\"dateModified\":\"2024-08-13T12:36:00+00:00\",\"mainEntityOfPage\":{\"@id\":\"https:\\\/\\\/www.deinadieu.ch\\\/fr\\\/je-souhaite-faire-don-dune-partie-de-ma-fortune-pour-une-bonne-cause\\\/\"},\"wordCount\":1642,\"commentCount\":0,\"publisher\":{\"@id\":\"https:\\\/\\\/www.deinadieu.ch\\\/fr\\\/#organization\"},\"image\":{\"@id\":\"https:\\\/\\\/www.deinadieu.ch\\\/fr\\\/je-souhaite-faire-don-dune-partie-de-ma-fortune-pour-une-bonne-cause\\\/#primaryimage\"},\"thumbnailUrl\":\"https:\\\/\\\/www.deinadieu.ch\\\/wp-content\\\/uploads\\\/2021\\\/07\\\/andre_dunand_freethebee.jpg\",\"keywords\":[\"Association\",\"Faire un don\",\"Legs\",\"T\u00e9moignage\"],\"articleSection\":[\"Don testamentaire\"],\"inLanguage\":\"fr-FR\",\"potentialAction\":[{\"@type\":\"CommentAction\",\"name\":\"Comment\",\"target\":[\"https:\\\/\\\/www.deinadieu.ch\\\/fr\\\/je-souhaite-faire-don-dune-partie-de-ma-fortune-pour-une-bonne-cause\\\/#respond\"]}]},{\"@type\":\"WebPage\",\"@id\":\"https:\\\/\\\/www.deinadieu.ch\\\/fr\\\/je-souhaite-faire-don-dune-partie-de-ma-fortune-pour-une-bonne-cause\\\/\",\"url\":\"https:\\\/\\\/www.deinadieu.ch\\\/fr\\\/je-souhaite-faire-don-dune-partie-de-ma-fortune-pour-une-bonne-cause\\\/\",\"name\":\"FREETHEBEES et la conservation des abeilles | DeinAdieu\",\"isPartOf\":{\"@id\":\"https:\\\/\\\/www.deinadieu.ch\\\/fr\\\/#website\"},\"primaryImageOfPage\":{\"@id\":\"https:\\\/\\\/www.deinadieu.ch\\\/fr\\\/je-souhaite-faire-don-dune-partie-de-ma-fortune-pour-une-bonne-cause\\\/#primaryimage\"},\"image\":{\"@id\":\"https:\\\/\\\/www.deinadieu.ch\\\/fr\\\/je-souhaite-faire-don-dune-partie-de-ma-fortune-pour-une-bonne-cause\\\/#primaryimage\"},\"thumbnailUrl\":\"https:\\\/\\\/www.deinadieu.ch\\\/wp-content\\\/uploads\\\/2021\\\/07\\\/andre_dunand_freethebee.jpg\",\"datePublished\":\"2021-07-18T13:04:00+00:00\",\"dateModified\":\"2024-08-13T12:36:00+00:00\",\"description\":\"FREETHEBEES s'engage pour la conservation des abeilles. D\u00e9couvrez dans l'interview d'Andr\u00e9 Dunand comment vous pouvez vous aussi soutenir cette association.\",\"breadcrumb\":{\"@id\":\"https:\\\/\\\/www.deinadieu.ch\\\/fr\\\/je-souhaite-faire-don-dune-partie-de-ma-fortune-pour-une-bonne-cause\\\/#breadcrumb\"},\"inLanguage\":\"fr-FR\",\"potentialAction\":[{\"@type\":\"ReadAction\",\"target\":[\"https:\\\/\\\/www.deinadieu.ch\\\/fr\\\/je-souhaite-faire-don-dune-partie-de-ma-fortune-pour-une-bonne-cause\\\/\"]}]},{\"@type\":\"ImageObject\",\"inLanguage\":\"fr-FR\",\"@id\":\"https:\\\/\\\/www.deinadieu.ch\\\/fr\\\/je-souhaite-faire-don-dune-partie-de-ma-fortune-pour-une-bonne-cause\\\/#primaryimage\",\"url\":\"https:\\\/\\\/www.deinadieu.ch\\\/wp-content\\\/uploads\\\/2021\\\/07\\\/andre_dunand_freethebee.jpg\",\"contentUrl\":\"https:\\\/\\\/www.deinadieu.ch\\\/wp-content\\\/uploads\\\/2021\\\/07\\\/andre_dunand_freethebee.jpg\",\"width\":1200,\"height\":800,\"caption\":\"Andr\u00e9 Dunand, membre du comit\u00e9 de FreeTheBees. (Photo : Manu Friederich)\"},{\"@type\":\"BreadcrumbList\",\"@id\":\"https:\\\/\\\/www.deinadieu.ch\\\/fr\\\/je-souhaite-faire-don-dune-partie-de-ma-fortune-pour-une-bonne-cause\\\/#breadcrumb\",\"itemListElement\":[{\"@type\":\"ListItem\",\"position\":1,\"name\":\"Home\",\"item\":\"https:\\\/\\\/www.deinadieu.ch\\\/fr\\\/deinadieu-dialog-und-serviceportal-zum-lebensende\\\/\"},{\"@type\":\"ListItem\",\"position\":2,\"name\":\"\u00ab Je souhaite faire don d&#8217;une partie de ma fortune pour une bonne cause \u00bb\"}]},{\"@type\":\"WebSite\",\"@id\":\"https:\\\/\\\/www.deinadieu.ch\\\/fr\\\/#website\",\"url\":\"https:\\\/\\\/www.deinadieu.ch\\\/fr\\\/\",\"name\":\"DeinAdieu.ch\",\"description\":\"Testament, Patientenverf\u00fcgung und Vorsorgeauftrag\",\"publisher\":{\"@id\":\"https:\\\/\\\/www.deinadieu.ch\\\/fr\\\/#organization\"},\"potentialAction\":[{\"@type\":\"SearchAction\",\"target\":{\"@type\":\"EntryPoint\",\"urlTemplate\":\"https:\\\/\\\/www.deinadieu.ch\\\/fr\\\/?s={search_term_string}\"},\"query-input\":{\"@type\":\"PropertyValueSpecification\",\"valueRequired\":true,\"valueName\":\"search_term_string\"}}],\"inLanguage\":\"fr-FR\"},{\"@type\":\"Organization\",\"@id\":\"https:\\\/\\\/www.deinadieu.ch\\\/fr\\\/#organization\",\"name\":\"EMNA Web GmbH\",\"url\":\"https:\\\/\\\/www.deinadieu.ch\\\/fr\\\/\",\"logo\":{\"@type\":\"ImageObject\",\"inLanguage\":\"fr-FR\",\"@id\":\"https:\\\/\\\/www.deinadieu.ch\\\/fr\\\/#\\\/schema\\\/logo\\\/image\\\/\",\"url\":\"https:\\\/\\\/www.deinadieu.ch\\\/wp-content\\\/uploads\\\/2016\\\/01\\\/DeinAdieu_Logo.png\",\"contentUrl\":\"https:\\\/\\\/www.deinadieu.ch\\\/wp-content\\\/uploads\\\/2016\\\/01\\\/DeinAdieu_Logo.png\",\"width\":300,\"height\":117,\"caption\":\"EMNA Web GmbH\"},\"image\":{\"@id\":\"https:\\\/\\\/www.deinadieu.ch\\\/fr\\\/#\\\/schema\\\/logo\\\/image\\\/\"},\"sameAs\":[\"https:\\\/\\\/www.facebook.com\\\/deinadieu\",\"https:\\\/\\\/x.com\\\/DeinAdieu\",\"https:\\\/\\\/www.instagram.com\\\/deinadieu\\\/\",\"https:\\\/\\\/www.linkedin.com\\\/company\\\/deinadieu.ch\"]},{\"@type\":\"Person\",\"@id\":\"https:\\\/\\\/www.deinadieu.ch\\\/fr\\\/#\\\/schema\\\/person\\\/c530bef2c287d1dc72c66fea764b64b3\",\"name\":\"Regina M\u00fcnstermann\",\"image\":{\"@type\":\"ImageObject\",\"inLanguage\":\"fr-FR\",\"@id\":\"https:\\\/\\\/secure.gravatar.com\\\/avatar\\\/6512d1dc1fc1dab3f8298b90394736c8c7106aaa6dc44ce8ef0e8ec25f6b3fed?s=96&d=mm&r=g\",\"url\":\"https:\\\/\\\/secure.gravatar.com\\\/avatar\\\/6512d1dc1fc1dab3f8298b90394736c8c7106aaa6dc44ce8ef0e8ec25f6b3fed?s=96&d=mm&r=g\",\"contentUrl\":\"https:\\\/\\\/secure.gravatar.com\\\/avatar\\\/6512d1dc1fc1dab3f8298b90394736c8c7106aaa6dc44ce8ef0e8ec25f6b3fed?s=96&d=mm&r=g\",\"caption\":\"Regina M\u00fcnstermann\"},\"url\":\"https:\\\/\\\/www.deinadieu.ch\\\/fr\\\/author\\\/hallotxtzone-ch\\\/\"}]}<\/script>","yoast_head_json":{"title":"FREETHEBEES et la conservation des abeilles | DeinAdieu","description":"FREETHEBEES s'engage pour la conservation des abeilles. D\u00e9couvrez dans l'interview d'Andr\u00e9 Dunand comment vous pouvez vous aussi soutenir cette association.","robots":{"index":"index","follow":"follow","max-snippet":"max-snippet:-1","max-image-preview":"max-image-preview:large","max-video-preview":"max-video-preview:-1"},"canonical":"https:\/\/www.deinadieu.ch\/fr\/je-souhaite-faire-don-dune-partie-de-ma-fortune-pour-une-bonne-cause\/","og_locale":"fr_FR","og_type":"article","og_title":"\u00ab Je souhaite faire don d'une partie de ma fortune pour une bonne cause \u00bb","og_description":"Andr\u00e9 Dunand s'engage pour la culture des abeilles sauvages au sein du comit\u00e9 de FreeTheBees. Il envisage actuellement de faire don d'une part de sa","og_url":"https:\/\/www.deinadieu.ch\/fr\/je-souhaite-faire-don-dune-partie-de-ma-fortune-pour-une-bonne-cause\/","og_site_name":"DeinAdieu.ch","article_publisher":"https:\/\/www.facebook.com\/deinadieu","article_published_time":"2021-07-18T13:04:00+00:00","article_modified_time":"2024-08-13T12:36:00+00:00","og_image":[{"width":1200,"height":800,"url":"https:\/\/static.deinadieu.ch\/uploads\/2021\/07\/andre_dunand_freethebee.jpg","type":"image\/jpeg"}],"author":"Regina M\u00fcnstermann","twitter_card":"summary_large_image","twitter_creator":"@DeinAdieu","twitter_site":"@DeinAdieu","twitter_misc":{"Written by":"Regina M\u00fcnstermann","Est. reading time":"7 minutes"},"schema":{"@context":"https:\/\/schema.org","@graph":[{"@type":"Article","@id":"https:\/\/www.deinadieu.ch\/fr\/je-souhaite-faire-don-dune-partie-de-ma-fortune-pour-une-bonne-cause\/#article","isPartOf":{"@id":"https:\/\/www.deinadieu.ch\/fr\/je-souhaite-faire-don-dune-partie-de-ma-fortune-pour-une-bonne-cause\/"},"author":{"name":"Regina M\u00fcnstermann","@id":"https:\/\/www.deinadieu.ch\/fr\/#\/schema\/person\/c530bef2c287d1dc72c66fea764b64b3"},"headline":"\u00ab Je souhaite faire don d&#8217;une partie de ma fortune pour une bonne cause \u00bb","datePublished":"2021-07-18T13:04:00+00:00","dateModified":"2024-08-13T12:36:00+00:00","mainEntityOfPage":{"@id":"https:\/\/www.deinadieu.ch\/fr\/je-souhaite-faire-don-dune-partie-de-ma-fortune-pour-une-bonne-cause\/"},"wordCount":1642,"commentCount":0,"publisher":{"@id":"https:\/\/www.deinadieu.ch\/fr\/#organization"},"image":{"@id":"https:\/\/www.deinadieu.ch\/fr\/je-souhaite-faire-don-dune-partie-de-ma-fortune-pour-une-bonne-cause\/#primaryimage"},"thumbnailUrl":"https:\/\/www.deinadieu.ch\/wp-content\/uploads\/2021\/07\/andre_dunand_freethebee.jpg","keywords":["Association","Faire un don","Legs","T\u00e9moignage"],"articleSection":["Don testamentaire"],"inLanguage":"fr-FR","potentialAction":[{"@type":"CommentAction","name":"Comment","target":["https:\/\/www.deinadieu.ch\/fr\/je-souhaite-faire-don-dune-partie-de-ma-fortune-pour-une-bonne-cause\/#respond"]}]},{"@type":"WebPage","@id":"https:\/\/www.deinadieu.ch\/fr\/je-souhaite-faire-don-dune-partie-de-ma-fortune-pour-une-bonne-cause\/","url":"https:\/\/www.deinadieu.ch\/fr\/je-souhaite-faire-don-dune-partie-de-ma-fortune-pour-une-bonne-cause\/","name":"FREETHEBEES et la conservation des abeilles | DeinAdieu","isPartOf":{"@id":"https:\/\/www.deinadieu.ch\/fr\/#website"},"primaryImageOfPage":{"@id":"https:\/\/www.deinadieu.ch\/fr\/je-souhaite-faire-don-dune-partie-de-ma-fortune-pour-une-bonne-cause\/#primaryimage"},"image":{"@id":"https:\/\/www.deinadieu.ch\/fr\/je-souhaite-faire-don-dune-partie-de-ma-fortune-pour-une-bonne-cause\/#primaryimage"},"thumbnailUrl":"https:\/\/www.deinadieu.ch\/wp-content\/uploads\/2021\/07\/andre_dunand_freethebee.jpg","datePublished":"2021-07-18T13:04:00+00:00","dateModified":"2024-08-13T12:36:00+00:00","description":"FREETHEBEES s'engage pour la conservation des abeilles. D\u00e9couvrez dans l'interview d'Andr\u00e9 Dunand comment vous pouvez vous aussi soutenir cette association.","breadcrumb":{"@id":"https:\/\/www.deinadieu.ch\/fr\/je-souhaite-faire-don-dune-partie-de-ma-fortune-pour-une-bonne-cause\/#breadcrumb"},"inLanguage":"fr-FR","potentialAction":[{"@type":"ReadAction","target":["https:\/\/www.deinadieu.ch\/fr\/je-souhaite-faire-don-dune-partie-de-ma-fortune-pour-une-bonne-cause\/"]}]},{"@type":"ImageObject","inLanguage":"fr-FR","@id":"https:\/\/www.deinadieu.ch\/fr\/je-souhaite-faire-don-dune-partie-de-ma-fortune-pour-une-bonne-cause\/#primaryimage","url":"https:\/\/www.deinadieu.ch\/wp-content\/uploads\/2021\/07\/andre_dunand_freethebee.jpg","contentUrl":"https:\/\/www.deinadieu.ch\/wp-content\/uploads\/2021\/07\/andre_dunand_freethebee.jpg","width":1200,"height":800,"caption":"Andr\u00e9 Dunand, membre du comit\u00e9 de FreeTheBees. (Photo : Manu Friederich)"},{"@type":"BreadcrumbList","@id":"https:\/\/www.deinadieu.ch\/fr\/je-souhaite-faire-don-dune-partie-de-ma-fortune-pour-une-bonne-cause\/#breadcrumb","itemListElement":[{"@type":"ListItem","position":1,"name":"Home","item":"https:\/\/www.deinadieu.ch\/fr\/deinadieu-dialog-und-serviceportal-zum-lebensende\/"},{"@type":"ListItem","position":2,"name":"\u00ab Je souhaite faire don d&#8217;une partie de ma fortune pour une bonne cause \u00bb"}]},{"@type":"WebSite","@id":"https:\/\/www.deinadieu.ch\/fr\/#website","url":"https:\/\/www.deinadieu.ch\/fr\/","name":"DeinAdieu.ch","description":"Testament, Patientenverf\u00fcgung und Vorsorgeauftrag","publisher":{"@id":"https:\/\/www.deinadieu.ch\/fr\/#organization"},"potentialAction":[{"@type":"SearchAction","target":{"@type":"EntryPoint","urlTemplate":"https:\/\/www.deinadieu.ch\/fr\/?s={search_term_string}"},"query-input":{"@type":"PropertyValueSpecification","valueRequired":true,"valueName":"search_term_string"}}],"inLanguage":"fr-FR"},{"@type":"Organization","@id":"https:\/\/www.deinadieu.ch\/fr\/#organization","name":"EMNA Web GmbH","url":"https:\/\/www.deinadieu.ch\/fr\/","logo":{"@type":"ImageObject","inLanguage":"fr-FR","@id":"https:\/\/www.deinadieu.ch\/fr\/#\/schema\/logo\/image\/","url":"https:\/\/www.deinadieu.ch\/wp-content\/uploads\/2016\/01\/DeinAdieu_Logo.png","contentUrl":"https:\/\/www.deinadieu.ch\/wp-content\/uploads\/2016\/01\/DeinAdieu_Logo.png","width":300,"height":117,"caption":"EMNA Web GmbH"},"image":{"@id":"https:\/\/www.deinadieu.ch\/fr\/#\/schema\/logo\/image\/"},"sameAs":["https:\/\/www.facebook.com\/deinadieu","https:\/\/x.com\/DeinAdieu","https:\/\/www.instagram.com\/deinadieu\/","https:\/\/www.linkedin.com\/company\/deinadieu.ch"]},{"@type":"Person","@id":"https:\/\/www.deinadieu.ch\/fr\/#\/schema\/person\/c530bef2c287d1dc72c66fea764b64b3","name":"Regina M\u00fcnstermann","image":{"@type":"ImageObject","inLanguage":"fr-FR","@id":"https:\/\/secure.gravatar.com\/avatar\/6512d1dc1fc1dab3f8298b90394736c8c7106aaa6dc44ce8ef0e8ec25f6b3fed?s=96&d=mm&r=g","url":"https:\/\/secure.gravatar.com\/avatar\/6512d1dc1fc1dab3f8298b90394736c8c7106aaa6dc44ce8ef0e8ec25f6b3fed?s=96&d=mm&r=g","contentUrl":"https:\/\/secure.gravatar.com\/avatar\/6512d1dc1fc1dab3f8298b90394736c8c7106aaa6dc44ce8ef0e8ec25f6b3fed?s=96&d=mm&r=g","caption":"Regina M\u00fcnstermann"},"url":"https:\/\/www.deinadieu.ch\/fr\/author\/hallotxtzone-ch\/"}]}},"_links":{"self":[{"href":"https:\/\/www.deinadieu.ch\/fr\/wp-json\/wp\/v2\/posts\/52301","targetHints":{"allow":["GET"]}}],"collection":[{"href":"https:\/\/www.deinadieu.ch\/fr\/wp-json\/wp\/v2\/posts"}],"about":[{"href":"https:\/\/www.deinadieu.ch\/fr\/wp-json\/wp\/v2\/types\/post"}],"author":[{"embeddable":true,"href":"https:\/\/www.deinadieu.ch\/fr\/wp-json\/wp\/v2\/users\/6033"}],"replies":[{"embeddable":true,"href":"https:\/\/www.deinadieu.ch\/fr\/wp-json\/wp\/v2\/comments?post=52301"}],"version-history":[{"count":23,"href":"https:\/\/www.deinadieu.ch\/fr\/wp-json\/wp\/v2\/posts\/52301\/revisions"}],"predecessor-version":[{"id":68207,"href":"https:\/\/www.deinadieu.ch\/fr\/wp-json\/wp\/v2\/posts\/52301\/revisions\/68207"}],"wp:featuredmedia":[{"embeddable":true,"href":"https:\/\/www.deinadieu.ch\/fr\/wp-json\/wp\/v2\/media\/52391"}],"wp:attachment":[{"href":"https:\/\/www.deinadieu.ch\/fr\/wp-json\/wp\/v2\/media?parent=52301"}],"wp:term":[{"taxonomy":"category","embeddable":true,"href":"https:\/\/www.deinadieu.ch\/fr\/wp-json\/wp\/v2\/categories?post=52301"},{"taxonomy":"post_tag","embeddable":true,"href":"https:\/\/www.deinadieu.ch\/fr\/wp-json\/wp\/v2\/tags?post=52301"}],"curies":[{"name":"wp","href":"https:\/\/api.w.org\/{rel}","templated":true}]}}