{"id":51335,"date":"2021-05-24T11:32:07","date_gmt":"2021-05-24T09:32:07","guid":{"rendered":"https:\/\/www.deinadieu.ch\/valerie-krafft-les-rhumatismes-peuvent-tous-nous-toucher-a-tout-age\/"},"modified":"2024-03-25T15:27:03","modified_gmt":"2024-03-25T14:27:03","slug":"valerie-krafft-les-rhumatismes-peuvent-tous-nous-toucher-a-tout-age","status":"publish","type":"post","link":"https:\/\/www.deinadieu.ch\/fr\/valerie-krafft-les-rhumatismes-peuvent-tous-nous-toucher-a-tout-age\/","title":{"rendered":"Val\u00e9rie Krafft : \u00ab Les rhumatismes peuvent tous nous toucher \u00e0 tout \u00e2ge \u00bb"},"content":{"rendered":"\n<p>Ce n&#8217;est certainement pas une maladie de vieillesse : la plus jeune personne prise en charge par la Ligue suisse contre le rhumatisme avait sept mois. Val\u00e9rie Krafft, directrice de la Ligue suisse contre le rhumatisme, parle des douleurs, des dons et de l&#8217;acc\u00e8s \u00e0 un large \u00e9ventail de services. <\/p>\n\n<!--more-->\n\n<p>Je me permets d&#8217;\u00e9crire sur la douleur parce que je sais ce que l&#8217;on ressent lorsque le corps fait mal. Mon arthrose s\u00e9v\u00e8re des deux genoux a \u00e9t\u00e9 diagnostiqu\u00e9e par un orthop\u00e9diste il y a d\u00e9j\u00e0 des dizaines d&#8217;ann\u00e9es. Depuis lors, je m&#8217;accommode parfois bien et parfois moins bien des douleurs. Je n&#8217;ai jamais fait le lien entre mes douleurs et les rhumatismes, bien que j&#8217;aie travaill\u00e9 en qualit\u00e9 de journaliste sp\u00e9cialis\u00e9e dans le domaine de la sant\u00e9 par le pass\u00e9. <\/p>\n\n<p>C&#8217;est alors que le sujet des rhumatismes \u00ab a frapp\u00e9 \u00e0 la porte \u00bb, sous la forme d&#8217;un article de blog sur Val\u00e9rie Krafft, directrice de la Ligue suisse contre le rhumatisme, partenaire de DeinAdieu. En raison de la pand\u00e9mie de coronavirus, nous avons pr\u00e9f\u00e9r\u00e9 mener l&#8217;entretien par \u00e9crit. <\/p>\n\n<p><strong>Madame Krafft, qui \u00eates-vous ?<br\/>Val\u00e9rie Krafft :<\/strong> Je suis suisse jusqu&#8217;au bout des ongles. Mes parents sont tous les deux originaires de Suisse romande, o\u00f9 je suis \u00e9galement n\u00e9e. Lorsque j&#8217;avais quatre ans, mon p\u00e8re a trouv\u00e9 un emploi \u00e0 Zurich et toute la famille a travers\u00e9 le R\u00f6stigraben.<\/p>\n\n<p><strong>Et vos parents pensaient que c&#8217;\u00e9tait temporaire ?<br\/><\/strong>Bien s\u00fbr, comme beaucoup de Romands \u00e0 l&#8217;\u00e9poque, mes parents \u2013 ma m\u00e8re probablement encore plus \u2013 pensaient que nous retournerions dans notre \u00ab patrie \u00bb apr\u00e8s quelques ann\u00e9es, raison pour laquelle mes parents ont voulu envoyer leurs trois enfants \u00e0 l&#8217;\u00e9cole fran\u00e7aise. <\/p>\n\n<p><strong>Cela a fonctionn\u00e9 ?<\/strong><br\/>Non, non. Heureusement, cette possibilit\u00e9 nous a \u00e9t\u00e9 refus\u00e9e car nous \u00e9tions citoyens suisses. J&#8217;ai ainsi appris l&#8217;allemand d\u00e8s le jardin d&#8217;enfants, alors que ma langue maternelle et ma langue de c\u0153ur est rest\u00e9e le fran\u00e7ais. Apr\u00e8s avoir travaill\u00e9 \u00e0 Zurich, Gen\u00e8ve et B\u00e2le, je vis aujourd&#8217;hui avec mon mari \u00e0 Lucerne.<\/p>\n\n<p><strong>Pourquoi travaillez-vous dans la collecte de fonds ?<br\/><\/strong>Le travail caritatif est r\u00e9jouissant \u2013 mais son financement est parfois \u00e9galement source d&#8217;inqui\u00e9tude. Pour une organisation \u00e0 but non lucratif de taille moyenne comme la Ligue suisse contre le rhumatisme, il est important, en tant que directrice, d&#8217;\u00eatre proche de la collecte de fonds, de cr\u00e9er de la confiance dans l&#8217;organisation, de soigner les contacts avec nos m\u00e9c\u00e8nes et donateurs et de veiller ainsi \u00e0 ce que la confiance continue de cro\u00eetre. C&#8217;est pourquoi la collecte de fonds constitue une part importante de mes activit\u00e9s de directrice.<\/p>\n\n<p><strong>Pourquoi travaillez-vous pour la Ligue suisse contre le rhumatisme ?<br\/><\/strong> Je suis d\u00e9j\u00e0 dans ma 18\u00e8me ann\u00e9e au sein de la Ligue suisse contre le rhumatisme. Apr\u00e8s ma formation de pharmacienne et quelques ann\u00e9es dans la pharmacie et l&#8217;industrie pharmaceutique, mon grand souhait \u00e9tait de faire \u00ab quelque chose qui a du sens \u00bb. <\/p>\n\n<p><strong>Que signifie \u00ab quelque chose qui a du sens \u00bb pour vous ?<\/strong><br\/>Le d\u00e9sir de stabilit\u00e9 et la possibilit\u00e9 de d\u00e9velopper quelque chose avaient du sens pour moi. Au fil des ann\u00e9es, les termes \u00ab qui a du sens \u00bb ont pris d&#8217;autres dimensions. A titre d&#8217;exemple, la Ligue suisse contre le rhumatisme d\u00e9veloppe et met en place des services pour les personnes atteintes de maladies rhumatismales. En outre, nous repr\u00e9sentons les int\u00e9r\u00eats des patientes et des patients atteints de rhumatisme dans la soci\u00e9t\u00e9 et la politique et contribuons ainsi \u00e0 l&#8217;am\u00e9lioration de leur qualit\u00e9 de vie. Enfin, la Ligue suisse contre le rhumatisme veut \u00eatre un employeur moderne dans le monde des organisations \u00e0 but non lucratif et contribuer ainsi \u00e0 la professionnalisation et au d\u00e9veloppement continu de l&#8217;organisation.<\/p>\n\n<p><strong>Connaissez-vous des patient(e)s atteint(e)s de rhumatismes ?<\/strong><br\/>Oui, j&#8217;en connais beaucoup, \u00e0 commencer par ma famille, o\u00f9 l&#8217;arthrose et la goutte sont un probl\u00e8me depuis plusieurs g\u00e9n\u00e9rations. J&#8217;en connais \u00e9galement de par mon parcours professionnel dans la pharmacie et l&#8217;industrie pharmaceutique, o\u00f9 j&#8217;\u00e9tais en charge d&#8217;un m\u00e9dicament contre les rhumatismes. <\/p>\n\n<p><strong>Vous savez ainsi o\u00f9 le b\u00e2t blesse pour les patientes et les patients.<\/strong><br\/>Ce n&#8217;est qu&#8217;au contact des personnes concern\u00e9es que l&#8217;on prend conscience de ce que sont r\u00e9ellement les d\u00e9fis quotidiens \u2013 ce sont souvent des petites choses du quotidien qui rendent la vie difficile. En tant que ligue contre le rhumatisme, nous pouvons commencer par l\u00e0 et apporter un soutien dynamique. <\/p>\n\n<figure class=\"wp-block-image size-large\"><img loading=\"lazy\" decoding=\"async\" width=\"1024\" height=\"576\" src=\"https:\/\/www.deinadieu.ch\/wp-content\/uploads\/2021\/05\/Blog_ValerieKrafft-_Rheumaliga_Porftraet-1024x576.jpg\" alt=\"Val&#xE9;rie Krafft, directrice de la Ligue suisse contre le rhumatisme\" class=\"wp-image-50386\" srcset=\"https:\/\/www.deinadieu.ch\/wp-content\/uploads\/2021\/05\/Blog_ValerieKrafft-_Rheumaliga_Porftraet-1024x576.jpg 1024w, https:\/\/www.deinadieu.ch\/wp-content\/uploads\/2021\/05\/Blog_ValerieKrafft-_Rheumaliga_Porftraet-300x169.jpg 300w, https:\/\/www.deinadieu.ch\/wp-content\/uploads\/2021\/05\/Blog_ValerieKrafft-_Rheumaliga_Porftraet.jpg 1280w\" sizes=\"auto, (max-width: 1024px) 100vw, 1024px\" \/><figcaption>Un legs a permis \u00e0 la Ligue suisse contre le rhumatisme de cr\u00e9er le fonds SOS : \u00ab Nous l&#8217;utilisons pour soutenir les personnes atteintes de rhumatisme qui ont des difficult\u00e9s financi\u00e8res \u00bb, explique Val\u00e9rie Krafft, directrice de la Ligue suisse contre le rhumatisme. (Photo : mise \u00e0 disposition)<\/figcaption><\/figure>\n\n<h2 class=\"wp-block-heading\" id=\"h-rheuma-umfasst-ber-200-erkrankungen\">Les rhumatismes comprennent plus de 200 maladies<\/h2>\n\n<p><strong>O\u00f9 la Ligue suisse contre le rhumatisme est-elle surtout demand\u00e9e ? Quels sont les probl\u00e8mes des patientes et des patients ? <\/strong><br\/>Tout commence par l&#8217;\u00e9ducation et la sensibilisation. J&#8217;ai vu de nombreuses fois des visages \u00e9tonn\u00e9s lorsque j&#8217;ai dit que la plus jeune personne atteinte de rhumatisme que j&#8217;ai rencontr\u00e9e n&#8217;avait que sept mois.<\/p>\n\n<p><strong>Je pensais que seules les personnes \u00e2g\u00e9es avaient des rhumatismes.<\/strong><br\/>Cela est faux. Les rhumatismes comprennent plus de 200 maladies diff\u00e9rentes et les plus de deux millions de personnes atteintes appartiennent \u00e0 toutes les tranches d&#8217;\u00e2ge. Par cons\u00e9quent, l&#8217;impact se fait ressentir dans les domaines les plus vari\u00e9s de la vie \u2013 formation, choix de carri\u00e8re, planification familiale, mode de vie, ind\u00e9pendance, etc. <\/p>\n\n<p><strong>Cela repr\u00e9sente un grand d\u00e9fi. <\/strong><br\/>Effectivement. Mais je vois plut\u00f4t cela comme une opportunit\u00e9 unique : il existe des possibilit\u00e9s de mettre en place et de d\u00e9velopper des services dans de tr\u00e8s nombreux domaines. C&#8217;est pourquoi la gamme de services propos\u00e9s par la Ligue suisse contre le rhumatisme s&#8217;adresse tant aux enfants et \u00e0 leurs familles qu&#8217;aux jeunes, avec des groupes de discussion, des rencontres et un site internet, ainsi qu&#8217;aux personnes d&#8217;un \u00e2ge plus avanc\u00e9 avec des offres d&#8217;information tr\u00e8s vari\u00e9es. Cela va des publications et des sondages internet aux activit\u00e9s physiques en passant par une offre d\u00e9di\u00e9e aux seniors avec un programme de pr\u00e9vention des chutes \u00e0 la maison.<\/p>\n\n<p><strong>Ces offres s&#8217;adressent tant aux personnes atteintes qu&#8217;\u00e0 leur entourage et \u00e0 leurs proches.<\/strong><br\/>Effectivement. Le contenu doit \u00eatre compr\u00e9hensible, l&#8217;offre doit \u00eatre facilement accessible et l&#8217;aide directe doit \u00eatre au premier plan. <\/p>\n\n<p><strong>La Ligue suisse contre le rhumatisme apporte une aide directe gr\u00e2ce au fonds SOS. <\/strong><br\/>C&#8217;est juste. Ce fonds SOS soutient les personnes atteintes de rhumatismes qui ont des difficult\u00e9s financi\u00e8res en leur versant une contribution unique de mille francs au maximum. En effet, bien que les co\u00fbts des th\u00e9rapies et des m\u00e9dicaments soient largement couverts par l&#8217;assurance-maladie, les rhumatismes entra\u00eenent souvent des frais suppl\u00e9mentaires pour des soins non pris en charge par l&#8217;assurance-maladie et pour des am\u00e9nagements ou des aides urgent(e)s. Les caisses maladie et les assurances sociales ne couvrent jamais tous les co\u00fbts occasionn\u00e9s par les maladies chroniques. <\/p>\n\n<p><strong>Par exemple en cas d&#8217;am\u00e9nagements particuliers des b\u00e2timents ?<\/strong><br\/>A titre d&#8217;exemple, la plupart des personnes concern\u00e9es n&#8217;ont pas les moyens financiers d&#8217;installer un monte-escalier ou d&#8217;am\u00e9nager la douche pour la rendre sans obstacle. Dans de tels cas, notre fonds SOS entre en jeu. <\/p>\n\n<p><strong>Comment la Ligue suisse contre le rhumatisme peut-elle payer pour cela ?<\/strong><br\/>Le fonds SOS a vu le jour gr\u00e2ce au legs g\u00e9n\u00e9reux d&#8217;un m\u00e9c\u00e8ne. La personne souhaitait sp\u00e9cifiquement soutenir les personnes atteintes de rhumatismes en situation d&#8217;urgence et elle l&#8217;a indiqu\u00e9 dans son testament.<\/p>\n\n<p><strong>Comment la Ligue suisse contre le rhumatisme finance-t-elle son grand engagement ?<\/strong><br\/>Nous g\u00e9n\u00e9rons nous-m\u00eames 85% de nos ressources financi\u00e8res \u00e0 partir de contributions \u00e0 des projets, de parrainages, de dons, de legs et de revenus des services. La Ligue suisse contre les rhumatismes est financ\u00e9e \u00e0 hauteur de 15% par l&#8217;Office f\u00e9d\u00e9ral des assurances sociales (OFAS) et l&#8217;OFSP.<\/p>\n\n<p><strong>Quelle est l&#8217;importance de l&#8217;int\u00e9gration num\u00e9rique des proc\u00e9dures de donation ?<\/strong><br\/>Cela est sans aucun doute important et orient\u00e9 vers l&#8217;avenir. Cependant, je suis convaincue qu&#8217;il ne faut pas oublier la communication hors ligne. Cela constitue un d\u00e9fi suppl\u00e9mentaire pour la Ligue suisse contre le rhumatisme en particulier, dont les domaines d&#8217;activit\u00e9 sont si vari\u00e9s, car nous voulons maintenir plusieurs canaux en m\u00eame temps.<\/p>\n\n<p><strong>De quels canaux s&#8217;agit-il ?<\/strong><br\/>Nous sommes tr\u00e8s pr\u00e9sents sur internet et les r\u00e9seaux sociaux avec le th\u00e8me \u00ab faire un don et soutenir \u00bb. En parall\u00e8le, nous utilisons \u00e9galement les canaux de communication classiques et nous envoyons des prospectus de dons et maintenons un contact direct et personnel. Toutefois, une fois encore, la vie ne doit pas \u00eatre unidirectionnelle et nous voulons toucher le plus grand nombre de personnes possible sur tous les sujets \u2013 pr\u00e9cis\u00e9ment parce que les rhumatismes peuvent toucher tout le monde \u00e0 tout \u00e2ge.<\/p>\n\n<p><strong>La Ligue contre le rhumatisme conseille-t-elle \u00e9galement ses donatrices et ses donateurs en mati\u00e8re de testament<\/strong> ?<br\/>Oui, sur demande, nous sommes tr\u00e8s heureux de vous conseiller en mati\u00e8re de testament. <\/p>\n\n<p><strong>Quelle est l&#8217;\u00e9tendue de l&#8217;offre de la Ligue contre le rhumatisme ?<\/strong><br\/>En plus d&#8217;une consultation personnelle, les personnes int\u00e9ress\u00e9es peuvent commander gratuitement notre brochure d\u00e9taill\u00e9e sur le th\u00e8me de la planification successorale. Nous avons \u00e9labor\u00e9 cette brochure il y a quelques ann\u00e9es avec un groupe d&#8217;environ huit personnes. Nous voulions ainsi nous assurer de comprendre et concevoir au mieux les besoins. Ce groupe de discussion nous a donn\u00e9 des pistes et nous a notamment permis d&#8217;\u00e9laborer un questionnaire d\u00e9taill\u00e9 sur l&#8217;inventaire, qui est joint \u00e0 la brochure. <\/p>\n\n<p><strong>Comment expliquez-vous \u00e0 vos m\u00e9c\u00e8nes la diff\u00e9rence entre un don et un legs ?<\/strong><br\/>D&#8217;apr\u00e8s mon exp\u00e9rience, les personnes qui sont confront\u00e9es \u00e0 ces sujets savent tr\u00e8s bien ce qu&#8217;elles veulent. Il n&#8217;est donc souvent pas n\u00e9cessaire d&#8217;expliquer cette diff\u00e9rence, ce que je trouve d&#8217;ailleurs plut\u00f4t difficile. <\/p>\n\n<p><strong>Pouvez-vous essayer tout de m\u00eame, s&#8217;il vous pla\u00eet ?<\/strong><br\/>Peut-\u00eatre pourrions-nous dire qu&#8217;un don est un soutien apport\u00e9 de son vivant et de fa\u00e7on r\u00e9currente au travail d&#8217;une organisation. En revanche, un legs peut \u00eatre consid\u00e9r\u00e9 comme un don unique, mais ce caract\u00e8re unique est aussi le cadeau le plus important et le plus appr\u00e9ci\u00e9 qu&#8217;un donateur puisse laisser \u00e0 une organisation. <\/p>\n\n<p><strong>Quels sont les avantages d&#8217;un legs pour la Ligue suisse contre le rhumatisme ?<\/strong><br\/>Nous avons beaucoup de chance que la Ligue suisse contre le rhumatisme figure r\u00e9guli\u00e8rement dans les testaments. Cela permet \u00e0 la Ligue suisse contre le rhumatisme de se projeter sur le long terme et de continuer \u00e0 \u00eatre tr\u00e8s ind\u00e9pendante. <\/p>\n\n<p><strong>Pouvez-vous m&#8217;en dire plus \u00e0 ce sujet, s&#8217;il vous pla\u00eet ?<\/strong><br\/>De cette mani\u00e8re, nous pouvons continuer \u00e0 garantir une offre de services \u00e0 bas seuil ainsi que le d\u00e9veloppement de ces services en fonction des besoins des personnes atteintes de rhumatisme. La Ligue suisse contre le rhumatisme le fait depuis plus de 60 ans et la demande pour nos services n&#8217;a cess\u00e9 de cro\u00eetre ces derni\u00e8res ann\u00e9es, ce qui rend la planification d&#8217;autant plus importante pour nous. <\/p>\n\n<p><strong>Une question personnelle, ch\u00e8re Val\u00e9rie Krafft : Avez-vous fait votre testament ?<\/strong><br\/>Oui, je l&#8217;ai fait parce qu&#8217;il est important pour moi de d\u00e9cider moi-m\u00eame qui doit \u00eatre b\u00e9n\u00e9ficiaire.<\/p>\n\n<p>Val\u00e9rie Krafft, merci pour cette interview. <\/p>\n\n<figure class=\"wp-block-image size-large\"><img loading=\"lazy\" decoding=\"async\" width=\"1024\" height=\"576\" src=\"https:\/\/www.deinadieu.ch\/wp-content\/uploads\/2021\/05\/Blog_AndreaMoehr_Portraet2-1024x576.jpg\" alt=\"Andrea M&#xF6;hr, patiente atteinte de rhumatismes\" class=\"wp-image-50378\" srcset=\"https:\/\/www.deinadieu.ch\/wp-content\/uploads\/2021\/05\/Blog_AndreaMoehr_Portraet2-1024x576.jpg 1024w, https:\/\/www.deinadieu.ch\/wp-content\/uploads\/2021\/05\/Blog_AndreaMoehr_Portraet2-300x169.jpg 300w, https:\/\/www.deinadieu.ch\/wp-content\/uploads\/2021\/05\/Blog_AndreaMoehr_Portraet2.jpg 1280w\" sizes=\"auto, (max-width: 1024px) 100vw, 1024px\" \/><figcaption>Andrea M\u00f6hr souffre d&#8217;une maladie rhumatismale inflammatoire des articulations et du dos depuis neuf ans. (Photo : mise \u00e0 disposition)<\/figcaption><\/figure>\n\n<h2 class=\"wp-block-heading\" id=\"h-zu-beginn-meiner-krankheit-war-mir-die-rheumaliga-schweiz-eine-grosse-hilfe\">Au d\u00e9but de ma maladie, la Ligue suisse contre le rhumatisme m&#8217;a \u00e9t\u00e9 d&#8217;une grande aide<\/h2>\n\n<p><strong>Andrea M\u00f6hr, membre du Conseil consultatif des patients de la Ligue suisse contre le rhumatisme, explique \u00e0 quoi ressemble la vie lorsqu&#8217;on est atteint de rhumatisme.<\/strong><\/p>\n\n<p>\u00c0 l&#8217;\u00e9t\u00e9 2012, on a diagnostiqu\u00e9 une maladie rhumatismale inflammatoire des articulations et du dos \u00e0 Andrea M\u00f6hr. Des milliers de questions se sont pos\u00e9es : A quoi ressemblera l&#8217;avenir ? Qu&#8217;est-ce qui d\u00e9clenche cette maladie dans le corps ? Comment peut-on continuer \u00e0 mener une belle vie et \u00e0 faire du sport ? Andrea M\u00f6hr-Michel a r\u00e9pondu \u00e0 plusieurs de ces questions dans son livre \u00ab <a href=\"https:\/\/www.exlibris.ch\/de\/suche\/?qs=Kr%C3%BCckenh%C3%BCpferin\" target=\"_blank\" rel=\"noreferrer noopener\">Kr\u00fcckenh\u00fcpferin<\/a> \u00bb. Elle r\u00e9ussit \u00e0 donner un aper\u00e7u encourageant de la vie avec des rhumatismes inflammatoires, mais \u00e9galement \u00e0 transmettre des informations techniques d&#8217;une mani\u00e8re conviviale pour les patients. Il s&#8217;agit d&#8217;un livre qui donne du courage aux rhumatisants, aux malades chroniques ainsi qu&#8217;\u00e0 leurs proches pour vivre une vie digne d&#8217;\u00eatre v\u00e9cue malgr\u00e9 les difficult\u00e9s.<\/p>\n\n<p>Andrea M\u00f6hr a 49 ans et a grandi \u00e0 Lucerne. Depuis fin 1999, elle vit \u00e0 Kerzers, dans le Seeland fribourgeois, o\u00f9 elle et son mari se plaisent beaucoup. Andrea M\u00f6hr r\u00e9pond aux questions de DeinAdieu dans le cadre d&#8217;une interview \u00e9crite.<\/p>\n\n<p><strong>Madame M\u00f6hr : Quand avez-vous pris contact avec la Ligue suisse contre le rhumatisme ? <\/strong><br\/><strong>Andrea M\u00f6hr :<\/strong> Jusqu&#8217;\u00e0 ce que mon m\u00e9decin orthop\u00e9diste prononce le mot \u00ab rhumatisme \u00bb apr\u00e8s des complications cons\u00e9cutives \u00e0 une arthroscopie du genou, je savais \u00e0 peine ce que c&#8217;\u00e9tait. J&#8217;ai parcouru internet \u00e0 la recherche d&#8217;informations \u00e0 propos des diff\u00e9rentes maladies. Je suis alors rapidement tomb\u00e9e sur la Ligue suisse contre le rhumatisme. L\u00e0, j&#8217;ai trouv\u00e9 de nombreuses brochures informatives et faciles \u00e0 comprendre que je me suis fait envoy\u00e9es. Plus tard, j&#8217;ai \u00e9galement command\u00e9 des aides. <\/p>\n\n<figure class=\"wp-block-image size-large\"><img loading=\"lazy\" decoding=\"async\" width=\"1024\" height=\"576\" src=\"https:\/\/www.deinadieu.ch\/wp-content\/uploads\/2021\/05\/Blog_AndreaMoehr-_Ferien-1024x576.jpg\" alt=\"Andrea M&#xF6;hr, patiente atteinte de rhumatismes\" class=\"wp-image-50394\" srcset=\"https:\/\/www.deinadieu.ch\/wp-content\/uploads\/2021\/05\/Blog_AndreaMoehr-_Ferien-1024x576.jpg 1024w, https:\/\/www.deinadieu.ch\/wp-content\/uploads\/2021\/05\/Blog_AndreaMoehr-_Ferien-300x169.jpg 300w, https:\/\/www.deinadieu.ch\/wp-content\/uploads\/2021\/05\/Blog_AndreaMoehr-_Ferien.jpg 1280w\" sizes=\"auto, (max-width: 1024px) 100vw, 1024px\" \/><figcaption>Andrea M\u00f6hr en vacances. Elle souhaite que la soci\u00e9t\u00e9 sache que les rhumatismes sont plus qu&#8217;une \u00ab simple d\u00e9pendance&#8230; \u00bb. (Photo : mise \u00e0 disposition)<\/figcaption><\/figure>\n\n<p><strong>Comment les rhumatismes affectent-ils votre vie et vos loisirs ?<\/strong><br\/>Jusqu&#8217;\u00e0 ce que l&#8217;on me diagnostique des rhumatismes, j&#8217;avais plusieurs hobbys. D&#8217;une part, j&#8217;aimais faire de la randonn\u00e9e en montagne, du trekking et du ski de fond. D&#8217;autre part, je jouais du violon dans un orchestre, ce qui \u00e9tait tr\u00e8s important pour moi. Aujourd&#8217;hui, je fais de petites sorties avec mon v\u00e9lo couch\u00e9 \u00e9lectrique sp\u00e9cial, je joue du violon ainsi que de l&#8217;alto et j&#8217;aime dessiner.<\/p>\n\n<p><strong>Vous \u00eates engag\u00e9e dans le Conseil consultatif des patients de la Ligue suisse contre le rhumatisme. A votre avis, o\u00f9 la Ligue suisse contre le rhumatisme est-elle surtout demand\u00e9e ? <\/strong><br\/>Au d\u00e9but de la maladie, la Ligue suisse contre le rhumatisme peut rendre de bons services en fournissant des informations adapt\u00e9es au patient sur les diff\u00e9rentes maladies et sur la mani\u00e8re d&#8217;influencer soi-m\u00eame de mani\u00e8re positive l&#8217;\u00e9volution de la maladie. <\/p>\n\n<p><strong>Avez-vous \u00e9galement profit\u00e9 des cours de gymnastique et de formation des patients qui constituent une base importante du travail de la Ligue suisse contre le rhumatisme ?<\/strong><br\/>Oui, j&#8217;en ai profit\u00e9. Par ailleurs, la Ligue suisse contre le rhumatisme est pour moi \u00e9galement un centre de conseil pour les questions d&#8217;actualit\u00e9, comme par exemple actuellement au sujet de la Covid-19. Plusieurs questions surgissent \u00e0 ce propos, par exemple en lien avec les m\u00e9dicaments qui affaiblissent le syst\u00e8me immunitaire, la vaccination ainsi que le comportement pendant ces temps particuliers. En g\u00e9n\u00e9ral, la population a besoin d&#8217;\u00eatre inform\u00e9e afin de d\u00e9construire les mythes et les pr\u00e9jug\u00e9s.<\/p>\n\n<p><strong>O\u00f9 se situent selon vous les difficult\u00e9s des patientes et des patients ?<\/strong><br\/>Je les vois au d\u00e9but de la maladie, lorsque surgissent peut-\u00eatre des craintes quant \u00e0 l&#8217;avenir ou des questions sur la fa\u00e7on de faire face \u00e0 la maladie \u2013 ce qu&#8217;il faut faire, ce qu&#8217;il faut \u00e9viter de faire. Il peut \u00e9galement s&#8217;agir de questions concernant la vie professionnelle ainsi que les loisirs. Un autre point important est l&#8217;acceptation et la connaissance des maladies rhumatismales dans la soci\u00e9t\u00e9 en g\u00e9n\u00e9ral. Les rhumatismes sont plus qu&#8217;une \u00ab simple d\u00e9pendance&#8230; \u00bb<\/p>\n\n<p><strong>A cela s&#8217;ajoutent des soucis financiers.<\/strong><br\/>Effectivement. Malheureusement, certains sont \u00e9galement confront\u00e9s \u00e0 des probl\u00e8mes financiers et sociaux au fil des ann\u00e9es, par exemple lorsqu&#8217;ils doivent r\u00e9duire leur taux de travail ou lorsqu&#8217;ils ne peuvent plus exercer leur profession. Dans ce cas, les conseils individualis\u00e9s de la Ligue suisse contre le rhumatisme peuvent souvent apporter de l&#8217;aide.<\/p>\n\n<p><strong>Quel effet votre livre a-t-il eu dans ce contexte ?<\/strong><br\/>Des malades m&#8217;ont dit combien ils \u00e9taient heureux de savoir qu&#8217;ils n&#8217;\u00e9taient pas seuls \u00e0 souffrir de rhumatismes, avec des th\u00e9rapies m\u00e9dicamenteuses difficiles et des effets secondaires sans fin ou que, gr\u00e2ce \u00e0 cela, leurs peurs ne leur semblaient plus si \u00e9tranges. Les proches des personnes atteintes, quant \u00e0 eux, appr\u00e9cient d&#8217;avoir re\u00e7u un second regard de la part d&#8217;une personne malade afin de mieux comprendre et g\u00e9rer la douleur et les probl\u00e8mes de leur proche malade.<\/p>\n\n<p><strong>Vous r\u00e9digez r\u00e9guli\u00e8rement des articles sur le sujet.<\/strong><br\/>Oui, depuis la parution du livre, j&#8217;ai continu\u00e9 \u00e0 \u00e9crire sur la vie avec les rhumatismes et le CRPS sur mon blog \u00ab Kr\u00fcckenh\u00fcpferin \u00bb www.rheumaleben.blogspot.ch. L&#8217;abr\u00e9viation CRPS d\u00e9signe le Complex Regional Pain Syndrome, soit le syndrome douloureux r\u00e9gional complexe. Le CRPS est une maladie neurologique chronique qui survient apr\u00e8s une l\u00e9sion des tissus mous ou des nerfs, souvent en relation avec la fracture d&#8217;une extr\u00e9mit\u00e9.<\/p>\n\n<p><strong>Comment avez-vous appris \u00e0 faire face \u00e0 la maladie et \u00e0 la g\u00e9rer ?<\/strong><br\/>Au d\u00e9but il y a une phase de tristesse o\u00f9 il faut d&#8217;abord accepter que l&#8217;on est atteint une maladie chronique. Ce n&#8217;est qu&#8217;ensuite que l&#8217;on apprend \u00e0 g\u00e9rer la maladie et la douleur. Lorsqu&#8217;on atteint la seconde phase, les \u00eeles qui vous donnent de l&#8217;\u00e9nergie sont tr\u00e8s importantes pour planifier la journ\u00e9e. Il s&#8217;agit de petites choses comme se reposer sur le canap\u00e9, \u00e9couter de la musique, lire un livre ou dessiner quelque chose. L&#8217;important est que la douleur chronique doit \u00eatre ma\u00eetris\u00e9e. Je veux \u00eatre la ma\u00eetresse de ma vie et non pas que ce soit la douleur qui commande. <\/p>\n\n<p><strong>Madame M\u00f6hr, merci pour cette interview. <\/strong><\/p>\n\n<p class=\"has-text-align-right\">Texte : Martin Schuppli<\/p>\n\n        <div class=\"da-servicebox relative bg-gray-200 p-4 pt-8 border-solid border-t-8 border-da-dark mb-6\">\n            <i class=\"fas fa-info-circle mx-auto fa-7x text-da-dark\"><\/i>\n            <span style=\"hyphens: auto\">\n                <\/p>\n\n<p>La Ligue Suisse de Rhumatisme est partenaire de DeinAdieu. Voir le <a href=\"https:\/\/www.deinadieu.ch\/fr\/oeuvres-de-bienfaisance\/\" target=\"_blank\" rel=\"noreferrer noopener\">profil<\/a><\/p>\n<p>\n                \n                \n            <\/span>\n        <\/div>\n        \n","protected":false},"excerpt":{"rendered":"<p>Ce n&#8217;est certainement pas une maladie de vieillesse : la plus jeune personne prise en charge par la Ligue suisse contre le rhumatisme avait sept mois. Val\u00e9rie Krafft, directrice de la Ligue suisse contre le rhumatisme, parle des douleurs, des dons et de l&#8217;acc\u00e8s \u00e0 un large \u00e9ventail de services.<\/p>\n","protected":false},"author":2,"featured_media":50384,"comment_status":"open","ping_status":"closed","sticky":false,"template":"","format":"standard","meta":{"_acf_changed":false,"footnotes":""},"categories":[2486],"tags":[2469,2703],"class_list":["post-51335","post","type-post","status-publish","format-standard","has-post-thumbnail","hentry","category-maladie","tag-quel-effet-mon-heritage-peut-il-avoir","tag-souffrances"],"acf":[],"yoast_head":"<title>Val\u00e9rie Krafft : \u00ab Les rhumatismes peuvent tous nous toucher \u00e0 tout \u00e2ge \u00bb<\/title>\n<meta name=\"description\" content=\"Val\u00e9rie Krafft, directrice de la Ligue suisse contre le rhumatisme, parle avec DeinAdieu des douleurs, des dons et des offres de services.\" \/>\n<meta name=\"robots\" content=\"index, follow, max-snippet:-1, max-image-preview:large, max-video-preview:-1\" \/>\n<link rel=\"canonical\" href=\"https:\/\/www.deinadieu.ch\/fr\/valerie-krafft-les-rhumatismes-peuvent-tous-nous-toucher-a-tout-age\/\" \/>\n<meta property=\"og:locale\" content=\"fr_FR\" \/>\n<meta property=\"og:type\" content=\"article\" \/>\n<meta property=\"og:title\" content=\"Val\u00e9rie Krafft : \u00ab Les rhumatismes peuvent tous nous toucher \u00e0 tout \u00e2ge \u00bb\" \/>\n<meta property=\"og:description\" content=\"Ce n&#039;est certainement pas une maladie de vieillesse : la plus jeune personne prise en charge par la Ligue suisse contre le rhumatisme avait sept mois.\" \/>\n<meta property=\"og:url\" content=\"https:\/\/www.deinadieu.ch\/fr\/valerie-krafft-les-rhumatismes-peuvent-tous-nous-toucher-a-tout-age\/\" \/>\n<meta property=\"og:site_name\" content=\"DeinAdieu.ch\" \/>\n<meta property=\"article:publisher\" content=\"https:\/\/www.facebook.com\/deinadieu\" \/>\n<meta property=\"article:published_time\" content=\"2021-05-24T09:32:07+00:00\" \/>\n<meta property=\"article:modified_time\" content=\"2024-03-25T14:27:03+00:00\" \/>\n<meta property=\"og:image\" content=\"https:\/\/static.deinadieu.ch\/uploads\/2021\/05\/Blog_ValerieKrafft-_Rheumaliga_Aufmacher.jpg\" \/>\n\t<meta property=\"og:image:width\" content=\"1280\" \/>\n\t<meta property=\"og:image:height\" content=\"720\" \/>\n\t<meta property=\"og:image:type\" content=\"image\/jpeg\" \/>\n<meta name=\"author\" content=\"Martin Schuppli\" \/>\n<meta name=\"twitter:card\" content=\"summary_large_image\" \/>\n<meta name=\"twitter:creator\" content=\"@DeinAdieu\" \/>\n<meta name=\"twitter:site\" content=\"@DeinAdieu\" \/>\n<meta name=\"twitter:label1\" content=\"Written by\" \/>\n\t<meta name=\"twitter:data1\" content=\"Martin Schuppli\" \/>\n\t<meta name=\"twitter:label2\" content=\"Est. reading time\" \/>\n\t<meta name=\"twitter:data2\" content=\"15 minutes\" \/>\n<script type=\"application\/ld+json\" class=\"yoast-schema-graph\">{\"@context\":\"https:\\\/\\\/schema.org\",\"@graph\":[{\"@type\":\"Article\",\"@id\":\"https:\\\/\\\/www.deinadieu.ch\\\/fr\\\/valerie-krafft-les-rhumatismes-peuvent-tous-nous-toucher-a-tout-age\\\/#article\",\"isPartOf\":{\"@id\":\"https:\\\/\\\/www.deinadieu.ch\\\/fr\\\/valerie-krafft-les-rhumatismes-peuvent-tous-nous-toucher-a-tout-age\\\/\"},\"author\":{\"name\":\"Martin Schuppli\",\"@id\":\"https:\\\/\\\/www.deinadieu.ch\\\/fr\\\/#\\\/schema\\\/person\\\/47522dd97d1b840f11a7e637e69c4a82\"},\"headline\":\"Val\u00e9rie Krafft : \u00ab Les rhumatismes peuvent tous nous toucher \u00e0 tout \u00e2ge \u00bb\",\"datePublished\":\"2021-05-24T09:32:07+00:00\",\"dateModified\":\"2024-03-25T14:27:03+00:00\",\"mainEntityOfPage\":{\"@id\":\"https:\\\/\\\/www.deinadieu.ch\\\/fr\\\/valerie-krafft-les-rhumatismes-peuvent-tous-nous-toucher-a-tout-age\\\/\"},\"wordCount\":3206,\"commentCount\":0,\"publisher\":{\"@id\":\"https:\\\/\\\/www.deinadieu.ch\\\/fr\\\/#organization\"},\"image\":{\"@id\":\"https:\\\/\\\/www.deinadieu.ch\\\/fr\\\/valerie-krafft-les-rhumatismes-peuvent-tous-nous-toucher-a-tout-age\\\/#primaryimage\"},\"thumbnailUrl\":\"https:\\\/\\\/www.deinadieu.ch\\\/wp-content\\\/uploads\\\/2021\\\/05\\\/Blog_ValerieKrafft-_Rheumaliga_Aufmacher.jpg\",\"keywords\":[\"Quel effet mon h\u00e9ritage peut-il avoir ?\",\"Souffrances\"],\"articleSection\":[\"Maladie\"],\"inLanguage\":\"fr-FR\",\"potentialAction\":[{\"@type\":\"CommentAction\",\"name\":\"Comment\",\"target\":[\"https:\\\/\\\/www.deinadieu.ch\\\/fr\\\/valerie-krafft-les-rhumatismes-peuvent-tous-nous-toucher-a-tout-age\\\/#respond\"]}]},{\"@type\":\"WebPage\",\"@id\":\"https:\\\/\\\/www.deinadieu.ch\\\/fr\\\/valerie-krafft-les-rhumatismes-peuvent-tous-nous-toucher-a-tout-age\\\/\",\"url\":\"https:\\\/\\\/www.deinadieu.ch\\\/fr\\\/valerie-krafft-les-rhumatismes-peuvent-tous-nous-toucher-a-tout-age\\\/\",\"name\":\"Val\u00e9rie Krafft : \u00ab Les rhumatismes peuvent tous nous toucher \u00e0 tout \u00e2ge \u00bb\",\"isPartOf\":{\"@id\":\"https:\\\/\\\/www.deinadieu.ch\\\/fr\\\/#website\"},\"primaryImageOfPage\":{\"@id\":\"https:\\\/\\\/www.deinadieu.ch\\\/fr\\\/valerie-krafft-les-rhumatismes-peuvent-tous-nous-toucher-a-tout-age\\\/#primaryimage\"},\"image\":{\"@id\":\"https:\\\/\\\/www.deinadieu.ch\\\/fr\\\/valerie-krafft-les-rhumatismes-peuvent-tous-nous-toucher-a-tout-age\\\/#primaryimage\"},\"thumbnailUrl\":\"https:\\\/\\\/www.deinadieu.ch\\\/wp-content\\\/uploads\\\/2021\\\/05\\\/Blog_ValerieKrafft-_Rheumaliga_Aufmacher.jpg\",\"datePublished\":\"2021-05-24T09:32:07+00:00\",\"dateModified\":\"2024-03-25T14:27:03+00:00\",\"description\":\"Val\u00e9rie Krafft, directrice de la Ligue suisse contre le rhumatisme, parle avec DeinAdieu des douleurs, des dons et des offres de services.\",\"breadcrumb\":{\"@id\":\"https:\\\/\\\/www.deinadieu.ch\\\/fr\\\/valerie-krafft-les-rhumatismes-peuvent-tous-nous-toucher-a-tout-age\\\/#breadcrumb\"},\"inLanguage\":\"fr-FR\",\"potentialAction\":[{\"@type\":\"ReadAction\",\"target\":[\"https:\\\/\\\/www.deinadieu.ch\\\/fr\\\/valerie-krafft-les-rhumatismes-peuvent-tous-nous-toucher-a-tout-age\\\/\"]}]},{\"@type\":\"ImageObject\",\"inLanguage\":\"fr-FR\",\"@id\":\"https:\\\/\\\/www.deinadieu.ch\\\/fr\\\/valerie-krafft-les-rhumatismes-peuvent-tous-nous-toucher-a-tout-age\\\/#primaryimage\",\"url\":\"https:\\\/\\\/www.deinadieu.ch\\\/wp-content\\\/uploads\\\/2021\\\/05\\\/Blog_ValerieKrafft-_Rheumaliga_Aufmacher.jpg\",\"contentUrl\":\"https:\\\/\\\/www.deinadieu.ch\\\/wp-content\\\/uploads\\\/2021\\\/05\\\/Blog_ValerieKrafft-_Rheumaliga_Aufmacher.jpg\",\"width\":1280,\"height\":720,\"caption\":\"La directrice de la Ligue suisse contre le rhumatisme, Val\u00e9rie Krafft, dans son bureau de Zurich. \u00ab La collecte de fonds constitue une part importante de mes activit\u00e9s de directrice. \u00bb (Photo : mise \u00e0 disposition)\"},{\"@type\":\"BreadcrumbList\",\"@id\":\"https:\\\/\\\/www.deinadieu.ch\\\/fr\\\/valerie-krafft-les-rhumatismes-peuvent-tous-nous-toucher-a-tout-age\\\/#breadcrumb\",\"itemListElement\":[{\"@type\":\"ListItem\",\"position\":1,\"name\":\"Home\",\"item\":\"https:\\\/\\\/www.deinadieu.ch\\\/fr\\\/deinadieu-dialog-und-serviceportal-zum-lebensende\\\/\"},{\"@type\":\"ListItem\",\"position\":2,\"name\":\"Val\u00e9rie Krafft : \u00ab Les rhumatismes peuvent tous nous toucher \u00e0 tout \u00e2ge \u00bb\"}]},{\"@type\":\"WebSite\",\"@id\":\"https:\\\/\\\/www.deinadieu.ch\\\/fr\\\/#website\",\"url\":\"https:\\\/\\\/www.deinadieu.ch\\\/fr\\\/\",\"name\":\"DeinAdieu.ch\",\"description\":\"Testament, Patientenverf\u00fcgung und Vorsorgeauftrag\",\"publisher\":{\"@id\":\"https:\\\/\\\/www.deinadieu.ch\\\/fr\\\/#organization\"},\"potentialAction\":[{\"@type\":\"SearchAction\",\"target\":{\"@type\":\"EntryPoint\",\"urlTemplate\":\"https:\\\/\\\/www.deinadieu.ch\\\/fr\\\/?s={search_term_string}\"},\"query-input\":{\"@type\":\"PropertyValueSpecification\",\"valueRequired\":true,\"valueName\":\"search_term_string\"}}],\"inLanguage\":\"fr-FR\"},{\"@type\":\"Organization\",\"@id\":\"https:\\\/\\\/www.deinadieu.ch\\\/fr\\\/#organization\",\"name\":\"EMNA Web GmbH\",\"url\":\"https:\\\/\\\/www.deinadieu.ch\\\/fr\\\/\",\"logo\":{\"@type\":\"ImageObject\",\"inLanguage\":\"fr-FR\",\"@id\":\"https:\\\/\\\/www.deinadieu.ch\\\/fr\\\/#\\\/schema\\\/logo\\\/image\\\/\",\"url\":\"https:\\\/\\\/www.deinadieu.ch\\\/wp-content\\\/uploads\\\/2016\\\/01\\\/DeinAdieu_Logo.png\",\"contentUrl\":\"https:\\\/\\\/www.deinadieu.ch\\\/wp-content\\\/uploads\\\/2016\\\/01\\\/DeinAdieu_Logo.png\",\"width\":300,\"height\":117,\"caption\":\"EMNA Web GmbH\"},\"image\":{\"@id\":\"https:\\\/\\\/www.deinadieu.ch\\\/fr\\\/#\\\/schema\\\/logo\\\/image\\\/\"},\"sameAs\":[\"https:\\\/\\\/www.facebook.com\\\/deinadieu\",\"https:\\\/\\\/x.com\\\/DeinAdieu\",\"https:\\\/\\\/www.instagram.com\\\/deinadieu\\\/\",\"https:\\\/\\\/www.linkedin.com\\\/company\\\/deinadieu.ch\"]},{\"@type\":\"Person\",\"@id\":\"https:\\\/\\\/www.deinadieu.ch\\\/fr\\\/#\\\/schema\\\/person\\\/47522dd97d1b840f11a7e637e69c4a82\",\"name\":\"Martin Schuppli\",\"image\":{\"@type\":\"ImageObject\",\"inLanguage\":\"fr-FR\",\"@id\":\"https:\\\/\\\/secure.gravatar.com\\\/avatar\\\/3f6dee2a3d53d202b91ce982afc75191f59466c9d54dc61e5322d152b8eb2881?s=96&d=mm&r=g\",\"url\":\"https:\\\/\\\/secure.gravatar.com\\\/avatar\\\/3f6dee2a3d53d202b91ce982afc75191f59466c9d54dc61e5322d152b8eb2881?s=96&d=mm&r=g\",\"contentUrl\":\"https:\\\/\\\/secure.gravatar.com\\\/avatar\\\/3f6dee2a3d53d202b91ce982afc75191f59466c9d54dc61e5322d152b8eb2881?s=96&d=mm&r=g\",\"caption\":\"Martin Schuppli\"},\"description\":\"Martin Schuppli, *1955, arbeitete w\u00e4hrend 30 Jahren als Journalist bei Ringier AG. Er begann als Produzent beim Blick, schrieb sp\u00e4ter f\u00fcr SonntagsBlick, Gesundheit-Sprechstunde und Schweizer Illustrierte. 2009 machte er sich selbstst\u00e4ndig, sagte: \u00abIch schreibe mich durchs Leben.\u00bb Seit 2015 ist Martin Schuppli zusammen mit Nicolas Gehrig, CEO und dem Team daran, das Webportal DeinAdieu aufzubauen. \u00abHier kann ich schreiben. Und zwar \u00fcber das, was die Menschen am meisten interessiert. \u00dcber Menschen.\u00bb\",\"url\":\"https:\\\/\\\/www.deinadieu.ch\\\/fr\\\/author\\\/martin\\\/\"}]}<\/script>","yoast_head_json":{"title":"Val\u00e9rie Krafft : \u00ab Les rhumatismes peuvent tous nous toucher \u00e0 tout \u00e2ge \u00bb","description":"Val\u00e9rie Krafft, directrice de la Ligue suisse contre le rhumatisme, parle avec DeinAdieu des douleurs, des dons et des offres de services.","robots":{"index":"index","follow":"follow","max-snippet":"max-snippet:-1","max-image-preview":"max-image-preview:large","max-video-preview":"max-video-preview:-1"},"canonical":"https:\/\/www.deinadieu.ch\/fr\/valerie-krafft-les-rhumatismes-peuvent-tous-nous-toucher-a-tout-age\/","og_locale":"fr_FR","og_type":"article","og_title":"Val\u00e9rie Krafft : \u00ab Les rhumatismes peuvent tous nous toucher \u00e0 tout \u00e2ge \u00bb","og_description":"Ce n'est certainement pas une maladie de vieillesse : la plus jeune personne prise en charge par la Ligue suisse contre le rhumatisme avait sept mois.","og_url":"https:\/\/www.deinadieu.ch\/fr\/valerie-krafft-les-rhumatismes-peuvent-tous-nous-toucher-a-tout-age\/","og_site_name":"DeinAdieu.ch","article_publisher":"https:\/\/www.facebook.com\/deinadieu","article_published_time":"2021-05-24T09:32:07+00:00","article_modified_time":"2024-03-25T14:27:03+00:00","og_image":[{"width":1280,"height":720,"url":"https:\/\/static.deinadieu.ch\/uploads\/2021\/05\/Blog_ValerieKrafft-_Rheumaliga_Aufmacher.jpg","type":"image\/jpeg"}],"author":"Martin Schuppli","twitter_card":"summary_large_image","twitter_creator":"@DeinAdieu","twitter_site":"@DeinAdieu","twitter_misc":{"Written by":"Martin Schuppli","Est. reading time":"15 minutes"},"schema":{"@context":"https:\/\/schema.org","@graph":[{"@type":"Article","@id":"https:\/\/www.deinadieu.ch\/fr\/valerie-krafft-les-rhumatismes-peuvent-tous-nous-toucher-a-tout-age\/#article","isPartOf":{"@id":"https:\/\/www.deinadieu.ch\/fr\/valerie-krafft-les-rhumatismes-peuvent-tous-nous-toucher-a-tout-age\/"},"author":{"name":"Martin Schuppli","@id":"https:\/\/www.deinadieu.ch\/fr\/#\/schema\/person\/47522dd97d1b840f11a7e637e69c4a82"},"headline":"Val\u00e9rie Krafft : \u00ab Les rhumatismes peuvent tous nous toucher \u00e0 tout \u00e2ge \u00bb","datePublished":"2021-05-24T09:32:07+00:00","dateModified":"2024-03-25T14:27:03+00:00","mainEntityOfPage":{"@id":"https:\/\/www.deinadieu.ch\/fr\/valerie-krafft-les-rhumatismes-peuvent-tous-nous-toucher-a-tout-age\/"},"wordCount":3206,"commentCount":0,"publisher":{"@id":"https:\/\/www.deinadieu.ch\/fr\/#organization"},"image":{"@id":"https:\/\/www.deinadieu.ch\/fr\/valerie-krafft-les-rhumatismes-peuvent-tous-nous-toucher-a-tout-age\/#primaryimage"},"thumbnailUrl":"https:\/\/www.deinadieu.ch\/wp-content\/uploads\/2021\/05\/Blog_ValerieKrafft-_Rheumaliga_Aufmacher.jpg","keywords":["Quel effet mon h\u00e9ritage peut-il avoir ?","Souffrances"],"articleSection":["Maladie"],"inLanguage":"fr-FR","potentialAction":[{"@type":"CommentAction","name":"Comment","target":["https:\/\/www.deinadieu.ch\/fr\/valerie-krafft-les-rhumatismes-peuvent-tous-nous-toucher-a-tout-age\/#respond"]}]},{"@type":"WebPage","@id":"https:\/\/www.deinadieu.ch\/fr\/valerie-krafft-les-rhumatismes-peuvent-tous-nous-toucher-a-tout-age\/","url":"https:\/\/www.deinadieu.ch\/fr\/valerie-krafft-les-rhumatismes-peuvent-tous-nous-toucher-a-tout-age\/","name":"Val\u00e9rie Krafft : \u00ab Les rhumatismes peuvent tous nous toucher \u00e0 tout \u00e2ge \u00bb","isPartOf":{"@id":"https:\/\/www.deinadieu.ch\/fr\/#website"},"primaryImageOfPage":{"@id":"https:\/\/www.deinadieu.ch\/fr\/valerie-krafft-les-rhumatismes-peuvent-tous-nous-toucher-a-tout-age\/#primaryimage"},"image":{"@id":"https:\/\/www.deinadieu.ch\/fr\/valerie-krafft-les-rhumatismes-peuvent-tous-nous-toucher-a-tout-age\/#primaryimage"},"thumbnailUrl":"https:\/\/www.deinadieu.ch\/wp-content\/uploads\/2021\/05\/Blog_ValerieKrafft-_Rheumaliga_Aufmacher.jpg","datePublished":"2021-05-24T09:32:07+00:00","dateModified":"2024-03-25T14:27:03+00:00","description":"Val\u00e9rie Krafft, directrice de la Ligue suisse contre le rhumatisme, parle avec DeinAdieu des douleurs, des dons et des offres de services.","breadcrumb":{"@id":"https:\/\/www.deinadieu.ch\/fr\/valerie-krafft-les-rhumatismes-peuvent-tous-nous-toucher-a-tout-age\/#breadcrumb"},"inLanguage":"fr-FR","potentialAction":[{"@type":"ReadAction","target":["https:\/\/www.deinadieu.ch\/fr\/valerie-krafft-les-rhumatismes-peuvent-tous-nous-toucher-a-tout-age\/"]}]},{"@type":"ImageObject","inLanguage":"fr-FR","@id":"https:\/\/www.deinadieu.ch\/fr\/valerie-krafft-les-rhumatismes-peuvent-tous-nous-toucher-a-tout-age\/#primaryimage","url":"https:\/\/www.deinadieu.ch\/wp-content\/uploads\/2021\/05\/Blog_ValerieKrafft-_Rheumaliga_Aufmacher.jpg","contentUrl":"https:\/\/www.deinadieu.ch\/wp-content\/uploads\/2021\/05\/Blog_ValerieKrafft-_Rheumaliga_Aufmacher.jpg","width":1280,"height":720,"caption":"La directrice de la Ligue suisse contre le rhumatisme, Val\u00e9rie Krafft, dans son bureau de Zurich. \u00ab La collecte de fonds constitue une part importante de mes activit\u00e9s de directrice. \u00bb (Photo : mise \u00e0 disposition)"},{"@type":"BreadcrumbList","@id":"https:\/\/www.deinadieu.ch\/fr\/valerie-krafft-les-rhumatismes-peuvent-tous-nous-toucher-a-tout-age\/#breadcrumb","itemListElement":[{"@type":"ListItem","position":1,"name":"Home","item":"https:\/\/www.deinadieu.ch\/fr\/deinadieu-dialog-und-serviceportal-zum-lebensende\/"},{"@type":"ListItem","position":2,"name":"Val\u00e9rie Krafft : \u00ab Les rhumatismes peuvent tous nous toucher \u00e0 tout \u00e2ge \u00bb"}]},{"@type":"WebSite","@id":"https:\/\/www.deinadieu.ch\/fr\/#website","url":"https:\/\/www.deinadieu.ch\/fr\/","name":"DeinAdieu.ch","description":"Testament, Patientenverf\u00fcgung und Vorsorgeauftrag","publisher":{"@id":"https:\/\/www.deinadieu.ch\/fr\/#organization"},"potentialAction":[{"@type":"SearchAction","target":{"@type":"EntryPoint","urlTemplate":"https:\/\/www.deinadieu.ch\/fr\/?s={search_term_string}"},"query-input":{"@type":"PropertyValueSpecification","valueRequired":true,"valueName":"search_term_string"}}],"inLanguage":"fr-FR"},{"@type":"Organization","@id":"https:\/\/www.deinadieu.ch\/fr\/#organization","name":"EMNA Web GmbH","url":"https:\/\/www.deinadieu.ch\/fr\/","logo":{"@type":"ImageObject","inLanguage":"fr-FR","@id":"https:\/\/www.deinadieu.ch\/fr\/#\/schema\/logo\/image\/","url":"https:\/\/www.deinadieu.ch\/wp-content\/uploads\/2016\/01\/DeinAdieu_Logo.png","contentUrl":"https:\/\/www.deinadieu.ch\/wp-content\/uploads\/2016\/01\/DeinAdieu_Logo.png","width":300,"height":117,"caption":"EMNA Web GmbH"},"image":{"@id":"https:\/\/www.deinadieu.ch\/fr\/#\/schema\/logo\/image\/"},"sameAs":["https:\/\/www.facebook.com\/deinadieu","https:\/\/x.com\/DeinAdieu","https:\/\/www.instagram.com\/deinadieu\/","https:\/\/www.linkedin.com\/company\/deinadieu.ch"]},{"@type":"Person","@id":"https:\/\/www.deinadieu.ch\/fr\/#\/schema\/person\/47522dd97d1b840f11a7e637e69c4a82","name":"Martin Schuppli","image":{"@type":"ImageObject","inLanguage":"fr-FR","@id":"https:\/\/secure.gravatar.com\/avatar\/3f6dee2a3d53d202b91ce982afc75191f59466c9d54dc61e5322d152b8eb2881?s=96&d=mm&r=g","url":"https:\/\/secure.gravatar.com\/avatar\/3f6dee2a3d53d202b91ce982afc75191f59466c9d54dc61e5322d152b8eb2881?s=96&d=mm&r=g","contentUrl":"https:\/\/secure.gravatar.com\/avatar\/3f6dee2a3d53d202b91ce982afc75191f59466c9d54dc61e5322d152b8eb2881?s=96&d=mm&r=g","caption":"Martin Schuppli"},"description":"Martin Schuppli, *1955, arbeitete w\u00e4hrend 30 Jahren als Journalist bei Ringier AG. Er begann als Produzent beim Blick, schrieb sp\u00e4ter f\u00fcr SonntagsBlick, Gesundheit-Sprechstunde und Schweizer Illustrierte. 2009 machte er sich selbstst\u00e4ndig, sagte: \u00abIch schreibe mich durchs Leben.\u00bb Seit 2015 ist Martin Schuppli zusammen mit Nicolas Gehrig, CEO und dem Team daran, das Webportal DeinAdieu aufzubauen. \u00abHier kann ich schreiben. Und zwar \u00fcber das, was die Menschen am meisten interessiert. \u00dcber Menschen.\u00bb","url":"https:\/\/www.deinadieu.ch\/fr\/author\/martin\/"}]}},"_links":{"self":[{"href":"https:\/\/www.deinadieu.ch\/fr\/wp-json\/wp\/v2\/posts\/51335","targetHints":{"allow":["GET"]}}],"collection":[{"href":"https:\/\/www.deinadieu.ch\/fr\/wp-json\/wp\/v2\/posts"}],"about":[{"href":"https:\/\/www.deinadieu.ch\/fr\/wp-json\/wp\/v2\/types\/post"}],"author":[{"embeddable":true,"href":"https:\/\/www.deinadieu.ch\/fr\/wp-json\/wp\/v2\/users\/2"}],"replies":[{"embeddable":true,"href":"https:\/\/www.deinadieu.ch\/fr\/wp-json\/wp\/v2\/comments?post=51335"}],"version-history":[{"count":8,"href":"https:\/\/www.deinadieu.ch\/fr\/wp-json\/wp\/v2\/posts\/51335\/revisions"}],"predecessor-version":[{"id":67200,"href":"https:\/\/www.deinadieu.ch\/fr\/wp-json\/wp\/v2\/posts\/51335\/revisions\/67200"}],"wp:featuredmedia":[{"embeddable":true,"href":"https:\/\/www.deinadieu.ch\/fr\/wp-json\/wp\/v2\/media\/50384"}],"wp:attachment":[{"href":"https:\/\/www.deinadieu.ch\/fr\/wp-json\/wp\/v2\/media?parent=51335"}],"wp:term":[{"taxonomy":"category","embeddable":true,"href":"https:\/\/www.deinadieu.ch\/fr\/wp-json\/wp\/v2\/categories?post=51335"},{"taxonomy":"post_tag","embeddable":true,"href":"https:\/\/www.deinadieu.ch\/fr\/wp-json\/wp\/v2\/tags?post=51335"}],"curies":[{"name":"wp","href":"https:\/\/api.w.org\/{rel}","templated":true}]}}