{"id":50256,"date":"2021-03-25T10:22:55","date_gmt":"2021-03-25T09:22:55","guid":{"rendered":"https:\/\/www.deinadieu.ch\/les-soins-palliatifs-pour-enfants-peuvent-durer-des-annees\/"},"modified":"2022-08-19T08:50:30","modified_gmt":"2022-08-19T06:50:30","slug":"les-soins-palliatifs-pour-enfants-peuvent-durer-des-annees","status":"publish","type":"post","link":"https:\/\/www.deinadieu.ch\/fr\/les-soins-palliatifs-pour-enfants-peuvent-durer-des-annees\/","title":{"rendered":"Les soins palliatifs pour enfants peuvent durer des ann\u00e9es"},"content":{"rendered":"\n<p>PD Dr. med. Eva Bergstr\u00e4sser dirige le service de soins palliatifs de l&#8217;h\u00f4pital p\u00e9diatrique universitaire de Zurich. Elle et son \u00e9quipe s&#8217;occupent d&#8217;enfants gravement malades et mourants et accompagnent leurs fr\u00e8res et s\u0153urs et leurs proches pendant cette p\u00e9riode difficile. Elle a parl\u00e9 de son travail avec DeinAdieu. Elle a parl\u00e9 de la vie et de la mort.<\/p>\n\n<!--more-->\n\n<p><strong>Madame Bergstr\u00e4sser : Vous travaillez en qualit\u00e9 de m\u00e9decin-chef \u00e0 l&#8217;h\u00f4pital p\u00e9diatrique de Zurich, o\u00f9 vous dirigez le centre de comp\u00e9tences en soins palliatifs. Parlez moi de votre travail. <\/strong><\/p>\n\n<p><strong>PD Dr. Eva Bergstr\u00e4sser :<\/strong> Ce que je trouve important de souligner est que nous ne nous occupons pas seulement des enfants et des adolescents en phase terminale dans leurs derniers jours ou dans leurs derni\u00e8res heures. Notre travail commence bien plus t\u00f4t, parfois juste apr\u00e8s la naissance, et cela peut durer quelques ann\u00e9es.<\/p>\n\n<p><strong>Une nette diff\u00e9rence par rapport aux soins prodigu\u00e9s aux adultes.<\/strong><\/p>\n\n<p>Exactement. Les soins palliatifs chez les adultes sont beaucoup plus ax\u00e9s sur la fin de vie. Nous nous occupons d&#8217;enfants de tous \u00e2ges, des nouveau-n\u00e9s aux jeunes de dix-huit ans, parfois m\u00eame au-del\u00e0. De temps en temps \u2013 et j&#8217;esp\u00e8re que ce sera encore davantage le cas \u00e0 l&#8217;avenir \u2013 nous nous occupons des enfants avant leur naissance et bien s\u00fbr de leurs parents aussi.<\/p>\n\n<p><strong>Parce que vous savez que l&#8217;enfant aura besoin de soins d\u00e8s sa naissance?<\/strong><\/p>\n\n<p>Oui, car l&#8217;enfant a une maladie qui n&#8217;est pas compatible avec la vie, qui a \u00e9t\u00e9 d\u00e9tect\u00e9e g\u00e9n\u00e9tiquement ou par imagerie m\u00e9dicale, et on demande aux parents ce qu&#8217;ils souhaitent. Devrions-nous tout faire ou, si la situation est d\u00e9j\u00e0 tr\u00e8s compliqu\u00e9e, devrions-nous nous concentrer sur le confort et donner une chance \u00e0 l&#8217;enfant, mais pas le forcer \u00e0 rester en vie ?<\/p>\n\n<figure class=\"wp-block-image size-large\"><img loading=\"lazy\" decoding=\"async\" width=\"1024\" height=\"576\" src=\"https:\/\/www.deinadieu.ch\/wp-content\/uploads\/2021\/03\/Blog_PD.Dr_.med_.EvaBergstraesser-2-1024x576.jpg\" alt=\"PD. Dr. med. Eva Bergstr&#xE4;sser, m&#xE9;decin-chef &#xE0; l'h&#xF4;pital p&#xE9;diatrique de Zurich\" class=\"wp-image-48444\" srcset=\"https:\/\/www.deinadieu.ch\/wp-content\/uploads\/2021\/03\/Blog_PD.Dr_.med_.EvaBergstraesser-2-1024x576.jpg 1024w, https:\/\/www.deinadieu.ch\/wp-content\/uploads\/2021\/03\/Blog_PD.Dr_.med_.EvaBergstraesser-2-300x169.jpg 300w, https:\/\/www.deinadieu.ch\/wp-content\/uploads\/2021\/03\/Blog_PD.Dr_.med_.EvaBergstraesser-2.jpg 1280w\" sizes=\"auto, (max-width: 1024px) 100vw, 1024px\" \/><figcaption>PD. Dr. med. Eva Bergstr\u00e4sser : \u00ab Nous prenons en charge une forte proportion d&#8217;enfants atteints de maladies neurologiques graves. \u00bb (Photo : H\u00f4pital p\u00e9diatrique de Zurich)<\/figcaption><\/figure>\n\n<h2 class=\"wp-block-heading\" id=\"h-die-betreuung-der-kinder-individuell-gestalten\">Individualiser la prise en charge des enfants<\/h2>\n\n<p><strong>La prise en charge des parents, des proches et des fr\u00e8res et s\u0153urs joue un r\u00f4le central \u00e0 cet \u00e9gard.<\/strong><\/p>\n\n<p>Tel est en principe le cas en mati\u00e8re de soins palliatifs pour enfants. Nous nous concentrons beaucoup sur la famille et sur l&#8217;entourage. Nous prenons en charge une forte proportion d&#8217;enfants atteints de maladies neurologiques graves et incapables de communiquer verbalement. Ils ne peuvent donc pas utiliser le langage parl\u00e9 pour nous indiquer ce qui leur manque. Par cons\u00e9quent, la communication passe souvent par les parents, parfois par les fr\u00e8res et s\u0153urs. <\/p>\n\n<p><strong>Cette prise en charge n&#8217;a pas uniquement lieu \u00e0 l&#8217;h\u00f4pital p\u00e9diatrique ?<\/strong><\/p>\n\n<p>Non, non. Elle a g\u00e9n\u00e9ralement lieu l\u00e0 o\u00f9 l&#8217;enfant est le plus \u00e0 l&#8217;aise et o\u00f9 la prise en charge est la meilleure. Cela peut \u00eatre \u00e0 l&#8217;h\u00f4pital \u2013 et c&#8217;est tr\u00e8s souvent le cas. Mais cela peut \u00e9galement \u00eatre \u00e0 la maison, dans des institutions \u00e0 long terme ou dans d&#8217;autres cliniques. <\/p>\n\n<p><strong>Qui vous contacte dans de tels cas ? <\/strong><\/p>\n\n<p>En r\u00e8gle g\u00e9n\u00e9rale, ce sont les sp\u00e9cialistes qui nous contactent, plus rarement les m\u00e9decins g\u00e9n\u00e9ralistes ou les p\u00e9diatres. Parfois, les Soins p\u00e9diatriques \u00e0 domicile servent d&#8217;interm\u00e9diaire ou alors les parents nous appellent directement parce qu&#8217;ils ont entendu parler de notre travail. <\/p>\n\n<p><strong>Vous ou des personnes de votre \u00e9quipe deviennent ainsi les principaux interlocuteurs ?<\/strong><\/p>\n\n<p>Pas vraiment les interlocuteurs principaux, car ces enfants souffrent de maladies qui n\u00e9cessitent encore un traitement et pour lesquelles il existe en principe encore des options th\u00e9rapeutiques. Si un enfant est atteint d&#8217;une maladie cardio-vasculaire grave, par exemple, ce sont les cardiologues et les chirurgiens cardiaques qui prennent la direction des op\u00e9rations et nous restons en retrait pour fournir des conseils et apporter un soutien.<\/p>\n\n<figure class=\"wp-block-image size-large\"><img loading=\"lazy\" decoding=\"async\" width=\"1024\" height=\"576\" src=\"https:\/\/www.deinadieu.ch\/wp-content\/uploads\/2021\/03\/Blog_PD.Dr_.med_.EvaBergstraesser-3-1024x576.jpg\" alt=\"PD. Dr. med. Eva Bergstr&#xE4;sser, m&#xE9;decin-chef &#xE0; l'h&#xF4;pital p&#xE9;diatrique de Zurich\" class=\"wp-image-48448\" srcset=\"https:\/\/www.deinadieu.ch\/wp-content\/uploads\/2021\/03\/Blog_PD.Dr_.med_.EvaBergstraesser-3-1024x576.jpg 1024w, https:\/\/www.deinadieu.ch\/wp-content\/uploads\/2021\/03\/Blog_PD.Dr_.med_.EvaBergstraesser-3-300x169.jpg 300w, https:\/\/www.deinadieu.ch\/wp-content\/uploads\/2021\/03\/Blog_PD.Dr_.med_.EvaBergstraesser-3.jpg 1280w\" sizes=\"auto, (max-width: 1024px) 100vw, 1024px\" \/><figcaption>PD. PD. Dr. med. Eva Bergstr\u00e4sser : \u00ab Nous prenons en charge une forte proportion d\u2019enfants atteints de maladies neurologiques graves. \u00bb (Photo : H\u00f4pital p\u00e9diatrique de Zurich)<\/figcaption><\/figure>\n\n<h2 class=\"wp-block-heading\" id=\"h-da-sein-wenn-kind-und-familie-einen-brauchen\">\u00catre l\u00e0 lorsque l&#8217;enfant et sa famille ont besoin de quelqu&#8217;un<\/h2>\n\n<p><strong>Vous et votre \u00e9quipe accompagnez la famille ?<\/strong><\/p>\n\n<p>Effectivement. Nous sommes comme une sorte de couverture : parfois on en a besoin et parfois on peut la mettre de c\u00f4t\u00e9. Nous coordonnons et nous accompagnons.<\/p>\n\n<p><strong>Vous mettez du c\u0153ur \u00e0 l&#8217;ouvrage. Cela permet d&#8217;instaurer un climat de confiance et all\u00e8ge le poids que repr\u00e9sente un appel ou une demande d&#8217;aide dans les moments difficiles.<\/strong><\/p>\n\n<p>C&#8217;est effectivement le cas et c&#8217;est notre objectif. Nous voulons \u00eatre inform\u00e9s le plus t\u00f4t possible afin de pouvoir \u00e9tablir une relation et d\u00e9velopper une certaine confiance avec l&#8217;enfant, avec les parents et avec les fr\u00e8res et s\u0153urs.<\/p>\n\n<p><strong>Les familles osent-elles ensuite appeler \u00e0 des \u00ab heures inopportunes \u00bb ? <\/strong><\/p>\n\n<p>Elles sont autoris\u00e9es \u00e0 le faire et elles doivent le faire, la nuit et le week-end. Les personnes concern\u00e9es savent que nous avons souvent le t\u00e9l\u00e9phone de l&#8217;h\u00f4pital p\u00e9diatrique avec nous \u00e0 la maison. <\/p>\n\n<p><strong>La relation prend-elle fin au d\u00e9c\u00e8s d&#8217;un enfant ?<\/strong><\/p>\n\n<p>En principe oui. Apr\u00e8s le d\u00e9c\u00e8s du patient, mon mandat m\u00e9dical prend fin. Formellement, c&#8217;est ainsi. Nous avons des professionels ayant une formation en psychologie dans notre \u00e9quipe et nous offrons un suivi et accompagnons les personnes en deuil. Il existe toutes sortes d&#8217;offres. <\/p>\n\n<p><strong>Vous cr\u00e9ez des liens. Ils peuvent \u00eatre plus ou moins intenses &#8230;<\/strong><\/p>\n\n<p>Effectivement. Je ne peux pas simplement les couper comme \u00e7a. Dans certains cas, j&#8217;\u00e9tais tr\u00e8s proche des gens et des familles et je les voyais souvent. Il est alors important de trouver une fin humaine et professionnelle. Un fin qui r\u00e9pond aux besoins et aussi \u00e0 mes ressources, qui ne sont pas illimit\u00e9es.<\/p>\n\n<figure class=\"wp-block-image size-large\"><img loading=\"lazy\" decoding=\"async\" width=\"1024\" height=\"576\" src=\"https:\/\/www.deinadieu.ch\/wp-content\/uploads\/2021\/03\/Blog_PD.Dr_.med_.EvaBergstraesser-4-1024x576.jpg\" alt=\"PD. Dr. med. Eva Bergstr&#xE4;sser, m&#xE9;decin-chef &#xE0; l'h&#xF4;pital p&#xE9;diatrique de Zurich\" class=\"wp-image-48452\" srcset=\"https:\/\/www.deinadieu.ch\/wp-content\/uploads\/2021\/03\/Blog_PD.Dr_.med_.EvaBergstraesser-4-1024x576.jpg 1024w, https:\/\/www.deinadieu.ch\/wp-content\/uploads\/2021\/03\/Blog_PD.Dr_.med_.EvaBergstraesser-4-300x169.jpg 300w, https:\/\/www.deinadieu.ch\/wp-content\/uploads\/2021\/03\/Blog_PD.Dr_.med_.EvaBergstraesser-4.jpg 1280w\" sizes=\"auto, (max-width: 1024px) 100vw, 1024px\" \/><figcaption>PD. Dr. med. Eva Bergstr\u00e4sser, m\u00e9decin-chef \u00e0 l&#8217;h\u00f4pital p\u00e9diatrique de Zurich, indique que cinquante pour cent des ressources en personnel sont financ\u00e9es par des dons. (Photo : H\u00f4pital p\u00e9diatrique de Zurich)<\/figcaption><\/figure>\n\n<h2 class=\"wp-block-heading\" id=\"h-spenden-erm-glichen-die-arbeit-mit-herzblut\">Les dons permettent de travailler avec passion<\/h2>\n\n<p><strong>Vous devez \u00eatre capable de vous d\u00e9marquer.<\/strong><\/p>\n\n<p>Exactement. En principe, on y arrive bien. Les gens savent \u00e0 quel point je suis occup\u00e9e. <\/p>\n\n<p><strong>Comment votre activit\u00e9 exerc\u00e9e avec autant de passion est-elle financ\u00e9e ?<\/strong><\/p>\n\n<p>En r\u00e9alit\u00e9, il ne s&#8217;agit pas seulement de financer notre passion, mais \u00e9galement les co\u00fbts de personnel \u00e9lev\u00e9s, par exemple. Ceux-ci sont couverts \u00e0 hauteur de cinquante pour cent par des dons. <\/p>\n\n<p><strong>Votre travail chronophage ne peut en aucun cas \u00eatre rentable.<\/strong><\/p>\n\n<p>C&#8217;est juste. Nous d\u00e9pendons notamment du fait qu&#8217;une partie du secr\u00e9tariat, des m\u00e9decins, des psychologues, des travailleurs sociaux, etc. est financ\u00e9e par des donations.<\/p>\n\n<p><strong>En outre, vous ne pouvez plus facturer beaucoup de vos offres pour les parents et pour les proches. <\/strong><\/p>\n\n<p>Effectivement. Il y a des offres pour les fr\u00e8res et s\u0153urs, pour les parents et pour les familles que nous ne pouvons pas facturer. Aucune caisse maladie ou aucune assurance ne paie.<\/p>\n\n<p><strong>Madame Dr. Bergstr\u00e4sser, vous \u00eates r\u00e9guli\u00e8rement en conversation avec des gens \u00e0 propos de la vie et de la mort. Dans quelle mesure ce travail affecte-t-il votre vie ? <\/strong><\/p>\n\n<p>Ce n&#8217;est pas seulement difficile, c&#8217;est \u00e9galement magnifique. Lorsqu&#8217;un tel accompagnement est r\u00e9ussi et lorsqu&#8217;on parvient de passer d&#8217;une lutte pour la th\u00e9rapie et la gu\u00e9rison \u00e0 l&#8217;acceptation d&#8217;une maladie grave et d&#8217;une vie \u00e9court\u00e9e, cela peut \u00eatre r\u00e9jouissant. <\/p>\n\n<p><strong>R\u00e9jouissant malgr\u00e9 un destin tragique ?<\/strong><\/p>\n\n<p>Oui, lorsque nous parvenons \u00e0 am\u00e9liorer la qualit\u00e9 de vie dans le cadre des soins palliatifs. Il est bon de voir une famille qui ne court pas de m\u00e9decin en m\u00e9decin, mais qui utilise le temps restant pour faire quelque chose pour l&#8217;enfant malade et la famille, quelque chose qui aidera \u00e0 faire face au d\u00e9c\u00e8s plus tard. Mais bien s\u00fbr, il y a aussi des moments difficiles. Par exemple, lorsque l&#8217;accompagnement a dur\u00e9 des semaines, lorsqu&#8217;il a eu lieu jour et nuit, 24 heures sur 24, cela vous \u00e9puise autant physiquement qu&#8217;\u00e9motionnellement.<\/p>\n\n<figure class=\"wp-block-image size-large\"><img loading=\"lazy\" decoding=\"async\" width=\"1024\" height=\"576\" src=\"https:\/\/www.deinadieu.ch\/wp-content\/uploads\/2021\/03\/Blog_PD.Dr_.med_.EvaBergstraesser-5-1024x576.jpg\" alt=\"PD. Dr. med. Eva Bergstr&#xE4;sser, m&#xE9;decin-chef &#xE0; l'h&#xF4;pital p&#xE9;diatrique de Zurich\" class=\"wp-image-48456\" srcset=\"https:\/\/www.deinadieu.ch\/wp-content\/uploads\/2021\/03\/Blog_PD.Dr_.med_.EvaBergstraesser-5-1024x576.jpg 1024w, https:\/\/www.deinadieu.ch\/wp-content\/uploads\/2021\/03\/Blog_PD.Dr_.med_.EvaBergstraesser-5-300x169.jpg 300w, https:\/\/www.deinadieu.ch\/wp-content\/uploads\/2021\/03\/Blog_PD.Dr_.med_.EvaBergstraesser-5.jpg 1280w\" sizes=\"auto, (max-width: 1024px) 100vw, 1024px\" \/><figcaption>PD. Dr. med. Eva Bergstr\u00e4sser, m\u00e9decin-chef \u00e0 l&#8217;h\u00f4pital p\u00e9diatrique de Zurich : \u00ab Il existe encore un certain tabou autour de l&#8217;incurabilit\u00e9 des maladies. Je souhaite une plus grande ouverture d&#8217;esprit \u00e0 cet \u00e9gard. \u00bb (Photo : H\u00f4pital p\u00e9diatrique de Zurich)<\/figcaption><\/figure>\n\n<h2 class=\"wp-block-heading\" id=\"h-manchmal-muss-eine-umarmung-m-glich-sein\">Parfois, une \u00e9treinte doit \u00eatre possible<\/h2>\n\n<p><strong>Une d\u00e9limitation est alors n\u00e9cessaire.<\/strong><\/p>\n\n<p>Oui, par rapport \u00e0 mon entourage personnel, comme mon mari. Je ne veux pas l&#8217;accabler avec ma th\u00e9matique tout le temps et pourtant elle se ressent. Je peux \u00eatre triste parce que quelque chose ne fonctionne pas. <\/p>\n\n<p><strong>Il faut alors accepter l\u2019injustice de la vie.<\/strong><\/p>\n\n<p>Il faut s&#8217;y confronter encore et encore, c&#8217;est quelque chose de tout \u00e0 fait essentiel.<\/p>\n\n<p><strong>Si quelqu&#8217;un ne parle pas votre langue parce qu&#8217;il est issu de l&#8217;immigration, est-ce que cela rend la collaboration plus difficile ?<\/strong><\/p>\n\n<p>Cela d\u00e9pend. Il y a de jeunes patients qui ne peuvent pas communiquer verbalement et il y a des parents qui ne comprennent pas notre langue et qui ne peuvent pas la parler. Il existe de nombreuses mani\u00e8res de communiquer et cela peut \u00eatre extr\u00eamement fort. Supposons que des gens ne puissent pas dire oui \u00e0 la mort et qu&#8217;ils remarquent que je respecte leur attitude, que je peux m&#8217;en accommoder et que je les accompagne tout de m\u00eame sur leur chemin, alors une situation heureuse survient souvent.<\/p>\n\n<p><strong>Si on souhaite r\u00e9conforter quelqu&#8217;un au temps du coronavirus, il faut garder ses distances. Comment la pand\u00e9mie a-t-elle affect\u00e9 votre travail ? <\/strong><\/p>\n\n<p>Bien s\u00fbr, je fais \u00e9galement l&#8217;exp\u00e9rience de la distance et il y a des situations o\u00f9 il n&#8217;est pas possible de garder ses distances. Avec moi, personne ne doit pleurer derri\u00e8re un masque. Je garde mon masque et lorsque la situation est tr\u00e8s difficile, je prends parfois les parents dans mes bras. C&#8217;est indispensable. Ce faisant, je ne m&#8217;oppose pas aux mesures de protection contre le coronavirus, je reste seulement un \u00eatre humain.<\/p>\n\n<p><strong>Pour conclure : Quel est votre souhait pour nous, pour la soci\u00e9t\u00e9, \u00e0 propos de la vie et de la mort ? <\/strong><\/p>\n\n<p>Il existe encore un certain tabou autour de l&#8217;incurabilit\u00e9 des maladies. Je souhaite une plus grande ouverture d&#8217;esprit \u00e0 cet \u00e9gard. Des \u00e9v\u00e9nements aussi difficiles et tragiques devraient \u00eatre valoris\u00e9s. Les parents, les familles et en particulier les fr\u00e8res et s\u0153urs qui ont d\u00fb subir une telle perte devraient recevoir une certaine reconnaissance qui ne s&#8217;accompagne nullement d&#8217;une douleur suppl\u00e9mentaire.<\/p>\n\n<p><strong>Madame Dr. Bergstr\u00e4sser, merci de nous avoir parl\u00e9 au t\u00e9l\u00e9phone et des photos que l&#8217;h\u00f4pital p\u00e9diatrique de Zurich a mises \u00e0 notre disposition.<\/strong><\/p>\n\n<p class=\"has-text-align-right\">Interview : Martin Schuppli, photos : H\u00f4pital p\u00e9diatrique de Zurich<\/p>\n\n        <div class=\"da-servicebox relative bg-gray-200 p-4 pt-8 border-solid border-t-8 border-da-dark mb-6\">\n            <i class=\"fas fa-info-circle mx-auto fa-7x text-da-dark\"><\/i>\n            <span style=\"hyphens: auto\">\n                <\/p>\n\n<p>L&#8217;h\u00f4pital p\u00e9diatrique de Zurich est partenaire de DeinAdieu. Le lien vers le <a href=\"https:\/\/www.deinadieu.ch\/fr\/oeuvres-de-bienfaisance\/\">profil<\/a> :<\/p>\n<p>\n                \n                \n            <\/span>\n        <\/div>\n        \n\n<pre class=\"wp-block-code\"><code><\/code><\/pre>\n","protected":false},"excerpt":{"rendered":"<p>PD Dr. med. Eva Bergstr\u00e4sser dirige le service de soins palliatifs de l&#8217;h\u00f4pital p\u00e9diatrique universitaire de Zurich. Elle et son \u00e9quipe s&#8217;occupent d&#8217;enfants gravement malades et mourants et accompagnent leurs fr\u00e8res et s\u0153urs et leurs proches pendant cette p\u00e9riode difficile. Elle a parl\u00e9 de son travail avec DeinAdieu. Elle a parl\u00e9 de la vie et [&hellip;]<\/p>\n","protected":false},"author":2,"featured_media":48440,"comment_status":"open","ping_status":"closed","sticky":false,"template":"","format":"standard","meta":{"_acf_changed":false,"footnotes":""},"categories":[3202],"tags":[2469,2604],"class_list":["post-50256","post","type-post","status-publish","format-standard","has-post-thumbnail","hentry","category-medecine-palliative","tag-quel-effet-mon-heritage-peut-il-avoir","tag-soins-palliatifs-pediatriques"],"acf":[],"yoast_head":"<title>Les soins palliatifs pour enfants peuvent durer des ann\u00e9es<\/title>\n<meta name=\"description\" content=\"PD Dr. med. Eva Bergstr\u00e4sser dirige le service de soins palliatifs pour les enfants gravement malades et mourants \u00e0 l&#039;h\u00f4pital p\u00e9diatrique de Zurich.\" \/>\n<meta name=\"robots\" content=\"index, follow, max-snippet:-1, max-image-preview:large, max-video-preview:-1\" \/>\n<link rel=\"canonical\" href=\"https:\/\/www.deinadieu.ch\/fr\/les-soins-palliatifs-pour-enfants-peuvent-durer-des-annees\/\" \/>\n<meta property=\"og:locale\" content=\"fr_FR\" \/>\n<meta property=\"og:type\" content=\"article\" \/>\n<meta property=\"og:title\" content=\"Les soins palliatifs pour enfants peuvent durer des ann\u00e9es\" \/>\n<meta property=\"og:description\" content=\"PD Dr. med. Eva Bergstr\u00e4sser dirige le service de soins palliatifs de l&#039;h\u00f4pital p\u00e9diatrique universitaire de Zurich. Elle et son \u00e9quipe s&#039;occupent\" \/>\n<meta property=\"og:url\" content=\"https:\/\/www.deinadieu.ch\/fr\/les-soins-palliatifs-pour-enfants-peuvent-durer-des-annees\/\" \/>\n<meta property=\"og:site_name\" content=\"DeinAdieu.ch\" \/>\n<meta property=\"article:publisher\" content=\"https:\/\/www.facebook.com\/deinadieu\" \/>\n<meta property=\"article:published_time\" content=\"2021-03-25T09:22:55+00:00\" \/>\n<meta property=\"article:modified_time\" content=\"2022-08-19T06:50:30+00:00\" \/>\n<meta property=\"og:image\" content=\"https:\/\/static.deinadieu.ch\/uploads\/2021\/03\/Blog_PD.Dr_.med_.EvaBergstraesser-1.jpg\" \/>\n\t<meta property=\"og:image:width\" content=\"1280\" \/>\n\t<meta property=\"og:image:height\" content=\"720\" \/>\n\t<meta property=\"og:image:type\" content=\"image\/jpeg\" \/>\n<meta name=\"author\" content=\"Martin Schuppli\" \/>\n<meta name=\"twitter:card\" content=\"summary_large_image\" \/>\n<meta name=\"twitter:creator\" content=\"@DeinAdieu\" \/>\n<meta name=\"twitter:site\" content=\"@DeinAdieu\" \/>\n<meta name=\"twitter:label1\" content=\"Written by\" \/>\n\t<meta name=\"twitter:data1\" content=\"Martin Schuppli\" \/>\n\t<meta name=\"twitter:label2\" content=\"Est. reading time\" \/>\n\t<meta name=\"twitter:data2\" content=\"9 minutes\" \/>\n<script type=\"application\/ld+json\" class=\"yoast-schema-graph\">{\"@context\":\"https:\\\/\\\/schema.org\",\"@graph\":[{\"@type\":\"Article\",\"@id\":\"https:\\\/\\\/www.deinadieu.ch\\\/fr\\\/les-soins-palliatifs-pour-enfants-peuvent-durer-des-annees\\\/#article\",\"isPartOf\":{\"@id\":\"https:\\\/\\\/www.deinadieu.ch\\\/fr\\\/les-soins-palliatifs-pour-enfants-peuvent-durer-des-annees\\\/\"},\"author\":{\"name\":\"Martin Schuppli\",\"@id\":\"https:\\\/\\\/www.deinadieu.ch\\\/fr\\\/#\\\/schema\\\/person\\\/47522dd97d1b840f11a7e637e69c4a82\"},\"headline\":\"Les soins palliatifs pour enfants peuvent durer des ann\u00e9es\",\"datePublished\":\"2021-03-25T09:22:55+00:00\",\"dateModified\":\"2022-08-19T06:50:30+00:00\",\"mainEntityOfPage\":{\"@id\":\"https:\\\/\\\/www.deinadieu.ch\\\/fr\\\/les-soins-palliatifs-pour-enfants-peuvent-durer-des-annees\\\/\"},\"wordCount\":1912,\"commentCount\":0,\"publisher\":{\"@id\":\"https:\\\/\\\/www.deinadieu.ch\\\/fr\\\/#organization\"},\"image\":{\"@id\":\"https:\\\/\\\/www.deinadieu.ch\\\/fr\\\/les-soins-palliatifs-pour-enfants-peuvent-durer-des-annees\\\/#primaryimage\"},\"thumbnailUrl\":\"https:\\\/\\\/www.deinadieu.ch\\\/wp-content\\\/uploads\\\/2021\\\/03\\\/Blog_PD.Dr_.med_.EvaBergstraesser-1.jpg\",\"keywords\":[\"Quel effet mon h\u00e9ritage peut-il avoir ?\",\"Soins palliatifs p\u00e9diatriques\"],\"articleSection\":[\"M\u00e9decine palliative\"],\"inLanguage\":\"fr-FR\",\"potentialAction\":[{\"@type\":\"CommentAction\",\"name\":\"Comment\",\"target\":[\"https:\\\/\\\/www.deinadieu.ch\\\/fr\\\/les-soins-palliatifs-pour-enfants-peuvent-durer-des-annees\\\/#respond\"]}]},{\"@type\":\"WebPage\",\"@id\":\"https:\\\/\\\/www.deinadieu.ch\\\/fr\\\/les-soins-palliatifs-pour-enfants-peuvent-durer-des-annees\\\/\",\"url\":\"https:\\\/\\\/www.deinadieu.ch\\\/fr\\\/les-soins-palliatifs-pour-enfants-peuvent-durer-des-annees\\\/\",\"name\":\"Les soins palliatifs pour enfants peuvent durer des ann\u00e9es\",\"isPartOf\":{\"@id\":\"https:\\\/\\\/www.deinadieu.ch\\\/fr\\\/#website\"},\"primaryImageOfPage\":{\"@id\":\"https:\\\/\\\/www.deinadieu.ch\\\/fr\\\/les-soins-palliatifs-pour-enfants-peuvent-durer-des-annees\\\/#primaryimage\"},\"image\":{\"@id\":\"https:\\\/\\\/www.deinadieu.ch\\\/fr\\\/les-soins-palliatifs-pour-enfants-peuvent-durer-des-annees\\\/#primaryimage\"},\"thumbnailUrl\":\"https:\\\/\\\/www.deinadieu.ch\\\/wp-content\\\/uploads\\\/2021\\\/03\\\/Blog_PD.Dr_.med_.EvaBergstraesser-1.jpg\",\"datePublished\":\"2021-03-25T09:22:55+00:00\",\"dateModified\":\"2022-08-19T06:50:30+00:00\",\"description\":\"PD Dr. med. Eva Bergstr\u00e4sser dirige le service de soins palliatifs pour les enfants gravement malades et mourants \u00e0 l'h\u00f4pital p\u00e9diatrique de Zurich.\",\"breadcrumb\":{\"@id\":\"https:\\\/\\\/www.deinadieu.ch\\\/fr\\\/les-soins-palliatifs-pour-enfants-peuvent-durer-des-annees\\\/#breadcrumb\"},\"inLanguage\":\"fr-FR\",\"potentialAction\":[{\"@type\":\"ReadAction\",\"target\":[\"https:\\\/\\\/www.deinadieu.ch\\\/fr\\\/les-soins-palliatifs-pour-enfants-peuvent-durer-des-annees\\\/\"]}]},{\"@type\":\"ImageObject\",\"inLanguage\":\"fr-FR\",\"@id\":\"https:\\\/\\\/www.deinadieu.ch\\\/fr\\\/les-soins-palliatifs-pour-enfants-peuvent-durer-des-annees\\\/#primaryimage\",\"url\":\"https:\\\/\\\/www.deinadieu.ch\\\/wp-content\\\/uploads\\\/2021\\\/03\\\/Blog_PD.Dr_.med_.EvaBergstraesser-1.jpg\",\"contentUrl\":\"https:\\\/\\\/www.deinadieu.ch\\\/wp-content\\\/uploads\\\/2021\\\/03\\\/Blog_PD.Dr_.med_.EvaBergstraesser-1.jpg\",\"width\":1280,\"height\":720,\"caption\":\"PD. Dr. med. Eva Bergstr\u00e4sser, m\u00e9decin-chef \u00e0 l'h\u00f4pital p\u00e9diatrique de Zurich. (Photo : H\u00f4pital p\u00e9diatrique de Zurich)\"},{\"@type\":\"BreadcrumbList\",\"@id\":\"https:\\\/\\\/www.deinadieu.ch\\\/fr\\\/les-soins-palliatifs-pour-enfants-peuvent-durer-des-annees\\\/#breadcrumb\",\"itemListElement\":[{\"@type\":\"ListItem\",\"position\":1,\"name\":\"Home\",\"item\":\"https:\\\/\\\/www.deinadieu.ch\\\/fr\\\/deinadieu-dialog-und-serviceportal-zum-lebensende\\\/\"},{\"@type\":\"ListItem\",\"position\":2,\"name\":\"Les soins palliatifs pour enfants peuvent durer des ann\u00e9es\"}]},{\"@type\":\"WebSite\",\"@id\":\"https:\\\/\\\/www.deinadieu.ch\\\/fr\\\/#website\",\"url\":\"https:\\\/\\\/www.deinadieu.ch\\\/fr\\\/\",\"name\":\"DeinAdieu.ch\",\"description\":\"Testament, Patientenverf\u00fcgung und Vorsorgeauftrag\",\"publisher\":{\"@id\":\"https:\\\/\\\/www.deinadieu.ch\\\/fr\\\/#organization\"},\"potentialAction\":[{\"@type\":\"SearchAction\",\"target\":{\"@type\":\"EntryPoint\",\"urlTemplate\":\"https:\\\/\\\/www.deinadieu.ch\\\/fr\\\/?s={search_term_string}\"},\"query-input\":{\"@type\":\"PropertyValueSpecification\",\"valueRequired\":true,\"valueName\":\"search_term_string\"}}],\"inLanguage\":\"fr-FR\"},{\"@type\":\"Organization\",\"@id\":\"https:\\\/\\\/www.deinadieu.ch\\\/fr\\\/#organization\",\"name\":\"EMNA Web GmbH\",\"url\":\"https:\\\/\\\/www.deinadieu.ch\\\/fr\\\/\",\"logo\":{\"@type\":\"ImageObject\",\"inLanguage\":\"fr-FR\",\"@id\":\"https:\\\/\\\/www.deinadieu.ch\\\/fr\\\/#\\\/schema\\\/logo\\\/image\\\/\",\"url\":\"https:\\\/\\\/www.deinadieu.ch\\\/wp-content\\\/uploads\\\/2016\\\/01\\\/DeinAdieu_Logo.png\",\"contentUrl\":\"https:\\\/\\\/www.deinadieu.ch\\\/wp-content\\\/uploads\\\/2016\\\/01\\\/DeinAdieu_Logo.png\",\"width\":300,\"height\":117,\"caption\":\"EMNA Web GmbH\"},\"image\":{\"@id\":\"https:\\\/\\\/www.deinadieu.ch\\\/fr\\\/#\\\/schema\\\/logo\\\/image\\\/\"},\"sameAs\":[\"https:\\\/\\\/www.facebook.com\\\/deinadieu\",\"https:\\\/\\\/x.com\\\/DeinAdieu\",\"https:\\\/\\\/www.instagram.com\\\/deinadieu\\\/\",\"https:\\\/\\\/www.linkedin.com\\\/company\\\/deinadieu.ch\"]},{\"@type\":\"Person\",\"@id\":\"https:\\\/\\\/www.deinadieu.ch\\\/fr\\\/#\\\/schema\\\/person\\\/47522dd97d1b840f11a7e637e69c4a82\",\"name\":\"Martin Schuppli\",\"image\":{\"@type\":\"ImageObject\",\"inLanguage\":\"fr-FR\",\"@id\":\"https:\\\/\\\/secure.gravatar.com\\\/avatar\\\/3f6dee2a3d53d202b91ce982afc75191f59466c9d54dc61e5322d152b8eb2881?s=96&d=mm&r=g\",\"url\":\"https:\\\/\\\/secure.gravatar.com\\\/avatar\\\/3f6dee2a3d53d202b91ce982afc75191f59466c9d54dc61e5322d152b8eb2881?s=96&d=mm&r=g\",\"contentUrl\":\"https:\\\/\\\/secure.gravatar.com\\\/avatar\\\/3f6dee2a3d53d202b91ce982afc75191f59466c9d54dc61e5322d152b8eb2881?s=96&d=mm&r=g\",\"caption\":\"Martin Schuppli\"},\"description\":\"Martin Schuppli, *1955, arbeitete w\u00e4hrend 30 Jahren als Journalist bei Ringier AG. Er begann als Produzent beim Blick, schrieb sp\u00e4ter f\u00fcr SonntagsBlick, Gesundheit-Sprechstunde und Schweizer Illustrierte. 2009 machte er sich selbstst\u00e4ndig, sagte: \u00abIch schreibe mich durchs Leben.\u00bb Seit 2015 ist Martin Schuppli zusammen mit Nicolas Gehrig, CEO und dem Team daran, das Webportal DeinAdieu aufzubauen. \u00abHier kann ich schreiben. Und zwar \u00fcber das, was die Menschen am meisten interessiert. \u00dcber Menschen.\u00bb\",\"url\":\"https:\\\/\\\/www.deinadieu.ch\\\/fr\\\/author\\\/martin\\\/\"}]}<\/script>","yoast_head_json":{"title":"Les soins palliatifs pour enfants peuvent durer des ann\u00e9es","description":"PD Dr. med. Eva Bergstr\u00e4sser dirige le service de soins palliatifs pour les enfants gravement malades et mourants \u00e0 l'h\u00f4pital p\u00e9diatrique de Zurich.","robots":{"index":"index","follow":"follow","max-snippet":"max-snippet:-1","max-image-preview":"max-image-preview:large","max-video-preview":"max-video-preview:-1"},"canonical":"https:\/\/www.deinadieu.ch\/fr\/les-soins-palliatifs-pour-enfants-peuvent-durer-des-annees\/","og_locale":"fr_FR","og_type":"article","og_title":"Les soins palliatifs pour enfants peuvent durer des ann\u00e9es","og_description":"PD Dr. med. Eva Bergstr\u00e4sser dirige le service de soins palliatifs de l'h\u00f4pital p\u00e9diatrique universitaire de Zurich. Elle et son \u00e9quipe s'occupent","og_url":"https:\/\/www.deinadieu.ch\/fr\/les-soins-palliatifs-pour-enfants-peuvent-durer-des-annees\/","og_site_name":"DeinAdieu.ch","article_publisher":"https:\/\/www.facebook.com\/deinadieu","article_published_time":"2021-03-25T09:22:55+00:00","article_modified_time":"2022-08-19T06:50:30+00:00","og_image":[{"width":1280,"height":720,"url":"https:\/\/static.deinadieu.ch\/uploads\/2021\/03\/Blog_PD.Dr_.med_.EvaBergstraesser-1.jpg","type":"image\/jpeg"}],"author":"Martin Schuppli","twitter_card":"summary_large_image","twitter_creator":"@DeinAdieu","twitter_site":"@DeinAdieu","twitter_misc":{"Written by":"Martin Schuppli","Est. reading time":"9 minutes"},"schema":{"@context":"https:\/\/schema.org","@graph":[{"@type":"Article","@id":"https:\/\/www.deinadieu.ch\/fr\/les-soins-palliatifs-pour-enfants-peuvent-durer-des-annees\/#article","isPartOf":{"@id":"https:\/\/www.deinadieu.ch\/fr\/les-soins-palliatifs-pour-enfants-peuvent-durer-des-annees\/"},"author":{"name":"Martin Schuppli","@id":"https:\/\/www.deinadieu.ch\/fr\/#\/schema\/person\/47522dd97d1b840f11a7e637e69c4a82"},"headline":"Les soins palliatifs pour enfants peuvent durer des ann\u00e9es","datePublished":"2021-03-25T09:22:55+00:00","dateModified":"2022-08-19T06:50:30+00:00","mainEntityOfPage":{"@id":"https:\/\/www.deinadieu.ch\/fr\/les-soins-palliatifs-pour-enfants-peuvent-durer-des-annees\/"},"wordCount":1912,"commentCount":0,"publisher":{"@id":"https:\/\/www.deinadieu.ch\/fr\/#organization"},"image":{"@id":"https:\/\/www.deinadieu.ch\/fr\/les-soins-palliatifs-pour-enfants-peuvent-durer-des-annees\/#primaryimage"},"thumbnailUrl":"https:\/\/www.deinadieu.ch\/wp-content\/uploads\/2021\/03\/Blog_PD.Dr_.med_.EvaBergstraesser-1.jpg","keywords":["Quel effet mon h\u00e9ritage peut-il avoir ?","Soins palliatifs p\u00e9diatriques"],"articleSection":["M\u00e9decine palliative"],"inLanguage":"fr-FR","potentialAction":[{"@type":"CommentAction","name":"Comment","target":["https:\/\/www.deinadieu.ch\/fr\/les-soins-palliatifs-pour-enfants-peuvent-durer-des-annees\/#respond"]}]},{"@type":"WebPage","@id":"https:\/\/www.deinadieu.ch\/fr\/les-soins-palliatifs-pour-enfants-peuvent-durer-des-annees\/","url":"https:\/\/www.deinadieu.ch\/fr\/les-soins-palliatifs-pour-enfants-peuvent-durer-des-annees\/","name":"Les soins palliatifs pour enfants peuvent durer des ann\u00e9es","isPartOf":{"@id":"https:\/\/www.deinadieu.ch\/fr\/#website"},"primaryImageOfPage":{"@id":"https:\/\/www.deinadieu.ch\/fr\/les-soins-palliatifs-pour-enfants-peuvent-durer-des-annees\/#primaryimage"},"image":{"@id":"https:\/\/www.deinadieu.ch\/fr\/les-soins-palliatifs-pour-enfants-peuvent-durer-des-annees\/#primaryimage"},"thumbnailUrl":"https:\/\/www.deinadieu.ch\/wp-content\/uploads\/2021\/03\/Blog_PD.Dr_.med_.EvaBergstraesser-1.jpg","datePublished":"2021-03-25T09:22:55+00:00","dateModified":"2022-08-19T06:50:30+00:00","description":"PD Dr. med. Eva Bergstr\u00e4sser dirige le service de soins palliatifs pour les enfants gravement malades et mourants \u00e0 l'h\u00f4pital p\u00e9diatrique de Zurich.","breadcrumb":{"@id":"https:\/\/www.deinadieu.ch\/fr\/les-soins-palliatifs-pour-enfants-peuvent-durer-des-annees\/#breadcrumb"},"inLanguage":"fr-FR","potentialAction":[{"@type":"ReadAction","target":["https:\/\/www.deinadieu.ch\/fr\/les-soins-palliatifs-pour-enfants-peuvent-durer-des-annees\/"]}]},{"@type":"ImageObject","inLanguage":"fr-FR","@id":"https:\/\/www.deinadieu.ch\/fr\/les-soins-palliatifs-pour-enfants-peuvent-durer-des-annees\/#primaryimage","url":"https:\/\/www.deinadieu.ch\/wp-content\/uploads\/2021\/03\/Blog_PD.Dr_.med_.EvaBergstraesser-1.jpg","contentUrl":"https:\/\/www.deinadieu.ch\/wp-content\/uploads\/2021\/03\/Blog_PD.Dr_.med_.EvaBergstraesser-1.jpg","width":1280,"height":720,"caption":"PD. Dr. med. Eva Bergstr\u00e4sser, m\u00e9decin-chef \u00e0 l'h\u00f4pital p\u00e9diatrique de Zurich. (Photo : H\u00f4pital p\u00e9diatrique de Zurich)"},{"@type":"BreadcrumbList","@id":"https:\/\/www.deinadieu.ch\/fr\/les-soins-palliatifs-pour-enfants-peuvent-durer-des-annees\/#breadcrumb","itemListElement":[{"@type":"ListItem","position":1,"name":"Home","item":"https:\/\/www.deinadieu.ch\/fr\/deinadieu-dialog-und-serviceportal-zum-lebensende\/"},{"@type":"ListItem","position":2,"name":"Les soins palliatifs pour enfants peuvent durer des ann\u00e9es"}]},{"@type":"WebSite","@id":"https:\/\/www.deinadieu.ch\/fr\/#website","url":"https:\/\/www.deinadieu.ch\/fr\/","name":"DeinAdieu.ch","description":"Testament, Patientenverf\u00fcgung und Vorsorgeauftrag","publisher":{"@id":"https:\/\/www.deinadieu.ch\/fr\/#organization"},"potentialAction":[{"@type":"SearchAction","target":{"@type":"EntryPoint","urlTemplate":"https:\/\/www.deinadieu.ch\/fr\/?s={search_term_string}"},"query-input":{"@type":"PropertyValueSpecification","valueRequired":true,"valueName":"search_term_string"}}],"inLanguage":"fr-FR"},{"@type":"Organization","@id":"https:\/\/www.deinadieu.ch\/fr\/#organization","name":"EMNA Web GmbH","url":"https:\/\/www.deinadieu.ch\/fr\/","logo":{"@type":"ImageObject","inLanguage":"fr-FR","@id":"https:\/\/www.deinadieu.ch\/fr\/#\/schema\/logo\/image\/","url":"https:\/\/www.deinadieu.ch\/wp-content\/uploads\/2016\/01\/DeinAdieu_Logo.png","contentUrl":"https:\/\/www.deinadieu.ch\/wp-content\/uploads\/2016\/01\/DeinAdieu_Logo.png","width":300,"height":117,"caption":"EMNA Web GmbH"},"image":{"@id":"https:\/\/www.deinadieu.ch\/fr\/#\/schema\/logo\/image\/"},"sameAs":["https:\/\/www.facebook.com\/deinadieu","https:\/\/x.com\/DeinAdieu","https:\/\/www.instagram.com\/deinadieu\/","https:\/\/www.linkedin.com\/company\/deinadieu.ch"]},{"@type":"Person","@id":"https:\/\/www.deinadieu.ch\/fr\/#\/schema\/person\/47522dd97d1b840f11a7e637e69c4a82","name":"Martin Schuppli","image":{"@type":"ImageObject","inLanguage":"fr-FR","@id":"https:\/\/secure.gravatar.com\/avatar\/3f6dee2a3d53d202b91ce982afc75191f59466c9d54dc61e5322d152b8eb2881?s=96&d=mm&r=g","url":"https:\/\/secure.gravatar.com\/avatar\/3f6dee2a3d53d202b91ce982afc75191f59466c9d54dc61e5322d152b8eb2881?s=96&d=mm&r=g","contentUrl":"https:\/\/secure.gravatar.com\/avatar\/3f6dee2a3d53d202b91ce982afc75191f59466c9d54dc61e5322d152b8eb2881?s=96&d=mm&r=g","caption":"Martin Schuppli"},"description":"Martin Schuppli, *1955, arbeitete w\u00e4hrend 30 Jahren als Journalist bei Ringier AG. Er begann als Produzent beim Blick, schrieb sp\u00e4ter f\u00fcr SonntagsBlick, Gesundheit-Sprechstunde und Schweizer Illustrierte. 2009 machte er sich selbstst\u00e4ndig, sagte: \u00abIch schreibe mich durchs Leben.\u00bb Seit 2015 ist Martin Schuppli zusammen mit Nicolas Gehrig, CEO und dem Team daran, das Webportal DeinAdieu aufzubauen. \u00abHier kann ich schreiben. Und zwar \u00fcber das, was die Menschen am meisten interessiert. \u00dcber Menschen.\u00bb","url":"https:\/\/www.deinadieu.ch\/fr\/author\/martin\/"}]}},"_links":{"self":[{"href":"https:\/\/www.deinadieu.ch\/fr\/wp-json\/wp\/v2\/posts\/50256","targetHints":{"allow":["GET"]}}],"collection":[{"href":"https:\/\/www.deinadieu.ch\/fr\/wp-json\/wp\/v2\/posts"}],"about":[{"href":"https:\/\/www.deinadieu.ch\/fr\/wp-json\/wp\/v2\/types\/post"}],"author":[{"embeddable":true,"href":"https:\/\/www.deinadieu.ch\/fr\/wp-json\/wp\/v2\/users\/2"}],"replies":[{"embeddable":true,"href":"https:\/\/www.deinadieu.ch\/fr\/wp-json\/wp\/v2\/comments?post=50256"}],"version-history":[{"count":8,"href":"https:\/\/www.deinadieu.ch\/fr\/wp-json\/wp\/v2\/posts\/50256\/revisions"}],"predecessor-version":[{"id":59859,"href":"https:\/\/www.deinadieu.ch\/fr\/wp-json\/wp\/v2\/posts\/50256\/revisions\/59859"}],"wp:featuredmedia":[{"embeddable":true,"href":"https:\/\/www.deinadieu.ch\/fr\/wp-json\/wp\/v2\/media\/48440"}],"wp:attachment":[{"href":"https:\/\/www.deinadieu.ch\/fr\/wp-json\/wp\/v2\/media?parent=50256"}],"wp:term":[{"taxonomy":"category","embeddable":true,"href":"https:\/\/www.deinadieu.ch\/fr\/wp-json\/wp\/v2\/categories?post=50256"},{"taxonomy":"post_tag","embeddable":true,"href":"https:\/\/www.deinadieu.ch\/fr\/wp-json\/wp\/v2\/tags?post=50256"}],"curies":[{"name":"wp","href":"https:\/\/api.w.org\/{rel}","templated":true}]}}