{"id":50155,"date":"2020-08-12T14:23:24","date_gmt":"2020-08-12T12:23:24","guid":{"rendered":"https:\/\/www.deinadieu.ch\/rommy-los-pour-de-nombreux-testateurs-les-animaux-font-partie-de-la-vie\/"},"modified":"2022-04-22T13:24:40","modified_gmt":"2022-04-22T11:24:40","slug":"rommy-los-pour-de-nombreux-testateurs-les-animaux-font-partie-de-la-vie","status":"publish","type":"post","link":"https:\/\/www.deinadieu.ch\/fr\/rommy-los-pour-de-nombreux-testateurs-les-animaux-font-partie-de-la-vie\/","title":{"rendered":"Rommy Los : \u00ab Pour de nombreux testateurs, les animaux font partie de la vie \u00bb"},"content":{"rendered":"\n<p>Les animaux ont besoin de protection et de personnes qui s&#8217;engagent pour eux. La Protection des Animaux de Zurich fait partie des organisations qui se pr\u00e9occupent de leur bien-\u00eatre. DeinAdieu s&#8217;est entretenu avec Rommy Los au sujet des donations testamentaires, des testateurs et de leur grand amour pour les animaux.<\/p>\n\n<!--more-->\n\n<p>Ceux qui consacrent leur vie professionnelle aux animaux\ndoivent les aimer. Rommy Los, directeur g\u00e9n\u00e9ral de l&#8217;Organisation Zurichoise pour la Protection des Animaux\ncaresse le petit Zino et dit : \u00ab Le chat est venu chez nous avec toute\nune famille de chats sauvages. Nous leur avons donn\u00e9 des soins m\u00e9dicaux\nnous les avons vaccin\u00e9s, nous avons trait\u00e9 les parasites etc., et nous les avons surtout\nhabitu\u00e9s \u00e0 nous les humains. Cela est important pour que nous puissions placer les jeunes dans les\nfamilles. \u00bb<\/p>\n\n<p>Rommy Los avait trois ou quatre ans lorsqu&#8217;il a\ntenu son premier animal dans ses bras. \u00ab Ce devait \u00eatre notre chat \u00bb, se souvient-il\net il ajoute : \u00ab Aujourd&#8217;hui encore, c\u00e2liner un animal me procure instantan\u00e9ment\nune sensation apaisante, chaleureuse et paisible. Je ressens toujours cela comme\nun cadeau, lorsqu&#8217;un animal m&#8217;offre de l&#8217;affection et de la confiance, quand il me laisse\nle caresser. \u00bb<\/p>\n\n<p>A la maison, c&#8217;est actuellement la\nchienne Lou, \u00e2g\u00e9e de cinq ans et demi, qui apporte beaucoup de joie animale. \u00ab Elle a \u00e9t\u00e9\nretrouv\u00e9e dans un carton \u00e0 l&#8217;\u00e2ge de trois mois comme animal abandonn\u00e9 \u00e0 la gare centrale de Zurich. Je l&#8217;ai emmen\u00e9e\nau refuge animalier et elle est d\u00e9sormais \u00ab la cheffe \u00bb. Petite et gentille, mais toujours \u00e0\nplein r\u00e9gime \u2013 que ce soit \u00e0 l&#8217;int\u00e9rieur ou en promenade. \u00bb <\/p>\n\n<p>Rommy Los travaille depuis 2013 en qualit\u00e9 de\npr\u00e9sident du comit\u00e9 directeur et responsable du refuge pour animaux de la\nProtection des Animaux de Zurich. Il a grandi avec des chats et des lapins et a v\u00e9cu pendant un certain temps\ndans une ferme \u00e9questre et \u00e9tait toujours en contact avec des agriculteurs sympathiques. Ainsi,\nil n&#8217;est pas \u00e9tonnant que les animaux et leur protection jouent un r\u00f4le important\ndans sa vie.<\/p>\n\n<figure class=\"wp-block-image\"><img decoding=\"async\" src=\"https:\/\/www.deinadieu.ch\/wp-content\/uploads\/2020\/08\/BLOG_Rommy_Los_1-1024x576.jpg\" alt=\"Rommy Los, directeur g&#xE9;n&#xE9;ral de la Protection des Animaux de Zurich\" class=\"wp-image-22774\"\/><figcaption>Rommy Los : \u00ab La vie quotidienne des humains est \u00e9troitement li\u00e9e aux animaux. En tant que d\u00e9tenteurs d&#8217;animaux ou b\u00e9n\u00e9ficiaires de produits animaliers, nous avons une grande responsabilit\u00e9. \u00bb (Photo : Paolo Foschini)<\/figcaption><\/figure>\n\n<h2 class=\"wp-block-heading\" id=\"h-ber-cksichtigungen-im-testament-sind-f-r-uns-zentral\"><strong>Le fait d&#8217;\u00eatre inclus dans des testaments est central pour nous<\/strong><\/h2>\n\n<p><strong>Monsieur Los : Quelles sont les t\u00e2ches de la Protection des Animaux de Zurich ?<br\/> Rommy Los :<\/strong> La Protection des animaux de Zurich s&#8217;engage depuis plus de 160 ans pour la protection des animaux. La vie quotidienne des humains est \u00e9troitement li\u00e9e aux animaux. En tant que d\u00e9tenteurs d&#8217;animaux ou b\u00e9n\u00e9ficiaires de produits animaliers, nous avons une grande responsabilit\u00e9. La Protection des Animaux de Zurich fournit des informations compl\u00e8tes sur la d\u00e9tention d&#8217;animaux de compagnie, enqu\u00eate sur les cas signal\u00e9s de protection des animaux, si\u00e8ge \u00e0 la commission cantonale de l&#8217;exp\u00e9rimentation animale et de la protection des animaux, propose des programmes de protection des animaux pour les jeunes et m\u00e8ne des campagnes m\u00e9diatiques pour la protection des animaux de compagnie, des animaux \u00e0 fourrure, des animaux de laboratoire, des animaux de ferme et des animaux sauvages et g\u00e8re un refuge moderne pour animaux en plus d&#8217;offrir des consultations t\u00e9l\u00e9phoniques.<\/p>\n\n<p><strong>Comment vous financez-vous ? Recevez-vous des subventions \u00e9tatiques ?<br\/><\/strong>En tant qu&#8217;association priv\u00e9e, nous nous finan\u00e7ons exclusivement par des dons, car nous ne recevons aucune subvention. <\/p>\n\n<p><strong>Les revenus des h\u00e9ritages et des legs sont donc vitaux pour vous ? <br\/><\/strong>Le fait d&#8217;\u00eatre inclus dans des testaments est d&#8217;une importance capitale pour notre travail. Cela nous permet de mener \u00e0 bien des projets de protection des animaux \u00e0 long terme et donc souvent difficiles. Les legs sont \u00e0 la base d&#8217;une grande partie de notre travail de protection des animaux. <\/p>\n\n<p><strong>Pouvez-vous d\u00e9crire les personnes qui l\u00e8guent un h\u00e9ritage \u00e0 votre organisation ? <br\/><\/strong>Les personnes qui nous incluent dans leur testament sont aussi diverses que leurs testaments. Elles ont toutefois toutes une chose en commun : elles \u00e9prouvent un grand amour pour les animaux et veulent s&#8217;assurer par leur testament que nous \u0153uvrons pour la protection des animaux en d\u00e9tresse comme elles le souhaitent.<\/p>\n\n<figure class=\"wp-block-image\"><img decoding=\"async\" src=\"https:\/\/www.deinadieu.ch\/wp-content\/uploads\/2020\/08\/BLOG_Rommy_Los_4-1024x576.jpg\" alt=\"Rommy Los, directeur g&#xE9;n&#xE9;ral de la Protection des Animaux de Zurich\" class=\"wp-image-22777\"\/><figcaption>Rommy Los, directeur g\u00e9n\u00e9ral de l&#8217;Organisation Zurichoise de Protection des Animaux : \u00ab Nous proposons aux gens de les aider \u00e0 r\u00e9diger un testament juridiquement valable afin de prendre en compte leurs besoins personnels et individuels en mati\u00e8re de succession et de promouvoir et soutenir leurs voeux les plus chers au-del\u00e0 de la fin de leur vie. \u00bb (Photo : Paolo Foschini)<\/figcaption><\/figure>\n\n<h2 class=\"wp-block-heading\" id=\"h-ich-m-chte-mich-bei-allen-spendern-bedanken-k-nnen\">\u00ab J&#8217;aimerais pouvoir remercier tous les\ndonateurs \u00bb<\/h2>\n\n<p><strong>Qu&#8217;est-ce qui motive ces personnes \u00e0 faire cela ? <\/strong><br\/>Pour beaucoup, l&#8217;id\u00e9e du bien-\u00eatre animal et la volont\u00e9 d&#8217;aider les animaux ont toujours fait partie de la vie. Leur legs leur permet de poursuivre cet engagement au-del\u00e0 de la fin de leur vie. Pour d&#8217;autres, la question ne s&#8217;est peut-\u00eatre pos\u00e9e qu&#8217;au moment de la r\u00e9daction du testament, lorsqu&#8217;il s&#8217;est agi de d\u00e9cider qui devait recevoir quoi. <\/p>\n\n<p><strong>Les proches sont souvent bien pourvus.<\/strong><br\/>En r\u00e9alit\u00e9, de nos jours, les enfants ou les membres de la famille ont souvent une bonne situation financi\u00e8re, de sorte qu&#8217;une partie des patrimoine accumul\u00e9 peut \u00e9galement \u00eatre utilis\u00e9e \u00e0 d&#8217;autres fins judicieuses. Par principe, je suis convaincu que les gens aiment faire le bien quand ils le peuvent.<\/p>\n\n<p><strong>Y a-t-il \u00e9galement des donatrices et des donateurs qui incluent votre organisation dans leur testament et que vous ne connaissiez pas auparavant ? <br\/><\/strong>Malheureusement, cela arrive assez souvent. Je dis \u00ab malheureusement \u00bb parce que je voudrais remercier personnellement les gens qui ont choisi de nous soutenir d&#8217;une mani\u00e8re aussi pr\u00e9cieuse. De cette mani\u00e8re, les pr\u00e9f\u00e9rences th\u00e9matiques en mati\u00e8re de protection des animaux pour lesquelles le testateur s&#8217;int\u00e9resse particuli\u00e8rement et souhaite s&#8217;engager peuvent \u00e9galement \u00eatre abord\u00e9es dans le cadre d&#8217;une conversation.<\/p>\n\n<figure class=\"wp-block-image\"><img decoding=\"async\" src=\"https:\/\/www.deinadieu.ch\/wp-content\/uploads\/2020\/08\/BLOG_Rommy_Los_3-1024x576.jpg\" alt=\"Rommy Los, directeur g&#xE9;n&#xE9;ral de la Protection des Animaux de Zurich\" class=\"wp-image-22776\"\/><figcaption>Rommy Los tient beaucoup \u00e0 conna\u00eetre personnellement les testateurs. Il souhaite les remercier et discuter avec eux de leurs pr\u00e9f\u00e9rences en mati\u00e8re de protection des animaux. (Photo : Paolo Foschini)<\/figcaption><\/figure>\n\n<h2 class=\"wp-block-heading\" id=\"h-die-wichtigkeit-des-testaments-aufzeigen\">D\u00e9montrer l&#8217;importance des testaments<\/h2>\n\n<p><strong>Comment pouvez-vous informer les donatrices et les donateurs \u00e0 propos des donations testamentaires sans para\u00eetre irrespectueux ? <\/strong><br\/>R\u00e9diger un testament est une d\u00e9cision tr\u00e8s personnelle qui doit \u00eatre m\u00fbrement r\u00e9fl\u00e9chie. Vous ne pouvez pas persuader quelqu&#8217;un de faire un testament spontan\u00e9ment. Nous proposons aux gens de les aider \u00e0 r\u00e9diger un testament juridiquement valable afin de prendre en compte leurs besoins personnels et individuels en mati\u00e8re de succession et de promouvoir et soutenir leurs voeux les plus chers au-del\u00e0 de la fin de leur vie. <\/p>\n\n<p><strong>R\u00e9pondez-vous \u00e0 un besoin en faisant cela ?<\/strong><br\/>La d\u00e9cision de soutenir ou non une organisation \u00e0 but non lucratif ne peut \u00eatre prise que par la personne concern\u00e9e et c&#8217;est tr\u00e8s bien comme cela. Nous nous contentons de faire prendre conscience de l&#8217;importance d&#8217;un testament et de montrer les possibilit\u00e9s qui existent.<\/p>\n\n<p><strong>Pour conclure : Monsieur Los, avez-vous d\u00e9j\u00e0 fait votre \u00ab dernier office \u00bb \/ votre testament ?<\/strong><br\/>Oui, j&#8217;ai r\u00e9dig\u00e9 mon testament.<\/p>\n\n<figure class=\"wp-block-image\"><img decoding=\"async\" src=\"https:\/\/www.deinadieu.ch\/wp-content\/uploads\/2020\/08\/BLOG_Rommy_Los_5-1024x576.jpg\" alt=\"Rommy Los, directeur g&#xE9;n&#xE9;ral de la Protection des Animaux de Zurich\" class=\"wp-image-22778\"\/><figcaption>Rommy Los dans la salle des chats avec Zino et ses fr\u00e8res et s\u0153urs. (Photo : Paolo Foschini)<\/figcaption><\/figure>\n\n<h2 class=\"wp-block-heading\" id=\"h-der-tierschutz-rettete-zino-und-co-das-leben\"><strong>La Protection des Animaux a sauv\u00e9 la vie de Zino and Co.<\/strong><\/h2>\n\n<p>Le chat Zino veut se lib\u00e9rer de l&#8217;\u00e9treinte et remonter dans l&#8217;arbre \u00e0 chat pour rejoindre ses fr\u00e8res et s\u0153urs. Que serait-il arriv\u00e9 \u00e0 ces adorables chatons si des amis des nimaux ne les avaient pas amen\u00e9s \u00e0 la Protection des Animaux de Zurich ? Mieux vaut ne pas y penser. En attendant, ils sont tous saufs, en pleine forme et ne sont plus timides. L&#8217;\u00e9quipe de Rommy Los est s\u00fbre de trouver des endroits formidables pour les chatons.<\/p>\n\n<p class=\"has-text-align-right\">Entretien : Martin Schuppli, photos : Paolo Foschini<\/p>\n\n        <div class=\"da-servicebox relative bg-gray-200 p-4 pt-8 border-solid border-t-8 border-da-dark mb-6\">\n            <i class=\"fas fa-info-circle mx-auto fa-7x text-da-dark\"><\/i>\n            <span style=\"hyphens: auto\">\n                <\/p>\n\n<p>La Protection des Animaux de Zurich est partenaire de DeinAdieu. Vous trouvez le <a rel=\"noreferrer noopener\" aria-label=\"Profil (&#xF6;ffnet in neuem Tab)\" href=\"https:\/\/www.deinadieu.ch\/fr\/oeuvres-de-bienfaisance\/\" target=\"_blank\">profil<\/a> ici. <\/p>\n<p>\n                \n                \n            <\/span>\n        <\/div>\n        \n","protected":false},"excerpt":{"rendered":"<p>Les animaux ont besoin de protection et de personnes qui s&#8217;engagent pour eux. La Protection des Animaux de Zurich fait partie des organisations qui se pr\u00e9occupent de leur bien-\u00eatre. DeinAdieu s&#8217;est entretenu avec Rommy Los au sujet des donations testamentaires, des testateurs et de leur grand amour pour les animaux.<\/p>\n","protected":false},"author":2379,"featured_media":23284,"comment_status":"open","ping_status":"closed","sticky":false,"template":"","format":"standard","meta":{"_acf_changed":false,"footnotes":""},"categories":[2450],"tags":[2584,2555,2585,2469,2587,2005],"class_list":["post-50155","post","type-post","status-publish","format-standard","has-post-thumbnail","hentry","category-oeuvres-caritatives","tag-faire-un-don","tag-legs-fr-2","tag-protection-des-animaux","tag-quel-effet-mon-heritage-peut-il-avoir","tag-refuge-pour-animaux","tag-testament-fr"],"acf":[],"yoast_head":"<title>Protection des animaux : pour de nombreux testateurs, les animaux font partie de la vie<\/title>\n<meta name=\"description\" content=\"La protction des animaux co\u00fbte de l&#039;argent. DeinAdieu s&#039;est entretenu avec Rommy Los de la Protection des Animaux de Zurich au sujet des donations testamentaires, des testateurs et de leur grand amour pour les animaux.\" \/>\n<meta name=\"robots\" content=\"index, follow, max-snippet:-1, max-image-preview:large, max-video-preview:-1\" \/>\n<link rel=\"canonical\" href=\"https:\/\/www.deinadieu.ch\/fr\/rommy-los-pour-de-nombreux-testateurs-les-animaux-font-partie-de-la-vie\/\" \/>\n<meta property=\"og:locale\" content=\"fr_FR\" \/>\n<meta property=\"og:type\" content=\"article\" \/>\n<meta property=\"og:title\" content=\"Rommy Los : \u00ab Pour de nombreux testateurs, les animaux font partie de la vie \u00bb\" \/>\n<meta property=\"og:description\" content=\"Les animaux ont besoin de protection et de personnes qui s&#039;engagent pour eux. La Protection des Animaux de Zurich fait partie des organisations qui se\" \/>\n<meta property=\"og:url\" content=\"https:\/\/www.deinadieu.ch\/fr\/rommy-los-pour-de-nombreux-testateurs-les-animaux-font-partie-de-la-vie\/\" \/>\n<meta property=\"og:site_name\" content=\"DeinAdieu.ch\" \/>\n<meta property=\"article:publisher\" content=\"https:\/\/www.facebook.com\/deinadieu\" \/>\n<meta property=\"article:published_time\" content=\"2020-08-12T12:23:24+00:00\" \/>\n<meta property=\"article:modified_time\" content=\"2022-04-22T11:24:40+00:00\" \/>\n<meta property=\"og:image\" content=\"https:\/\/static.deinadieu.ch\/uploads\/2020\/08\/BLOG_Rommy_Los_Aufm_1.jpg\" \/>\n\t<meta property=\"og:image:width\" content=\"1280\" \/>\n\t<meta property=\"og:image:height\" content=\"720\" \/>\n\t<meta property=\"og:image:type\" content=\"image\/jpeg\" \/>\n<meta name=\"author\" content=\"Martin Schuppli, Autor\" \/>\n<meta name=\"twitter:card\" content=\"summary_large_image\" \/>\n<meta name=\"twitter:creator\" content=\"@DeinAdieu\" \/>\n<meta name=\"twitter:site\" content=\"@DeinAdieu\" \/>\n<meta name=\"twitter:label1\" content=\"Written by\" \/>\n\t<meta name=\"twitter:data1\" content=\"Martin Schuppli, Autor\" \/>\n\t<meta name=\"twitter:label2\" content=\"Est. reading time\" \/>\n\t<meta name=\"twitter:data2\" content=\"7 minutes\" \/>\n<script type=\"application\/ld+json\" class=\"yoast-schema-graph\">{\"@context\":\"https:\\\/\\\/schema.org\",\"@graph\":[{\"@type\":\"Article\",\"@id\":\"https:\\\/\\\/www.deinadieu.ch\\\/fr\\\/rommy-los-pour-de-nombreux-testateurs-les-animaux-font-partie-de-la-vie\\\/#article\",\"isPartOf\":{\"@id\":\"https:\\\/\\\/www.deinadieu.ch\\\/fr\\\/rommy-los-pour-de-nombreux-testateurs-les-animaux-font-partie-de-la-vie\\\/\"},\"author\":{\"name\":\"Martin Schuppli, Autor\",\"@id\":\"https:\\\/\\\/www.deinadieu.ch\\\/fr\\\/#\\\/schema\\\/person\\\/4c245752ed60edffba2d7fc2cdd4175b\"},\"headline\":\"Rommy Los : \u00ab Pour de nombreux testateurs, les animaux font partie de la vie \u00bb\",\"datePublished\":\"2020-08-12T12:23:24+00:00\",\"dateModified\":\"2022-04-22T11:24:40+00:00\",\"mainEntityOfPage\":{\"@id\":\"https:\\\/\\\/www.deinadieu.ch\\\/fr\\\/rommy-los-pour-de-nombreux-testateurs-les-animaux-font-partie-de-la-vie\\\/\"},\"wordCount\":1408,\"commentCount\":0,\"publisher\":{\"@id\":\"https:\\\/\\\/www.deinadieu.ch\\\/fr\\\/#organization\"},\"image\":{\"@id\":\"https:\\\/\\\/www.deinadieu.ch\\\/fr\\\/rommy-los-pour-de-nombreux-testateurs-les-animaux-font-partie-de-la-vie\\\/#primaryimage\"},\"thumbnailUrl\":\"https:\\\/\\\/www.deinadieu.ch\\\/wp-content\\\/uploads\\\/2020\\\/08\\\/BLOG_Rommy_Los_Aufm_1.jpg\",\"keywords\":[\"Faire un don\",\"Legs\",\"Protection des animaux\",\"Quel effet mon h\u00e9ritage peut-il avoir ?\",\"Refuge pour animaux\",\"Testament\"],\"articleSection\":[\"\u0152uvres caritatives en point de mire\"],\"inLanguage\":\"fr-FR\",\"potentialAction\":[{\"@type\":\"CommentAction\",\"name\":\"Comment\",\"target\":[\"https:\\\/\\\/www.deinadieu.ch\\\/fr\\\/rommy-los-pour-de-nombreux-testateurs-les-animaux-font-partie-de-la-vie\\\/#respond\"]}]},{\"@type\":\"WebPage\",\"@id\":\"https:\\\/\\\/www.deinadieu.ch\\\/fr\\\/rommy-los-pour-de-nombreux-testateurs-les-animaux-font-partie-de-la-vie\\\/\",\"url\":\"https:\\\/\\\/www.deinadieu.ch\\\/fr\\\/rommy-los-pour-de-nombreux-testateurs-les-animaux-font-partie-de-la-vie\\\/\",\"name\":\"Protection des animaux : pour de nombreux testateurs, les animaux font partie de la vie\",\"isPartOf\":{\"@id\":\"https:\\\/\\\/www.deinadieu.ch\\\/fr\\\/#website\"},\"primaryImageOfPage\":{\"@id\":\"https:\\\/\\\/www.deinadieu.ch\\\/fr\\\/rommy-los-pour-de-nombreux-testateurs-les-animaux-font-partie-de-la-vie\\\/#primaryimage\"},\"image\":{\"@id\":\"https:\\\/\\\/www.deinadieu.ch\\\/fr\\\/rommy-los-pour-de-nombreux-testateurs-les-animaux-font-partie-de-la-vie\\\/#primaryimage\"},\"thumbnailUrl\":\"https:\\\/\\\/www.deinadieu.ch\\\/wp-content\\\/uploads\\\/2020\\\/08\\\/BLOG_Rommy_Los_Aufm_1.jpg\",\"datePublished\":\"2020-08-12T12:23:24+00:00\",\"dateModified\":\"2022-04-22T11:24:40+00:00\",\"description\":\"La protction des animaux co\u00fbte de l'argent. DeinAdieu s'est entretenu avec Rommy Los de la Protection des Animaux de Zurich au sujet des donations testamentaires, des testateurs et de leur grand amour pour les animaux.\",\"breadcrumb\":{\"@id\":\"https:\\\/\\\/www.deinadieu.ch\\\/fr\\\/rommy-los-pour-de-nombreux-testateurs-les-animaux-font-partie-de-la-vie\\\/#breadcrumb\"},\"inLanguage\":\"fr-FR\",\"potentialAction\":[{\"@type\":\"ReadAction\",\"target\":[\"https:\\\/\\\/www.deinadieu.ch\\\/fr\\\/rommy-los-pour-de-nombreux-testateurs-les-animaux-font-partie-de-la-vie\\\/\"]}]},{\"@type\":\"ImageObject\",\"inLanguage\":\"fr-FR\",\"@id\":\"https:\\\/\\\/www.deinadieu.ch\\\/fr\\\/rommy-los-pour-de-nombreux-testateurs-les-animaux-font-partie-de-la-vie\\\/#primaryimage\",\"url\":\"https:\\\/\\\/www.deinadieu.ch\\\/wp-content\\\/uploads\\\/2020\\\/08\\\/BLOG_Rommy_Los_Aufm_1.jpg\",\"contentUrl\":\"https:\\\/\\\/www.deinadieu.ch\\\/wp-content\\\/uploads\\\/2020\\\/08\\\/BLOG_Rommy_Los_Aufm_1.jpg\",\"width\":1280,\"height\":720},{\"@type\":\"BreadcrumbList\",\"@id\":\"https:\\\/\\\/www.deinadieu.ch\\\/fr\\\/rommy-los-pour-de-nombreux-testateurs-les-animaux-font-partie-de-la-vie\\\/#breadcrumb\",\"itemListElement\":[{\"@type\":\"ListItem\",\"position\":1,\"name\":\"Home\",\"item\":\"https:\\\/\\\/www.deinadieu.ch\\\/fr\\\/deinadieu-dialog-und-serviceportal-zum-lebensende\\\/\"},{\"@type\":\"ListItem\",\"position\":2,\"name\":\"Rommy Los : \u00ab Pour de nombreux testateurs, les animaux font partie de la vie \u00bb\"}]},{\"@type\":\"WebSite\",\"@id\":\"https:\\\/\\\/www.deinadieu.ch\\\/fr\\\/#website\",\"url\":\"https:\\\/\\\/www.deinadieu.ch\\\/fr\\\/\",\"name\":\"DeinAdieu.ch\",\"description\":\"Testament, Patientenverf\u00fcgung und Vorsorgeauftrag\",\"publisher\":{\"@id\":\"https:\\\/\\\/www.deinadieu.ch\\\/fr\\\/#organization\"},\"potentialAction\":[{\"@type\":\"SearchAction\",\"target\":{\"@type\":\"EntryPoint\",\"urlTemplate\":\"https:\\\/\\\/www.deinadieu.ch\\\/fr\\\/?s={search_term_string}\"},\"query-input\":{\"@type\":\"PropertyValueSpecification\",\"valueRequired\":true,\"valueName\":\"search_term_string\"}}],\"inLanguage\":\"fr-FR\"},{\"@type\":\"Organization\",\"@id\":\"https:\\\/\\\/www.deinadieu.ch\\\/fr\\\/#organization\",\"name\":\"EMNA Web GmbH\",\"url\":\"https:\\\/\\\/www.deinadieu.ch\\\/fr\\\/\",\"logo\":{\"@type\":\"ImageObject\",\"inLanguage\":\"fr-FR\",\"@id\":\"https:\\\/\\\/www.deinadieu.ch\\\/fr\\\/#\\\/schema\\\/logo\\\/image\\\/\",\"url\":\"https:\\\/\\\/www.deinadieu.ch\\\/wp-content\\\/uploads\\\/2016\\\/01\\\/DeinAdieu_Logo.png\",\"contentUrl\":\"https:\\\/\\\/www.deinadieu.ch\\\/wp-content\\\/uploads\\\/2016\\\/01\\\/DeinAdieu_Logo.png\",\"width\":300,\"height\":117,\"caption\":\"EMNA Web GmbH\"},\"image\":{\"@id\":\"https:\\\/\\\/www.deinadieu.ch\\\/fr\\\/#\\\/schema\\\/logo\\\/image\\\/\"},\"sameAs\":[\"https:\\\/\\\/www.facebook.com\\\/deinadieu\",\"https:\\\/\\\/x.com\\\/DeinAdieu\",\"https:\\\/\\\/www.instagram.com\\\/deinadieu\\\/\",\"https:\\\/\\\/www.linkedin.com\\\/company\\\/deinadieu.ch\"]},{\"@type\":\"Person\",\"@id\":\"https:\\\/\\\/www.deinadieu.ch\\\/fr\\\/#\\\/schema\\\/person\\\/4c245752ed60edffba2d7fc2cdd4175b\",\"name\":\"Martin Schuppli, Autor\",\"image\":{\"@type\":\"ImageObject\",\"inLanguage\":\"fr-FR\",\"@id\":\"https:\\\/\\\/secure.gravatar.com\\\/avatar\\\/8a166042ac43b389baedddb69454e2bf7f4363dc3d41f37039595cc8daa42c4c?s=96&d=mm&r=g\",\"url\":\"https:\\\/\\\/secure.gravatar.com\\\/avatar\\\/8a166042ac43b389baedddb69454e2bf7f4363dc3d41f37039595cc8daa42c4c?s=96&d=mm&r=g\",\"contentUrl\":\"https:\\\/\\\/secure.gravatar.com\\\/avatar\\\/8a166042ac43b389baedddb69454e2bf7f4363dc3d41f37039595cc8daa42c4c?s=96&d=mm&r=g\",\"caption\":\"Martin Schuppli, Autor\"},\"description\":\"Martin Schuppli, *1955. Ich arbeitete w\u00e4hrend 30 Jahren als Journalist bei Ringier AG. 1982 begann ich als Produzent beim Blick, schrieb sp\u00e4ter f\u00fcr SonntagsBlick, Gesundheit-Sprechstunde und Schweizer Illustrierte. 2009 machte ich mich selbstst\u00e4ndig. Motto: \u00abIch schreibe mich durchs Leben.\u00bb Seit 2015 arbeitete ich zusammen mit Nicolas Gehrig, CEO und dem Team daran, das Webportal DeinAdieu aufzubauen. Hier kann ich schreiben. Und zwar \u00fcber das, was die Menschen am meisten interessiert. \u00dcber Menschen.\",\"url\":\"https:\\\/\\\/www.deinadieu.ch\\\/fr\\\/author\\\/martin-schuppli\\\/\"}]}<\/script>","yoast_head_json":{"title":"Protection des animaux : pour de nombreux testateurs, les animaux font partie de la vie","description":"La protction des animaux co\u00fbte de l'argent. DeinAdieu s'est entretenu avec Rommy Los de la Protection des Animaux de Zurich au sujet des donations testamentaires, des testateurs et de leur grand amour pour les animaux.","robots":{"index":"index","follow":"follow","max-snippet":"max-snippet:-1","max-image-preview":"max-image-preview:large","max-video-preview":"max-video-preview:-1"},"canonical":"https:\/\/www.deinadieu.ch\/fr\/rommy-los-pour-de-nombreux-testateurs-les-animaux-font-partie-de-la-vie\/","og_locale":"fr_FR","og_type":"article","og_title":"Rommy Los : \u00ab Pour de nombreux testateurs, les animaux font partie de la vie \u00bb","og_description":"Les animaux ont besoin de protection et de personnes qui s'engagent pour eux. La Protection des Animaux de Zurich fait partie des organisations qui se","og_url":"https:\/\/www.deinadieu.ch\/fr\/rommy-los-pour-de-nombreux-testateurs-les-animaux-font-partie-de-la-vie\/","og_site_name":"DeinAdieu.ch","article_publisher":"https:\/\/www.facebook.com\/deinadieu","article_published_time":"2020-08-12T12:23:24+00:00","article_modified_time":"2022-04-22T11:24:40+00:00","og_image":[{"width":1280,"height":720,"url":"https:\/\/static.deinadieu.ch\/uploads\/2020\/08\/BLOG_Rommy_Los_Aufm_1.jpg","type":"image\/jpeg"}],"author":"Martin Schuppli, Autor","twitter_card":"summary_large_image","twitter_creator":"@DeinAdieu","twitter_site":"@DeinAdieu","twitter_misc":{"Written by":"Martin Schuppli, Autor","Est. reading time":"7 minutes"},"schema":{"@context":"https:\/\/schema.org","@graph":[{"@type":"Article","@id":"https:\/\/www.deinadieu.ch\/fr\/rommy-los-pour-de-nombreux-testateurs-les-animaux-font-partie-de-la-vie\/#article","isPartOf":{"@id":"https:\/\/www.deinadieu.ch\/fr\/rommy-los-pour-de-nombreux-testateurs-les-animaux-font-partie-de-la-vie\/"},"author":{"name":"Martin Schuppli, Autor","@id":"https:\/\/www.deinadieu.ch\/fr\/#\/schema\/person\/4c245752ed60edffba2d7fc2cdd4175b"},"headline":"Rommy Los : \u00ab Pour de nombreux testateurs, les animaux font partie de la vie \u00bb","datePublished":"2020-08-12T12:23:24+00:00","dateModified":"2022-04-22T11:24:40+00:00","mainEntityOfPage":{"@id":"https:\/\/www.deinadieu.ch\/fr\/rommy-los-pour-de-nombreux-testateurs-les-animaux-font-partie-de-la-vie\/"},"wordCount":1408,"commentCount":0,"publisher":{"@id":"https:\/\/www.deinadieu.ch\/fr\/#organization"},"image":{"@id":"https:\/\/www.deinadieu.ch\/fr\/rommy-los-pour-de-nombreux-testateurs-les-animaux-font-partie-de-la-vie\/#primaryimage"},"thumbnailUrl":"https:\/\/www.deinadieu.ch\/wp-content\/uploads\/2020\/08\/BLOG_Rommy_Los_Aufm_1.jpg","keywords":["Faire un don","Legs","Protection des animaux","Quel effet mon h\u00e9ritage peut-il avoir ?","Refuge pour animaux","Testament"],"articleSection":["\u0152uvres caritatives en point de mire"],"inLanguage":"fr-FR","potentialAction":[{"@type":"CommentAction","name":"Comment","target":["https:\/\/www.deinadieu.ch\/fr\/rommy-los-pour-de-nombreux-testateurs-les-animaux-font-partie-de-la-vie\/#respond"]}]},{"@type":"WebPage","@id":"https:\/\/www.deinadieu.ch\/fr\/rommy-los-pour-de-nombreux-testateurs-les-animaux-font-partie-de-la-vie\/","url":"https:\/\/www.deinadieu.ch\/fr\/rommy-los-pour-de-nombreux-testateurs-les-animaux-font-partie-de-la-vie\/","name":"Protection des animaux : pour de nombreux testateurs, les animaux font partie de la vie","isPartOf":{"@id":"https:\/\/www.deinadieu.ch\/fr\/#website"},"primaryImageOfPage":{"@id":"https:\/\/www.deinadieu.ch\/fr\/rommy-los-pour-de-nombreux-testateurs-les-animaux-font-partie-de-la-vie\/#primaryimage"},"image":{"@id":"https:\/\/www.deinadieu.ch\/fr\/rommy-los-pour-de-nombreux-testateurs-les-animaux-font-partie-de-la-vie\/#primaryimage"},"thumbnailUrl":"https:\/\/www.deinadieu.ch\/wp-content\/uploads\/2020\/08\/BLOG_Rommy_Los_Aufm_1.jpg","datePublished":"2020-08-12T12:23:24+00:00","dateModified":"2022-04-22T11:24:40+00:00","description":"La protction des animaux co\u00fbte de l'argent. DeinAdieu s'est entretenu avec Rommy Los de la Protection des Animaux de Zurich au sujet des donations testamentaires, des testateurs et de leur grand amour pour les animaux.","breadcrumb":{"@id":"https:\/\/www.deinadieu.ch\/fr\/rommy-los-pour-de-nombreux-testateurs-les-animaux-font-partie-de-la-vie\/#breadcrumb"},"inLanguage":"fr-FR","potentialAction":[{"@type":"ReadAction","target":["https:\/\/www.deinadieu.ch\/fr\/rommy-los-pour-de-nombreux-testateurs-les-animaux-font-partie-de-la-vie\/"]}]},{"@type":"ImageObject","inLanguage":"fr-FR","@id":"https:\/\/www.deinadieu.ch\/fr\/rommy-los-pour-de-nombreux-testateurs-les-animaux-font-partie-de-la-vie\/#primaryimage","url":"https:\/\/www.deinadieu.ch\/wp-content\/uploads\/2020\/08\/BLOG_Rommy_Los_Aufm_1.jpg","contentUrl":"https:\/\/www.deinadieu.ch\/wp-content\/uploads\/2020\/08\/BLOG_Rommy_Los_Aufm_1.jpg","width":1280,"height":720},{"@type":"BreadcrumbList","@id":"https:\/\/www.deinadieu.ch\/fr\/rommy-los-pour-de-nombreux-testateurs-les-animaux-font-partie-de-la-vie\/#breadcrumb","itemListElement":[{"@type":"ListItem","position":1,"name":"Home","item":"https:\/\/www.deinadieu.ch\/fr\/deinadieu-dialog-und-serviceportal-zum-lebensende\/"},{"@type":"ListItem","position":2,"name":"Rommy Los : \u00ab Pour de nombreux testateurs, les animaux font partie de la vie \u00bb"}]},{"@type":"WebSite","@id":"https:\/\/www.deinadieu.ch\/fr\/#website","url":"https:\/\/www.deinadieu.ch\/fr\/","name":"DeinAdieu.ch","description":"Testament, Patientenverf\u00fcgung und Vorsorgeauftrag","publisher":{"@id":"https:\/\/www.deinadieu.ch\/fr\/#organization"},"potentialAction":[{"@type":"SearchAction","target":{"@type":"EntryPoint","urlTemplate":"https:\/\/www.deinadieu.ch\/fr\/?s={search_term_string}"},"query-input":{"@type":"PropertyValueSpecification","valueRequired":true,"valueName":"search_term_string"}}],"inLanguage":"fr-FR"},{"@type":"Organization","@id":"https:\/\/www.deinadieu.ch\/fr\/#organization","name":"EMNA Web GmbH","url":"https:\/\/www.deinadieu.ch\/fr\/","logo":{"@type":"ImageObject","inLanguage":"fr-FR","@id":"https:\/\/www.deinadieu.ch\/fr\/#\/schema\/logo\/image\/","url":"https:\/\/www.deinadieu.ch\/wp-content\/uploads\/2016\/01\/DeinAdieu_Logo.png","contentUrl":"https:\/\/www.deinadieu.ch\/wp-content\/uploads\/2016\/01\/DeinAdieu_Logo.png","width":300,"height":117,"caption":"EMNA Web GmbH"},"image":{"@id":"https:\/\/www.deinadieu.ch\/fr\/#\/schema\/logo\/image\/"},"sameAs":["https:\/\/www.facebook.com\/deinadieu","https:\/\/x.com\/DeinAdieu","https:\/\/www.instagram.com\/deinadieu\/","https:\/\/www.linkedin.com\/company\/deinadieu.ch"]},{"@type":"Person","@id":"https:\/\/www.deinadieu.ch\/fr\/#\/schema\/person\/4c245752ed60edffba2d7fc2cdd4175b","name":"Martin Schuppli, Autor","image":{"@type":"ImageObject","inLanguage":"fr-FR","@id":"https:\/\/secure.gravatar.com\/avatar\/8a166042ac43b389baedddb69454e2bf7f4363dc3d41f37039595cc8daa42c4c?s=96&d=mm&r=g","url":"https:\/\/secure.gravatar.com\/avatar\/8a166042ac43b389baedddb69454e2bf7f4363dc3d41f37039595cc8daa42c4c?s=96&d=mm&r=g","contentUrl":"https:\/\/secure.gravatar.com\/avatar\/8a166042ac43b389baedddb69454e2bf7f4363dc3d41f37039595cc8daa42c4c?s=96&d=mm&r=g","caption":"Martin Schuppli, Autor"},"description":"Martin Schuppli, *1955. Ich arbeitete w\u00e4hrend 30 Jahren als Journalist bei Ringier AG. 1982 begann ich als Produzent beim Blick, schrieb sp\u00e4ter f\u00fcr SonntagsBlick, Gesundheit-Sprechstunde und Schweizer Illustrierte. 2009 machte ich mich selbstst\u00e4ndig. Motto: \u00abIch schreibe mich durchs Leben.\u00bb Seit 2015 arbeitete ich zusammen mit Nicolas Gehrig, CEO und dem Team daran, das Webportal DeinAdieu aufzubauen. Hier kann ich schreiben. Und zwar \u00fcber das, was die Menschen am meisten interessiert. \u00dcber Menschen.","url":"https:\/\/www.deinadieu.ch\/fr\/author\/martin-schuppli\/"}]}},"_links":{"self":[{"href":"https:\/\/www.deinadieu.ch\/fr\/wp-json\/wp\/v2\/posts\/50155","targetHints":{"allow":["GET"]}}],"collection":[{"href":"https:\/\/www.deinadieu.ch\/fr\/wp-json\/wp\/v2\/posts"}],"about":[{"href":"https:\/\/www.deinadieu.ch\/fr\/wp-json\/wp\/v2\/types\/post"}],"author":[{"embeddable":true,"href":"https:\/\/www.deinadieu.ch\/fr\/wp-json\/wp\/v2\/users\/2379"}],"replies":[{"embeddable":true,"href":"https:\/\/www.deinadieu.ch\/fr\/wp-json\/wp\/v2\/comments?post=50155"}],"version-history":[{"count":8,"href":"https:\/\/www.deinadieu.ch\/fr\/wp-json\/wp\/v2\/posts\/50155\/revisions"}],"predecessor-version":[{"id":56546,"href":"https:\/\/www.deinadieu.ch\/fr\/wp-json\/wp\/v2\/posts\/50155\/revisions\/56546"}],"wp:featuredmedia":[{"embeddable":true,"href":"https:\/\/www.deinadieu.ch\/fr\/wp-json\/wp\/v2\/media\/23284"}],"wp:attachment":[{"href":"https:\/\/www.deinadieu.ch\/fr\/wp-json\/wp\/v2\/media?parent=50155"}],"wp:term":[{"taxonomy":"category","embeddable":true,"href":"https:\/\/www.deinadieu.ch\/fr\/wp-json\/wp\/v2\/categories?post=50155"},{"taxonomy":"post_tag","embeddable":true,"href":"https:\/\/www.deinadieu.ch\/fr\/wp-json\/wp\/v2\/tags?post=50155"}],"curies":[{"name":"wp","href":"https:\/\/api.w.org\/{rel}","templated":true}]}}