{"id":50145,"date":"2020-07-23T16:41:16","date_gmt":"2020-07-23T14:41:16","guid":{"rendered":"https:\/\/www.deinadieu.ch\/lea-moliterni-les-testateurs-sont-conscients-de-la-fragilite-humaine\/"},"modified":"2023-06-24T09:16:47","modified_gmt":"2023-06-24T07:16:47","slug":"lea-moliterni-les-testateurs-sont-conscients-de-la-fragilite-humaine","status":"publish","type":"post","link":"https:\/\/www.deinadieu.ch\/fr\/lea-moliterni-les-testateurs-sont-conscients-de-la-fragilite-humaine\/","title":{"rendered":"Lea Moliterni : \u00ab Les testateurs sont conscients de la fragilit\u00e9 humaine \u00bb"},"content":{"rendered":"\n<p>Lea Moliterni, qui a \u00e9tudi\u00e9 l&#8217;histoire, travaille en qualit\u00e9 de collectrice de fonds pour la Croix-Rouge du canton de Zurich. Elle a expliqu\u00e9 \u00e0 DeinAdieu son travail et la motivation des gens \u00e0 soutenir une organisation \u00e0 but non lucratif.<\/p>\n\n<!--more-->\n\n<p>Quiconque fait la connaissance de Lea Moliterni vit un\nmoment de bonheur. Celle qui s&#8217;occupe des grands m\u00e9c\u00e8nes, des legs et des fondations \u00e0\nla Croix-Rouge suisse du canton de Zurich enchante ses interlocuteurs\npar une gaiet\u00e9 naturelle, beaucoup d&#8217;empathie et un grand savoir. L&#8217;\nhistorienne travaille pour la Croix-Rouge du canton de Zurich depuis 2013.\nL&#8217;auteur de DeinAdieu Martin Schuppli l&#8217;a rencontr\u00e9e avant la pand\u00e9mie de coronavirus\ndans le cadre d&#8217;un entretien. <\/p>\n\n<p><strong>Madame Moliterni, quel est votre r\u00f4le dans l&#8217;organisation ?<\/strong><br\/><strong>Lea Moliterni :<\/strong> J&#8217;ai diff\u00e9rentes casquettes \u00e0 la Croix-Rouge zurichoise. D&#8217;une part, je suis une collectrice de fonds enthousiaste, je collecte ainsi de l&#8217;argent et suis donc en contact r\u00e9gulier et \u00e9troit avec les m\u00e9c\u00e8nes, les donateurs ainsi que les fondations. Ma \u00ab sp\u00e9cialit\u00e9 \u00bb, ce sont les dons importants, c&#8217;est-\u00e0-dire les apports individuels qui contribuent de mani\u00e8re significative au succ\u00e8s de projets entiers et d&#8217;activit\u00e9s enti\u00e8res. <\/p>\n\n<p><strong>Vous vous \u00eates sp\u00e9cialis\u00e9 dans la pr\u00e9voyance.<br\/><\/strong> Exactement. Depuis quelques ann\u00e9es, je conseille nos soutiens sur les questions d&#8217;h\u00e9ritage, de testaments et de pr\u00e9voyance.<\/p>\n\n<p><strong>En quoi cela consiste pr\u00e9cis\u00e9ment ?<\/strong><br\/>Il y a d&#8217;une part des entretiens personnels et des consultations individuelles. D&#8217;autre part, nous organisons des \u00e9v\u00e9nements sur le sujet. A ces occasions, nous donnons aux personnes int\u00e9ress\u00e9es l&#8217;espace et le temps de poser des questions et les gens se rendent compte qu&#8217;ils ne sont pas les seuls \u00e0 se poser des questions et \u00e0 \u00eatre d\u00e9concert\u00e9s.<\/p>\n\n<p><strong>Et cela les rassure ? <\/strong><br\/>Effectivement. Apr\u00e8s une conf\u00e9rence, une dame \u00e2g\u00e9e m&#8217;a dit: \u00ab Dites, maintenant je n&#8217;ai plus peur de mourir. \u00bb Cela m&#8217;a \u00e9norm\u00e9ment touch\u00e9. <\/p>\n\n<p><strong>\u00cates-vous \u00e9galement int\u00e9ress\u00e9e par l&#8217;historique du travail de la Croix-Rouge suisse ?<\/strong><br\/>Effectivement. Je travaille \u00e9galement en qualit\u00e9 d&#8217;historienne pour la Croix-Rouge et je m&#8217;occupe de tout ce qui est li\u00e9 \u00e0 \u00ab l&#8217;historique \u00bb. D\u00e9crire cette t\u00e2che passionnante d\u00e9passerait le cadre de cet entretien (rires). Il y aurait assez de mati\u00e8re pour une autre histoire. Par exemple, les enfants migrants des pays alors en guerre qui sont venus en Suisse pour se soigner. <\/p>\n\n<p><strong>Martin Schuppli :<\/strong> Je me souviens que nous avons accueilli les enfants Bukow de Berlin pendant de nombreux \u00e9t\u00e9s dans les ann\u00e9es 60.<\/p>\n\n<figure class=\"wp-block-image\"><img decoding=\"async\" src=\"https:\/\/www.deinadieu.ch\/wp-content\/uploads\/2020\/07\/BLOG_LeaMoliterni_erklaert-1024x576.jpg\" alt=\"\" class=\"wp-image-22668\"\/><figcaption class=\"wp-element-caption\">Lea Moliterni : \u00ab La Croix-Rouge du canton de Zurich est financ\u00e9e pour moiti\u00e9 par des dons. \u00bb (Photo : Paolo Foschini)<\/figcaption><\/figure>\n\n<p><strong>Quelles t\u00e2ches la Croix-Rouge suisse ex\u00e9cute-t-elle pour le canton de Zurich ? <\/strong><br\/>Nous sommes l\u00e0 pour toutes les personnes du canton qui ont besoin d&#8217;aide. Nos prestations les plus connues sont notre service de transport et l&#8217;alarme Croix-Rouge. Elles sont principalement utilis\u00e9es par les personnes \u00e2g\u00e9es. Nous avons toutefois \u00e9galement une formidable Croix-Rouge Jeunesse qui organise plus de 20 activit\u00e9s pour les enfants, les jeunes et les personnes \u00e2g\u00e9es. Ensuite, il y a notre large \u00e9ventail d&#8217;aide et de conseils pour les personnes dans le besoin, pour les malades mentaux, pour les familles dans des situations exceptionnelles, etc. Comme vous pouvez le constater, nous avons un positionnement tr\u00e8s large.<\/p>\n\n<p><strong>Comment vous financez-vous ? Y a-t-il des subventions \u00e9tatiques en plus des dons et des h\u00e9ritages ?<\/strong><br\/>La Croix-Rouge du canton de Zurich est financ\u00e9e pour moiti\u00e9 par des dons. L&#8217;autre moiti\u00e9 provient des revenus de diverses offres et prestations payantes, par exemple de notre centre de formation \u00e0 Winterthour, qui est sp\u00e9cialis\u00e9 dans la formation des soignants.<\/p>\n\n<p><strong>Quelle est l&#8217;importance pour vous des revenus provenant d&#8217;h\u00e9ritages et de legs ?<\/strong><br\/>Elle augmente constamment. Nous voyons l\u00e0 dedans un grand potentiel pour l&#8217;avenir, car le march\u00e9 traditionnel des dons devient de plus en plus volatil, c&#8217;est-\u00e0-dire instable et inconstant. Cependant, quiconque d\u00e9cide d&#8217;un h\u00e9ritage ou d&#8217;un h\u00e9ritage prend une d\u00e9cision clairvoyante et contribue ainsi au travail durable de l&#8217;oeuvre d&#8217;entraide.<\/p>\n\n<figure class=\"wp-block-image\"><img decoding=\"async\" src=\"https:\/\/www.deinadieu.ch\/wp-content\/uploads\/2020\/07\/BLOG_Lea_Moliterni_keck-1024x576.jpg\" alt=\"Lea Moliterni, collectrice de fonds de la Croix-Rouge suisse du canton de Zurich\" class=\"wp-image-22664\"\/><figcaption class=\"wp-element-caption\">Lea Moliterni : \u00ab Il y a des gens qui veulent simplement laisser un h\u00e9ritage, faire une diff\u00e9rence au-del\u00e0 de la mort pour ainsi dire. \u00bb (Photo : Paolo Foschini)<\/figcaption><\/figure>\n\n<p><strong>Pouvez-vous d\u00e9crire les personnes qui l\u00e8guent un h\u00e9ritage \u00e0 votre organisation ? <\/strong><br\/>Ce sont des personnes diff\u00e9rentes qui ont deux choses en commun : elles sont conscientes de la fragilit\u00e9 humaine et elles n&#8217;ont pas peur de se confronter \u00e0 leur propre mort. <\/p>\n\n<p><strong>Anim\u00e9es par la charit\u00e9 ?<\/strong><br\/>On peut le dire ainsi, oui. Certaines veulent par exemple \u00e9viter que leur chien doive aller dans un refuge apr\u00e8s leur d\u00e9c\u00e8s. D&#8217;autres se soucient de la paix familiale, qu&#8217;ils consid\u00e8rent comme menac\u00e9e par un h\u00e9ritage. D&#8217;autres encore aimeraient simplement laisser un h\u00e9ritage, pour faire une diff\u00e9rence au-del\u00e0 de la mort, pour ainsi dire. Une donation testamentaire convient parfaitement \u00e0 cet effet. <\/p>\n\n<p><strong>Qu&#8217;est-ce qui motive ces personnes \u00e0 faire cela ? <\/strong><br\/>Par exemple, nos conseils personnels et professionnels. Apr\u00e8s cela, beaucoup sont pr\u00eats \u00e0 laisser une partie de leur fortune \u00e0 la Croix-Rouge.<\/p>\n\n<figure class=\"wp-block-image\"><img decoding=\"async\" src=\"https:\/\/www.deinadieu.ch\/wp-content\/uploads\/2020\/07\/BLOG_LeaMoliterni_erklaert2-1024x576.jpg\" alt=\"Lea Moliterni, collectrice de fonds de la Croix-Rouge suisse du canton de Zurich\" class=\"wp-image-22669\"\/><figcaption class=\"wp-element-caption\">Nous avons presque tous un lien avec la Croix-Rouge, dit Lea Moliterni. \u00ab Chacun de nous conna\u00eet des personnes qui utilisent le num\u00e9ro d&#8217;urgence ou le service de transport de la Croix-Rouge. \u00bb (Photo : Paolo Foschini)<\/figcaption><\/figure>\n\n<p><strong>Y a-t-il aussi des donatrices et des donateurs qui soutiennent votre organisation et que vous ne connaissiez pas auparavant ? <\/strong><br\/>Oui, cela arrive aussi. Notre marque est tr\u00e8s connue et les gens ont confiance en la Croix-Rouge. C&#8217;est probablement l&#8217;une des raisons pour lesquelles des personnes que nous ne connaissons pas nous incluent r\u00e9guli\u00e8rement dans leur testament. <\/p>\n\n<p><strong>Nous avons presque tous un lien avec la Croix-Rouge<\/strong><br\/>Effectivement. Un membre de la famille utilise le num\u00e9ro d&#8217;urgence, la voisine est chauffeur pour la Croix-Rouge depuis de nombreuses ann\u00e9es, la fille a suivi une formation de baby-sitter, un oncle a suivi le cours de soins palliatifs, etc.<\/p>\n\n<p><strong>Cela a-t-il un impact ?<\/strong><br\/>Oui, vraiment. En principe, nous faisons l&#8217;exp\u00e9rience suivante : en particulier pour les successions, le long terme joue un r\u00f4le important (rires). Apr\u00e8s tout, l&#8217;organisation devrait toujours exister apr\u00e8s le d\u00e9c\u00e8s d&#8217;un testateur et d&#8217;une certaine mani\u00e8re, personne ne doute que la Croix-Rouge existera encore dans dix, vingt ou trente ans. Tant que les gens auront besoin d&#8217;aide, nous nous engagerons et cela sera le cas pendant longtemps encore, malheureusement.<\/p>\n\n<p><strong>Comment pouvez-vous faire d\u00e9couvrir la donation testamentaire aux donatrices et aux donateurs sans para\u00eetre irrespectueux ? <\/strong><br\/>Le manque de respect n&#8217;est pas du tout un probl\u00e8me pour moi. Je donne des conseils s\u00e9rieux, empathiques et attentifs aux personnes qui aimeraient s&#8217;occuper de leur pr\u00e9voyance et qui veulent planifier leur succession. Beaucoup de personnes sont d\u00e9pass\u00e9es par les questions qui se posent et sont reconnaissantes pour les conseils externes. <\/p>\n\n<p><strong>Enfin : Madame Moliterni, avez-vous organis\u00e9 votre \u00ab dernier bureau \u00bb, c&#8217;est-\u00e0-dire fait votre testament ? <\/strong><br\/><strong>L\u00e9a Moliterni :<\/strong> Bien s\u00fbr, j&#8217;ai r\u00e9dig\u00e9 mon testament. Certes, le lieu de d\u00e9p\u00f4t n&#8217;est pas id\u00e9al : il se trouve au milieu de mon livre de cuisine pr\u00e9f\u00e9r\u00e9 \u2013 mais mon mari le sait. <\/p>\n\n<p><strong>Pourquoi dites-vous : bien s\u00fbr &#8230;<\/strong><br\/>Eh bien, quiconque travaille professionnellement sur ces questions et qui se contente de \u00ab vivre au jour le jour \u00bb sans avoir l&#8217;avenir en t\u00eate n&#8217;est tout simplement pas cr\u00e9dible.<\/p>\n\n<figure class=\"wp-block-image\"><img decoding=\"async\" src=\"https:\/\/www.deinadieu.ch\/wp-content\/uploads\/2020\/07\/BLOG_Lea_Moliterni_lacht-1024x576.jpg\" alt=\"Lea Moliterni, collectrice de fonds de la Croix-Rouge suisse du canton de Zurich\" class=\"wp-image-22665\"\/><figcaption class=\"wp-element-caption\">Conservez votre testament dans votre livre de cuisine pr\u00e9f\u00e9r\u00e9. Lea Moliterni, collectrice de fonds enthousiaste pour la Croix-Rouge du canton de Zurich. (Photo : Paolo Foschini)<\/figcaption><\/figure>\n\n<p><strong>Ch\u00e8re Madame Moliterni, quel est votre livre de cuisine pr\u00e9f\u00e9r\u00e9 ?<\/strong><br\/>L&#8217;ouvrage de r\u00e9f\u00e9rence bient\u00f4t centenaire \u00ab Il talismano della felicit\u00e0 \u00bb d&#8217;Ada Boni. Elle \u00e9tait l&#8217;Elisabeth F\u00fclscher italienne. La premi\u00e8re \u00e9dition a \u00e9t\u00e9 publi\u00e9e en 1927 avec 800 recettes. Dans ce livre de cuisine culte, les femmes apprennent encore des choses telles que comment s\u00e9parer le sabot du pied avant de le faire r\u00f4tir sur le feu.<\/p>\n\n<p><strong>Le pied brais\u00e9 sans sabot n&#8217;est donc pas votre recette pr\u00e9f\u00e9r\u00e9e ?<\/strong><em> (Rires)<\/em> Non, ce sont les artichauts farcis au four.<\/p>\n\n<p><strong>Pouvez-vous nous donner les d\u00e9tails ? <\/strong><br\/>Puisque vous le demandez si gentiment <em>(rires)<\/em> . Les artichauts sont farcis de persil italien \u00e0 grandes feuilles, d&#8217;ail, de pain rassis, de sel, de poivre, d&#8217;huile d&#8217;olive ainsi que de pecorino. Ils sont ensuite cuits au four avec une grande quantit\u00e9 d&#8217;eau sal\u00e9e. Ils tr\u00f4nent comme des rois au milieu de pommes de terre enti\u00e8res et d&#8217;oignons entiers, de feuilles de laurier et de tomates dattes enti\u00e8res. <\/p>\n\n<p>Je vous souhaite donc un bon app\u00e9tit et vous remercie pour\nl&#8217;entretien et pour la recette. <\/p>\n\n<p class=\"has-text-align-right\">Entretien : Martin Schuppli, photos : Paolo\nFoschini<\/p>\n\n        <div class=\"da-servicebox relative bg-gray-200 p-4 pt-8 border-solid border-t-8 border-da-dark mb-6\">\n            <i class=\"fas fa-info-circle mx-auto fa-7x text-da-dark\"><\/i>\n            <span style=\"hyphens: auto\">\n                <\/p>\n\n<p>Voici les donn\u00e9es du profil DeinAdieu de la <a rel=\"noreferrer noopener\" aria-label=\" (&#xF6;ffnet in neuem Tab)\" href=\"https:\/\/www.deinadieu.ch\/hilfswerke\/schweizerisches-rotes-kreuz-kanton-z%C3%BCrich\/\" target=\"_blank\">Croix-Rouge suisse du canton de Zurich<\/a><\/p>\n\n<p>Croix-Rouge suisse, canton de Zurich<br\/>Drahtzugstrasse 18<br\/>8008 Zurich<br\/><a rel=\"noreferrer noopener\" href=\"https:\/\/www.srk-zuerich.ch\/\" target=\"_blank\">www.srk-zuerich.ch<\/a><\/p>\n<p>\n                \n                \n            <\/span>\n        <\/div>\n        \n\n<p><\/p>\n","protected":false},"excerpt":{"rendered":"<p>Lea Moliterni, qui a \u00e9tudi\u00e9 l&#8217;histoire, travaille en qualit\u00e9 de collectrice de fonds pour la Croix-Rouge du canton de Zurich. Elle a expliqu\u00e9 \u00e0 DeinAdieu son travail et la motivation des gens \u00e0 soutenir une organisation \u00e0 but non lucratif.<\/p>\n","protected":false},"author":2379,"featured_media":23272,"comment_status":"open","ping_status":"closed","sticky":false,"template":"","format":"standard","meta":{"_acf_changed":false,"footnotes":""},"categories":[3198],"tags":[2584,2555,2087,2469,2005],"class_list":["post-50145","post","type-post","status-publish","format-standard","has-post-thumbnail","hentry","category-don-testamentaire","tag-faire-un-don","tag-legs-fr-2","tag-prevoyance","tag-quel-effet-mon-heritage-peut-il-avoir","tag-testament-fr"],"acf":[],"yoast_head":"<title>Entretien avec Lea Moliterni de la Croix-Rouge | DeinAdieu<\/title>\n<meta name=\"description\" content=\"Lea Moliterni, collectrice de fonds pour la Croix-Rouge du canton de Zurich, nous a parl\u00e9 de la motivation des gens \u00e0 soutenir les organisations \u00e0 but non lucratif.\" \/>\n<meta name=\"robots\" content=\"index, follow, max-snippet:-1, max-image-preview:large, max-video-preview:-1\" \/>\n<link rel=\"canonical\" href=\"https:\/\/www.deinadieu.ch\/fr\/lea-moliterni-les-testateurs-sont-conscients-de-la-fragilite-humaine\/\" \/>\n<meta property=\"og:locale\" content=\"fr_FR\" \/>\n<meta property=\"og:type\" content=\"article\" \/>\n<meta property=\"og:title\" content=\"Lea Moliterni : \u00ab Les testateurs sont conscients de la fragilit\u00e9 humaine \u00bb\" \/>\n<meta property=\"og:description\" content=\"Lea Moliterni, qui a \u00e9tudi\u00e9 l&#039;histoire, travaille en qualit\u00e9 de collectrice de fonds pour la Croix-Rouge du canton de Zurich. Elle a expliqu\u00e9 \u00e0 DeinAdieu\" \/>\n<meta property=\"og:url\" content=\"https:\/\/www.deinadieu.ch\/fr\/lea-moliterni-les-testateurs-sont-conscients-de-la-fragilite-humaine\/\" \/>\n<meta property=\"og:site_name\" content=\"DeinAdieu.ch\" \/>\n<meta property=\"article:publisher\" content=\"https:\/\/www.facebook.com\/deinadieu\" \/>\n<meta property=\"article:published_time\" content=\"2020-07-23T14:41:16+00:00\" \/>\n<meta property=\"article:modified_time\" content=\"2023-06-24T07:16:47+00:00\" \/>\n<meta property=\"og:image\" content=\"https:\/\/static.deinadieu.ch\/uploads\/2020\/07\/BLOG_LeaMoliterni_Aufmacher.jpg\" \/>\n\t<meta property=\"og:image:width\" content=\"1280\" \/>\n\t<meta property=\"og:image:height\" content=\"720\" \/>\n\t<meta property=\"og:image:type\" content=\"image\/jpeg\" \/>\n<meta name=\"author\" content=\"Martin Schuppli, Autor\" \/>\n<meta name=\"twitter:card\" content=\"summary_large_image\" \/>\n<meta name=\"twitter:creator\" content=\"@DeinAdieu\" \/>\n<meta name=\"twitter:site\" content=\"@DeinAdieu\" \/>\n<meta name=\"twitter:label1\" content=\"Written by\" \/>\n\t<meta name=\"twitter:data1\" content=\"Martin Schuppli, Autor\" \/>\n\t<meta name=\"twitter:label2\" content=\"Est. reading time\" \/>\n\t<meta name=\"twitter:data2\" content=\"8 minutes\" \/>\n<script type=\"application\/ld+json\" class=\"yoast-schema-graph\">{\"@context\":\"https:\\\/\\\/schema.org\",\"@graph\":[{\"@type\":\"Article\",\"@id\":\"https:\\\/\\\/www.deinadieu.ch\\\/fr\\\/lea-moliterni-les-testateurs-sont-conscients-de-la-fragilite-humaine\\\/#article\",\"isPartOf\":{\"@id\":\"https:\\\/\\\/www.deinadieu.ch\\\/fr\\\/lea-moliterni-les-testateurs-sont-conscients-de-la-fragilite-humaine\\\/\"},\"author\":{\"name\":\"Martin Schuppli, Autor\",\"@id\":\"https:\\\/\\\/www.deinadieu.ch\\\/fr\\\/#\\\/schema\\\/person\\\/4c245752ed60edffba2d7fc2cdd4175b\"},\"headline\":\"Lea Moliterni : \u00ab Les testateurs sont conscients de la fragilit\u00e9 humaine \u00bb\",\"datePublished\":\"2020-07-23T14:41:16+00:00\",\"dateModified\":\"2023-06-24T07:16:47+00:00\",\"mainEntityOfPage\":{\"@id\":\"https:\\\/\\\/www.deinadieu.ch\\\/fr\\\/lea-moliterni-les-testateurs-sont-conscients-de-la-fragilite-humaine\\\/\"},\"wordCount\":1585,\"commentCount\":0,\"publisher\":{\"@id\":\"https:\\\/\\\/www.deinadieu.ch\\\/fr\\\/#organization\"},\"image\":{\"@id\":\"https:\\\/\\\/www.deinadieu.ch\\\/fr\\\/lea-moliterni-les-testateurs-sont-conscients-de-la-fragilite-humaine\\\/#primaryimage\"},\"thumbnailUrl\":\"https:\\\/\\\/www.deinadieu.ch\\\/wp-content\\\/uploads\\\/2020\\\/07\\\/BLOG_LeaMoliterni_Aufmacher.jpg\",\"keywords\":[\"Faire un don\",\"Legs\",\"Pr\u00e9voyance\",\"Quel effet mon h\u00e9ritage peut-il avoir ?\",\"Testament\"],\"articleSection\":[\"Don testamentaire\"],\"inLanguage\":\"fr-FR\",\"potentialAction\":[{\"@type\":\"CommentAction\",\"name\":\"Comment\",\"target\":[\"https:\\\/\\\/www.deinadieu.ch\\\/fr\\\/lea-moliterni-les-testateurs-sont-conscients-de-la-fragilite-humaine\\\/#respond\"]}]},{\"@type\":\"WebPage\",\"@id\":\"https:\\\/\\\/www.deinadieu.ch\\\/fr\\\/lea-moliterni-les-testateurs-sont-conscients-de-la-fragilite-humaine\\\/\",\"url\":\"https:\\\/\\\/www.deinadieu.ch\\\/fr\\\/lea-moliterni-les-testateurs-sont-conscients-de-la-fragilite-humaine\\\/\",\"name\":\"Entretien avec Lea Moliterni de la Croix-Rouge | DeinAdieu\",\"isPartOf\":{\"@id\":\"https:\\\/\\\/www.deinadieu.ch\\\/fr\\\/#website\"},\"primaryImageOfPage\":{\"@id\":\"https:\\\/\\\/www.deinadieu.ch\\\/fr\\\/lea-moliterni-les-testateurs-sont-conscients-de-la-fragilite-humaine\\\/#primaryimage\"},\"image\":{\"@id\":\"https:\\\/\\\/www.deinadieu.ch\\\/fr\\\/lea-moliterni-les-testateurs-sont-conscients-de-la-fragilite-humaine\\\/#primaryimage\"},\"thumbnailUrl\":\"https:\\\/\\\/www.deinadieu.ch\\\/wp-content\\\/uploads\\\/2020\\\/07\\\/BLOG_LeaMoliterni_Aufmacher.jpg\",\"datePublished\":\"2020-07-23T14:41:16+00:00\",\"dateModified\":\"2023-06-24T07:16:47+00:00\",\"description\":\"Lea Moliterni, collectrice de fonds pour la Croix-Rouge du canton de Zurich, nous a parl\u00e9 de la motivation des gens \u00e0 soutenir les organisations \u00e0 but non lucratif.\",\"breadcrumb\":{\"@id\":\"https:\\\/\\\/www.deinadieu.ch\\\/fr\\\/lea-moliterni-les-testateurs-sont-conscients-de-la-fragilite-humaine\\\/#breadcrumb\"},\"inLanguage\":\"fr-FR\",\"potentialAction\":[{\"@type\":\"ReadAction\",\"target\":[\"https:\\\/\\\/www.deinadieu.ch\\\/fr\\\/lea-moliterni-les-testateurs-sont-conscients-de-la-fragilite-humaine\\\/\"]}]},{\"@type\":\"ImageObject\",\"inLanguage\":\"fr-FR\",\"@id\":\"https:\\\/\\\/www.deinadieu.ch\\\/fr\\\/lea-moliterni-les-testateurs-sont-conscients-de-la-fragilite-humaine\\\/#primaryimage\",\"url\":\"https:\\\/\\\/www.deinadieu.ch\\\/wp-content\\\/uploads\\\/2020\\\/07\\\/BLOG_LeaMoliterni_Aufmacher.jpg\",\"contentUrl\":\"https:\\\/\\\/www.deinadieu.ch\\\/wp-content\\\/uploads\\\/2020\\\/07\\\/BLOG_LeaMoliterni_Aufmacher.jpg\",\"width\":1280,\"height\":720,\"caption\":\"Lea Moliterni en consultation. \u00ab Je suis une collectrice de fonds enthousiaste et je suis en contact r\u00e9gulier et \u00e9troit avec les m\u00e9c\u00e8nes, les donateurs ainsi que les fondations. \u00bb (Photo : Paolo Foschini)\"},{\"@type\":\"BreadcrumbList\",\"@id\":\"https:\\\/\\\/www.deinadieu.ch\\\/fr\\\/lea-moliterni-les-testateurs-sont-conscients-de-la-fragilite-humaine\\\/#breadcrumb\",\"itemListElement\":[{\"@type\":\"ListItem\",\"position\":1,\"name\":\"Home\",\"item\":\"https:\\\/\\\/www.deinadieu.ch\\\/fr\\\/deinadieu-dialog-und-serviceportal-zum-lebensende\\\/\"},{\"@type\":\"ListItem\",\"position\":2,\"name\":\"Lea Moliterni : \u00ab Les testateurs sont conscients de la fragilit\u00e9 humaine \u00bb\"}]},{\"@type\":\"WebSite\",\"@id\":\"https:\\\/\\\/www.deinadieu.ch\\\/fr\\\/#website\",\"url\":\"https:\\\/\\\/www.deinadieu.ch\\\/fr\\\/\",\"name\":\"DeinAdieu.ch\",\"description\":\"Testament, Patientenverf\u00fcgung und Vorsorgeauftrag\",\"publisher\":{\"@id\":\"https:\\\/\\\/www.deinadieu.ch\\\/fr\\\/#organization\"},\"potentialAction\":[{\"@type\":\"SearchAction\",\"target\":{\"@type\":\"EntryPoint\",\"urlTemplate\":\"https:\\\/\\\/www.deinadieu.ch\\\/fr\\\/?s={search_term_string}\"},\"query-input\":{\"@type\":\"PropertyValueSpecification\",\"valueRequired\":true,\"valueName\":\"search_term_string\"}}],\"inLanguage\":\"fr-FR\"},{\"@type\":\"Organization\",\"@id\":\"https:\\\/\\\/www.deinadieu.ch\\\/fr\\\/#organization\",\"name\":\"EMNA Web GmbH\",\"url\":\"https:\\\/\\\/www.deinadieu.ch\\\/fr\\\/\",\"logo\":{\"@type\":\"ImageObject\",\"inLanguage\":\"fr-FR\",\"@id\":\"https:\\\/\\\/www.deinadieu.ch\\\/fr\\\/#\\\/schema\\\/logo\\\/image\\\/\",\"url\":\"https:\\\/\\\/www.deinadieu.ch\\\/wp-content\\\/uploads\\\/2016\\\/01\\\/DeinAdieu_Logo.png\",\"contentUrl\":\"https:\\\/\\\/www.deinadieu.ch\\\/wp-content\\\/uploads\\\/2016\\\/01\\\/DeinAdieu_Logo.png\",\"width\":300,\"height\":117,\"caption\":\"EMNA Web GmbH\"},\"image\":{\"@id\":\"https:\\\/\\\/www.deinadieu.ch\\\/fr\\\/#\\\/schema\\\/logo\\\/image\\\/\"},\"sameAs\":[\"https:\\\/\\\/www.facebook.com\\\/deinadieu\",\"https:\\\/\\\/x.com\\\/DeinAdieu\",\"https:\\\/\\\/www.instagram.com\\\/deinadieu\\\/\",\"https:\\\/\\\/www.linkedin.com\\\/company\\\/deinadieu.ch\"]},{\"@type\":\"Person\",\"@id\":\"https:\\\/\\\/www.deinadieu.ch\\\/fr\\\/#\\\/schema\\\/person\\\/4c245752ed60edffba2d7fc2cdd4175b\",\"name\":\"Martin Schuppli, Autor\",\"image\":{\"@type\":\"ImageObject\",\"inLanguage\":\"fr-FR\",\"@id\":\"https:\\\/\\\/secure.gravatar.com\\\/avatar\\\/8a166042ac43b389baedddb69454e2bf7f4363dc3d41f37039595cc8daa42c4c?s=96&d=mm&r=g\",\"url\":\"https:\\\/\\\/secure.gravatar.com\\\/avatar\\\/8a166042ac43b389baedddb69454e2bf7f4363dc3d41f37039595cc8daa42c4c?s=96&d=mm&r=g\",\"contentUrl\":\"https:\\\/\\\/secure.gravatar.com\\\/avatar\\\/8a166042ac43b389baedddb69454e2bf7f4363dc3d41f37039595cc8daa42c4c?s=96&d=mm&r=g\",\"caption\":\"Martin Schuppli, Autor\"},\"description\":\"Martin Schuppli, *1955. Ich arbeitete w\u00e4hrend 30 Jahren als Journalist bei Ringier AG. 1982 begann ich als Produzent beim Blick, schrieb sp\u00e4ter f\u00fcr SonntagsBlick, Gesundheit-Sprechstunde und Schweizer Illustrierte. 2009 machte ich mich selbstst\u00e4ndig. Motto: \u00abIch schreibe mich durchs Leben.\u00bb Seit 2015 arbeitete ich zusammen mit Nicolas Gehrig, CEO und dem Team daran, das Webportal DeinAdieu aufzubauen. Hier kann ich schreiben. Und zwar \u00fcber das, was die Menschen am meisten interessiert. \u00dcber Menschen.\",\"url\":\"https:\\\/\\\/www.deinadieu.ch\\\/fr\\\/author\\\/martin-schuppli\\\/\"}]}<\/script>","yoast_head_json":{"title":"Entretien avec Lea Moliterni de la Croix-Rouge | DeinAdieu","description":"Lea Moliterni, collectrice de fonds pour la Croix-Rouge du canton de Zurich, nous a parl\u00e9 de la motivation des gens \u00e0 soutenir les organisations \u00e0 but non lucratif.","robots":{"index":"index","follow":"follow","max-snippet":"max-snippet:-1","max-image-preview":"max-image-preview:large","max-video-preview":"max-video-preview:-1"},"canonical":"https:\/\/www.deinadieu.ch\/fr\/lea-moliterni-les-testateurs-sont-conscients-de-la-fragilite-humaine\/","og_locale":"fr_FR","og_type":"article","og_title":"Lea Moliterni : \u00ab Les testateurs sont conscients de la fragilit\u00e9 humaine \u00bb","og_description":"Lea Moliterni, qui a \u00e9tudi\u00e9 l'histoire, travaille en qualit\u00e9 de collectrice de fonds pour la Croix-Rouge du canton de Zurich. Elle a expliqu\u00e9 \u00e0 DeinAdieu","og_url":"https:\/\/www.deinadieu.ch\/fr\/lea-moliterni-les-testateurs-sont-conscients-de-la-fragilite-humaine\/","og_site_name":"DeinAdieu.ch","article_publisher":"https:\/\/www.facebook.com\/deinadieu","article_published_time":"2020-07-23T14:41:16+00:00","article_modified_time":"2023-06-24T07:16:47+00:00","og_image":[{"width":1280,"height":720,"url":"https:\/\/static.deinadieu.ch\/uploads\/2020\/07\/BLOG_LeaMoliterni_Aufmacher.jpg","type":"image\/jpeg"}],"author":"Martin Schuppli, Autor","twitter_card":"summary_large_image","twitter_creator":"@DeinAdieu","twitter_site":"@DeinAdieu","twitter_misc":{"Written by":"Martin Schuppli, Autor","Est. reading time":"8 minutes"},"schema":{"@context":"https:\/\/schema.org","@graph":[{"@type":"Article","@id":"https:\/\/www.deinadieu.ch\/fr\/lea-moliterni-les-testateurs-sont-conscients-de-la-fragilite-humaine\/#article","isPartOf":{"@id":"https:\/\/www.deinadieu.ch\/fr\/lea-moliterni-les-testateurs-sont-conscients-de-la-fragilite-humaine\/"},"author":{"name":"Martin Schuppli, Autor","@id":"https:\/\/www.deinadieu.ch\/fr\/#\/schema\/person\/4c245752ed60edffba2d7fc2cdd4175b"},"headline":"Lea Moliterni : \u00ab Les testateurs sont conscients de la fragilit\u00e9 humaine \u00bb","datePublished":"2020-07-23T14:41:16+00:00","dateModified":"2023-06-24T07:16:47+00:00","mainEntityOfPage":{"@id":"https:\/\/www.deinadieu.ch\/fr\/lea-moliterni-les-testateurs-sont-conscients-de-la-fragilite-humaine\/"},"wordCount":1585,"commentCount":0,"publisher":{"@id":"https:\/\/www.deinadieu.ch\/fr\/#organization"},"image":{"@id":"https:\/\/www.deinadieu.ch\/fr\/lea-moliterni-les-testateurs-sont-conscients-de-la-fragilite-humaine\/#primaryimage"},"thumbnailUrl":"https:\/\/www.deinadieu.ch\/wp-content\/uploads\/2020\/07\/BLOG_LeaMoliterni_Aufmacher.jpg","keywords":["Faire un don","Legs","Pr\u00e9voyance","Quel effet mon h\u00e9ritage peut-il avoir ?","Testament"],"articleSection":["Don testamentaire"],"inLanguage":"fr-FR","potentialAction":[{"@type":"CommentAction","name":"Comment","target":["https:\/\/www.deinadieu.ch\/fr\/lea-moliterni-les-testateurs-sont-conscients-de-la-fragilite-humaine\/#respond"]}]},{"@type":"WebPage","@id":"https:\/\/www.deinadieu.ch\/fr\/lea-moliterni-les-testateurs-sont-conscients-de-la-fragilite-humaine\/","url":"https:\/\/www.deinadieu.ch\/fr\/lea-moliterni-les-testateurs-sont-conscients-de-la-fragilite-humaine\/","name":"Entretien avec Lea Moliterni de la Croix-Rouge | DeinAdieu","isPartOf":{"@id":"https:\/\/www.deinadieu.ch\/fr\/#website"},"primaryImageOfPage":{"@id":"https:\/\/www.deinadieu.ch\/fr\/lea-moliterni-les-testateurs-sont-conscients-de-la-fragilite-humaine\/#primaryimage"},"image":{"@id":"https:\/\/www.deinadieu.ch\/fr\/lea-moliterni-les-testateurs-sont-conscients-de-la-fragilite-humaine\/#primaryimage"},"thumbnailUrl":"https:\/\/www.deinadieu.ch\/wp-content\/uploads\/2020\/07\/BLOG_LeaMoliterni_Aufmacher.jpg","datePublished":"2020-07-23T14:41:16+00:00","dateModified":"2023-06-24T07:16:47+00:00","description":"Lea Moliterni, collectrice de fonds pour la Croix-Rouge du canton de Zurich, nous a parl\u00e9 de la motivation des gens \u00e0 soutenir les organisations \u00e0 but non lucratif.","breadcrumb":{"@id":"https:\/\/www.deinadieu.ch\/fr\/lea-moliterni-les-testateurs-sont-conscients-de-la-fragilite-humaine\/#breadcrumb"},"inLanguage":"fr-FR","potentialAction":[{"@type":"ReadAction","target":["https:\/\/www.deinadieu.ch\/fr\/lea-moliterni-les-testateurs-sont-conscients-de-la-fragilite-humaine\/"]}]},{"@type":"ImageObject","inLanguage":"fr-FR","@id":"https:\/\/www.deinadieu.ch\/fr\/lea-moliterni-les-testateurs-sont-conscients-de-la-fragilite-humaine\/#primaryimage","url":"https:\/\/www.deinadieu.ch\/wp-content\/uploads\/2020\/07\/BLOG_LeaMoliterni_Aufmacher.jpg","contentUrl":"https:\/\/www.deinadieu.ch\/wp-content\/uploads\/2020\/07\/BLOG_LeaMoliterni_Aufmacher.jpg","width":1280,"height":720,"caption":"Lea Moliterni en consultation. \u00ab Je suis une collectrice de fonds enthousiaste et je suis en contact r\u00e9gulier et \u00e9troit avec les m\u00e9c\u00e8nes, les donateurs ainsi que les fondations. \u00bb (Photo : Paolo Foschini)"},{"@type":"BreadcrumbList","@id":"https:\/\/www.deinadieu.ch\/fr\/lea-moliterni-les-testateurs-sont-conscients-de-la-fragilite-humaine\/#breadcrumb","itemListElement":[{"@type":"ListItem","position":1,"name":"Home","item":"https:\/\/www.deinadieu.ch\/fr\/deinadieu-dialog-und-serviceportal-zum-lebensende\/"},{"@type":"ListItem","position":2,"name":"Lea Moliterni : \u00ab Les testateurs sont conscients de la fragilit\u00e9 humaine \u00bb"}]},{"@type":"WebSite","@id":"https:\/\/www.deinadieu.ch\/fr\/#website","url":"https:\/\/www.deinadieu.ch\/fr\/","name":"DeinAdieu.ch","description":"Testament, Patientenverf\u00fcgung und Vorsorgeauftrag","publisher":{"@id":"https:\/\/www.deinadieu.ch\/fr\/#organization"},"potentialAction":[{"@type":"SearchAction","target":{"@type":"EntryPoint","urlTemplate":"https:\/\/www.deinadieu.ch\/fr\/?s={search_term_string}"},"query-input":{"@type":"PropertyValueSpecification","valueRequired":true,"valueName":"search_term_string"}}],"inLanguage":"fr-FR"},{"@type":"Organization","@id":"https:\/\/www.deinadieu.ch\/fr\/#organization","name":"EMNA Web GmbH","url":"https:\/\/www.deinadieu.ch\/fr\/","logo":{"@type":"ImageObject","inLanguage":"fr-FR","@id":"https:\/\/www.deinadieu.ch\/fr\/#\/schema\/logo\/image\/","url":"https:\/\/www.deinadieu.ch\/wp-content\/uploads\/2016\/01\/DeinAdieu_Logo.png","contentUrl":"https:\/\/www.deinadieu.ch\/wp-content\/uploads\/2016\/01\/DeinAdieu_Logo.png","width":300,"height":117,"caption":"EMNA Web GmbH"},"image":{"@id":"https:\/\/www.deinadieu.ch\/fr\/#\/schema\/logo\/image\/"},"sameAs":["https:\/\/www.facebook.com\/deinadieu","https:\/\/x.com\/DeinAdieu","https:\/\/www.instagram.com\/deinadieu\/","https:\/\/www.linkedin.com\/company\/deinadieu.ch"]},{"@type":"Person","@id":"https:\/\/www.deinadieu.ch\/fr\/#\/schema\/person\/4c245752ed60edffba2d7fc2cdd4175b","name":"Martin Schuppli, Autor","image":{"@type":"ImageObject","inLanguage":"fr-FR","@id":"https:\/\/secure.gravatar.com\/avatar\/8a166042ac43b389baedddb69454e2bf7f4363dc3d41f37039595cc8daa42c4c?s=96&d=mm&r=g","url":"https:\/\/secure.gravatar.com\/avatar\/8a166042ac43b389baedddb69454e2bf7f4363dc3d41f37039595cc8daa42c4c?s=96&d=mm&r=g","contentUrl":"https:\/\/secure.gravatar.com\/avatar\/8a166042ac43b389baedddb69454e2bf7f4363dc3d41f37039595cc8daa42c4c?s=96&d=mm&r=g","caption":"Martin Schuppli, Autor"},"description":"Martin Schuppli, *1955. Ich arbeitete w\u00e4hrend 30 Jahren als Journalist bei Ringier AG. 1982 begann ich als Produzent beim Blick, schrieb sp\u00e4ter f\u00fcr SonntagsBlick, Gesundheit-Sprechstunde und Schweizer Illustrierte. 2009 machte ich mich selbstst\u00e4ndig. Motto: \u00abIch schreibe mich durchs Leben.\u00bb Seit 2015 arbeitete ich zusammen mit Nicolas Gehrig, CEO und dem Team daran, das Webportal DeinAdieu aufzubauen. Hier kann ich schreiben. Und zwar \u00fcber das, was die Menschen am meisten interessiert. \u00dcber Menschen.","url":"https:\/\/www.deinadieu.ch\/fr\/author\/martin-schuppli\/"}]}},"_links":{"self":[{"href":"https:\/\/www.deinadieu.ch\/fr\/wp-json\/wp\/v2\/posts\/50145","targetHints":{"allow":["GET"]}}],"collection":[{"href":"https:\/\/www.deinadieu.ch\/fr\/wp-json\/wp\/v2\/posts"}],"about":[{"href":"https:\/\/www.deinadieu.ch\/fr\/wp-json\/wp\/v2\/types\/post"}],"author":[{"embeddable":true,"href":"https:\/\/www.deinadieu.ch\/fr\/wp-json\/wp\/v2\/users\/2379"}],"replies":[{"embeddable":true,"href":"https:\/\/www.deinadieu.ch\/fr\/wp-json\/wp\/v2\/comments?post=50145"}],"version-history":[{"count":10,"href":"https:\/\/www.deinadieu.ch\/fr\/wp-json\/wp\/v2\/posts\/50145\/revisions"}],"predecessor-version":[{"id":64661,"href":"https:\/\/www.deinadieu.ch\/fr\/wp-json\/wp\/v2\/posts\/50145\/revisions\/64661"}],"wp:featuredmedia":[{"embeddable":true,"href":"https:\/\/www.deinadieu.ch\/fr\/wp-json\/wp\/v2\/media\/23272"}],"wp:attachment":[{"href":"https:\/\/www.deinadieu.ch\/fr\/wp-json\/wp\/v2\/media?parent=50145"}],"wp:term":[{"taxonomy":"category","embeddable":true,"href":"https:\/\/www.deinadieu.ch\/fr\/wp-json\/wp\/v2\/categories?post=50145"},{"taxonomy":"post_tag","embeddable":true,"href":"https:\/\/www.deinadieu.ch\/fr\/wp-json\/wp\/v2\/tags?post=50145"}],"curies":[{"name":"wp","href":"https:\/\/api.w.org\/{rel}","templated":true}]}}