{"id":50042,"date":"2020-10-07T08:56:00","date_gmt":"2020-10-07T06:56:00","guid":{"rendered":"https:\/\/www.deinadieu.ch\/des-milliards-supplementaires-attendus-pour-les-ong-suisses-entretien-avec-le-dr-bruelhart-hec-lausanne\/"},"modified":"2022-06-18T13:24:07","modified_gmt":"2022-06-18T11:24:07","slug":"des-milliards-supplementaires-attendus-pour-les-ong-suisses-entretien-avec-le-dr-bruelhart-hec-lausanne","status":"publish","type":"post","link":"https:\/\/www.deinadieu.ch\/fr\/des-milliards-supplementaires-attendus-pour-les-ong-suisses-entretien-avec-le-dr-bruelhart-hec-lausanne\/","title":{"rendered":"Des milliards suppl\u00e9mentaires attendus pour les ONG suisses &#8211; Entretien avec le Dr. Br\u00fclhart (HEC Lausanne)"},"content":{"rendered":"\n<p>Dans l&#8217;entretien, le Dr. Br\u00fclhart de HEC Lausanne explique : \u00ab La masse successorale va continuer \u00e0 cro\u00eetre pendant les d\u00e9cennies \u00e0 venir \u00bb<\/p>\n\n<!--more-->\n\n<p><strong>Dr. Br\u00fclhart, en tant que professeur d&#8217;\u00e9conomie, vous faites de la recheche sur des sujets tels que la fiscalit\u00e9, le f\u00e9d\u00e9ralisme fiscal et l&#8217;\u00e9conomie g\u00e9ographique \u2013 quel est la place de l&#8217;h\u00e9ritage dans tout cela ?<\/strong><\/p>\n\n<p>Je suis arriv\u00e9 au th\u00e8me des successions par l&#8217;aspect fiscal. Lorsque les imp\u00f4ts cantonaux sur les successions ont \u00e9t\u00e9 progressivement supprim\u00e9s pour la plupart dans les ann\u00e9es 90 et 2000, la question s&#8217;est pos\u00e9e de savoir si les testateurs essayaient r\u00e9ellement autant d&#8217;\u00e9viter ces imp\u00f4ts comme le pr\u00e9tendaient les opposants \u00e0 l&#8217;imp\u00f4t sur les successions. C&#8217;est pourquoi j&#8217;ai commenc\u00e9 \u00e0 me pencher sur les donn\u00e9es concernant les h\u00e9ritages.<\/p>\n\n<p><strong>Depuis quand est-ce que les gens l\u00e8guent des biens ?<\/strong><\/p>\n\n<p>Depuis que les gens poss\u00e8dent des biens durables \u2013 machines, bijoux, animaux de ferme, etc. Depuis que nous sommes s\u00e9dentaires, la propri\u00e9t\u00e9 fonci\u00e8re est devenue la composante la plus importante de l&#8217;h\u00e9ritage.<\/p>\n\n<p><strong>Quelle \u00e9tait la fonction de l&#8217;h\u00e9ritage dans le pass\u00e9 ? Depuis quand est-ce que l&#8217;h\u00e9ritage en tant que protection sociale fait partie de notre soci\u00e9t\u00e9 ?<\/strong><\/p>\n\n<p>\u00c0 l&#8217;\u00e9poque f\u00e9odale, l&#8217;h\u00e9ritage servait \u00e0 cimenter le pouvoir dynastique. Il n&#8217;y a pas que les possessions mat\u00e9rielles qui \u00e9taient l\u00e9gu\u00e9es, tel \u00e9tait aussi le cas des titres de noblesse. Sous l&#8217;Ancien R\u00e9gime, l&#8217;h\u00e9ritage et le mariage \u00e9taient, \u00e0 quelques exceptions pr\u00e8s, les seules voies d&#8217;acc\u00e8s \u00e0 la richesse et au statut social.<\/p>\n\n<figure class=\"wp-block-image size-large is-resized\"><img loading=\"lazy\" decoding=\"async\" src=\"https:\/\/www.deinadieu.ch\/wp-content\/uploads\/2020\/09\/bru&#x308;lhartwordpress-e1613046030694.png\" alt=\"\" class=\"wp-image-25319\" width=\"1920\" height=\"1080\"\/><figcaption>Le Dr. Marius Br\u00fclhart est professeur ordinaire d&#8217;\u00e9conomie \u00e0 la facult\u00e9 des HEC de l&#8217;Universit\u00e9 de Lausanne. Ses recherches sont \u00e0 la fois acad\u00e9miques et appliqu\u00e9es et se concentrent principalement sur l&#8217;\u00e9conomie publique, l&#8217;\u00e9conomie r\u00e9gionale et urbaine et le commerce international.<\/figcaption><\/figure>\n\n<p><strong>Selon votre estimation, environ 95 milliards de francs ont \u00e9t\u00e9 l\u00e9gu\u00e9s en Suisse cette ann\u00e9e (2020) \u2013 est-ce plus que jamais auparavant ?<\/strong><\/p>\n\n<p>Depuis au moins 1910, c&#8217;est un record absolu. Nos donn\u00e9es ne remontent pas plus loin.<\/p>\n\n<p><strong>Cela signifie que la masse successorala cro\u00eet plus rapidement que le revenu national \u2013 comment cela doit-il \u00eatre interpr\u00e9t\u00e9 ?<\/strong><\/p>\n\n<p>Cela est principalement d\u00fb au fait que la fortune priv\u00e9e cro\u00eet globalement plus rapidement que le revenu du travail. En outre, gr\u00e2ce \u00e0 de bonnes rentes de vieillesse, la plupart des gens utilisent de moins en moins leur fortune vers la fin de leur vie.<\/p>\n\n<p><strong>Ce volume continue d&#8217;augmenter. Jusqu&#8217;\u00e0 quand ?<\/strong><\/p>\n\n<p>Je n&#8217;ai pas de boule de cristal. Mais la tendance selon laquelle la valeur du capital augmente plus rapidement que les salaires devrait \u00eatre aliment\u00e9e encore davantage par la num\u00e9risation.<\/p>\n\n<p><strong>Pensez-vous que les personnes \u00e2g\u00e9es de 50 ans aujourd&#8217;hui auront en moyenne moins de fortune au moment de leur d\u00e9c\u00e8s que les personnes qui ont actuellement 85 ans ?<\/strong><\/p>\n\n<p>Non, au contraire. \u00c0 moins que, dans les ann\u00e9es et d\u00e9cennies \u00e0 venir, il ne devienne beaucoup plus courant de faire don de ses biens de son vivant.<\/p>\n\n<p><strong>En raison du syst\u00e8me de s\u00e9curit\u00e9 sociale actuel, l&#8217;h\u00e9ritage n&#8217;a plus la m\u00eame fonction qu&#8217;auparavant en Suisse \u2013 \u00eates-vous d&#8217;accord ?<\/strong><\/p>\n\n<p>Partiellement. Pour beaucoup de gens, les h\u00e9ritages arrivent trop tard pour avoir un impact significatif sur leur entr\u00e9e dans la vie professionnelle et les principaux risques \u00e9conomiques du cycle de vie sont couverts par les assurances sociales. Mais, pour l&#8217;acc\u00e8s \u00e0 la propri\u00e9t\u00e9 du logement, les h\u00e9ritages et les dons peuvent devenir plus importants.<\/p>\n\n<p><strong>Selon vos calculs, seuls 5% des h\u00e9ritages profitent encore aux personnes de moins de 40 ans. \u00c0 qui est destin\u00e9 l&#8217;h\u00e9ritage aujourd&#8217;hui ?<\/strong><\/p>\n\n<p>L&#8217;\u00e2ge moyen des h\u00e9ritiers se situe aujourd&#8217;hui entre 60 et 65 ans et la tendance est \u00e0 la hausse. Il s&#8217;agit en fait d&#8217;une \u00e9volution tr\u00e8s positive car elle refl\u00e8te l&#8217;augmentation de l&#8217;esp\u00e9rance de vie.<\/p>\n\n<p><strong>Aujourd&#8217;hui, environ 2\/3 des personnes meurent sans avoir r\u00e9dig\u00e9 un testament. D&#8217;un point de vue \u00e9conomique, serait-il souhaitable que les gens r\u00e9digent davantage de testaments et r\u00e9partissent ainsi leurs actifs de mani\u00e8re plus proactive ?<\/strong><\/p>\n\n<p>En \u00e9conomie, on part du principe que les gens agissent de mani\u00e8re rationnelle. Par cons\u00e9quent, s&#8217;ils ne font pas de testament, cela signifie qu&#8217;ils sont satisfaits des parts successorales pr\u00e9vues par la loi. Cependant, cela exige que les gens soient bien inform\u00e9s et qu&#8217;ils orientent consciemment leur comportement. Renseigner les gens sur les dispositions l\u00e9gales et leurs options personnelles est donc \u00e9galement une activit\u00e9 pr\u00e9cieuse d&#8217;un point de vue \u00e9conomique.<\/p>\n\n\n        <div class=\"relative shadow-lg -mx-12 mb-4 overflow-hidden\" style=\"background-image: url('https:\/\/www.deinadieu.ch\/wp-content\/themes\/da-v4\/assets\/v4\/banner\/testament.jpg'); background-size: cover; background-position: center\">\n            <div class=\"banner-white-box md:w-3\/5 text-black -ml-16 pl-16\" style=\"background-color: rgba(255,255,255,0.75)\">\n                <div class=\"inner\">\n                    <div class=\"text-2xl p-12\"><strong>Vous n'avez pas encore r\u00e9dig\u00e9 de testament ?<\/strong> G\u00e9n\u00e9rez d\u00e8s maintenant un mod\u00e8le PDF gratuit pour<\/div>\n                    <div class=\"px-12 md:mr-16\">\n                        <a href=\"https:\/\/app.deinadieu.ch\/testament\" target=\"_blank\" class=\"btn btn-da btn-small btn-block\">moi<\/a>\n                        <a href=\"https:\/\/app.deinadieu.ch\/testament\" target=\"_blank\" class=\"mt-4 btn btn-da btn-small btn-block\">une autre personne<\/a>\n                    <\/div>\n                    <div class=\"px-12 py-8\">\n                        <img decoding=\"async\" src=\"https:\/\/www.deinadieu.ch\/wp-content\/themes\/da-v4\/assets\/v4\/deinadieu_logo_dark.svg\" class=\"h-12\">\n                    <\/div>\n                <\/div>\n            <\/div>\n        <\/div>\n        \n\n<p><strong>La quotit\u00e9 disponible augmentera avec la nouvelle r\u00e9vision du droit des successions \u2013 quelle quantit\u00e9 d&#8217;argent suppl\u00e9mentaire sera alors disponible chaque ann\u00e9e?<\/strong><\/p>\n\n<p>Je ne peux pas le chiffrer. Cela n\u00e9cessiterait des donn\u00e9es d\u00e9taill\u00e9es sur la r\u00e9partition des successions entre les diff\u00e9rentes cat\u00e9gories d&#8217;h\u00e9ritiers. Il n&#8217;existe pas de telles donn\u00e9es en Suisse.<\/p>\n\n<p><strong>Qu&#8217;attendez-vous de la r\u00e9partition des masses successorales qui seront nouvellement lib\u00e9r\u00e9es ?<\/strong><\/p>\n\n<p>La part de la masse successorale totale revenant au conjoint et aux descendants directs devrait diminuer l\u00e9g\u00e8rement. C&#8217;est d&#8217;ailleurs l&#8217;id\u00e9e de la r\u00e9vision : on veut donner aux testeurs la possibilit\u00e9 de prendre davantage en consid\u00e9ration les personnes et les organisations ext\u00e9rieures \u00e0 leur famille nucl\u00e9aire.<\/p>\n\n<p><strong>Que pensez-vous qu&#8217;il faille faire de cet argent ?<\/strong><\/p>\n\n<p>Cela d\u00e9pend de chaque testateur. Je pr\u00e9conise toutefois de r\u00e9duire autant que possible la r\u00e9serve h\u00e9r\u00e9ditaire des descendants directs. La r\u00e9vision actuelle va d&#8217;ailleurs dans la bonne direction. Les enfants de parents fortun\u00e9s b\u00e9n\u00e9ficient d\u00e9j\u00e0 de cet avantage du vivant de ces derniers et le spectre des b\u00e9n\u00e9ficiaires pourrait donc \u00eatre un peu \u00e9largi au moment de l&#8217;h\u00e9ritage.<\/p>\n\n<p><strong>En Suisse, relativement peu d&#8217;argent est l\u00e9gu\u00e9 aux ONG (la ZEWO estime 3 pour mille) \u2013 alors que dans d&#8217;autres pays tel n&#8217;est pas le cas (6% au Royaume-Uni) \u2013 comment expliquez-vous cela ?<\/strong><\/p>\n\n<p>Cela est principalement d\u00fb aux imp\u00f4ts. Lorsque les imp\u00f4ts sur les successions sont \u00e9lev\u00e9s, les transmissions exon\u00e9r\u00e9es d&#8217;imp\u00f4t \u00e0 des oeuvres de bienfaisance deviennent plus attractives. En outre, des r\u00e9serves h\u00e9r\u00e9ditaires \u00e9lev\u00e9es laissent moins de marge manoeuvre pour des legs \u00e0 des ONG et \u00e0 d&#8217;autres b\u00e9n\u00e9ficiaires ext\u00e9rieurs \u00e0 la famille.<\/p>\n\n<p><strong>Que faudrait-il faire pour augmenter cette part en faveur des ONG \u00e0 l&#8217;avenir ?<\/strong><\/p>\n\n<p>Les legs aux oeuvres de bienfaisance augmenteraient si les imp\u00f4ts sur les successions \u00e9taient augment\u00e9s et\/ou si les r\u00e9serves h\u00e9r\u00e9ditaires \u00e9taient r\u00e9duites.<\/p>\n\n<p><strong>Que pensez-vous des efforts de DeinAdieu.ch pour aider les oeuvres d&#8217;entraide \u00e0 g\u00e9n\u00e9rer davantage de recettes gr\u00e2ce aux h\u00e9ritages et aux legs ?<\/strong><\/p>\n\n<p>Je pense que ces efforts m\u00e9ritent d\u2019\u00eatre soutenus.<\/p>\n\n<p><strong>Merci beaucoup pour cet entretien passionnant, Dr. Br\u00fclhart. <\/strong><\/p>\n\n<div class=\"wp-block-jetpack-contact-info\">\n\n\n\n<\/div>\n\n        <div class=\"da-servicebox relative bg-gray-200 p-4 pt-8 border-solid border-t-8 border-da-dark mb-6\">\n            <i class=\"fas fa-info-circle mx-auto fa-7x text-da-dark\"><\/i>\n            <span style=\"hyphens: auto\">\n                <\/p>\n\n<p class=\"has-text-align-center\"><strong>Dr. Marius Br\u00fclhart<\/strong><\/p>\n\n<p>Le Dr. Br\u00fclhart est professeur \u00e0 la Facult\u00e9 d&#8217;\u00e9conomie de HEC Lausanne, \u00e0 l&#8217;Universit\u00e9 de Lausanne.<\/p>\n\n<p>Avant d&#8217;entamer sa carri\u00e8re en 2002, il a \u00e9t\u00e9 professeur assistant \u00e0 HEC Lausanne, charg\u00e9 de cours \u00e0 l&#8217;Universit\u00e9 de Manchester (Royaume-Uni) et temporairement charg\u00e9 de cours au Trinity College de Dublin.<\/p>\n\n<p>Le Dr. Br\u00fclhart est titulaire d&#8217;un doctorat en \u00e9conomie du Trinity College de Dublin (1996) et d&#8217;un bachelor en \u00e9conomie de l&#8217;Universit\u00e9 de Fribourg (1991).<\/p>\n\n<p>Il a conseill\u00e9 un certain nombre de d\u00e9cideurs politiques, notamment la Banque mondiale, la Commission europ\u00e9enne, l&#8217;OCDE et diverses administrations suisses (Conf\u00e9d\u00e9ration et cantons). Dans les ann\u00e9es 1991-1992, le Dr. Br\u00fclhart a travaill\u00e9 en qualit\u00e9 d&#8217;\u00e9conomiste chez UBS \u00e0 Zurich.<\/p>\n\n<p><a href=\"https:\/\/people.unil.ch\/mariusbrulhart\">Voir le profil<\/a> du Dr. Br\u00fclhart \u00e0 l&#8217;Universit\u00e9 de Lausanne.<\/p>\n<p>\n                \n                \n            <\/span>\n        <\/div>\n        \n","protected":false},"excerpt":{"rendered":"<p>Dans l&#8217;entretien, le Dr. Br\u00fclhart de HEC Lausanne explique : \u00ab La masse successorale va continuer \u00e0 cro\u00eetre pendant les d\u00e9cennies \u00e0 venir \u00bb<\/p>\n","protected":false},"author":4,"featured_media":24350,"comment_status":"open","ping_status":"closed","sticky":false,"template":"","format":"standard","meta":{"_acf_changed":false,"footnotes":""},"categories":[2450],"tags":[2105,2195,2487,2193,2383],"class_list":["post-50042","post","type-post","status-publish","format-standard","has-post-thumbnail","hentry","category-oeuvres-caritatives","tag-heritage","tag-impot-sur-la-succession","tag-legs-fr","tag-quote-part-disponible","tag-succession"],"acf":[],"yoast_head":"<title>Des milliards suppl\u00e9mentaires en h\u00e9ritage pour les ONG suisses - Entretien avec le Dr. Br\u00fchlhart<\/title>\n<meta name=\"description\" content=\"Dans l&#039;entretien, le Dr. Br\u00fclhart de HEC Lausanne explique : \u00ab La masse successorale va continuer \u00e0 cro\u00eetre pendant les d\u00e9cennies \u00e0 venir \u00bb\" \/>\n<meta name=\"robots\" content=\"index, follow, max-snippet:-1, max-image-preview:large, max-video-preview:-1\" \/>\n<link rel=\"canonical\" href=\"https:\/\/www.deinadieu.ch\/fr\/des-milliards-supplementaires-attendus-pour-les-ong-suisses-entretien-avec-le-dr-bruelhart-hec-lausanne\/\" \/>\n<meta property=\"og:locale\" content=\"fr_FR\" \/>\n<meta property=\"og:type\" content=\"article\" \/>\n<meta property=\"og:title\" content=\"Des milliards suppl\u00e9mentaires attendus pour les ONG suisses - Entretien avec le Dr. Br\u00fclhart (HEC Lausanne)\" \/>\n<meta property=\"og:description\" content=\"Dans l&#039;entretien, le Dr. Br\u00fclhart de HEC Lausanne explique : \u00ab La masse successorale va continuer \u00e0 cro\u00eetre pendant les d\u00e9cennies \u00e0 venir \u00bb Dr. Br\u00fclhart,\" \/>\n<meta property=\"og:url\" content=\"https:\/\/www.deinadieu.ch\/fr\/des-milliards-supplementaires-attendus-pour-les-ong-suisses-entretien-avec-le-dr-bruelhart-hec-lausanne\/\" \/>\n<meta property=\"og:site_name\" content=\"DeinAdieu.ch\" \/>\n<meta property=\"article:publisher\" content=\"https:\/\/www.facebook.com\/deinadieu\" \/>\n<meta property=\"article:published_time\" content=\"2020-10-07T06:56:00+00:00\" \/>\n<meta property=\"article:modified_time\" content=\"2022-06-18T11:24:07+00:00\" \/>\n<meta property=\"og:image\" content=\"https:\/\/static.deinadieu.ch\/uploads\/2020\/09\/Marius-Bru\u0308lhart.jpg\" \/>\n\t<meta property=\"og:image:width\" content=\"1330\" \/>\n\t<meta property=\"og:image:height\" content=\"719\" \/>\n\t<meta property=\"og:image:type\" content=\"image\/jpeg\" \/>\n<meta name=\"author\" content=\"Nicolas Gehrig, Gesch\u00e4ftsf\u00fchrer DeinAdieu.ch\" \/>\n<meta name=\"twitter:card\" content=\"summary_large_image\" \/>\n<meta name=\"twitter:creator\" content=\"@DeinAdieu\" \/>\n<meta name=\"twitter:site\" content=\"@DeinAdieu\" \/>\n<meta name=\"twitter:label1\" content=\"Written by\" \/>\n\t<meta name=\"twitter:data1\" content=\"Nicolas Gehrig, Gesch\u00e4ftsf\u00fchrer DeinAdieu.ch\" \/>\n\t<meta name=\"twitter:label2\" content=\"Est. reading time\" \/>\n\t<meta name=\"twitter:data2\" content=\"6 minutes\" \/>\n<script type=\"application\/ld+json\" class=\"yoast-schema-graph\">{\"@context\":\"https:\\\/\\\/schema.org\",\"@graph\":[{\"@type\":\"Article\",\"@id\":\"https:\\\/\\\/www.deinadieu.ch\\\/fr\\\/des-milliards-supplementaires-attendus-pour-les-ong-suisses-entretien-avec-le-dr-bruelhart-hec-lausanne\\\/#article\",\"isPartOf\":{\"@id\":\"https:\\\/\\\/www.deinadieu.ch\\\/fr\\\/des-milliards-supplementaires-attendus-pour-les-ong-suisses-entretien-avec-le-dr-bruelhart-hec-lausanne\\\/\"},\"author\":{\"name\":\"Nicolas Gehrig, Gesch\u00e4ftsf\u00fchrer DeinAdieu.ch\",\"@id\":\"https:\\\/\\\/www.deinadieu.ch\\\/fr\\\/#\\\/schema\\\/person\\\/12384d50d70b1ee7580d49a4327f4320\"},\"headline\":\"Des milliards suppl\u00e9mentaires attendus pour les ONG suisses &#8211; Entretien avec le Dr. Br\u00fclhart (HEC Lausanne)\",\"datePublished\":\"2020-10-07T06:56:00+00:00\",\"dateModified\":\"2022-06-18T11:24:07+00:00\",\"mainEntityOfPage\":{\"@id\":\"https:\\\/\\\/www.deinadieu.ch\\\/fr\\\/des-milliards-supplementaires-attendus-pour-les-ong-suisses-entretien-avec-le-dr-bruelhart-hec-lausanne\\\/\"},\"wordCount\":1369,\"commentCount\":0,\"publisher\":{\"@id\":\"https:\\\/\\\/www.deinadieu.ch\\\/fr\\\/#organization\"},\"image\":{\"@id\":\"https:\\\/\\\/www.deinadieu.ch\\\/fr\\\/des-milliards-supplementaires-attendus-pour-les-ong-suisses-entretien-avec-le-dr-bruelhart-hec-lausanne\\\/#primaryimage\"},\"thumbnailUrl\":\"https:\\\/\\\/www.deinadieu.ch\\\/wp-content\\\/uploads\\\/2020\\\/09\\\/Marius-Bru\u0308lhart.jpg\",\"keywords\":[\"H\u00e9ritage\",\"Imp\u00f4t sur la succession\",\"Legs\",\"quote-part disponible\",\"Succession\"],\"articleSection\":[\"\u0152uvres caritatives en point de mire\"],\"inLanguage\":\"fr-FR\",\"potentialAction\":[{\"@type\":\"CommentAction\",\"name\":\"Comment\",\"target\":[\"https:\\\/\\\/www.deinadieu.ch\\\/fr\\\/des-milliards-supplementaires-attendus-pour-les-ong-suisses-entretien-avec-le-dr-bruelhart-hec-lausanne\\\/#respond\"]}]},{\"@type\":\"WebPage\",\"@id\":\"https:\\\/\\\/www.deinadieu.ch\\\/fr\\\/des-milliards-supplementaires-attendus-pour-les-ong-suisses-entretien-avec-le-dr-bruelhart-hec-lausanne\\\/\",\"url\":\"https:\\\/\\\/www.deinadieu.ch\\\/fr\\\/des-milliards-supplementaires-attendus-pour-les-ong-suisses-entretien-avec-le-dr-bruelhart-hec-lausanne\\\/\",\"name\":\"Des milliards suppl\u00e9mentaires en h\u00e9ritage pour les ONG suisses - Entretien avec le Dr. Br\u00fchlhart\",\"isPartOf\":{\"@id\":\"https:\\\/\\\/www.deinadieu.ch\\\/fr\\\/#website\"},\"primaryImageOfPage\":{\"@id\":\"https:\\\/\\\/www.deinadieu.ch\\\/fr\\\/des-milliards-supplementaires-attendus-pour-les-ong-suisses-entretien-avec-le-dr-bruelhart-hec-lausanne\\\/#primaryimage\"},\"image\":{\"@id\":\"https:\\\/\\\/www.deinadieu.ch\\\/fr\\\/des-milliards-supplementaires-attendus-pour-les-ong-suisses-entretien-avec-le-dr-bruelhart-hec-lausanne\\\/#primaryimage\"},\"thumbnailUrl\":\"https:\\\/\\\/www.deinadieu.ch\\\/wp-content\\\/uploads\\\/2020\\\/09\\\/Marius-Bru\u0308lhart.jpg\",\"datePublished\":\"2020-10-07T06:56:00+00:00\",\"dateModified\":\"2022-06-18T11:24:07+00:00\",\"description\":\"Dans l'entretien, le Dr. Br\u00fclhart de HEC Lausanne explique : \u00ab La masse successorale va continuer \u00e0 cro\u00eetre pendant les d\u00e9cennies \u00e0 venir \u00bb\",\"breadcrumb\":{\"@id\":\"https:\\\/\\\/www.deinadieu.ch\\\/fr\\\/des-milliards-supplementaires-attendus-pour-les-ong-suisses-entretien-avec-le-dr-bruelhart-hec-lausanne\\\/#breadcrumb\"},\"inLanguage\":\"fr-FR\",\"potentialAction\":[{\"@type\":\"ReadAction\",\"target\":[\"https:\\\/\\\/www.deinadieu.ch\\\/fr\\\/des-milliards-supplementaires-attendus-pour-les-ong-suisses-entretien-avec-le-dr-bruelhart-hec-lausanne\\\/\"]}]},{\"@type\":\"ImageObject\",\"inLanguage\":\"fr-FR\",\"@id\":\"https:\\\/\\\/www.deinadieu.ch\\\/fr\\\/des-milliards-supplementaires-attendus-pour-les-ong-suisses-entretien-avec-le-dr-bruelhart-hec-lausanne\\\/#primaryimage\",\"url\":\"https:\\\/\\\/www.deinadieu.ch\\\/wp-content\\\/uploads\\\/2020\\\/09\\\/Marius-Bru\u0308lhart.jpg\",\"contentUrl\":\"https:\\\/\\\/www.deinadieu.ch\\\/wp-content\\\/uploads\\\/2020\\\/09\\\/Marius-Bru\u0308lhart.jpg\",\"width\":1330,\"height\":719,\"caption\":\"Dr. Marius Br\u00fclhart (Photo : Nicolas Righetti)\"},{\"@type\":\"BreadcrumbList\",\"@id\":\"https:\\\/\\\/www.deinadieu.ch\\\/fr\\\/des-milliards-supplementaires-attendus-pour-les-ong-suisses-entretien-avec-le-dr-bruelhart-hec-lausanne\\\/#breadcrumb\",\"itemListElement\":[{\"@type\":\"ListItem\",\"position\":1,\"name\":\"Home\",\"item\":\"https:\\\/\\\/www.deinadieu.ch\\\/fr\\\/deinadieu-dialog-und-serviceportal-zum-lebensende\\\/\"},{\"@type\":\"ListItem\",\"position\":2,\"name\":\"Des milliards suppl\u00e9mentaires attendus pour les ONG suisses &#8211; Entretien avec le Dr. Br\u00fclhart (HEC Lausanne)\"}]},{\"@type\":\"WebSite\",\"@id\":\"https:\\\/\\\/www.deinadieu.ch\\\/fr\\\/#website\",\"url\":\"https:\\\/\\\/www.deinadieu.ch\\\/fr\\\/\",\"name\":\"DeinAdieu.ch\",\"description\":\"Testament, Patientenverf\u00fcgung und Vorsorgeauftrag\",\"publisher\":{\"@id\":\"https:\\\/\\\/www.deinadieu.ch\\\/fr\\\/#organization\"},\"potentialAction\":[{\"@type\":\"SearchAction\",\"target\":{\"@type\":\"EntryPoint\",\"urlTemplate\":\"https:\\\/\\\/www.deinadieu.ch\\\/fr\\\/?s={search_term_string}\"},\"query-input\":{\"@type\":\"PropertyValueSpecification\",\"valueRequired\":true,\"valueName\":\"search_term_string\"}}],\"inLanguage\":\"fr-FR\"},{\"@type\":\"Organization\",\"@id\":\"https:\\\/\\\/www.deinadieu.ch\\\/fr\\\/#organization\",\"name\":\"EMNA Web GmbH\",\"url\":\"https:\\\/\\\/www.deinadieu.ch\\\/fr\\\/\",\"logo\":{\"@type\":\"ImageObject\",\"inLanguage\":\"fr-FR\",\"@id\":\"https:\\\/\\\/www.deinadieu.ch\\\/fr\\\/#\\\/schema\\\/logo\\\/image\\\/\",\"url\":\"https:\\\/\\\/www.deinadieu.ch\\\/wp-content\\\/uploads\\\/2016\\\/01\\\/DeinAdieu_Logo.png\",\"contentUrl\":\"https:\\\/\\\/www.deinadieu.ch\\\/wp-content\\\/uploads\\\/2016\\\/01\\\/DeinAdieu_Logo.png\",\"width\":300,\"height\":117,\"caption\":\"EMNA Web GmbH\"},\"image\":{\"@id\":\"https:\\\/\\\/www.deinadieu.ch\\\/fr\\\/#\\\/schema\\\/logo\\\/image\\\/\"},\"sameAs\":[\"https:\\\/\\\/www.facebook.com\\\/deinadieu\",\"https:\\\/\\\/x.com\\\/DeinAdieu\",\"https:\\\/\\\/www.instagram.com\\\/deinadieu\\\/\",\"https:\\\/\\\/www.linkedin.com\\\/company\\\/deinadieu.ch\"]},{\"@type\":\"Person\",\"@id\":\"https:\\\/\\\/www.deinadieu.ch\\\/fr\\\/#\\\/schema\\\/person\\\/12384d50d70b1ee7580d49a4327f4320\",\"name\":\"Nicolas Gehrig, Gesch\u00e4ftsf\u00fchrer DeinAdieu.ch\",\"image\":{\"@type\":\"ImageObject\",\"inLanguage\":\"fr-FR\",\"@id\":\"https:\\\/\\\/secure.gravatar.com\\\/avatar\\\/ec8d8b765ab45808afc65517603da6c5851f2778460d1389a0ea1b55ebe1c9b8?s=96&d=mm&r=g\",\"url\":\"https:\\\/\\\/secure.gravatar.com\\\/avatar\\\/ec8d8b765ab45808afc65517603da6c5851f2778460d1389a0ea1b55ebe1c9b8?s=96&d=mm&r=g\",\"contentUrl\":\"https:\\\/\\\/secure.gravatar.com\\\/avatar\\\/ec8d8b765ab45808afc65517603da6c5851f2778460d1389a0ea1b55ebe1c9b8?s=96&d=mm&r=g\",\"caption\":\"Nicolas Gehrig, Gesch\u00e4ftsf\u00fchrer DeinAdieu.ch\"},\"description\":\"Gesch\u00e4ftsf\u00fchrer DeinAdieu.ch\",\"url\":\"https:\\\/\\\/www.deinadieu.ch\\\/fr\\\/author\\\/nicolas\\\/\"}]}<\/script>","yoast_head_json":{"title":"Des milliards suppl\u00e9mentaires en h\u00e9ritage pour les ONG suisses - Entretien avec le Dr. Br\u00fchlhart","description":"Dans l'entretien, le Dr. Br\u00fclhart de HEC Lausanne explique : \u00ab La masse successorale va continuer \u00e0 cro\u00eetre pendant les d\u00e9cennies \u00e0 venir \u00bb","robots":{"index":"index","follow":"follow","max-snippet":"max-snippet:-1","max-image-preview":"max-image-preview:large","max-video-preview":"max-video-preview:-1"},"canonical":"https:\/\/www.deinadieu.ch\/fr\/des-milliards-supplementaires-attendus-pour-les-ong-suisses-entretien-avec-le-dr-bruelhart-hec-lausanne\/","og_locale":"fr_FR","og_type":"article","og_title":"Des milliards suppl\u00e9mentaires attendus pour les ONG suisses - Entretien avec le Dr. Br\u00fclhart (HEC Lausanne)","og_description":"Dans l'entretien, le Dr. Br\u00fclhart de HEC Lausanne explique : \u00ab La masse successorale va continuer \u00e0 cro\u00eetre pendant les d\u00e9cennies \u00e0 venir \u00bb Dr. Br\u00fclhart,","og_url":"https:\/\/www.deinadieu.ch\/fr\/des-milliards-supplementaires-attendus-pour-les-ong-suisses-entretien-avec-le-dr-bruelhart-hec-lausanne\/","og_site_name":"DeinAdieu.ch","article_publisher":"https:\/\/www.facebook.com\/deinadieu","article_published_time":"2020-10-07T06:56:00+00:00","article_modified_time":"2022-06-18T11:24:07+00:00","og_image":[{"width":1330,"height":719,"url":"https:\/\/static.deinadieu.ch\/uploads\/2020\/09\/Marius-Bru\u0308lhart.jpg","type":"image\/jpeg"}],"author":"Nicolas Gehrig, Gesch\u00e4ftsf\u00fchrer DeinAdieu.ch","twitter_card":"summary_large_image","twitter_creator":"@DeinAdieu","twitter_site":"@DeinAdieu","twitter_misc":{"Written by":"Nicolas Gehrig, Gesch\u00e4ftsf\u00fchrer DeinAdieu.ch","Est. reading time":"6 minutes"},"schema":{"@context":"https:\/\/schema.org","@graph":[{"@type":"Article","@id":"https:\/\/www.deinadieu.ch\/fr\/des-milliards-supplementaires-attendus-pour-les-ong-suisses-entretien-avec-le-dr-bruelhart-hec-lausanne\/#article","isPartOf":{"@id":"https:\/\/www.deinadieu.ch\/fr\/des-milliards-supplementaires-attendus-pour-les-ong-suisses-entretien-avec-le-dr-bruelhart-hec-lausanne\/"},"author":{"name":"Nicolas Gehrig, Gesch\u00e4ftsf\u00fchrer DeinAdieu.ch","@id":"https:\/\/www.deinadieu.ch\/fr\/#\/schema\/person\/12384d50d70b1ee7580d49a4327f4320"},"headline":"Des milliards suppl\u00e9mentaires attendus pour les ONG suisses &#8211; Entretien avec le Dr. Br\u00fclhart (HEC Lausanne)","datePublished":"2020-10-07T06:56:00+00:00","dateModified":"2022-06-18T11:24:07+00:00","mainEntityOfPage":{"@id":"https:\/\/www.deinadieu.ch\/fr\/des-milliards-supplementaires-attendus-pour-les-ong-suisses-entretien-avec-le-dr-bruelhart-hec-lausanne\/"},"wordCount":1369,"commentCount":0,"publisher":{"@id":"https:\/\/www.deinadieu.ch\/fr\/#organization"},"image":{"@id":"https:\/\/www.deinadieu.ch\/fr\/des-milliards-supplementaires-attendus-pour-les-ong-suisses-entretien-avec-le-dr-bruelhart-hec-lausanne\/#primaryimage"},"thumbnailUrl":"https:\/\/www.deinadieu.ch\/wp-content\/uploads\/2020\/09\/Marius-Bru\u0308lhart.jpg","keywords":["H\u00e9ritage","Imp\u00f4t sur la succession","Legs","quote-part disponible","Succession"],"articleSection":["\u0152uvres caritatives en point de mire"],"inLanguage":"fr-FR","potentialAction":[{"@type":"CommentAction","name":"Comment","target":["https:\/\/www.deinadieu.ch\/fr\/des-milliards-supplementaires-attendus-pour-les-ong-suisses-entretien-avec-le-dr-bruelhart-hec-lausanne\/#respond"]}]},{"@type":"WebPage","@id":"https:\/\/www.deinadieu.ch\/fr\/des-milliards-supplementaires-attendus-pour-les-ong-suisses-entretien-avec-le-dr-bruelhart-hec-lausanne\/","url":"https:\/\/www.deinadieu.ch\/fr\/des-milliards-supplementaires-attendus-pour-les-ong-suisses-entretien-avec-le-dr-bruelhart-hec-lausanne\/","name":"Des milliards suppl\u00e9mentaires en h\u00e9ritage pour les ONG suisses - Entretien avec le Dr. Br\u00fchlhart","isPartOf":{"@id":"https:\/\/www.deinadieu.ch\/fr\/#website"},"primaryImageOfPage":{"@id":"https:\/\/www.deinadieu.ch\/fr\/des-milliards-supplementaires-attendus-pour-les-ong-suisses-entretien-avec-le-dr-bruelhart-hec-lausanne\/#primaryimage"},"image":{"@id":"https:\/\/www.deinadieu.ch\/fr\/des-milliards-supplementaires-attendus-pour-les-ong-suisses-entretien-avec-le-dr-bruelhart-hec-lausanne\/#primaryimage"},"thumbnailUrl":"https:\/\/www.deinadieu.ch\/wp-content\/uploads\/2020\/09\/Marius-Bru\u0308lhart.jpg","datePublished":"2020-10-07T06:56:00+00:00","dateModified":"2022-06-18T11:24:07+00:00","description":"Dans l'entretien, le Dr. Br\u00fclhart de HEC Lausanne explique : \u00ab La masse successorale va continuer \u00e0 cro\u00eetre pendant les d\u00e9cennies \u00e0 venir \u00bb","breadcrumb":{"@id":"https:\/\/www.deinadieu.ch\/fr\/des-milliards-supplementaires-attendus-pour-les-ong-suisses-entretien-avec-le-dr-bruelhart-hec-lausanne\/#breadcrumb"},"inLanguage":"fr-FR","potentialAction":[{"@type":"ReadAction","target":["https:\/\/www.deinadieu.ch\/fr\/des-milliards-supplementaires-attendus-pour-les-ong-suisses-entretien-avec-le-dr-bruelhart-hec-lausanne\/"]}]},{"@type":"ImageObject","inLanguage":"fr-FR","@id":"https:\/\/www.deinadieu.ch\/fr\/des-milliards-supplementaires-attendus-pour-les-ong-suisses-entretien-avec-le-dr-bruelhart-hec-lausanne\/#primaryimage","url":"https:\/\/www.deinadieu.ch\/wp-content\/uploads\/2020\/09\/Marius-Bru\u0308lhart.jpg","contentUrl":"https:\/\/www.deinadieu.ch\/wp-content\/uploads\/2020\/09\/Marius-Bru\u0308lhart.jpg","width":1330,"height":719,"caption":"Dr. Marius Br\u00fclhart (Photo : Nicolas Righetti)"},{"@type":"BreadcrumbList","@id":"https:\/\/www.deinadieu.ch\/fr\/des-milliards-supplementaires-attendus-pour-les-ong-suisses-entretien-avec-le-dr-bruelhart-hec-lausanne\/#breadcrumb","itemListElement":[{"@type":"ListItem","position":1,"name":"Home","item":"https:\/\/www.deinadieu.ch\/fr\/deinadieu-dialog-und-serviceportal-zum-lebensende\/"},{"@type":"ListItem","position":2,"name":"Des milliards suppl\u00e9mentaires attendus pour les ONG suisses &#8211; Entretien avec le Dr. Br\u00fclhart (HEC Lausanne)"}]},{"@type":"WebSite","@id":"https:\/\/www.deinadieu.ch\/fr\/#website","url":"https:\/\/www.deinadieu.ch\/fr\/","name":"DeinAdieu.ch","description":"Testament, Patientenverf\u00fcgung und Vorsorgeauftrag","publisher":{"@id":"https:\/\/www.deinadieu.ch\/fr\/#organization"},"potentialAction":[{"@type":"SearchAction","target":{"@type":"EntryPoint","urlTemplate":"https:\/\/www.deinadieu.ch\/fr\/?s={search_term_string}"},"query-input":{"@type":"PropertyValueSpecification","valueRequired":true,"valueName":"search_term_string"}}],"inLanguage":"fr-FR"},{"@type":"Organization","@id":"https:\/\/www.deinadieu.ch\/fr\/#organization","name":"EMNA Web GmbH","url":"https:\/\/www.deinadieu.ch\/fr\/","logo":{"@type":"ImageObject","inLanguage":"fr-FR","@id":"https:\/\/www.deinadieu.ch\/fr\/#\/schema\/logo\/image\/","url":"https:\/\/www.deinadieu.ch\/wp-content\/uploads\/2016\/01\/DeinAdieu_Logo.png","contentUrl":"https:\/\/www.deinadieu.ch\/wp-content\/uploads\/2016\/01\/DeinAdieu_Logo.png","width":300,"height":117,"caption":"EMNA Web GmbH"},"image":{"@id":"https:\/\/www.deinadieu.ch\/fr\/#\/schema\/logo\/image\/"},"sameAs":["https:\/\/www.facebook.com\/deinadieu","https:\/\/x.com\/DeinAdieu","https:\/\/www.instagram.com\/deinadieu\/","https:\/\/www.linkedin.com\/company\/deinadieu.ch"]},{"@type":"Person","@id":"https:\/\/www.deinadieu.ch\/fr\/#\/schema\/person\/12384d50d70b1ee7580d49a4327f4320","name":"Nicolas Gehrig, Gesch\u00e4ftsf\u00fchrer DeinAdieu.ch","image":{"@type":"ImageObject","inLanguage":"fr-FR","@id":"https:\/\/secure.gravatar.com\/avatar\/ec8d8b765ab45808afc65517603da6c5851f2778460d1389a0ea1b55ebe1c9b8?s=96&d=mm&r=g","url":"https:\/\/secure.gravatar.com\/avatar\/ec8d8b765ab45808afc65517603da6c5851f2778460d1389a0ea1b55ebe1c9b8?s=96&d=mm&r=g","contentUrl":"https:\/\/secure.gravatar.com\/avatar\/ec8d8b765ab45808afc65517603da6c5851f2778460d1389a0ea1b55ebe1c9b8?s=96&d=mm&r=g","caption":"Nicolas Gehrig, Gesch\u00e4ftsf\u00fchrer DeinAdieu.ch"},"description":"Gesch\u00e4ftsf\u00fchrer DeinAdieu.ch","url":"https:\/\/www.deinadieu.ch\/fr\/author\/nicolas\/"}]}},"_links":{"self":[{"href":"https:\/\/www.deinadieu.ch\/fr\/wp-json\/wp\/v2\/posts\/50042","targetHints":{"allow":["GET"]}}],"collection":[{"href":"https:\/\/www.deinadieu.ch\/fr\/wp-json\/wp\/v2\/posts"}],"about":[{"href":"https:\/\/www.deinadieu.ch\/fr\/wp-json\/wp\/v2\/types\/post"}],"author":[{"embeddable":true,"href":"https:\/\/www.deinadieu.ch\/fr\/wp-json\/wp\/v2\/users\/4"}],"replies":[{"embeddable":true,"href":"https:\/\/www.deinadieu.ch\/fr\/wp-json\/wp\/v2\/comments?post=50042"}],"version-history":[{"count":8,"href":"https:\/\/www.deinadieu.ch\/fr\/wp-json\/wp\/v2\/posts\/50042\/revisions"}],"predecessor-version":[{"id":56581,"href":"https:\/\/www.deinadieu.ch\/fr\/wp-json\/wp\/v2\/posts\/50042\/revisions\/56581"}],"wp:featuredmedia":[{"embeddable":true,"href":"https:\/\/www.deinadieu.ch\/fr\/wp-json\/wp\/v2\/media\/24350"}],"wp:attachment":[{"href":"https:\/\/www.deinadieu.ch\/fr\/wp-json\/wp\/v2\/media?parent=50042"}],"wp:term":[{"taxonomy":"category","embeddable":true,"href":"https:\/\/www.deinadieu.ch\/fr\/wp-json\/wp\/v2\/categories?post=50042"},{"taxonomy":"post_tag","embeddable":true,"href":"https:\/\/www.deinadieu.ch\/fr\/wp-json\/wp\/v2\/tags?post=50042"}],"curies":[{"name":"wp","href":"https:\/\/api.w.org\/{rel}","templated":true}]}}