{"id":50022,"date":"2020-10-02T11:41:42","date_gmt":"2020-10-02T09:41:42","guid":{"rendered":"https:\/\/www.deinadieu.ch\/dieter-foerster-la-main-tendue-a-sauve-notre-famille\/"},"modified":"2022-04-22T13:45:45","modified_gmt":"2022-04-22T11:45:45","slug":"dieter-foerster-la-main-tendue-a-sauve-notre-famille","status":"publish","type":"post","link":"https:\/\/www.deinadieu.ch\/fr\/dieter-foerster-la-main-tendue-a-sauve-notre-famille\/","title":{"rendered":"Dieter F\u00f6rster : \u00ab La Main Tendue a sauv\u00e9 notre famille \u00bb"},"content":{"rendered":"\n<p>Dans de nombreuses vies, la joie et la peine vont de pair. Dieter F\u00f6rster, 83 ans, a racont\u00e9 \u00e0 DeinAdieu les moments forts et les trag\u00e9dies de sa vie.<\/p>\n\n<!--more-->\n\n<p>Dieter F\u00f6rster a grandi \u00e0 Berlin-Wilmersdorf. Il avait moins de six ans lorsque la Royal Air Force britannique a bombard\u00e9 la capitale du Reich le 16 janvier 1943. Environ 140 bombardiers de la Royal Air Force, principalement des quadrimoteurs lourds, ont largu\u00e9 370 tonnes de bombes explosives et incendiaires. C&#8217;\u00e9tait plus que lors de n&#8217;importe quelle attaque pr\u00e9c\u00e9dente.<\/p>\n\n<p>148 personnes ont perdu la vie lors de cette nuit froide et plus de 10&#8217;000 se sont retrouv\u00e9es sans toit au-dessus de leurs t\u00eates. Dieter F\u00f6rster hoche la t\u00eate. L&#8217;homme de 83 ans \u00e9tait accroupi avec sa m\u00e8re dans le sous-sol du bureau de poste principal \u00e0 ce moment-l\u00e0. \u00ab Il y a eu des craquements, des claquements et comme du tonnerre. Apr\u00e8s, \u00e7a ressemblait \u00e0 Beyrouth aujourd&#8217;hui. Notre maison a \u00e9t\u00e9 d\u00e9truite par une bombe incendiaire, des gens d\u00e9sesp\u00e9r\u00e9s sortaient des biens des d\u00e9combres. La ville me semblait \u00eatre une mer de flammes. \u00bb Il est silencieux. Je suis pris de stupeur. \u00ab Croyez-moi \u00bb, dit Dieter F\u00f6rster, \u00ab une chose pareille vous traumatise \u00bb.<\/p>\n\n<p>Le grand homme \u00e9tait un enfant unique \u00e0 l&#8217;\u00e9poque. Son p\u00e8re, un policier, a \u00e9t\u00e9 enr\u00f4l\u00e9 dans les SS au d\u00e9but de la guerre et \u00e9tait stationn\u00e9 en Union sovi\u00e9tique. \u00ab A ce moment-l\u00e0, nous ne savions pas ce qu&#8217;il faisait \u00e0 Riga \u00bb, dit Dieter F\u00f6rster. \u00ab Apr\u00e8s coup, nous nous sommes demand\u00e9 pourquoi nous n&#8217;avions jamais demand\u00e9. Plus tard, j&#8217;ai lu que des choses terribles s&#8217;\u00e9taient produites \u00e0 Riga \u00e0 cette \u00e9poque. Il y avait de nombreux camps. Beaucoup d&#8217;histoires tristes. \u00bb<\/p>\n\n<p>\u00c0 la fin de la guerre, m\u00e8re et fils vivaient toujours \u00e0 Wilmersdorf, dans la banlieue de Berlin. \u00ab Cela a \u00e9t\u00e9 b\u00e9n\u00e9fique lorsque les Anglais ont remplac\u00e9 les lib\u00e9rateurs russes \u00e0 l&#8217;\u00e9t\u00e9 1945 \u00bb, raconte Dieter F\u00f6rster. Son p\u00e8re s&#8217;\u00e9tait \u00e9chapp\u00e9 de Riga, avait tent\u00e9 de passer en Allemagne et s&#8217;\u00e9tait retrouv\u00e9 dans un camp de prisonniers anglais pr\u00e8s de Hambourg. \u00ab Il a \u00e9t\u00e9 emprisonn\u00e9 l\u00e0-bas pendant un ou deux ans. Il n&#8217;a pas pu rentrer \u00e0 Berlin. A cause du blocus. \u00bb C&#8217;\u00e9tait une p\u00e9riode difficile. Toute la nourriture devait \u00eatre achemin\u00e9e par avion. Les gens souffraient de la faim et des privations.<\/p>\n\n<p>En 1949, lorsque le blocus de Berlin a \u00e9t\u00e9 lev\u00e9, son p\u00e8re est rentr\u00e9 \u00ab de la guerre \u00bb et a cherch\u00e9 un emploi de charpentier. L&#8217;enfant de onze ans qu&#8217;il \u00e9tait l&#8217;a v\u00e9cu comme un bon moment. Peu de temps apr\u00e8s, sa s\u0153ur Brigitte est n\u00e9e. Dieter F\u00f6rster rit. Il dit : \u00ab Elle a un peu souffert \u00e0 cause de moi. J&#8217;avais 13 ans de plus et j&#8217;\u00e9tais en quelque sorte son deuxi\u00e8me \u00e9ducateur. Des ann\u00e9es merveilleuses ont suivi. Empreintes d&#8217;espoir. L&#8217;\u00e9volution a \u00e9t\u00e9 positive. Ceux qui le voulaient trouvaient un emploi et pouvaient travailler. \u00bb<\/p>\n\n<figure class=\"wp-block-image size-large\"><img loading=\"lazy\" decoding=\"async\" width=\"1024\" height=\"576\" src=\"https:\/\/deinadieu.ch\/wp-content\/uploads\/2020\/10\/BLOG_DieterFoerster_Geste-1024x576.jpg\" alt=\"Dieter F&#xF6;rster\" class=\"wp-image-25456\" srcset=\"https:\/\/www.deinadieu.ch\/wp-content\/uploads\/2020\/10\/BLOG_DieterFoerster_Geste-1024x576.jpg 1024w, https:\/\/www.deinadieu.ch\/wp-content\/uploads\/2020\/10\/BLOG_DieterFoerster_Geste-300x169.jpg 300w, https:\/\/www.deinadieu.ch\/wp-content\/uploads\/2020\/10\/BLOG_DieterFoerster_Geste.jpg 1280w\" sizes=\"auto, (max-width: 1024px) 100vw, 1024px\" \/><figcaption>En 1962, \u00e0 P\u00e2ques, Dieter F\u00f6rster et un groupe scout de Berlin ont rendu visite \u00e0 des familles scoutes amies au bord du lac de Zurich. Les jeunes \u00e9taient enthousiasm\u00e9s par toutes les beaut\u00e9s de la Suisse. (Photo : Paolo Foschini)<\/figcaption><\/figure>\n\n<h2 class=\"wp-block-heading\" id=\"h-am-z-richsee-verliebte-sich-dieter-f-rster\">Dieter F\u00f6rster est tomb\u00e9 amoureux au bord du lac de Zurich<\/h2>\n\n<p>Un \u00e9v\u00e9nement d\u00e9cisif arrive maintenant. Le jeune Berlinois s&#8217;est engag\u00e9 dans les scouts et a fait la connaissance d&#8217;un groupe suisse lors d&#8217;un camp dans le sud de l&#8217;Allemagne. \u00ab Ils nous ont int\u00e9ress\u00e9s \u00bb, dit Dieter F\u00f6rster rayonnant. \u00ab Nous les avons invit\u00e9s \u00e0 Berlin. C&#8217;\u00e9tait en 1961, le mur n&#8217;avait pas encore \u00e9t\u00e9 construit. \u00bb En retour, une invitation en Suisse a suivi. En 1962, \u00e0 P\u00e2ques, les Berlinois ont rendu visite \u00e0 \u00ab leurs familles scoutes \u00bb au bord du lac de Zurich. Les jeunes \u00e9taient enthousiasm\u00e9s par toutes les beaut\u00e9s de la Suisse. \u00ab Rien que la gare de Zurich \u00e9tait fascinante. L&#8217;agitation intense, les gens heureux. A c\u00f4t\u00e9 de cela, notre station Zoo \u00e9tait une mis\u00e9rable chose. \u00bb<\/p>\n\n<p>Lors de la soir\u00e9e d&#8217;adieu dans une cabane foresti\u00e8re entre St\u00e4fa et Hombrechtikon, il a rencontr\u00e9 une jolie jeune fille blonde. \u00ab Cela m&#8217;a compl\u00e8tement boulevers\u00e9 \u00bb, dit Dieter F\u00f6rster. \u00ab Je me suis amus\u00e9 \u00e0 tirer sa tresse. Nous nous sommes bien entendus. J&#8217;avais 24 ans et elle en avait 17. \u00bb Il dit : \u00ab Elle m&#8217;a montr\u00e9 la cabane et m&#8217;a dit qu&#8217;elle ne voulait jamais se marier ni tenir un m\u00e9nage. \u00bb Plus tard dans la voiture, une premi\u00e8re vague de chagrin d&#8217;amour l&#8217;a saisi. \u00ab Et moi, nigaud que j&#8217;\u00e9tais, je ne connaissais m\u00eame pas son nom. \u00bb <\/p>\n\n        <div class=\"relative shadow-lg -mx-12 mb-4 overflow-hidden\" style=\"background-image: url('https:\/\/www.deinadieu.ch\/wp-content\/themes\/da-v4\/assets\/v4\/banner\/dienstleister.jpg'); background-size: cover; background-position: center\">\n            <div class=\"banner-white-box md:w-3\/5 text-black -ml-16 pl-16\" style=\"background-color: rgba(255,255,255,0.75)\">\n                <div class=\"inner\">\n                    <div class=\"text-2xl p-12\">Cherchez-vous des <strong>prestataires de services<\/strong> ? DeinAdieu.ch propose un r\u00e9pertoire complet !<\/div>\n                    <div class=\"px-12 md:mr-16\">\n                        <div class=\"hidden\">Choisir la commune<\/div>\n                        <a href=\"\/dienstleisterverzeichnis\/\" class=\"btn btn-da btn-small btn-block\">vers le r\u00e9pertoire<\/a>\n                    <\/div>\n                    <div class=\"px-12 py-8\">\n                        <img decoding=\"async\" src=\"https:\/\/www.deinadieu.ch\/wp-content\/themes\/da-v4\/assets\/v4\/deinadieu_logo_dark.svg\" class=\"h-12\">\n                    <\/div>\n                <\/div>\n            <\/div>\n        <\/div>\n        \n\n<h2 class=\"wp-block-heading\" id=\"h-brief-an-fuchs-aus-st-fa-geschrieben\">Lettre \u00e9crite aux \u00ab Fuchs de St\u00e4fa \u00bb<\/h2>\n\n<p>De retour chez lui, il a \u00e9crit une lettre de remerciement en Suisse en tant que chef de la d\u00e9l\u00e9gation et il a joint une carte adress\u00e9e ainsi : \u00ab Fuchs, St\u00e4fa \u00bb. Et voil\u00e0 : Ruth Dubs a r\u00e9pondu. En quatre ans et demi, il y a eu des centaines de lettres. \u00ab J&#8217;ai ouvert la bo\u00eete la derni\u00e8re fois et je les ai toutes lues. Impressionnant. Nous nous disputions, nous nous aimions. Tout cela \u00e0 distance. Les lettres allaient et venaient constamment. \u00bb Lorsque les lettres en courrier A n&#8217;ont plus \u00e9t\u00e9 suffisamment rapides, Dieter F\u00f6rster a commenc\u00e9 \u00e0 t\u00e9l\u00e9phoner. \u00ab Cela est vite devenu trop cher. \u00bb Les amoureux pouvaient se voir une fois par ann\u00e9e, lorsque Dieter F\u00f6rster passait ses vacances dans le sud.<\/p>\n\n<p>Pour l&#8217;ing\u00e9nieur \u00e9lectricien dipl\u00f4m\u00e9, c&#8217;\u00e9tait clair : \u00ab Je devais aller en Suisse. \u00bb Il a trouv\u00e9 un emploi \u00e0 Zurich dans la soci\u00e9t\u00e9 Albiswerk, rachet\u00e9e plus tard par Siemens. \u00ab J&#8217;aurais pu commencer tout de suite. \u00bb En 1967, Ruth et Dieter se sont mari\u00e9s \u00e0 l&#8217;\u00e9glise de St\u00e4fa et leur fille Sabine est n\u00e9e au printemps suivant. <\/p>\n\n<figure class=\"wp-block-image size-large\"><img loading=\"lazy\" decoding=\"async\" width=\"1024\" height=\"576\" src=\"https:\/\/deinadieu.ch\/wp-content\/uploads\/2020\/10\/BLOG_DieterFoerster_Briefe-1024x576.jpg\" alt=\"Dieter F&#xF6;rster\" class=\"wp-image-25448\" srcset=\"https:\/\/www.deinadieu.ch\/wp-content\/uploads\/2020\/10\/BLOG_DieterFoerster_Briefe-1024x576.jpg 1024w, https:\/\/www.deinadieu.ch\/wp-content\/uploads\/2020\/10\/BLOG_DieterFoerster_Briefe-300x169.jpg 300w, https:\/\/www.deinadieu.ch\/wp-content\/uploads\/2020\/10\/BLOG_DieterFoerster_Briefe.jpg 1280w\" sizes=\"auto, (max-width: 1024px) 100vw, 1024px\" \/><figcaption>Dieter F\u00f6rster devant une bo\u00eete remplie de lettres d&#8217;amour qu&#8217;il avait \u00e9crites \u00e0 Ruth et re\u00e7ues d&#8217;elle. \u00ab Impressionnant. Nous nous disputions, nous nous aimions. Tout cela \u00e0 distance. Les lettres allaient et venaient constamment. \u00bb (Photo : Paolo Foschini)<\/figcaption><\/figure>\n\n<h2 class=\"wp-block-heading\" id=\"h-nach-ruths-krise-reisepl-ne-geschmiedet\">Des plans de voyage imagin\u00e9s apr\u00e8s la crise de Ruth<\/h2>\n\n<p>Ruth, enseignante \u00e0 l&#8217;\u00e9cole primaire, a cess\u00e9 de travailler apr\u00e8s avoir accouch\u00e9. Elle \u00e9tait un peu malheureuse. Seule dans un appartement dans un quartier isol\u00e9. Deux ans plus tard, la petite famille a d\u00e9m\u00e9nag\u00e9 \u00e0 Birmensdorf (ZH), o\u00f9 leur fils Adrian est n\u00e9. \u00ab Ruth \u00e9tait d\u00e9sesp\u00e9r\u00e9e pendant la grossesse \u00bb, dit Dieter F\u00f6rster. Elle ne pouvait pas faire cela, disait-elle d\u00e9sesp\u00e9r\u00e9ment et elle est tomb\u00e9e en d\u00e9pression. \u00ab Nous ne savions pas quoi faire et nous nous sommes tourn\u00e9s vers &#8220;La Main Tendue&#8221;. \u00bb Le coup de t\u00e9l\u00e9phone au 143 a \u00e9t\u00e9 le salut de la famille. \u00ab Ruth a re\u00e7u l&#8217;aide d&#8217;un aveugle qui \u00e9tait une sorte de soutien pour elle. \u00bb A ce moment-l\u00e0, il est devenu clair que son \u00e9pouse bien-aim\u00e9e voulait partir \u00e0 l&#8217;\u00e9tranger et voulait voyager. Elle tient cela de son p\u00e8re, lequel a rendu visite \u00e0 son fr\u00e8re au Ghana en voiture.<\/p>\n\n<p>C&#8217;est ainsi que le couple F\u00f6rster a d\u00e9velopp\u00e9 un besoin de voyager et de parcourir le monde. Dieter F\u00f6rster rit. Il dit : \u00ab Elle voulait partir \u00e0 l&#8217;\u00e9tranger et j&#8217;ai dit : &#8220;Je suis d\u00e9j\u00e0 \u00e0 l&#8217;\u00e9tranger&#8221;. \u00bb L&#8217;ing\u00e9nieur \u00e9lectricien s&#8217;est fait muter. L&#8217;Afrique du Sud les a d&#8217;abord attir\u00e9s. \u00ab Ensuite, j&#8217;ai rencontr\u00e9 un manager argentin au si\u00e8ge de Siemens \u00e0 Munich. Et j&#8217;ai donc dit \u00e0 ma famille, qui m&#8217;attendait dans le parc, que nous allions \u00e9migrer \u00e0 Buenos Aires. \u00bb<\/p>\n\n<h2 class=\"wp-block-heading\" id=\"h-im-s-damerika-gefiels-der-familie-f-rster\">La famille F\u00f6rster s&#8217;est plu en Am\u00e9rique du Sud<\/h2>\n\n<p>Dieter F\u00f6rster a d&#8217;abord pris l&#8217;avion seul et sa famille l&#8217;a rejoint un mois plus tard \u2013 en bateau. Pour Ruth, la travers\u00e9e avec deux petits enfants a \u00e9t\u00e9 une torture. \u00ab Nous avons beaucoup aim\u00e9 le style de vie latin en Argentine \u00bb, dit Dieter F\u00f6rster. Il \u00e9tait responsable d&#8217;un service de d\u00e9veloppement. La situation politique a rendu la vie de plus en plus difficile. \u00ab Apr\u00e8s que l&#8217;\u00c9tat a mis fin \u00e0 un accord de coop\u00e9ration avec Siemens en 1974 et que des insurg\u00e9s ont menac\u00e9 les directeurs, tous les Allemands ont d\u00fb rentrer chez eux \u2013 ou dans un autre pays. \u00bb L&#8217;employeur Siemens a propos\u00e9 au p\u00e8re de famille un emploi dans le sud du Br\u00e9sil. \u00ab Nous avons d\u00e9m\u00e9nag\u00e9 \u00e0 proximit\u00e9 des chutes d&#8217;Iguaz\u00fa. La meilleure chose que nous ayons faite loin de chez nous. Les enfants ont fr\u00e9quent\u00e9 l&#8217;\u00e9cole internationale, ont appris l&#8217;anglais, l&#8217;espagnol et le portugais. \u00bb Ruth voulait un autre enfant \u2013 et cela a fonctionn\u00e9. \u00ab Notre rayon de soleil Philipp est n\u00e9. Un enfant de r\u00eave. Blond paille \u00bb, raconte fi\u00e8rement Dieter F\u00f6rster.<\/p>\n\n<figure class=\"wp-block-image size-large\"><img loading=\"lazy\" decoding=\"async\" width=\"1024\" height=\"576\" src=\"https:\/\/deinadieu.ch\/wp-content\/uploads\/2020\/10\/BLOG_DieterFoerster_Lacht-1024x576.jpg\" alt=\"Dieter F&#xF6;rster\" class=\"wp-image-25464\" srcset=\"https:\/\/www.deinadieu.ch\/wp-content\/uploads\/2020\/10\/BLOG_DieterFoerster_Lacht-1024x576.jpg 1024w, https:\/\/www.deinadieu.ch\/wp-content\/uploads\/2020\/10\/BLOG_DieterFoerster_Lacht-300x169.jpg 300w, https:\/\/www.deinadieu.ch\/wp-content\/uploads\/2020\/10\/BLOG_DieterFoerster_Lacht.jpg 1280w\" sizes=\"auto, (max-width: 1024px) 100vw, 1024px\" \/><figcaption>Dieter F\u00f6rster fait le point avec satisfaction : \u00ab Je jouis d&#8217;un bien-\u00eatre que mes parents n&#8217;ont jamais eu. \u00bb (Photo : Paolo Foschini)<\/figcaption><\/figure>\n\n<h2 class=\"wp-block-heading\" id=\"h-s-damerika-pr-gte-das-ehepaar\">L&#8217;Am\u00e9rique du Sud a fa\u00e7onn\u00e9 le couple<\/h2>\n\n<p>En 1978, la famille a d\u00fb rentrer chez elle apr\u00e8s l&#8217;arr\u00eat du projet de d\u00e9veloppement. Les deux enfants les plus grands se sont envol\u00e9s pour Berlin et sont all\u00e9s chez leurs grands-parents. Dieter et Ruth ont fait un circuit en Am\u00e9rique du Sud avec Philipp. \u00ab Nous avons visit\u00e9 le Chili, la Colombie et le Guatemala. Puis nous nous sommes install\u00e9s \u00e0 Zurich. J&#8217;ai continu\u00e9 \u00e0 travailler chez Siemens. Nous vivions bien dans l&#8217;ensemble. Ruth avait pu exercer la profession d&#8217;enseignante qu&#8217;elle adorait en Am\u00e9rique du Sud. Mais ce n&#8217;\u00e9tait plus possible \u00e0 Zurich. Elle en a beaucoup souffert. \u00bb <\/p>\n\n<p>L&#8217;Am\u00e9rique du Sud a fa\u00e7onn\u00e9 le couple. C&#8217;\u00e9tait un pr\u00eache au Br\u00e9sil qui les a conduits tous les deux sur le chemin vers J\u00e9sus-Christ. C&#8217;\u00e9tait une p\u00e9riode tr\u00e8s intense. Apr\u00e8s des ann\u00e9es au sein de la paroisse de Chrischona, il a trouv\u00e9 son r\u00e9confort aupr\u00e8s de l&#8217;ICF, dont il est membre depuis 1996. <\/p>\n\n        <div class=\"relative shadow-lg -mx-12 mb-4 overflow-hidden\" style=\"background-image: url('https:\/\/www.deinadieu.ch\/wp-content\/themes\/da-v4\/assets\/v4\/banner\/testament.jpg'); background-size: cover; background-position: center\">\n            <div class=\"banner-white-box md:w-3\/5 text-black -ml-16 pl-16\" style=\"background-color: rgba(255,255,255,0.75)\">\n                <div class=\"inner\">\n                    <div class=\"text-2xl p-12\"><strong>Vous n'avez pas encore r\u00e9dig\u00e9 de testament ?<\/strong> G\u00e9n\u00e9rez d\u00e8s maintenant un mod\u00e8le PDF gratuit pour<\/div>\n                    <div class=\"px-12 md:mr-16\">\n                        <a href=\"https:\/\/app.deinadieu.ch\/testament\" target=\"_blank\" class=\"btn btn-da btn-small btn-block\">moi<\/a>\n                        <a href=\"https:\/\/app.deinadieu.ch\/testament\" target=\"_blank\" class=\"mt-4 btn btn-da btn-small btn-block\">une autre personne<\/a>\n                    <\/div>\n                    <div class=\"px-12 py-8\">\n                        <img decoding=\"async\" src=\"https:\/\/www.deinadieu.ch\/wp-content\/themes\/da-v4\/assets\/v4\/deinadieu_logo_dark.svg\" class=\"h-12\">\n                    <\/div>\n                <\/div>\n            <\/div>\n        <\/div>\n        \n\n<h2 class=\"wp-block-heading\" id=\"h-in-england-entdeckten-sich-die-eheleute-neu\">Le couple s&#8217;est red\u00e9couvert en Angleterre<\/h2>\n\n<p>Apr\u00e8s la retraite, les enfants ayant depuis longtemps quitt\u00e9 la maison, le couple a v\u00e9cu pendant six mois en Angleterre. Ruth a suivi un cours de langue et a commenc\u00e9 \u00e0 avoir des probl\u00e8mes de sant\u00e9. Lorsque ceux-ci ont cess\u00e9, l&#8217;Angleterre les a attir\u00e9s une fois encore. \u00ab Nous avons trouv\u00e9 un bon appartement, rien de ce que je craignais ne s&#8217;est r\u00e9alis\u00e9. Nous \u00e9tions merveilleusement bien int\u00e9gr\u00e9s et nous avons v\u00e9cu tout ce qui \u00e9tait nouveau ensemble de mani\u00e8re tr\u00e8s intensive. Nous nous sommes red\u00e9couverts et avons retrouv\u00e9 nos int\u00e9r\u00eats et nos d\u00e9sirs. \u00bb<\/p>\n\n<p>En Angleterre, le couple a d\u00e9couvert le mouvement \u00ab Campus pour le Christ \u00bb. Ce mouvement de mission et d&#8217;\u00e9ducation confessionnellement ind\u00e9pendant mais de tendance \u00e9vang\u00e9lique s&#8217;engage pour l&#8217;\u00e9vang\u00e9lisation, la formation des adultes, la diaconie et la mission. L&#8217;oeuvre coop\u00e8re avec toutes les \u00e9glises telles que l&#8217;\u00c9glise r\u00e9form\u00e9e, l&#8217;\u00c9glise catholique romaine et diff\u00e9rentes \u00e9glises libres.<\/p>\n\n<p>\u00ab Apr\u00e8s notre retour en Suisse, on nous a confi\u00e9 le projet &#8220;Jesus Film&#8221; et nous nous en sommes occup\u00e9s jusqu&#8217;en 2013. Ruth avait beaucoup d&#8217;id\u00e9es. Elle disait que nous devrions faire un film sur la Suisse, sur ses traditions et sur les influences chr\u00e9tiennes du pays. Un investisseur a d\u00e9bloqu\u00e9 50&#8217;000 francs et le film &#8220;More than Chocolate and Cheese&#8221; a \u00e9t\u00e9 r\u00e9alis\u00e9 \u00bb. \u00c0 ce jour, plus de 250&#8217;000 exemplaires ont \u00e9t\u00e9 distribu\u00e9s aux personnes int\u00e9ress\u00e9es. <\/p>\n\n<figure class=\"wp-block-image size-large\"><img loading=\"lazy\" decoding=\"async\" width=\"1024\" height=\"576\" src=\"https:\/\/deinadieu.ch\/wp-content\/uploads\/2020\/10\/BLOG_DieterFoerster_Traurig-1024x576.jpg\" alt=\"Dieter F&#xF6;rster\" class=\"wp-image-25472\" srcset=\"https:\/\/www.deinadieu.ch\/wp-content\/uploads\/2020\/10\/BLOG_DieterFoerster_Traurig-1024x576.jpg 1024w, https:\/\/www.deinadieu.ch\/wp-content\/uploads\/2020\/10\/BLOG_DieterFoerster_Traurig-300x169.jpg 300w, https:\/\/www.deinadieu.ch\/wp-content\/uploads\/2020\/10\/BLOG_DieterFoerster_Traurig.jpg 1280w\" sizes=\"auto, (max-width: 1024px) 100vw, 1024px\" \/><figcaption>Un accident a provoqu\u00e9 la mort de Ruth. Dieter F\u00f6rster consid\u00e8re qu&#8217;il s&#8217;agit de la trag\u00e9die de sa vie. Ses yeux se remplissent de larmes (Photo : Paolo Foschini)<\/figcaption><\/figure>\n\n<h2 class=\"wp-block-heading\" id=\"h-ruth-verstarb-im-beisein-ihrer-liebsten\">Ruth est d\u00e9c\u00e9d\u00e9e en pr\u00e9sence de son \u00eatre cher<\/h2>\n\n<p>Deux ans avant que le couple n&#8217;ait pu c\u00e9l\u00e9brer son 50e anniversaire de mariage, Dieter F\u00f6rster a v\u00e9cu ce qu&#8217;il appelle la trag\u00e9die de sa vie. Il avale sa salive et essuie les larmes de ses yeux. \u00ab Nous \u00e9tions invit\u00e9s \u00e0 d\u00eener, le mardi 1er d\u00e9cembre 2015. J&#8217;ai dit \u00e0 Ruth que je sortirais le bus VW du garage et que je la chargerais devant la maison. Il faisait nuit quand je suis sorti du garage et que je me suis arr\u00eat\u00e9 pour charger Ruth. je ne la voyais nulle part. J&#8217;ai red\u00e9marr\u00e9 et il y a eu un bruit sous la voiture. Ma femme \u00e9tait sous la voiture. J&#8217;ai imm\u00e9diatement appel\u00e9 les ambulanciers. Ruth \u00e9tait toujours en vie, elle criait &#8220;maman&#8221;. \u00bb Cela a \u00e9t\u00e9 son dernier mot.<\/p>\n\n<p>Quatorze jours durant, ils sont rest\u00e9s \u00e0 son chevet, raconte Dieter F\u00f6rster. Le corps \u00e9tait attach\u00e9 \u00e0 des tuyaux, des moniteurs enregistraient des donn\u00e9es et elle a \u00e9t\u00e9 op\u00e9r\u00e9e \u00e0 plusieurs reprises. \u00ab Les \u00e9quipes m\u00e9dicales et les infirmi\u00e8res ont tout essay\u00e9. Nous esp\u00e9rions et priions pour un miracle. Le 15 d\u00e9cembre, tout le monde savait que les m\u00e9decins ne pourraient pas la sauver. Son c\u0153ur ou son foie ne le supporterait pas. Nous \u00e9tions tous \u00e0 son chevet et nous avons convenu d&#8217;arr\u00eater toute mesure de maintien en vie. Ruth est d\u00e9c\u00e9d\u00e9e le m\u00eame jour, \u00e0 l&#8217;\u00e2ge de 70 ans. \u00bb Le faire-part de d\u00e9c\u00e8s indiquait : \u00ab Son cher et grand c\u0153ur s&#8217;est arr\u00eat\u00e9 en pr\u00e9sence de sa famille. Elle se trouve d\u00e9sormais dans un lieu o\u00f9 brillent la joie et la lumi\u00e8re de la vie \u00e9ternelle. \u00bb <\/p>\n\n<h2 class=\"wp-block-heading\" id=\"h-niemand-machte-mich-f-r-ruths-tod-verantwortlich\">\u00ab Personne ne m&#8217;a tenu pour responsable de la mort de Ruth \u00bb<\/h2>\n\n<p>Une p\u00e9riode difficile a suivi pour le mari tourment\u00e9. Il a \u00e9t\u00e9 interrog\u00e9 par la police, il a d\u00fb subir des examens de m\u00e9decine l\u00e9gale et il a r\u00e9pondu aux innombrables questions du Minist\u00e8re public. Finalement, il est apparu que Ruth \u00e9tait d\u00e9j\u00e0 couch\u00e9e sur le sol et que son mari n&#8217;avait pas pu la voir. \u00ab Personne ne m&#8217;a bl\u00e2m\u00e9. Je n&#8217;avais pas remarqu\u00e9 qu&#8217;elle ne se sentait pas bien. Nous ne savons pas pourquoi elle \u00e9tait allong\u00e9e sur le sol, bien que tout ait \u00e9t\u00e9 examin\u00e9. \u00bb<\/p>\n\n<p>Mourir est une chose, la mort en est une autre. Dieter F\u00f6rster dit : \u00ab Nous prenons au s\u00e9rieux ce qui se passe ensuite, nous savions o\u00f9 nous allions. Il n&#8217;y a plus de douleur, personne ne souffre l\u00e0-bas. C&#8217;est pourquoi nous avons pu la laisser partir. C&#8217;\u00e9tait une bonne chose qu&#8217;elle puisse s&#8217;en aller. Si nous l&#8217;avions retenue aupr\u00e8s de nous, elle nous l&#8217;aurait reproch\u00e9. \u00bb <\/p>\n\n<figure class=\"wp-block-image size-large\"><img loading=\"lazy\" decoding=\"async\" width=\"1024\" height=\"576\" src=\"https:\/\/deinadieu.ch\/wp-content\/uploads\/2020\/10\/BLOG_DieterFoerster_Familie-1024x576.jpg\" alt=\"Dieter F&#xF6;rster avec sa famille\" class=\"wp-image-25452\" srcset=\"https:\/\/www.deinadieu.ch\/wp-content\/uploads\/2020\/10\/BLOG_DieterFoerster_Familie-1024x576.jpg 1024w, https:\/\/www.deinadieu.ch\/wp-content\/uploads\/2020\/10\/BLOG_DieterFoerster_Familie-300x169.jpg 300w, https:\/\/www.deinadieu.ch\/wp-content\/uploads\/2020\/10\/BLOG_DieterFoerster_Familie.jpg 1280w\" sizes=\"auto, (max-width: 1024px) 100vw, 1024px\" \/><figcaption>Colocation de trois g\u00e9n\u00e9rations : Dieter F\u00f6rster vit depuis peu avec son fils Philipp et sa famille. Il arrive parfois qu&#8217;il vole une frite \u00e0 sa petite-fille. (Photo : Paolo Foschini)<\/figcaption><\/figure>\n\n<h2 class=\"wp-block-heading\" id=\"h-und-pl-tzlich-war-ich-allein\">\u00ab Et soudain, j&#8217;\u00e9tais seul. \u00bb <\/h2>\n\n<p>Dieter F\u00f6rster : \u00ab Je ne savais vraiment pas quoi faire. J&#8217;\u00e9tais pris dans des probl\u00e8mes factuels. Je n&#8217;ai pas repris mes esprits pendant six mois. J&#8217;ai eu l&#8217;impression d&#8217;accumuler des centaines de pages de documents et des histoires h\u00e9r\u00e9ditaires ont suivi. J&#8217;ai \u00e9t\u00e9 interrog\u00e9 plusieurs fois. Finalement, le Minist\u00e8re public m&#8217;a acquitt\u00e9 de toute culpabilit\u00e9. \u00bb Lors de leur interrogatoire par la police, les enfants ont d\u00e9clar\u00e9 que Ruth et lui avaient eu une relation fusionnelle, dit Dieter F\u00f6rster. <\/p>\n\n<p>Ruth lui est apparue une fois dans un r\u00eave, raconte Dieter F\u00f6rster, elle portait une robe noire et le regardait avec des yeux imm\u00e9moriaux. Ensuite, elle a ouvert les bras. \u00ab C&#8217;\u00e9tait mon d\u00e9sir de mourir, mais je ne voulais pas que cela se produise, j&#8217;avais encore du temps sur terre et souhaiter la mort \u00e9tait une ingratitude envers Dieu. \u00bb Il a trouv\u00e9 une stabilit\u00e9 dans sa vie, il n&#8217;a d\u00e9velopp\u00e9 aucune d\u00e9pendance et n&#8217;a pas eu de rechute. \u00ab J&#8217;\u00e9tais et je suis soutenu. \u00bb<\/p>\n\n<p>Dieter F\u00f6rster n&#8217;aime pas se souvenir du temps o\u00f9 il \u00e9tait seul. \u00ab Je devais faire la lessive et je cuisinais comme un vieux gar\u00e7on. Je n&#8217;aurais jamais pu tenir la comparaison avec Ruth. Les achats se sont r\u00e9v\u00e9l\u00e9s \u00eatre un probl\u00e8me. Je mangeais sans plan, c&#8217;\u00e9tait p\u00e9nible sans voiture, sans carte de transport. J&#8217;ai achet\u00e9 un abonnement g\u00e9n\u00e9ral et j&#8217;ai beaucoup explor\u00e9 la Suisse. \u00bb <\/p>\n\n<p>Son \u00e9pouse avait r\u00e9dig\u00e9 un testament. Ils s&#8217;\u00e9taient fait conseiller, dit Dieter F\u00f6rster. Aujourd&#8217;hui, tout est \u00e9galement r\u00e9gl\u00e9 en ce qu&#8217;il le concerne. \u00ab J&#8217;ai un testament, un mandat pour cause d&#8217;inaptitude ainsi qu&#8217;une directive anticip\u00e9e du patient. \u00bb Il fait une pause, me regarde dans les yeux et ajoute : \u00ab Mais ce sont des \u00e9l\u00e9ments formels. Tous nos enfants ont des moyens de subsistance. J&#8217;habite depuis peu avec la famille de mon fils Philipp. On m&#8217;a accueilli et on s&#8217;occupe de moi avec amour. Je suis pr\u00eat pour la maison de retraite et, quand le moment venu, quand il sera temps, j&#8217;y irai. Je ne veux \u00eatre un fardeau pour personne. \u00bb <\/p>\n\n<figure class=\"wp-block-image size-large\"><img loading=\"lazy\" decoding=\"async\" width=\"1024\" height=\"576\" src=\"https:\/\/deinadieu.ch\/wp-content\/uploads\/2020\/10\/Blog_DieterFoerster_Gleitschirm-1024x576.jpg\" alt=\"Dieter F&#xF6;rster\" class=\"wp-image-25460\" srcset=\"https:\/\/www.deinadieu.ch\/wp-content\/uploads\/2020\/10\/Blog_DieterFoerster_Gleitschirm-1024x576.jpg 1024w, https:\/\/www.deinadieu.ch\/wp-content\/uploads\/2020\/10\/Blog_DieterFoerster_Gleitschirm-300x169.jpg 300w, https:\/\/www.deinadieu.ch\/wp-content\/uploads\/2020\/10\/Blog_DieterFoerster_Gleitschirm.jpg 1280w\" sizes=\"auto, (max-width: 1024px) 100vw, 1024px\" \/><figcaption>Dieter F\u00f6rster a toujours voulu faire l&#8217;exp\u00e9rience d&#8217;un vol en parapente. Apr\u00e8s la mort de Ruth, il a r\u00e9alis\u00e9 ce souhait \u00e0 Emmetten. (Image : mise \u00e0 disposition)<\/figcaption><\/figure>\n\n<h2 class=\"wp-block-heading\" id=\"h-vor-der-unendlichkeit-hat-dieter-f-rster-keine-angst\">Dieter F\u00f6rster n&#8217;a pas peur de l&#8217;infini<\/h2>\n\n<p>Pendant un certain temps, la question du pourquoi a obs\u00e9d\u00e9 Dieter F\u00f6rster. Parfois, il s&#8217;est querell\u00e9 avec Dieu. \u00ab Mais la vie devait continuer. \u00bb Et l&#8217;homme rit. Il dit : \u00ab J&#8217;ai toujours voulu faire du parapente et Ruth a toujours refus\u00e9. Apr\u00e8s sa mort, j&#8217;ai r\u00e9serv\u00e9 un vol biplace \u00e0 Emmetten. C&#8217;\u00e9tait une tr\u00e8s belle exp\u00e9rience. \u00bb<\/p>\n\n<p>Dieter F\u00f6rster n&#8217;a pas peur de l&#8217;infini. \u00ab Dieu est juste, on re\u00e7oit le ch\u00e2timent qu&#8217;on m\u00e9rite. Mais Dieu est mis\u00e9ricordieux. Il dit : &#8220;Vous recevez ce que vous ne m\u00e9ritez pas&#8221;. \u00bb Il est reconnaissant pour le temps qu&#8217;ils ont pass\u00e9 ensemble. Reconnaissant pour ses enfants qui sont tous en bonne sant\u00e9 et qui s&#8217;en sont bien sortis dans la vie. Et lui, il a tout. \u00ab Je jouis d&#8217;un bien-\u00eatre que mes parents n&#8217;ont jamais eu. \u00bb<\/p>\n\n<p>Finalement, il cite Hans Carossa : \u00ab C&#8217;est au moment de la s\u00e9paration que se r\u00e9v\u00e8le ce que l&#8217;on est et ce que l&#8217;on \u00e9tait. Lorsque la sagesse de Dieu murmure, nous ne l&#8217;entendons pas, nous ne faisons que frissonner lorsqu&#8217;elle se tait. \u00bb<\/p>\n\n<p class=\"has-text-align-right\">Texte : Martin Schuppli, photos : Paolo Foschini<\/p>\n\n        <div class=\"da-servicebox relative bg-gray-200 p-4 pt-8 border-solid border-t-8 border-da-dark mb-6\">\n            <i class=\"fas fa-info-circle mx-auto fa-7x text-da-dark\"><\/i>\n            <span style=\"hyphens: auto\">\n                <\/p>\n\n<p>La Main Tendue est partenaire de Dein Adieu.ch. Le <a href=\"https:\/\/www.deinadieu.ch\/fr\/oeuvres-de-bienfaisance\/\" target=\"_blank\" rel=\"noreferrer noopener\">profil<\/a><\/p>\n\n<p>Association Suisse La Main Tendue<br\/>Secr\u00e9tariat g\u00e9n\u00e9ral, Beckenhofstrasse 16 <br\/>8006 Zurich<\/p>\n<p>\n                \n                \n            <\/span>\n        <\/div>\n        \n","protected":false},"excerpt":{"rendered":"<p>Dans de nombreuses vies, la joie et la peine vont de pair. Dieter F\u00f6rster, 83 ans, a racont\u00e9 \u00e0 DeinAdieu les moments forts et les trag\u00e9dies de sa vie.<\/p>\n","protected":false},"author":2,"featured_media":25440,"comment_status":"open","ping_status":"closed","sticky":false,"template":"","format":"standard","meta":{"_acf_changed":false,"footnotes":""},"categories":[2450],"tags":[2564,2565,2568],"class_list":["post-50022","post","type-post","status-publish","format-standard","has-post-thumbnail","hentry","category-oeuvres-caritatives","tag-deces-fr","tag-la-main-tendue","tag-temoignage"],"acf":[],"yoast_head":"<title>Dieter F\u00f6rster : \u00ab La Main Tendue a sauv\u00e9 notre famille<\/title>\n<meta name=\"description\" content=\"Dans la vie de Dieter F\u00f6rster, la joie et le chagrin vont de pair. L&#039;homme de 83 ans raconte les moments forts et les trag\u00e9dies de sa vie.\" \/>\n<meta name=\"robots\" content=\"index, follow, max-snippet:-1, max-image-preview:large, max-video-preview:-1\" \/>\n<link rel=\"canonical\" href=\"https:\/\/www.deinadieu.ch\/fr\/dieter-foerster-la-main-tendue-a-sauve-notre-famille\/\" \/>\n<meta property=\"og:locale\" content=\"fr_FR\" \/>\n<meta property=\"og:type\" content=\"article\" \/>\n<meta property=\"og:title\" content=\"Dieter F\u00f6rster : \u00ab La Main Tendue a sauv\u00e9 notre famille \u00bb\" \/>\n<meta property=\"og:description\" content=\"Dans de nombreuses vies, la joie et la peine vont de pair. Dieter F\u00f6rster, 83 ans, a racont\u00e9 \u00e0 DeinAdieu les moments forts et les trag\u00e9dies de sa vie.\" \/>\n<meta property=\"og:url\" content=\"https:\/\/www.deinadieu.ch\/fr\/dieter-foerster-la-main-tendue-a-sauve-notre-famille\/\" \/>\n<meta property=\"og:site_name\" content=\"DeinAdieu.ch\" \/>\n<meta property=\"article:publisher\" content=\"https:\/\/www.facebook.com\/deinadieu\" \/>\n<meta property=\"article:published_time\" content=\"2020-10-02T09:41:42+00:00\" \/>\n<meta property=\"article:modified_time\" content=\"2022-04-22T11:45:45+00:00\" \/>\n<meta property=\"og:image\" content=\"https:\/\/static.deinadieu.ch\/uploads\/2020\/10\/BLOG_Dieter_Foerster_0909207682.jpg\" \/>\n\t<meta property=\"og:image:width\" content=\"1280\" \/>\n\t<meta property=\"og:image:height\" content=\"720\" \/>\n\t<meta property=\"og:image:type\" content=\"image\/jpeg\" \/>\n<meta name=\"author\" content=\"Martin Schuppli\" \/>\n<meta name=\"twitter:card\" content=\"summary_large_image\" \/>\n<meta name=\"twitter:creator\" content=\"@DeinAdieu\" \/>\n<meta name=\"twitter:site\" content=\"@DeinAdieu\" \/>\n<meta name=\"twitter:label1\" content=\"Written by\" \/>\n\t<meta name=\"twitter:data1\" content=\"Martin Schuppli\" \/>\n\t<meta name=\"twitter:label2\" content=\"Est. reading time\" \/>\n\t<meta name=\"twitter:data2\" content=\"16 minutes\" \/>\n<script type=\"application\/ld+json\" class=\"yoast-schema-graph\">{\"@context\":\"https:\\\/\\\/schema.org\",\"@graph\":[{\"@type\":\"Article\",\"@id\":\"https:\\\/\\\/www.deinadieu.ch\\\/fr\\\/dieter-foerster-la-main-tendue-a-sauve-notre-famille\\\/#article\",\"isPartOf\":{\"@id\":\"https:\\\/\\\/www.deinadieu.ch\\\/fr\\\/dieter-foerster-la-main-tendue-a-sauve-notre-famille\\\/\"},\"author\":{\"name\":\"Martin Schuppli\",\"@id\":\"https:\\\/\\\/www.deinadieu.ch\\\/fr\\\/#\\\/schema\\\/person\\\/47522dd97d1b840f11a7e637e69c4a82\"},\"headline\":\"Dieter F\u00f6rster : \u00ab La Main Tendue a sauv\u00e9 notre famille \u00bb\",\"datePublished\":\"2020-10-02T09:41:42+00:00\",\"dateModified\":\"2022-04-22T11:45:45+00:00\",\"mainEntityOfPage\":{\"@id\":\"https:\\\/\\\/www.deinadieu.ch\\\/fr\\\/dieter-foerster-la-main-tendue-a-sauve-notre-famille\\\/\"},\"wordCount\":3245,\"commentCount\":0,\"publisher\":{\"@id\":\"https:\\\/\\\/www.deinadieu.ch\\\/fr\\\/#organization\"},\"image\":{\"@id\":\"https:\\\/\\\/www.deinadieu.ch\\\/fr\\\/dieter-foerster-la-main-tendue-a-sauve-notre-famille\\\/#primaryimage\"},\"thumbnailUrl\":\"https:\\\/\\\/www.deinadieu.ch\\\/wp-content\\\/uploads\\\/2020\\\/10\\\/BLOG_Dieter_Foerster_0909207682.jpg\",\"keywords\":[\"D\u00e9c\u00e8s\",\"La Main Tendue\",\"T\u00e9moignage\"],\"articleSection\":[\"\u0152uvres caritatives en point de mire\"],\"inLanguage\":\"fr-FR\",\"potentialAction\":[{\"@type\":\"CommentAction\",\"name\":\"Comment\",\"target\":[\"https:\\\/\\\/www.deinadieu.ch\\\/fr\\\/dieter-foerster-la-main-tendue-a-sauve-notre-famille\\\/#respond\"]}]},{\"@type\":\"WebPage\",\"@id\":\"https:\\\/\\\/www.deinadieu.ch\\\/fr\\\/dieter-foerster-la-main-tendue-a-sauve-notre-famille\\\/\",\"url\":\"https:\\\/\\\/www.deinadieu.ch\\\/fr\\\/dieter-foerster-la-main-tendue-a-sauve-notre-famille\\\/\",\"name\":\"Dieter F\u00f6rster : \u00ab La Main Tendue a sauv\u00e9 notre famille\",\"isPartOf\":{\"@id\":\"https:\\\/\\\/www.deinadieu.ch\\\/fr\\\/#website\"},\"primaryImageOfPage\":{\"@id\":\"https:\\\/\\\/www.deinadieu.ch\\\/fr\\\/dieter-foerster-la-main-tendue-a-sauve-notre-famille\\\/#primaryimage\"},\"image\":{\"@id\":\"https:\\\/\\\/www.deinadieu.ch\\\/fr\\\/dieter-foerster-la-main-tendue-a-sauve-notre-famille\\\/#primaryimage\"},\"thumbnailUrl\":\"https:\\\/\\\/www.deinadieu.ch\\\/wp-content\\\/uploads\\\/2020\\\/10\\\/BLOG_Dieter_Foerster_0909207682.jpg\",\"datePublished\":\"2020-10-02T09:41:42+00:00\",\"dateModified\":\"2022-04-22T11:45:45+00:00\",\"description\":\"Dans la vie de Dieter F\u00f6rster, la joie et le chagrin vont de pair. L'homme de 83 ans raconte les moments forts et les trag\u00e9dies de sa vie.\",\"breadcrumb\":{\"@id\":\"https:\\\/\\\/www.deinadieu.ch\\\/fr\\\/dieter-foerster-la-main-tendue-a-sauve-notre-famille\\\/#breadcrumb\"},\"inLanguage\":\"fr-FR\",\"potentialAction\":[{\"@type\":\"ReadAction\",\"target\":[\"https:\\\/\\\/www.deinadieu.ch\\\/fr\\\/dieter-foerster-la-main-tendue-a-sauve-notre-famille\\\/\"]}]},{\"@type\":\"ImageObject\",\"inLanguage\":\"fr-FR\",\"@id\":\"https:\\\/\\\/www.deinadieu.ch\\\/fr\\\/dieter-foerster-la-main-tendue-a-sauve-notre-famille\\\/#primaryimage\",\"url\":\"https:\\\/\\\/www.deinadieu.ch\\\/wp-content\\\/uploads\\\/2020\\\/10\\\/BLOG_Dieter_Foerster_0909207682.jpg\",\"contentUrl\":\"https:\\\/\\\/www.deinadieu.ch\\\/wp-content\\\/uploads\\\/2020\\\/10\\\/BLOG_Dieter_Foerster_0909207682.jpg\",\"width\":1280,\"height\":720,\"caption\":\"Dieter F\u00f6rster devant l'\u00e9glise r\u00e9form\u00e9e de Bubikon (ZH). \u00ab Je suis reconnaissant pour le temps pass\u00e9 avec Ruth. \u00bb (Photo : Paolo Foschini)\"},{\"@type\":\"BreadcrumbList\",\"@id\":\"https:\\\/\\\/www.deinadieu.ch\\\/fr\\\/dieter-foerster-la-main-tendue-a-sauve-notre-famille\\\/#breadcrumb\",\"itemListElement\":[{\"@type\":\"ListItem\",\"position\":1,\"name\":\"Home\",\"item\":\"https:\\\/\\\/www.deinadieu.ch\\\/fr\\\/deinadieu-dialog-und-serviceportal-zum-lebensende\\\/\"},{\"@type\":\"ListItem\",\"position\":2,\"name\":\"Dieter F\u00f6rster : \u00ab La Main Tendue a sauv\u00e9 notre famille \u00bb\"}]},{\"@type\":\"WebSite\",\"@id\":\"https:\\\/\\\/www.deinadieu.ch\\\/fr\\\/#website\",\"url\":\"https:\\\/\\\/www.deinadieu.ch\\\/fr\\\/\",\"name\":\"DeinAdieu.ch\",\"description\":\"Testament, Patientenverf\u00fcgung und Vorsorgeauftrag\",\"publisher\":{\"@id\":\"https:\\\/\\\/www.deinadieu.ch\\\/fr\\\/#organization\"},\"potentialAction\":[{\"@type\":\"SearchAction\",\"target\":{\"@type\":\"EntryPoint\",\"urlTemplate\":\"https:\\\/\\\/www.deinadieu.ch\\\/fr\\\/?s={search_term_string}\"},\"query-input\":{\"@type\":\"PropertyValueSpecification\",\"valueRequired\":true,\"valueName\":\"search_term_string\"}}],\"inLanguage\":\"fr-FR\"},{\"@type\":\"Organization\",\"@id\":\"https:\\\/\\\/www.deinadieu.ch\\\/fr\\\/#organization\",\"name\":\"EMNA Web GmbH\",\"url\":\"https:\\\/\\\/www.deinadieu.ch\\\/fr\\\/\",\"logo\":{\"@type\":\"ImageObject\",\"inLanguage\":\"fr-FR\",\"@id\":\"https:\\\/\\\/www.deinadieu.ch\\\/fr\\\/#\\\/schema\\\/logo\\\/image\\\/\",\"url\":\"https:\\\/\\\/www.deinadieu.ch\\\/wp-content\\\/uploads\\\/2016\\\/01\\\/DeinAdieu_Logo.png\",\"contentUrl\":\"https:\\\/\\\/www.deinadieu.ch\\\/wp-content\\\/uploads\\\/2016\\\/01\\\/DeinAdieu_Logo.png\",\"width\":300,\"height\":117,\"caption\":\"EMNA Web GmbH\"},\"image\":{\"@id\":\"https:\\\/\\\/www.deinadieu.ch\\\/fr\\\/#\\\/schema\\\/logo\\\/image\\\/\"},\"sameAs\":[\"https:\\\/\\\/www.facebook.com\\\/deinadieu\",\"https:\\\/\\\/x.com\\\/DeinAdieu\",\"https:\\\/\\\/www.instagram.com\\\/deinadieu\\\/\",\"https:\\\/\\\/www.linkedin.com\\\/company\\\/deinadieu.ch\"]},{\"@type\":\"Person\",\"@id\":\"https:\\\/\\\/www.deinadieu.ch\\\/fr\\\/#\\\/schema\\\/person\\\/47522dd97d1b840f11a7e637e69c4a82\",\"name\":\"Martin Schuppli\",\"image\":{\"@type\":\"ImageObject\",\"inLanguage\":\"fr-FR\",\"@id\":\"https:\\\/\\\/secure.gravatar.com\\\/avatar\\\/3f6dee2a3d53d202b91ce982afc75191f59466c9d54dc61e5322d152b8eb2881?s=96&d=mm&r=g\",\"url\":\"https:\\\/\\\/secure.gravatar.com\\\/avatar\\\/3f6dee2a3d53d202b91ce982afc75191f59466c9d54dc61e5322d152b8eb2881?s=96&d=mm&r=g\",\"contentUrl\":\"https:\\\/\\\/secure.gravatar.com\\\/avatar\\\/3f6dee2a3d53d202b91ce982afc75191f59466c9d54dc61e5322d152b8eb2881?s=96&d=mm&r=g\",\"caption\":\"Martin Schuppli\"},\"description\":\"Martin Schuppli, *1955, arbeitete w\u00e4hrend 30 Jahren als Journalist bei Ringier AG. Er begann als Produzent beim Blick, schrieb sp\u00e4ter f\u00fcr SonntagsBlick, Gesundheit-Sprechstunde und Schweizer Illustrierte. 2009 machte er sich selbstst\u00e4ndig, sagte: \u00abIch schreibe mich durchs Leben.\u00bb Seit 2015 ist Martin Schuppli zusammen mit Nicolas Gehrig, CEO und dem Team daran, das Webportal DeinAdieu aufzubauen. \u00abHier kann ich schreiben. Und zwar \u00fcber das, was die Menschen am meisten interessiert. \u00dcber Menschen.\u00bb\",\"url\":\"https:\\\/\\\/www.deinadieu.ch\\\/fr\\\/author\\\/martin\\\/\"}]}<\/script>","yoast_head_json":{"title":"Dieter F\u00f6rster : \u00ab La Main Tendue a sauv\u00e9 notre famille","description":"Dans la vie de Dieter F\u00f6rster, la joie et le chagrin vont de pair. L'homme de 83 ans raconte les moments forts et les trag\u00e9dies de sa vie.","robots":{"index":"index","follow":"follow","max-snippet":"max-snippet:-1","max-image-preview":"max-image-preview:large","max-video-preview":"max-video-preview:-1"},"canonical":"https:\/\/www.deinadieu.ch\/fr\/dieter-foerster-la-main-tendue-a-sauve-notre-famille\/","og_locale":"fr_FR","og_type":"article","og_title":"Dieter F\u00f6rster : \u00ab La Main Tendue a sauv\u00e9 notre famille \u00bb","og_description":"Dans de nombreuses vies, la joie et la peine vont de pair. Dieter F\u00f6rster, 83 ans, a racont\u00e9 \u00e0 DeinAdieu les moments forts et les trag\u00e9dies de sa vie.","og_url":"https:\/\/www.deinadieu.ch\/fr\/dieter-foerster-la-main-tendue-a-sauve-notre-famille\/","og_site_name":"DeinAdieu.ch","article_publisher":"https:\/\/www.facebook.com\/deinadieu","article_published_time":"2020-10-02T09:41:42+00:00","article_modified_time":"2022-04-22T11:45:45+00:00","og_image":[{"width":1280,"height":720,"url":"https:\/\/static.deinadieu.ch\/uploads\/2020\/10\/BLOG_Dieter_Foerster_0909207682.jpg","type":"image\/jpeg"}],"author":"Martin Schuppli","twitter_card":"summary_large_image","twitter_creator":"@DeinAdieu","twitter_site":"@DeinAdieu","twitter_misc":{"Written by":"Martin Schuppli","Est. reading time":"16 minutes"},"schema":{"@context":"https:\/\/schema.org","@graph":[{"@type":"Article","@id":"https:\/\/www.deinadieu.ch\/fr\/dieter-foerster-la-main-tendue-a-sauve-notre-famille\/#article","isPartOf":{"@id":"https:\/\/www.deinadieu.ch\/fr\/dieter-foerster-la-main-tendue-a-sauve-notre-famille\/"},"author":{"name":"Martin Schuppli","@id":"https:\/\/www.deinadieu.ch\/fr\/#\/schema\/person\/47522dd97d1b840f11a7e637e69c4a82"},"headline":"Dieter F\u00f6rster : \u00ab La Main Tendue a sauv\u00e9 notre famille \u00bb","datePublished":"2020-10-02T09:41:42+00:00","dateModified":"2022-04-22T11:45:45+00:00","mainEntityOfPage":{"@id":"https:\/\/www.deinadieu.ch\/fr\/dieter-foerster-la-main-tendue-a-sauve-notre-famille\/"},"wordCount":3245,"commentCount":0,"publisher":{"@id":"https:\/\/www.deinadieu.ch\/fr\/#organization"},"image":{"@id":"https:\/\/www.deinadieu.ch\/fr\/dieter-foerster-la-main-tendue-a-sauve-notre-famille\/#primaryimage"},"thumbnailUrl":"https:\/\/www.deinadieu.ch\/wp-content\/uploads\/2020\/10\/BLOG_Dieter_Foerster_0909207682.jpg","keywords":["D\u00e9c\u00e8s","La Main Tendue","T\u00e9moignage"],"articleSection":["\u0152uvres caritatives en point de mire"],"inLanguage":"fr-FR","potentialAction":[{"@type":"CommentAction","name":"Comment","target":["https:\/\/www.deinadieu.ch\/fr\/dieter-foerster-la-main-tendue-a-sauve-notre-famille\/#respond"]}]},{"@type":"WebPage","@id":"https:\/\/www.deinadieu.ch\/fr\/dieter-foerster-la-main-tendue-a-sauve-notre-famille\/","url":"https:\/\/www.deinadieu.ch\/fr\/dieter-foerster-la-main-tendue-a-sauve-notre-famille\/","name":"Dieter F\u00f6rster : \u00ab La Main Tendue a sauv\u00e9 notre famille","isPartOf":{"@id":"https:\/\/www.deinadieu.ch\/fr\/#website"},"primaryImageOfPage":{"@id":"https:\/\/www.deinadieu.ch\/fr\/dieter-foerster-la-main-tendue-a-sauve-notre-famille\/#primaryimage"},"image":{"@id":"https:\/\/www.deinadieu.ch\/fr\/dieter-foerster-la-main-tendue-a-sauve-notre-famille\/#primaryimage"},"thumbnailUrl":"https:\/\/www.deinadieu.ch\/wp-content\/uploads\/2020\/10\/BLOG_Dieter_Foerster_0909207682.jpg","datePublished":"2020-10-02T09:41:42+00:00","dateModified":"2022-04-22T11:45:45+00:00","description":"Dans la vie de Dieter F\u00f6rster, la joie et le chagrin vont de pair. L'homme de 83 ans raconte les moments forts et les trag\u00e9dies de sa vie.","breadcrumb":{"@id":"https:\/\/www.deinadieu.ch\/fr\/dieter-foerster-la-main-tendue-a-sauve-notre-famille\/#breadcrumb"},"inLanguage":"fr-FR","potentialAction":[{"@type":"ReadAction","target":["https:\/\/www.deinadieu.ch\/fr\/dieter-foerster-la-main-tendue-a-sauve-notre-famille\/"]}]},{"@type":"ImageObject","inLanguage":"fr-FR","@id":"https:\/\/www.deinadieu.ch\/fr\/dieter-foerster-la-main-tendue-a-sauve-notre-famille\/#primaryimage","url":"https:\/\/www.deinadieu.ch\/wp-content\/uploads\/2020\/10\/BLOG_Dieter_Foerster_0909207682.jpg","contentUrl":"https:\/\/www.deinadieu.ch\/wp-content\/uploads\/2020\/10\/BLOG_Dieter_Foerster_0909207682.jpg","width":1280,"height":720,"caption":"Dieter F\u00f6rster devant l'\u00e9glise r\u00e9form\u00e9e de Bubikon (ZH). \u00ab Je suis reconnaissant pour le temps pass\u00e9 avec Ruth. \u00bb (Photo : Paolo Foschini)"},{"@type":"BreadcrumbList","@id":"https:\/\/www.deinadieu.ch\/fr\/dieter-foerster-la-main-tendue-a-sauve-notre-famille\/#breadcrumb","itemListElement":[{"@type":"ListItem","position":1,"name":"Home","item":"https:\/\/www.deinadieu.ch\/fr\/deinadieu-dialog-und-serviceportal-zum-lebensende\/"},{"@type":"ListItem","position":2,"name":"Dieter F\u00f6rster : \u00ab La Main Tendue a sauv\u00e9 notre famille \u00bb"}]},{"@type":"WebSite","@id":"https:\/\/www.deinadieu.ch\/fr\/#website","url":"https:\/\/www.deinadieu.ch\/fr\/","name":"DeinAdieu.ch","description":"Testament, Patientenverf\u00fcgung und Vorsorgeauftrag","publisher":{"@id":"https:\/\/www.deinadieu.ch\/fr\/#organization"},"potentialAction":[{"@type":"SearchAction","target":{"@type":"EntryPoint","urlTemplate":"https:\/\/www.deinadieu.ch\/fr\/?s={search_term_string}"},"query-input":{"@type":"PropertyValueSpecification","valueRequired":true,"valueName":"search_term_string"}}],"inLanguage":"fr-FR"},{"@type":"Organization","@id":"https:\/\/www.deinadieu.ch\/fr\/#organization","name":"EMNA Web GmbH","url":"https:\/\/www.deinadieu.ch\/fr\/","logo":{"@type":"ImageObject","inLanguage":"fr-FR","@id":"https:\/\/www.deinadieu.ch\/fr\/#\/schema\/logo\/image\/","url":"https:\/\/www.deinadieu.ch\/wp-content\/uploads\/2016\/01\/DeinAdieu_Logo.png","contentUrl":"https:\/\/www.deinadieu.ch\/wp-content\/uploads\/2016\/01\/DeinAdieu_Logo.png","width":300,"height":117,"caption":"EMNA Web GmbH"},"image":{"@id":"https:\/\/www.deinadieu.ch\/fr\/#\/schema\/logo\/image\/"},"sameAs":["https:\/\/www.facebook.com\/deinadieu","https:\/\/x.com\/DeinAdieu","https:\/\/www.instagram.com\/deinadieu\/","https:\/\/www.linkedin.com\/company\/deinadieu.ch"]},{"@type":"Person","@id":"https:\/\/www.deinadieu.ch\/fr\/#\/schema\/person\/47522dd97d1b840f11a7e637e69c4a82","name":"Martin Schuppli","image":{"@type":"ImageObject","inLanguage":"fr-FR","@id":"https:\/\/secure.gravatar.com\/avatar\/3f6dee2a3d53d202b91ce982afc75191f59466c9d54dc61e5322d152b8eb2881?s=96&d=mm&r=g","url":"https:\/\/secure.gravatar.com\/avatar\/3f6dee2a3d53d202b91ce982afc75191f59466c9d54dc61e5322d152b8eb2881?s=96&d=mm&r=g","contentUrl":"https:\/\/secure.gravatar.com\/avatar\/3f6dee2a3d53d202b91ce982afc75191f59466c9d54dc61e5322d152b8eb2881?s=96&d=mm&r=g","caption":"Martin Schuppli"},"description":"Martin Schuppli, *1955, arbeitete w\u00e4hrend 30 Jahren als Journalist bei Ringier AG. Er begann als Produzent beim Blick, schrieb sp\u00e4ter f\u00fcr SonntagsBlick, Gesundheit-Sprechstunde und Schweizer Illustrierte. 2009 machte er sich selbstst\u00e4ndig, sagte: \u00abIch schreibe mich durchs Leben.\u00bb Seit 2015 ist Martin Schuppli zusammen mit Nicolas Gehrig, CEO und dem Team daran, das Webportal DeinAdieu aufzubauen. \u00abHier kann ich schreiben. Und zwar \u00fcber das, was die Menschen am meisten interessiert. \u00dcber Menschen.\u00bb","url":"https:\/\/www.deinadieu.ch\/fr\/author\/martin\/"}]}},"_links":{"self":[{"href":"https:\/\/www.deinadieu.ch\/fr\/wp-json\/wp\/v2\/posts\/50022","targetHints":{"allow":["GET"]}}],"collection":[{"href":"https:\/\/www.deinadieu.ch\/fr\/wp-json\/wp\/v2\/posts"}],"about":[{"href":"https:\/\/www.deinadieu.ch\/fr\/wp-json\/wp\/v2\/types\/post"}],"author":[{"embeddable":true,"href":"https:\/\/www.deinadieu.ch\/fr\/wp-json\/wp\/v2\/users\/2"}],"replies":[{"embeddable":true,"href":"https:\/\/www.deinadieu.ch\/fr\/wp-json\/wp\/v2\/comments?post=50022"}],"version-history":[{"count":5,"href":"https:\/\/www.deinadieu.ch\/fr\/wp-json\/wp\/v2\/posts\/50022\/revisions"}],"predecessor-version":[{"id":56578,"href":"https:\/\/www.deinadieu.ch\/fr\/wp-json\/wp\/v2\/posts\/50022\/revisions\/56578"}],"wp:featuredmedia":[{"embeddable":true,"href":"https:\/\/www.deinadieu.ch\/fr\/wp-json\/wp\/v2\/media\/25440"}],"wp:attachment":[{"href":"https:\/\/www.deinadieu.ch\/fr\/wp-json\/wp\/v2\/media?parent=50022"}],"wp:term":[{"taxonomy":"category","embeddable":true,"href":"https:\/\/www.deinadieu.ch\/fr\/wp-json\/wp\/v2\/categories?post=50022"},{"taxonomy":"post_tag","embeddable":true,"href":"https:\/\/www.deinadieu.ch\/fr\/wp-json\/wp\/v2\/tags?post=50022"}],"curies":[{"name":"wp","href":"https:\/\/api.w.org\/{rel}","templated":true}]}}