{"id":49995,"date":"2020-10-23T08:13:07","date_gmt":"2020-10-23T06:13:07","guid":{"rendered":"https:\/\/www.deinadieu.ch\/matthias-von-allmen-de-loeuvre-sociale-du-pasteur-sieber-les-faveurs-testamentaires-doivent-correspondre-au-souhait-du-legataire\/"},"modified":"2022-04-22T13:42:59","modified_gmt":"2022-04-22T11:42:59","slug":"matthias-von-allmen-de-loeuvre-sociale-du-pasteur-sieber-les-faveurs-testamentaires-doivent-correspondre-au-souhait-du-legataire","status":"publish","type":"post","link":"https:\/\/www.deinadieu.ch\/fr\/matthias-von-allmen-de-loeuvre-sociale-du-pasteur-sieber-les-faveurs-testamentaires-doivent-correspondre-au-souhait-du-legataire\/","title":{"rendered":"Matthias von Allmen, de l&#8217;\u0153uvre sociale du Pasteur Sieber : \u00ab Les faveurs testamentaires doivent correspondre au souhait du l\u00e9gataire \u00bb"},"content":{"rendered":"\n<p>La d\u00e9pendance et les maladies qui en d\u00e9coulent, le ch\u00f4mage et le sans-abrisme, la solitude et l&#8217;\u00e9tat d&#8217;abandon sont des probl\u00e8mes humains auxquels l&#8217;oeuvre sociale du Pasteur Sieber tente d&#8217;apporter de l&#8217;aide. Matthias von Allmen et ses coll\u00e8gues de travail de l&#8217;\u00e9quipe de communication procurent les fonds n\u00e9cessaires \u00e0 cet engagement. Il en dit davantage \u00e0 ce sujet dans l&#8217;entretien avec DeinAdieu.<\/p>\n\n<!--more-->\n\n<p>Matthias von Allmen, 42 ans, travaille pour l&#8217;oeuvre sociale du Pasteur Sieber depuis mars 2020. En tant que responsable de la collecte de fonds, il est charg\u00e9 de r\u00e9unir les fonds n\u00e9cessaires \u00e0 la r\u00e9alisation des activit\u00e9s de l&#8217;oeuvre sociale. \u00ab Je m&#8217;estime heureux de pouvoir m&#8217;atteler \u00e0 cette t\u00e2che importante avec des coll\u00e8gues de travail comp\u00e9tents et engag\u00e9s \u00bb, d\u00e9clare Matthias von Allmen. \u00ab Je communique nos besoins financiers et les possibilit\u00e9s de soutien. J&#8217;organise \u00e9galement la relation avec nos soutiens. J&#8217;\u00e9prouve un plaisir particulier \u00e0 aborder des l\u00e9gataires potentiels, \u00e0 \u00e9changer avec eux et \u00e0 pouvoir les accompagner dans leur parcours de vie. \u00bb<\/p>\n\n<figure class=\"wp-block-image size-large\"><img loading=\"lazy\" decoding=\"async\" width=\"1024\" height=\"576\" src=\"https:\/\/deinadieu.ch\/wp-content\/uploads\/2020\/10\/BLOG_Matthias_Vonallmen_Portraet1-1024x576.jpg\" alt=\"Matthias von Allmen, responsable de la collecte de fonds &#xE0; l'oeuvre sociale du Pasteur Sieber\" class=\"wp-image-26064\" srcset=\"https:\/\/www.deinadieu.ch\/wp-content\/uploads\/2020\/10\/BLOG_Matthias_Vonallmen_Portraet1-1024x576.jpg 1024w, https:\/\/www.deinadieu.ch\/wp-content\/uploads\/2020\/10\/BLOG_Matthias_Vonallmen_Portraet1-300x169.jpg 300w, https:\/\/www.deinadieu.ch\/wp-content\/uploads\/2020\/10\/BLOG_Matthias_Vonallmen_Portraet1.jpg 1280w\" sizes=\"auto, (max-width: 1024px) 100vw, 1024px\" \/><figcaption>Matthias von Allmen : \u00ab Pour moi, il est \u00e9mouvant de pouvoir d\u00e9fendre et r\u00e9aliser les souhaits les plus chers de nos soutiens apr\u00e8s la fin de leur vie. \u00bb (Photo : Paolo Foschini)<\/figcaption><\/figure>\n\n<h2 class=\"wp-block-heading\" id=\"h-nachl-sse-erm-glichen-uns-investitionen\">\u00ab Les h\u00e9ritages nous permettent de faire des investissement \u00bb<\/h2>\n\n<p><strong>M. von Allmen, quelles sont les t\u00e2ches de l&#8217;oeuvre sociale du Pasteur Sieber ?<\/strong><br\/><strong>Matthias von Allmen :<\/strong> Les situations de vie des personnes qui viennent nous voir sont caract\u00e9ris\u00e9es par divers probl\u00e8mes : la toxicomanie et les maladies qui en d\u00e9coulent, le ch\u00f4mage, le sans-abrisme, la solitude et l&#8217;\u00e9tat d&#8217;abandon. L&#8217;oeuvre sociale du Pasteur Sieber regroupe actuellement des \u00e9tablissements dans les domaines de la lutte contre la drogue et le sans-abrisme, de la m\u00e9decine sociale et de la r\u00e9insertion.<\/p>\n\n<p><strong>Comment vous financez-vous ?<br\/><\/strong>Nous sommes en mesure de financer pr\u00e8s des deux tiers de notre travail pour les personnes qui en ont besoin en facturant les prestations aux communes et aux assurances sociales. Cependant, \u00e9tant donn\u00e9 que, souvent, les besoins des personnes que nous prenons en charge ne sont pas couverts par le syst\u00e8me public de s\u00e9curit\u00e9 sociale, nous devons financer un bon tiers de nos d\u00e9penses par des dons et des legs.<\/p>\n\n<p><strong>Quelle est l&#8217;importance des revenus provenant des h\u00e9ritages et des legs pour l&#8217;oeuvre sociale ?<\/strong><br\/>Les fonds successoraux nous permettent de proc\u00e9der \u00e0 des investissements tels que la construction de la maison du Pasteur Sieber \u00e0 Zurich-Affoltern. Elle devrait simplifier le fonctionnement de notre h\u00f4pital sp\u00e9cialis\u00e9 et nous permettre de combiner diff\u00e9rentes institutions r\u00e9sidentielles. En outre, il est \u00e9mouvant de pouvoir d\u00e9fendre et r\u00e9aliser les souhaits les plus chers de nos soutiens apr\u00e8s le fin de leur vie.<\/p>\n\n<figure class=\"wp-block-image size-large\"><img loading=\"lazy\" decoding=\"async\" width=\"1024\" height=\"576\" src=\"https:\/\/deinadieu.ch\/wp-content\/uploads\/2020\/10\/BLOG_Matthias_Vonallmen_Portraet3-1024x576.jpg\" alt=\"Matthias von Allmen, responsable de la collecte de fonds &#xE0; l'oeuvre sociale du Pasteur Sieber\" class=\"wp-image-26068\" srcset=\"https:\/\/www.deinadieu.ch\/wp-content\/uploads\/2020\/10\/BLOG_Matthias_Vonallmen_Portraet3-1024x576.jpg 1024w, https:\/\/www.deinadieu.ch\/wp-content\/uploads\/2020\/10\/BLOG_Matthias_Vonallmen_Portraet3-300x169.jpg 300w, https:\/\/www.deinadieu.ch\/wp-content\/uploads\/2020\/10\/BLOG_Matthias_Vonallmen_Portraet3.jpg 1280w\" sizes=\"auto, (max-width: 1024px) 100vw, 1024px\" \/><figcaption>\u00ab Les motivations des l\u00e9gataires sont aussi diverses et individuelles que les l\u00e9gataires eux-m\u00eames \u00bb, dit Matthias von Allmen. (Photo : Paolo Foschini)<\/figcaption><\/figure>\n\n<h2 class=\"wp-block-heading\" id=\"h-wir-kennen-viele-die-uns-unterst-tzen\">\u00ab Nous connaissons la plupart des gens qui nous soutiennent \u00bb<\/h2>\n\n<p><strong>Pouvez-vous d\u00e9crire les personnes qui laissent un h\u00e9ritage \u00e0 votre organisation ?<\/strong><br\/>Ces personnes sont diff\u00e9rentes : certaines nous ont soutenus financi\u00e8rement ou activement au cours de leur vie, d&#8217;autres n&#8217;ont eu aucune relation active avec nous. Certaines personnes n&#8217;ont appris notre existence que r\u00e9cemment. Certaines sont croyantes, d&#8217;autres croient en la valeur de notre travail. Je trouve merveilleux que le montant des legs varie entre quelques centaines de francs et quelques millions.<\/p>\n\n<p><strong>Qu&#8217;est-ce qui motive ces personnes \u00e0 faire cela ?<\/strong><br\/>Les motivations des l\u00e9gataires sont aussi diverses et individuelles que les l\u00e9gataires eux-m\u00eames : il y en a qui poursuivent de cette mani\u00e8re leur engagement en tant que b\u00e9n\u00e9voles ou donateurs pour notre oeuvre sociale. D&#8217;autres font un don en raison de leur foi ou de leur souvenir du pasteur Sieber. Enfin, certaines aimeraient s&#8217;engager pour ceux qui en ont besoin au-del\u00e0 de la fin de leur propre vie.<\/p>\n\n<figure class=\"wp-block-image size-large\"><img loading=\"lazy\" decoding=\"async\" width=\"1024\" height=\"576\" src=\"https:\/\/deinadieu.ch\/wp-content\/uploads\/2020\/10\/BLOG_Matthias_Vonallmen__Portraet2-1024x576.jpg\" alt=\"Matthias von Allmen, responsable de la collecte de fonds &#xE0; l'oeuvre sociale du Pasteur Sieber\" class=\"wp-image-26056\" srcset=\"https:\/\/www.deinadieu.ch\/wp-content\/uploads\/2020\/10\/BLOG_Matthias_Vonallmen__Portraet2-1024x576.jpg 1024w, https:\/\/www.deinadieu.ch\/wp-content\/uploads\/2020\/10\/BLOG_Matthias_Vonallmen__Portraet2-300x169.jpg 300w, https:\/\/www.deinadieu.ch\/wp-content\/uploads\/2020\/10\/BLOG_Matthias_Vonallmen__Portraet2.jpg 1280w\" sizes=\"auto, (max-width: 1024px) 100vw, 1024px\" \/><figcaption>\u00ab Nous rencontrons de plus en plus de personnes qui nous incluent dans leurs derni\u00e8res volont\u00e9s \u00bb, d\u00e9clare Matthias von Allmen. (Photo : Paolo Foschini)<\/figcaption><\/figure>\n\n<h2 class=\"wp-block-heading\" id=\"h-menschen-ringen-um-gute-nachlassl-sungen\">Les gens ont de la peine \u00e0 trouver de bonnes solutions successorales<\/h2>\n\n<p><strong>Y a-t-il aussi des donatrices et donateurs qui prennent en compte votre organisation et que vous ne connaissiez pas auparavant ?<\/strong><br\/>Il y a toujours des personnes qui incluent notre organisation dans leurs derni\u00e8res volont\u00e9s, m\u00eame si elles n&#8217;ont pas eu de relation active avec nous de leur vivant. Cependant, la tendance r\u00e9jouissante est que nous pouvons rencontrer de plus en plus de personnes qui nous incluent dans leurs derni\u00e8res volont\u00e9s. Ces personnes aimeraient apprendre \u00e0 nous conna\u00eetre ainsi que notre travail, notamment afin de pouvoir d\u00e9terminer si et dans quelle mesure la faveur testamentaire correspond \u00e0 leur souhait.<\/p>\n\n<p><strong>Comment faire d\u00e9couvrir la donation testamentaire aux donatrices et aux donateurs sans para\u00eetre irrespectueux ?<\/strong><br\/>D&#8217;immenses fortunes sont h\u00e9rit\u00e9es chaque ann\u00e9e, le nouveau droit des successions pr\u00e9voit une quotit\u00e9 disponible plus importante et tout le monde n&#8217;a pas des proches qui sont des h\u00e9ritiers potentiels. Ou alors la relation avec les h\u00e9ritiers potentiels est brouill\u00e9e. Informer de la possibilit\u00e9 de ce merveilleux don est donc plus que l\u00e9gitime.<\/p>\n\n<p><strong>Les testateurs recherchent-ils des solutions individuelles ?<\/strong><br\/>C&#8217;est juste. Je vois sans cesse des gens qui ont de la peine \u00e0 trouver une bonne solution pour leur succession et qui sont grandement soulag\u00e9s quand ils y sont parvenus. Il est toutefois fondamental que la faveur testamentaire corresponde \u00e0 leur souhait.<\/p>\n\n<figure class=\"wp-block-image size-large\"><img loading=\"lazy\" decoding=\"async\" width=\"1024\" height=\"576\" src=\"https:\/\/deinadieu.ch\/wp-content\/uploads\/2020\/10\/BLOG_Matthias_Vonallmen__Portraet4-1024x576.jpg\" alt=\"Matthias von Allmen, responsable de la collecte de fonds aupr&#xE8;s de l'oeuvre sociale du Pasteur Sieber.\" class=\"wp-image-26072\" srcset=\"https:\/\/www.deinadieu.ch\/wp-content\/uploads\/2020\/10\/BLOG_Matthias_Vonallmen__Portraet4-1024x576.jpg 1024w, https:\/\/www.deinadieu.ch\/wp-content\/uploads\/2020\/10\/BLOG_Matthias_Vonallmen__Portraet4-300x169.jpg 300w, https:\/\/www.deinadieu.ch\/wp-content\/uploads\/2020\/10\/BLOG_Matthias_Vonallmen__Portraet4.jpg 1280w\" sizes=\"auto, (max-width: 1024px) 100vw, 1024px\" \/><figcaption>Matthias von Allmen, responsable de la collecte de fonds aupr\u00e8s de l&#8217;oeuvre sociale du Pasteur Sieber. (Photo : Paolo Foschini) <\/figcaption><\/figure>\n\n<h2 class=\"wp-block-heading\" id=\"h-das-letzte-b-ro-in-gedanken-gemacht\"><strong>Le \u00ab dernier office \u00bb fait en pens\u00e9es<\/strong><\/h2>\n\n<p><br\/><strong>Pour conclure : Monsieur von Allmen, avez-vous d\u00e9j\u00e0 fait votre \u00ab dernier office \u00bb, votre testament ?<\/strong><br\/><strong>Matthias von Allmen :<\/strong> Comme je suis en contact avec des l\u00e9gataires potentiels depuis 2019, je devrais en fait d\u00e9j\u00e0 avoir v\u00e9cu cette exp\u00e9rience \u00e9mouvante. Mais pour moi, c&#8217;est aussi un processus que j&#8217;ai commenc\u00e9 dans mon esprit.<\/p>\n\n<p class=\"has-text-align-right\">Entretien : Martin Schuppli, photos : Paolo Foschini<\/p>\n\n\n        <div class=\"da-servicebox relative bg-gray-200 p-4 pt-8 border-solid border-t-8 border-da-dark mb-6\">\n            <i class=\"fas fa-info-circle mx-auto fa-7x text-da-dark\"><\/i>\n            <span style=\"hyphens: auto\">\n                \n\n<p>L&#8217;oeuvre sociale du Pasteur Sieber est un partenaire de DeinAdieu. Vous trouvez le <a href=\"https:\/\/www.deinadieu.ch\/fr\/oeuvres-de-bienfaisance\/\">profil<\/a> ici <\/p>\n\n\n                \n                \n            <\/span>\n        <\/div>\n        \n","protected":false},"excerpt":{"rendered":"<p>La d\u00e9pendance et les maladies qui en d\u00e9coulent, le ch\u00f4mage et le sans-abrisme, la solitude et l&#8217;\u00e9tat d&#8217;abandon sont des probl\u00e8mes humains auxquels l&#8217;oeuvre sociale du Pasteur Sieber tente d&#8217;apporter de l&#8217;aide. Matthias von Allmen et ses coll\u00e8gues de travail de l&#8217;\u00e9quipe de communication procurent les fonds n\u00e9cessaires \u00e0 cet engagement. Il en dit davantage [&hellip;]<\/p>\n","protected":false},"author":2,"featured_media":26060,"comment_status":"open","ping_status":"closed","sticky":false,"template":"","format":"standard","meta":{"_acf_changed":false,"footnotes":""},"categories":[2450],"tags":[2555,2087,2469,2005],"class_list":["post-49995","post","type-post","status-publish","format-standard","has-post-thumbnail","hentry","category-oeuvres-caritatives","tag-legs-fr-2","tag-prevoyance","tag-quel-effet-mon-heritage-peut-il-avoir","tag-testament-fr"],"acf":[],"yoast_head":"<title>Entretien avec Matthias von Allmen de l&#039;\u0153uvre sociale du Pasteur Sieber<\/title>\n<meta name=\"description\" content=\"Matthias von Allmen et son \u00e9quipe de communication procurent les fonds n\u00e9cessaires \u00e0 l&#039;engagement humanitaire de l&#039;\u0153uvre sociale du Pasteur Sieber\" \/>\n<meta name=\"robots\" content=\"index, follow, max-snippet:-1, max-image-preview:large, max-video-preview:-1\" \/>\n<link rel=\"canonical\" href=\"https:\/\/www.deinadieu.ch\/fr\/matthias-von-allmen-de-loeuvre-sociale-du-pasteur-sieber-les-faveurs-testamentaires-doivent-correspondre-au-souhait-du-legataire\/\" \/>\n<meta property=\"og:locale\" content=\"fr_FR\" \/>\n<meta property=\"og:type\" content=\"article\" \/>\n<meta property=\"og:title\" content=\"Matthias von Allmen, de l&#039;\u0153uvre sociale du Pasteur Sieber : \u00ab Les faveurs testamentaires doivent correspondre au souhait du l\u00e9gataire \u00bb\" \/>\n<meta property=\"og:description\" content=\"La d\u00e9pendance et les maladies qui en d\u00e9coulent, le ch\u00f4mage et le sans-abrisme, la solitude et l&#039;\u00e9tat d&#039;abandon sont des probl\u00e8mes humains auxquels\" \/>\n<meta property=\"og:url\" content=\"https:\/\/www.deinadieu.ch\/fr\/matthias-von-allmen-de-loeuvre-sociale-du-pasteur-sieber-les-faveurs-testamentaires-doivent-correspondre-au-souhait-du-legataire\/\" \/>\n<meta property=\"og:site_name\" content=\"DeinAdieu.ch\" \/>\n<meta property=\"article:publisher\" content=\"https:\/\/www.facebook.com\/deinadieu\" \/>\n<meta property=\"article:published_time\" content=\"2020-10-23T06:13:07+00:00\" \/>\n<meta property=\"article:modified_time\" content=\"2022-04-22T11:42:59+00:00\" \/>\n<meta property=\"og:image\" content=\"https:\/\/static.deinadieu.ch\/uploads\/2020\/10\/BLOG_Matthias_Vonallmen_Aufmacher.jpg\" \/>\n\t<meta property=\"og:image:width\" content=\"1280\" \/>\n\t<meta property=\"og:image:height\" content=\"720\" \/>\n\t<meta property=\"og:image:type\" content=\"image\/jpeg\" \/>\n<meta name=\"author\" content=\"Martin Schuppli\" \/>\n<meta name=\"twitter:card\" content=\"summary_large_image\" \/>\n<meta name=\"twitter:creator\" content=\"@DeinAdieu\" \/>\n<meta name=\"twitter:site\" content=\"@DeinAdieu\" \/>\n<meta name=\"twitter:label1\" content=\"Written by\" \/>\n\t<meta name=\"twitter:data1\" content=\"Martin Schuppli\" \/>\n\t<meta name=\"twitter:label2\" content=\"Est. reading time\" \/>\n\t<meta name=\"twitter:data2\" content=\"5 minutes\" \/>\n<script type=\"application\/ld+json\" class=\"yoast-schema-graph\">{\"@context\":\"https:\\\/\\\/schema.org\",\"@graph\":[{\"@type\":\"Article\",\"@id\":\"https:\\\/\\\/www.deinadieu.ch\\\/fr\\\/matthias-von-allmen-de-loeuvre-sociale-du-pasteur-sieber-les-faveurs-testamentaires-doivent-correspondre-au-souhait-du-legataire\\\/#article\",\"isPartOf\":{\"@id\":\"https:\\\/\\\/www.deinadieu.ch\\\/fr\\\/matthias-von-allmen-de-loeuvre-sociale-du-pasteur-sieber-les-faveurs-testamentaires-doivent-correspondre-au-souhait-du-legataire\\\/\"},\"author\":{\"name\":\"Martin Schuppli\",\"@id\":\"https:\\\/\\\/www.deinadieu.ch\\\/fr\\\/#\\\/schema\\\/person\\\/47522dd97d1b840f11a7e637e69c4a82\"},\"headline\":\"Matthias von Allmen, de l&#8217;\u0153uvre sociale du Pasteur Sieber : \u00ab Les faveurs testamentaires doivent correspondre au souhait du l\u00e9gataire \u00bb\",\"datePublished\":\"2020-10-23T06:13:07+00:00\",\"dateModified\":\"2022-04-22T11:42:59+00:00\",\"mainEntityOfPage\":{\"@id\":\"https:\\\/\\\/www.deinadieu.ch\\\/fr\\\/matthias-von-allmen-de-loeuvre-sociale-du-pasteur-sieber-les-faveurs-testamentaires-doivent-correspondre-au-souhait-du-legataire\\\/\"},\"wordCount\":1092,\"commentCount\":0,\"publisher\":{\"@id\":\"https:\\\/\\\/www.deinadieu.ch\\\/fr\\\/#organization\"},\"image\":{\"@id\":\"https:\\\/\\\/www.deinadieu.ch\\\/fr\\\/matthias-von-allmen-de-loeuvre-sociale-du-pasteur-sieber-les-faveurs-testamentaires-doivent-correspondre-au-souhait-du-legataire\\\/#primaryimage\"},\"thumbnailUrl\":\"https:\\\/\\\/www.deinadieu.ch\\\/wp-content\\\/uploads\\\/2020\\\/10\\\/BLOG_Matthias_Vonallmen_Aufmacher.jpg\",\"keywords\":[\"Legs\",\"Pr\u00e9voyance\",\"Quel effet mon h\u00e9ritage peut-il avoir ?\",\"Testament\"],\"articleSection\":[\"\u0152uvres caritatives en point de mire\"],\"inLanguage\":\"fr-FR\",\"potentialAction\":[{\"@type\":\"CommentAction\",\"name\":\"Comment\",\"target\":[\"https:\\\/\\\/www.deinadieu.ch\\\/fr\\\/matthias-von-allmen-de-loeuvre-sociale-du-pasteur-sieber-les-faveurs-testamentaires-doivent-correspondre-au-souhait-du-legataire\\\/#respond\"]}]},{\"@type\":\"WebPage\",\"@id\":\"https:\\\/\\\/www.deinadieu.ch\\\/fr\\\/matthias-von-allmen-de-loeuvre-sociale-du-pasteur-sieber-les-faveurs-testamentaires-doivent-correspondre-au-souhait-du-legataire\\\/\",\"url\":\"https:\\\/\\\/www.deinadieu.ch\\\/fr\\\/matthias-von-allmen-de-loeuvre-sociale-du-pasteur-sieber-les-faveurs-testamentaires-doivent-correspondre-au-souhait-du-legataire\\\/\",\"name\":\"Entretien avec Matthias von Allmen de l'\u0153uvre sociale du Pasteur Sieber\",\"isPartOf\":{\"@id\":\"https:\\\/\\\/www.deinadieu.ch\\\/fr\\\/#website\"},\"primaryImageOfPage\":{\"@id\":\"https:\\\/\\\/www.deinadieu.ch\\\/fr\\\/matthias-von-allmen-de-loeuvre-sociale-du-pasteur-sieber-les-faveurs-testamentaires-doivent-correspondre-au-souhait-du-legataire\\\/#primaryimage\"},\"image\":{\"@id\":\"https:\\\/\\\/www.deinadieu.ch\\\/fr\\\/matthias-von-allmen-de-loeuvre-sociale-du-pasteur-sieber-les-faveurs-testamentaires-doivent-correspondre-au-souhait-du-legataire\\\/#primaryimage\"},\"thumbnailUrl\":\"https:\\\/\\\/www.deinadieu.ch\\\/wp-content\\\/uploads\\\/2020\\\/10\\\/BLOG_Matthias_Vonallmen_Aufmacher.jpg\",\"datePublished\":\"2020-10-23T06:13:07+00:00\",\"dateModified\":\"2022-04-22T11:42:59+00:00\",\"description\":\"Matthias von Allmen et son \u00e9quipe de communication procurent les fonds n\u00e9cessaires \u00e0 l'engagement humanitaire de l'\u0153uvre sociale du Pasteur Sieber\",\"breadcrumb\":{\"@id\":\"https:\\\/\\\/www.deinadieu.ch\\\/fr\\\/matthias-von-allmen-de-loeuvre-sociale-du-pasteur-sieber-les-faveurs-testamentaires-doivent-correspondre-au-souhait-du-legataire\\\/#breadcrumb\"},\"inLanguage\":\"fr-FR\",\"potentialAction\":[{\"@type\":\"ReadAction\",\"target\":[\"https:\\\/\\\/www.deinadieu.ch\\\/fr\\\/matthias-von-allmen-de-loeuvre-sociale-du-pasteur-sieber-les-faveurs-testamentaires-doivent-correspondre-au-souhait-du-legataire\\\/\"]}]},{\"@type\":\"ImageObject\",\"inLanguage\":\"fr-FR\",\"@id\":\"https:\\\/\\\/www.deinadieu.ch\\\/fr\\\/matthias-von-allmen-de-loeuvre-sociale-du-pasteur-sieber-les-faveurs-testamentaires-doivent-correspondre-au-souhait-du-legataire\\\/#primaryimage\",\"url\":\"https:\\\/\\\/www.deinadieu.ch\\\/wp-content\\\/uploads\\\/2020\\\/10\\\/BLOG_Matthias_Vonallmen_Aufmacher.jpg\",\"contentUrl\":\"https:\\\/\\\/www.deinadieu.ch\\\/wp-content\\\/uploads\\\/2020\\\/10\\\/BLOG_Matthias_Vonallmen_Aufmacher.jpg\",\"width\":1280,\"height\":720,\"caption\":\"Matthias von Allmen, responsable de la collecte de fonds \u00e0 l'oeuvre sociale du Pasteur Sieber, devant la photo du fondateur. Le pasteur de Zurich (1927-2018) s'est fait conna\u00eetre dans toute la Suisse pour son engagement envers les sans-abri, les toxicomanes et les personnes atteintes du sida. (Photo : Paolo Foschini)\"},{\"@type\":\"BreadcrumbList\",\"@id\":\"https:\\\/\\\/www.deinadieu.ch\\\/fr\\\/matthias-von-allmen-de-loeuvre-sociale-du-pasteur-sieber-les-faveurs-testamentaires-doivent-correspondre-au-souhait-du-legataire\\\/#breadcrumb\",\"itemListElement\":[{\"@type\":\"ListItem\",\"position\":1,\"name\":\"Home\",\"item\":\"https:\\\/\\\/www.deinadieu.ch\\\/fr\\\/deinadieu-dialog-und-serviceportal-zum-lebensende\\\/\"},{\"@type\":\"ListItem\",\"position\":2,\"name\":\"Matthias von Allmen, de l&#8217;\u0153uvre sociale du Pasteur Sieber : \u00ab Les faveurs testamentaires doivent correspondre au souhait du l\u00e9gataire \u00bb\"}]},{\"@type\":\"WebSite\",\"@id\":\"https:\\\/\\\/www.deinadieu.ch\\\/fr\\\/#website\",\"url\":\"https:\\\/\\\/www.deinadieu.ch\\\/fr\\\/\",\"name\":\"DeinAdieu.ch\",\"description\":\"Testament, Patientenverf\u00fcgung und Vorsorgeauftrag\",\"publisher\":{\"@id\":\"https:\\\/\\\/www.deinadieu.ch\\\/fr\\\/#organization\"},\"potentialAction\":[{\"@type\":\"SearchAction\",\"target\":{\"@type\":\"EntryPoint\",\"urlTemplate\":\"https:\\\/\\\/www.deinadieu.ch\\\/fr\\\/?s={search_term_string}\"},\"query-input\":{\"@type\":\"PropertyValueSpecification\",\"valueRequired\":true,\"valueName\":\"search_term_string\"}}],\"inLanguage\":\"fr-FR\"},{\"@type\":\"Organization\",\"@id\":\"https:\\\/\\\/www.deinadieu.ch\\\/fr\\\/#organization\",\"name\":\"EMNA Web GmbH\",\"url\":\"https:\\\/\\\/www.deinadieu.ch\\\/fr\\\/\",\"logo\":{\"@type\":\"ImageObject\",\"inLanguage\":\"fr-FR\",\"@id\":\"https:\\\/\\\/www.deinadieu.ch\\\/fr\\\/#\\\/schema\\\/logo\\\/image\\\/\",\"url\":\"https:\\\/\\\/www.deinadieu.ch\\\/wp-content\\\/uploads\\\/2016\\\/01\\\/DeinAdieu_Logo.png\",\"contentUrl\":\"https:\\\/\\\/www.deinadieu.ch\\\/wp-content\\\/uploads\\\/2016\\\/01\\\/DeinAdieu_Logo.png\",\"width\":300,\"height\":117,\"caption\":\"EMNA Web GmbH\"},\"image\":{\"@id\":\"https:\\\/\\\/www.deinadieu.ch\\\/fr\\\/#\\\/schema\\\/logo\\\/image\\\/\"},\"sameAs\":[\"https:\\\/\\\/www.facebook.com\\\/deinadieu\",\"https:\\\/\\\/x.com\\\/DeinAdieu\",\"https:\\\/\\\/www.instagram.com\\\/deinadieu\\\/\",\"https:\\\/\\\/www.linkedin.com\\\/company\\\/deinadieu.ch\"]},{\"@type\":\"Person\",\"@id\":\"https:\\\/\\\/www.deinadieu.ch\\\/fr\\\/#\\\/schema\\\/person\\\/47522dd97d1b840f11a7e637e69c4a82\",\"name\":\"Martin Schuppli\",\"image\":{\"@type\":\"ImageObject\",\"inLanguage\":\"fr-FR\",\"@id\":\"https:\\\/\\\/secure.gravatar.com\\\/avatar\\\/3f6dee2a3d53d202b91ce982afc75191f59466c9d54dc61e5322d152b8eb2881?s=96&d=mm&r=g\",\"url\":\"https:\\\/\\\/secure.gravatar.com\\\/avatar\\\/3f6dee2a3d53d202b91ce982afc75191f59466c9d54dc61e5322d152b8eb2881?s=96&d=mm&r=g\",\"contentUrl\":\"https:\\\/\\\/secure.gravatar.com\\\/avatar\\\/3f6dee2a3d53d202b91ce982afc75191f59466c9d54dc61e5322d152b8eb2881?s=96&d=mm&r=g\",\"caption\":\"Martin Schuppli\"},\"description\":\"Martin Schuppli, *1955, arbeitete w\u00e4hrend 30 Jahren als Journalist bei Ringier AG. Er begann als Produzent beim Blick, schrieb sp\u00e4ter f\u00fcr SonntagsBlick, Gesundheit-Sprechstunde und Schweizer Illustrierte. 2009 machte er sich selbstst\u00e4ndig, sagte: \u00abIch schreibe mich durchs Leben.\u00bb Seit 2015 ist Martin Schuppli zusammen mit Nicolas Gehrig, CEO und dem Team daran, das Webportal DeinAdieu aufzubauen. \u00abHier kann ich schreiben. Und zwar \u00fcber das, was die Menschen am meisten interessiert. \u00dcber Menschen.\u00bb\",\"url\":\"https:\\\/\\\/www.deinadieu.ch\\\/fr\\\/author\\\/martin\\\/\"}]}<\/script>","yoast_head_json":{"title":"Entretien avec Matthias von Allmen de l'\u0153uvre sociale du Pasteur Sieber","description":"Matthias von Allmen et son \u00e9quipe de communication procurent les fonds n\u00e9cessaires \u00e0 l'engagement humanitaire de l'\u0153uvre sociale du Pasteur Sieber","robots":{"index":"index","follow":"follow","max-snippet":"max-snippet:-1","max-image-preview":"max-image-preview:large","max-video-preview":"max-video-preview:-1"},"canonical":"https:\/\/www.deinadieu.ch\/fr\/matthias-von-allmen-de-loeuvre-sociale-du-pasteur-sieber-les-faveurs-testamentaires-doivent-correspondre-au-souhait-du-legataire\/","og_locale":"fr_FR","og_type":"article","og_title":"Matthias von Allmen, de l'\u0153uvre sociale du Pasteur Sieber : \u00ab Les faveurs testamentaires doivent correspondre au souhait du l\u00e9gataire \u00bb","og_description":"La d\u00e9pendance et les maladies qui en d\u00e9coulent, le ch\u00f4mage et le sans-abrisme, la solitude et l'\u00e9tat d'abandon sont des probl\u00e8mes humains auxquels","og_url":"https:\/\/www.deinadieu.ch\/fr\/matthias-von-allmen-de-loeuvre-sociale-du-pasteur-sieber-les-faveurs-testamentaires-doivent-correspondre-au-souhait-du-legataire\/","og_site_name":"DeinAdieu.ch","article_publisher":"https:\/\/www.facebook.com\/deinadieu","article_published_time":"2020-10-23T06:13:07+00:00","article_modified_time":"2022-04-22T11:42:59+00:00","og_image":[{"width":1280,"height":720,"url":"https:\/\/static.deinadieu.ch\/uploads\/2020\/10\/BLOG_Matthias_Vonallmen_Aufmacher.jpg","type":"image\/jpeg"}],"author":"Martin Schuppli","twitter_card":"summary_large_image","twitter_creator":"@DeinAdieu","twitter_site":"@DeinAdieu","twitter_misc":{"Written by":"Martin Schuppli","Est. reading time":"5 minutes"},"schema":{"@context":"https:\/\/schema.org","@graph":[{"@type":"Article","@id":"https:\/\/www.deinadieu.ch\/fr\/matthias-von-allmen-de-loeuvre-sociale-du-pasteur-sieber-les-faveurs-testamentaires-doivent-correspondre-au-souhait-du-legataire\/#article","isPartOf":{"@id":"https:\/\/www.deinadieu.ch\/fr\/matthias-von-allmen-de-loeuvre-sociale-du-pasteur-sieber-les-faveurs-testamentaires-doivent-correspondre-au-souhait-du-legataire\/"},"author":{"name":"Martin Schuppli","@id":"https:\/\/www.deinadieu.ch\/fr\/#\/schema\/person\/47522dd97d1b840f11a7e637e69c4a82"},"headline":"Matthias von Allmen, de l&#8217;\u0153uvre sociale du Pasteur Sieber : \u00ab Les faveurs testamentaires doivent correspondre au souhait du l\u00e9gataire \u00bb","datePublished":"2020-10-23T06:13:07+00:00","dateModified":"2022-04-22T11:42:59+00:00","mainEntityOfPage":{"@id":"https:\/\/www.deinadieu.ch\/fr\/matthias-von-allmen-de-loeuvre-sociale-du-pasteur-sieber-les-faveurs-testamentaires-doivent-correspondre-au-souhait-du-legataire\/"},"wordCount":1092,"commentCount":0,"publisher":{"@id":"https:\/\/www.deinadieu.ch\/fr\/#organization"},"image":{"@id":"https:\/\/www.deinadieu.ch\/fr\/matthias-von-allmen-de-loeuvre-sociale-du-pasteur-sieber-les-faveurs-testamentaires-doivent-correspondre-au-souhait-du-legataire\/#primaryimage"},"thumbnailUrl":"https:\/\/www.deinadieu.ch\/wp-content\/uploads\/2020\/10\/BLOG_Matthias_Vonallmen_Aufmacher.jpg","keywords":["Legs","Pr\u00e9voyance","Quel effet mon h\u00e9ritage peut-il avoir ?","Testament"],"articleSection":["\u0152uvres caritatives en point de mire"],"inLanguage":"fr-FR","potentialAction":[{"@type":"CommentAction","name":"Comment","target":["https:\/\/www.deinadieu.ch\/fr\/matthias-von-allmen-de-loeuvre-sociale-du-pasteur-sieber-les-faveurs-testamentaires-doivent-correspondre-au-souhait-du-legataire\/#respond"]}]},{"@type":"WebPage","@id":"https:\/\/www.deinadieu.ch\/fr\/matthias-von-allmen-de-loeuvre-sociale-du-pasteur-sieber-les-faveurs-testamentaires-doivent-correspondre-au-souhait-du-legataire\/","url":"https:\/\/www.deinadieu.ch\/fr\/matthias-von-allmen-de-loeuvre-sociale-du-pasteur-sieber-les-faveurs-testamentaires-doivent-correspondre-au-souhait-du-legataire\/","name":"Entretien avec Matthias von Allmen de l'\u0153uvre sociale du Pasteur Sieber","isPartOf":{"@id":"https:\/\/www.deinadieu.ch\/fr\/#website"},"primaryImageOfPage":{"@id":"https:\/\/www.deinadieu.ch\/fr\/matthias-von-allmen-de-loeuvre-sociale-du-pasteur-sieber-les-faveurs-testamentaires-doivent-correspondre-au-souhait-du-legataire\/#primaryimage"},"image":{"@id":"https:\/\/www.deinadieu.ch\/fr\/matthias-von-allmen-de-loeuvre-sociale-du-pasteur-sieber-les-faveurs-testamentaires-doivent-correspondre-au-souhait-du-legataire\/#primaryimage"},"thumbnailUrl":"https:\/\/www.deinadieu.ch\/wp-content\/uploads\/2020\/10\/BLOG_Matthias_Vonallmen_Aufmacher.jpg","datePublished":"2020-10-23T06:13:07+00:00","dateModified":"2022-04-22T11:42:59+00:00","description":"Matthias von Allmen et son \u00e9quipe de communication procurent les fonds n\u00e9cessaires \u00e0 l'engagement humanitaire de l'\u0153uvre sociale du Pasteur Sieber","breadcrumb":{"@id":"https:\/\/www.deinadieu.ch\/fr\/matthias-von-allmen-de-loeuvre-sociale-du-pasteur-sieber-les-faveurs-testamentaires-doivent-correspondre-au-souhait-du-legataire\/#breadcrumb"},"inLanguage":"fr-FR","potentialAction":[{"@type":"ReadAction","target":["https:\/\/www.deinadieu.ch\/fr\/matthias-von-allmen-de-loeuvre-sociale-du-pasteur-sieber-les-faveurs-testamentaires-doivent-correspondre-au-souhait-du-legataire\/"]}]},{"@type":"ImageObject","inLanguage":"fr-FR","@id":"https:\/\/www.deinadieu.ch\/fr\/matthias-von-allmen-de-loeuvre-sociale-du-pasteur-sieber-les-faveurs-testamentaires-doivent-correspondre-au-souhait-du-legataire\/#primaryimage","url":"https:\/\/www.deinadieu.ch\/wp-content\/uploads\/2020\/10\/BLOG_Matthias_Vonallmen_Aufmacher.jpg","contentUrl":"https:\/\/www.deinadieu.ch\/wp-content\/uploads\/2020\/10\/BLOG_Matthias_Vonallmen_Aufmacher.jpg","width":1280,"height":720,"caption":"Matthias von Allmen, responsable de la collecte de fonds \u00e0 l'oeuvre sociale du Pasteur Sieber, devant la photo du fondateur. Le pasteur de Zurich (1927-2018) s'est fait conna\u00eetre dans toute la Suisse pour son engagement envers les sans-abri, les toxicomanes et les personnes atteintes du sida. (Photo : Paolo Foschini)"},{"@type":"BreadcrumbList","@id":"https:\/\/www.deinadieu.ch\/fr\/matthias-von-allmen-de-loeuvre-sociale-du-pasteur-sieber-les-faveurs-testamentaires-doivent-correspondre-au-souhait-du-legataire\/#breadcrumb","itemListElement":[{"@type":"ListItem","position":1,"name":"Home","item":"https:\/\/www.deinadieu.ch\/fr\/deinadieu-dialog-und-serviceportal-zum-lebensende\/"},{"@type":"ListItem","position":2,"name":"Matthias von Allmen, de l&#8217;\u0153uvre sociale du Pasteur Sieber : \u00ab Les faveurs testamentaires doivent correspondre au souhait du l\u00e9gataire \u00bb"}]},{"@type":"WebSite","@id":"https:\/\/www.deinadieu.ch\/fr\/#website","url":"https:\/\/www.deinadieu.ch\/fr\/","name":"DeinAdieu.ch","description":"Testament, Patientenverf\u00fcgung und Vorsorgeauftrag","publisher":{"@id":"https:\/\/www.deinadieu.ch\/fr\/#organization"},"potentialAction":[{"@type":"SearchAction","target":{"@type":"EntryPoint","urlTemplate":"https:\/\/www.deinadieu.ch\/fr\/?s={search_term_string}"},"query-input":{"@type":"PropertyValueSpecification","valueRequired":true,"valueName":"search_term_string"}}],"inLanguage":"fr-FR"},{"@type":"Organization","@id":"https:\/\/www.deinadieu.ch\/fr\/#organization","name":"EMNA Web GmbH","url":"https:\/\/www.deinadieu.ch\/fr\/","logo":{"@type":"ImageObject","inLanguage":"fr-FR","@id":"https:\/\/www.deinadieu.ch\/fr\/#\/schema\/logo\/image\/","url":"https:\/\/www.deinadieu.ch\/wp-content\/uploads\/2016\/01\/DeinAdieu_Logo.png","contentUrl":"https:\/\/www.deinadieu.ch\/wp-content\/uploads\/2016\/01\/DeinAdieu_Logo.png","width":300,"height":117,"caption":"EMNA Web GmbH"},"image":{"@id":"https:\/\/www.deinadieu.ch\/fr\/#\/schema\/logo\/image\/"},"sameAs":["https:\/\/www.facebook.com\/deinadieu","https:\/\/x.com\/DeinAdieu","https:\/\/www.instagram.com\/deinadieu\/","https:\/\/www.linkedin.com\/company\/deinadieu.ch"]},{"@type":"Person","@id":"https:\/\/www.deinadieu.ch\/fr\/#\/schema\/person\/47522dd97d1b840f11a7e637e69c4a82","name":"Martin Schuppli","image":{"@type":"ImageObject","inLanguage":"fr-FR","@id":"https:\/\/secure.gravatar.com\/avatar\/3f6dee2a3d53d202b91ce982afc75191f59466c9d54dc61e5322d152b8eb2881?s=96&d=mm&r=g","url":"https:\/\/secure.gravatar.com\/avatar\/3f6dee2a3d53d202b91ce982afc75191f59466c9d54dc61e5322d152b8eb2881?s=96&d=mm&r=g","contentUrl":"https:\/\/secure.gravatar.com\/avatar\/3f6dee2a3d53d202b91ce982afc75191f59466c9d54dc61e5322d152b8eb2881?s=96&d=mm&r=g","caption":"Martin Schuppli"},"description":"Martin Schuppli, *1955, arbeitete w\u00e4hrend 30 Jahren als Journalist bei Ringier AG. Er begann als Produzent beim Blick, schrieb sp\u00e4ter f\u00fcr SonntagsBlick, Gesundheit-Sprechstunde und Schweizer Illustrierte. 2009 machte er sich selbstst\u00e4ndig, sagte: \u00abIch schreibe mich durchs Leben.\u00bb Seit 2015 ist Martin Schuppli zusammen mit Nicolas Gehrig, CEO und dem Team daran, das Webportal DeinAdieu aufzubauen. \u00abHier kann ich schreiben. Und zwar \u00fcber das, was die Menschen am meisten interessiert. \u00dcber Menschen.\u00bb","url":"https:\/\/www.deinadieu.ch\/fr\/author\/martin\/"}]}},"_links":{"self":[{"href":"https:\/\/www.deinadieu.ch\/fr\/wp-json\/wp\/v2\/posts\/49995","targetHints":{"allow":["GET"]}}],"collection":[{"href":"https:\/\/www.deinadieu.ch\/fr\/wp-json\/wp\/v2\/posts"}],"about":[{"href":"https:\/\/www.deinadieu.ch\/fr\/wp-json\/wp\/v2\/types\/post"}],"author":[{"embeddable":true,"href":"https:\/\/www.deinadieu.ch\/fr\/wp-json\/wp\/v2\/users\/2"}],"replies":[{"embeddable":true,"href":"https:\/\/www.deinadieu.ch\/fr\/wp-json\/wp\/v2\/comments?post=49995"}],"version-history":[{"count":5,"href":"https:\/\/www.deinadieu.ch\/fr\/wp-json\/wp\/v2\/posts\/49995\/revisions"}],"predecessor-version":[{"id":56576,"href":"https:\/\/www.deinadieu.ch\/fr\/wp-json\/wp\/v2\/posts\/49995\/revisions\/56576"}],"wp:featuredmedia":[{"embeddable":true,"href":"https:\/\/www.deinadieu.ch\/fr\/wp-json\/wp\/v2\/media\/26060"}],"wp:attachment":[{"href":"https:\/\/www.deinadieu.ch\/fr\/wp-json\/wp\/v2\/media?parent=49995"}],"wp:term":[{"taxonomy":"category","embeddable":true,"href":"https:\/\/www.deinadieu.ch\/fr\/wp-json\/wp\/v2\/categories?post=49995"},{"taxonomy":"post_tag","embeddable":true,"href":"https:\/\/www.deinadieu.ch\/fr\/wp-json\/wp\/v2\/tags?post=49995"}],"curies":[{"name":"wp","href":"https:\/\/api.w.org\/{rel}","templated":true}]}}