{"id":49795,"date":"2020-12-09T07:54:07","date_gmt":"2020-12-09T06:54:07","guid":{"rendered":"https:\/\/www.deinadieu.ch\/tom-hofer-je-suis-fascine-par-le-travail-pour-les-gens-avec-les-gens\/"},"modified":"2022-04-22T13:41:29","modified_gmt":"2022-04-22T11:41:29","slug":"tom-hofer-je-suis-fascine-par-le-travail-pour-les-gens-avec-les-gens","status":"publish","type":"post","link":"https:\/\/www.deinadieu.ch\/fr\/tom-hofer-je-suis-fascine-par-le-travail-pour-les-gens-avec-les-gens\/","title":{"rendered":"Tom Hofer : \u00ab Je suis fascin\u00e9 par le travail pour les gens \u2013 avec les gens \u00bb"},"content":{"rendered":"\n<p>Des millions d&#8217;enfants et d&#8217;adolescents n&#8217;ont pas la possibilit\u00e9 d&#8217;aller \u00e0 l&#8217;\u00e9cole. Co-operaid s&#8217;engage en faveur de ces enfants.<\/p>\n\n<!--more-->\n\n<p>Nous nous reconnaissons tout de suite \u00e0 la gare de Sargans. Tom Hofer, collecteur de fonds aupr\u00e8s de l&#8217;oeuvre de bienfaisance Co-operaid est grand et mince. Joyeux et avec un petit coup de coude sympathique. Nous voulons parler de son grand engagement : aider les gens \u00e0 s&#8217;aider eux-m\u00eames. <\/p>\n\n<p>Depuis 2017, il est responsable de la collecte de fonds aupr\u00e8s des donateurs priv\u00e9s chez Co-operaid. Il a obtenu un dipl\u00f4me en management d&#8217;organisations \u00e0 but non lucratif et il est donc un collecteur de fonds dipl\u00f4m\u00e9. Il a \u00e9galement \u00e9tudi\u00e9 la p\u00e9dagogie, le th\u00e9\u00e2tre et l&#8217;art. \u00ab Depuis 2001, j&#8217;ai travaill\u00e9 pour diff\u00e9rentes organisations \u00e0 but non lucratif \u00bb, dit-il. \u00ab S&#8217;engager pour l&#8217;\u00e9ducation des personnes d\u00e9favoris\u00e9es est quelque chose qui a du sens. Je soutiens \u00e0 cent pour cent les projets de Co-operaid. Nos projets apportent \u2039 une aide \u00e0 l&#8217;auto-assistance \u203a et peuvent donc compter sur un r\u00e9seau solide. Nous sommes actifs sur le long terme dans les zones et les pays concern\u00e9s par un projet. \u00bb<\/p>\n\n<p>\u00ab Notre organisation est active en Afrique et en Asie depuis 1981. Nos projets offrent des opportunit\u00e9s aux gens gr\u00e2ce \u00e0 l&#8217;\u00e9ducation. Nous sommes convaincus que les jeunes en particulier peuvent obtenir de meilleurs moyens de subsistance gr\u00e2ce \u00e0 l&#8217;\u00e9ducation. En outre, nous nous concentrons sur la formation et la promotion des femmes. \u00bb<\/p>\n\n<figure class=\"wp-block-image size-large\"><img loading=\"lazy\" decoding=\"async\" width=\"1024\" height=\"576\" src=\"https:\/\/deinadieu.ch\/wp-content\/uploads\/2020\/12\/Blog_TomHofer_Portraet_1-1024x576.jpg\" alt=\"Tom Hofer, co-operaid\" class=\"wp-image-27980\" srcset=\"https:\/\/www.deinadieu.ch\/wp-content\/uploads\/2020\/12\/Blog_TomHofer_Portraet_1-1024x576.jpg 1024w, https:\/\/www.deinadieu.ch\/wp-content\/uploads\/2020\/12\/Blog_TomHofer_Portraet_1-300x169.jpg 300w, https:\/\/www.deinadieu.ch\/wp-content\/uploads\/2020\/12\/Blog_TomHofer_Portraet_1.jpg 1280w\" sizes=\"auto, (max-width: 1024px) 100vw, 1024px\" \/><figcaption>Tom Hofer raconte son travail au Bangladesh. Les nombreuses violences faites aux femmes sont effrayantes, dit l&#8217;homme de 41 ans. C&#8217;est pourquoi Co-operaid soutient sp\u00e9cifiquement les femmes. (Photo : Eddy Risch)<\/figcaption><\/figure>\n\n<h2 class=\"wp-block-heading\" id=\"h-es-gibt-geschichten-die-zerreissen-einem-das-herz\">Certaines histoires vous brisent le c\u0153ur<\/h2>\n\n<p>Tom Hofer sait de quoi il parle. \u00ab J&#8217;ai visit\u00e9 les projets au Bangladesh : nous voulons soutenir sp\u00e9cifiquement les femmes et les filles l\u00e0-bas avec une formation de base et professionnelle. \u00bb<\/p>\n\n<p>\u00ab Les violences faites aux femmes sont tr\u00e8s r\u00e9pandues et cela est effrayant \u00bb, dit l&#8217;homme de 41 ans. Dans la r\u00e9gion de Bandarban, dans les Chittagong Hill Tracts, les jeunes femmes et les jeunes m\u00e8res acqui\u00e8rent des comp\u00e9tences professionnelles dans le cadre de diff\u00e9rents cours. Elles appartiennent \u00e0 la minorit\u00e9 ethnique, soit la population indig\u00e8ne de cette r\u00e9gion. \u00ab De plus, nous avons cr\u00e9\u00e9 une \u00e9cole professionnelle avec notre partenaire local dans la petite ville marchande de Thanchi. Nous veillons \u00e9galement \u00e0 ce que les enfants des minorit\u00e9s ethniques aient acc\u00e8s \u00e0 l&#8217;\u00e9ducation de base dans les \u00e9coles de village locales. \u00bb <\/p>\n\n<p>\u00ab J&#8217;ai presque eu le coeur bris\u00e9 lorsque j&#8217;ai lu dans le journal qu&#8217;un directeur d&#8217;\u00e9cole de la capitale Dacca a d\u00fb aller en prison pour avoir agress\u00e9 sexuellement une \u00e9coli\u00e8re. Ensuite, il a fait appel \u00e0 des hommes de main qui ont mis le feu \u00e0 la jeune femme. \u00bb La voix de Tom Hofer se brise, nous restons silencieux, affect\u00e9s. Il ajoute ensuite : \u00ab Heureusement, les m\u00e9dias et les r\u00e9seaux sociaux contribuent de plus en plus \u00e0 aider le gouvernement \u00e0 lutter contre ces crimes. Cela me donne de l&#8217;espoir pour l&#8217;avenir \u00bb.<\/p>\n\n<figure class=\"wp-block-image size-large\"><img loading=\"lazy\" decoding=\"async\" width=\"1024\" height=\"576\" src=\"https:\/\/deinadieu.ch\/wp-content\/uploads\/2020\/12\/Blog_TomHofer_Portraet_5-1024x576.jpg\" alt=\"Tom Hofer\" class=\"wp-image-27996\" srcset=\"https:\/\/www.deinadieu.ch\/wp-content\/uploads\/2020\/12\/Blog_TomHofer_Portraet_5-1024x576.jpg 1024w, https:\/\/www.deinadieu.ch\/wp-content\/uploads\/2020\/12\/Blog_TomHofer_Portraet_5-300x169.jpg 300w, https:\/\/www.deinadieu.ch\/wp-content\/uploads\/2020\/12\/Blog_TomHofer_Portraet_5.jpg 1280w\" sizes=\"auto, (max-width: 1024px) 100vw, 1024px\" \/><figcaption>Tom Hofer a trouv\u00e9 un foyer avec sa femme et ses enfants \u00e0 Winterthur-Seen. Il rit et dit : \u00ab J&#8217;appr\u00e9cie l&#8217;insouciance avec laquelle les enfants peuvent grandir en Suisse. Ce n\u2019est pas une \u00e9vidence, mais un grand cadeau. \u00bb (Photo : Eddy Risch)<\/figcaption><\/figure>\n\n<h2 class=\"wp-block-heading\" id=\"h-eine-unbeschwerte-kindheit-ist-ein-geschenk\">Une enfance insouciante est un cadeau<\/h2>\n\n<p>Tom Hofer et son \u00e9pouse Marianna sont arriv\u00e9s en Suisse depuis l&#8217;Angleterre en juin 2007. \u00ab Nous avons trouv\u00e9 une nouvelle patrie dans ce pays magnifique. Nos enfants Andreas et Matilda sont n\u00e9s \u00e0 l&#8217;h\u00f4pital cantonal, \u00e0 Winterthur. \u00bb Outre les activit\u00e9s sportives telles que la randonn\u00e9e, la voile, le handball, la natation, le v\u00e9lo, la lecture, la visite de mus\u00e9es et le cin\u00e9ma, la musique est un autre d\u00e9nominateur commun. \u00ab Les enfants jouent du violon et du violoncelle, Marianna apprend \u00e0 jouer du Schwyzer\u00f6rgeli et moi de la fl\u00fbte en sol. \u00bb <\/p>\n\n<p>\u00ab J&#8217;appr\u00e9cie l&#8217;inscouciance avec laquelle les enfants peuvent grandir en Suisse. Ce n\u2019est pas une \u00e9vidence, mais un grand cadeau \u00bb, d\u00e9clare Tom Hofer. Il poursuit en disant qu&#8217;ils ont rapidement trouv\u00e9 leur place dans la vie sociale et culturelle et ont appris \u00e0 conna\u00eetre de nombreuses familles gr\u00e2ce \u00e0 leurs enfants, \u00e0 l&#8217;\u00e9cole et aux associations.<\/p>\n\n<p>Alors que son \u00e9pouse Marianna travaille dans le secteur des technologies m\u00e9dicales, Tom Hofer s&#8217;engage \u00e0 aider les personnes d\u00e9favoris\u00e9es.<\/p>\n\n<p>Tom Hofer sait ce qu&#8217;est la discrimination. \u00ab Ma s\u0153ur est n\u00e9e handicap\u00e9e. J&#8217;ai fait l&#8217;exp\u00e9rience de la diff\u00e9rence et de l&#8217;exclusion qui y est associ\u00e9e. \u00bb <\/p>\n\n<p>Il est donc soucieux de travailler pour les gens et avec les gens. \u00ab Je suis fascin\u00e9 par ce que nous pouvons accomplir dans notre petite oeuvre de bienfaisance. Afin de pouvoir financer ces travaux, nous devons trouver des m\u00e9c\u00e8nes, des donateurs et des parraineurs de projets. Nous recherchons des personnes convaincues pour soutenir notre travail. \u00bb Dans le cadre de ces contacts, l&#8217;\u00e9change personnel est particuli\u00e8rement important pour lui. Il s&#8217;int\u00e9resse au parcours de vie et aux motivations qui se cachent derri\u00e8re un engagement de don. \u00ab J&#8217;appr\u00e9cie beaucoup ces rencontres personnelles avec les donatrices et les donateurs. \u00bb<\/p>\n\n<figure class=\"wp-block-image size-large\"><img loading=\"lazy\" decoding=\"async\" width=\"1024\" height=\"576\" src=\"https:\/\/deinadieu.ch\/wp-content\/uploads\/2020\/12\/Blog_TomHofer_Portraet_4-1024x576.jpg\" alt=\"Tom Hofer\" class=\"wp-image-27992\" srcset=\"https:\/\/www.deinadieu.ch\/wp-content\/uploads\/2020\/12\/Blog_TomHofer_Portraet_4-1024x576.jpg 1024w, https:\/\/www.deinadieu.ch\/wp-content\/uploads\/2020\/12\/Blog_TomHofer_Portraet_4-300x169.jpg 300w, https:\/\/www.deinadieu.ch\/wp-content\/uploads\/2020\/12\/Blog_TomHofer_Portraet_4.jpg 1280w\" sizes=\"auto, (max-width: 1024px) 100vw, 1024px\" \/><figcaption>Tom Hofer appr\u00e9cie l&#8217;\u00e9change personnel avec les donatrices et les donateurs. \u00ab Chez Co-operaid, nous disons que nous sommes une oeuvre de bienfaisance personnelle. \u00bb (Photo : Eddy Risch)<\/figcaption><\/figure>\n\n<h2 class=\"wp-block-heading\" id=\"h-als-nahbares-hilfswerk-pers-nliche-beziehungen-aufbauen\">Construire des relations personnelles en tant qu&#8217;oeuvre de bienfaisance de proximit\u00e9<\/h2>\n\n<p>\u00ab Co-operaid est une oeuvre de bienfaisance \u00e0 taille humaine et donc \u2039 personnelle \u203a. Les donatrices et les donateurs peuvent passer chez nous pour un \u00e9change, pour un caf\u00e9 ou pour un d\u00eener ensemble dans le parc ou au restaurant. Nous voulons vivre cette proximit\u00e9 dans notre culture d&#8217;entreprise. \u00bb<\/p>\n\n<p>Un groupe de donatrices et de donateurs tr\u00e8s fid\u00e8les parraine nos projets. \u00ab Nous avons de nombreuses relations personnelles avec eux, qui se sont d\u00e9velopp\u00e9es au fil des ann\u00e9es. \u00bb Lorsque quelqu&#8217;un met fin \u00e0 un parrainage, il y a souvent une touche de m\u00e9lancolie. \u00ab Ce sont souvent les frais de prise en charge trop \u00e9lev\u00e9s du conjoint qui m\u00e8nent \u00e0 une annulation. \u00bb Ce que de nombreux parraineurs, donatrices et donateurs semblent ne pas savoir est qu&#8217;ils peuvent soutenir Co-operaid par un legs. Ceux qui se soucient de l&#8217;\u00e9ducation des enfants des r\u00e9gions pauvres peuvent montrer l&#8217;exemple au-del\u00e0 de leur d\u00e9c\u00e8s et assurer les projets \u00e9ducatifs de Co-operaid pour l&#8217;avenir. \u00ab Je souhaite que, chez Co-operaid, nous puissions renforcer les legs et les donations testamentaires dans les ann\u00e9es \u00e0 venir. Je remercie tous ceux qui sont int\u00e9ress\u00e9s et je me r\u00e9jouis d&#8217;avoir de vos nouvelles ! \u00bb<\/p>\n\n<figure class=\"wp-block-image size-large\"><img loading=\"lazy\" decoding=\"async\" width=\"1024\" height=\"576\" src=\"https:\/\/deinadieu.ch\/wp-content\/uploads\/2020\/12\/Blog_TomHofer_Portraet_6-1024x576.jpg\" alt=\"Tom Hofer\" class=\"wp-image-28000\" srcset=\"https:\/\/www.deinadieu.ch\/wp-content\/uploads\/2020\/12\/Blog_TomHofer_Portraet_6-1024x576.jpg 1024w, https:\/\/www.deinadieu.ch\/wp-content\/uploads\/2020\/12\/Blog_TomHofer_Portraet_6-300x169.jpg 300w, https:\/\/www.deinadieu.ch\/wp-content\/uploads\/2020\/12\/Blog_TomHofer_Portraet_6.jpg 1280w\" sizes=\"auto, (max-width: 1024px) 100vw, 1024px\" \/><figcaption>Tom Hofer explique comment Co-operaid s&#8217;engage pour l&#8217;\u00e9ducation en Afrique et en Asie. (Photo : Eddy Risch)<\/figcaption><\/figure>\n\n<h2 class=\"wp-block-heading\" id=\"h-millionen-von-kindern-wachsen-ohne-bildung-auf\">Des millions d&#8217;enfants grandissent sans \u00e9ducation<\/h2>\n\n<p>Les enfants de Tom Hofer sont en 4\u00e8me et 7\u00e8me ann\u00e9e. Tom Hofer : \u00ab De nombreuses opportunit\u00e9s et possibilit\u00e9s s&#8217;offrent \u00e0 eux. Ils sont encourag\u00e9s et ils d\u00e9veloppent leurs comp\u00e9tences. \u00bb Des millions d&#8217;enfants et de jeunes des r\u00e9gions sous-d\u00e9velopp\u00e9es, en revanche, n&#8217;ont pas la possibilit\u00e9 de fr\u00e9quenter une bonne \u00e9cole primaire ou d&#8217;acqu\u00e9rir des comp\u00e9tences professionnelles. \u00ab Chez Co-operaid, nous nous engageons en faveur de ces enfants. Ils devraient avoir la possibilit\u00e9 d&#8217;apprendre quelque chose. Ils devraient pouvoir d\u00e9couvrir leurs propres capacit\u00e9s et pouvoir se d\u00e9velopper \u00bb, d\u00e9clare Tom Hofer. \u00ab Avec notre engagement en faveur du droit internationalement reconnu des enfants \u00e0 recevoir une \u00e9ducation, nous contribuons \u00e0 ce mouvement. Nos projets en Afrique et en Asie permettent la scolarisation et la formation professionnelle des enfants et des adolescents issus de familles d\u00e9favoris\u00e9es. \u00bb<\/p>\n\n<figure class=\"wp-block-image size-large\"><img loading=\"lazy\" decoding=\"async\" width=\"1024\" height=\"576\" src=\"https:\/\/deinadieu.ch\/wp-content\/uploads\/2020\/12\/Blog_TomHofer_Portraet_10-1024x576.jpg\" alt=\"Tom Hofer\" class=\"wp-image-28016\" srcset=\"https:\/\/www.deinadieu.ch\/wp-content\/uploads\/2020\/12\/Blog_TomHofer_Portraet_10-1024x576.jpg 1024w, https:\/\/www.deinadieu.ch\/wp-content\/uploads\/2020\/12\/Blog_TomHofer_Portraet_10-300x169.jpg 300w, https:\/\/www.deinadieu.ch\/wp-content\/uploads\/2020\/12\/Blog_TomHofer_Portraet_10.jpg 1280w\" sizes=\"auto, (max-width: 1024px) 100vw, 1024px\" \/><figcaption>Tom Hofer explique comment Co-operaid s&#8217;engage pour l&#8217;\u00e9ducation en Afrique et en Asie. (Photo : Eddy Risch)<\/figcaption><\/figure>\n\n<h2 class=\"wp-block-heading\" id=\"h-den-herzenstraum-leben\">Vivre son r\u00eave le plus cher<\/h2>\n\n<p>Une phrase de Tom Hofer est touchante. Il a dit que son travail n&#8217;est pas ax\u00e9 sur la quantit\u00e9. \u00ab Pour moi, pour nous, c&#8217;est une question de qualit\u00e9. Nous pouvons ainsi vivre notre r\u00eave le plus cher. Nous pouvons nous engager pour l&#8217;\u00e9ducation des enfants et des adolescents en Afrique et en Asie qui en ont particuli\u00e8rement besoin. \u00bb<\/p>\n\n<p class=\"has-text-align-right\">Photos : Eddy Risch, texte : Martin Schuppli<\/p>\n\n\n        <div class=\"da-servicebox relative bg-gray-200 p-4 pt-8 border-solid border-t-8 border-da-dark mb-6\">\n            <i class=\"fas fa-info-circle mx-auto fa-7x text-da-dark\"><\/i>\n            <span style=\"hyphens: auto\">\n                \n\n<p>Co-operaid est un partenaire de DeinAdieu. Le <a href=\"https:\/\/www.deinadieu.ch\/fr\/oeuvres-de-bienfaisance\/\" target=\"_blank\" rel=\"noreferrer noopener\">profil<\/a><\/p>\n\n\n                \n                \n            <\/span>\n        <\/div>\n        \n\n<p><\/p>\n","protected":false},"excerpt":{"rendered":"<p>Des millions d&#8217;enfants et d&#8217;adolescents n&#8217;ont pas la possibilit\u00e9 d&#8217;aller \u00e0 l&#8217;\u00e9cole. Co-operaid s&#8217;engage en faveur de ces enfants.<\/p>\n","protected":false},"author":2,"featured_media":28021,"comment_status":"open","ping_status":"closed","sticky":false,"template":"","format":"standard","meta":{"_acf_changed":false,"footnotes":""},"categories":[2450],"tags":[2469],"class_list":["post-49795","post","type-post","status-publish","format-standard","has-post-thumbnail","hentry","category-oeuvres-caritatives","tag-quel-effet-mon-heritage-peut-il-avoir"],"acf":[],"yoast_head":"<title>Tom Hofer de Co-operaid : Je suis fascin\u00e9 par le travail avec les gens<\/title>\n<meta name=\"description\" content=\"Des millions d&#039;enfants et d&#039;adolescents n&#039;ont pas la possibilit\u00e9 d&#039;aller \u00e0 l&#039;\u00e9cole. Tom Hofer s&#039;engage en faveur de ces enfants.\" \/>\n<meta name=\"robots\" content=\"index, follow, max-snippet:-1, max-image-preview:large, max-video-preview:-1\" \/>\n<link rel=\"canonical\" href=\"https:\/\/www.deinadieu.ch\/fr\/tom-hofer-je-suis-fascine-par-le-travail-pour-les-gens-avec-les-gens\/\" \/>\n<meta property=\"og:locale\" content=\"fr_FR\" \/>\n<meta property=\"og:type\" content=\"article\" \/>\n<meta property=\"og:title\" content=\"Tom Hofer : \u00ab Je suis fascin\u00e9 par le travail pour les gens \u2013 avec les gens \u00bb\" \/>\n<meta property=\"og:description\" content=\"Des millions d&#039;enfants et d&#039;adolescents n&#039;ont pas la possibilit\u00e9 d&#039;aller \u00e0 l&#039;\u00e9cole. Co-operaid s&#039;engage en faveur de ces enfants. Nous nous reconnaissons\" \/>\n<meta property=\"og:url\" content=\"https:\/\/www.deinadieu.ch\/fr\/tom-hofer-je-suis-fascine-par-le-travail-pour-les-gens-avec-les-gens\/\" \/>\n<meta property=\"og:site_name\" content=\"DeinAdieu.ch\" \/>\n<meta property=\"article:publisher\" content=\"https:\/\/www.facebook.com\/deinadieu\" \/>\n<meta property=\"article:published_time\" content=\"2020-12-09T06:54:07+00:00\" \/>\n<meta property=\"article:modified_time\" content=\"2022-04-22T11:41:29+00:00\" \/>\n<meta property=\"og:image\" content=\"https:\/\/static.deinadieu.ch\/uploads\/2020\/12\/TOM_HOFER_Aufmacher.jpg\" \/>\n\t<meta property=\"og:image:width\" content=\"1280\" \/>\n\t<meta property=\"og:image:height\" content=\"720\" \/>\n\t<meta property=\"og:image:type\" content=\"image\/jpeg\" \/>\n<meta name=\"author\" content=\"Martin Schuppli\" \/>\n<meta name=\"twitter:card\" content=\"summary_large_image\" \/>\n<meta name=\"twitter:creator\" content=\"@DeinAdieu\" \/>\n<meta name=\"twitter:site\" content=\"@DeinAdieu\" \/>\n<meta name=\"twitter:label1\" content=\"Written by\" \/>\n\t<meta name=\"twitter:data1\" content=\"Martin Schuppli\" \/>\n\t<meta name=\"twitter:label2\" content=\"Est. reading time\" \/>\n\t<meta name=\"twitter:data2\" content=\"7 minutes\" \/>\n<script type=\"application\/ld+json\" class=\"yoast-schema-graph\">{\"@context\":\"https:\\\/\\\/schema.org\",\"@graph\":[{\"@type\":\"Article\",\"@id\":\"https:\\\/\\\/www.deinadieu.ch\\\/fr\\\/tom-hofer-je-suis-fascine-par-le-travail-pour-les-gens-avec-les-gens\\\/#article\",\"isPartOf\":{\"@id\":\"https:\\\/\\\/www.deinadieu.ch\\\/fr\\\/tom-hofer-je-suis-fascine-par-le-travail-pour-les-gens-avec-les-gens\\\/\"},\"author\":{\"name\":\"Martin Schuppli\",\"@id\":\"https:\\\/\\\/www.deinadieu.ch\\\/fr\\\/#\\\/schema\\\/person\\\/47522dd97d1b840f11a7e637e69c4a82\"},\"headline\":\"Tom Hofer : \u00ab Je suis fascin\u00e9 par le travail pour les gens \u2013 avec les gens \u00bb\",\"datePublished\":\"2020-12-09T06:54:07+00:00\",\"dateModified\":\"2022-04-22T11:41:29+00:00\",\"mainEntityOfPage\":{\"@id\":\"https:\\\/\\\/www.deinadieu.ch\\\/fr\\\/tom-hofer-je-suis-fascine-par-le-travail-pour-les-gens-avec-les-gens\\\/\"},\"wordCount\":1464,\"commentCount\":0,\"publisher\":{\"@id\":\"https:\\\/\\\/www.deinadieu.ch\\\/fr\\\/#organization\"},\"image\":{\"@id\":\"https:\\\/\\\/www.deinadieu.ch\\\/fr\\\/tom-hofer-je-suis-fascine-par-le-travail-pour-les-gens-avec-les-gens\\\/#primaryimage\"},\"thumbnailUrl\":\"https:\\\/\\\/www.deinadieu.ch\\\/wp-content\\\/uploads\\\/2020\\\/12\\\/TOM_HOFER_Aufmacher.jpg\",\"keywords\":[\"Quel effet mon h\u00e9ritage peut-il avoir ?\"],\"articleSection\":[\"\u0152uvres caritatives en point de mire\"],\"inLanguage\":\"fr-FR\",\"potentialAction\":[{\"@type\":\"CommentAction\",\"name\":\"Comment\",\"target\":[\"https:\\\/\\\/www.deinadieu.ch\\\/fr\\\/tom-hofer-je-suis-fascine-par-le-travail-pour-les-gens-avec-les-gens\\\/#respond\"]}]},{\"@type\":\"WebPage\",\"@id\":\"https:\\\/\\\/www.deinadieu.ch\\\/fr\\\/tom-hofer-je-suis-fascine-par-le-travail-pour-les-gens-avec-les-gens\\\/\",\"url\":\"https:\\\/\\\/www.deinadieu.ch\\\/fr\\\/tom-hofer-je-suis-fascine-par-le-travail-pour-les-gens-avec-les-gens\\\/\",\"name\":\"Tom Hofer de Co-operaid : Je suis fascin\u00e9 par le travail avec les gens\",\"isPartOf\":{\"@id\":\"https:\\\/\\\/www.deinadieu.ch\\\/fr\\\/#website\"},\"primaryImageOfPage\":{\"@id\":\"https:\\\/\\\/www.deinadieu.ch\\\/fr\\\/tom-hofer-je-suis-fascine-par-le-travail-pour-les-gens-avec-les-gens\\\/#primaryimage\"},\"image\":{\"@id\":\"https:\\\/\\\/www.deinadieu.ch\\\/fr\\\/tom-hofer-je-suis-fascine-par-le-travail-pour-les-gens-avec-les-gens\\\/#primaryimage\"},\"thumbnailUrl\":\"https:\\\/\\\/www.deinadieu.ch\\\/wp-content\\\/uploads\\\/2020\\\/12\\\/TOM_HOFER_Aufmacher.jpg\",\"datePublished\":\"2020-12-09T06:54:07+00:00\",\"dateModified\":\"2022-04-22T11:41:29+00:00\",\"description\":\"Des millions d'enfants et d'adolescents n'ont pas la possibilit\u00e9 d'aller \u00e0 l'\u00e9cole. Tom Hofer s'engage en faveur de ces enfants.\",\"breadcrumb\":{\"@id\":\"https:\\\/\\\/www.deinadieu.ch\\\/fr\\\/tom-hofer-je-suis-fascine-par-le-travail-pour-les-gens-avec-les-gens\\\/#breadcrumb\"},\"inLanguage\":\"fr-FR\",\"potentialAction\":[{\"@type\":\"ReadAction\",\"target\":[\"https:\\\/\\\/www.deinadieu.ch\\\/fr\\\/tom-hofer-je-suis-fascine-par-le-travail-pour-les-gens-avec-les-gens\\\/\"]}]},{\"@type\":\"ImageObject\",\"inLanguage\":\"fr-FR\",\"@id\":\"https:\\\/\\\/www.deinadieu.ch\\\/fr\\\/tom-hofer-je-suis-fascine-par-le-travail-pour-les-gens-avec-les-gens\\\/#primaryimage\",\"url\":\"https:\\\/\\\/www.deinadieu.ch\\\/wp-content\\\/uploads\\\/2020\\\/12\\\/TOM_HOFER_Aufmacher.jpg\",\"contentUrl\":\"https:\\\/\\\/www.deinadieu.ch\\\/wp-content\\\/uploads\\\/2020\\\/12\\\/TOM_HOFER_Aufmacher.jpg\",\"width\":1280,\"height\":720,\"caption\":\"Tom Hofer, responsable de la collecte de fonds aupr\u00e8s des donateurs priv\u00e9s chez Co-operaid. (Photo : Eddy Risch)\"},{\"@type\":\"BreadcrumbList\",\"@id\":\"https:\\\/\\\/www.deinadieu.ch\\\/fr\\\/tom-hofer-je-suis-fascine-par-le-travail-pour-les-gens-avec-les-gens\\\/#breadcrumb\",\"itemListElement\":[{\"@type\":\"ListItem\",\"position\":1,\"name\":\"Home\",\"item\":\"https:\\\/\\\/www.deinadieu.ch\\\/fr\\\/deinadieu-dialog-und-serviceportal-zum-lebensende\\\/\"},{\"@type\":\"ListItem\",\"position\":2,\"name\":\"Tom Hofer : \u00ab Je suis fascin\u00e9 par le travail pour les gens \u2013 avec les gens \u00bb\"}]},{\"@type\":\"WebSite\",\"@id\":\"https:\\\/\\\/www.deinadieu.ch\\\/fr\\\/#website\",\"url\":\"https:\\\/\\\/www.deinadieu.ch\\\/fr\\\/\",\"name\":\"DeinAdieu.ch\",\"description\":\"Testament, Patientenverf\u00fcgung und Vorsorgeauftrag\",\"publisher\":{\"@id\":\"https:\\\/\\\/www.deinadieu.ch\\\/fr\\\/#organization\"},\"potentialAction\":[{\"@type\":\"SearchAction\",\"target\":{\"@type\":\"EntryPoint\",\"urlTemplate\":\"https:\\\/\\\/www.deinadieu.ch\\\/fr\\\/?s={search_term_string}\"},\"query-input\":{\"@type\":\"PropertyValueSpecification\",\"valueRequired\":true,\"valueName\":\"search_term_string\"}}],\"inLanguage\":\"fr-FR\"},{\"@type\":\"Organization\",\"@id\":\"https:\\\/\\\/www.deinadieu.ch\\\/fr\\\/#organization\",\"name\":\"EMNA Web GmbH\",\"url\":\"https:\\\/\\\/www.deinadieu.ch\\\/fr\\\/\",\"logo\":{\"@type\":\"ImageObject\",\"inLanguage\":\"fr-FR\",\"@id\":\"https:\\\/\\\/www.deinadieu.ch\\\/fr\\\/#\\\/schema\\\/logo\\\/image\\\/\",\"url\":\"https:\\\/\\\/www.deinadieu.ch\\\/wp-content\\\/uploads\\\/2016\\\/01\\\/DeinAdieu_Logo.png\",\"contentUrl\":\"https:\\\/\\\/www.deinadieu.ch\\\/wp-content\\\/uploads\\\/2016\\\/01\\\/DeinAdieu_Logo.png\",\"width\":300,\"height\":117,\"caption\":\"EMNA Web GmbH\"},\"image\":{\"@id\":\"https:\\\/\\\/www.deinadieu.ch\\\/fr\\\/#\\\/schema\\\/logo\\\/image\\\/\"},\"sameAs\":[\"https:\\\/\\\/www.facebook.com\\\/deinadieu\",\"https:\\\/\\\/x.com\\\/DeinAdieu\",\"https:\\\/\\\/www.instagram.com\\\/deinadieu\\\/\",\"https:\\\/\\\/www.linkedin.com\\\/company\\\/deinadieu.ch\"]},{\"@type\":\"Person\",\"@id\":\"https:\\\/\\\/www.deinadieu.ch\\\/fr\\\/#\\\/schema\\\/person\\\/47522dd97d1b840f11a7e637e69c4a82\",\"name\":\"Martin Schuppli\",\"image\":{\"@type\":\"ImageObject\",\"inLanguage\":\"fr-FR\",\"@id\":\"https:\\\/\\\/secure.gravatar.com\\\/avatar\\\/3f6dee2a3d53d202b91ce982afc75191f59466c9d54dc61e5322d152b8eb2881?s=96&d=mm&r=g\",\"url\":\"https:\\\/\\\/secure.gravatar.com\\\/avatar\\\/3f6dee2a3d53d202b91ce982afc75191f59466c9d54dc61e5322d152b8eb2881?s=96&d=mm&r=g\",\"contentUrl\":\"https:\\\/\\\/secure.gravatar.com\\\/avatar\\\/3f6dee2a3d53d202b91ce982afc75191f59466c9d54dc61e5322d152b8eb2881?s=96&d=mm&r=g\",\"caption\":\"Martin Schuppli\"},\"description\":\"Martin Schuppli, *1955, arbeitete w\u00e4hrend 30 Jahren als Journalist bei Ringier AG. Er begann als Produzent beim Blick, schrieb sp\u00e4ter f\u00fcr SonntagsBlick, Gesundheit-Sprechstunde und Schweizer Illustrierte. 2009 machte er sich selbstst\u00e4ndig, sagte: \u00abIch schreibe mich durchs Leben.\u00bb Seit 2015 ist Martin Schuppli zusammen mit Nicolas Gehrig, CEO und dem Team daran, das Webportal DeinAdieu aufzubauen. \u00abHier kann ich schreiben. Und zwar \u00fcber das, was die Menschen am meisten interessiert. \u00dcber Menschen.\u00bb\",\"url\":\"https:\\\/\\\/www.deinadieu.ch\\\/fr\\\/author\\\/martin\\\/\"}]}<\/script>","yoast_head_json":{"title":"Tom Hofer de Co-operaid : Je suis fascin\u00e9 par le travail avec les gens","description":"Des millions d'enfants et d'adolescents n'ont pas la possibilit\u00e9 d'aller \u00e0 l'\u00e9cole. Tom Hofer s'engage en faveur de ces enfants.","robots":{"index":"index","follow":"follow","max-snippet":"max-snippet:-1","max-image-preview":"max-image-preview:large","max-video-preview":"max-video-preview:-1"},"canonical":"https:\/\/www.deinadieu.ch\/fr\/tom-hofer-je-suis-fascine-par-le-travail-pour-les-gens-avec-les-gens\/","og_locale":"fr_FR","og_type":"article","og_title":"Tom Hofer : \u00ab Je suis fascin\u00e9 par le travail pour les gens \u2013 avec les gens \u00bb","og_description":"Des millions d'enfants et d'adolescents n'ont pas la possibilit\u00e9 d'aller \u00e0 l'\u00e9cole. Co-operaid s'engage en faveur de ces enfants. Nous nous reconnaissons","og_url":"https:\/\/www.deinadieu.ch\/fr\/tom-hofer-je-suis-fascine-par-le-travail-pour-les-gens-avec-les-gens\/","og_site_name":"DeinAdieu.ch","article_publisher":"https:\/\/www.facebook.com\/deinadieu","article_published_time":"2020-12-09T06:54:07+00:00","article_modified_time":"2022-04-22T11:41:29+00:00","og_image":[{"width":1280,"height":720,"url":"https:\/\/static.deinadieu.ch\/uploads\/2020\/12\/TOM_HOFER_Aufmacher.jpg","type":"image\/jpeg"}],"author":"Martin Schuppli","twitter_card":"summary_large_image","twitter_creator":"@DeinAdieu","twitter_site":"@DeinAdieu","twitter_misc":{"Written by":"Martin Schuppli","Est. reading time":"7 minutes"},"schema":{"@context":"https:\/\/schema.org","@graph":[{"@type":"Article","@id":"https:\/\/www.deinadieu.ch\/fr\/tom-hofer-je-suis-fascine-par-le-travail-pour-les-gens-avec-les-gens\/#article","isPartOf":{"@id":"https:\/\/www.deinadieu.ch\/fr\/tom-hofer-je-suis-fascine-par-le-travail-pour-les-gens-avec-les-gens\/"},"author":{"name":"Martin Schuppli","@id":"https:\/\/www.deinadieu.ch\/fr\/#\/schema\/person\/47522dd97d1b840f11a7e637e69c4a82"},"headline":"Tom Hofer : \u00ab Je suis fascin\u00e9 par le travail pour les gens \u2013 avec les gens \u00bb","datePublished":"2020-12-09T06:54:07+00:00","dateModified":"2022-04-22T11:41:29+00:00","mainEntityOfPage":{"@id":"https:\/\/www.deinadieu.ch\/fr\/tom-hofer-je-suis-fascine-par-le-travail-pour-les-gens-avec-les-gens\/"},"wordCount":1464,"commentCount":0,"publisher":{"@id":"https:\/\/www.deinadieu.ch\/fr\/#organization"},"image":{"@id":"https:\/\/www.deinadieu.ch\/fr\/tom-hofer-je-suis-fascine-par-le-travail-pour-les-gens-avec-les-gens\/#primaryimage"},"thumbnailUrl":"https:\/\/www.deinadieu.ch\/wp-content\/uploads\/2020\/12\/TOM_HOFER_Aufmacher.jpg","keywords":["Quel effet mon h\u00e9ritage peut-il avoir ?"],"articleSection":["\u0152uvres caritatives en point de mire"],"inLanguage":"fr-FR","potentialAction":[{"@type":"CommentAction","name":"Comment","target":["https:\/\/www.deinadieu.ch\/fr\/tom-hofer-je-suis-fascine-par-le-travail-pour-les-gens-avec-les-gens\/#respond"]}]},{"@type":"WebPage","@id":"https:\/\/www.deinadieu.ch\/fr\/tom-hofer-je-suis-fascine-par-le-travail-pour-les-gens-avec-les-gens\/","url":"https:\/\/www.deinadieu.ch\/fr\/tom-hofer-je-suis-fascine-par-le-travail-pour-les-gens-avec-les-gens\/","name":"Tom Hofer de Co-operaid : Je suis fascin\u00e9 par le travail avec les gens","isPartOf":{"@id":"https:\/\/www.deinadieu.ch\/fr\/#website"},"primaryImageOfPage":{"@id":"https:\/\/www.deinadieu.ch\/fr\/tom-hofer-je-suis-fascine-par-le-travail-pour-les-gens-avec-les-gens\/#primaryimage"},"image":{"@id":"https:\/\/www.deinadieu.ch\/fr\/tom-hofer-je-suis-fascine-par-le-travail-pour-les-gens-avec-les-gens\/#primaryimage"},"thumbnailUrl":"https:\/\/www.deinadieu.ch\/wp-content\/uploads\/2020\/12\/TOM_HOFER_Aufmacher.jpg","datePublished":"2020-12-09T06:54:07+00:00","dateModified":"2022-04-22T11:41:29+00:00","description":"Des millions d'enfants et d'adolescents n'ont pas la possibilit\u00e9 d'aller \u00e0 l'\u00e9cole. Tom Hofer s'engage en faveur de ces enfants.","breadcrumb":{"@id":"https:\/\/www.deinadieu.ch\/fr\/tom-hofer-je-suis-fascine-par-le-travail-pour-les-gens-avec-les-gens\/#breadcrumb"},"inLanguage":"fr-FR","potentialAction":[{"@type":"ReadAction","target":["https:\/\/www.deinadieu.ch\/fr\/tom-hofer-je-suis-fascine-par-le-travail-pour-les-gens-avec-les-gens\/"]}]},{"@type":"ImageObject","inLanguage":"fr-FR","@id":"https:\/\/www.deinadieu.ch\/fr\/tom-hofer-je-suis-fascine-par-le-travail-pour-les-gens-avec-les-gens\/#primaryimage","url":"https:\/\/www.deinadieu.ch\/wp-content\/uploads\/2020\/12\/TOM_HOFER_Aufmacher.jpg","contentUrl":"https:\/\/www.deinadieu.ch\/wp-content\/uploads\/2020\/12\/TOM_HOFER_Aufmacher.jpg","width":1280,"height":720,"caption":"Tom Hofer, responsable de la collecte de fonds aupr\u00e8s des donateurs priv\u00e9s chez Co-operaid. (Photo : Eddy Risch)"},{"@type":"BreadcrumbList","@id":"https:\/\/www.deinadieu.ch\/fr\/tom-hofer-je-suis-fascine-par-le-travail-pour-les-gens-avec-les-gens\/#breadcrumb","itemListElement":[{"@type":"ListItem","position":1,"name":"Home","item":"https:\/\/www.deinadieu.ch\/fr\/deinadieu-dialog-und-serviceportal-zum-lebensende\/"},{"@type":"ListItem","position":2,"name":"Tom Hofer : \u00ab Je suis fascin\u00e9 par le travail pour les gens \u2013 avec les gens \u00bb"}]},{"@type":"WebSite","@id":"https:\/\/www.deinadieu.ch\/fr\/#website","url":"https:\/\/www.deinadieu.ch\/fr\/","name":"DeinAdieu.ch","description":"Testament, Patientenverf\u00fcgung und Vorsorgeauftrag","publisher":{"@id":"https:\/\/www.deinadieu.ch\/fr\/#organization"},"potentialAction":[{"@type":"SearchAction","target":{"@type":"EntryPoint","urlTemplate":"https:\/\/www.deinadieu.ch\/fr\/?s={search_term_string}"},"query-input":{"@type":"PropertyValueSpecification","valueRequired":true,"valueName":"search_term_string"}}],"inLanguage":"fr-FR"},{"@type":"Organization","@id":"https:\/\/www.deinadieu.ch\/fr\/#organization","name":"EMNA Web GmbH","url":"https:\/\/www.deinadieu.ch\/fr\/","logo":{"@type":"ImageObject","inLanguage":"fr-FR","@id":"https:\/\/www.deinadieu.ch\/fr\/#\/schema\/logo\/image\/","url":"https:\/\/www.deinadieu.ch\/wp-content\/uploads\/2016\/01\/DeinAdieu_Logo.png","contentUrl":"https:\/\/www.deinadieu.ch\/wp-content\/uploads\/2016\/01\/DeinAdieu_Logo.png","width":300,"height":117,"caption":"EMNA Web GmbH"},"image":{"@id":"https:\/\/www.deinadieu.ch\/fr\/#\/schema\/logo\/image\/"},"sameAs":["https:\/\/www.facebook.com\/deinadieu","https:\/\/x.com\/DeinAdieu","https:\/\/www.instagram.com\/deinadieu\/","https:\/\/www.linkedin.com\/company\/deinadieu.ch"]},{"@type":"Person","@id":"https:\/\/www.deinadieu.ch\/fr\/#\/schema\/person\/47522dd97d1b840f11a7e637e69c4a82","name":"Martin Schuppli","image":{"@type":"ImageObject","inLanguage":"fr-FR","@id":"https:\/\/secure.gravatar.com\/avatar\/3f6dee2a3d53d202b91ce982afc75191f59466c9d54dc61e5322d152b8eb2881?s=96&d=mm&r=g","url":"https:\/\/secure.gravatar.com\/avatar\/3f6dee2a3d53d202b91ce982afc75191f59466c9d54dc61e5322d152b8eb2881?s=96&d=mm&r=g","contentUrl":"https:\/\/secure.gravatar.com\/avatar\/3f6dee2a3d53d202b91ce982afc75191f59466c9d54dc61e5322d152b8eb2881?s=96&d=mm&r=g","caption":"Martin Schuppli"},"description":"Martin Schuppli, *1955, arbeitete w\u00e4hrend 30 Jahren als Journalist bei Ringier AG. Er begann als Produzent beim Blick, schrieb sp\u00e4ter f\u00fcr SonntagsBlick, Gesundheit-Sprechstunde und Schweizer Illustrierte. 2009 machte er sich selbstst\u00e4ndig, sagte: \u00abIch schreibe mich durchs Leben.\u00bb Seit 2015 ist Martin Schuppli zusammen mit Nicolas Gehrig, CEO und dem Team daran, das Webportal DeinAdieu aufzubauen. \u00abHier kann ich schreiben. Und zwar \u00fcber das, was die Menschen am meisten interessiert. \u00dcber Menschen.\u00bb","url":"https:\/\/www.deinadieu.ch\/fr\/author\/martin\/"}]}},"_links":{"self":[{"href":"https:\/\/www.deinadieu.ch\/fr\/wp-json\/wp\/v2\/posts\/49795","targetHints":{"allow":["GET"]}}],"collection":[{"href":"https:\/\/www.deinadieu.ch\/fr\/wp-json\/wp\/v2\/posts"}],"about":[{"href":"https:\/\/www.deinadieu.ch\/fr\/wp-json\/wp\/v2\/types\/post"}],"author":[{"embeddable":true,"href":"https:\/\/www.deinadieu.ch\/fr\/wp-json\/wp\/v2\/users\/2"}],"replies":[{"embeddable":true,"href":"https:\/\/www.deinadieu.ch\/fr\/wp-json\/wp\/v2\/comments?post=49795"}],"version-history":[{"count":11,"href":"https:\/\/www.deinadieu.ch\/fr\/wp-json\/wp\/v2\/posts\/49795\/revisions"}],"predecessor-version":[{"id":56574,"href":"https:\/\/www.deinadieu.ch\/fr\/wp-json\/wp\/v2\/posts\/49795\/revisions\/56574"}],"wp:featuredmedia":[{"embeddable":true,"href":"https:\/\/www.deinadieu.ch\/fr\/wp-json\/wp\/v2\/media\/28021"}],"wp:attachment":[{"href":"https:\/\/www.deinadieu.ch\/fr\/wp-json\/wp\/v2\/media?parent=49795"}],"wp:term":[{"taxonomy":"category","embeddable":true,"href":"https:\/\/www.deinadieu.ch\/fr\/wp-json\/wp\/v2\/categories?post=49795"},{"taxonomy":"post_tag","embeddable":true,"href":"https:\/\/www.deinadieu.ch\/fr\/wp-json\/wp\/v2\/tags?post=49795"}],"curies":[{"name":"wp","href":"https:\/\/api.w.org\/{rel}","templated":true}]}}