{"id":49247,"date":"2020-12-15T14:50:47","date_gmt":"2020-12-15T13:50:47","guid":{"rendered":"https:\/\/www.deinadieu.ch\/je-voudrais-remercier-les-testateurs-de-leur-vivant\/"},"modified":"2022-06-18T13:23:53","modified_gmt":"2022-06-18T11:23:53","slug":"je-voudrais-remercier-les-testateurs-de-leur-vivant","status":"publish","type":"post","link":"https:\/\/www.deinadieu.ch\/fr\/je-voudrais-remercier-les-testateurs-de-leur-vivant\/","title":{"rendered":"\u00ab Je voudrais remercier les testateurs de leur vivant \u00bb"},"content":{"rendered":"\n<p>Manuela Daboussi entre en jeu lorsque quelqu&#8217;un l\u00e8gue de l&#8217;argent \u00e0 la Ligue contre le cancer. Au d\u00e9but, elle a eu du mal \u00e0 accepter de ne jamais rencontrer ces personnes. Maintenant, elle accroche un c\u0153ur en papier au mur de son bureau pour chaque testateur. L&#8217;espoir d&#8217;un avenir meilleur, que les testateurs expriment avec un h\u00e9ritage, apporte du soutien \u00e0 la Biennoise de 40 ans.<\/p>\n\n<!--more-->\n\n<p>D\u00e8s ses \u00e9tudes de sociologie, Manuela Daboussi a abord\u00e9 de mani\u00e8re th\u00e9orique les questions de justice, de solidarit\u00e9 et de valeurs. Dans sa vie professionnelle, elle milite depuis de nombreuses ann\u00e9es et avec beaucoup d&#8217;empathie pour le soutien du travail d&#8217;int\u00e9r\u00eat g\u00e9n\u00e9ral. Depuis juin, Manuela Daboussi est responsable du secteur des h\u00e9ritages et des legs \u00e0 la Ligue suisse contre le cancer. Elle a d\u00e9j\u00e0 r\u00e9dig\u00e9 son testament, mais souhaite encore parler de ses d\u00e9cisions \u00e0 sa famille et d\u00e9signer un ex\u00e9cuteur testamentaire appropri\u00e9. L&#8217;auteur de DeinAdieu Janina Gehrig s&#8217;est entretenue avec elle au sujet de son travail.<\/p>\n\n<p><strong>Comment entrez-vous en contact avec des testateurs potentiels ?<\/strong><\/p>\n\n<p>Souvent, ils viennent me voir lorsqu&#8217;ils ont une question pr\u00e9cise au sujet du testament. Souvent, cela concerne \u00e9galement les possibilit\u00e9s d&#8217;affectation des fonds. Ensuite, je fais des suggestions en fonction de leurs souhaits et je les conseille. La plupart du temps, cependant, j&#8217;apprends par l&#8217;autorit\u00e9 comp\u00e9tente, le service des successions, que quelqu&#8217;un nous a l\u00e9gu\u00e9 de l&#8217;argent. Malheureusement, je ne conna\u00eetrai jamais plus de la moiti\u00e9 des testateurs parce qu&#8217;ils ne vous informent pas de leurs intentions. Je voudrais les remercier de leur soutien de leur vivant.<\/p>\n\n<p><strong>Comment g\u00e9rez-vous le fait que vous n&#8217;avez jamais connu le testateur ?<\/strong><\/p>\n\n<p>Au d\u00e9but, ce n&#8217;\u00e9tait pas agr\u00e9able. Je me disais : je ne re\u00e7ois du courrier que lorsque quelqu&#8217;un est d\u00e9j\u00e0 d\u00e9c\u00e9d\u00e9. La mort d\u00e9clenche une s\u00e9rie de processus. Je tiens dans ma main un avis de quelqu&#8217;un qui a l\u00e9gu\u00e9 quelque chose mais que je n&#8217;ai jamais rencontr\u00e9. J&#8217;ai d\u00fb trouver un moyen de m&#8217;en accommoder, d&#8217;appr\u00e9cier cela malgr\u00e9 tout et d&#8217;exprimer une sorte de \u00ab dernier amour \u00bb pour cela. Maintenant, un post-it en forme de c\u0153ur est coll\u00e9 sur le mur de mon bureau pour chaque testateur et son pr\u00e9nom y figure. Beaucoup de ceux qui viennent dans mon bureau le remarquent et nous en parlons bri\u00e8vement.<\/p>\n\n<p><strong>Combien de c\u0153urs en papier y a-t-il ? <\/strong><\/p>\n\n<p>Il y a entre 30 et 40 c\u0153urs accroch\u00e9s dans mon bureau.<\/p>\n\n<figure class=\"wp-block-image size-large is-style-default\"><img loading=\"lazy\" decoding=\"async\" width=\"1024\" height=\"683\" src=\"https:\/\/www.deinadieu.ch\/wp-content\/uploads\/2020\/12\/Da_PMD_MFR4829-1024x683.jpg\" alt=\"\" class=\"wp-image-28050\" srcset=\"https:\/\/www.deinadieu.ch\/wp-content\/uploads\/2020\/12\/Da_PMD_MFR4829-1024x683.jpg 1024w, https:\/\/www.deinadieu.ch\/wp-content\/uploads\/2020\/12\/Da_PMD_MFR4829-300x200.jpg 300w, https:\/\/www.deinadieu.ch\/wp-content\/uploads\/2020\/12\/Da_PMD_MFR4829-1536x1024.jpg 1536w, https:\/\/www.deinadieu.ch\/wp-content\/uploads\/2020\/12\/Da_PMD_MFR4829-2048x1365.jpg 2048w\" sizes=\"auto, (max-width: 1024px) 100vw, 1024px\" \/><figcaption>\u00ab J&#8217;ai moi-m\u00eame r\u00e9dig\u00e9 un testament et y ai int\u00e9gr\u00e9 deux organisations. \u00bb \u00a9 M. Friederich<\/figcaption><\/figure>\n\n<p><strong>Les gens ne veulent-ils pas \u00eatre remerci\u00e9s pour l&#8217;argent l\u00e9gu\u00e9 ?<\/strong><\/p>\n\n<p>Non. Cependant, je le comprends bien d\u00e9sormais. J&#8217;ai r\u00e9dig\u00e9 moi-m\u00eame un testament et y ai int\u00e9gr\u00e9 deux organisations. Je ne souhaite pas non plus le leur dire. La r\u00e9daction du testament m&#8217;a aid\u00e9 \u00e0 m&#8217;organiser et \u00e0 travailler certains sentiments. Ce sont des d\u00e9cisions que vous prenez pour vous-m\u00eame. Vous n&#8217;avez m\u00eame pas besoin de sortir. Toutefois, je suis me r\u00e9jouis d&#8217;autant plus de chaque personne qui peut me dire personnellement qu&#8217;elle soutient la Ligue contre le cancer.<\/p>\n\n<p><strong>Traitez-vous \u00e9galement avec des proches ?<\/strong><\/p>\n\n<p>Rarement. Dans le cas des legs, il n&#8217;y a pratiquement aucun contact avec les proches, \u00e0 moins que le testateur n&#8217;ait laiss\u00e9 aucune instruction sp\u00e9cifique. L&#8217;objectif premier est toujours de mettre en \u0153uvre la volont\u00e9 du testateur dans le cadre l\u00e9gal et en collaboration avec ses proches. Il arrive que des survivants aient de la peine \u00e0 accepter qu&#8217;une organisation de bienfaisance ait \u00e9t\u00e9 int\u00e9gr\u00e9e dans le testament. Cela montre \u00e0 quel point il est important de parler \u00e0 sa famille de ses derni\u00e8res volont\u00e9s et j&#8217;insiste toujours sur ce point dans les conversations avec les testateurs.<\/p>\n\n<p><strong>Avez-vous d&#8217;autres retours sur votre travail ? <\/strong><\/p>\n\n<p>La semaine derni\u00e8re encore, un homme dont le p\u00e8re \u00e9tait d\u00e9c\u00e9d\u00e9 m&#8217;a dit que sa s\u0153ur \u00e9tait d\u00e9j\u00e0 morte d&#8217;un cancer. Ils ont travers\u00e9 toutes les \u00e9tapes du traitement ensemble, en famille, jusqu&#8217;\u00e0 ce qu&#8217;il n&#8217;y ait plus aucune chance de gu\u00e9rison \u00e0 la fin. Pour toutes ses questions et ses craintes, la famille s&#8217;est sentie bien conseill\u00e9e et soutenue par la Ligue contre le cancer, raison pour laquelle le p\u00e8re a voulu faire b\u00e9n\u00e9ficier l&#8217;organisation d&#8217;un h\u00e9ritage. Le fils a dit qu&#8217;il \u00e9tait important pour son p\u00e8re de donner quelque chose en retour. Cette histoire m&#8217;a beaucoup touch\u00e9e. C&#8217;est ce qui me motive \u00e0 travailler pour la Ligue contre le cancer.<\/p>\n\n<p><strong>Comment la Ligue contre le cancer apporte-t-elle une aide concr\u00e8tement ?<\/strong><\/p>\n\n<p>Pour de nombreuses personnes, un monde s&#8217;\u00e9croule lorsqu&#8217;elles apprennent qu&#8217;elles ont un cancer. Nous offrons des conseils aux personnes dans tous les domaines de la vie, y compris en ce qui concerne leurs droits vis-\u00e0-vis des employeurs ou des assurances sociales. Il est important pour nous d&#8217;accompagner les personnes atteintes d&#8217;un cancer de mani\u00e8re empathique et concr\u00e8te tout au long du cheminement du patient et de rester \u00e0 leurs c\u00f4t\u00e9s \u00e9galement apr\u00e8s qu&#8217;elles sont tomb\u00e9es malades. La Ligne InfoCancer, par exemple, est une offre de bas seuil pour les personnes touch\u00e9es et leurs proches. Elle est souvent contact\u00e9e pour des sujets tels que la gestion des effets secondaires des traitements, l&#8217;intimit\u00e9 et la sexualit\u00e9 avec un partenaire malade ou la question de savoir comment la maladie doit \u00eatre annonc\u00e9e aux enfants. Ceux qui n&#8217;aiment pas t\u00e9l\u00e9phoner peuvent contacter la Ligue contre le cancer par chat ou par courriel. En outre, nous proposons \u00e9galement de la pr\u00e9vention et de la pr\u00e9voyance.<\/p>\n\n<p><strong>En moyenne, combien d&#8217;argent les gens laissent-ils \u00e0 la Ligue contre le cancer \u00e0 leur d\u00e9c\u00e8s ?<\/strong><\/p>\n\n<p>C&#8217;est tr\u00e8s variable. Il y a des legs de 500 francs et des h\u00e9ritages de deux \u00e0 trois millions de francs. Pour moi, le montant n&#8217;a pas d&#8217;importance. Je suis touch\u00e9e par la d\u00e9claration d&#8217;intention qui se cache derri\u00e8re. Les gens associent leurs derni\u00e8res volont\u00e9s \u00e0 l&#8217;espoir d&#8217;un avenir meilleur. Ils expriment \u00e9galement que le travail de la Ligue contre le cancer est important pour eux.<\/p>\n\n<p><strong>Quelles visions vous sont pr\u00e9sent\u00e9es lorsque vous acceptez des h\u00e9ritages pour la Ligue contre le cancer ? <\/strong><\/p>\n\n<p>Tr\u00e8s souvent, ce sont les gens dont les membres de la famille ont eu un cancer qui l\u00e8guent de l&#8217;argent. Pour eux, la Ligue contre le cancer est une lueur d&#8217;espoir. Les gens souhaitent imp\u00e9rativement qu&#8217;il y ait de meilleurs chances de gu\u00e9rison ou un meilleur d\u00e9pistage pr\u00e9coce. Nous sommes \u00e9galement souvent favoris\u00e9s par des personnes qui ont surv\u00e9cu \u00e0 une maladie, qui ont re\u00e7u de l&#8217;aide de notre part et qui veulent ensuite donner quelque chose en retour apr\u00e8s leur mort. <\/p>\n\n<figure class=\"wp-block-image size-large is-style-default\"><img loading=\"lazy\" decoding=\"async\" width=\"1024\" height=\"683\" src=\"https:\/\/www.deinadieu.ch\/wp-content\/uploads\/2020\/12\/Da_PMD_MFR4707-1024x683.jpg\" alt=\"\" class=\"wp-image-28058\" srcset=\"https:\/\/www.deinadieu.ch\/wp-content\/uploads\/2020\/12\/Da_PMD_MFR4707-1024x683.jpg 1024w, https:\/\/www.deinadieu.ch\/wp-content\/uploads\/2020\/12\/Da_PMD_MFR4707-300x200.jpg 300w, https:\/\/www.deinadieu.ch\/wp-content\/uploads\/2020\/12\/Da_PMD_MFR4707-1536x1024.jpg 1536w, https:\/\/www.deinadieu.ch\/wp-content\/uploads\/2020\/12\/Da_PMD_MFR4707-2048x1365.jpg 2048w\" sizes=\"auto, (max-width: 1024px) 100vw, 1024px\" \/><figcaption>Manuela Daboussi s&#8217;investit corps et \u00e2me dans son travail pour la Ligue suisse contre le cancer. \u00a9 M. Friederich<\/figcaption><\/figure>\n\n<p><strong>Qu&#8217;est-ce que les gens aimeraient voir \u00ab \u00e9merger \u00bb de leur argent ?<\/strong><\/p>\n\n<p>Je recommande de ne pas d\u00e9finir l&#8217;objectif de mani\u00e8re trop \u00e9troite. Il se peut que certaines offres, comme un camp d&#8217;escalade pour les jeunes dont un membre de la famille est atteint d&#8217;un cancer, finissent par dispara\u00eetre. Cependant, 80% des dons d&#8217;h\u00e9ritage ne sont pas destin\u00e9s \u00e0 un but pr\u00e9cis. Lorsqu&#8217;un but est mentionn\u00e9, il est g\u00e9n\u00e9ralement li\u00e9 \u00e0 une histoire personnelle. R\u00e9cemment, une femme a d\u00e9cid\u00e9 que son argent serait utilis\u00e9 en rapport avec le probl\u00e8me de l&#8217;amiante. Elle avait perdu son mari d&#8217;un cancer du poumon. Nous avons r\u00e9ussi \u00e0 faire en sorte que son argent soit utilis\u00e9 pour notre secteur \u00ab Cancer et environnement \u00bb. Nous y sensibilisons le public et les politiques aux dangers des influences environnementales nocives.<\/p>\n\n<p><strong>Chaque ann\u00e9e, la Ligue suisse contre le cancer h\u00e9rite d&#8217;entre cinq et huit millions de francs. O\u00f9 va l&#8217;argent ? <\/strong><\/p>\n\n<p>La majeure partie des revenus est utilis\u00e9e pour apporter un soutien concret aux personnes concern\u00e9es et \u00e0 leurs proches : mat\u00e9riel d&#8217;information, ligne InfoCancer, conseils, pr\u00e9vention et recherche. Imaginez : chaque ann\u00e9e, 41&#8217;000 personnes d\u00e9veloppent un cancer en Suisse. 64% d&#8217;entre elles sont consid\u00e9r\u00e9es comme gu\u00e9ries apr\u00e8s cinq ans. Alors qu&#8217;autrefois le diagnostic de cancer \u00e9tait un arr\u00eat de mort, nous avons d\u00e9j\u00e0 accompli beaucoup de choses aujourd&#8217;hui. Nous nous battons pour que davantage de personnes puissent gu\u00e9rir du cancer, raison pour laquelle les dons d&#8217;h\u00e9ritage servent aussi dans une large mesure \u00e0 financer la recherche.<\/p>\n\n<p><strong>Quelle est l&#8217;importance des h\u00e9ritages pour votre organisation ?<\/strong><\/p>\n\n<p>Ils sont extr\u00eamement importants. L&#8217;organisation est financ\u00e9e \u00e0 93% par des dons priv\u00e9s. Nous ne recevons que tr\u00e8s peu de fonds gouvernementaux. Les h\u00e9ritages repr\u00e9sentent pr\u00e8s de la moiti\u00e9 de l&#8217;ensemble des revenus provenant de dons priv\u00e9s. Ainsi, lorsqu&#8217;on int\u00e8gre la Ligue contre le cancer dans son testament, on contribue de mani\u00e8re significative \u00e0 aider les personnes touch\u00e9es par le cancer et leurs proches.<\/p>\n\n<p><strong>Comment avez-vous rejoint cette organisation ?<\/strong><\/p>\n\n<p>Je ne travaille pour la Ligue du cancer que depuis le mois de juin de cette ann\u00e9e. En travaillant pour une autre organisation, j&#8217;ai r\u00e9alis\u00e9 \u00e0 quel point j&#8217;aime le contact avec les personnes \u00e2g\u00e9es, \u00e0 quel point j&#8217;aime les \u00e9couter, les conseiller et les accompagner. J&#8217;aimerais contribuer \u00e0 la r\u00e9alisation de la vision de la Ligue contre le cancer : \u0153uvrer pour un monde dans lequel moins de personnes d\u00e9veloppent un cancer ou souffrent des cons\u00e9quences du cancer.<\/p>\n\n\n        <div class=\"da-servicebox relative bg-gray-200 p-4 pt-8 border-solid border-t-8 border-da-dark mb-6\">\n            <i class=\"fas fa-info-circle mx-auto fa-7x text-da-dark\"><\/i>\n            <span style=\"hyphens: auto\">\n                <\/p>\n\n<p>La <strong><a href=\"https:\/\/www.deinadieu.ch\/fr\/oeuvres-de-bienfaisance\/\" target=\"_blank\" rel=\"noreferrer noopener\">Ligue suisse contre le cancer<\/a><\/strong> (fond\u00e9e en 1910) est une organisation \u00e0 but non lucratif qui s&#8217;engage pour la pr\u00e9vention du cancer, le financement de la recherche ind\u00e9pendante de l&#8217;industrie et le soutien aux personnes atteintes de cancer et \u00e0 leurs proches. En tant qu&#8217;organisation fa\u00eeti\u00e8re nationale bas\u00e9e \u00e0 Berne, elle regroupe 19 ligues cantonales et r\u00e9gionales. Elle est principalement financ\u00e9e par des dons et est certifi\u00e9e Zewo.<\/p>\n\n<p> \n                \n                \n            <\/span>\n        <\/div>\n        \n","protected":false},"excerpt":{"rendered":"<p>Manuela Daboussi entre en jeu lorsque quelqu&#8217;un l\u00e8gue de l&#8217;argent \u00e0 la Ligue contre le cancer. Au d\u00e9but, elle a eu du mal \u00e0 accepter de ne jamais rencontrer ces personnes. Maintenant, elle accroche un c\u0153ur en papier au mur de son bureau pour chaque testateur. L&#8217;espoir d&#8217;un avenir meilleur, que les testateurs expriment avec [&hellip;]<\/p>\n","protected":false},"author":6028,"featured_media":28044,"comment_status":"open","ping_status":"closed","sticky":false,"template":"","format":"standard","meta":{"_acf_changed":false,"footnotes":""},"categories":[2450],"tags":[3354,2488,2106,2180,2469,2384],"class_list":["post-49247","post","type-post","status-publish","format-standard","has-post-thumbnail","hentry","category-oeuvres-caritatives","tag-fondation-zewo","tag-heritage-et-legs","tag-legs","tag-parents","tag-quel-effet-mon-heritage-peut-il-avoir","tag-testateur"],"acf":[],"yoast_head":"<title>Entretien avec Manuela Daboussi de la Ligue contre le cancer | DeinAdieu<\/title>\n<meta name=\"description\" content=\"Manuela Daboussi entre en jeu lorsque quelqu&#039;un l\u00e8gue de l&#039;argent \u00e0 la Ligue contre le cancer. Au d\u00e9but, elle a eu du mal \u00e0 accepter de ne jamais rencontrer ces personnes.\" \/>\n<meta name=\"robots\" content=\"index, follow, max-snippet:-1, max-image-preview:large, max-video-preview:-1\" \/>\n<link rel=\"canonical\" href=\"https:\/\/www.deinadieu.ch\/fr\/je-voudrais-remercier-les-testateurs-de-leur-vivant\/\" \/>\n<meta property=\"og:locale\" content=\"fr_FR\" \/>\n<meta property=\"og:type\" content=\"article\" \/>\n<meta property=\"og:title\" content=\"\u00ab Je voudrais remercier les testateurs de leur vivant \u00bb\" \/>\n<meta property=\"og:description\" content=\"Manuela Daboussi entre en jeu lorsque quelqu&#039;un l\u00e8gue de l&#039;argent \u00e0 la Ligue contre le cancer. Au d\u00e9but, elle a eu du mal \u00e0 accepter de ne jamais\" \/>\n<meta property=\"og:url\" content=\"https:\/\/www.deinadieu.ch\/fr\/je-voudrais-remercier-les-testateurs-de-leur-vivant\/\" \/>\n<meta property=\"og:site_name\" content=\"DeinAdieu.ch\" \/>\n<meta property=\"article:publisher\" content=\"https:\/\/www.facebook.com\/deinadieu\" \/>\n<meta property=\"article:published_time\" content=\"2020-12-15T13:50:47+00:00\" \/>\n<meta property=\"article:modified_time\" content=\"2022-06-18T11:23:53+00:00\" \/>\n<meta property=\"og:image\" content=\"https:\/\/static.deinadieu.ch\/uploads\/2020\/12\/Da_PMD_MFR4689-scaled.jpg\" \/>\n\t<meta property=\"og:image:width\" content=\"2560\" \/>\n\t<meta property=\"og:image:height\" content=\"1707\" \/>\n\t<meta property=\"og:image:type\" content=\"image\/jpeg\" \/>\n<meta name=\"author\" content=\"Janina Gehrig, MA UZH, Redaktorin\" \/>\n<meta name=\"twitter:card\" content=\"summary_large_image\" \/>\n<meta name=\"twitter:creator\" content=\"@DeinAdieu\" \/>\n<meta name=\"twitter:site\" content=\"@DeinAdieu\" \/>\n<meta name=\"twitter:label1\" content=\"Written by\" \/>\n\t<meta name=\"twitter:data1\" content=\"Janina Gehrig, MA UZH, Redaktorin\" \/>\n\t<meta name=\"twitter:label2\" content=\"Est. reading time\" \/>\n\t<meta name=\"twitter:data2\" content=\"9 minutes\" \/>\n<script type=\"application\/ld+json\" class=\"yoast-schema-graph\">{\"@context\":\"https:\\\/\\\/schema.org\",\"@graph\":[{\"@type\":\"Article\",\"@id\":\"https:\\\/\\\/www.deinadieu.ch\\\/fr\\\/je-voudrais-remercier-les-testateurs-de-leur-vivant\\\/#article\",\"isPartOf\":{\"@id\":\"https:\\\/\\\/www.deinadieu.ch\\\/fr\\\/je-voudrais-remercier-les-testateurs-de-leur-vivant\\\/\"},\"author\":{\"name\":\"Janina Gehrig, MA UZH, Redaktorin\",\"@id\":\"https:\\\/\\\/www.deinadieu.ch\\\/fr\\\/#\\\/schema\\\/person\\\/78cffe1cb679e17f919e3d0c0e7b9673\"},\"headline\":\"\u00ab Je voudrais remercier les testateurs de leur vivant \u00bb\",\"datePublished\":\"2020-12-15T13:50:47+00:00\",\"dateModified\":\"2022-06-18T11:23:53+00:00\",\"mainEntityOfPage\":{\"@id\":\"https:\\\/\\\/www.deinadieu.ch\\\/fr\\\/je-voudrais-remercier-les-testateurs-de-leur-vivant\\\/\"},\"wordCount\":1806,\"commentCount\":0,\"publisher\":{\"@id\":\"https:\\\/\\\/www.deinadieu.ch\\\/fr\\\/#organization\"},\"image\":{\"@id\":\"https:\\\/\\\/www.deinadieu.ch\\\/fr\\\/je-voudrais-remercier-les-testateurs-de-leur-vivant\\\/#primaryimage\"},\"thumbnailUrl\":\"https:\\\/\\\/www.deinadieu.ch\\\/wp-content\\\/uploads\\\/2020\\\/12\\\/Da_PMD_MFR4689-scaled.jpg\",\"keywords\":[\"Fondation Zewo\",\"H\u00e9ritage et legs\",\"Legs\",\"Parents\",\"Quel effet mon h\u00e9ritage peut-il avoir ?\",\"Testateur\"],\"articleSection\":[\"\u0152uvres caritatives en point de mire\"],\"inLanguage\":\"fr-FR\",\"potentialAction\":[{\"@type\":\"CommentAction\",\"name\":\"Comment\",\"target\":[\"https:\\\/\\\/www.deinadieu.ch\\\/fr\\\/je-voudrais-remercier-les-testateurs-de-leur-vivant\\\/#respond\"]}]},{\"@type\":\"WebPage\",\"@id\":\"https:\\\/\\\/www.deinadieu.ch\\\/fr\\\/je-voudrais-remercier-les-testateurs-de-leur-vivant\\\/\",\"url\":\"https:\\\/\\\/www.deinadieu.ch\\\/fr\\\/je-voudrais-remercier-les-testateurs-de-leur-vivant\\\/\",\"name\":\"Entretien avec Manuela Daboussi de la Ligue contre le cancer | DeinAdieu\",\"isPartOf\":{\"@id\":\"https:\\\/\\\/www.deinadieu.ch\\\/fr\\\/#website\"},\"primaryImageOfPage\":{\"@id\":\"https:\\\/\\\/www.deinadieu.ch\\\/fr\\\/je-voudrais-remercier-les-testateurs-de-leur-vivant\\\/#primaryimage\"},\"image\":{\"@id\":\"https:\\\/\\\/www.deinadieu.ch\\\/fr\\\/je-voudrais-remercier-les-testateurs-de-leur-vivant\\\/#primaryimage\"},\"thumbnailUrl\":\"https:\\\/\\\/www.deinadieu.ch\\\/wp-content\\\/uploads\\\/2020\\\/12\\\/Da_PMD_MFR4689-scaled.jpg\",\"datePublished\":\"2020-12-15T13:50:47+00:00\",\"dateModified\":\"2022-06-18T11:23:53+00:00\",\"description\":\"Manuela Daboussi entre en jeu lorsque quelqu'un l\u00e8gue de l'argent \u00e0 la Ligue contre le cancer. Au d\u00e9but, elle a eu du mal \u00e0 accepter de ne jamais rencontrer ces personnes.\",\"breadcrumb\":{\"@id\":\"https:\\\/\\\/www.deinadieu.ch\\\/fr\\\/je-voudrais-remercier-les-testateurs-de-leur-vivant\\\/#breadcrumb\"},\"inLanguage\":\"fr-FR\",\"potentialAction\":[{\"@type\":\"ReadAction\",\"target\":[\"https:\\\/\\\/www.deinadieu.ch\\\/fr\\\/je-voudrais-remercier-les-testateurs-de-leur-vivant\\\/\"]}]},{\"@type\":\"ImageObject\",\"inLanguage\":\"fr-FR\",\"@id\":\"https:\\\/\\\/www.deinadieu.ch\\\/fr\\\/je-voudrais-remercier-les-testateurs-de-leur-vivant\\\/#primaryimage\",\"url\":\"https:\\\/\\\/www.deinadieu.ch\\\/wp-content\\\/uploads\\\/2020\\\/12\\\/Da_PMD_MFR4689-scaled.jpg\",\"contentUrl\":\"https:\\\/\\\/www.deinadieu.ch\\\/wp-content\\\/uploads\\\/2020\\\/12\\\/Da_PMD_MFR4689-scaled.jpg\",\"width\":2560,\"height\":1707,\"caption\":\"Manuela Daboussi, responsable des successions et des legs, Ligue suisse contre le cancer. \u00a9 Manu Friederich\"},{\"@type\":\"BreadcrumbList\",\"@id\":\"https:\\\/\\\/www.deinadieu.ch\\\/fr\\\/je-voudrais-remercier-les-testateurs-de-leur-vivant\\\/#breadcrumb\",\"itemListElement\":[{\"@type\":\"ListItem\",\"position\":1,\"name\":\"Home\",\"item\":\"https:\\\/\\\/www.deinadieu.ch\\\/fr\\\/deinadieu-dialog-und-serviceportal-zum-lebensende\\\/\"},{\"@type\":\"ListItem\",\"position\":2,\"name\":\"\u00ab Je voudrais remercier les testateurs de leur vivant \u00bb\"}]},{\"@type\":\"WebSite\",\"@id\":\"https:\\\/\\\/www.deinadieu.ch\\\/fr\\\/#website\",\"url\":\"https:\\\/\\\/www.deinadieu.ch\\\/fr\\\/\",\"name\":\"DeinAdieu.ch\",\"description\":\"Testament, Patientenverf\u00fcgung und Vorsorgeauftrag\",\"publisher\":{\"@id\":\"https:\\\/\\\/www.deinadieu.ch\\\/fr\\\/#organization\"},\"potentialAction\":[{\"@type\":\"SearchAction\",\"target\":{\"@type\":\"EntryPoint\",\"urlTemplate\":\"https:\\\/\\\/www.deinadieu.ch\\\/fr\\\/?s={search_term_string}\"},\"query-input\":{\"@type\":\"PropertyValueSpecification\",\"valueRequired\":true,\"valueName\":\"search_term_string\"}}],\"inLanguage\":\"fr-FR\"},{\"@type\":\"Organization\",\"@id\":\"https:\\\/\\\/www.deinadieu.ch\\\/fr\\\/#organization\",\"name\":\"EMNA Web GmbH\",\"url\":\"https:\\\/\\\/www.deinadieu.ch\\\/fr\\\/\",\"logo\":{\"@type\":\"ImageObject\",\"inLanguage\":\"fr-FR\",\"@id\":\"https:\\\/\\\/www.deinadieu.ch\\\/fr\\\/#\\\/schema\\\/logo\\\/image\\\/\",\"url\":\"https:\\\/\\\/www.deinadieu.ch\\\/wp-content\\\/uploads\\\/2016\\\/01\\\/DeinAdieu_Logo.png\",\"contentUrl\":\"https:\\\/\\\/www.deinadieu.ch\\\/wp-content\\\/uploads\\\/2016\\\/01\\\/DeinAdieu_Logo.png\",\"width\":300,\"height\":117,\"caption\":\"EMNA Web GmbH\"},\"image\":{\"@id\":\"https:\\\/\\\/www.deinadieu.ch\\\/fr\\\/#\\\/schema\\\/logo\\\/image\\\/\"},\"sameAs\":[\"https:\\\/\\\/www.facebook.com\\\/deinadieu\",\"https:\\\/\\\/x.com\\\/DeinAdieu\",\"https:\\\/\\\/www.instagram.com\\\/deinadieu\\\/\",\"https:\\\/\\\/www.linkedin.com\\\/company\\\/deinadieu.ch\"]},{\"@type\":\"Person\",\"@id\":\"https:\\\/\\\/www.deinadieu.ch\\\/fr\\\/#\\\/schema\\\/person\\\/78cffe1cb679e17f919e3d0c0e7b9673\",\"name\":\"Janina Gehrig, MA UZH, Redaktorin\",\"image\":{\"@type\":\"ImageObject\",\"inLanguage\":\"fr-FR\",\"@id\":\"https:\\\/\\\/secure.gravatar.com\\\/avatar\\\/8bfc4dca12cd7c0a0373c12f34587d1f6a6117903e7ecc0035863bd69df6fb07?s=96&d=mm&r=g\",\"url\":\"https:\\\/\\\/secure.gravatar.com\\\/avatar\\\/8bfc4dca12cd7c0a0373c12f34587d1f6a6117903e7ecc0035863bd69df6fb07?s=96&d=mm&r=g\",\"contentUrl\":\"https:\\\/\\\/secure.gravatar.com\\\/avatar\\\/8bfc4dca12cd7c0a0373c12f34587d1f6a6117903e7ecc0035863bd69df6fb07?s=96&d=mm&r=g\",\"caption\":\"Janina Gehrig, MA UZH, Redaktorin\"},\"url\":\"https:\\\/\\\/www.deinadieu.ch\\\/fr\\\/author\\\/janinagehrig\\\/\"}]}<\/script>","yoast_head_json":{"title":"Entretien avec Manuela Daboussi de la Ligue contre le cancer | DeinAdieu","description":"Manuela Daboussi entre en jeu lorsque quelqu'un l\u00e8gue de l'argent \u00e0 la Ligue contre le cancer. Au d\u00e9but, elle a eu du mal \u00e0 accepter de ne jamais rencontrer ces personnes.","robots":{"index":"index","follow":"follow","max-snippet":"max-snippet:-1","max-image-preview":"max-image-preview:large","max-video-preview":"max-video-preview:-1"},"canonical":"https:\/\/www.deinadieu.ch\/fr\/je-voudrais-remercier-les-testateurs-de-leur-vivant\/","og_locale":"fr_FR","og_type":"article","og_title":"\u00ab Je voudrais remercier les testateurs de leur vivant \u00bb","og_description":"Manuela Daboussi entre en jeu lorsque quelqu'un l\u00e8gue de l'argent \u00e0 la Ligue contre le cancer. Au d\u00e9but, elle a eu du mal \u00e0 accepter de ne jamais","og_url":"https:\/\/www.deinadieu.ch\/fr\/je-voudrais-remercier-les-testateurs-de-leur-vivant\/","og_site_name":"DeinAdieu.ch","article_publisher":"https:\/\/www.facebook.com\/deinadieu","article_published_time":"2020-12-15T13:50:47+00:00","article_modified_time":"2022-06-18T11:23:53+00:00","og_image":[{"width":2560,"height":1707,"url":"https:\/\/static.deinadieu.ch\/uploads\/2020\/12\/Da_PMD_MFR4689-scaled.jpg","type":"image\/jpeg"}],"author":"Janina Gehrig, MA UZH, Redaktorin","twitter_card":"summary_large_image","twitter_creator":"@DeinAdieu","twitter_site":"@DeinAdieu","twitter_misc":{"Written by":"Janina Gehrig, MA UZH, Redaktorin","Est. reading time":"9 minutes"},"schema":{"@context":"https:\/\/schema.org","@graph":[{"@type":"Article","@id":"https:\/\/www.deinadieu.ch\/fr\/je-voudrais-remercier-les-testateurs-de-leur-vivant\/#article","isPartOf":{"@id":"https:\/\/www.deinadieu.ch\/fr\/je-voudrais-remercier-les-testateurs-de-leur-vivant\/"},"author":{"name":"Janina Gehrig, MA UZH, Redaktorin","@id":"https:\/\/www.deinadieu.ch\/fr\/#\/schema\/person\/78cffe1cb679e17f919e3d0c0e7b9673"},"headline":"\u00ab Je voudrais remercier les testateurs de leur vivant \u00bb","datePublished":"2020-12-15T13:50:47+00:00","dateModified":"2022-06-18T11:23:53+00:00","mainEntityOfPage":{"@id":"https:\/\/www.deinadieu.ch\/fr\/je-voudrais-remercier-les-testateurs-de-leur-vivant\/"},"wordCount":1806,"commentCount":0,"publisher":{"@id":"https:\/\/www.deinadieu.ch\/fr\/#organization"},"image":{"@id":"https:\/\/www.deinadieu.ch\/fr\/je-voudrais-remercier-les-testateurs-de-leur-vivant\/#primaryimage"},"thumbnailUrl":"https:\/\/www.deinadieu.ch\/wp-content\/uploads\/2020\/12\/Da_PMD_MFR4689-scaled.jpg","keywords":["Fondation Zewo","H\u00e9ritage et legs","Legs","Parents","Quel effet mon h\u00e9ritage peut-il avoir ?","Testateur"],"articleSection":["\u0152uvres caritatives en point de mire"],"inLanguage":"fr-FR","potentialAction":[{"@type":"CommentAction","name":"Comment","target":["https:\/\/www.deinadieu.ch\/fr\/je-voudrais-remercier-les-testateurs-de-leur-vivant\/#respond"]}]},{"@type":"WebPage","@id":"https:\/\/www.deinadieu.ch\/fr\/je-voudrais-remercier-les-testateurs-de-leur-vivant\/","url":"https:\/\/www.deinadieu.ch\/fr\/je-voudrais-remercier-les-testateurs-de-leur-vivant\/","name":"Entretien avec Manuela Daboussi de la Ligue contre le cancer | DeinAdieu","isPartOf":{"@id":"https:\/\/www.deinadieu.ch\/fr\/#website"},"primaryImageOfPage":{"@id":"https:\/\/www.deinadieu.ch\/fr\/je-voudrais-remercier-les-testateurs-de-leur-vivant\/#primaryimage"},"image":{"@id":"https:\/\/www.deinadieu.ch\/fr\/je-voudrais-remercier-les-testateurs-de-leur-vivant\/#primaryimage"},"thumbnailUrl":"https:\/\/www.deinadieu.ch\/wp-content\/uploads\/2020\/12\/Da_PMD_MFR4689-scaled.jpg","datePublished":"2020-12-15T13:50:47+00:00","dateModified":"2022-06-18T11:23:53+00:00","description":"Manuela Daboussi entre en jeu lorsque quelqu'un l\u00e8gue de l'argent \u00e0 la Ligue contre le cancer. Au d\u00e9but, elle a eu du mal \u00e0 accepter de ne jamais rencontrer ces personnes.","breadcrumb":{"@id":"https:\/\/www.deinadieu.ch\/fr\/je-voudrais-remercier-les-testateurs-de-leur-vivant\/#breadcrumb"},"inLanguage":"fr-FR","potentialAction":[{"@type":"ReadAction","target":["https:\/\/www.deinadieu.ch\/fr\/je-voudrais-remercier-les-testateurs-de-leur-vivant\/"]}]},{"@type":"ImageObject","inLanguage":"fr-FR","@id":"https:\/\/www.deinadieu.ch\/fr\/je-voudrais-remercier-les-testateurs-de-leur-vivant\/#primaryimage","url":"https:\/\/www.deinadieu.ch\/wp-content\/uploads\/2020\/12\/Da_PMD_MFR4689-scaled.jpg","contentUrl":"https:\/\/www.deinadieu.ch\/wp-content\/uploads\/2020\/12\/Da_PMD_MFR4689-scaled.jpg","width":2560,"height":1707,"caption":"Manuela Daboussi, responsable des successions et des legs, Ligue suisse contre le cancer. \u00a9 Manu Friederich"},{"@type":"BreadcrumbList","@id":"https:\/\/www.deinadieu.ch\/fr\/je-voudrais-remercier-les-testateurs-de-leur-vivant\/#breadcrumb","itemListElement":[{"@type":"ListItem","position":1,"name":"Home","item":"https:\/\/www.deinadieu.ch\/fr\/deinadieu-dialog-und-serviceportal-zum-lebensende\/"},{"@type":"ListItem","position":2,"name":"\u00ab Je voudrais remercier les testateurs de leur vivant \u00bb"}]},{"@type":"WebSite","@id":"https:\/\/www.deinadieu.ch\/fr\/#website","url":"https:\/\/www.deinadieu.ch\/fr\/","name":"DeinAdieu.ch","description":"Testament, Patientenverf\u00fcgung und Vorsorgeauftrag","publisher":{"@id":"https:\/\/www.deinadieu.ch\/fr\/#organization"},"potentialAction":[{"@type":"SearchAction","target":{"@type":"EntryPoint","urlTemplate":"https:\/\/www.deinadieu.ch\/fr\/?s={search_term_string}"},"query-input":{"@type":"PropertyValueSpecification","valueRequired":true,"valueName":"search_term_string"}}],"inLanguage":"fr-FR"},{"@type":"Organization","@id":"https:\/\/www.deinadieu.ch\/fr\/#organization","name":"EMNA Web GmbH","url":"https:\/\/www.deinadieu.ch\/fr\/","logo":{"@type":"ImageObject","inLanguage":"fr-FR","@id":"https:\/\/www.deinadieu.ch\/fr\/#\/schema\/logo\/image\/","url":"https:\/\/www.deinadieu.ch\/wp-content\/uploads\/2016\/01\/DeinAdieu_Logo.png","contentUrl":"https:\/\/www.deinadieu.ch\/wp-content\/uploads\/2016\/01\/DeinAdieu_Logo.png","width":300,"height":117,"caption":"EMNA Web GmbH"},"image":{"@id":"https:\/\/www.deinadieu.ch\/fr\/#\/schema\/logo\/image\/"},"sameAs":["https:\/\/www.facebook.com\/deinadieu","https:\/\/x.com\/DeinAdieu","https:\/\/www.instagram.com\/deinadieu\/","https:\/\/www.linkedin.com\/company\/deinadieu.ch"]},{"@type":"Person","@id":"https:\/\/www.deinadieu.ch\/fr\/#\/schema\/person\/78cffe1cb679e17f919e3d0c0e7b9673","name":"Janina Gehrig, MA UZH, Redaktorin","image":{"@type":"ImageObject","inLanguage":"fr-FR","@id":"https:\/\/secure.gravatar.com\/avatar\/8bfc4dca12cd7c0a0373c12f34587d1f6a6117903e7ecc0035863bd69df6fb07?s=96&d=mm&r=g","url":"https:\/\/secure.gravatar.com\/avatar\/8bfc4dca12cd7c0a0373c12f34587d1f6a6117903e7ecc0035863bd69df6fb07?s=96&d=mm&r=g","contentUrl":"https:\/\/secure.gravatar.com\/avatar\/8bfc4dca12cd7c0a0373c12f34587d1f6a6117903e7ecc0035863bd69df6fb07?s=96&d=mm&r=g","caption":"Janina Gehrig, MA UZH, Redaktorin"},"url":"https:\/\/www.deinadieu.ch\/fr\/author\/janinagehrig\/"}]}},"_links":{"self":[{"href":"https:\/\/www.deinadieu.ch\/fr\/wp-json\/wp\/v2\/posts\/49247","targetHints":{"allow":["GET"]}}],"collection":[{"href":"https:\/\/www.deinadieu.ch\/fr\/wp-json\/wp\/v2\/posts"}],"about":[{"href":"https:\/\/www.deinadieu.ch\/fr\/wp-json\/wp\/v2\/types\/post"}],"author":[{"embeddable":true,"href":"https:\/\/www.deinadieu.ch\/fr\/wp-json\/wp\/v2\/users\/6028"}],"replies":[{"embeddable":true,"href":"https:\/\/www.deinadieu.ch\/fr\/wp-json\/wp\/v2\/comments?post=49247"}],"version-history":[{"count":13,"href":"https:\/\/www.deinadieu.ch\/fr\/wp-json\/wp\/v2\/posts\/49247\/revisions"}],"predecessor-version":[{"id":57365,"href":"https:\/\/www.deinadieu.ch\/fr\/wp-json\/wp\/v2\/posts\/49247\/revisions\/57365"}],"wp:featuredmedia":[{"embeddable":true,"href":"https:\/\/www.deinadieu.ch\/fr\/wp-json\/wp\/v2\/media\/28044"}],"wp:attachment":[{"href":"https:\/\/www.deinadieu.ch\/fr\/wp-json\/wp\/v2\/media?parent=49247"}],"wp:term":[{"taxonomy":"category","embeddable":true,"href":"https:\/\/www.deinadieu.ch\/fr\/wp-json\/wp\/v2\/categories?post=49247"},{"taxonomy":"post_tag","embeddable":true,"href":"https:\/\/www.deinadieu.ch\/fr\/wp-json\/wp\/v2\/tags?post=49247"}],"curies":[{"name":"wp","href":"https:\/\/api.w.org\/{rel}","templated":true}]}}