{"id":49044,"date":"2021-01-11T10:32:00","date_gmt":"2021-01-11T09:32:00","guid":{"rendered":"https:\/\/www.deinadieu.ch\/nous-voulons-integrer-les-personnes-touchees-dans-la-societe\/"},"modified":"2022-04-20T21:25:49","modified_gmt":"2022-04-20T19:25:49","slug":"nous-voulons-integrer-les-personnes-touchees-dans-la-societe","status":"publish","type":"post","link":"https:\/\/www.deinadieu.ch\/fr\/nous-voulons-integrer-les-personnes-touchees-dans-la-societe\/","title":{"rendered":"\u00ab Nous voulons int\u00e9grer les personnes touch\u00e9es dans la soci\u00e9t\u00e9 \u00bb"},"content":{"rendered":"\n<p>La scl\u00e9rose en plaques (SEP) touche environ 15&#8217;000 personnes en Suisse. Les malades et leurs proches sont conseill\u00e9s et accompagn\u00e9s par la Soci\u00e9t\u00e9 suisse de la scl\u00e9rose en plaques.<\/p>\n\n<!--more-->\n\n<p>Christof Kn\u00fcsli, dipl\u00f4m\u00e9 en droit, a rejoint cette organisation par hasard il y a 20 ans et il est d\u00e9sormais responsable du secteur des h\u00e9ritages et des legs. Il est touch\u00e9 par l&#8217;\u00e9nergie avec laquelle les personnes atteintes font face \u00e0 leur destin. Kn\u00fcsli tient \u00e0 rendre la maladie visible. Pour ce faire, l&#8217;homme de 58 ans aime arpenter les lieux publics lors de la Journ\u00e9e du risotto avec des brochures d&#8217;information et nouer des contacts.<\/p>\n\n<p><strong>Qui est touch\u00e9 par la SEP en Suisse ?<\/strong><\/p>\n\n<p>Environ 15&#8217;000 personnes, soit une sur 560. Des habitants de la Suisse. Les femmes sont deux fois plus touch\u00e9es par la maladie que les hommes. La plupart tombent malades au d\u00e9but de l&#8217;\u00e2ge adulte, entre 20 et 40 ans. La cause est inconnue. C&#8217;est une maladie aux 1000 visages, dont les sympt\u00f4mes vont de la fatigue aux troubles de la coordination en passant par la paralysie et les troubles de la cognition. Il existe diff\u00e9rentes formes d&#8217;\u00e9volution : la SEP \u00e9voluant par pouss\u00e9es ou la SEP progressive. La maladie ne peut pas \u00eatre gu\u00e9rie et les th\u00e9rapies disponibles aujourd&#8217;hui ne peuvent que ralentir l&#8217;\u00e9volution de la maladie.<\/p>\n\n<p><strong>Comment la Soci\u00e9t\u00e9 suisse de la SEP soutient-elle les personnes touch\u00e9es et leurs proches ?<\/strong><\/p>\n\n<p>Nous disposons d&#8217;une infoline SEP et d&#8217;une ligne t\u00e9l\u00e9phonique d&#8217;information et de conseil g\u00e9r\u00e9e par des professionnels de l&#8217;orientation sociale. L&#8217;ann\u00e9e derni\u00e8re, 5&#8217;500 appels et consultations personnelles ont \u00e9t\u00e9 comptabilis\u00e9s. Nous proposons ces entretiens dans nos si\u00e8ges principaux de Zurich, Lausanne et Lugano ainsi des consultations sociales mobiles sur place. Souvent, des questions relatives aux assurances sociales sont pos\u00e9es, par exemple : \u00ab Dois-je dire \u00e0 mon employeur que je suis atteint de la SEP ? \u00bb.<\/p>\n\n<p><strong>Et ? Doit-on le dire ?<\/strong><\/p>\n\n<p>Il n&#8217;y a aucune obligation de le communiquer. Cela d\u00e9pend beaucoup de la personne et du poste de travail. Personnellement, je pense qu&#8217;il est toujours pr\u00e9f\u00e9rable d&#8217;\u00eatre transparent. <\/p>\n\n<p><strong>Quelles autres questions vous sont pos\u00e9es \u00e0 l&#8217;infoline ?<\/strong><\/p>\n\n<p>Il s&#8217;agit de questions relatives aux aides dans la vie quotidienne, aux logements sans barri\u00e8res, de questions relatives au droit du travail et des assurances et de questions m\u00e9dicales et param\u00e9dicales, telles que des conseils sur la m\u00e9dication et les th\u00e9rapies. Nous offrons \u00e9galement des conseils en mati\u00e8re de prise en charge aux proches. Ceux-ci veulent notamment savoir comment porter une personne affect\u00e9e hors de son fauteuil roulant et comment la nourrir correctement. <\/p>\n\n<figure class=\"wp-block-image size-large is-style-default\"><img loading=\"lazy\" decoding=\"async\" width=\"1024\" height=\"683\" src=\"https:\/\/deinadieu.ch\/wp-content\/uploads\/2020\/12\/MG_0420-1024x683.jpg\" alt=\"\" class=\"wp-image-28271\" srcset=\"https:\/\/www.deinadieu.ch\/wp-content\/uploads\/2020\/12\/MG_0420-1024x683.jpg 1024w, https:\/\/www.deinadieu.ch\/wp-content\/uploads\/2020\/12\/MG_0420-300x200.jpg 300w, https:\/\/www.deinadieu.ch\/wp-content\/uploads\/2020\/12\/MG_0420-1536x1024.jpg 1536w, https:\/\/www.deinadieu.ch\/wp-content\/uploads\/2020\/12\/MG_0420-2048x1365.jpg 2048w\" sizes=\"auto, (max-width: 1024px) 100vw, 1024px\" \/><figcaption>\u00ab Nous recevons chaque ann\u00e9e environ un \u00e0 un million et demi de francs de legs. \u00bb<\/figcaption><\/figure>\n\n<p><strong>S&#8217;agit-il \u00e9galement de questions psychologiques ?<\/strong><\/p>\n\n<p>Oui, comme la question : quelle est la prochaine \u00e9tape ? Nous travaillons \u00e9galement avec un r\u00e9seau pour les questions psychologiques. En outre, nous disposons de r\u00e9seaux avec des physioth\u00e9rapeutes et des neuropsychologues qui peuvent r\u00e9pondre sp\u00e9cifiquement aux questions sur la maladie et apporter un soutien. <\/p>\n\n<p><strong>Combien d&#8217;argent recevez-vous chaque ann\u00e9e et quelle est l&#8217;importance des revenus provenant des h\u00e9ritages et des legs pour vous ?<\/strong><\/p>\n\n<p>Nous recevons chaque ann\u00e9e environ un \u00e0 un million et demi de francs de legs. Cela repr\u00e9sente environ 8 \u00e0 10% de nos d\u00e9penses. La plus grande partie, environ huit millions de francs, provient de dons. Seuls 17% des fonds de la Soci\u00e9t\u00e9 suisse de la SEP sont financ\u00e9s par les deniers publics.<\/p>\n\n<p><strong>Qui l\u00e8gue de l&#8217;argent de la soci\u00e9t\u00e9 ?<\/strong><\/p>\n\n<p>Nous recevons de 20 \u00e0 30 legs chaque ann\u00e9e. Les fonds proviennent souvent de nos 15&#8217;000 membres, dont beaucoup sont eux-m\u00eames touch\u00e9s par la SEP ou ont au moins un lien avec la maladie. Cependant, les personnes affect\u00e9es n&#8217;ont souvent plus aucune fortune au moment de leur d\u00e9c\u00e8s. Elles \u00e9taient d\u00e9pendantes de l&#8217;AI et ne pouvaient plus travailler pleinement ni se constituer une \u00e9pargne. Souvent, leurs proches, leurs connaissances ou leur partenaire l\u00e9guent de l&#8217;argent.<\/p>\n\n<p><strong>Quelles visions vous sont pr\u00e9sent\u00e9es lorsque vous acceptez des h\u00e9ritages pour la Soci\u00e9t\u00e9 de la SEP ?<\/strong><\/p>\n\n<p>En principe, les testateurs veulent soutenir notre travail, qui se concentre sur les personnes touch\u00e9es et leurs familles. C&#8217;est tr\u00e8s important pour nous. <\/p>\n\n<p><strong>O\u00f9 va la majeure partie de l&#8217;argent ? <\/strong><\/p>\n\n<p>Nous soutenons la recherche, nous fournissons une aide financi\u00e8re d&#8217;urgence telle que des contributions \u00e0 la transformation d&#8217;une voiture ou la couverture de d\u00e9penses m\u00e9dicales non couvertes, et nous soutenons nos plus de 50 groupes r\u00e9gionaux SEP. Nous organisons des s\u00e9ances d&#8217;information et nous proposons des s\u00e9jours en groupe pour les personnes gravement et mod\u00e9r\u00e9ment atteintes. Nous les sortons de leur quotidien, en partant avec quarante volontaires au Tessin, au bord du lac de Constance ou en Suisse centrale notamment. Ainsi, les proches ont aussi des vacances. Les gens le voient et ils veulent soutenir cet effort. En outre, depuis deux ans, nous n&#8217;acceptons plus d&#8217;\u00eatre sponsoris\u00e9s par des entreprises pharmaceutiques qui ont, par exemple, fait des dons pour des congr\u00e8s de SEP. Il est appr\u00e9ci\u00e9 que nous soyons neutres et ind\u00e9pendants dans tous nos conseils et nos services.<\/p>\n\n<p><strong>Vous faites beaucoup de campagnes de sensibilisation, raison pour laquelle la maladie est d\u00e9sormais mieux connue. Que faites-vous concr\u00e8tement ?<\/strong><\/p>\n\n<p>Oui, Il est tr\u00e8s important pour nous d&#8217;int\u00e9grer les personnes touch\u00e9es dans la soci\u00e9t\u00e9 et de donner de la visibilit\u00e9 \u00e0 la maladie. Les personnes touch\u00e9es ne veulent pas de la piti\u00e9, mais vivre en \u00e9tant incluses. Nous organisons des courses de collecte de fonds, nous envoyons notre magazine Forte quatre fois par an, nous publions r\u00e9guli\u00e8rement des articles et des annonces dans la presse et nous sensibilisons le public pas diff\u00e9rents canaux de communication. Nous sommes \u00e9galement actifs sur les r\u00e9seaux sociaux tels que Facebook, Instagram, Twitter ou LinkedIn, o\u00f9 se rencontre la tranche d&#8217;\u00e2ge des personnes atteintes et des proches. Il existe \u00e9galement de tr\u00e8s belles campagnes de collecte individuelles, au cours desquelles des \u00e9coliers collectent pour nous. Nous organisons chaque ann\u00e9e une journ\u00e9e du risotto dans les lieux publics de toute la Suisse en partenaritat avec la Guilde, l&#8217;association des restaurateurs suisses propri\u00e9taires d&#8217;un \u00e9tablissement. Les chefs de la Guilde cuisinent au profit des personnes atteintes de SEP, lesquelles entrent en contact avec les passants sur le terrain, r\u00e9pondent aux questions et distribuent des brochures.<\/p>\n\n<figure class=\"wp-block-image size-large is-style-default\"><img loading=\"lazy\" decoding=\"async\" width=\"1024\" height=\"683\" src=\"https:\/\/deinadieu.ch\/wp-content\/uploads\/2020\/12\/MG_0450-1024x683.jpg\" alt=\"\" class=\"wp-image-28265\" srcset=\"https:\/\/www.deinadieu.ch\/wp-content\/uploads\/2020\/12\/MG_0450-1024x683.jpg 1024w, https:\/\/www.deinadieu.ch\/wp-content\/uploads\/2020\/12\/MG_0450-300x200.jpg 300w, https:\/\/www.deinadieu.ch\/wp-content\/uploads\/2020\/12\/MG_0450-1536x1024.jpg 1536w, https:\/\/www.deinadieu.ch\/wp-content\/uploads\/2020\/12\/MG_0450-2048x1365.jpg 2048w\" sizes=\"auto, (max-width: 1024px) 100vw, 1024px\" \/><figcaption>\u00ab Je m&#8217;\u00e9merveille souvent de l&#8217;\u00e9nergie avec laquelle ils font face \u00e0 ce destin. \u00bb<\/figcaption><\/figure>\n\n<p><strong>\u00cates-vous \u00e9galement sur place \u00e0 chaque fois ?<\/strong><\/p>\n\n<p>Oui, Il est important d&#8217;\u00eatre pr\u00e9sent et de nouer des contacts personnels.<\/p>\n\n<p><strong>Les personnes touch\u00e9es et leurs proches, les membres et amis de la soci\u00e9t\u00e9 de la SEP sont-ils particuli\u00e8rement sensibles aux questions d&#8217;autod\u00e9termination en fin de vie ?<\/strong><\/p>\n\n<p>Des questions relatives aux soins palliatifs, aux mandats pour cause d&#8217;inaptitude et aux directives anticip\u00e9es du patient sont fr\u00e9quemment pos\u00e9es. Chaque personne traite toutefois le sujet \u00e0 sa mani\u00e8re. Les personnes atteintes de la SEP pr\u00e9f\u00e8rent rester chez elles le plus longtemps possible. Beaucoup m\u00e8nent une vie de bonne qualit\u00e9 pendant longtemps et ont la p\u00eache, \u00e9tonnamment. Nous essayons de permettre aux personnes de mener une vie faite d&#8217;autod\u00e9termination, si possible, afin qu&#8217;elles puissent maintenir leur qualit\u00e9 de vie. Certaines personnes atteintes de la SEP sont favorables \u00e0 une mort autod\u00e9termin\u00e9e et adh\u00e8rent \u00e0 des organisations de suicide assist\u00e9 telles qu&#8217;Exit. Nous ne disposons toutefois pas de chiffres pr\u00e9cis \u00e0 ce sujet. Je connais aussi personnellement des cas dans lesquels des personnes ont eu recours au suicide assist\u00e9 parce qu&#8217;elles ne pouvaient pas imaginer entrer dans un home m\u00e9dicalis\u00e9. <\/p>\n\n<p><strong>Comment g\u00e9rez-vous de tels destins ?<\/strong><\/p>\n\n<p>Bien s\u00fbr, je connais beaucoup de personnes affect\u00e9es par mon travail. Certaines d&#8217;entre elles travaillent au conseil d&#8217;administration ou sur des projets de recherche. Je m&#8217;\u00e9merveille souvent de l&#8217;\u00e9nergie avec laquelle elles font face \u00e0 ce destin. Cela me touche beaucoup. Mais je ne peux pas laisser toutes les histoires me toucher aussi personnellement. Ma femme a longtemps travaill\u00e9 avec des enfants en situation de handicap grave. Nous avons ainsi une excellente compr\u00e9hension pour les personnes en situation de handicap. Presque tous ceux qui commencent \u00e0 travailler \u00e0 la Soci\u00e9t\u00e9 de la SEP s&#8217;imaginent qu&#8217;ils pr\u00e9sentent des sympt\u00f4mes de cette maladie. Les pens\u00e9es viennent de toute fa\u00e7on : comment serait-ce pour moi ?<\/p>\n\n<p><strong>Comment avez-vous rejoint cette organisation ?<\/strong><\/p>\n\n<p>J&#8217;y suis depuis 20 ans et je l&#8217;ai rejointe par hasard. J&#8217;\u00e9tais juriste, j&#8217;avais termin\u00e9 mes \u00e9tudes et je me pr\u00e9parais pour l&#8217;examen du barreau. Un coll\u00e8gue de la soci\u00e9t\u00e9 de la SEP de l&#8217;\u00e9poque m&#8217;a demand\u00e9 si je pouvais organiser un concert de bienfaisance avec de la musique classique. C&#8217;est ainsi que j&#8217;ai \u00e9t\u00e9 embauch\u00e9, d&#8217;abord pour l&#8217;organisation d&#8217;\u00e9v\u00e9nements de collecte de fonds et les relations publiques associ\u00e9es, puis j&#8217;ai occup\u00e9 diverses fonctions et je suis maintenant actif depuis quatre ans dans le secteur des h\u00e9ritages et des legs.<\/p>\n\n<div class=\"wp-block-buttons is-layout-flex wp-block-buttons-is-layout-flex\">\n<div class=\"wp-block-button\"><a class=\"wp-block-button__link has-background\" href=\"https:\/\/app.deinadieu.ch\/testamentgenerator\" style=\"background-color:#705867\" target=\"_blank\" rel=\"noreferrer noopener\">Cr\u00e9er un testament gratuitement ici.<\/a><\/div>\n<\/div>\n\n<div style=\"height:29px\" aria-hidden=\"true\" class=\"wp-block-spacer\"><\/div>\n\n\n        <div class=\"da-servicebox relative bg-gray-200 p-4 pt-8 border-solid border-t-8 border-da-dark mb-6\">\n            <i class=\"fas fa-info-circle mx-auto fa-7x text-da-dark\"><\/i>\n            <span style=\"hyphens: auto\">\n                <\/p>\n\n<p>La <a href=\"https:\/\/www.deinadieu.ch\/fr\/oeuvres-de-bienfaisance\/\" target=\"_blank\" rel=\"noreferrer noopener\">Soci\u00e9t\u00e9 suisse de la scl\u00e9rose en plaques<\/a> est la premi\u00e8re adresse pour la SEP dans toute la Suisse et se veut un point de contact pour les personnes touch\u00e9es, les proches, les b\u00e9n\u00e9voles et les sp\u00e9cialistes. Depuis 1959, elle offre un large \u00e9ventail de services de soutien qui facilitent la vie quotidienne des personnes atteintes de la SEP et de leurs proches, notamment des conseils, des \u00e9v\u00e9nements tels que des s\u00e9jours en groupe pour les personnes d\u00e9pendantes, ainsi qu&#8217;un soutien \u00e0 la recherche sur la SEP.<\/p>\n\n<p> \n                \n                \n            <\/span>\n        <\/div>\n        \n","protected":false},"excerpt":{"rendered":"<p>La scl\u00e9rose en plaques (SEP) touche environ 15&#8217;000 personnes en Suisse. Les malades et leurs proches sont conseill\u00e9s et accompagn\u00e9s par la Soci\u00e9t\u00e9 suisse de la scl\u00e9rose en plaques.<\/p>\n","protected":false},"author":6028,"featured_media":28259,"comment_status":"open","ping_status":"closed","sticky":false,"template":"","format":"standard","meta":{"_acf_changed":false,"footnotes":""},"categories":[2450],"tags":[2105,2488,2487,2469],"class_list":["post-49044","post","type-post","status-publish","format-standard","has-post-thumbnail","hentry","category-oeuvres-caritatives","tag-heritage","tag-heritage-et-legs","tag-legs-fr","tag-quel-effet-mon-heritage-peut-il-avoir"],"acf":[],"yoast_head":"<title>MS: \u00ab Nous voulons int\u00e9grer les personnes touch\u00e9es dans la soci\u00e9t\u00e9 \u00bb | DeinAdieu.ch<\/title>\n<meta name=\"description\" content=\"Christof Kn\u00fcsli, dipl\u00f4m\u00e9 en droit, a rejoint cette organisation par hasard il y a 20 ans et il est d\u00e9sormais responsable du secteur \u00ab H\u00e9ritages &amp; legs \u00bb.\" \/>\n<meta name=\"robots\" content=\"index, follow, max-snippet:-1, max-image-preview:large, max-video-preview:-1\" \/>\n<link rel=\"canonical\" href=\"https:\/\/www.deinadieu.ch\/fr\/nous-voulons-integrer-les-personnes-touchees-dans-la-societe\/\" \/>\n<meta property=\"og:locale\" content=\"fr_FR\" \/>\n<meta property=\"og:type\" content=\"article\" \/>\n<meta property=\"og:title\" content=\"\u00ab Nous voulons int\u00e9grer les personnes touch\u00e9es dans la soci\u00e9t\u00e9 \u00bb\" \/>\n<meta property=\"og:description\" content=\"La scl\u00e9rose en plaques (SEP) touche environ 15&#039;000 personnes en Suisse. Les malades et leurs proches sont conseill\u00e9s et accompagn\u00e9s par la Soci\u00e9t\u00e9 suisse\" \/>\n<meta property=\"og:url\" content=\"https:\/\/www.deinadieu.ch\/fr\/nous-voulons-integrer-les-personnes-touchees-dans-la-societe\/\" \/>\n<meta property=\"og:site_name\" content=\"DeinAdieu.ch\" \/>\n<meta property=\"article:publisher\" content=\"https:\/\/www.facebook.com\/deinadieu\" \/>\n<meta property=\"article:published_time\" content=\"2021-01-11T09:32:00+00:00\" \/>\n<meta property=\"article:modified_time\" content=\"2022-04-20T19:25:49+00:00\" \/>\n<meta property=\"og:image\" content=\"https:\/\/static.deinadieu.ch\/uploads\/2020\/12\/MG_0492-scaled-e1608283728957.jpg\" \/>\n\t<meta property=\"og:image:width\" content=\"2560\" \/>\n\t<meta property=\"og:image:height\" content=\"1707\" \/>\n\t<meta property=\"og:image:type\" content=\"image\/jpeg\" \/>\n<meta name=\"author\" content=\"Janina Gehrig, MA UZH, Redaktorin\" \/>\n<meta name=\"twitter:card\" content=\"summary_large_image\" \/>\n<meta name=\"twitter:creator\" content=\"@DeinAdieu\" \/>\n<meta name=\"twitter:site\" content=\"@DeinAdieu\" \/>\n<meta name=\"twitter:label1\" content=\"Written by\" \/>\n\t<meta name=\"twitter:data1\" content=\"Janina Gehrig, MA UZH, Redaktorin\" \/>\n\t<meta name=\"twitter:label2\" content=\"Est. reading time\" \/>\n\t<meta name=\"twitter:data2\" content=\"8 minutes\" \/>\n<script type=\"application\/ld+json\" class=\"yoast-schema-graph\">{\"@context\":\"https:\\\/\\\/schema.org\",\"@graph\":[{\"@type\":\"Article\",\"@id\":\"https:\\\/\\\/www.deinadieu.ch\\\/fr\\\/nous-voulons-integrer-les-personnes-touchees-dans-la-societe\\\/#article\",\"isPartOf\":{\"@id\":\"https:\\\/\\\/www.deinadieu.ch\\\/fr\\\/nous-voulons-integrer-les-personnes-touchees-dans-la-societe\\\/\"},\"author\":{\"name\":\"Janina Gehrig, MA UZH, Redaktorin\",\"@id\":\"https:\\\/\\\/www.deinadieu.ch\\\/fr\\\/#\\\/schema\\\/person\\\/78cffe1cb679e17f919e3d0c0e7b9673\"},\"headline\":\"\u00ab Nous voulons int\u00e9grer les personnes touch\u00e9es dans la soci\u00e9t\u00e9 \u00bb\",\"datePublished\":\"2021-01-11T09:32:00+00:00\",\"dateModified\":\"2022-04-20T19:25:49+00:00\",\"mainEntityOfPage\":{\"@id\":\"https:\\\/\\\/www.deinadieu.ch\\\/fr\\\/nous-voulons-integrer-les-personnes-touchees-dans-la-societe\\\/\"},\"wordCount\":1729,\"commentCount\":0,\"publisher\":{\"@id\":\"https:\\\/\\\/www.deinadieu.ch\\\/fr\\\/#organization\"},\"image\":{\"@id\":\"https:\\\/\\\/www.deinadieu.ch\\\/fr\\\/nous-voulons-integrer-les-personnes-touchees-dans-la-societe\\\/#primaryimage\"},\"thumbnailUrl\":\"https:\\\/\\\/www.deinadieu.ch\\\/wp-content\\\/uploads\\\/2020\\\/12\\\/MG_0492-scaled-e1608283728957.jpg\",\"keywords\":[\"H\u00e9ritage\",\"H\u00e9ritage et legs\",\"Legs\",\"Quel effet mon h\u00e9ritage peut-il avoir ?\"],\"articleSection\":[\"\u0152uvres caritatives en point de mire\"],\"inLanguage\":\"fr-FR\",\"potentialAction\":[{\"@type\":\"CommentAction\",\"name\":\"Comment\",\"target\":[\"https:\\\/\\\/www.deinadieu.ch\\\/fr\\\/nous-voulons-integrer-les-personnes-touchees-dans-la-societe\\\/#respond\"]}]},{\"@type\":\"WebPage\",\"@id\":\"https:\\\/\\\/www.deinadieu.ch\\\/fr\\\/nous-voulons-integrer-les-personnes-touchees-dans-la-societe\\\/\",\"url\":\"https:\\\/\\\/www.deinadieu.ch\\\/fr\\\/nous-voulons-integrer-les-personnes-touchees-dans-la-societe\\\/\",\"name\":\"MS: \u00ab Nous voulons int\u00e9grer les personnes touch\u00e9es dans la soci\u00e9t\u00e9 \u00bb | DeinAdieu.ch\",\"isPartOf\":{\"@id\":\"https:\\\/\\\/www.deinadieu.ch\\\/fr\\\/#website\"},\"primaryImageOfPage\":{\"@id\":\"https:\\\/\\\/www.deinadieu.ch\\\/fr\\\/nous-voulons-integrer-les-personnes-touchees-dans-la-societe\\\/#primaryimage\"},\"image\":{\"@id\":\"https:\\\/\\\/www.deinadieu.ch\\\/fr\\\/nous-voulons-integrer-les-personnes-touchees-dans-la-societe\\\/#primaryimage\"},\"thumbnailUrl\":\"https:\\\/\\\/www.deinadieu.ch\\\/wp-content\\\/uploads\\\/2020\\\/12\\\/MG_0492-scaled-e1608283728957.jpg\",\"datePublished\":\"2021-01-11T09:32:00+00:00\",\"dateModified\":\"2022-04-20T19:25:49+00:00\",\"description\":\"Christof Kn\u00fcsli, dipl\u00f4m\u00e9 en droit, a rejoint cette organisation par hasard il y a 20 ans et il est d\u00e9sormais responsable du secteur \u00ab H\u00e9ritages & legs \u00bb.\",\"breadcrumb\":{\"@id\":\"https:\\\/\\\/www.deinadieu.ch\\\/fr\\\/nous-voulons-integrer-les-personnes-touchees-dans-la-societe\\\/#breadcrumb\"},\"inLanguage\":\"fr-FR\",\"potentialAction\":[{\"@type\":\"ReadAction\",\"target\":[\"https:\\\/\\\/www.deinadieu.ch\\\/fr\\\/nous-voulons-integrer-les-personnes-touchees-dans-la-societe\\\/\"]}]},{\"@type\":\"ImageObject\",\"inLanguage\":\"fr-FR\",\"@id\":\"https:\\\/\\\/www.deinadieu.ch\\\/fr\\\/nous-voulons-integrer-les-personnes-touchees-dans-la-societe\\\/#primaryimage\",\"url\":\"https:\\\/\\\/www.deinadieu.ch\\\/wp-content\\\/uploads\\\/2020\\\/12\\\/MG_0492-scaled-e1608283728957.jpg\",\"contentUrl\":\"https:\\\/\\\/www.deinadieu.ch\\\/wp-content\\\/uploads\\\/2020\\\/12\\\/MG_0492-scaled-e1608283728957.jpg\",\"width\":2560,\"height\":1707,\"caption\":\"Christof Kn\u00fcsli au bureau\"},{\"@type\":\"BreadcrumbList\",\"@id\":\"https:\\\/\\\/www.deinadieu.ch\\\/fr\\\/nous-voulons-integrer-les-personnes-touchees-dans-la-societe\\\/#breadcrumb\",\"itemListElement\":[{\"@type\":\"ListItem\",\"position\":1,\"name\":\"Home\",\"item\":\"https:\\\/\\\/www.deinadieu.ch\\\/fr\\\/deinadieu-dialog-und-serviceportal-zum-lebensende\\\/\"},{\"@type\":\"ListItem\",\"position\":2,\"name\":\"\u00ab Nous voulons int\u00e9grer les personnes touch\u00e9es dans la soci\u00e9t\u00e9 \u00bb\"}]},{\"@type\":\"WebSite\",\"@id\":\"https:\\\/\\\/www.deinadieu.ch\\\/fr\\\/#website\",\"url\":\"https:\\\/\\\/www.deinadieu.ch\\\/fr\\\/\",\"name\":\"DeinAdieu.ch\",\"description\":\"Testament, Patientenverf\u00fcgung und Vorsorgeauftrag\",\"publisher\":{\"@id\":\"https:\\\/\\\/www.deinadieu.ch\\\/fr\\\/#organization\"},\"potentialAction\":[{\"@type\":\"SearchAction\",\"target\":{\"@type\":\"EntryPoint\",\"urlTemplate\":\"https:\\\/\\\/www.deinadieu.ch\\\/fr\\\/?s={search_term_string}\"},\"query-input\":{\"@type\":\"PropertyValueSpecification\",\"valueRequired\":true,\"valueName\":\"search_term_string\"}}],\"inLanguage\":\"fr-FR\"},{\"@type\":\"Organization\",\"@id\":\"https:\\\/\\\/www.deinadieu.ch\\\/fr\\\/#organization\",\"name\":\"EMNA Web GmbH\",\"url\":\"https:\\\/\\\/www.deinadieu.ch\\\/fr\\\/\",\"logo\":{\"@type\":\"ImageObject\",\"inLanguage\":\"fr-FR\",\"@id\":\"https:\\\/\\\/www.deinadieu.ch\\\/fr\\\/#\\\/schema\\\/logo\\\/image\\\/\",\"url\":\"https:\\\/\\\/www.deinadieu.ch\\\/wp-content\\\/uploads\\\/2016\\\/01\\\/DeinAdieu_Logo.png\",\"contentUrl\":\"https:\\\/\\\/www.deinadieu.ch\\\/wp-content\\\/uploads\\\/2016\\\/01\\\/DeinAdieu_Logo.png\",\"width\":300,\"height\":117,\"caption\":\"EMNA Web GmbH\"},\"image\":{\"@id\":\"https:\\\/\\\/www.deinadieu.ch\\\/fr\\\/#\\\/schema\\\/logo\\\/image\\\/\"},\"sameAs\":[\"https:\\\/\\\/www.facebook.com\\\/deinadieu\",\"https:\\\/\\\/x.com\\\/DeinAdieu\",\"https:\\\/\\\/www.instagram.com\\\/deinadieu\\\/\",\"https:\\\/\\\/www.linkedin.com\\\/company\\\/deinadieu.ch\"]},{\"@type\":\"Person\",\"@id\":\"https:\\\/\\\/www.deinadieu.ch\\\/fr\\\/#\\\/schema\\\/person\\\/78cffe1cb679e17f919e3d0c0e7b9673\",\"name\":\"Janina Gehrig, MA UZH, Redaktorin\",\"image\":{\"@type\":\"ImageObject\",\"inLanguage\":\"fr-FR\",\"@id\":\"https:\\\/\\\/secure.gravatar.com\\\/avatar\\\/8bfc4dca12cd7c0a0373c12f34587d1f6a6117903e7ecc0035863bd69df6fb07?s=96&d=mm&r=g\",\"url\":\"https:\\\/\\\/secure.gravatar.com\\\/avatar\\\/8bfc4dca12cd7c0a0373c12f34587d1f6a6117903e7ecc0035863bd69df6fb07?s=96&d=mm&r=g\",\"contentUrl\":\"https:\\\/\\\/secure.gravatar.com\\\/avatar\\\/8bfc4dca12cd7c0a0373c12f34587d1f6a6117903e7ecc0035863bd69df6fb07?s=96&d=mm&r=g\",\"caption\":\"Janina Gehrig, MA UZH, Redaktorin\"},\"url\":\"https:\\\/\\\/www.deinadieu.ch\\\/fr\\\/author\\\/janinagehrig\\\/\"}]}<\/script>","yoast_head_json":{"title":"MS: \u00ab Nous voulons int\u00e9grer les personnes touch\u00e9es dans la soci\u00e9t\u00e9 \u00bb | DeinAdieu.ch","description":"Christof Kn\u00fcsli, dipl\u00f4m\u00e9 en droit, a rejoint cette organisation par hasard il y a 20 ans et il est d\u00e9sormais responsable du secteur \u00ab H\u00e9ritages & legs \u00bb.","robots":{"index":"index","follow":"follow","max-snippet":"max-snippet:-1","max-image-preview":"max-image-preview:large","max-video-preview":"max-video-preview:-1"},"canonical":"https:\/\/www.deinadieu.ch\/fr\/nous-voulons-integrer-les-personnes-touchees-dans-la-societe\/","og_locale":"fr_FR","og_type":"article","og_title":"\u00ab Nous voulons int\u00e9grer les personnes touch\u00e9es dans la soci\u00e9t\u00e9 \u00bb","og_description":"La scl\u00e9rose en plaques (SEP) touche environ 15'000 personnes en Suisse. Les malades et leurs proches sont conseill\u00e9s et accompagn\u00e9s par la Soci\u00e9t\u00e9 suisse","og_url":"https:\/\/www.deinadieu.ch\/fr\/nous-voulons-integrer-les-personnes-touchees-dans-la-societe\/","og_site_name":"DeinAdieu.ch","article_publisher":"https:\/\/www.facebook.com\/deinadieu","article_published_time":"2021-01-11T09:32:00+00:00","article_modified_time":"2022-04-20T19:25:49+00:00","og_image":[{"width":2560,"height":1707,"url":"https:\/\/static.deinadieu.ch\/uploads\/2020\/12\/MG_0492-scaled-e1608283728957.jpg","type":"image\/jpeg"}],"author":"Janina Gehrig, MA UZH, Redaktorin","twitter_card":"summary_large_image","twitter_creator":"@DeinAdieu","twitter_site":"@DeinAdieu","twitter_misc":{"Written by":"Janina Gehrig, MA UZH, Redaktorin","Est. reading time":"8 minutes"},"schema":{"@context":"https:\/\/schema.org","@graph":[{"@type":"Article","@id":"https:\/\/www.deinadieu.ch\/fr\/nous-voulons-integrer-les-personnes-touchees-dans-la-societe\/#article","isPartOf":{"@id":"https:\/\/www.deinadieu.ch\/fr\/nous-voulons-integrer-les-personnes-touchees-dans-la-societe\/"},"author":{"name":"Janina Gehrig, MA UZH, Redaktorin","@id":"https:\/\/www.deinadieu.ch\/fr\/#\/schema\/person\/78cffe1cb679e17f919e3d0c0e7b9673"},"headline":"\u00ab Nous voulons int\u00e9grer les personnes touch\u00e9es dans la soci\u00e9t\u00e9 \u00bb","datePublished":"2021-01-11T09:32:00+00:00","dateModified":"2022-04-20T19:25:49+00:00","mainEntityOfPage":{"@id":"https:\/\/www.deinadieu.ch\/fr\/nous-voulons-integrer-les-personnes-touchees-dans-la-societe\/"},"wordCount":1729,"commentCount":0,"publisher":{"@id":"https:\/\/www.deinadieu.ch\/fr\/#organization"},"image":{"@id":"https:\/\/www.deinadieu.ch\/fr\/nous-voulons-integrer-les-personnes-touchees-dans-la-societe\/#primaryimage"},"thumbnailUrl":"https:\/\/www.deinadieu.ch\/wp-content\/uploads\/2020\/12\/MG_0492-scaled-e1608283728957.jpg","keywords":["H\u00e9ritage","H\u00e9ritage et legs","Legs","Quel effet mon h\u00e9ritage peut-il avoir ?"],"articleSection":["\u0152uvres caritatives en point de mire"],"inLanguage":"fr-FR","potentialAction":[{"@type":"CommentAction","name":"Comment","target":["https:\/\/www.deinadieu.ch\/fr\/nous-voulons-integrer-les-personnes-touchees-dans-la-societe\/#respond"]}]},{"@type":"WebPage","@id":"https:\/\/www.deinadieu.ch\/fr\/nous-voulons-integrer-les-personnes-touchees-dans-la-societe\/","url":"https:\/\/www.deinadieu.ch\/fr\/nous-voulons-integrer-les-personnes-touchees-dans-la-societe\/","name":"MS: \u00ab Nous voulons int\u00e9grer les personnes touch\u00e9es dans la soci\u00e9t\u00e9 \u00bb | DeinAdieu.ch","isPartOf":{"@id":"https:\/\/www.deinadieu.ch\/fr\/#website"},"primaryImageOfPage":{"@id":"https:\/\/www.deinadieu.ch\/fr\/nous-voulons-integrer-les-personnes-touchees-dans-la-societe\/#primaryimage"},"image":{"@id":"https:\/\/www.deinadieu.ch\/fr\/nous-voulons-integrer-les-personnes-touchees-dans-la-societe\/#primaryimage"},"thumbnailUrl":"https:\/\/www.deinadieu.ch\/wp-content\/uploads\/2020\/12\/MG_0492-scaled-e1608283728957.jpg","datePublished":"2021-01-11T09:32:00+00:00","dateModified":"2022-04-20T19:25:49+00:00","description":"Christof Kn\u00fcsli, dipl\u00f4m\u00e9 en droit, a rejoint cette organisation par hasard il y a 20 ans et il est d\u00e9sormais responsable du secteur \u00ab H\u00e9ritages & legs \u00bb.","breadcrumb":{"@id":"https:\/\/www.deinadieu.ch\/fr\/nous-voulons-integrer-les-personnes-touchees-dans-la-societe\/#breadcrumb"},"inLanguage":"fr-FR","potentialAction":[{"@type":"ReadAction","target":["https:\/\/www.deinadieu.ch\/fr\/nous-voulons-integrer-les-personnes-touchees-dans-la-societe\/"]}]},{"@type":"ImageObject","inLanguage":"fr-FR","@id":"https:\/\/www.deinadieu.ch\/fr\/nous-voulons-integrer-les-personnes-touchees-dans-la-societe\/#primaryimage","url":"https:\/\/www.deinadieu.ch\/wp-content\/uploads\/2020\/12\/MG_0492-scaled-e1608283728957.jpg","contentUrl":"https:\/\/www.deinadieu.ch\/wp-content\/uploads\/2020\/12\/MG_0492-scaled-e1608283728957.jpg","width":2560,"height":1707,"caption":"Christof Kn\u00fcsli au bureau"},{"@type":"BreadcrumbList","@id":"https:\/\/www.deinadieu.ch\/fr\/nous-voulons-integrer-les-personnes-touchees-dans-la-societe\/#breadcrumb","itemListElement":[{"@type":"ListItem","position":1,"name":"Home","item":"https:\/\/www.deinadieu.ch\/fr\/deinadieu-dialog-und-serviceportal-zum-lebensende\/"},{"@type":"ListItem","position":2,"name":"\u00ab Nous voulons int\u00e9grer les personnes touch\u00e9es dans la soci\u00e9t\u00e9 \u00bb"}]},{"@type":"WebSite","@id":"https:\/\/www.deinadieu.ch\/fr\/#website","url":"https:\/\/www.deinadieu.ch\/fr\/","name":"DeinAdieu.ch","description":"Testament, Patientenverf\u00fcgung und Vorsorgeauftrag","publisher":{"@id":"https:\/\/www.deinadieu.ch\/fr\/#organization"},"potentialAction":[{"@type":"SearchAction","target":{"@type":"EntryPoint","urlTemplate":"https:\/\/www.deinadieu.ch\/fr\/?s={search_term_string}"},"query-input":{"@type":"PropertyValueSpecification","valueRequired":true,"valueName":"search_term_string"}}],"inLanguage":"fr-FR"},{"@type":"Organization","@id":"https:\/\/www.deinadieu.ch\/fr\/#organization","name":"EMNA Web GmbH","url":"https:\/\/www.deinadieu.ch\/fr\/","logo":{"@type":"ImageObject","inLanguage":"fr-FR","@id":"https:\/\/www.deinadieu.ch\/fr\/#\/schema\/logo\/image\/","url":"https:\/\/www.deinadieu.ch\/wp-content\/uploads\/2016\/01\/DeinAdieu_Logo.png","contentUrl":"https:\/\/www.deinadieu.ch\/wp-content\/uploads\/2016\/01\/DeinAdieu_Logo.png","width":300,"height":117,"caption":"EMNA Web GmbH"},"image":{"@id":"https:\/\/www.deinadieu.ch\/fr\/#\/schema\/logo\/image\/"},"sameAs":["https:\/\/www.facebook.com\/deinadieu","https:\/\/x.com\/DeinAdieu","https:\/\/www.instagram.com\/deinadieu\/","https:\/\/www.linkedin.com\/company\/deinadieu.ch"]},{"@type":"Person","@id":"https:\/\/www.deinadieu.ch\/fr\/#\/schema\/person\/78cffe1cb679e17f919e3d0c0e7b9673","name":"Janina Gehrig, MA UZH, Redaktorin","image":{"@type":"ImageObject","inLanguage":"fr-FR","@id":"https:\/\/secure.gravatar.com\/avatar\/8bfc4dca12cd7c0a0373c12f34587d1f6a6117903e7ecc0035863bd69df6fb07?s=96&d=mm&r=g","url":"https:\/\/secure.gravatar.com\/avatar\/8bfc4dca12cd7c0a0373c12f34587d1f6a6117903e7ecc0035863bd69df6fb07?s=96&d=mm&r=g","contentUrl":"https:\/\/secure.gravatar.com\/avatar\/8bfc4dca12cd7c0a0373c12f34587d1f6a6117903e7ecc0035863bd69df6fb07?s=96&d=mm&r=g","caption":"Janina Gehrig, MA UZH, Redaktorin"},"url":"https:\/\/www.deinadieu.ch\/fr\/author\/janinagehrig\/"}]}},"_links":{"self":[{"href":"https:\/\/www.deinadieu.ch\/fr\/wp-json\/wp\/v2\/posts\/49044","targetHints":{"allow":["GET"]}}],"collection":[{"href":"https:\/\/www.deinadieu.ch\/fr\/wp-json\/wp\/v2\/posts"}],"about":[{"href":"https:\/\/www.deinadieu.ch\/fr\/wp-json\/wp\/v2\/types\/post"}],"author":[{"embeddable":true,"href":"https:\/\/www.deinadieu.ch\/fr\/wp-json\/wp\/v2\/users\/6028"}],"replies":[{"embeddable":true,"href":"https:\/\/www.deinadieu.ch\/fr\/wp-json\/wp\/v2\/comments?post=49044"}],"version-history":[{"count":7,"href":"https:\/\/www.deinadieu.ch\/fr\/wp-json\/wp\/v2\/posts\/49044\/revisions"}],"predecessor-version":[{"id":56420,"href":"https:\/\/www.deinadieu.ch\/fr\/wp-json\/wp\/v2\/posts\/49044\/revisions\/56420"}],"wp:featuredmedia":[{"embeddable":true,"href":"https:\/\/www.deinadieu.ch\/fr\/wp-json\/wp\/v2\/media\/28259"}],"wp:attachment":[{"href":"https:\/\/www.deinadieu.ch\/fr\/wp-json\/wp\/v2\/media?parent=49044"}],"wp:term":[{"taxonomy":"category","embeddable":true,"href":"https:\/\/www.deinadieu.ch\/fr\/wp-json\/wp\/v2\/categories?post=49044"},{"taxonomy":"post_tag","embeddable":true,"href":"https:\/\/www.deinadieu.ch\/fr\/wp-json\/wp\/v2\/tags?post=49044"}],"curies":[{"name":"wp","href":"https:\/\/api.w.org\/{rel}","templated":true}]}}