{"id":49026,"date":"2021-01-08T11:21:53","date_gmt":"2021-01-08T10:21:53","guid":{"rendered":"https:\/\/www.deinadieu.ch\/marc-ta-confiance-me-donne-la-force-de-vivre\/"},"modified":"2024-03-25T15:27:07","modified_gmt":"2024-03-25T14:27:07","slug":"marc-ta-confiance-me-donne-la-force-de-vivre","status":"publish","type":"post","link":"https:\/\/www.deinadieu.ch\/fr\/marc-ta-confiance-me-donne-la-force-de-vivre\/","title":{"rendered":"\u00ab Marc, ta confiance me donne la force de vivre \u00bb"},"content":{"rendered":"\n<p>L&#8217;auteur de DeinAdieu Martin Schuppli a rencontr\u00e9 Marc, qui souffre de myopathie, \u00e0 la Fondation Mathilde Escher. Il est l&#8217;une des personnes les plus \u00e2g\u00e9es atteintes de cette maladie terminale. Cette rencontre a laiss\u00e9 des traces. \u00ab Ton charisme plein d&#8217;espoir m&#8217;a beaucoup impressionn\u00e9 \u00bb, d\u00e9clare l&#8217;auteur.<\/p>\n\n<!--more-->\n\n<p>Cet entretien \u00e0 la Fondation Mathilde Escher me pr\u00e9occupait d\u00e9j\u00e0 plusieurs jours avant le rendez-vous. Je savais que j&#8217;allais rencontrer Marc, \u00e2g\u00e9 de 48 ans. Il vit \u00e0 la Fondation Mathilde Escher depuis des ann\u00e9es. Je me demandais comment il allait. Comment va-t-il ? Est-il triste, voire m\u00eame d\u00e9\u00e7u de la vie ? J&#8217;\u00e9tais troubl\u00e9 et je me suis rapidement rendu compte que j&#8217;avais tort. <\/p>\n\n<p>Avec un v\u00e9hicule puissant, Marc d\u00e9barque dans le bureau de Lukas Fischer, le responsable de la communication et de l&#8217;atelier graphique de la fondation. Marc fait tourner son fauteuil roulant \u00e9lectrique pratiquement sur place, se gare \u00e0 c\u00f4t\u00e9 du tilleul d&#8217;appartement et nous sourit. Je souris en retour \u2013 derri\u00e8re le masque.<\/p>\n\n<p>Marc porte un jean d\u00e9lav\u00e9 et un pull bleu. Une bague discr\u00e8te brille \u00e0 son oreille gauche, ses cheveux sont gris argent\u00e9, tout comme sa fine barbe. Il r\u00e9pond doucement \u00e0 mes questions et fait des pauses. Je m&#8217;efforce de parler clairement malgr\u00e9 le masque. <\/p>\n\n<p>Il avait six ans, dit-il, lorsque ses parents l&#8217;ont conduit \u00e0 l&#8217;h\u00f4pital cantonal d&#8217;Aarau, o\u00f9 il a d\u00fb subir une biopsie musculaire. Il \u00e9tait ensuite clair que l&#8217;enfant souffrait d&#8217;une maladie neuromusculaire. \u00ab Celles-ci entra\u00eenent souvent des limitations physiques et une r\u00e9duction de l&#8217;esp\u00e9rance de vie. \u00bb <\/p>\n\n<figure class=\"wp-block-image size-large is-style-default\"><img loading=\"lazy\" decoding=\"async\" width=\"1024\" height=\"576\" src=\"https:\/\/www.deinadieu.ch\/wp-content\/uploads\/2021\/01\/BLOG_MES_MarcvonArx_Portraet1_a-1024x576.jpg\" alt=\"Marc von Arx, myopathe\" class=\"wp-image-28390\" srcset=\"https:\/\/www.deinadieu.ch\/wp-content\/uploads\/2021\/01\/BLOG_MES_MarcvonArx_Portraet1_a-1024x576.jpg 1024w, https:\/\/www.deinadieu.ch\/wp-content\/uploads\/2021\/01\/BLOG_MES_MarcvonArx_Portraet1_a-300x169.jpg 300w, https:\/\/www.deinadieu.ch\/wp-content\/uploads\/2021\/01\/BLOG_MES_MarcvonArx_Portraet1_a.jpg 1280w\" sizes=\"auto, (max-width: 1024px) 100vw, 1024px\" \/><figcaption>\u00ab La Fondation Mathilde Escher me donne la force de vivre. Et cela me donne confiance \u00bb, d\u00e9clare Marc. (Photo : Paolo Foschini)<\/figcaption><\/figure>\n\n<h2 class=\"wp-block-heading\" id=\"h-fr-her-besuchte-ich-fast-jedes-zsc-heimspiel\">\u00ab Avant, j&#8217;allais \u00e0 presque tous les matchs \u00e0 domicile des ZSC \u00bb<\/h2>\n\n<p>La maladie neuromusculaire la plus courante chez les enfants est la dystrophie musculaire de Duchenne. Un gar\u00e7on sur 3500 est atteint de cette maladie. Depuis de nombreuses ann\u00e9es, la Fondation Mathilde Escher est sp\u00e9cialis\u00e9e dans la prise en charge des personnes atteintes de dystrophie musculaire de type Duchenne.<\/p>\n\n<p>Marc est l&#8217;une des personnes les plus \u00e2g\u00e9es au monde atteintes de cette maladie musculaire terminale. Il vit \u00e0 la Fondation Mathilde Escher depuis 30 ans et a d\u00e9j\u00e0 d\u00fb dire au revoir \u00e0 plusieurs reprises \u00e0 des camarades bien-aim\u00e9s. <\/p>\n\n<p>Qu&#8217;est-ce que cela t&#8217;a fait ? \u00ab Lorsque c&#8217;est un bon camarade \u00bb, dit Marc, \u00ab je suis en deuil. Et puis c&#8217;est fini. Mettre la douleur de c\u00f4t\u00e9 n&#8217;est pas une bonne chose. Alors je suis triste pendant un moment et ensuite la vie continue. Encore et encore. \u00bb <\/p>\n\n<p>Il le dit doucement et pos\u00e9ment. Un sourire se dessine sur ses l\u00e8vres. Je voudrais savoir comment et o\u00f9 il trouve sa joie de vivre et son assurance ? Et la r\u00e9ponse de Marc ne m&#8217;\u00e9tonne pas. \u00ab La Fondation Mathilde Escher me donne la force de vivre. Et cela me donne confiance. \u00bb Il fait une pause. Il ajoute : \u00ab Je ne fais plus autant de choses qu&#8217;avant, j&#8217;ai arr\u00eat\u00e9 de travailer en 2003. Mon cousin et moi nous occupions de la comptabilit\u00e9 pour des coll\u00e8gues qui avaient ouvert un magasin. Un \u00ab magasin pour la vie \u00bb. Ils vendaient des produits biologiques et des shishas. Auparavant, j&#8217;ai travaill\u00e9 au centre bureaucratique de la Fondation Mathilde Escher, o\u00f9 je faisais des travaux de graphisme. \u00bb <\/p>\n\n<p>Marc est un grand fan de hockey. \u00ab Il fut un temps o\u00f9 j&#8217;assistais \u00e0 pratiquement tous les matchs \u00e0 domicile des ZSC. J&#8217;ai aussi assist\u00e9 \u00e0 des matchs \u00e0 l&#8217;ext\u00e9rieur. \u00bb L&#8217;homme rayonne. Il raconte avec enthousiasme comment les ZSC ont \u00e9t\u00e9 men\u00e9 4-0 contre Zoug et ont finalement gagn\u00e9 6-4. \u00ab L&#8217;an dernier, j&#8217;ai vu le premier match des ZSC contre Davos. Nous avons gagn\u00e9 6-2. C&#8217;\u00e9tait une grande victoire. Toute la villa est venue au match. C&#8217;\u00e9tait tr\u00e8s amusant. \u00bb<\/p>\n\n<figure class=\"wp-block-image size-large is-style-default\"><img loading=\"lazy\" decoding=\"async\" width=\"1024\" height=\"576\" src=\"https:\/\/www.deinadieu.ch\/wp-content\/uploads\/2021\/01\/BLOG_MarcvonArx_Finger_a-1024x576.jpg\" alt=\"Le fauteuil roulant est pilot&#xE9; du bout des doigts\" class=\"wp-image-28378\" srcset=\"https:\/\/www.deinadieu.ch\/wp-content\/uploads\/2021\/01\/BLOG_MarcvonArx_Finger_a-1024x576.jpg 1024w, https:\/\/www.deinadieu.ch\/wp-content\/uploads\/2021\/01\/BLOG_MarcvonArx_Finger_a-300x169.jpg 300w, https:\/\/www.deinadieu.ch\/wp-content\/uploads\/2021\/01\/BLOG_MarcvonArx_Finger_a.jpg 1280w\" sizes=\"auto, (max-width: 1024px) 100vw, 1024px\" \/><figcaption>Marc pilote son v\u00e9hicule avec les doigts de sa main droite. Le tuyau l&#8217;aide \u00e0 respirer. (Photo : Paolo Foschini)<\/figcaption><\/figure>\n\n<h2 class=\"wp-block-heading\" id=\"h-marc-spielte-in-australien-an-der-powerchair-hockey-wm\">Marc a jou\u00e9 \u00e0 la Coupe du monde de hockey en fauteuil \u00e9lectrique en Australie <\/h2>\n\n<p>Le joueur de 48 ans n&#8217;est pas seulement un passionn\u00e9 de hockey. Il a \u00e9galement jou\u00e9 \u00e0 ce jeu rapide avec son fauteuil roulant \u00e9lectrique pendant des ann\u00e9es. \u00ab La fascination pour ce sport m&#8217;a saisi en 1988 lorsque je l&#8217;ai d\u00e9couvert \u00e0 la caserne de Zurich, o\u00f9 la Fondation Mathilde Escher \u00e9tait temporairement h\u00e9berg\u00e9e pendant une r\u00e9novation. Au d\u00e9part, ils jouaient avec des fauteuils roulants normaux. Les fauteuils roulants de sport n&#8217;existaient m\u00eame pas \u00e0 l&#8217;\u00e9tranger. J&#8217;en ai vu un pour la premi\u00e8re fois en Allemagne. Une femme \u00e9tait assise dedans. Nous avons donc commenc\u00e9 \u00e0 bricoler. Le concierge nous a fabriqu\u00e9 des spatules sp\u00e9ciales en m\u00e9tal. De temps en temps, il devait r\u00e9parer nos fauteuils roulants, car dans les duels durs, les marchepieds se brisaient ou les charni\u00e8res se cassaient. \u00bb<\/p>\n\n<p>La passion de Marc pour le hockey l&#8217;a amen\u00e9 en Australie en 1991, o\u00f9 il a particip\u00e9 au championnat du monde de hockey en fauteuil roulant \u00e9lectrique \u00e0 Brisbane avec l&#8217;\u00e9quipe nationale suisse. \u00ab Nous \u00e9tions sept joueurs et le m\u00eame nombre d&#8217;accompagnants. Ces deux semaines aux antipodes \u00e9taient une belle exp\u00e9rience. \u00bb Marc est rayonnant. A son retour, il s&#8217;est allong\u00e9 joyeusement dans son lit et a pass\u00e9 en revue les jours pr\u00e9c\u00e9dents. \u00ab J&#8217;ai voyag\u00e9 de Gold Coast en Gold Coast, pour ainsi dire, j&#8217;ai vu des serpents, des koalas et des kangourous, et j&#8217;ai rencontr\u00e9 des gens sympas.\u00bb Sur le plan sportif, cela a \u00e9galement \u00e9t\u00e9 un succ\u00e8s. La Suisse s&#8217;est class\u00e9e quatri\u00e8me \u00e0 ces championnats du monde de hockey en fauteuil \u00e9lectrique. Marc dit qu&#8217;il \u00e9tait un attaquant redout\u00e9 lorsqu&#8217;il jouait. Il rit et dit que les chutes faisaient \u00e9galement partie du m\u00e9tier. <\/p>\n\n<figure class=\"wp-block-image size-large is-style-default\"><img loading=\"lazy\" decoding=\"async\" width=\"1024\" height=\"576\" src=\"https:\/\/www.deinadieu.ch\/wp-content\/uploads\/2021\/01\/BLOG_MarcvonArx_LukasFischer_MSa-1024x576.jpg\" alt=\"Lukas Fischer, Marc von Arx, Martin Schuppli\" class=\"wp-image-28382\" srcset=\"https:\/\/www.deinadieu.ch\/wp-content\/uploads\/2021\/01\/BLOG_MarcvonArx_LukasFischer_MSa-1024x576.jpg 1024w, https:\/\/www.deinadieu.ch\/wp-content\/uploads\/2021\/01\/BLOG_MarcvonArx_LukasFischer_MSa-300x169.jpg 300w, https:\/\/www.deinadieu.ch\/wp-content\/uploads\/2021\/01\/BLOG_MarcvonArx_LukasFischer_MSa.jpg 1280w\" sizes=\"auto, (max-width: 1024px) 100vw, 1024px\" \/><figcaption>Etant donn\u00e9 que Marc vit en isolement \u00e0 la Fondation Mathilde Escher, il ne porte pas de masque. Lukas Fischer (\u00e0 gauche) et Martin Schuppli enl\u00e8vent leurs masques pour la photo et gardent une distance suffisante. (Photo : Paolo Foschini)<\/figcaption><\/figure>\n\n<h2 class=\"wp-block-heading\" id=\"h-ich-m-chte-unbedingt-einmal-auf-den-etliberg\">\u00ab J&#8217;aimerais absolument aller sur l&#8217;\u00dcetliberg une fois \u00bb<\/h2>\n\n<p>Notre temps de conversation touche \u00e0 sa fin. Je demande \u00e0 Marc ce qu&#8217;il veut, quels sont ses plans et ses projets. La pi\u00e8ce est silencieuse. L&#8217;homme r\u00e9fl\u00e9chit longuement. \u00ab J&#8217;aimerais rester en bonne sant\u00e9 et aller sur l&#8217;Uetliberg un jour. Je n&#8217;y suis jamais all\u00e9. \u00bb Il rit et dit qu&#8217;il souhaiterait un vaccin contre le Covid-19 d\u00e8s que possible. Ensuite, il prendrait une coupe de champagne ou un verre de vin. Heureusement, il a d\u00e9j\u00e0 pu porter un toast \u00e0 Joe Biden. <\/p>\n\n<p>Derni\u00e8re question. \u00ab Marc, tu es le plus \u00e2g\u00e9 ici dans la fondation, as-tu peur de la mort ? \u00bb Il r\u00e9pond : \u00ab J&#8217;y pense parfois. Je pense que la fin peut arriver \u00e0 tout moment. \u00bb Puis il se tait et nous fait un signe de la t\u00eate.<\/p>\n\n<p>Nous nous disons au revoir. Je joins mes mains devant ma poitrine et m&#8217;incline l\u00e9g\u00e8rement. Je le remercie. Marc a d\u00e9marr\u00e9 son v\u00e9hicule, contournant le photographe, et il passe devant le tilleul et sort dans le couloir. Une humeur joyeuse r\u00e8gne. Confiance et s\u00e9r\u00e9nit\u00e9. <\/p>\n\n<p>Lukas Fischer travaille pour la Fondation Mathilde Escher depuis 17 ans : \u00ab C&#8217;est toujours fascinant pour moi chaque jour de voir comment les gens sont attach\u00e9s \u00e0 la vie ici. Comme ils sont heureux. \u00bb (Photo : Paolo Foschini)<\/p>\n\n<figure class=\"wp-block-image size-large is-style-default\"><img loading=\"lazy\" decoding=\"async\" width=\"1024\" height=\"712\" src=\"https:\/\/www.deinadieu.ch\/wp-content\/uploads\/2021\/01\/BLOG_MES_LukasFischer_1-1024x712.jpg\" alt=\"Lukas Fischer, Fondation Mathilde Escher\" class=\"wp-image-28386\" srcset=\"https:\/\/www.deinadieu.ch\/wp-content\/uploads\/2021\/01\/BLOG_MES_LukasFischer_1-1024x712.jpg 1024w, https:\/\/www.deinadieu.ch\/wp-content\/uploads\/2021\/01\/BLOG_MES_LukasFischer_1-300x209.jpg 300w, https:\/\/www.deinadieu.ch\/wp-content\/uploads\/2021\/01\/BLOG_MES_LukasFischer_1.jpg 1280w\" sizes=\"auto, (max-width: 1024px) 100vw, 1024px\" \/><figcaption>Lukas Fischer travaille pour la Fondation Mathilde Escher depuis 17 ans : \u00ab C&#8217;est toujours fascinant pour moi chaque jour de voir comment les gens sont attach\u00e9s \u00e0 la vie ici. Comme ils sont heureux. \u00bb (Photo : Paolo Foschini)<\/figcaption><\/figure>\n\n<h2 class=\"wp-block-heading\" id=\"h-die-leute-h-ngen-am-leben-das-fasziniert-mich\">\u00ab Les gens sont attach\u00e9s \u00e0 la vie, cela me fascine \u00bb<\/h2>\n\n<p>J&#8217;interpelle Lukas Fischer sur l&#8217;ambiance joyeuse. Je m&#8217;attendais \u00e0 trouver de la souffrance et de la tristesse en entrant dans la maison. C&#8217;est tout le contraire. La confiance et la joie de vivre r\u00e8gnent. Le responsable de la communication de la Fondation Mathilde Escher me regarde en riant : \u00ab Il y a 17 ans, en r\u00e9orientant ma carri\u00e8re dans le domaine social, je d\u00e9couvrais tout dans la fondation. Tout \u00e9tait nouveau. Le contact avec des personnes qui respiraient au moyen d&#8217;un masque. J&#8217;ai senti que les tuyaux et les machines n&#8217;avaient pas d&#8217;importance si je voulais aborder quelqu&#8217;un avec empathie. C&#8217;est toujours fascinant pour moi chaque jour de voir comment les gens sont attach\u00e9s \u00e0 la vie ici. Comme ils sont heureux. Cela m&#8217;a pris et je suis fier d&#8217;en faire partie. \u00bb <\/p>\n\n<p>Lukas Fischer a 55 ans et a deux enfants avec sa compagne. \u00ab J&#8217;ai d\u00e9couvert toutes sortes de m\u00e9tiers diff\u00e9rents et pendant longtemps je n&#8217;ai pas su quoi faire. J&#8217;ai travaill\u00e9 comme gardien de troupeaux alpins pendant deux \u00e9t\u00e9s dans le Krauchtal, \u00e0 Glaris. Je me suis occup\u00e9 de 150 vaches j&#8217;ai produit du Ziger. J&#8217;ai \u00e9tudi\u00e9 l&#8217;\u00e9conomie, j&#8217;ai travaill\u00e9 comme lecteur en relations publiques pour Konrad Toenz et j&#8217;ai effectu\u00e9 des transports pour des personnes handicap\u00e9s. J&#8217;ai alors fait la connaissance du cousin de Marc, que je ramenais souvent \u00e0 la Fondation Mathilde Escher. C&#8217;est donc tout naturellement que j&#8217;ai cherch\u00e9 une place d&#8217;apprentissage dans la fondation pour mes \u00e9tudes en travail social. \u00bb<\/p>\n\n<p>Actuellement, environ 70 personnes en situation de handicap physique s\u00e9v\u00e8re vivent, apprennent et travaillent \u00e0 la Fondation Mathilde Escher. Deux tiers d&#8217;entre eux sont des hommes qui sont atteints de la maladie de Duchenne. Leur maladie est terminale. Comment Lukas Fischer g\u00e8re-t-il le d\u00e9c\u00e8s des personnes dont il s&#8217;est lui-m\u00eame occup\u00e9 ou dont l&#8217;\u00e9quipe s&#8217;est occup\u00e9e ? <\/p>\n\n<p>Il me regarde et dit : \u00ab \u00c7a ne devient pas plus facile. Des personnes que je connais depuis 17 ans meurent. Cela m&#8217;\u00e9meut, j&#8217;ai d\u00fb pleurer aussi et je dois en parler \u00e0 la maison. Je vis ensuite un processus de deuil, certaines fois plus intense que d&#8217;autres. \u00bb<\/p>\n\n<figure class=\"wp-block-image size-large is-style-default\"><img loading=\"lazy\" decoding=\"async\" width=\"1024\" height=\"576\" src=\"https:\/\/www.deinadieu.ch\/wp-content\/uploads\/2021\/01\/Blog_MEStiftung_Reise-1024x576.jpg\" alt=\"Myopathes et soignants\" class=\"wp-image-28374\" srcset=\"https:\/\/www.deinadieu.ch\/wp-content\/uploads\/2021\/01\/Blog_MEStiftung_Reise-1024x576.jpg 1024w, https:\/\/www.deinadieu.ch\/wp-content\/uploads\/2021\/01\/Blog_MEStiftung_Reise-300x169.jpg 300w, https:\/\/www.deinadieu.ch\/wp-content\/uploads\/2021\/01\/Blog_MEStiftung_Reise.jpg 1280w\" sizes=\"auto, (max-width: 1024px) 100vw, 1024px\" \/><figcaption>Des activit\u00e9s de loisirs co\u00fbteuses. Lors d&#8217;une excursion, les r\u00e9sidents ont besoin d&#8217;une prise en charge individuelle. Billets, h\u00e9bergement, repas : tout co\u00fbte le double. (Photo : mise \u00e0 disposition)<\/figcaption><\/figure>\n\n<h2 class=\"wp-block-heading\" id=\"h-mit-spenden-finanzieren-wir-freizeitaktivit-ten\">\u00ab Nous finan\u00e7ons les activit\u00e9s de loisirs gr\u00e2ce aux dons \u00bb<\/h2>\n\n<p>La finitude de leur vie n&#8217;est pas un sujet permanent pour les r\u00e9sidents et les r\u00e9sidentes de la Fondation Mathilde Escher. Lukas Fischer : \u00ab Ils sont confiants. Nous les soutenons dans leurs projets, nous faisons des voyages sympas avec eux et l&#8217;impulsion vient d&#8217;eux. Ils n&#8217;ont pas besoin d&#8217;un programme d&#8217;animation, il y a peu d&#8217;activit\u00e9s de loisirs organis\u00e9es. \u00bb Mais celles-ci sont co\u00fbteuses. Une prise en charge individuelle est souvent n\u00e9cessaire. Billets, h\u00e9bergement, repas : tout co\u00fbte le double.<\/p>\n\n<p>Six \u00e0 douze r\u00e9sidents forment un groupe. En moyenne, une personne charg\u00e9e de l&#8217;encadrement est n\u00e9cesaire pour trois personnes, et cela 24 heures sur 24. Souvent, deux accompagnants sont n\u00e9cessaires pour une seule personne, par exemple pour aller la chercher ou la mettre au lit. C&#8217;est beaucoup de travail. J&#8217;aimerais que Lukas Fischer m&#8217;indique comment la Fondation Mathilde Escher g\u00e9n\u00e8re les fonds n\u00e9cessaires.<\/p>\n\n<p>En principe, les pouvoirs publics, les cantons, les communaut\u00e9s scolaires et l&#8217;AI paient. Pour les voyages, pour les loisirs, etc., les dons sont toutefois indispensables. <\/p>\n\n<p>Pour une meilleure int\u00e9gration des myopathes, il souhaite que nous, la soci\u00e9t\u00e9, cr\u00e9ions un monde sans barri\u00e8res si possible. Un monde du travail sans obstacles. \u00ab Il ne suffit pas de dire que les postes de travail sont \u00e9galement ouverts aux personnes en situation de handicap. \u00bb Le travailleur social engag\u00e9 insiste sur ses propos par des gestes clairs. \u00ab Il faut que ce soit l&#8217;inverse \u00bb, dit-il. \u00ab Il faut cr\u00e9er des places de travail pour ces personnes. C&#8217;est ainsi que cela fonctionne dans les ateliers prot\u00e9g\u00e9s, et cela devrait \u00e9galement \u00eatre possible sur le march\u00e9 du travail. En fin de compte, tout le monde veut aller travailler, veut utiliser ses comp\u00e9tences, je le vois tous les jours. Tout le monde peut travailler de mani\u00e8re productive. \u00bb Lukas Fischer rappelle la conversation pr\u00e9c\u00e9dente avec Marc. \u00ab Il a eu de la chance que ses coll\u00e8gues cr\u00e9ent un poste taill\u00e9 pour lui dans le &#8220;magasin pour la vie&#8221;. Il a ainsi pu travailler sur le march\u00e9 du travail normal pendant trois ans. \u00bb<\/p>\n\n<p>\u00c0 la fin de la rencontre, nous buvons un caf\u00e9 dans le s\u00e9jour. Des voix joyeuses se font entendre dans le couloir. Des fauteuils roulants \u00e9lectriques passent \u00e0 toute vitesse. Des jeunes jouent, discutent, \u00e9coutent de la musique. J&#8217;exp\u00e9rimente ici un monde intact. Gai et positif. Interpell\u00e9 \u00e0 ce sujet, Lukas Fischer dit : \u00ab Les barri\u00e8res peuvent \u00eatre ouvertes des deux c\u00f4t\u00e9s. Nous devrions nous approcher les uns des autres depuis les deux c\u00f4t\u00e9s, rouler les uns vers les autres. \u00bb<\/p>\n\n<p>Nous rions sous les masques et nous disons au revoir avec les coudes. Cordialement. Je suis tr\u00e8s impressionn\u00e9. <\/p>\n\n<p class=\"has-text-align-right\">Texte : Martin Schuppli, photos : Paolo Foschini<\/p>\n\n\n        <div class=\"da-servicebox relative bg-gray-200 p-4 pt-8 border-solid border-t-8 border-da-dark mb-6\">\n            <i class=\"fas fa-info-circle mx-auto fa-7x text-da-dark\"><\/i>\n            <span style=\"hyphens: auto\">\n                \n\n<p>La Fondation Mathilde Escher est partenaire de DeinAdieu. <a href=\"https:\/\/www.deinadieu.ch\/fr\/oeuvres-de-bienfaisance\/\">Vers le<\/a> <a href=\"https:\/\/www.deinadieu.ch\/fr\/oeuvres-de-bienfaisance\/\" target=\"_blank\" rel=\"noreferrer noopener\">profil<\/a><\/p>\n\n<p><\/p>\n\n\n                \n                \n            <\/span>\n        <\/div>\n        \n","protected":false},"excerpt":{"rendered":"<p>L&#8217;auteur de DeinAdieu Martin Schuppli a rencontr\u00e9 Marc, qui souffre de myopathie, \u00e0 la Fondation Mathilde Escher. Il est l&#8217;une des personnes les plus \u00e2g\u00e9es atteintes de cette maladie terminale. Cette rencontre a laiss\u00e9 des traces. \u00ab Ton charisme plein d&#8217;espoir m&#8217;a beaucoup impressionn\u00e9 \u00bb, d\u00e9clare l&#8217;auteur.<\/p>\n","protected":false},"author":2,"featured_media":28396,"comment_status":"open","ping_status":"closed","sticky":false,"template":"","format":"standard","meta":{"_acf_changed":false,"footnotes":""},"categories":[2479],"tags":[2469],"class_list":["post-49026","post","type-post","status-publish","format-standard","has-post-thumbnail","hentry","category-concernes","tag-quel-effet-mon-heritage-peut-il-avoir"],"acf":[],"yoast_head":"<title>\u00ab Marc, ta confiance me donne la force de vivre \u00bb | DeinAdieu.ch<\/title>\n<meta name=\"description\" content=\"DeinAdieu a rencontr\u00e9 Marc, qui souffre de myopathie, \u00e0 la Fondation Mathilde Escher. Il est l&#039;une des personnes les plus \u00e2g\u00e9es atteintes de cette maladie terminale.\" \/>\n<meta name=\"robots\" content=\"index, follow, max-snippet:-1, max-image-preview:large, max-video-preview:-1\" \/>\n<link rel=\"canonical\" href=\"https:\/\/www.deinadieu.ch\/fr\/marc-ta-confiance-me-donne-la-force-de-vivre\/\" \/>\n<meta property=\"og:locale\" content=\"fr_FR\" \/>\n<meta property=\"og:type\" content=\"article\" \/>\n<meta property=\"og:title\" content=\"\u00ab Marc, ta confiance me donne la force de vivre \u00bb\" \/>\n<meta property=\"og:description\" content=\"L&#039;auteur de DeinAdieu Martin Schuppli a rencontr\u00e9 Marc, qui souffre de myopathie, \u00e0 la Fondation Mathilde Escher. Il est l&#039;une des personnes les plus\" \/>\n<meta property=\"og:url\" content=\"https:\/\/www.deinadieu.ch\/fr\/marc-ta-confiance-me-donne-la-force-de-vivre\/\" \/>\n<meta property=\"og:site_name\" content=\"DeinAdieu.ch\" \/>\n<meta property=\"article:publisher\" content=\"https:\/\/www.facebook.com\/deinadieu\" \/>\n<meta property=\"article:published_time\" content=\"2021-01-08T10:21:53+00:00\" \/>\n<meta property=\"article:modified_time\" content=\"2024-03-25T14:27:07+00:00\" \/>\n<meta property=\"og:image\" content=\"https:\/\/static.deinadieu.ch\/uploads\/2021\/01\/BLOG_MarcvonArx_Portraet2a.jpg\" \/>\n\t<meta property=\"og:image:width\" content=\"1280\" \/>\n\t<meta property=\"og:image:height\" content=\"720\" \/>\n\t<meta property=\"og:image:type\" content=\"image\/jpeg\" \/>\n<meta name=\"author\" content=\"Martin Schuppli\" \/>\n<meta name=\"twitter:card\" content=\"summary_large_image\" \/>\n<meta name=\"twitter:creator\" content=\"@DeinAdieu\" \/>\n<meta name=\"twitter:site\" content=\"@DeinAdieu\" \/>\n<meta name=\"twitter:label1\" content=\"Written by\" \/>\n\t<meta name=\"twitter:data1\" content=\"Martin Schuppli\" \/>\n\t<meta name=\"twitter:label2\" content=\"Est. reading time\" \/>\n\t<meta name=\"twitter:data2\" content=\"11 minutes\" \/>\n<script type=\"application\/ld+json\" class=\"yoast-schema-graph\">{\"@context\":\"https:\\\/\\\/schema.org\",\"@graph\":[{\"@type\":\"Article\",\"@id\":\"https:\\\/\\\/www.deinadieu.ch\\\/fr\\\/marc-ta-confiance-me-donne-la-force-de-vivre\\\/#article\",\"isPartOf\":{\"@id\":\"https:\\\/\\\/www.deinadieu.ch\\\/fr\\\/marc-ta-confiance-me-donne-la-force-de-vivre\\\/\"},\"author\":{\"name\":\"Martin Schuppli\",\"@id\":\"https:\\\/\\\/www.deinadieu.ch\\\/fr\\\/#\\\/schema\\\/person\\\/47522dd97d1b840f11a7e637e69c4a82\"},\"headline\":\"\u00ab Marc, ta confiance me donne la force de vivre \u00bb\",\"datePublished\":\"2021-01-08T10:21:53+00:00\",\"dateModified\":\"2024-03-25T14:27:07+00:00\",\"mainEntityOfPage\":{\"@id\":\"https:\\\/\\\/www.deinadieu.ch\\\/fr\\\/marc-ta-confiance-me-donne-la-force-de-vivre\\\/\"},\"wordCount\":2267,\"commentCount\":0,\"publisher\":{\"@id\":\"https:\\\/\\\/www.deinadieu.ch\\\/fr\\\/#organization\"},\"image\":{\"@id\":\"https:\\\/\\\/www.deinadieu.ch\\\/fr\\\/marc-ta-confiance-me-donne-la-force-de-vivre\\\/#primaryimage\"},\"thumbnailUrl\":\"https:\\\/\\\/www.deinadieu.ch\\\/wp-content\\\/uploads\\\/2021\\\/01\\\/BLOG_MarcvonArx_Portraet2a.jpg\",\"keywords\":[\"Quel effet mon h\u00e9ritage peut-il avoir ?\"],\"articleSection\":[\"Concern\u00e9s\"],\"inLanguage\":\"fr-FR\",\"potentialAction\":[{\"@type\":\"CommentAction\",\"name\":\"Comment\",\"target\":[\"https:\\\/\\\/www.deinadieu.ch\\\/fr\\\/marc-ta-confiance-me-donne-la-force-de-vivre\\\/#respond\"]}]},{\"@type\":\"WebPage\",\"@id\":\"https:\\\/\\\/www.deinadieu.ch\\\/fr\\\/marc-ta-confiance-me-donne-la-force-de-vivre\\\/\",\"url\":\"https:\\\/\\\/www.deinadieu.ch\\\/fr\\\/marc-ta-confiance-me-donne-la-force-de-vivre\\\/\",\"name\":\"\u00ab Marc, ta confiance me donne la force de vivre \u00bb | DeinAdieu.ch\",\"isPartOf\":{\"@id\":\"https:\\\/\\\/www.deinadieu.ch\\\/fr\\\/#website\"},\"primaryImageOfPage\":{\"@id\":\"https:\\\/\\\/www.deinadieu.ch\\\/fr\\\/marc-ta-confiance-me-donne-la-force-de-vivre\\\/#primaryimage\"},\"image\":{\"@id\":\"https:\\\/\\\/www.deinadieu.ch\\\/fr\\\/marc-ta-confiance-me-donne-la-force-de-vivre\\\/#primaryimage\"},\"thumbnailUrl\":\"https:\\\/\\\/www.deinadieu.ch\\\/wp-content\\\/uploads\\\/2021\\\/01\\\/BLOG_MarcvonArx_Portraet2a.jpg\",\"datePublished\":\"2021-01-08T10:21:53+00:00\",\"dateModified\":\"2024-03-25T14:27:07+00:00\",\"description\":\"DeinAdieu a rencontr\u00e9 Marc, qui souffre de myopathie, \u00e0 la Fondation Mathilde Escher. Il est l'une des personnes les plus \u00e2g\u00e9es atteintes de cette maladie terminale.\",\"breadcrumb\":{\"@id\":\"https:\\\/\\\/www.deinadieu.ch\\\/fr\\\/marc-ta-confiance-me-donne-la-force-de-vivre\\\/#breadcrumb\"},\"inLanguage\":\"fr-FR\",\"potentialAction\":[{\"@type\":\"ReadAction\",\"target\":[\"https:\\\/\\\/www.deinadieu.ch\\\/fr\\\/marc-ta-confiance-me-donne-la-force-de-vivre\\\/\"]}]},{\"@type\":\"ImageObject\",\"inLanguage\":\"fr-FR\",\"@id\":\"https:\\\/\\\/www.deinadieu.ch\\\/fr\\\/marc-ta-confiance-me-donne-la-force-de-vivre\\\/#primaryimage\",\"url\":\"https:\\\/\\\/www.deinadieu.ch\\\/wp-content\\\/uploads\\\/2021\\\/01\\\/BLOG_MarcvonArx_Portraet2a.jpg\",\"contentUrl\":\"https:\\\/\\\/www.deinadieu.ch\\\/wp-content\\\/uploads\\\/2021\\\/01\\\/BLOG_MarcvonArx_Portraet2a.jpg\",\"width\":1280,\"height\":720,\"caption\":\"Quand Marc avait six ans, ses parents ont appris qu'il souffrait de la myopathie de Duchenne. Il vit \u00e0 la Fondation Mathilde Escher depuis 30 ans. (Photo : Paolo Foschini)\"},{\"@type\":\"BreadcrumbList\",\"@id\":\"https:\\\/\\\/www.deinadieu.ch\\\/fr\\\/marc-ta-confiance-me-donne-la-force-de-vivre\\\/#breadcrumb\",\"itemListElement\":[{\"@type\":\"ListItem\",\"position\":1,\"name\":\"Home\",\"item\":\"https:\\\/\\\/www.deinadieu.ch\\\/fr\\\/deinadieu-dialog-und-serviceportal-zum-lebensende\\\/\"},{\"@type\":\"ListItem\",\"position\":2,\"name\":\"\u00ab Marc, ta confiance me donne la force de vivre \u00bb\"}]},{\"@type\":\"WebSite\",\"@id\":\"https:\\\/\\\/www.deinadieu.ch\\\/fr\\\/#website\",\"url\":\"https:\\\/\\\/www.deinadieu.ch\\\/fr\\\/\",\"name\":\"DeinAdieu.ch\",\"description\":\"Testament, Patientenverf\u00fcgung und Vorsorgeauftrag\",\"publisher\":{\"@id\":\"https:\\\/\\\/www.deinadieu.ch\\\/fr\\\/#organization\"},\"potentialAction\":[{\"@type\":\"SearchAction\",\"target\":{\"@type\":\"EntryPoint\",\"urlTemplate\":\"https:\\\/\\\/www.deinadieu.ch\\\/fr\\\/?s={search_term_string}\"},\"query-input\":{\"@type\":\"PropertyValueSpecification\",\"valueRequired\":true,\"valueName\":\"search_term_string\"}}],\"inLanguage\":\"fr-FR\"},{\"@type\":\"Organization\",\"@id\":\"https:\\\/\\\/www.deinadieu.ch\\\/fr\\\/#organization\",\"name\":\"EMNA Web GmbH\",\"url\":\"https:\\\/\\\/www.deinadieu.ch\\\/fr\\\/\",\"logo\":{\"@type\":\"ImageObject\",\"inLanguage\":\"fr-FR\",\"@id\":\"https:\\\/\\\/www.deinadieu.ch\\\/fr\\\/#\\\/schema\\\/logo\\\/image\\\/\",\"url\":\"https:\\\/\\\/www.deinadieu.ch\\\/wp-content\\\/uploads\\\/2016\\\/01\\\/DeinAdieu_Logo.png\",\"contentUrl\":\"https:\\\/\\\/www.deinadieu.ch\\\/wp-content\\\/uploads\\\/2016\\\/01\\\/DeinAdieu_Logo.png\",\"width\":300,\"height\":117,\"caption\":\"EMNA Web GmbH\"},\"image\":{\"@id\":\"https:\\\/\\\/www.deinadieu.ch\\\/fr\\\/#\\\/schema\\\/logo\\\/image\\\/\"},\"sameAs\":[\"https:\\\/\\\/www.facebook.com\\\/deinadieu\",\"https:\\\/\\\/x.com\\\/DeinAdieu\",\"https:\\\/\\\/www.instagram.com\\\/deinadieu\\\/\",\"https:\\\/\\\/www.linkedin.com\\\/company\\\/deinadieu.ch\"]},{\"@type\":\"Person\",\"@id\":\"https:\\\/\\\/www.deinadieu.ch\\\/fr\\\/#\\\/schema\\\/person\\\/47522dd97d1b840f11a7e637e69c4a82\",\"name\":\"Martin Schuppli\",\"image\":{\"@type\":\"ImageObject\",\"inLanguage\":\"fr-FR\",\"@id\":\"https:\\\/\\\/secure.gravatar.com\\\/avatar\\\/3f6dee2a3d53d202b91ce982afc75191f59466c9d54dc61e5322d152b8eb2881?s=96&d=mm&r=g\",\"url\":\"https:\\\/\\\/secure.gravatar.com\\\/avatar\\\/3f6dee2a3d53d202b91ce982afc75191f59466c9d54dc61e5322d152b8eb2881?s=96&d=mm&r=g\",\"contentUrl\":\"https:\\\/\\\/secure.gravatar.com\\\/avatar\\\/3f6dee2a3d53d202b91ce982afc75191f59466c9d54dc61e5322d152b8eb2881?s=96&d=mm&r=g\",\"caption\":\"Martin Schuppli\"},\"description\":\"Martin Schuppli, *1955, arbeitete w\u00e4hrend 30 Jahren als Journalist bei Ringier AG. Er begann als Produzent beim Blick, schrieb sp\u00e4ter f\u00fcr SonntagsBlick, Gesundheit-Sprechstunde und Schweizer Illustrierte. 2009 machte er sich selbstst\u00e4ndig, sagte: \u00abIch schreibe mich durchs Leben.\u00bb Seit 2015 ist Martin Schuppli zusammen mit Nicolas Gehrig, CEO und dem Team daran, das Webportal DeinAdieu aufzubauen. \u00abHier kann ich schreiben. Und zwar \u00fcber das, was die Menschen am meisten interessiert. \u00dcber Menschen.\u00bb\",\"url\":\"https:\\\/\\\/www.deinadieu.ch\\\/fr\\\/author\\\/martin\\\/\"}]}<\/script>","yoast_head_json":{"title":"\u00ab Marc, ta confiance me donne la force de vivre \u00bb | DeinAdieu.ch","description":"DeinAdieu a rencontr\u00e9 Marc, qui souffre de myopathie, \u00e0 la Fondation Mathilde Escher. Il est l'une des personnes les plus \u00e2g\u00e9es atteintes de cette maladie terminale.","robots":{"index":"index","follow":"follow","max-snippet":"max-snippet:-1","max-image-preview":"max-image-preview:large","max-video-preview":"max-video-preview:-1"},"canonical":"https:\/\/www.deinadieu.ch\/fr\/marc-ta-confiance-me-donne-la-force-de-vivre\/","og_locale":"fr_FR","og_type":"article","og_title":"\u00ab Marc, ta confiance me donne la force de vivre \u00bb","og_description":"L'auteur de DeinAdieu Martin Schuppli a rencontr\u00e9 Marc, qui souffre de myopathie, \u00e0 la Fondation Mathilde Escher. Il est l'une des personnes les plus","og_url":"https:\/\/www.deinadieu.ch\/fr\/marc-ta-confiance-me-donne-la-force-de-vivre\/","og_site_name":"DeinAdieu.ch","article_publisher":"https:\/\/www.facebook.com\/deinadieu","article_published_time":"2021-01-08T10:21:53+00:00","article_modified_time":"2024-03-25T14:27:07+00:00","og_image":[{"width":1280,"height":720,"url":"https:\/\/static.deinadieu.ch\/uploads\/2021\/01\/BLOG_MarcvonArx_Portraet2a.jpg","type":"image\/jpeg"}],"author":"Martin Schuppli","twitter_card":"summary_large_image","twitter_creator":"@DeinAdieu","twitter_site":"@DeinAdieu","twitter_misc":{"Written by":"Martin Schuppli","Est. reading time":"11 minutes"},"schema":{"@context":"https:\/\/schema.org","@graph":[{"@type":"Article","@id":"https:\/\/www.deinadieu.ch\/fr\/marc-ta-confiance-me-donne-la-force-de-vivre\/#article","isPartOf":{"@id":"https:\/\/www.deinadieu.ch\/fr\/marc-ta-confiance-me-donne-la-force-de-vivre\/"},"author":{"name":"Martin Schuppli","@id":"https:\/\/www.deinadieu.ch\/fr\/#\/schema\/person\/47522dd97d1b840f11a7e637e69c4a82"},"headline":"\u00ab Marc, ta confiance me donne la force de vivre \u00bb","datePublished":"2021-01-08T10:21:53+00:00","dateModified":"2024-03-25T14:27:07+00:00","mainEntityOfPage":{"@id":"https:\/\/www.deinadieu.ch\/fr\/marc-ta-confiance-me-donne-la-force-de-vivre\/"},"wordCount":2267,"commentCount":0,"publisher":{"@id":"https:\/\/www.deinadieu.ch\/fr\/#organization"},"image":{"@id":"https:\/\/www.deinadieu.ch\/fr\/marc-ta-confiance-me-donne-la-force-de-vivre\/#primaryimage"},"thumbnailUrl":"https:\/\/www.deinadieu.ch\/wp-content\/uploads\/2021\/01\/BLOG_MarcvonArx_Portraet2a.jpg","keywords":["Quel effet mon h\u00e9ritage peut-il avoir ?"],"articleSection":["Concern\u00e9s"],"inLanguage":"fr-FR","potentialAction":[{"@type":"CommentAction","name":"Comment","target":["https:\/\/www.deinadieu.ch\/fr\/marc-ta-confiance-me-donne-la-force-de-vivre\/#respond"]}]},{"@type":"WebPage","@id":"https:\/\/www.deinadieu.ch\/fr\/marc-ta-confiance-me-donne-la-force-de-vivre\/","url":"https:\/\/www.deinadieu.ch\/fr\/marc-ta-confiance-me-donne-la-force-de-vivre\/","name":"\u00ab Marc, ta confiance me donne la force de vivre \u00bb | DeinAdieu.ch","isPartOf":{"@id":"https:\/\/www.deinadieu.ch\/fr\/#website"},"primaryImageOfPage":{"@id":"https:\/\/www.deinadieu.ch\/fr\/marc-ta-confiance-me-donne-la-force-de-vivre\/#primaryimage"},"image":{"@id":"https:\/\/www.deinadieu.ch\/fr\/marc-ta-confiance-me-donne-la-force-de-vivre\/#primaryimage"},"thumbnailUrl":"https:\/\/www.deinadieu.ch\/wp-content\/uploads\/2021\/01\/BLOG_MarcvonArx_Portraet2a.jpg","datePublished":"2021-01-08T10:21:53+00:00","dateModified":"2024-03-25T14:27:07+00:00","description":"DeinAdieu a rencontr\u00e9 Marc, qui souffre de myopathie, \u00e0 la Fondation Mathilde Escher. Il est l'une des personnes les plus \u00e2g\u00e9es atteintes de cette maladie terminale.","breadcrumb":{"@id":"https:\/\/www.deinadieu.ch\/fr\/marc-ta-confiance-me-donne-la-force-de-vivre\/#breadcrumb"},"inLanguage":"fr-FR","potentialAction":[{"@type":"ReadAction","target":["https:\/\/www.deinadieu.ch\/fr\/marc-ta-confiance-me-donne-la-force-de-vivre\/"]}]},{"@type":"ImageObject","inLanguage":"fr-FR","@id":"https:\/\/www.deinadieu.ch\/fr\/marc-ta-confiance-me-donne-la-force-de-vivre\/#primaryimage","url":"https:\/\/www.deinadieu.ch\/wp-content\/uploads\/2021\/01\/BLOG_MarcvonArx_Portraet2a.jpg","contentUrl":"https:\/\/www.deinadieu.ch\/wp-content\/uploads\/2021\/01\/BLOG_MarcvonArx_Portraet2a.jpg","width":1280,"height":720,"caption":"Quand Marc avait six ans, ses parents ont appris qu'il souffrait de la myopathie de Duchenne. Il vit \u00e0 la Fondation Mathilde Escher depuis 30 ans. (Photo : Paolo Foschini)"},{"@type":"BreadcrumbList","@id":"https:\/\/www.deinadieu.ch\/fr\/marc-ta-confiance-me-donne-la-force-de-vivre\/#breadcrumb","itemListElement":[{"@type":"ListItem","position":1,"name":"Home","item":"https:\/\/www.deinadieu.ch\/fr\/deinadieu-dialog-und-serviceportal-zum-lebensende\/"},{"@type":"ListItem","position":2,"name":"\u00ab Marc, ta confiance me donne la force de vivre \u00bb"}]},{"@type":"WebSite","@id":"https:\/\/www.deinadieu.ch\/fr\/#website","url":"https:\/\/www.deinadieu.ch\/fr\/","name":"DeinAdieu.ch","description":"Testament, Patientenverf\u00fcgung und Vorsorgeauftrag","publisher":{"@id":"https:\/\/www.deinadieu.ch\/fr\/#organization"},"potentialAction":[{"@type":"SearchAction","target":{"@type":"EntryPoint","urlTemplate":"https:\/\/www.deinadieu.ch\/fr\/?s={search_term_string}"},"query-input":{"@type":"PropertyValueSpecification","valueRequired":true,"valueName":"search_term_string"}}],"inLanguage":"fr-FR"},{"@type":"Organization","@id":"https:\/\/www.deinadieu.ch\/fr\/#organization","name":"EMNA Web GmbH","url":"https:\/\/www.deinadieu.ch\/fr\/","logo":{"@type":"ImageObject","inLanguage":"fr-FR","@id":"https:\/\/www.deinadieu.ch\/fr\/#\/schema\/logo\/image\/","url":"https:\/\/www.deinadieu.ch\/wp-content\/uploads\/2016\/01\/DeinAdieu_Logo.png","contentUrl":"https:\/\/www.deinadieu.ch\/wp-content\/uploads\/2016\/01\/DeinAdieu_Logo.png","width":300,"height":117,"caption":"EMNA Web GmbH"},"image":{"@id":"https:\/\/www.deinadieu.ch\/fr\/#\/schema\/logo\/image\/"},"sameAs":["https:\/\/www.facebook.com\/deinadieu","https:\/\/x.com\/DeinAdieu","https:\/\/www.instagram.com\/deinadieu\/","https:\/\/www.linkedin.com\/company\/deinadieu.ch"]},{"@type":"Person","@id":"https:\/\/www.deinadieu.ch\/fr\/#\/schema\/person\/47522dd97d1b840f11a7e637e69c4a82","name":"Martin Schuppli","image":{"@type":"ImageObject","inLanguage":"fr-FR","@id":"https:\/\/secure.gravatar.com\/avatar\/3f6dee2a3d53d202b91ce982afc75191f59466c9d54dc61e5322d152b8eb2881?s=96&d=mm&r=g","url":"https:\/\/secure.gravatar.com\/avatar\/3f6dee2a3d53d202b91ce982afc75191f59466c9d54dc61e5322d152b8eb2881?s=96&d=mm&r=g","contentUrl":"https:\/\/secure.gravatar.com\/avatar\/3f6dee2a3d53d202b91ce982afc75191f59466c9d54dc61e5322d152b8eb2881?s=96&d=mm&r=g","caption":"Martin Schuppli"},"description":"Martin Schuppli, *1955, arbeitete w\u00e4hrend 30 Jahren als Journalist bei Ringier AG. Er begann als Produzent beim Blick, schrieb sp\u00e4ter f\u00fcr SonntagsBlick, Gesundheit-Sprechstunde und Schweizer Illustrierte. 2009 machte er sich selbstst\u00e4ndig, sagte: \u00abIch schreibe mich durchs Leben.\u00bb Seit 2015 ist Martin Schuppli zusammen mit Nicolas Gehrig, CEO und dem Team daran, das Webportal DeinAdieu aufzubauen. \u00abHier kann ich schreiben. Und zwar \u00fcber das, was die Menschen am meisten interessiert. \u00dcber Menschen.\u00bb","url":"https:\/\/www.deinadieu.ch\/fr\/author\/martin\/"}]}},"_links":{"self":[{"href":"https:\/\/www.deinadieu.ch\/fr\/wp-json\/wp\/v2\/posts\/49026","targetHints":{"allow":["GET"]}}],"collection":[{"href":"https:\/\/www.deinadieu.ch\/fr\/wp-json\/wp\/v2\/posts"}],"about":[{"href":"https:\/\/www.deinadieu.ch\/fr\/wp-json\/wp\/v2\/types\/post"}],"author":[{"embeddable":true,"href":"https:\/\/www.deinadieu.ch\/fr\/wp-json\/wp\/v2\/users\/2"}],"replies":[{"embeddable":true,"href":"https:\/\/www.deinadieu.ch\/fr\/wp-json\/wp\/v2\/comments?post=49026"}],"version-history":[{"count":17,"href":"https:\/\/www.deinadieu.ch\/fr\/wp-json\/wp\/v2\/posts\/49026\/revisions"}],"predecessor-version":[{"id":67284,"href":"https:\/\/www.deinadieu.ch\/fr\/wp-json\/wp\/v2\/posts\/49026\/revisions\/67284"}],"wp:featuredmedia":[{"embeddable":true,"href":"https:\/\/www.deinadieu.ch\/fr\/wp-json\/wp\/v2\/media\/28396"}],"wp:attachment":[{"href":"https:\/\/www.deinadieu.ch\/fr\/wp-json\/wp\/v2\/media?parent=49026"}],"wp:term":[{"taxonomy":"category","embeddable":true,"href":"https:\/\/www.deinadieu.ch\/fr\/wp-json\/wp\/v2\/categories?post=49026"},{"taxonomy":"post_tag","embeddable":true,"href":"https:\/\/www.deinadieu.ch\/fr\/wp-json\/wp\/v2\/tags?post=49026"}],"curies":[{"name":"wp","href":"https:\/\/api.w.org\/{rel}","templated":true}]}}