{"id":48802,"date":"2021-02-09T13:43:40","date_gmt":"2021-02-09T12:43:40","guid":{"rendered":"https:\/\/www.deinadieu.ch\/angela-grossmann-je-peux-apprendre-beaucoup-de-personnes-dites-handicapees\/"},"modified":"2022-04-22T13:32:16","modified_gmt":"2022-04-22T11:32:16","slug":"angela-grossmann-je-peux-apprendre-beaucoup-de-personnes-dites-handicapees","status":"publish","type":"post","link":"https:\/\/www.deinadieu.ch\/fr\/angela-grossmann-je-peux-apprendre-beaucoup-de-personnes-dites-handicapees\/","title":{"rendered":"Angela Grossmann : \u00ab Je peux apprendre beaucoup de personnes dites handicap\u00e9es \u00bb"},"content":{"rendered":"\n<p>Les moments heureux ont \u00e9t\u00e9 rares au cours des deux derniers mois. Si j&#8217;en avais cherch\u00e9, je ne sais pas si j&#8217;en aurais trouv\u00e9. C&#8217;\u00e9tait donc un moment de bonheur qui a commenc\u00e9 par des rires. Un moment qui nous a procur\u00e9, \u00e0 moi-m\u00eame et au photographe Paolo Foschini, l\u00e9g\u00e8ret\u00e9 et bonheur et nous a permis de faire une merveilleuse rencontre.<\/p>\n\n<!--more-->\n\n<p>Pour la s\u00e9ance photo avec Angela Grossmann, directrice de la Fondation Vivendra, nous nous sommes rendus \u00e0 Dielsdorf dans l&#8217;Unterland zurichois, nous nous sommes install\u00e9s dans l&#8217;auberge \u00ab Sonne \u00bb et nous avons rencontr\u00e9 Laura et Luna \u00e0 c\u00f4t\u00e9 de l&#8217;interlocutrice. Les femmes qui ont besoin de soutien travaillent au service du restaurant et sont encadr\u00e9es par des professionnels de l&#8217;h\u00f4tellerie et des accompagnants socioprofessionnels. Elles servent les clients, prennent les commandes, encaissent les paiements. Elles expliquent le menu du jour et donnent des conseils sur le choix des boissons et l&#8217;ordre des plats. Elles le font toutes deux avec une cordialit\u00e9 d\u00e9sarmante.<\/p>\n\n<h2 class=\"wp-block-heading\" id=\"h-die-sonne-ein-leuchtturmprojekt\">Le \u00ab Sonne \u00bb, un projet phare<\/h2>\n\n<p>Notre enthouiasme r\u00e9jouit Angela Grossmann. En plus de l&#8217;auberge, le magasin \u00ab Sunne \u00bb et l&#8217;\u00e9cole \u00ab 15plus \u00bb sont install\u00e9s dans le b\u00e2timent majestueux. Celle-ci offre aux jeunes un accompagnement \u00e9ducatif et pratique individuel ainsi qu&#8217;un soutien dans la recherche d&#8217;un m\u00e9tier et dans les d\u00e9buts de la vie d&#8217;adulte. \u00ab Avec les services du \u00ab Sonne \u00bb, nous permettons \u00e0 nos clientes et nos clients de participer activement \u00e0 diverses activit\u00e9s avec un contact direct avec les clients. Cela fait du \u00ab Sonne \u00bb un projet int\u00e9gratif \u00bb, d\u00e9clare Angela Grossmann.<\/p>\n\n<figure class=\"wp-block-image size-large\"><img loading=\"lazy\" decoding=\"async\" width=\"1024\" height=\"576\" src=\"https:\/\/deinadieu.ch\/wp-content\/uploads\/2021\/02\/Blog_Vivendra_Trio-1024x576.jpg\" alt=\"Luna, Angela Grossmann, Martin Schuppli\" class=\"wp-image-29270\" srcset=\"https:\/\/www.deinadieu.ch\/wp-content\/uploads\/2021\/02\/Blog_Vivendra_Trio-1024x576.jpg 1024w, https:\/\/www.deinadieu.ch\/wp-content\/uploads\/2021\/02\/Blog_Vivendra_Trio-300x169.jpg 300w, https:\/\/www.deinadieu.ch\/wp-content\/uploads\/2021\/02\/Blog_Vivendra_Trio.jpg 1280w\" sizes=\"auto, (max-width: 1024px) 100vw, 1024px\" \/><figcaption>Avec sa bonne humeur, Luna enthousiasme les clients. Angela Grossmann (au centre) et Martin Schuppli profitent d&#8217;un moment de joie insouciante. (Photo : Paolo Foschini)<\/figcaption><\/figure>\n\n<h2 class=\"wp-block-heading\" id=\"h-mit-spenden-nachhaltiges-angebot-weiterf-hren\">Poursuivre une offre durable gr\u00e2ce aux dons<\/h2>\n\n<p>Il est important de savoir que l&#8217;auberge n&#8217;est pas subventionn\u00e9e et que la fondation l&#8217;exploite \u00e0 ses propres risques. \u00ab Nous apportons ainsi une contribution importante \u00e0 la soci\u00e9t\u00e9 et nous sommes d\u00e9pendants des dons. Le \u00ab Sonne \u00bb est toujours d\u00e9ficitaire et le coronavirus a aggrav\u00e9 cette situation. Nous avons besoin d&#8217;aide, c&#8217;est-\u00e0-dire de dons, pour assurer la p\u00e9rennit\u00e9 de ce service \u00bb.<\/p>\n\n<p>La Fondation Vivendra, fond\u00e9e en 1965 sous le nom de \u00ab Fondation Schulheim Dielsdorf pour les paralys\u00e9s c\u00e9r\u00e9braux \u00bb, assure une certaine qualit\u00e9 de vie dans ses institutions et favorise le d\u00e9veloppement et l&#8217;int\u00e9gration holistiques. Elle attache de l&#8217;importance au bien-\u00eatre physique et psychique et offre un espace d&#8217;apprentissage, de vie, de formation, de travail, de loisirs et de culture. Les personnes qui sont admises \u00e0 l&#8217;internat ou au foyer trouvent \u00e0 la Fondation Vivendra un chez-soi dans une communaut\u00e9 sociale. L&#8217;\u00e9ducation, la th\u00e9rapie, l&#8217;encadrement et les soins sont adapt\u00e9s aux besoins individuels. Tel est le principe directeur.<\/p>\n\n<p>Angela Grossmann acquiesce. Elle travaille pour la fondation depuis 2009 et en tant que directrice depuis 2018 : \u00ab J&#8217;ai suivi une formation d&#8217;infirmi\u00e8re et j&#8217;ai ensuite \u00e9tudi\u00e9 la p\u00e9dagogie sociale \u00e0 Hambourg. Pendant mes \u00e9tudes, j&#8217;ai toujours travaill\u00e9 comme infirmi\u00e8re. J&#8217;ai eu du plaisir \u00e0 travailler et je ne me souviens pas que quoi que ce soit soit devenu trop lourd pour moi. \u00bb<\/p>\n\n<figure class=\"wp-block-image size-large\"><img loading=\"lazy\" decoding=\"async\" width=\"1024\" height=\"576\" src=\"https:\/\/deinadieu.ch\/wp-content\/uploads\/2021\/02\/BLOG_Vivendra_AngelaGrossmann-1024x576.jpg\" alt=\"Angela Grossmann\" class=\"wp-image-29266\" srcset=\"https:\/\/www.deinadieu.ch\/wp-content\/uploads\/2021\/02\/BLOG_Vivendra_AngelaGrossmann-1024x576.jpg 1024w, https:\/\/www.deinadieu.ch\/wp-content\/uploads\/2021\/02\/BLOG_Vivendra_AngelaGrossmann-300x169.jpg 300w, https:\/\/www.deinadieu.ch\/wp-content\/uploads\/2021\/02\/BLOG_Vivendra_AngelaGrossmann.jpg 1280w\" sizes=\"auto, (max-width: 1024px) 100vw, 1024px\" \/><figcaption>\u00ab Je peux apprendre beaucoup de ces personnes dites handicap\u00e9es \u00bb, d\u00e9clare Angela Grossmann. (Photo : Paolo Foschini)<\/figcaption><\/figure>\n\n<h2 class=\"wp-block-heading\" id=\"h-ethische-themen-interessierten-immer-mehr\">Les questions \u00e9thiques int\u00e9ressaient de plus en plus<\/h2>\n\n<p>Apr\u00e8s des \u00e9tudes \u00e0 Hambourg, Angela Grossmann a d\u00e9m\u00e9nag\u00e9 en Suisse. Elle se sentait alors plus proche du m\u00e9tier d&#8217;infirmi\u00e8re que d&#8217;\u00e9ducateur social. C&#8217;est ainsi qu&#8217;elle a commenc\u00e9 \u00e0 travailler en chirurgie cardiaque \u00e0 l&#8217;h\u00f4pital universitaire de Zurich. Pendant cette p\u00e9riode, elle a suivi diverses formations sp\u00e9cialis\u00e9es et de gestion et elle \u00e9tait tr\u00e8s passionn\u00e9e par son travail. Au fil du temps, elle s&#8217;est int\u00e9ress\u00e9e aux questions d&#8217;\u00e9thique et elle s&#8217;est impliqu\u00e9e dans le groupe d&#8217;\u00e9thique interne de la clinique dans le cercle de qualit\u00e9 o\u00f9 elle a assum\u00e9 des fonctions de direction.<\/p>\n\n<p>\u00ab J&#8217;ai \u00e9t\u00e9 de plus en plus souvent en contact avec des personnes en situation de handicap qui avaient \u00e9t\u00e9 op\u00e9r\u00e9es \u00e0 l&#8217;h\u00f4pital universitaire de Zurich en raison de malformations cardiaques. Le d\u00e9sir de m&#8217;occuper de personnes souffrant de handicaps mentaux ou multiples a grandi en moi \u00bb, explique Angela Grossmann.<\/p>\n\n<h2 class=\"wp-block-heading\" id=\"h-vielleicht-sind-wir-normalen-manchmal-viel-eingeschr-nkter\">\u00ab Peut-\u00eatre que nous, les &#8220;normaux&#8221;, sommes parfois beaucoup plus limit\u00e9s \u00bb<\/h2>\n\n<p>\u00ab Je suis consciente \u00bb, dit Angela Grossmann, \u00ab que je peux apprendre beaucoup de ces personnes dites handicap\u00e9es. J&#8217;apprends \u00e0 conna\u00eetre des gens qui voient avec leur c\u0153ur. Comme l&#8217;\u00e9crit Antoine de Saint-Exup\u00e9ry dans &#8220;Le Petit Prince&#8221; : Voir avec le c\u0153ur est une perception diff\u00e9rente et non une limitation de la perception. \u00bb Elle fait une pause. laisse les paroles faire leur effet et ajoute : \u00ab Peut-\u00eatre que nous, les soi-disant normaux, sommes parfois beaucoup plus limit\u00e9s d&#8217;une certaine fa\u00e7on. \u00bb<\/p>\n\n<p>Lorsqu&#8217;on lui demande quel serait son souhait le plus cher, Angela Grossmann d\u00e9clare : \u00ab Nous devrions vraiment nous engager pour des personnes qui ne peuvent pas se mettre en valeur dans notre monde d&#8217;apparence, qui ne sont pas aussi privil\u00e9gi\u00e9es, qui ont peut-\u00eatre \u00e9t\u00e9 moins chanceuse dans la vie et qui ont plus de difficult\u00e9s \u00e0 d\u00e9fendre leurs int\u00e9r\u00eats. \u00bb Elle marque une courte pause et ajoute aussit\u00f4t ce qui la d\u00e9range : \u00ab Les id\u00e9es arr\u00eat\u00e9es, les stigmatisations, les pr\u00e9jug\u00e9s et les g\u00e9n\u00e9ralisations. \u00bb<\/p>\n\n<figure class=\"wp-block-image size-large\"><img loading=\"lazy\" decoding=\"async\" width=\"1024\" height=\"576\" src=\"https:\/\/deinadieu.ch\/wp-content\/uploads\/2021\/02\/Blog_Vivendra_AngelaGrossmann_Portraet2-1024x576.jpg\" alt=\"Angela Grossman, directrice de Vivendra, Dielsdoirf ZH\" class=\"wp-image-29258\" srcset=\"https:\/\/www.deinadieu.ch\/wp-content\/uploads\/2021\/02\/Blog_Vivendra_AngelaGrossmann_Portraet2-1024x576.jpg 1024w, https:\/\/www.deinadieu.ch\/wp-content\/uploads\/2021\/02\/Blog_Vivendra_AngelaGrossmann_Portraet2-300x169.jpg 300w, https:\/\/www.deinadieu.ch\/wp-content\/uploads\/2021\/02\/Blog_Vivendra_AngelaGrossmann_Portraet2.jpg 1280w\" sizes=\"auto, (max-width: 1024px) 100vw, 1024px\" \/><figcaption>Angela Grossman : \u00ab Nous faisons des offres aux r\u00e9sidentes et aux r\u00e9sidents au meilleur de nos connaissances et de notre conscience et c&#8217;est un processus continu de r\u00e9flexion, de dialogue et de d\u00e9bat. \u00bb (Photo : Paolo Foschini)<\/figcaption><\/figure>\n\n<h2 class=\"wp-block-heading\" id=\"h-wer-ist-denn-normal\">Qui est normal ?<\/h2>\n\n<p>Nous abordons \u00e0 nouveau le sujet de \u00ab qui est normal ? \u00bb. Angela Grossmann a du mal avec le terme \u00ab principe de normalisation \u00bb. Elle se demande qui a le pouvoir de d\u00e9finir ce qui est normal et ce qui ne l&#8217;est pas. Les r\u00e9sidentes et les r\u00e9sidents des groupes de vie externes, par exemple, ont besoin de moins de soutien. Il s&#8217;agit donc pour eux et leur \u00e9quipe de se demander constamment : quelle forme de soutien et d&#8217;accompagnement est ad\u00e9quate ?<\/p>\n\n<p>\u00ab Il existe ce que l&#8217;on appelle des &#8220;handicaps secondaires&#8221; \u00bb, dit Angela Grossmann et pr\u00e9cise : \u00ab Je vais le dire de mani\u00e8re un peu plus pr\u00e9cise. Les gens deviennent &#8220;handicap\u00e9s&#8221; parce qu&#8217;on les soulage trop ou qu&#8217;on attend trop peu d&#8217;eux. Il existe de nombreuses zones de tension et d&#8217;\u00e9quilibre dans le travail pour et avec les personnes en situation de handicap. \u00bb<\/p>\n\n<p>Angela Grossmann : \u00ab Nous faisons des offres au meilleur de nos connaissances et de notre conscience et c&#8217;est un processus continu de r\u00e9flexion, de dialogue et de d\u00e9bat. \u00bb \u00ab Nous permettons et favorisons la communication. Cela signifie que nous essayons de donner \u00e0 chacun la possibilit\u00e9 de s&#8217;exprimer. Cela est souvent une \u00e9tape et une clef vers l&#8217;ind\u00e9pendance, l&#8217;autod\u00e9termination et l&#8217;\u00e9galit\u00e9 des chances. \u00bb Dans cette optique, tous les moyens d&#8217;expression et de communication disponibles sont inclus : expressions faciales, gestuelle, langage corporel, signes, voix, sons, aides \u00e9lectroniques et non \u00e9lectroniques.<\/p>\n\n<p>Dans la coop\u00e9ration interdisciplinaire, il est tr\u00e8s important de bien se coordonner. A cet \u00e9gard, les proches ont \u00e9galement jou\u00e9 un r\u00f4le important. Angela Grossmann : \u00ab Nous avons cr\u00e9\u00e9 un groupe de musique de la fondation il y a quelques ann\u00e9es et nous avons m\u00eame pu organiser quelques concerts. C&#8217;\u00e9tait formidable de voir que chacune et chacun pouvait participer, quel que soit son niveau de handicap. La communaut\u00e9 et la vie en communaut\u00e9 sont une grande ressource. Nous \u2013 les soi-disant sains ou normaux \u2013 pouvons en apprendre beaucoup.<\/p>\n\n<p>J&#8217;ai \u00e9galement \u00e9t\u00e9 impressionn\u00e9e \u00e0 maintes reprises par les maladies graves et la capacit\u00e9 de faire face \u00e0 la maladie ou de faire face aux adieux. \u00bb<\/p>\n\n<figure class=\"wp-block-image size-large\"><img loading=\"lazy\" decoding=\"async\" width=\"1024\" height=\"576\" src=\"https:\/\/deinadieu.ch\/wp-content\/uploads\/2021\/02\/BLOG_Vivendra_AngelaGrossmann_Geste3-1024x576.jpg\" alt=\"Angela Grossmann, directrice de la Fondation Vivendra\" class=\"wp-image-29278\" srcset=\"https:\/\/www.deinadieu.ch\/wp-content\/uploads\/2021\/02\/BLOG_Vivendra_AngelaGrossmann_Geste3-1024x576.jpg 1024w, https:\/\/www.deinadieu.ch\/wp-content\/uploads\/2021\/02\/BLOG_Vivendra_AngelaGrossmann_Geste3-300x169.jpg 300w, https:\/\/www.deinadieu.ch\/wp-content\/uploads\/2021\/02\/BLOG_Vivendra_AngelaGrossmann_Geste3.jpg 1280w\" sizes=\"auto, (max-width: 1024px) 100vw, 1024px\" \/><figcaption>Angela Grossmann: \u00ab Nous avons cr\u00e9\u00e9 un groupe de musique de la fondation il y a quelques ann\u00e9es et nous avons m\u00eame pu organiser quelques concerts. C&#8217;\u00e9tait formidable de voir que chacune et chacun pouvait participer, quel que soit son degr\u00e9 de handicap. \u00bb (Photo : Paolo Foschini)<\/figcaption><\/figure>\n\n<h2 class=\"wp-block-heading\" id=\"h-den-tod-als-finale-des-lebens-verstehen\">Comprendre la mort comme l&#8217;aboutissement de la vie<\/h2>\n\n<p><strong>Et comment composez-vous avec le fait de vous occuper de personnes gravement handicap\u00e9es et\/ou en phase terminale ? Que vous fait l&#8217;exp\u00e9rience proche de la mort ?<\/strong><br\/>Je dirais que j&#8217;ai sp\u00e9cifiquement int\u00e9gr\u00e9 et accept\u00e9 ces deux sujets comme faisant partie de la vie. J&#8217;aime l&#8217;expression : l&#8217;homme est final ou pr\u00e9final. Pour moi, cela signifie, dans le final de la vie, le grand orchestre, le grand coup de timbale.<\/p>\n\n<p><strong>Qu&#8217;est-ce que cela signifie ?<br\/><\/strong>Je m&#8217;engage pour un accompagnement qui correspond aux souhaits et \u00e0 la vie de la personne qui s&#8217;en va \u2013 cela peut aussi \u00eatre non conventionnel.<\/p>\n\n<p><strong>Ce n&#8217;est souvent pas si facile \u00e0 supporter pour les proches et\/ou les accompagnants, je pense.<br\/><\/strong> C&#8217;est vrai. Nous croyons souvent que la mort et l&#8217;accompagnement des mourants se d\u00e9roulent en se tenant par la main, dans la paix et \u00e0 la lueur des bougies. Mais ce n&#8217;est pas ainsi ou en tout cas pas toujours. Chacun meurt \u00e0 sa fa\u00e7on.<\/p>\n\n<figure class=\"wp-block-image size-large\"><img loading=\"lazy\" decoding=\"async\" width=\"1024\" height=\"576\" src=\"https:\/\/deinadieu.ch\/wp-content\/uploads\/2021\/02\/BLOG_Vivendra_AngelaGrossmann_Geste2-1024x576.jpg\" alt=\"Angela Grossmann, directrice de la Fondation Vivendra\" class=\"wp-image-29254\" srcset=\"https:\/\/www.deinadieu.ch\/wp-content\/uploads\/2021\/02\/BLOG_Vivendra_AngelaGrossmann_Geste2-1024x576.jpg 1024w, https:\/\/www.deinadieu.ch\/wp-content\/uploads\/2021\/02\/BLOG_Vivendra_AngelaGrossmann_Geste2-300x169.jpg 300w, https:\/\/www.deinadieu.ch\/wp-content\/uploads\/2021\/02\/BLOG_Vivendra_AngelaGrossmann_Geste2.jpg 1280w\" sizes=\"auto, (max-width: 1024px) 100vw, 1024px\" \/><figcaption>Angela Grossmann : \u00ab Nous sommes guid\u00e9s par le principe selon lequel les r\u00e9sidentes et les r\u00e9sidents peuvent vieillir ici. Cependant, nous ne pouvons pas garantir qu&#8217;ils pourront rester ici jusqu&#8217;\u00e0 leur d\u00e9c\u00e8s en toutes circonstances. \u00bb (Photo : Paolo Foschini)<\/figcaption><\/figure>\n\n<h2 class=\"wp-block-heading\" id=\"h-wir-versuchen-alles-m-gliche-m-glich-zu-machen\">\u00ab Nous essayons de faire tout ce qui est possible. \u00bb<\/h2>\n\n<p><strong>Les r\u00e9sidentes et les r\u00e9sidents peuvent vivre dans la fondation jusqu&#8217;\u00e0 ce qu&#8217;ils commencent leur dernier voyage. Vivendra vous offre un chez-vous, une qualit\u00e9 de vie \u00e9lev\u00e9e. La fondation fournit une formation, des emplois et des logements. Angela Grossmann, comment financez-vous cette offre \u00e9tendue ?<\/strong><br\/>Nous nous finan\u00e7ons principalement par les subventions cantonales d&#8217;exploitation, les contributions des communes, les revenus des services et les dons. Ces derniers jouent un r\u00f4le important. Ils nous permettent de proposer des offres qui ne sont pas couvertes par les subventions de l&#8217;\u00c9tat. Il s&#8217;agit par exemple de projets ou d&#8217;achats sp\u00e9ciaux, d&#8217;excursions et\/ou de camps de vacances, d&#8217;achats de moyens d&#8217;aide non financ\u00e9s par l&#8217;AI ainsi que de la garantie d&#8217;une infrastructure adapt\u00e9e aux personnes en situation de handicap.<\/p>\n\n<p><strong>Les r\u00e9sidentes et les r\u00e9sidents peuvent rester dans la fondation jusqu&#8217;\u00e0 la fin de leur vie.<\/strong><br\/>Oui, nous sommes guid\u00e9s par le principe selon lequel les r\u00e9sidents peuvent vieillir ici. Cependant, la fondation n&#8217;est pas un \u00e9tablissement de soins au sens strict. Nous ne pouvons donc pas garantir que les r\u00e9sidents pourront rester ici jusqu&#8217;\u00e0 leur d\u00e9c\u00e8s en toutes circonstances. Nous avons principalement du personnel socioprofessionnel et nous ne pouvons pas facturer d&#8217;\u00e9ventuels services de soins via la loi sur l&#8217;assurance maladie (LAMal). Nous essayons toutefois de faire tout ce qui est possible.<\/p>\n\n<p><strong>Angela Grossmann, nous savons tous les deux que la vie a une fin. Elle peut prendre fin \u00e0 tout moment. Cette pens\u00e9e influence-t-elle votre vie quotidienne, vos relations avec vos proches, vos amies et vos amis ?<\/strong><br\/>Parfois plus et parfois moins. Ne pas toujours se prendre au s\u00e9rieux, \u00eatre plus de serein, pouvoir l\u00e2cher prise. Parfois, je suis \u00ab curieuse \u00bb du moment de ma propre mort, je sais qu&#8217;elle arrivera \u00e0 un moment donn\u00e9, comment est-ce que je le sentirai ? Cela reste un grand myst\u00e8re.<\/p>\n\n<p><strong>Sa propre mort est une chose &#8230;<br\/><\/strong> \u2026 Exactement. Dans le sens o\u00f9 sa propre mort conduit \u00e0 son propre d\u00e9c\u00e8s, alors qu&#8217;on doit continuer \u00e0 vivre avec la mort des autres. J&#8217;ai plus peur de la mort des \u00eatres chers qui m&#8217;entourent.<\/p>\n\n<figure class=\"wp-block-image size-large\"><img loading=\"lazy\" decoding=\"async\" width=\"1024\" height=\"576\" src=\"https:\/\/deinadieu.ch\/wp-content\/uploads\/2021\/02\/Blog_Vivendra_AngelaGrossmann_Duo-1024x576.jpg\" alt=\"Angela Grossmann, directrice de la Fondation Vivendra\" class=\"wp-image-29250\" srcset=\"https:\/\/www.deinadieu.ch\/wp-content\/uploads\/2021\/02\/Blog_Vivendra_AngelaGrossmann_Duo-1024x576.jpg 1024w, https:\/\/www.deinadieu.ch\/wp-content\/uploads\/2021\/02\/Blog_Vivendra_AngelaGrossmann_Duo-300x169.jpg 300w, https:\/\/www.deinadieu.ch\/wp-content\/uploads\/2021\/02\/Blog_Vivendra_AngelaGrossmann_Duo.jpg 1280w\" sizes=\"auto, (max-width: 1024px) 100vw, 1024px\" \/><figcaption>Conversation entre Angela Grossmann, directrice de Vivendra, et Martin Schuppli, auteur chez DeinAdieu. (Photo : Paolo Foschini)<\/figcaption><\/figure>\n\n<p><strong>Et le \u00ab dernier bureau \u00bb, l&#8217;avez-vous fait ?<\/strong><br\/>Oui, j&#8217;ai choisi trois personnes en qui j&#8217;ai confiance, qui me connaissent tr\u00e8s bien et qui d\u00e9cideront \u00e0 ma place quand je ne serai plus en mesure de le faire moi-m\u00eame. C&#8217;est ce que l&#8217;on appelle une \u00ab disposition de valeurs \u00bb. Je ne veux pas qu&#8217;une personne supporte seule ce fardeau et c&#8217;est pouquoi il y a trois personnes qui se connaissent toutes et dont je sais qu&#8217;elles travailleront dans mon int\u00e9r\u00eat \u2013 juste au cas o\u00f9.<\/p>\n\n<p class=\"has-text-align-right\">Texte : Martin Schuppli, photos : Paolo Foschini<\/p>\n\n        <div class=\"da-servicebox relative bg-gray-200 p-4 pt-8 border-solid border-t-8 border-da-dark mb-6\">\n            <i class=\"fas fa-info-circle mx-auto fa-7x text-da-dark\"><\/i>\n            <span style=\"hyphens: auto\">\n                <\/p>\n\n<p>Infobo\u00eete<\/p>\n\n<p>La Fondation Vivendra de Dielsdorf ZH est un partenaire de DeinAdieu. Le <a href=\"https:\/\/www.deinadieu.ch\/fr\/oeuvres-de-bienfaisance\/\">profil<\/a><\/p>\n<p>\n                \n                \n            <\/span>\n        <\/div>\n        \n","protected":false},"excerpt":{"rendered":"<p>Les moments heureux ont \u00e9t\u00e9 rares au cours des deux derniers mois. Si j&#8217;en avais cherch\u00e9, je ne sais pas si j&#8217;en aurais trouv\u00e9. C&#8217;\u00e9tait donc un moment de bonheur qui a commenc\u00e9 par des rires. Un moment qui nous a procur\u00e9, \u00e0 moi-m\u00eame et au photographe Paolo Foschini, l\u00e9g\u00e8ret\u00e9 et bonheur et nous a [&hellip;]<\/p>\n","protected":false},"author":2,"featured_media":29262,"comment_status":"open","ping_status":"closed","sticky":false,"template":"","format":"standard","meta":{"_acf_changed":false,"footnotes":""},"categories":[2450],"tags":[2466,2469],"class_list":["post-48802","post","type-post","status-publish","format-standard","has-post-thumbnail","hentry","category-oeuvres-caritatives","tag-handicap","tag-quel-effet-mon-heritage-peut-il-avoir"],"acf":[],"yoast_head":"<title>Directrice de Vivendra : \u00ab Je peux apprendre beaucoup de personnes dites handicap\u00e9es \u00bb<\/title>\n<meta name=\"description\" content=\"La fondation Vivendra accueille des personnes en situation de handicap mental et physique. La directrice Angela Grossmann raconte.\" \/>\n<meta name=\"robots\" content=\"index, follow, max-snippet:-1, max-image-preview:large, max-video-preview:-1\" \/>\n<link rel=\"canonical\" href=\"https:\/\/www.deinadieu.ch\/fr\/angela-grossmann-je-peux-apprendre-beaucoup-de-personnes-dites-handicapees\/\" \/>\n<meta property=\"og:locale\" content=\"fr_FR\" \/>\n<meta property=\"og:type\" content=\"article\" \/>\n<meta property=\"og:title\" content=\"Angela Grossmann : \u00ab Je peux apprendre beaucoup de personnes dites handicap\u00e9es \u00bb\" \/>\n<meta property=\"og:description\" content=\"Les moments heureux ont \u00e9t\u00e9 rares au cours des deux derniers mois. Si j&#039;en avais cherch\u00e9, je ne sais pas si j&#039;en aurais trouv\u00e9. C&#039;\u00e9tait donc un moment de\" \/>\n<meta property=\"og:url\" content=\"https:\/\/www.deinadieu.ch\/fr\/angela-grossmann-je-peux-apprendre-beaucoup-de-personnes-dites-handicapees\/\" \/>\n<meta property=\"og:site_name\" content=\"DeinAdieu.ch\" \/>\n<meta property=\"article:publisher\" content=\"https:\/\/www.facebook.com\/deinadieu\" \/>\n<meta property=\"article:published_time\" content=\"2021-02-09T12:43:40+00:00\" \/>\n<meta property=\"article:modified_time\" content=\"2022-04-22T11:32:16+00:00\" \/>\n<meta property=\"og:image\" content=\"https:\/\/static.deinadieu.ch\/uploads\/2021\/02\/Blog_Vivendra_AngelaGrossmann_Portrtaet1.jpg\" \/>\n\t<meta property=\"og:image:width\" content=\"1280\" \/>\n\t<meta property=\"og:image:height\" content=\"720\" \/>\n\t<meta property=\"og:image:type\" content=\"image\/jpeg\" \/>\n<meta name=\"author\" content=\"Martin Schuppli\" \/>\n<meta name=\"twitter:card\" content=\"summary_large_image\" \/>\n<meta name=\"twitter:creator\" content=\"@DeinAdieu\" \/>\n<meta name=\"twitter:site\" content=\"@DeinAdieu\" \/>\n<meta name=\"twitter:label1\" content=\"Written by\" \/>\n\t<meta name=\"twitter:data1\" content=\"Martin Schuppli\" \/>\n\t<meta name=\"twitter:label2\" content=\"Est. reading time\" \/>\n\t<meta name=\"twitter:data2\" content=\"10 minutes\" \/>\n<script type=\"application\/ld+json\" class=\"yoast-schema-graph\">{\"@context\":\"https:\\\/\\\/schema.org\",\"@graph\":[{\"@type\":\"Article\",\"@id\":\"https:\\\/\\\/www.deinadieu.ch\\\/fr\\\/angela-grossmann-je-peux-apprendre-beaucoup-de-personnes-dites-handicapees\\\/#article\",\"isPartOf\":{\"@id\":\"https:\\\/\\\/www.deinadieu.ch\\\/fr\\\/angela-grossmann-je-peux-apprendre-beaucoup-de-personnes-dites-handicapees\\\/\"},\"author\":{\"name\":\"Martin Schuppli\",\"@id\":\"https:\\\/\\\/www.deinadieu.ch\\\/fr\\\/#\\\/schema\\\/person\\\/47522dd97d1b840f11a7e637e69c4a82\"},\"headline\":\"Angela Grossmann : \u00ab Je peux apprendre beaucoup de personnes dites handicap\u00e9es \u00bb\",\"datePublished\":\"2021-02-09T12:43:40+00:00\",\"dateModified\":\"2022-04-22T11:32:16+00:00\",\"mainEntityOfPage\":{\"@id\":\"https:\\\/\\\/www.deinadieu.ch\\\/fr\\\/angela-grossmann-je-peux-apprendre-beaucoup-de-personnes-dites-handicapees\\\/\"},\"wordCount\":2176,\"commentCount\":0,\"publisher\":{\"@id\":\"https:\\\/\\\/www.deinadieu.ch\\\/fr\\\/#organization\"},\"image\":{\"@id\":\"https:\\\/\\\/www.deinadieu.ch\\\/fr\\\/angela-grossmann-je-peux-apprendre-beaucoup-de-personnes-dites-handicapees\\\/#primaryimage\"},\"thumbnailUrl\":\"https:\\\/\\\/www.deinadieu.ch\\\/wp-content\\\/uploads\\\/2021\\\/02\\\/Blog_Vivendra_AngelaGrossmann_Portrtaet1.jpg\",\"keywords\":[\"Handicap\",\"Quel effet mon h\u00e9ritage peut-il avoir ?\"],\"articleSection\":[\"\u0152uvres caritatives en point de mire\"],\"inLanguage\":\"fr-FR\",\"potentialAction\":[{\"@type\":\"CommentAction\",\"name\":\"Comment\",\"target\":[\"https:\\\/\\\/www.deinadieu.ch\\\/fr\\\/angela-grossmann-je-peux-apprendre-beaucoup-de-personnes-dites-handicapees\\\/#respond\"]}]},{\"@type\":\"WebPage\",\"@id\":\"https:\\\/\\\/www.deinadieu.ch\\\/fr\\\/angela-grossmann-je-peux-apprendre-beaucoup-de-personnes-dites-handicapees\\\/\",\"url\":\"https:\\\/\\\/www.deinadieu.ch\\\/fr\\\/angela-grossmann-je-peux-apprendre-beaucoup-de-personnes-dites-handicapees\\\/\",\"name\":\"Directrice de Vivendra : \u00ab Je peux apprendre beaucoup de personnes dites handicap\u00e9es \u00bb\",\"isPartOf\":{\"@id\":\"https:\\\/\\\/www.deinadieu.ch\\\/fr\\\/#website\"},\"primaryImageOfPage\":{\"@id\":\"https:\\\/\\\/www.deinadieu.ch\\\/fr\\\/angela-grossmann-je-peux-apprendre-beaucoup-de-personnes-dites-handicapees\\\/#primaryimage\"},\"image\":{\"@id\":\"https:\\\/\\\/www.deinadieu.ch\\\/fr\\\/angela-grossmann-je-peux-apprendre-beaucoup-de-personnes-dites-handicapees\\\/#primaryimage\"},\"thumbnailUrl\":\"https:\\\/\\\/www.deinadieu.ch\\\/wp-content\\\/uploads\\\/2021\\\/02\\\/Blog_Vivendra_AngelaGrossmann_Portrtaet1.jpg\",\"datePublished\":\"2021-02-09T12:43:40+00:00\",\"dateModified\":\"2022-04-22T11:32:16+00:00\",\"description\":\"La fondation Vivendra accueille des personnes en situation de handicap mental et physique. La directrice Angela Grossmann raconte.\",\"breadcrumb\":{\"@id\":\"https:\\\/\\\/www.deinadieu.ch\\\/fr\\\/angela-grossmann-je-peux-apprendre-beaucoup-de-personnes-dites-handicapees\\\/#breadcrumb\"},\"inLanguage\":\"fr-FR\",\"potentialAction\":[{\"@type\":\"ReadAction\",\"target\":[\"https:\\\/\\\/www.deinadieu.ch\\\/fr\\\/angela-grossmann-je-peux-apprendre-beaucoup-de-personnes-dites-handicapees\\\/\"]}]},{\"@type\":\"ImageObject\",\"inLanguage\":\"fr-FR\",\"@id\":\"https:\\\/\\\/www.deinadieu.ch\\\/fr\\\/angela-grossmann-je-peux-apprendre-beaucoup-de-personnes-dites-handicapees\\\/#primaryimage\",\"url\":\"https:\\\/\\\/www.deinadieu.ch\\\/wp-content\\\/uploads\\\/2021\\\/02\\\/Blog_Vivendra_AngelaGrossmann_Portrtaet1.jpg\",\"contentUrl\":\"https:\\\/\\\/www.deinadieu.ch\\\/wp-content\\\/uploads\\\/2021\\\/02\\\/Blog_Vivendra_AngelaGrossmann_Portrtaet1.jpg\",\"width\":1280,\"height\":720,\"caption\":\"Angela Grossmann, directrice de la Fondation Vivendra \u00e0 Dielsdorf ZH. (Photo : Paolo Foschini)\"},{\"@type\":\"BreadcrumbList\",\"@id\":\"https:\\\/\\\/www.deinadieu.ch\\\/fr\\\/angela-grossmann-je-peux-apprendre-beaucoup-de-personnes-dites-handicapees\\\/#breadcrumb\",\"itemListElement\":[{\"@type\":\"ListItem\",\"position\":1,\"name\":\"Home\",\"item\":\"https:\\\/\\\/www.deinadieu.ch\\\/fr\\\/deinadieu-dialog-und-serviceportal-zum-lebensende\\\/\"},{\"@type\":\"ListItem\",\"position\":2,\"name\":\"Angela Grossmann : \u00ab Je peux apprendre beaucoup de personnes dites handicap\u00e9es \u00bb\"}]},{\"@type\":\"WebSite\",\"@id\":\"https:\\\/\\\/www.deinadieu.ch\\\/fr\\\/#website\",\"url\":\"https:\\\/\\\/www.deinadieu.ch\\\/fr\\\/\",\"name\":\"DeinAdieu.ch\",\"description\":\"Testament, Patientenverf\u00fcgung und Vorsorgeauftrag\",\"publisher\":{\"@id\":\"https:\\\/\\\/www.deinadieu.ch\\\/fr\\\/#organization\"},\"potentialAction\":[{\"@type\":\"SearchAction\",\"target\":{\"@type\":\"EntryPoint\",\"urlTemplate\":\"https:\\\/\\\/www.deinadieu.ch\\\/fr\\\/?s={search_term_string}\"},\"query-input\":{\"@type\":\"PropertyValueSpecification\",\"valueRequired\":true,\"valueName\":\"search_term_string\"}}],\"inLanguage\":\"fr-FR\"},{\"@type\":\"Organization\",\"@id\":\"https:\\\/\\\/www.deinadieu.ch\\\/fr\\\/#organization\",\"name\":\"EMNA Web GmbH\",\"url\":\"https:\\\/\\\/www.deinadieu.ch\\\/fr\\\/\",\"logo\":{\"@type\":\"ImageObject\",\"inLanguage\":\"fr-FR\",\"@id\":\"https:\\\/\\\/www.deinadieu.ch\\\/fr\\\/#\\\/schema\\\/logo\\\/image\\\/\",\"url\":\"https:\\\/\\\/www.deinadieu.ch\\\/wp-content\\\/uploads\\\/2016\\\/01\\\/DeinAdieu_Logo.png\",\"contentUrl\":\"https:\\\/\\\/www.deinadieu.ch\\\/wp-content\\\/uploads\\\/2016\\\/01\\\/DeinAdieu_Logo.png\",\"width\":300,\"height\":117,\"caption\":\"EMNA Web GmbH\"},\"image\":{\"@id\":\"https:\\\/\\\/www.deinadieu.ch\\\/fr\\\/#\\\/schema\\\/logo\\\/image\\\/\"},\"sameAs\":[\"https:\\\/\\\/www.facebook.com\\\/deinadieu\",\"https:\\\/\\\/x.com\\\/DeinAdieu\",\"https:\\\/\\\/www.instagram.com\\\/deinadieu\\\/\",\"https:\\\/\\\/www.linkedin.com\\\/company\\\/deinadieu.ch\"]},{\"@type\":\"Person\",\"@id\":\"https:\\\/\\\/www.deinadieu.ch\\\/fr\\\/#\\\/schema\\\/person\\\/47522dd97d1b840f11a7e637e69c4a82\",\"name\":\"Martin Schuppli\",\"image\":{\"@type\":\"ImageObject\",\"inLanguage\":\"fr-FR\",\"@id\":\"https:\\\/\\\/secure.gravatar.com\\\/avatar\\\/3f6dee2a3d53d202b91ce982afc75191f59466c9d54dc61e5322d152b8eb2881?s=96&d=mm&r=g\",\"url\":\"https:\\\/\\\/secure.gravatar.com\\\/avatar\\\/3f6dee2a3d53d202b91ce982afc75191f59466c9d54dc61e5322d152b8eb2881?s=96&d=mm&r=g\",\"contentUrl\":\"https:\\\/\\\/secure.gravatar.com\\\/avatar\\\/3f6dee2a3d53d202b91ce982afc75191f59466c9d54dc61e5322d152b8eb2881?s=96&d=mm&r=g\",\"caption\":\"Martin Schuppli\"},\"description\":\"Martin Schuppli, *1955, arbeitete w\u00e4hrend 30 Jahren als Journalist bei Ringier AG. Er begann als Produzent beim Blick, schrieb sp\u00e4ter f\u00fcr SonntagsBlick, Gesundheit-Sprechstunde und Schweizer Illustrierte. 2009 machte er sich selbstst\u00e4ndig, sagte: \u00abIch schreibe mich durchs Leben.\u00bb Seit 2015 ist Martin Schuppli zusammen mit Nicolas Gehrig, CEO und dem Team daran, das Webportal DeinAdieu aufzubauen. \u00abHier kann ich schreiben. Und zwar \u00fcber das, was die Menschen am meisten interessiert. \u00dcber Menschen.\u00bb\",\"url\":\"https:\\\/\\\/www.deinadieu.ch\\\/fr\\\/author\\\/martin\\\/\"}]}<\/script>","yoast_head_json":{"title":"Directrice de Vivendra : \u00ab Je peux apprendre beaucoup de personnes dites handicap\u00e9es \u00bb","description":"La fondation Vivendra accueille des personnes en situation de handicap mental et physique. La directrice Angela Grossmann raconte.","robots":{"index":"index","follow":"follow","max-snippet":"max-snippet:-1","max-image-preview":"max-image-preview:large","max-video-preview":"max-video-preview:-1"},"canonical":"https:\/\/www.deinadieu.ch\/fr\/angela-grossmann-je-peux-apprendre-beaucoup-de-personnes-dites-handicapees\/","og_locale":"fr_FR","og_type":"article","og_title":"Angela Grossmann : \u00ab Je peux apprendre beaucoup de personnes dites handicap\u00e9es \u00bb","og_description":"Les moments heureux ont \u00e9t\u00e9 rares au cours des deux derniers mois. Si j'en avais cherch\u00e9, je ne sais pas si j'en aurais trouv\u00e9. C'\u00e9tait donc un moment de","og_url":"https:\/\/www.deinadieu.ch\/fr\/angela-grossmann-je-peux-apprendre-beaucoup-de-personnes-dites-handicapees\/","og_site_name":"DeinAdieu.ch","article_publisher":"https:\/\/www.facebook.com\/deinadieu","article_published_time":"2021-02-09T12:43:40+00:00","article_modified_time":"2022-04-22T11:32:16+00:00","og_image":[{"width":1280,"height":720,"url":"https:\/\/static.deinadieu.ch\/uploads\/2021\/02\/Blog_Vivendra_AngelaGrossmann_Portrtaet1.jpg","type":"image\/jpeg"}],"author":"Martin Schuppli","twitter_card":"summary_large_image","twitter_creator":"@DeinAdieu","twitter_site":"@DeinAdieu","twitter_misc":{"Written by":"Martin Schuppli","Est. reading time":"10 minutes"},"schema":{"@context":"https:\/\/schema.org","@graph":[{"@type":"Article","@id":"https:\/\/www.deinadieu.ch\/fr\/angela-grossmann-je-peux-apprendre-beaucoup-de-personnes-dites-handicapees\/#article","isPartOf":{"@id":"https:\/\/www.deinadieu.ch\/fr\/angela-grossmann-je-peux-apprendre-beaucoup-de-personnes-dites-handicapees\/"},"author":{"name":"Martin Schuppli","@id":"https:\/\/www.deinadieu.ch\/fr\/#\/schema\/person\/47522dd97d1b840f11a7e637e69c4a82"},"headline":"Angela Grossmann : \u00ab Je peux apprendre beaucoup de personnes dites handicap\u00e9es \u00bb","datePublished":"2021-02-09T12:43:40+00:00","dateModified":"2022-04-22T11:32:16+00:00","mainEntityOfPage":{"@id":"https:\/\/www.deinadieu.ch\/fr\/angela-grossmann-je-peux-apprendre-beaucoup-de-personnes-dites-handicapees\/"},"wordCount":2176,"commentCount":0,"publisher":{"@id":"https:\/\/www.deinadieu.ch\/fr\/#organization"},"image":{"@id":"https:\/\/www.deinadieu.ch\/fr\/angela-grossmann-je-peux-apprendre-beaucoup-de-personnes-dites-handicapees\/#primaryimage"},"thumbnailUrl":"https:\/\/www.deinadieu.ch\/wp-content\/uploads\/2021\/02\/Blog_Vivendra_AngelaGrossmann_Portrtaet1.jpg","keywords":["Handicap","Quel effet mon h\u00e9ritage peut-il avoir ?"],"articleSection":["\u0152uvres caritatives en point de mire"],"inLanguage":"fr-FR","potentialAction":[{"@type":"CommentAction","name":"Comment","target":["https:\/\/www.deinadieu.ch\/fr\/angela-grossmann-je-peux-apprendre-beaucoup-de-personnes-dites-handicapees\/#respond"]}]},{"@type":"WebPage","@id":"https:\/\/www.deinadieu.ch\/fr\/angela-grossmann-je-peux-apprendre-beaucoup-de-personnes-dites-handicapees\/","url":"https:\/\/www.deinadieu.ch\/fr\/angela-grossmann-je-peux-apprendre-beaucoup-de-personnes-dites-handicapees\/","name":"Directrice de Vivendra : \u00ab Je peux apprendre beaucoup de personnes dites handicap\u00e9es \u00bb","isPartOf":{"@id":"https:\/\/www.deinadieu.ch\/fr\/#website"},"primaryImageOfPage":{"@id":"https:\/\/www.deinadieu.ch\/fr\/angela-grossmann-je-peux-apprendre-beaucoup-de-personnes-dites-handicapees\/#primaryimage"},"image":{"@id":"https:\/\/www.deinadieu.ch\/fr\/angela-grossmann-je-peux-apprendre-beaucoup-de-personnes-dites-handicapees\/#primaryimage"},"thumbnailUrl":"https:\/\/www.deinadieu.ch\/wp-content\/uploads\/2021\/02\/Blog_Vivendra_AngelaGrossmann_Portrtaet1.jpg","datePublished":"2021-02-09T12:43:40+00:00","dateModified":"2022-04-22T11:32:16+00:00","description":"La fondation Vivendra accueille des personnes en situation de handicap mental et physique. La directrice Angela Grossmann raconte.","breadcrumb":{"@id":"https:\/\/www.deinadieu.ch\/fr\/angela-grossmann-je-peux-apprendre-beaucoup-de-personnes-dites-handicapees\/#breadcrumb"},"inLanguage":"fr-FR","potentialAction":[{"@type":"ReadAction","target":["https:\/\/www.deinadieu.ch\/fr\/angela-grossmann-je-peux-apprendre-beaucoup-de-personnes-dites-handicapees\/"]}]},{"@type":"ImageObject","inLanguage":"fr-FR","@id":"https:\/\/www.deinadieu.ch\/fr\/angela-grossmann-je-peux-apprendre-beaucoup-de-personnes-dites-handicapees\/#primaryimage","url":"https:\/\/www.deinadieu.ch\/wp-content\/uploads\/2021\/02\/Blog_Vivendra_AngelaGrossmann_Portrtaet1.jpg","contentUrl":"https:\/\/www.deinadieu.ch\/wp-content\/uploads\/2021\/02\/Blog_Vivendra_AngelaGrossmann_Portrtaet1.jpg","width":1280,"height":720,"caption":"Angela Grossmann, directrice de la Fondation Vivendra \u00e0 Dielsdorf ZH. (Photo : Paolo Foschini)"},{"@type":"BreadcrumbList","@id":"https:\/\/www.deinadieu.ch\/fr\/angela-grossmann-je-peux-apprendre-beaucoup-de-personnes-dites-handicapees\/#breadcrumb","itemListElement":[{"@type":"ListItem","position":1,"name":"Home","item":"https:\/\/www.deinadieu.ch\/fr\/deinadieu-dialog-und-serviceportal-zum-lebensende\/"},{"@type":"ListItem","position":2,"name":"Angela Grossmann : \u00ab Je peux apprendre beaucoup de personnes dites handicap\u00e9es \u00bb"}]},{"@type":"WebSite","@id":"https:\/\/www.deinadieu.ch\/fr\/#website","url":"https:\/\/www.deinadieu.ch\/fr\/","name":"DeinAdieu.ch","description":"Testament, Patientenverf\u00fcgung und Vorsorgeauftrag","publisher":{"@id":"https:\/\/www.deinadieu.ch\/fr\/#organization"},"potentialAction":[{"@type":"SearchAction","target":{"@type":"EntryPoint","urlTemplate":"https:\/\/www.deinadieu.ch\/fr\/?s={search_term_string}"},"query-input":{"@type":"PropertyValueSpecification","valueRequired":true,"valueName":"search_term_string"}}],"inLanguage":"fr-FR"},{"@type":"Organization","@id":"https:\/\/www.deinadieu.ch\/fr\/#organization","name":"EMNA Web GmbH","url":"https:\/\/www.deinadieu.ch\/fr\/","logo":{"@type":"ImageObject","inLanguage":"fr-FR","@id":"https:\/\/www.deinadieu.ch\/fr\/#\/schema\/logo\/image\/","url":"https:\/\/www.deinadieu.ch\/wp-content\/uploads\/2016\/01\/DeinAdieu_Logo.png","contentUrl":"https:\/\/www.deinadieu.ch\/wp-content\/uploads\/2016\/01\/DeinAdieu_Logo.png","width":300,"height":117,"caption":"EMNA Web GmbH"},"image":{"@id":"https:\/\/www.deinadieu.ch\/fr\/#\/schema\/logo\/image\/"},"sameAs":["https:\/\/www.facebook.com\/deinadieu","https:\/\/x.com\/DeinAdieu","https:\/\/www.instagram.com\/deinadieu\/","https:\/\/www.linkedin.com\/company\/deinadieu.ch"]},{"@type":"Person","@id":"https:\/\/www.deinadieu.ch\/fr\/#\/schema\/person\/47522dd97d1b840f11a7e637e69c4a82","name":"Martin Schuppli","image":{"@type":"ImageObject","inLanguage":"fr-FR","@id":"https:\/\/secure.gravatar.com\/avatar\/3f6dee2a3d53d202b91ce982afc75191f59466c9d54dc61e5322d152b8eb2881?s=96&d=mm&r=g","url":"https:\/\/secure.gravatar.com\/avatar\/3f6dee2a3d53d202b91ce982afc75191f59466c9d54dc61e5322d152b8eb2881?s=96&d=mm&r=g","contentUrl":"https:\/\/secure.gravatar.com\/avatar\/3f6dee2a3d53d202b91ce982afc75191f59466c9d54dc61e5322d152b8eb2881?s=96&d=mm&r=g","caption":"Martin Schuppli"},"description":"Martin Schuppli, *1955, arbeitete w\u00e4hrend 30 Jahren als Journalist bei Ringier AG. Er begann als Produzent beim Blick, schrieb sp\u00e4ter f\u00fcr SonntagsBlick, Gesundheit-Sprechstunde und Schweizer Illustrierte. 2009 machte er sich selbstst\u00e4ndig, sagte: \u00abIch schreibe mich durchs Leben.\u00bb Seit 2015 ist Martin Schuppli zusammen mit Nicolas Gehrig, CEO und dem Team daran, das Webportal DeinAdieu aufzubauen. \u00abHier kann ich schreiben. Und zwar \u00fcber das, was die Menschen am meisten interessiert. \u00dcber Menschen.\u00bb","url":"https:\/\/www.deinadieu.ch\/fr\/author\/martin\/"}]}},"_links":{"self":[{"href":"https:\/\/www.deinadieu.ch\/fr\/wp-json\/wp\/v2\/posts\/48802","targetHints":{"allow":["GET"]}}],"collection":[{"href":"https:\/\/www.deinadieu.ch\/fr\/wp-json\/wp\/v2\/posts"}],"about":[{"href":"https:\/\/www.deinadieu.ch\/fr\/wp-json\/wp\/v2\/types\/post"}],"author":[{"embeddable":true,"href":"https:\/\/www.deinadieu.ch\/fr\/wp-json\/wp\/v2\/users\/2"}],"replies":[{"embeddable":true,"href":"https:\/\/www.deinadieu.ch\/fr\/wp-json\/wp\/v2\/comments?post=48802"}],"version-history":[{"count":11,"href":"https:\/\/www.deinadieu.ch\/fr\/wp-json\/wp\/v2\/posts\/48802\/revisions"}],"predecessor-version":[{"id":56561,"href":"https:\/\/www.deinadieu.ch\/fr\/wp-json\/wp\/v2\/posts\/48802\/revisions\/56561"}],"wp:featuredmedia":[{"embeddable":true,"href":"https:\/\/www.deinadieu.ch\/fr\/wp-json\/wp\/v2\/media\/29262"}],"wp:attachment":[{"href":"https:\/\/www.deinadieu.ch\/fr\/wp-json\/wp\/v2\/media?parent=48802"}],"wp:term":[{"taxonomy":"category","embeddable":true,"href":"https:\/\/www.deinadieu.ch\/fr\/wp-json\/wp\/v2\/categories?post=48802"},{"taxonomy":"post_tag","embeddable":true,"href":"https:\/\/www.deinadieu.ch\/fr\/wp-json\/wp\/v2\/tags?post=48802"}],"curies":[{"name":"wp","href":"https:\/\/api.w.org\/{rel}","templated":true}]}}