{"id":48628,"date":"2021-02-15T13:54:56","date_gmt":"2021-02-15T12:54:56","guid":{"rendered":"https:\/\/www.deinadieu.ch\/alexandra-zeiter-avocate-specialiste-en-droit-des-successions-je-vois-beaucoup-dhistoires-familiales\/"},"modified":"2024-07-10T16:42:37","modified_gmt":"2024-07-10T14:42:37","slug":"alexandra-zeiter-avocate-specialiste-en-droit-des-successions-je-vois-beaucoup-dhistoires-familiales","status":"publish","type":"post","link":"https:\/\/www.deinadieu.ch\/fr\/alexandra-zeiter-avocate-specialiste-en-droit-des-successions-je-vois-beaucoup-dhistoires-familiales\/","title":{"rendered":"Alexandra Zeiter, avocate sp\u00e9cialiste en droit des successions: \u00ab Je vois beaucoup d&#8217;histoires familiales. \u00bb"},"content":{"rendered":"\n<p>Alexandra Zeiter conseille des gens lors de la r\u00e9daction de testaments, repr\u00e9sente des proches qui se voient priv\u00e9s de leur h\u00e9ritage et soutient des ONG qui doivent se battre pour obtenir des dons. L&#8217;avocate sp\u00e9cialiste en droit des successions et charg\u00e9e de cours \u00e0 l&#8217;Universit\u00e9 de Zurich a \u00e9galement int\u00e9gr\u00e9 des ONG dans son propre testament.<\/p>\n\n<!--more-->\n\n<p><strong>Vous \u00eates une avocate sp\u00e9cialiste en droit des successions, mais vous travaillez \u00e9galement avec des ONG. Quels sont les principaux axes de votre travail ?<\/strong><br\/><strong>Alexandra Zeiter :<\/strong> Les avocats en droit des successions, dont je fais partie, assistent leurs clients dans le cadre de la planification successorale. Cela comprend non seulement la r\u00e9daction de testaments ou la conclusion de pactes successoraux et de contrats de mariage, mais \u00e9galement des conseils en mati\u00e8re de donations de son vivant. Nous repr\u00e9sentons \u00e9galement des personnes dans des partages successoraux, notamment des h\u00e9ritiers qui sont favoris\u00e9s ou ignor\u00e9s, et aussi souvent dans des proc\u00e9dures judiciaires. Nous sommes \u00e9galement d\u00e9sign\u00e9s comme ex\u00e9cuteurs testamentaires. Les ONG entrent notamment en jeu lorsqu&#8217;une personne d\u00e9c\u00e9d\u00e9e les a <a href=\"https:\/\/www.deinadieu.ch\/fr\/testament\/\">incluses dans son testament<\/a>. Souvent, les ONG nous contactent lorsque des probl\u00e8mes surviennent pour cette raison.<\/p>\n\n<div style=\"height:20px\" aria-hidden=\"true\" class=\"wp-block-spacer\"><\/div>\n\n<blockquote class=\"wp-block-quote is-layout-flow wp-block-quote-is-layout-flow\">\n<p><em><strong>Sinon, mon exp\u00e9rience montre qu&#8217;il est g\u00e9n\u00e9ralement plus facile de favoriser les ONG avec des legs plut\u00f4t que de les instituer h\u00e9riti\u00e8res.<\/strong><\/em><\/p>\n<\/blockquote>\n\n<div style=\"height:20px\" aria-hidden=\"true\" class=\"wp-block-spacer\"><\/div>\n\n<p><strong>Y a-t-il fr\u00e9quemment des conflits avec les descendants ?<\/strong><br\/>Cela se produit de temps en temps. Pour certains descendants, il est difficile d&#8217;accepter que les ONG re\u00e7oivent une part de l&#8217;h\u00e9ritage. J&#8217;ai souvent vu qu&#8217;ils attendaient des ONG qu&#8217;elles renoncent \u00e0 leurs droits. A plusieurs reprises, les ONG sont m\u00eame mises sous pression par des menaces de r\u00e9v\u00e9lation \u00e0 la presse si elles insistent sur leurs droits sur l&#8217;h\u00e9ritage.<\/p>\n\n<p><strong>Comment de tels conflits peuvent-ils \u00eatre \u00e9vit\u00e9s ?<\/strong><br\/>L&#8217;id\u00e9al est que le testateur inclue sa famille, en particulier ses descendants, dans sa planification successorale. Mon conseil est toujours le suivant : discutez de vos arrangements avec les enfants, impliquez-les. Cela est plus facile lorsqu&#8217;ils y apportent leur soutien. Sinon, mon exp\u00e9rience montre qu&#8217;il est g\u00e9n\u00e9ralement plus facile de <a href=\"https:\/\/www.deinadieu.ch\/fr\/heritage-legs\/\">favoriser les ONG avec des legs<\/a> plut\u00f4t que de les instituer h\u00e9riti\u00e8res. Bien s\u00fbr, dans ma pratique, j&#8217;ai trait\u00e9 de cas dans lesquels le partage successoral n&#8217;\u00e9tait pas probl\u00e9matique, m\u00eame si des ONG \u00e9taient institu\u00e9es h\u00e9riti\u00e8res. Cependant, il s&#8217;agit souvent de cas dans lesquels le d\u00e9funt n&#8217;a laiss\u00e9 aucun parent proche, ni conjoint ni enfant.<\/p>\n\n<p><strong>Seulement une personne sur quatre en Suisse fait un testament. Pourquoi y en a-t-il si peu ?<\/strong><br\/>L&#8217;une des raisons principales est certainement que les gens <a href=\"https:\/\/www.deinadieu.ch\/sterben-koennen-heisst-leben-lernen\/\">abordent le sujet de leur propre mort avec r\u00e9ticence<\/a>. Il y a aussi beaucoup de gens qui ne savent pas que des arrangements pourraient \u00eatre n\u00e9cessaires pour eux. Troisi\u00e8mement, un nombre important de personnes croit simplement que la loi pr\u00e9voit d\u00e9j\u00e0 la r\u00e9glementation ad\u00e9quate pour leur situation.<\/p>\n\n<div style=\"height:20px\" aria-hidden=\"true\" class=\"wp-block-spacer\"><\/div>\n\n<blockquote class=\"wp-block-quote is-layout-flow wp-block-quote-is-layout-flow\">\n<p><strong><em>Je d\u00e9conseille \u00e9galement de le d\u00e9poser dans un coffre-fort bancaire. <\/em><\/strong><strong><em>En effet, le coffre-fort bancaire ne peut \u00eatre ouvert que par les h\u00e9ritiers et les noms des h\u00e9ritiers r\u00e9sultent \u00e0 leur tour du testament.<\/em><\/strong><\/p>\n<\/blockquote>\n\n<div style=\"height:20px\" aria-hidden=\"true\" class=\"wp-block-spacer\"><\/div>\n\n<p><strong>Comment doit-on proc\u00e9der si on souhaite faire r\u00e9diger un testament ? Peut-on en \u00e9crire un chez soi et le d\u00e9poser dans un placard ?<\/strong><br\/>Nombreux sont ceux qui recherchent des informations sur internet et r\u00e9digent ensuite leur testament. Ce n&#8217;est pas faux, mais je recommande dans tous les cas de discuter du testament avec un sp\u00e9cialiste et \u2013 si on l&#8217;a d\u00e9j\u00e0 r\u00e9dig\u00e9 \u2013 de le faire v\u00e9rifier par celui-ci. A mon avis, un conseil de ce genre est de l&#8217;argent bien investi. En effet, il est vite arriv\u00e9 d&#8217;oublier quelque chose ou qu&#8217;une formulation soit impr\u00e9cise. Des testaments impr\u00e9cis et incomplets sont la raison principale des discussions et des diff\u00e9rends entre h\u00e9ritiers. La question centrale est cependant de savoir <a href=\"https:\/\/www.deinadieu.ch\/faq\/ich-bin-alleinstehend-wo-soll-ich-mein-testament-hinterlegen\/\">o\u00f9 le document est d\u00e9pos\u00e9<\/a>. Je d\u00e9conseille fortement de le ranger n&#8217;importe o\u00f9 chez soi.<\/p>\n\n<figure class=\"wp-block-image size-large is-style-default\"><img loading=\"lazy\" decoding=\"async\" width=\"1024\" height=\"683\" src=\"https:\/\/www.deinadieu.ch\/wp-content\/uploads\/2021\/02\/MG_0602-1024x683.jpg\" alt=\"\" class=\"wp-image-29350\" srcset=\"https:\/\/www.deinadieu.ch\/wp-content\/uploads\/2021\/02\/MG_0602-1024x683.jpg 1024w, https:\/\/www.deinadieu.ch\/wp-content\/uploads\/2021\/02\/MG_0602-300x200.jpg 300w, https:\/\/www.deinadieu.ch\/wp-content\/uploads\/2021\/02\/MG_0602-1536x1024.jpg 1536w, https:\/\/www.deinadieu.ch\/wp-content\/uploads\/2021\/02\/MG_0602-2048x1365.jpg 2048w\" sizes=\"auto, (max-width: 1024px) 100vw, 1024px\" \/><figcaption class=\"wp-element-caption\">\u00ab Chaque cas est unique pour moi. \u00bb \u2013 Alexandra Zeiter (image : Djamila Grossman)<\/figcaption><\/figure>\n\n<p><strong>Pourquoi ?<\/strong><br\/>Il peut arriver que le testament ne soit pas retrouv\u00e9 ou qu&#8217;il tombe entre de mauvaises mains. Il faut absolument \u00e9viter cela. Je d\u00e9conseille \u00e9galement de le d\u00e9poser dans un coffre-fort bancaire. Le coffre-fort bancaire ne peut \u00eatre ouvert que par les h\u00e9ritiers et les noms des h\u00e9ritiers r\u00e9sultent \u00e0 leur tour du testament. La meilleure chose \u00e0 faire est de d\u00e9poser le testament aupr\u00e8s d&#8217;un organisme officiel et d&#8217;en remettre une copie \u00e0 une personne de confiance. Dans le canton de Zurich, par exemple, les testaments peuvent \u00eatre d\u00e9pos\u00e9s aupr\u00e8s d&#8217;un notaire. Un exemple tir\u00e9 de ma pratique montre \u00e0 quel point il est important de d\u00e9poser le testament dans un endroit o\u00f9 il peut \u00eatre trouv\u00e9 au moment du d\u00e9c\u00e8s. Dans ce cas, une personne \u00e9tait d\u00e9c\u00e9d\u00e9e sans descendance directe. Les h\u00e9ritiers l\u00e9gaux \u00e9taient les ni\u00e8ces et les neveux. Ceux-ci avaient partag\u00e9 la succession conform\u00e9ment \u00e0 la loi. Cinq ans apr\u00e8s la cl\u00f4ture du partage successoral, une banque n&#8217;ayant apparemment eu connaissance du d\u00e9c\u00e8s qu&#8217;\u00e0 ce moment-l\u00e0 a pr\u00e9sent\u00e9 un testament du d\u00e9funt. Celui-ci instituait deux voisins h\u00e9ritiers. En fin de compte, les ni\u00e8ces et neveux ont d\u00fb verser l&#8217;ensemble de l&#8217;h\u00e9ritage aux voisins alors qu&#8217;ils avaient d\u00e9j\u00e0 en partie utilis\u00e9 l&#8217;argent. Un testament n&#8217;a donc pas de date d&#8217;expiration.<\/p>\n\n<p><strong>Votre travail est donc souvent tr\u00e8s \u00e9motionnel ?<\/strong><br\/>Lorsque les gens demandent des conseils pour la r\u00e9daction d&#8217;un testament, cela est g\u00e9n\u00e9ralement tr\u00e8s factuel. La situation est souvent diff\u00e9rente dans les cas o\u00f9 nous sommes impliqu\u00e9s apr\u00e8s le d\u00e9c\u00e8s. Cela devient alors souvent tr\u00e8s \u00e9mouvant, fort et larmoyant. <\/p>\n\n<p><strong>Vous traversez beaucoup de choses &#8230;<\/strong><br\/>Oui, cela rend aussi mon travail si int\u00e9ressant. Probablement comme un psychologue, je vois beaucoup d&#8217;histoires familiales. Et chaque cas est unique en soi. Le droit des successions est bien plus qu&#8217;un simple domaine du droit. Derri\u00e8re le droit des successions se cachent des \u00e9motions et des histoires que seule la vie peut \u00e9crire.<\/p>\n\n\n        <div class=\"relative shadow-lg -mx-12 mb-4 overflow-hidden\" style=\"background-image: url('https:\/\/www.deinadieu.ch\/wp-content\/themes\/da-v4\/assets\/v4\/banner\/testament.jpg'); background-size: cover; background-position: center\">\n            <div class=\"banner-white-box md:w-3\/5 text-black -ml-16 pl-16\" style=\"background-color: rgba(255,255,255,0.75)\">\n                <div class=\"inner\">\n                    <div class=\"text-2xl p-12\"><strong>Vous n'avez pas encore r\u00e9dig\u00e9 de testament ?<\/strong> G\u00e9n\u00e9rez d\u00e8s maintenant un mod\u00e8le PDF gratuit pour<\/div>\n                    <div class=\"px-12 md:mr-16\">\n                        <a href=\"https:\/\/app.deinadieu.ch\/testament\" target=\"_blank\" class=\"btn btn-da btn-small btn-block\">moi<\/a>\n                        <a href=\"https:\/\/app.deinadieu.ch\/testament\" target=\"_blank\" class=\"mt-4 btn btn-da btn-small btn-block\">une autre personne<\/a>\n                    <\/div>\n                    <div class=\"px-12 py-8\">\n                        <img decoding=\"async\" src=\"https:\/\/www.deinadieu.ch\/wp-content\/themes\/da-v4\/assets\/v4\/deinadieu_logo_dark.svg\" class=\"h-12\">\n                    <\/div>\n                <\/div>\n            <\/div>\n        <\/div>\n        \n\n<p><strong>Est-ce que les diff\u00e9rends concernent fr\u00e9quemment des questions d&#8217;argent ?<\/strong><br\/>Oui, m\u00eame si les gens disent souvent qu&#8217;il s&#8217;agit d&#8217;une question de principe. Il s&#8217;agit plut\u00f4t de blessures familiales ou d&#8217;injustices \u2013 aussi subjectivement per\u00e7ues \u2013 qui remontent \u00e0 la petite enfance, donc d&#8217;une sorte de r\u00e8glement de comptes.<\/p>\n\n<p><strong>Qui fait un testament : seulement les personnes \u00e2g\u00e9es, malades et tr\u00e8s riches ?<\/strong><br\/>Principalement des personnes \u00e2g\u00e9es ou malades. Celles-ci ont davantage conscience que la vie a une fin. Cependant, cela d\u00e9pend peu du patrimoine et la situation familiale et personnelle est souvent d\u00e9terminante pour la r\u00e9daction d&#8217;un testament.<\/p>\n\n<p><strong>Tout le monde ne devrait-il pas r\u00e9diger un testament avant de quitter ce monde ?<\/strong><br\/>Non, mais chacun devrait se demander ce qu&#8217;il veut et comparer ses souhaits avec la solution que la loi pr\u00e9voit pour sa situation. On peut alors arriver \u00e0 la conclusion qu&#8217;aucun testament n&#8217;est n\u00e9cessaire. De nombreux conseillers devraient \u00eatre plus courageux \u00e0 cet \u00e9gard et conseiller \u00e0 leur client de ne rien r\u00e9glementer s&#8217;il ne s&#8217;av\u00e8re pas n\u00e9cessaire de pr\u00e9voir des arrangements.<\/p>\n\n<div style=\"height:20px\" aria-hidden=\"true\" class=\"wp-block-spacer\"><\/div>\n\n<blockquote class=\"wp-block-quote is-layout-flow wp-block-quote-is-layout-flow\">\n<p><em><strong>Oui, et j&#8217;ai \u00e9galement inclus des ONG. Il s&#8217;agit d&#8217;ONG qui ne se concentrent pas sur les animaux, mais sur les \u00eatres humains.<\/strong><\/em><\/p>\n<\/blockquote>\n\n<div style=\"height:20px\" aria-hidden=\"true\" class=\"wp-block-spacer\"><\/div>\n\n<p><strong>Qui inclut des ONG ou des oeuvres de bienfaisance ?<\/strong><br\/>J&#8217;ai remarqu\u00e9 dans ma pratique que ce sont souvent des personnes sans enfants. Beaucoup de ces personnes se demandent si leur patrimoine devrait r\u00e9ellement revenir \u00e0 leurs ni\u00e8ces et neveux avec lesquels ils n&#8217;ont jamais entretenu des relations. En outre, les personnes qui ont un lien particulier avec un sujet sp\u00e9cifique, comme les amateurs d&#8217;animaux ou les personnes ayant un enfant handicap\u00e9, favorisent souvent une ONG. Ces personnes favorisent alors souvent des oeuvres de bienfaisance ou des institutions qui se vouent \u00e0 ce sujet particulier.<\/p>\n\n<p><strong>Quels sont les montants ?<\/strong><br\/>Ils sont tr\u00e8s divers. J&#8217;ai d\u00e9j\u00e0 eu des cas o\u00f9 des ONG ont re\u00e7u plusieurs millions de francs. Il y a \u00e9galement des legs de montants moins importants.<\/p>\n\n<p><strong>Avez-vous d\u00e9j\u00e0 r\u00e9dig\u00e9 un testament pour vous-m\u00eame ? <\/strong><br\/>Oui et j&#8217;ai \u00e9galement inclus des ONG. <\/p>\n\n<p><strong>Lesquelles ?<\/strong><br\/>Je ne le r\u00e9v\u00e9lerai pas (rires). Mais il s&#8217;agit d&#8217;ONG qui ne se concentrent pas sur les animaux, mais sur les \u00eatres humains.<\/p>\n\n\n        <div class=\"da-servicebox relative bg-gray-200 p-4 pt-8 border-solid border-t-8 border-da-dark mb-6\">\n            <i class=\"fas fa-info-circle mx-auto fa-7x text-da-dark\"><\/i>\n            <span style=\"hyphens: auto\">\n                <\/p>\n\n<p>Alexandra Zeiter (47 ans) travaille comme avocate depuis plus de 20 ans et comme <a href=\"https:\/\/www.deinadieu.ch\/fr\/repertoire-des-prestataires-de-services\/\" target=\"_blank\" rel=\"noreferrer noopener\">avocate sp\u00e9cialiste en droit des successions<\/a> depuis 15 ans. En 2011, elle a fond\u00e9 une <a href=\"https:\/\/szlaw.ch\/dr-alexandra-zeiter.html\" target=\"_blank\" rel=\"noreferrer noopener\">\u00e9tude<\/a> avec deux partenaires, laquelle s&#8217;occupe exclusivement d&#8217;affaires de droit des successions. L&#8217;\u00e9tude compte d\u00e9sormais six experts en droit des successions. Alexandra Zeiter est charg\u00e9e de cours en droit des successions \u00e0 l&#8217;<a href=\"https:\/\/www.uzh.ch\/de.html\" target=\"_blank\" rel=\"noreferrer noopener\">Universit\u00e9 de Zurich<\/a> depuis 2014. Jusqu&#8217;\u00e0 r\u00e9cemment, elle enseignait \u00e9galement le droit des successions et le droit de la famille aux universit\u00e9s de Lucerne et de Fribourg.<\/p>\n\n<p> \n                \n                \n            <\/span>\n        <\/div>\n        \n\n<div class=\"wp-block-buttons is-layout-flex wp-block-buttons-is-layout-flex\">\n<div class=\"wp-block-button\"><a class=\"wp-block-button__link has-background wp-element-button\" href=\"https:\/\/app.deinadieu.ch\/testamentgenerator\" style=\"background-color:#755669\">Etablir un testament gratuitement<\/a><\/div>\n<\/div>\n","protected":false},"excerpt":{"rendered":"<p>Alexandra Zeiter conseille des gens lors de la r\u00e9daction de testaments, repr\u00e9sente des proches qui se voient priv\u00e9s de leur h\u00e9ritage et soutient des ONG qui doivent se battre pour obtenir des dons. L&#8217;avocate sp\u00e9cialiste en droit des successions et charg\u00e9e de cours \u00e0 l&#8217;Universit\u00e9 de Zurich a \u00e9galement int\u00e9gr\u00e9 des ONG dans son propre [&hellip;]<\/p>\n","protected":false},"author":6028,"featured_media":29315,"comment_status":"open","ping_status":"closed","sticky":false,"template":"","format":"standard","meta":{"_acf_changed":false,"footnotes":""},"categories":[3198],"tags":[3496,2451,3570,2134,2005],"class_list":["post-48628","post","type-post","status-publish","format-standard","has-post-thumbnail","hentry","category-don-testamentaire","tag-avocat","tag-droit-des-successions","tag-fachanwalt-fr","tag-pacte-successoral","tag-testament-fr"],"acf":[],"yoast_head":"<title>Alexandra Zeiter: \u00ab Je vois beaucoup d&#039;histoires familiales \u00bb<\/title>\n<meta name=\"description\" content=\"Alexandra Zeiter conseille des personnes lors de la r\u00e9daction de testaments, repr\u00e9sente des proches qui se voient priv\u00e9s de leur h\u00e9ritage et soutient des ONG.\" \/>\n<meta name=\"robots\" content=\"index, follow, max-snippet:-1, max-image-preview:large, max-video-preview:-1\" \/>\n<link rel=\"canonical\" href=\"https:\/\/www.deinadieu.ch\/fr\/alexandra-zeiter-avocate-specialiste-en-droit-des-successions-je-vois-beaucoup-dhistoires-familiales\/\" \/>\n<meta property=\"og:locale\" content=\"fr_FR\" \/>\n<meta property=\"og:type\" content=\"article\" \/>\n<meta property=\"og:title\" content=\"Alexandra Zeiter, avocate sp\u00e9cialiste en droit des successions: \u00ab Je vois beaucoup d&#039;histoires familiales. \u00bb\" \/>\n<meta property=\"og:description\" content=\"Alexandra Zeiter conseille des gens lors de la r\u00e9daction de testaments, repr\u00e9sente des proches qui se voient priv\u00e9s de leur h\u00e9ritage et soutient des ONG\" \/>\n<meta property=\"og:url\" content=\"https:\/\/www.deinadieu.ch\/fr\/alexandra-zeiter-avocate-specialiste-en-droit-des-successions-je-vois-beaucoup-dhistoires-familiales\/\" \/>\n<meta property=\"og:site_name\" content=\"DeinAdieu.ch\" \/>\n<meta property=\"article:publisher\" content=\"https:\/\/www.facebook.com\/deinadieu\" \/>\n<meta property=\"article:published_time\" content=\"2021-02-15T12:54:56+00:00\" \/>\n<meta property=\"article:modified_time\" content=\"2024-07-10T14:42:37+00:00\" \/>\n<meta property=\"og:image\" content=\"https:\/\/static.deinadieu.ch\/uploads\/2021\/02\/MG_0583-scaled-e1612958479437.jpg\" \/>\n\t<meta property=\"og:image:width\" content=\"2560\" \/>\n\t<meta property=\"og:image:height\" content=\"1707\" \/>\n\t<meta property=\"og:image:type\" content=\"image\/jpeg\" \/>\n<meta name=\"author\" content=\"Janina Gehrig, MA UZH, Redaktorin\" \/>\n<meta name=\"twitter:card\" content=\"summary_large_image\" \/>\n<meta name=\"twitter:creator\" content=\"@DeinAdieu\" \/>\n<meta name=\"twitter:site\" content=\"@DeinAdieu\" \/>\n<meta name=\"twitter:label1\" content=\"Written by\" \/>\n\t<meta name=\"twitter:data1\" content=\"Janina Gehrig, MA UZH, Redaktorin\" \/>\n\t<meta name=\"twitter:label2\" content=\"Est. reading time\" \/>\n\t<meta name=\"twitter:data2\" content=\"8 minutes\" \/>\n<script type=\"application\/ld+json\" class=\"yoast-schema-graph\">{\"@context\":\"https:\\\/\\\/schema.org\",\"@graph\":[{\"@type\":\"Article\",\"@id\":\"https:\\\/\\\/www.deinadieu.ch\\\/fr\\\/alexandra-zeiter-avocate-specialiste-en-droit-des-successions-je-vois-beaucoup-dhistoires-familiales\\\/#article\",\"isPartOf\":{\"@id\":\"https:\\\/\\\/www.deinadieu.ch\\\/fr\\\/alexandra-zeiter-avocate-specialiste-en-droit-des-successions-je-vois-beaucoup-dhistoires-familiales\\\/\"},\"author\":{\"name\":\"Janina Gehrig, MA UZH, Redaktorin\",\"@id\":\"https:\\\/\\\/www.deinadieu.ch\\\/fr\\\/#\\\/schema\\\/person\\\/78cffe1cb679e17f919e3d0c0e7b9673\"},\"headline\":\"Alexandra Zeiter, avocate sp\u00e9cialiste en droit des successions: \u00ab Je vois beaucoup d&#8217;histoires familiales. \u00bb\",\"datePublished\":\"2021-02-15T12:54:56+00:00\",\"dateModified\":\"2024-07-10T14:42:37+00:00\",\"mainEntityOfPage\":{\"@id\":\"https:\\\/\\\/www.deinadieu.ch\\\/fr\\\/alexandra-zeiter-avocate-specialiste-en-droit-des-successions-je-vois-beaucoup-dhistoires-familiales\\\/\"},\"wordCount\":1623,\"commentCount\":0,\"publisher\":{\"@id\":\"https:\\\/\\\/www.deinadieu.ch\\\/fr\\\/#organization\"},\"image\":{\"@id\":\"https:\\\/\\\/www.deinadieu.ch\\\/fr\\\/alexandra-zeiter-avocate-specialiste-en-droit-des-successions-je-vois-beaucoup-dhistoires-familiales\\\/#primaryimage\"},\"thumbnailUrl\":\"https:\\\/\\\/www.deinadieu.ch\\\/wp-content\\\/uploads\\\/2021\\\/02\\\/MG_0583-scaled-e1612958479437.jpg\",\"keywords\":[\"avocat\",\"Droit des successions\",\"Fachanwalt\",\"Pacte successoral\",\"Testament\"],\"articleSection\":[\"Don testamentaire\"],\"inLanguage\":\"fr-FR\",\"potentialAction\":[{\"@type\":\"CommentAction\",\"name\":\"Comment\",\"target\":[\"https:\\\/\\\/www.deinadieu.ch\\\/fr\\\/alexandra-zeiter-avocate-specialiste-en-droit-des-successions-je-vois-beaucoup-dhistoires-familiales\\\/#respond\"]}]},{\"@type\":\"WebPage\",\"@id\":\"https:\\\/\\\/www.deinadieu.ch\\\/fr\\\/alexandra-zeiter-avocate-specialiste-en-droit-des-successions-je-vois-beaucoup-dhistoires-familiales\\\/\",\"url\":\"https:\\\/\\\/www.deinadieu.ch\\\/fr\\\/alexandra-zeiter-avocate-specialiste-en-droit-des-successions-je-vois-beaucoup-dhistoires-familiales\\\/\",\"name\":\"Alexandra Zeiter: \u00ab Je vois beaucoup d'histoires familiales \u00bb\",\"isPartOf\":{\"@id\":\"https:\\\/\\\/www.deinadieu.ch\\\/fr\\\/#website\"},\"primaryImageOfPage\":{\"@id\":\"https:\\\/\\\/www.deinadieu.ch\\\/fr\\\/alexandra-zeiter-avocate-specialiste-en-droit-des-successions-je-vois-beaucoup-dhistoires-familiales\\\/#primaryimage\"},\"image\":{\"@id\":\"https:\\\/\\\/www.deinadieu.ch\\\/fr\\\/alexandra-zeiter-avocate-specialiste-en-droit-des-successions-je-vois-beaucoup-dhistoires-familiales\\\/#primaryimage\"},\"thumbnailUrl\":\"https:\\\/\\\/www.deinadieu.ch\\\/wp-content\\\/uploads\\\/2021\\\/02\\\/MG_0583-scaled-e1612958479437.jpg\",\"datePublished\":\"2021-02-15T12:54:56+00:00\",\"dateModified\":\"2024-07-10T14:42:37+00:00\",\"description\":\"Alexandra Zeiter conseille des personnes lors de la r\u00e9daction de testaments, repr\u00e9sente des proches qui se voient priv\u00e9s de leur h\u00e9ritage et soutient des ONG.\",\"breadcrumb\":{\"@id\":\"https:\\\/\\\/www.deinadieu.ch\\\/fr\\\/alexandra-zeiter-avocate-specialiste-en-droit-des-successions-je-vois-beaucoup-dhistoires-familiales\\\/#breadcrumb\"},\"inLanguage\":\"fr-FR\",\"potentialAction\":[{\"@type\":\"ReadAction\",\"target\":[\"https:\\\/\\\/www.deinadieu.ch\\\/fr\\\/alexandra-zeiter-avocate-specialiste-en-droit-des-successions-je-vois-beaucoup-dhistoires-familiales\\\/\"]}]},{\"@type\":\"ImageObject\",\"inLanguage\":\"fr-FR\",\"@id\":\"https:\\\/\\\/www.deinadieu.ch\\\/fr\\\/alexandra-zeiter-avocate-specialiste-en-droit-des-successions-je-vois-beaucoup-dhistoires-familiales\\\/#primaryimage\",\"url\":\"https:\\\/\\\/www.deinadieu.ch\\\/wp-content\\\/uploads\\\/2021\\\/02\\\/MG_0583-scaled-e1612958479437.jpg\",\"contentUrl\":\"https:\\\/\\\/www.deinadieu.ch\\\/wp-content\\\/uploads\\\/2021\\\/02\\\/MG_0583-scaled-e1612958479437.jpg\",\"width\":2560,\"height\":1707,\"caption\":\"Alexandra Zeiter, avocate sp\u00e9cialiste en droit des successions\"},{\"@type\":\"BreadcrumbList\",\"@id\":\"https:\\\/\\\/www.deinadieu.ch\\\/fr\\\/alexandra-zeiter-avocate-specialiste-en-droit-des-successions-je-vois-beaucoup-dhistoires-familiales\\\/#breadcrumb\",\"itemListElement\":[{\"@type\":\"ListItem\",\"position\":1,\"name\":\"Home\",\"item\":\"https:\\\/\\\/www.deinadieu.ch\\\/fr\\\/deinadieu-dialog-und-serviceportal-zum-lebensende\\\/\"},{\"@type\":\"ListItem\",\"position\":2,\"name\":\"Alexandra Zeiter, avocate sp\u00e9cialiste en droit des successions: \u00ab Je vois beaucoup d&#8217;histoires familiales. \u00bb\"}]},{\"@type\":\"WebSite\",\"@id\":\"https:\\\/\\\/www.deinadieu.ch\\\/fr\\\/#website\",\"url\":\"https:\\\/\\\/www.deinadieu.ch\\\/fr\\\/\",\"name\":\"DeinAdieu.ch\",\"description\":\"Testament, Patientenverf\u00fcgung und Vorsorgeauftrag\",\"publisher\":{\"@id\":\"https:\\\/\\\/www.deinadieu.ch\\\/fr\\\/#organization\"},\"potentialAction\":[{\"@type\":\"SearchAction\",\"target\":{\"@type\":\"EntryPoint\",\"urlTemplate\":\"https:\\\/\\\/www.deinadieu.ch\\\/fr\\\/?s={search_term_string}\"},\"query-input\":{\"@type\":\"PropertyValueSpecification\",\"valueRequired\":true,\"valueName\":\"search_term_string\"}}],\"inLanguage\":\"fr-FR\"},{\"@type\":\"Organization\",\"@id\":\"https:\\\/\\\/www.deinadieu.ch\\\/fr\\\/#organization\",\"name\":\"EMNA Web GmbH\",\"url\":\"https:\\\/\\\/www.deinadieu.ch\\\/fr\\\/\",\"logo\":{\"@type\":\"ImageObject\",\"inLanguage\":\"fr-FR\",\"@id\":\"https:\\\/\\\/www.deinadieu.ch\\\/fr\\\/#\\\/schema\\\/logo\\\/image\\\/\",\"url\":\"https:\\\/\\\/www.deinadieu.ch\\\/wp-content\\\/uploads\\\/2016\\\/01\\\/DeinAdieu_Logo.png\",\"contentUrl\":\"https:\\\/\\\/www.deinadieu.ch\\\/wp-content\\\/uploads\\\/2016\\\/01\\\/DeinAdieu_Logo.png\",\"width\":300,\"height\":117,\"caption\":\"EMNA Web GmbH\"},\"image\":{\"@id\":\"https:\\\/\\\/www.deinadieu.ch\\\/fr\\\/#\\\/schema\\\/logo\\\/image\\\/\"},\"sameAs\":[\"https:\\\/\\\/www.facebook.com\\\/deinadieu\",\"https:\\\/\\\/x.com\\\/DeinAdieu\",\"https:\\\/\\\/www.instagram.com\\\/deinadieu\\\/\",\"https:\\\/\\\/www.linkedin.com\\\/company\\\/deinadieu.ch\"]},{\"@type\":\"Person\",\"@id\":\"https:\\\/\\\/www.deinadieu.ch\\\/fr\\\/#\\\/schema\\\/person\\\/78cffe1cb679e17f919e3d0c0e7b9673\",\"name\":\"Janina Gehrig, MA UZH, Redaktorin\",\"image\":{\"@type\":\"ImageObject\",\"inLanguage\":\"fr-FR\",\"@id\":\"https:\\\/\\\/secure.gravatar.com\\\/avatar\\\/8bfc4dca12cd7c0a0373c12f34587d1f6a6117903e7ecc0035863bd69df6fb07?s=96&d=mm&r=g\",\"url\":\"https:\\\/\\\/secure.gravatar.com\\\/avatar\\\/8bfc4dca12cd7c0a0373c12f34587d1f6a6117903e7ecc0035863bd69df6fb07?s=96&d=mm&r=g\",\"contentUrl\":\"https:\\\/\\\/secure.gravatar.com\\\/avatar\\\/8bfc4dca12cd7c0a0373c12f34587d1f6a6117903e7ecc0035863bd69df6fb07?s=96&d=mm&r=g\",\"caption\":\"Janina Gehrig, MA UZH, Redaktorin\"},\"url\":\"https:\\\/\\\/www.deinadieu.ch\\\/fr\\\/author\\\/janinagehrig\\\/\"}]}<\/script>","yoast_head_json":{"title":"Alexandra Zeiter: \u00ab Je vois beaucoup d'histoires familiales \u00bb","description":"Alexandra Zeiter conseille des personnes lors de la r\u00e9daction de testaments, repr\u00e9sente des proches qui se voient priv\u00e9s de leur h\u00e9ritage et soutient des ONG.","robots":{"index":"index","follow":"follow","max-snippet":"max-snippet:-1","max-image-preview":"max-image-preview:large","max-video-preview":"max-video-preview:-1"},"canonical":"https:\/\/www.deinadieu.ch\/fr\/alexandra-zeiter-avocate-specialiste-en-droit-des-successions-je-vois-beaucoup-dhistoires-familiales\/","og_locale":"fr_FR","og_type":"article","og_title":"Alexandra Zeiter, avocate sp\u00e9cialiste en droit des successions: \u00ab Je vois beaucoup d'histoires familiales. \u00bb","og_description":"Alexandra Zeiter conseille des gens lors de la r\u00e9daction de testaments, repr\u00e9sente des proches qui se voient priv\u00e9s de leur h\u00e9ritage et soutient des ONG","og_url":"https:\/\/www.deinadieu.ch\/fr\/alexandra-zeiter-avocate-specialiste-en-droit-des-successions-je-vois-beaucoup-dhistoires-familiales\/","og_site_name":"DeinAdieu.ch","article_publisher":"https:\/\/www.facebook.com\/deinadieu","article_published_time":"2021-02-15T12:54:56+00:00","article_modified_time":"2024-07-10T14:42:37+00:00","og_image":[{"width":2560,"height":1707,"url":"https:\/\/static.deinadieu.ch\/uploads\/2021\/02\/MG_0583-scaled-e1612958479437.jpg","type":"image\/jpeg"}],"author":"Janina Gehrig, MA UZH, Redaktorin","twitter_card":"summary_large_image","twitter_creator":"@DeinAdieu","twitter_site":"@DeinAdieu","twitter_misc":{"Written by":"Janina Gehrig, MA UZH, Redaktorin","Est. reading time":"8 minutes"},"schema":{"@context":"https:\/\/schema.org","@graph":[{"@type":"Article","@id":"https:\/\/www.deinadieu.ch\/fr\/alexandra-zeiter-avocate-specialiste-en-droit-des-successions-je-vois-beaucoup-dhistoires-familiales\/#article","isPartOf":{"@id":"https:\/\/www.deinadieu.ch\/fr\/alexandra-zeiter-avocate-specialiste-en-droit-des-successions-je-vois-beaucoup-dhistoires-familiales\/"},"author":{"name":"Janina Gehrig, MA UZH, Redaktorin","@id":"https:\/\/www.deinadieu.ch\/fr\/#\/schema\/person\/78cffe1cb679e17f919e3d0c0e7b9673"},"headline":"Alexandra Zeiter, avocate sp\u00e9cialiste en droit des successions: \u00ab Je vois beaucoup d&#8217;histoires familiales. \u00bb","datePublished":"2021-02-15T12:54:56+00:00","dateModified":"2024-07-10T14:42:37+00:00","mainEntityOfPage":{"@id":"https:\/\/www.deinadieu.ch\/fr\/alexandra-zeiter-avocate-specialiste-en-droit-des-successions-je-vois-beaucoup-dhistoires-familiales\/"},"wordCount":1623,"commentCount":0,"publisher":{"@id":"https:\/\/www.deinadieu.ch\/fr\/#organization"},"image":{"@id":"https:\/\/www.deinadieu.ch\/fr\/alexandra-zeiter-avocate-specialiste-en-droit-des-successions-je-vois-beaucoup-dhistoires-familiales\/#primaryimage"},"thumbnailUrl":"https:\/\/www.deinadieu.ch\/wp-content\/uploads\/2021\/02\/MG_0583-scaled-e1612958479437.jpg","keywords":["avocat","Droit des successions","Fachanwalt","Pacte successoral","Testament"],"articleSection":["Don testamentaire"],"inLanguage":"fr-FR","potentialAction":[{"@type":"CommentAction","name":"Comment","target":["https:\/\/www.deinadieu.ch\/fr\/alexandra-zeiter-avocate-specialiste-en-droit-des-successions-je-vois-beaucoup-dhistoires-familiales\/#respond"]}]},{"@type":"WebPage","@id":"https:\/\/www.deinadieu.ch\/fr\/alexandra-zeiter-avocate-specialiste-en-droit-des-successions-je-vois-beaucoup-dhistoires-familiales\/","url":"https:\/\/www.deinadieu.ch\/fr\/alexandra-zeiter-avocate-specialiste-en-droit-des-successions-je-vois-beaucoup-dhistoires-familiales\/","name":"Alexandra Zeiter: \u00ab Je vois beaucoup d'histoires familiales \u00bb","isPartOf":{"@id":"https:\/\/www.deinadieu.ch\/fr\/#website"},"primaryImageOfPage":{"@id":"https:\/\/www.deinadieu.ch\/fr\/alexandra-zeiter-avocate-specialiste-en-droit-des-successions-je-vois-beaucoup-dhistoires-familiales\/#primaryimage"},"image":{"@id":"https:\/\/www.deinadieu.ch\/fr\/alexandra-zeiter-avocate-specialiste-en-droit-des-successions-je-vois-beaucoup-dhistoires-familiales\/#primaryimage"},"thumbnailUrl":"https:\/\/www.deinadieu.ch\/wp-content\/uploads\/2021\/02\/MG_0583-scaled-e1612958479437.jpg","datePublished":"2021-02-15T12:54:56+00:00","dateModified":"2024-07-10T14:42:37+00:00","description":"Alexandra Zeiter conseille des personnes lors de la r\u00e9daction de testaments, repr\u00e9sente des proches qui se voient priv\u00e9s de leur h\u00e9ritage et soutient des ONG.","breadcrumb":{"@id":"https:\/\/www.deinadieu.ch\/fr\/alexandra-zeiter-avocate-specialiste-en-droit-des-successions-je-vois-beaucoup-dhistoires-familiales\/#breadcrumb"},"inLanguage":"fr-FR","potentialAction":[{"@type":"ReadAction","target":["https:\/\/www.deinadieu.ch\/fr\/alexandra-zeiter-avocate-specialiste-en-droit-des-successions-je-vois-beaucoup-dhistoires-familiales\/"]}]},{"@type":"ImageObject","inLanguage":"fr-FR","@id":"https:\/\/www.deinadieu.ch\/fr\/alexandra-zeiter-avocate-specialiste-en-droit-des-successions-je-vois-beaucoup-dhistoires-familiales\/#primaryimage","url":"https:\/\/www.deinadieu.ch\/wp-content\/uploads\/2021\/02\/MG_0583-scaled-e1612958479437.jpg","contentUrl":"https:\/\/www.deinadieu.ch\/wp-content\/uploads\/2021\/02\/MG_0583-scaled-e1612958479437.jpg","width":2560,"height":1707,"caption":"Alexandra Zeiter, avocate sp\u00e9cialiste en droit des successions"},{"@type":"BreadcrumbList","@id":"https:\/\/www.deinadieu.ch\/fr\/alexandra-zeiter-avocate-specialiste-en-droit-des-successions-je-vois-beaucoup-dhistoires-familiales\/#breadcrumb","itemListElement":[{"@type":"ListItem","position":1,"name":"Home","item":"https:\/\/www.deinadieu.ch\/fr\/deinadieu-dialog-und-serviceportal-zum-lebensende\/"},{"@type":"ListItem","position":2,"name":"Alexandra Zeiter, avocate sp\u00e9cialiste en droit des successions: \u00ab Je vois beaucoup d&#8217;histoires familiales. \u00bb"}]},{"@type":"WebSite","@id":"https:\/\/www.deinadieu.ch\/fr\/#website","url":"https:\/\/www.deinadieu.ch\/fr\/","name":"DeinAdieu.ch","description":"Testament, Patientenverf\u00fcgung und Vorsorgeauftrag","publisher":{"@id":"https:\/\/www.deinadieu.ch\/fr\/#organization"},"potentialAction":[{"@type":"SearchAction","target":{"@type":"EntryPoint","urlTemplate":"https:\/\/www.deinadieu.ch\/fr\/?s={search_term_string}"},"query-input":{"@type":"PropertyValueSpecification","valueRequired":true,"valueName":"search_term_string"}}],"inLanguage":"fr-FR"},{"@type":"Organization","@id":"https:\/\/www.deinadieu.ch\/fr\/#organization","name":"EMNA Web GmbH","url":"https:\/\/www.deinadieu.ch\/fr\/","logo":{"@type":"ImageObject","inLanguage":"fr-FR","@id":"https:\/\/www.deinadieu.ch\/fr\/#\/schema\/logo\/image\/","url":"https:\/\/www.deinadieu.ch\/wp-content\/uploads\/2016\/01\/DeinAdieu_Logo.png","contentUrl":"https:\/\/www.deinadieu.ch\/wp-content\/uploads\/2016\/01\/DeinAdieu_Logo.png","width":300,"height":117,"caption":"EMNA Web GmbH"},"image":{"@id":"https:\/\/www.deinadieu.ch\/fr\/#\/schema\/logo\/image\/"},"sameAs":["https:\/\/www.facebook.com\/deinadieu","https:\/\/x.com\/DeinAdieu","https:\/\/www.instagram.com\/deinadieu\/","https:\/\/www.linkedin.com\/company\/deinadieu.ch"]},{"@type":"Person","@id":"https:\/\/www.deinadieu.ch\/fr\/#\/schema\/person\/78cffe1cb679e17f919e3d0c0e7b9673","name":"Janina Gehrig, MA UZH, Redaktorin","image":{"@type":"ImageObject","inLanguage":"fr-FR","@id":"https:\/\/secure.gravatar.com\/avatar\/8bfc4dca12cd7c0a0373c12f34587d1f6a6117903e7ecc0035863bd69df6fb07?s=96&d=mm&r=g","url":"https:\/\/secure.gravatar.com\/avatar\/8bfc4dca12cd7c0a0373c12f34587d1f6a6117903e7ecc0035863bd69df6fb07?s=96&d=mm&r=g","contentUrl":"https:\/\/secure.gravatar.com\/avatar\/8bfc4dca12cd7c0a0373c12f34587d1f6a6117903e7ecc0035863bd69df6fb07?s=96&d=mm&r=g","caption":"Janina Gehrig, MA UZH, Redaktorin"},"url":"https:\/\/www.deinadieu.ch\/fr\/author\/janinagehrig\/"}]}},"_links":{"self":[{"href":"https:\/\/www.deinadieu.ch\/fr\/wp-json\/wp\/v2\/posts\/48628","targetHints":{"allow":["GET"]}}],"collection":[{"href":"https:\/\/www.deinadieu.ch\/fr\/wp-json\/wp\/v2\/posts"}],"about":[{"href":"https:\/\/www.deinadieu.ch\/fr\/wp-json\/wp\/v2\/types\/post"}],"author":[{"embeddable":true,"href":"https:\/\/www.deinadieu.ch\/fr\/wp-json\/wp\/v2\/users\/6028"}],"replies":[{"embeddable":true,"href":"https:\/\/www.deinadieu.ch\/fr\/wp-json\/wp\/v2\/comments?post=48628"}],"version-history":[{"count":24,"href":"https:\/\/www.deinadieu.ch\/fr\/wp-json\/wp\/v2\/posts\/48628\/revisions"}],"predecessor-version":[{"id":68114,"href":"https:\/\/www.deinadieu.ch\/fr\/wp-json\/wp\/v2\/posts\/48628\/revisions\/68114"}],"wp:featuredmedia":[{"embeddable":true,"href":"https:\/\/www.deinadieu.ch\/fr\/wp-json\/wp\/v2\/media\/29315"}],"wp:attachment":[{"href":"https:\/\/www.deinadieu.ch\/fr\/wp-json\/wp\/v2\/media?parent=48628"}],"wp:term":[{"taxonomy":"category","embeddable":true,"href":"https:\/\/www.deinadieu.ch\/fr\/wp-json\/wp\/v2\/categories?post=48628"},{"taxonomy":"post_tag","embeddable":true,"href":"https:\/\/www.deinadieu.ch\/fr\/wp-json\/wp\/v2\/tags?post=48628"}],"curies":[{"name":"wp","href":"https:\/\/api.w.org\/{rel}","templated":true}]}}