{"id":27771,"date":"2017-03-16T18:10:15","date_gmt":"2017-03-16T17:10:15","guid":{"rendered":"https:\/\/www.deinadieu.ch\/votre-derniere-volonte-sera-faite-laide-dun-specialiste\/"},"modified":"2022-04-22T13:26:44","modified_gmt":"2022-04-22T11:26:44","slug":"votre-derniere-volonte-sera-faite-laide-dun-specialiste","status":"publish","type":"post","link":"https:\/\/www.deinadieu.ch\/fr\/votre-derniere-volonte-sera-faite-laide-dun-specialiste\/","title":{"rendered":"La r\u00e9alisation de vos derni\u00e8res volont\u00e9s \u2013 L&#8217;assistance d&#8217;un sp\u00e9cialiste aide"},"content":{"rendered":"\n<p>En ce qui concerne le droit des successions, tout est r\u00e9gl\u00e9 dans le Code civil suisse (CC). Si tel \u00e9tait vraiment le cas, les notaires, les avocats et les juristes pourraient se consacrer \u00e0 d&#8217;autres probl\u00e8mes juridiques.<\/p>\n\n<!--more-->\n\n<p>Quiconque souhaite \u00eatre s\u00fbr que sa derni\u00e8re volont\u00e9 se r\u00e9alise devrait demander conseil \u00e0 un-e sp\u00e9cialiste. Lors d\u2019une consultation, le juriste ou le notaire s\u2019informe d\u2019abord de la situation personnelle du\/de la client-e ou du couple. A la fin, il doit savoir \u00e0 quoi ressemble la situation familiale, savoir s&#8217;il y a des enfants et le cas \u00e9ch\u00e9ant, combien sont des h\u00e9ritiers potentiels, si les parents sont encore en vie, s&#8217;il existe un arbre g\u00e9n\u00e9alogique.<\/p>\n\n<h2 class=\"wp-block-heading\" id=\"h-eine-fachperson-kennt-den-spielraum-des-gesetzes\"><strong>Un sp\u00e9cialiste conna\u00eet la marge de manoeuvre laiss\u00e9e par la loi<\/strong><\/h2>\n\n<p>Le juriste ou le notaire explique ensuite \u00e0 son client ce que l\u2019on appelle le pouvoir de disposition. En d\u2019autres termes, il d\u00e9crit la marge de man\u0153uvre laiss\u00e9e par la loi en indiquant les quote-parts de valeurs patrimoniales qu\u2019un testateur peut distribuer comme il le souhaite. Cette marge de man\u0153uvre est \u00e9troitement li\u00e9e \u00e0 la protection des r\u00e9serves h\u00e9r\u00e9ditaires. Celle-ci d\u00e9termine exactement quelles quote-parts sont libres.<\/p>\n\n<p>Une fois la situation initiale clarifi\u00e9e, le\/la client-e doit r\u00e9pondre \u00e0 la question suivante : \u00ab Quels sont vos souhaits ? \u00bb. L\u2019avocat ou le notaire \u00e9tablit ensuite une liste des diff\u00e9rentes options et pr\u00e9sente chaque variante. A ce stade, il ne s&#8217;int\u00e9resse pas au montant de la fortune actuelle. Les sp\u00e9cialistes en mati\u00e8re successorale ne r\u00e9fl\u00e9chissent qu\u2019en termes de quote-parts. En d\u00e9finitive, la fortune peut \u00eatrre bien diff\u00e9rente suite au d\u00e9c\u00e8s par rapport au moment o\u00f9 ont lieu les discussions et o\u00f9 il a \u00e9t\u00e9 d\u00e9termin\u00e9 qui devrait recevoir quelle \u00ab part du g\u00e2teau \u00bb.<\/p>\n\n        <div class=\"relative shadow-lg -mx-12 mb-4 overflow-hidden\" style=\"background-image: url('https:\/\/www.deinadieu.ch\/wp-content\/themes\/da-v4\/assets\/v4\/banner\/bestattung.jpg'); background-size: cover; background-position: center\">\n            <div class=\"banner-white-box md:w-3\/5 text-black -ml-16 pl-16\" style=\"background-color: rgba(255,255,255,0.75)\">\n                <div class=\"inner\">\n                    <div class=\"text-2xl p-12\">Je voudrais <strong>d\u00e9cider moi-m\u00eame de<\/strong> la mani\u00e8re dont mes fun\u00e9railles devraient se d\u00e9rouler.<\/div>\n                    <div class=\"px-12 md:mr-16\">\n                        <a href=\"https:\/\/www.deinadieu.ch\/vertraege-briefe\/view\/organisationshilfe-vor-der-bestattung\/\" target=\"_blank\" class=\"btn btn-da btn-small btn-block\">Planifier les fun\u00e9railles<\/a>\n                        <a href=\"https:\/\/www.deinadieu.ch\/todesfall\" target=\"_blank\" class=\"mt-4 btn btn-da btn-small btn-block\">Annoncer un d\u00e9c\u00e8s<\/a>\n                    <\/div>\n                    <div class=\"px-12 py-8\">\n                        <img decoding=\"async\" src=\"https:\/\/www.deinadieu.ch\/wp-content\/themes\/da-v4\/assets\/v4\/deinadieu_logo_dark.svg\" class=\"h-12\">\n                    <\/div>\n                <\/div>\n            <\/div>\n        <\/div>\n        \n\n<h2 class=\"wp-block-heading\" id=\"h-gericht-verwahrt-ein-offentliches-dokument\">Le tribunal conserve un document officiel<\/h2>\n\n<p>Une fois que cela a \u00e9t\u00e9 \u00e9tabli, l\u2019avocat ou le notaire r\u00e9dige un document officiel qui est ensuite consign\u00e9. Ce qui peut \u00eatre document\u00e9 et o\u00f9 le document peut \u00eatre d\u00e9pos\u00e9 est r\u00e9glement\u00e9 diff\u00e9remment dans chaque canton.<\/p>\n\n<p>Si les circonstances ne sont pas compliqu\u00e9es, un <a href=\"https:\/\/www.deinadieu.ch\/testament\/\">testament<\/a> manuscrit suffit. Il doit \u00eatre sign\u00e9 et indiquer le lieu et la date. Il est possible mais non n\u00e9cessaire de faire authentifier la signature par un notaire.<\/p>\n\n<p>Le CC pr\u00e9voit deux formes de dispositions testamentaires. Une personne peut d\u00e9terminer seule sa derni\u00e8re volont\u00e9. Dans l\u2019autre cas, le testateur s\u2019adresse \u00e0 un notaire. Celui-ci \u00e9tablit un acte authentique, qui doit ensuite \u00eatre cosign\u00e9 par un t\u00e9moin. Si un t\u00e9moin manque, les juristes disposent d\u2019un pool de t\u00e9moins. A ces deux formes testamentaires s\u2019ajoute le testament d\u2019urgence. Celui-ci est \u00e9tabli par un notaire sur le lit de mort d\u2019une personne gravement malade et un t\u00e9moin doit \u00e9galement \u00eatre pr\u00e9sent.<\/p>\n\n<h2 class=\"wp-block-heading\" id=\"h-mit-einem-vertrag-den-partner-schutzen\">Prot\u00e9ger son\/sa partenaire avec un contrat<\/h2>\n\n<p>Le <a href=\"https:\/\/www.deinadieu.ch\/der-ehevertrag\/\">contrat de mariage<\/a> est un moyen courant pour les couples mari\u00e9s de r\u00e9gler leurs derni\u00e8res volont\u00e9s. Dans ce contrat, les conjoints peuvent s\u2019accorder des avantages r\u00e9ciproques. Tout ce qui n\u2019est pas d\u00e9j\u00e0 d\u00e9fini par la loi doit alors \u00eatre r\u00e9glement\u00e9 dans un document officiel.<\/p>\n\n<p>En parlant de lois, un notaire a indiqu\u00e9 \u00e0 l\u2019auteur que la loi pr\u00e9cise comment la succession est r\u00e9gie pour les couples de m\u00eame sexe ayant conclu un partenariat enregistr\u00e9. En revanche, la loi ne r\u00e8gle rien pour les couples h\u00e9t\u00e9rosexuels vivant en concubinage.<\/p>\n\n<h2 class=\"wp-block-heading\" id=\"h-ein-willensvollstrecker-organisiert-die-erbteilung\">Un ex\u00e9cuteur testamentaire organise le partage de la succession<\/h2>\n\n<p>Les clients confient souvent \u00e0 un avocat ou \u00e0 un notaire leur planification successorale et ils le d\u00e9signent m\u00eame comme ex\u00e9cuteur testamentaire. Dans le cadre de la planification successorale, il est bien s\u00fbr important de respecter les r\u00e8gles de partage.<\/p>\n\n<p>Il s\u2019agit en premier lieu de la d\u00e9volution successorale, laquelle d\u00e9termine qui h\u00e9rite et de quelle quote-part.<\/p>\n\n<p>Deuxi\u00e8mement, il y a le partage successoral : Les dettes doivent d&#8217;abord \u00eatre rembours\u00e9es. Ensuite, au jour d\u00e9terminant, on proc\u00e8de \u00e0 la distribution de l\u2019argent, des biens mat\u00e9riels et des biens immobiliers.<\/p>\n\n<p>S\u2019il dispose d\u2019une fortune importante, complexe ou imbriqu\u00e9e, le testateur serait bien avis\u00e9 de d\u00e9signer un ex\u00e9cuteur testamentaire. Celui-ci prend alors la place du d\u00e9funt.<\/p>\n\n        <div class=\"relative shadow-lg -mx-12 mb-4 overflow-hidden\" style=\"background-image: url('https:\/\/www.deinadieu.ch\/wp-content\/themes\/da-v4\/assets\/v4\/banner\/testament.jpg'); background-size: cover; background-position: center\">\n            <div class=\"banner-white-box md:w-3\/5 text-black -ml-16 pl-16\" style=\"background-color: rgba(255,255,255,0.75)\">\n                <div class=\"inner\">\n                    <div class=\"text-2xl p-12\"><strong>Vous n'avez pas encore r\u00e9dig\u00e9 de testament ?<\/strong> G\u00e9n\u00e9rez d\u00e8s maintenant un mod\u00e8le PDF gratuit pour<\/div>\n                    <div class=\"px-12 md:mr-16\">\n                        <a href=\"https:\/\/app.deinadieu.ch\/testament\" target=\"_blank\" class=\"btn btn-da btn-small btn-block\">moi<\/a>\n                        <a href=\"https:\/\/app.deinadieu.ch\/testament\" target=\"_blank\" class=\"mt-4 btn btn-da btn-small btn-block\">une autre personne<\/a>\n                    <\/div>\n                    <div class=\"px-12 py-8\">\n                        <img decoding=\"async\" src=\"https:\/\/www.deinadieu.ch\/wp-content\/themes\/da-v4\/assets\/v4\/deinadieu_logo_dark.svg\" class=\"h-12\">\n                    <\/div>\n                <\/div>\n            <\/div>\n        <\/div>\n        \n\n<h2 class=\"wp-block-heading\" id=\"h-wohngemeinde-bewahrt-anordnungen-im-todesfall-auf\">La commune de r\u00e9sidence conserve les \u00ab instructions en cas de d\u00e9c\u00e8s \u00bb<\/h2>\n\n<p>Les instructions qui doivent \u00eatre respect\u00e9es suite \u00e0 un d\u00e9c\u00e8s ainsi que le nom d\u2019un \u00e9ventuel ex\u00e9cuteur testamentaire peuvent g\u00e9n\u00e9ralement \u00eatre consign\u00e9s aupr\u00e8s de la commune de r\u00e9sidence. En effet, c\u2019est par l\u00e0 que les pompes fun\u00e8bres apprennent en premier le d\u00e9c\u00e8s d\u2019une personne et non au tribunal. Au tribual, les actes authentiques ne sont ouverts que quelques jours ou semaines plus tard.<\/p>\n\n<p>Il est donc pr\u00e9f\u00e9rable de consigner aupr\u00e8s de la commune tout ce qui doit \u00eatre fait imm\u00e9diatement apr\u00e8s le d\u00e9c\u00e8s, notamment les instructions d\u2019inhumation. Les documents se rapportant aux dispositions l\u00e9gales doivent \u00eatre \u00e9tablis dans une \u00e9tude de notaire et \u00eatre ensuite consign\u00e9s aupr\u00e8s d\u2019un tribunal. Si tous les h\u00e9ritiers ne sont pas connus, la commune doit les rechercher. Cela s\u2019effectue au moyen de recherches approfondies, de publicit\u00e9s, etc.<\/p>\n\n<h2 class=\"wp-block-heading\" id=\"h-todeszeitpunkt-kann-erbverteilung-beeinflussen\">Le moment du d\u00e9c\u00e8s peut influencer la r\u00e9partition de l\u2019h\u00e9ritage<\/h2>\n\n<p>Il convient \u00e9galement de mentionner la r\u00e8gle importante suivante relative au contrat de mariage. Lorsque des partenaires se marient alors qu&#8217;ils ont d\u00e9j\u00e0 des enfants d&#8217;un premier lit, il se cr\u00e9e une famille dite recompos\u00e9e et il est possible que les enfants ne s\u2019entendent pas. Si les conjoints d\u00e9c\u00e8dent ensemble dans un accident, par exemple, l\u2019heure exacte du d\u00e9c\u00e8s est importante. Si le mari d\u00e9c\u00e8de imm\u00e9diatement et l&#8217;\u00e9pouse une heure plus tard, les enfants de cette derni\u00e8re sont les h\u00e9ritiers l\u00e9gaux car l&#8217;\u00e9pouse est d\u00e9c\u00e9d\u00e9e apr\u00e8s son mari. Cette r\u00e8gle s\u2019applique m\u00eame si les d\u00e9c\u00e8s n\u2019\u00e9taient espac\u00e9s que de quelques secondes.<\/p>\n\n<p>Alors que faire ? Un sp\u00e9cialiste conseille d\u2019\u00e9crire la phrase suivante dans le contrat de mariage consign\u00e9 : \u00ab Tous les d\u00e9c\u00e8s survenant dans un intervalle d\u2019un mois sont consid\u00e9r\u00e9s comme des d\u00e9c\u00e8s simultan\u00e9s \u00bb. Ou alors une formulation \u00e9quivalente. Bien entendu, l\u2019intervalle de temps peut \u00eatre d\u00e9termin\u00e9 diff\u00e9remment.<\/p>\n\n        <div class=\"da-servicebox relative bg-gray-200 p-4 pt-8 border-solid border-t-8 border-da-dark mb-6\">\n            <i class=\"fas fa-info-circle mx-auto fa-7x text-da-dark\"><\/i>\n            <span style=\"hyphens: auto\">\n                \n<p><strong>Testament : Souhaitez-vous favoriser une organisation \u00e0 but non lucratif certifi\u00e9e ZEWO ?<\/strong><\/p>\n<p>Dans notre <a href=\"https:\/\/app.deinadieu.ch\/testamentgenerator\">g\u00e9n\u00e9rateur de testaments<\/a>, vous pouvez \u00e9tablir un testament gratuitement et inclure l&#8217;organisation de votre choix.<\/p>\n<p><strong>Que signifie \u00ab certifi\u00e9e ZEWO \u00bb ?<\/strong><\/p>\n<p>La ZEWO est l\u2019organisme suisse de certification des organisations de collecte de dons \u00e0 but non lucratif. La ZEWO garantit la clart\u00e9 et l&#8217;honn\u00eatet\u00e9 des organisations de collecte de dons et renforce la confiance de la soci\u00e9t\u00e9 dans les activit\u00e9s caritatives. Elle veille \u00e0 ce que les dons soient utilis\u00e9s aux fins pr\u00e9vues, de mani\u00e8re efficace et \u00e9conomique. Les \u0153uvres de bienfaisance qui ont \u00e9t\u00e9 audit\u00e9es par la ZEWO et qui r\u00e9pondent \u00e0 ses exigences strictes re\u00e7oivent le label ZEWO.<\/p>\n<p><a href=\"https:\/\/www.zewo.ch\/\">www.zewo.ch<\/a>\n<\/p>\n<div>\n                \n                \n            <\/span>\n        <\/div>\n        <\/div>\n","protected":false},"excerpt":{"rendered":"<p>En ce qui concerne le droit des successions, tout est r\u00e9gl\u00e9 dans le Code civil suisse (CC). Si tel \u00e9tait vraiment le cas, les notaires, les avocats et les juristes pourraient se consacrer \u00e0 d&#8217;autres probl\u00e8mes juridiques.<\/p>\n","protected":false},"author":2379,"featured_media":27772,"comment_status":"open","ping_status":"closed","sticky":false,"template":"","format":"standard","meta":{"_acf_changed":false,"footnotes":""},"categories":[1907],"tags":[2183,2006,2180,2182,2005],"class_list":["post-27771","post","type-post","status-publish","format-standard","has-post-thumbnail","hentry","category-non-classifiee","tag-dernieres-volontes-fr","tag-notaire","tag-parents","tag-personne-de-confiance","tag-testament-fr"],"acf":[],"yoast_head":"<title>Testament : ainsi se r\u00e9alise votre derni\u00e8re volont\u00e9<\/title>\n<meta name=\"description\" content=\"Quiconque souhaite s&#039;assurer que sa derni\u00e8re volont\u00e9 exprim\u00e9e dans un testament se r\u00e9alise devrait demander conseil \u00e0 un-e sp\u00e9cialiste.\" \/>\n<meta name=\"robots\" content=\"index, follow, max-snippet:-1, max-image-preview:large, max-video-preview:-1\" \/>\n<link rel=\"canonical\" href=\"https:\/\/www.deinadieu.ch\/fr\/votre-derniere-volonte-sera-faite-laide-dun-specialiste\/\" \/>\n<meta property=\"og:locale\" content=\"fr_FR\" \/>\n<meta property=\"og:type\" content=\"article\" \/>\n<meta property=\"og:title\" content=\"La r\u00e9alisation de vos derni\u00e8res volont\u00e9s \u2013 L&#039;assistance d&#039;un sp\u00e9cialiste aide\" \/>\n<meta property=\"og:description\" content=\"En ce qui concerne le droit des successions, tout est r\u00e9gl\u00e9 dans le Code civil suisse (CC). Si tel \u00e9tait vraiment le cas, les notaires, les avocats et les\" \/>\n<meta property=\"og:url\" content=\"https:\/\/www.deinadieu.ch\/fr\/votre-derniere-volonte-sera-faite-laide-dun-specialiste\/\" \/>\n<meta property=\"og:site_name\" content=\"DeinAdieu.ch\" \/>\n<meta property=\"article:publisher\" content=\"https:\/\/www.facebook.com\/deinadieu\" \/>\n<meta property=\"article:published_time\" content=\"2017-03-16T17:10:15+00:00\" \/>\n<meta property=\"article:modified_time\" content=\"2022-04-22T11:26:44+00:00\" \/>\n<meta property=\"og:image\" content=\"https:\/\/static.deinadieu.ch\/uploads\/2017\/03\/Blog_Jus_Anwalt_Beratung_Mandanten.jpg\" \/>\n\t<meta property=\"og:image:width\" content=\"1330\" \/>\n\t<meta property=\"og:image:height\" content=\"719\" \/>\n\t<meta property=\"og:image:type\" content=\"image\/jpeg\" \/>\n<meta name=\"author\" content=\"Martin Schuppli, Autor\" \/>\n<meta name=\"twitter:card\" content=\"summary_large_image\" \/>\n<meta name=\"twitter:creator\" content=\"@DeinAdieu\" \/>\n<meta name=\"twitter:site\" content=\"@DeinAdieu\" \/>\n<meta name=\"twitter:label1\" content=\"Written by\" \/>\n\t<meta name=\"twitter:data1\" content=\"Martin Schuppli, Autor\" \/>\n\t<meta name=\"twitter:label2\" content=\"Est. reading time\" \/>\n\t<meta name=\"twitter:data2\" content=\"6 minutes\" \/>\n<script type=\"application\/ld+json\" class=\"yoast-schema-graph\">{\"@context\":\"https:\\\/\\\/schema.org\",\"@graph\":[{\"@type\":\"Article\",\"@id\":\"https:\\\/\\\/www.deinadieu.ch\\\/fr\\\/votre-derniere-volonte-sera-faite-laide-dun-specialiste\\\/#article\",\"isPartOf\":{\"@id\":\"https:\\\/\\\/www.deinadieu.ch\\\/fr\\\/votre-derniere-volonte-sera-faite-laide-dun-specialiste\\\/\"},\"author\":{\"name\":\"Martin Schuppli, Autor\",\"@id\":\"https:\\\/\\\/www.deinadieu.ch\\\/fr\\\/#\\\/schema\\\/person\\\/4c245752ed60edffba2d7fc2cdd4175b\"},\"headline\":\"La r\u00e9alisation de vos derni\u00e8res volont\u00e9s \u2013 L&#8217;assistance d&#8217;un sp\u00e9cialiste aide\",\"datePublished\":\"2017-03-16T17:10:15+00:00\",\"dateModified\":\"2022-04-22T11:26:44+00:00\",\"mainEntityOfPage\":{\"@id\":\"https:\\\/\\\/www.deinadieu.ch\\\/fr\\\/votre-derniere-volonte-sera-faite-laide-dun-specialiste\\\/\"},\"wordCount\":1285,\"commentCount\":0,\"publisher\":{\"@id\":\"https:\\\/\\\/www.deinadieu.ch\\\/fr\\\/#organization\"},\"image\":{\"@id\":\"https:\\\/\\\/www.deinadieu.ch\\\/fr\\\/votre-derniere-volonte-sera-faite-laide-dun-specialiste\\\/#primaryimage\"},\"thumbnailUrl\":\"https:\\\/\\\/www.deinadieu.ch\\\/wp-content\\\/uploads\\\/2017\\\/03\\\/Blog_Jus_Anwalt_Beratung_Mandanten.jpg\",\"keywords\":[\"Derni\u00e8res volont\u00e9s\",\"Notaire\",\"Parents\",\"Personne de confiance\",\"Testament\"],\"articleSection\":[\"Non classifi\u00e9(e)\"],\"inLanguage\":\"fr-FR\",\"potentialAction\":[{\"@type\":\"CommentAction\",\"name\":\"Comment\",\"target\":[\"https:\\\/\\\/www.deinadieu.ch\\\/fr\\\/votre-derniere-volonte-sera-faite-laide-dun-specialiste\\\/#respond\"]}]},{\"@type\":\"WebPage\",\"@id\":\"https:\\\/\\\/www.deinadieu.ch\\\/fr\\\/votre-derniere-volonte-sera-faite-laide-dun-specialiste\\\/\",\"url\":\"https:\\\/\\\/www.deinadieu.ch\\\/fr\\\/votre-derniere-volonte-sera-faite-laide-dun-specialiste\\\/\",\"name\":\"Testament : ainsi se r\u00e9alise votre derni\u00e8re volont\u00e9\",\"isPartOf\":{\"@id\":\"https:\\\/\\\/www.deinadieu.ch\\\/fr\\\/#website\"},\"primaryImageOfPage\":{\"@id\":\"https:\\\/\\\/www.deinadieu.ch\\\/fr\\\/votre-derniere-volonte-sera-faite-laide-dun-specialiste\\\/#primaryimage\"},\"image\":{\"@id\":\"https:\\\/\\\/www.deinadieu.ch\\\/fr\\\/votre-derniere-volonte-sera-faite-laide-dun-specialiste\\\/#primaryimage\"},\"thumbnailUrl\":\"https:\\\/\\\/www.deinadieu.ch\\\/wp-content\\\/uploads\\\/2017\\\/03\\\/Blog_Jus_Anwalt_Beratung_Mandanten.jpg\",\"datePublished\":\"2017-03-16T17:10:15+00:00\",\"dateModified\":\"2022-04-22T11:26:44+00:00\",\"description\":\"Quiconque souhaite s'assurer que sa derni\u00e8re volont\u00e9 exprim\u00e9e dans un testament se r\u00e9alise devrait demander conseil \u00e0 un-e sp\u00e9cialiste.\",\"breadcrumb\":{\"@id\":\"https:\\\/\\\/www.deinadieu.ch\\\/fr\\\/votre-derniere-volonte-sera-faite-laide-dun-specialiste\\\/#breadcrumb\"},\"inLanguage\":\"fr-FR\",\"potentialAction\":[{\"@type\":\"ReadAction\",\"target\":[\"https:\\\/\\\/www.deinadieu.ch\\\/fr\\\/votre-derniere-volonte-sera-faite-laide-dun-specialiste\\\/\"]}]},{\"@type\":\"ImageObject\",\"inLanguage\":\"fr-FR\",\"@id\":\"https:\\\/\\\/www.deinadieu.ch\\\/fr\\\/votre-derniere-volonte-sera-faite-laide-dun-specialiste\\\/#primaryimage\",\"url\":\"https:\\\/\\\/www.deinadieu.ch\\\/wp-content\\\/uploads\\\/2017\\\/03\\\/Blog_Jus_Anwalt_Beratung_Mandanten.jpg\",\"contentUrl\":\"https:\\\/\\\/www.deinadieu.ch\\\/wp-content\\\/uploads\\\/2017\\\/03\\\/Blog_Jus_Anwalt_Beratung_Mandanten.jpg\",\"width\":1330,\"height\":719,\"caption\":\"Pour que la derni\u00e8re volont\u00e9 se r\u00e9alise, les conseils d'un sp\u00e9cialiste sont n\u00e9cessaires dans de nombreux cas.\"},{\"@type\":\"BreadcrumbList\",\"@id\":\"https:\\\/\\\/www.deinadieu.ch\\\/fr\\\/votre-derniere-volonte-sera-faite-laide-dun-specialiste\\\/#breadcrumb\",\"itemListElement\":[{\"@type\":\"ListItem\",\"position\":1,\"name\":\"Home\",\"item\":\"https:\\\/\\\/www.deinadieu.ch\\\/fr\\\/deinadieu-dialog-und-serviceportal-zum-lebensende\\\/\"},{\"@type\":\"ListItem\",\"position\":2,\"name\":\"La r\u00e9alisation de vos derni\u00e8res volont\u00e9s \u2013 L&#8217;assistance d&#8217;un sp\u00e9cialiste aide\"}]},{\"@type\":\"WebSite\",\"@id\":\"https:\\\/\\\/www.deinadieu.ch\\\/fr\\\/#website\",\"url\":\"https:\\\/\\\/www.deinadieu.ch\\\/fr\\\/\",\"name\":\"DeinAdieu.ch\",\"description\":\"Testament, Patientenverf\u00fcgung und Vorsorgeauftrag\",\"publisher\":{\"@id\":\"https:\\\/\\\/www.deinadieu.ch\\\/fr\\\/#organization\"},\"potentialAction\":[{\"@type\":\"SearchAction\",\"target\":{\"@type\":\"EntryPoint\",\"urlTemplate\":\"https:\\\/\\\/www.deinadieu.ch\\\/fr\\\/?s={search_term_string}\"},\"query-input\":{\"@type\":\"PropertyValueSpecification\",\"valueRequired\":true,\"valueName\":\"search_term_string\"}}],\"inLanguage\":\"fr-FR\"},{\"@type\":\"Organization\",\"@id\":\"https:\\\/\\\/www.deinadieu.ch\\\/fr\\\/#organization\",\"name\":\"EMNA Web GmbH\",\"url\":\"https:\\\/\\\/www.deinadieu.ch\\\/fr\\\/\",\"logo\":{\"@type\":\"ImageObject\",\"inLanguage\":\"fr-FR\",\"@id\":\"https:\\\/\\\/www.deinadieu.ch\\\/fr\\\/#\\\/schema\\\/logo\\\/image\\\/\",\"url\":\"https:\\\/\\\/www.deinadieu.ch\\\/wp-content\\\/uploads\\\/2016\\\/01\\\/DeinAdieu_Logo.png\",\"contentUrl\":\"https:\\\/\\\/www.deinadieu.ch\\\/wp-content\\\/uploads\\\/2016\\\/01\\\/DeinAdieu_Logo.png\",\"width\":300,\"height\":117,\"caption\":\"EMNA Web GmbH\"},\"image\":{\"@id\":\"https:\\\/\\\/www.deinadieu.ch\\\/fr\\\/#\\\/schema\\\/logo\\\/image\\\/\"},\"sameAs\":[\"https:\\\/\\\/www.facebook.com\\\/deinadieu\",\"https:\\\/\\\/x.com\\\/DeinAdieu\",\"https:\\\/\\\/www.instagram.com\\\/deinadieu\\\/\",\"https:\\\/\\\/www.linkedin.com\\\/company\\\/deinadieu.ch\"]},{\"@type\":\"Person\",\"@id\":\"https:\\\/\\\/www.deinadieu.ch\\\/fr\\\/#\\\/schema\\\/person\\\/4c245752ed60edffba2d7fc2cdd4175b\",\"name\":\"Martin Schuppli, Autor\",\"image\":{\"@type\":\"ImageObject\",\"inLanguage\":\"fr-FR\",\"@id\":\"https:\\\/\\\/secure.gravatar.com\\\/avatar\\\/8a166042ac43b389baedddb69454e2bf7f4363dc3d41f37039595cc8daa42c4c?s=96&d=mm&r=g\",\"url\":\"https:\\\/\\\/secure.gravatar.com\\\/avatar\\\/8a166042ac43b389baedddb69454e2bf7f4363dc3d41f37039595cc8daa42c4c?s=96&d=mm&r=g\",\"contentUrl\":\"https:\\\/\\\/secure.gravatar.com\\\/avatar\\\/8a166042ac43b389baedddb69454e2bf7f4363dc3d41f37039595cc8daa42c4c?s=96&d=mm&r=g\",\"caption\":\"Martin Schuppli, Autor\"},\"description\":\"Martin Schuppli, *1955. Ich arbeitete w\u00e4hrend 30 Jahren als Journalist bei Ringier AG. 1982 begann ich als Produzent beim Blick, schrieb sp\u00e4ter f\u00fcr SonntagsBlick, Gesundheit-Sprechstunde und Schweizer Illustrierte. 2009 machte ich mich selbstst\u00e4ndig. Motto: \u00abIch schreibe mich durchs Leben.\u00bb Seit 2015 arbeitete ich zusammen mit Nicolas Gehrig, CEO und dem Team daran, das Webportal DeinAdieu aufzubauen. Hier kann ich schreiben. Und zwar \u00fcber das, was die Menschen am meisten interessiert. \u00dcber Menschen.\",\"url\":\"https:\\\/\\\/www.deinadieu.ch\\\/fr\\\/author\\\/martin-schuppli\\\/\"}]}<\/script>","yoast_head_json":{"title":"Testament : ainsi se r\u00e9alise votre derni\u00e8re volont\u00e9","description":"Quiconque souhaite s'assurer que sa derni\u00e8re volont\u00e9 exprim\u00e9e dans un testament se r\u00e9alise devrait demander conseil \u00e0 un-e sp\u00e9cialiste.","robots":{"index":"index","follow":"follow","max-snippet":"max-snippet:-1","max-image-preview":"max-image-preview:large","max-video-preview":"max-video-preview:-1"},"canonical":"https:\/\/www.deinadieu.ch\/fr\/votre-derniere-volonte-sera-faite-laide-dun-specialiste\/","og_locale":"fr_FR","og_type":"article","og_title":"La r\u00e9alisation de vos derni\u00e8res volont\u00e9s \u2013 L'assistance d'un sp\u00e9cialiste aide","og_description":"En ce qui concerne le droit des successions, tout est r\u00e9gl\u00e9 dans le Code civil suisse (CC). Si tel \u00e9tait vraiment le cas, les notaires, les avocats et les","og_url":"https:\/\/www.deinadieu.ch\/fr\/votre-derniere-volonte-sera-faite-laide-dun-specialiste\/","og_site_name":"DeinAdieu.ch","article_publisher":"https:\/\/www.facebook.com\/deinadieu","article_published_time":"2017-03-16T17:10:15+00:00","article_modified_time":"2022-04-22T11:26:44+00:00","og_image":[{"width":1330,"height":719,"url":"https:\/\/static.deinadieu.ch\/uploads\/2017\/03\/Blog_Jus_Anwalt_Beratung_Mandanten.jpg","type":"image\/jpeg"}],"author":"Martin Schuppli, Autor","twitter_card":"summary_large_image","twitter_creator":"@DeinAdieu","twitter_site":"@DeinAdieu","twitter_misc":{"Written by":"Martin Schuppli, Autor","Est. reading time":"6 minutes"},"schema":{"@context":"https:\/\/schema.org","@graph":[{"@type":"Article","@id":"https:\/\/www.deinadieu.ch\/fr\/votre-derniere-volonte-sera-faite-laide-dun-specialiste\/#article","isPartOf":{"@id":"https:\/\/www.deinadieu.ch\/fr\/votre-derniere-volonte-sera-faite-laide-dun-specialiste\/"},"author":{"name":"Martin Schuppli, Autor","@id":"https:\/\/www.deinadieu.ch\/fr\/#\/schema\/person\/4c245752ed60edffba2d7fc2cdd4175b"},"headline":"La r\u00e9alisation de vos derni\u00e8res volont\u00e9s \u2013 L&#8217;assistance d&#8217;un sp\u00e9cialiste aide","datePublished":"2017-03-16T17:10:15+00:00","dateModified":"2022-04-22T11:26:44+00:00","mainEntityOfPage":{"@id":"https:\/\/www.deinadieu.ch\/fr\/votre-derniere-volonte-sera-faite-laide-dun-specialiste\/"},"wordCount":1285,"commentCount":0,"publisher":{"@id":"https:\/\/www.deinadieu.ch\/fr\/#organization"},"image":{"@id":"https:\/\/www.deinadieu.ch\/fr\/votre-derniere-volonte-sera-faite-laide-dun-specialiste\/#primaryimage"},"thumbnailUrl":"https:\/\/www.deinadieu.ch\/wp-content\/uploads\/2017\/03\/Blog_Jus_Anwalt_Beratung_Mandanten.jpg","keywords":["Derni\u00e8res volont\u00e9s","Notaire","Parents","Personne de confiance","Testament"],"articleSection":["Non classifi\u00e9(e)"],"inLanguage":"fr-FR","potentialAction":[{"@type":"CommentAction","name":"Comment","target":["https:\/\/www.deinadieu.ch\/fr\/votre-derniere-volonte-sera-faite-laide-dun-specialiste\/#respond"]}]},{"@type":"WebPage","@id":"https:\/\/www.deinadieu.ch\/fr\/votre-derniere-volonte-sera-faite-laide-dun-specialiste\/","url":"https:\/\/www.deinadieu.ch\/fr\/votre-derniere-volonte-sera-faite-laide-dun-specialiste\/","name":"Testament : ainsi se r\u00e9alise votre derni\u00e8re volont\u00e9","isPartOf":{"@id":"https:\/\/www.deinadieu.ch\/fr\/#website"},"primaryImageOfPage":{"@id":"https:\/\/www.deinadieu.ch\/fr\/votre-derniere-volonte-sera-faite-laide-dun-specialiste\/#primaryimage"},"image":{"@id":"https:\/\/www.deinadieu.ch\/fr\/votre-derniere-volonte-sera-faite-laide-dun-specialiste\/#primaryimage"},"thumbnailUrl":"https:\/\/www.deinadieu.ch\/wp-content\/uploads\/2017\/03\/Blog_Jus_Anwalt_Beratung_Mandanten.jpg","datePublished":"2017-03-16T17:10:15+00:00","dateModified":"2022-04-22T11:26:44+00:00","description":"Quiconque souhaite s'assurer que sa derni\u00e8re volont\u00e9 exprim\u00e9e dans un testament se r\u00e9alise devrait demander conseil \u00e0 un-e sp\u00e9cialiste.","breadcrumb":{"@id":"https:\/\/www.deinadieu.ch\/fr\/votre-derniere-volonte-sera-faite-laide-dun-specialiste\/#breadcrumb"},"inLanguage":"fr-FR","potentialAction":[{"@type":"ReadAction","target":["https:\/\/www.deinadieu.ch\/fr\/votre-derniere-volonte-sera-faite-laide-dun-specialiste\/"]}]},{"@type":"ImageObject","inLanguage":"fr-FR","@id":"https:\/\/www.deinadieu.ch\/fr\/votre-derniere-volonte-sera-faite-laide-dun-specialiste\/#primaryimage","url":"https:\/\/www.deinadieu.ch\/wp-content\/uploads\/2017\/03\/Blog_Jus_Anwalt_Beratung_Mandanten.jpg","contentUrl":"https:\/\/www.deinadieu.ch\/wp-content\/uploads\/2017\/03\/Blog_Jus_Anwalt_Beratung_Mandanten.jpg","width":1330,"height":719,"caption":"Pour que la derni\u00e8re volont\u00e9 se r\u00e9alise, les conseils d'un sp\u00e9cialiste sont n\u00e9cessaires dans de nombreux cas."},{"@type":"BreadcrumbList","@id":"https:\/\/www.deinadieu.ch\/fr\/votre-derniere-volonte-sera-faite-laide-dun-specialiste\/#breadcrumb","itemListElement":[{"@type":"ListItem","position":1,"name":"Home","item":"https:\/\/www.deinadieu.ch\/fr\/deinadieu-dialog-und-serviceportal-zum-lebensende\/"},{"@type":"ListItem","position":2,"name":"La r\u00e9alisation de vos derni\u00e8res volont\u00e9s \u2013 L&#8217;assistance d&#8217;un sp\u00e9cialiste aide"}]},{"@type":"WebSite","@id":"https:\/\/www.deinadieu.ch\/fr\/#website","url":"https:\/\/www.deinadieu.ch\/fr\/","name":"DeinAdieu.ch","description":"Testament, Patientenverf\u00fcgung und Vorsorgeauftrag","publisher":{"@id":"https:\/\/www.deinadieu.ch\/fr\/#organization"},"potentialAction":[{"@type":"SearchAction","target":{"@type":"EntryPoint","urlTemplate":"https:\/\/www.deinadieu.ch\/fr\/?s={search_term_string}"},"query-input":{"@type":"PropertyValueSpecification","valueRequired":true,"valueName":"search_term_string"}}],"inLanguage":"fr-FR"},{"@type":"Organization","@id":"https:\/\/www.deinadieu.ch\/fr\/#organization","name":"EMNA Web GmbH","url":"https:\/\/www.deinadieu.ch\/fr\/","logo":{"@type":"ImageObject","inLanguage":"fr-FR","@id":"https:\/\/www.deinadieu.ch\/fr\/#\/schema\/logo\/image\/","url":"https:\/\/www.deinadieu.ch\/wp-content\/uploads\/2016\/01\/DeinAdieu_Logo.png","contentUrl":"https:\/\/www.deinadieu.ch\/wp-content\/uploads\/2016\/01\/DeinAdieu_Logo.png","width":300,"height":117,"caption":"EMNA Web GmbH"},"image":{"@id":"https:\/\/www.deinadieu.ch\/fr\/#\/schema\/logo\/image\/"},"sameAs":["https:\/\/www.facebook.com\/deinadieu","https:\/\/x.com\/DeinAdieu","https:\/\/www.instagram.com\/deinadieu\/","https:\/\/www.linkedin.com\/company\/deinadieu.ch"]},{"@type":"Person","@id":"https:\/\/www.deinadieu.ch\/fr\/#\/schema\/person\/4c245752ed60edffba2d7fc2cdd4175b","name":"Martin Schuppli, Autor","image":{"@type":"ImageObject","inLanguage":"fr-FR","@id":"https:\/\/secure.gravatar.com\/avatar\/8a166042ac43b389baedddb69454e2bf7f4363dc3d41f37039595cc8daa42c4c?s=96&d=mm&r=g","url":"https:\/\/secure.gravatar.com\/avatar\/8a166042ac43b389baedddb69454e2bf7f4363dc3d41f37039595cc8daa42c4c?s=96&d=mm&r=g","contentUrl":"https:\/\/secure.gravatar.com\/avatar\/8a166042ac43b389baedddb69454e2bf7f4363dc3d41f37039595cc8daa42c4c?s=96&d=mm&r=g","caption":"Martin Schuppli, Autor"},"description":"Martin Schuppli, *1955. Ich arbeitete w\u00e4hrend 30 Jahren als Journalist bei Ringier AG. 1982 begann ich als Produzent beim Blick, schrieb sp\u00e4ter f\u00fcr SonntagsBlick, Gesundheit-Sprechstunde und Schweizer Illustrierte. 2009 machte ich mich selbstst\u00e4ndig. Motto: \u00abIch schreibe mich durchs Leben.\u00bb Seit 2015 arbeitete ich zusammen mit Nicolas Gehrig, CEO und dem Team daran, das Webportal DeinAdieu aufzubauen. Hier kann ich schreiben. Und zwar \u00fcber das, was die Menschen am meisten interessiert. \u00dcber Menschen.","url":"https:\/\/www.deinadieu.ch\/fr\/author\/martin-schuppli\/"}]}},"_links":{"self":[{"href":"https:\/\/www.deinadieu.ch\/fr\/wp-json\/wp\/v2\/posts\/27771","targetHints":{"allow":["GET"]}}],"collection":[{"href":"https:\/\/www.deinadieu.ch\/fr\/wp-json\/wp\/v2\/posts"}],"about":[{"href":"https:\/\/www.deinadieu.ch\/fr\/wp-json\/wp\/v2\/types\/post"}],"author":[{"embeddable":true,"href":"https:\/\/www.deinadieu.ch\/fr\/wp-json\/wp\/v2\/users\/2379"}],"replies":[{"embeddable":true,"href":"https:\/\/www.deinadieu.ch\/fr\/wp-json\/wp\/v2\/comments?post=27771"}],"version-history":[{"count":13,"href":"https:\/\/www.deinadieu.ch\/fr\/wp-json\/wp\/v2\/posts\/27771\/revisions"}],"predecessor-version":[{"id":56555,"href":"https:\/\/www.deinadieu.ch\/fr\/wp-json\/wp\/v2\/posts\/27771\/revisions\/56555"}],"wp:featuredmedia":[{"embeddable":true,"href":"https:\/\/www.deinadieu.ch\/fr\/wp-json\/wp\/v2\/media\/27772"}],"wp:attachment":[{"href":"https:\/\/www.deinadieu.ch\/fr\/wp-json\/wp\/v2\/media?parent=27771"}],"wp:term":[{"taxonomy":"category","embeddable":true,"href":"https:\/\/www.deinadieu.ch\/fr\/wp-json\/wp\/v2\/categories?post=27771"},{"taxonomy":"post_tag","embeddable":true,"href":"https:\/\/www.deinadieu.ch\/fr\/wp-json\/wp\/v2\/tags?post=27771"}],"curies":[{"name":"wp","href":"https:\/\/api.w.org\/{rel}","templated":true}]}}