{"id":59599,"date":"2022-08-31T08:44:00","date_gmt":"2022-08-31T06:44:00","guid":{"rendered":"https:\/\/www.deinadieu.ch\/organizations\/la-revision-du-droit-suisse-des-successions-quest-ce-qui-change-pour-les-oeuvres-de-bienfaisance\/"},"modified":"2023-01-06T18:36:32","modified_gmt":"2023-01-06T17:36:32","slug":"la-revision-du-droit-suisse-des-successions-quest-ce-qui-change-pour-les-oeuvres-de-bienfaisance","status":"publish","type":"ngo_post","link":"https:\/\/www.deinadieu.ch\/fr\/guide-ong\/la-revision-du-droit-suisse-des-successions-quest-ce-qui-change-pour-les-oeuvres-de-bienfaisance\/","title":{"rendered":"La r\u00e9vision du droit suisse des successions : qu&#8217;est-ce qui change pour les \u0153uvres de bienfaisance ?"},"content":{"rendered":"\n<p>La Suisse s&#8217;est dot\u00e9e d&#8217;un nouveau droit des successions \u00e0 partir de 2023. Vous d\u00e9couvrirez ici ce qui change et ce \u00e0 quoi les \u0153uvres de bienfaisance doivent pr\u00eater attention.<\/p>\n\n<!--more-->\n\n<h2 class=\"wp-block-heading\" id=\"h-seit-wann-gilt-das-revidierte-erbrecht\">Depuis quand le droit des successions r\u00e9vis\u00e9 est-il en vigueur ?<\/h2>\n\n<p id=\"h-die-erbrechtsrevision-schweiz-wird-per-1-januar-2023-in-kraft-treten\">La r\u00e9vision du droit suisse des successions est entr\u00e9e en vigueur le 1er janvier 2023.<\/p>\n\n<h2 class=\"wp-block-heading\">Qu&#8217;est-ce qui va changer ?<\/h2>\n\n<ul class=\"wp-block-list\">\n<li><strong>R\u00e9duction des r\u00e9serves h\u00e9r\u00e9ditaires<\/strong> des descendants (d\u00e9sormais \u00bd au lieu de \u00be de la part successorale l\u00e9gale)<\/li>\n\n\n\n<li>Suppression de la r\u00e9serve h\u00e9r\u00e9ditaire des <strong>parents<\/strong> (auparavant \u00bd de la part successorale l\u00e9gale)<\/li>\n\n\n\n<li>Plus de possibilit\u00e9s d&#8217;organisation pour les testateurs\/-trices en raison de la r\u00e9duction des r\u00e9serves h\u00e9r\u00e9ditaires (<strong>il sera nettement plus facile de favoriser des tiers<\/strong>, ce qui profitera aux organisations caritatives).<\/li>\n\n\n\n<li><strong>Perte de la protection de la r\u00e9serve h\u00e9r\u00e9ditaire dans la proc\u00e9dure de divorce<\/strong> des \u00e9poux (d\u00e9sormais d\u00e8s la litispendance plut\u00f4t qu&#8217;au moment du jugement seulement)<\/li>\n\n\n\n<li>Les r\u00e9serves h\u00e9r\u00e9ditaires pour les <strong>\u00e9poux divorc\u00e9s<\/strong> sont supprim\u00e9es d\u00e8s que la proc\u00e9dure de divorce est introduite (auparavant, elles n&#8217;\u00e9taient supprim\u00e9es qu&#8217;une fois le divorce prononc\u00e9).<\/li>\n\n\n\n<li><strong>R\u00e9glementation plus flexible de la transmission d&#8217;entreprise<\/strong> en raison de la r\u00e9duction des r\u00e9serves h\u00e9r\u00e9ditaires<\/li>\n\n\n\n<li>A partir de 2023, le testateur ou la testatrice ne pourra plus r\u00e9duire son patrimoine par des donations ou des dons, dans la mesure o\u00f9 il aura dispos\u00e9 de l&#8217;ensemble de ses biens dans un pacte successoral. Moyennant l&#8217;accord de toutes les parties contractantes, l&#8217;interdiction de faire des donations peut \u00eatre explicitement lev\u00e9e dans le pacte successoral.<\/li>\n<\/ul>\n\n<h2 class=\"wp-block-heading\">Que dois-je savoir en tant que testateur ?<\/h2>\n\n<p>Avec le nouveau droit des successions, vous disposez, en tant que testateur, d&#8217;une <strong>quotit\u00e9 disponible plus \u00e9lev\u00e9e<\/strong>.<\/p>\n\n<p><strong>Exemple :<\/strong><br\/>Le d\u00e9funt Alfred laisse son <strong>\u00e9pouse<\/strong> Brigitte et <strong>deux enfants<\/strong>, Clara et Daniel. <br\/>Selon l&#8217;<strong>ancien droit \u00e0 la r\u00e9serve h\u00e9r\u00e9ditaire<\/strong>, l&#8217;\u00e9pouse Brigitte avait droit \u00e0 \u00bd x \u00bd = \u00bc de la succession. <br\/>Les r\u00e9serves h\u00e9r\u00e9ditaires des deux enfants Clara et Daniel s&#8217;\u00e9levaient \u00e0 \u00bc x \u00be = 3\/16 chacune.<br\/>La <strong>quotit\u00e9 disponible<\/strong> \u00e9tait ainsi de 1 &#8211; \u00bc &#8211; 3\/16 &#8211; 3\/16 = \u215c.<\/p>\n\n<p>Avec la r\u00e9vision du droit des successions, la r\u00e9serve h\u00e9r\u00e9ditaire de l&#8217;\u00e9pouse Brigitte reste identique, tandis que celles des enfants Clara et Daniel diminuent \u00e0 \u00bc x \u00bd = \u215b.<br\/>La <strong>quotit\u00e9 disponible<\/strong> passe ainsi \u00e0 1 &#8211; \u00bc &#8211; \u215b &#8211; \u215b = \u00bd.<\/p>\n\n<h2 class=\"wp-block-heading\">R\u00e9duction des r\u00e9serves h\u00e9r\u00e9ditaires<\/h2>\n\n<p>Les r\u00e9serves h\u00e9r\u00e9ditaires \u00e9tant moins \u00e9lev\u00e9es, le potentiel des organisations d&#8217;utilit\u00e9 publique augmente. Les donateurs\/trices qui le souhaitent peuvent d\u00e9sormais transmettre davantage pour cause de mort aux \u0153uvres de bienfaisance.<\/p>\n\n<ul class=\"wp-block-list\">\n<li>La <strong>r\u00e9serve h\u00e9r\u00e9ditaire des descendants<\/strong> est r\u00e9duite de trois quarts \u00e0 la moiti\u00e9 du droit successoral l\u00e9gal.<\/li>\n\n\n\n<li>La <strong>r\u00e9serve h\u00e9r\u00e9ditaire des parents<\/strong> est totalement supprim\u00e9e.<\/li>\n<\/ul>\n\n<p>La r\u00e9duction de la r\u00e9serve h\u00e9r\u00e9ditaire donne aux testateurs\/-trices une plus grande libert\u00e9 de d\u00e9cision. <strong>Par cons\u00e9quent, la quotit\u00e9 disponible augmente<\/strong>.<\/p>\n\n<figure class=\"wp-block-gallery has-nested-images columns-default is-cropped wp-block-gallery-1 is-layout-flex wp-block-gallery-is-layout-flex\">\n<figure class=\"wp-block-image size-full\"><img loading=\"lazy\" decoding=\"async\" width=\"499\" height=\"309\" data-id=\"57207\" src=\"https:\/\/www.deinadieu.ch\/wp-content\/uploads\/2022\/06\/Pflichtteile-bisher-1.png\" alt=\"\" class=\"wp-image-57207\" srcset=\"https:\/\/www.deinadieu.ch\/wp-content\/uploads\/2022\/06\/Pflichtteile-bisher-1.png 499w, https:\/\/www.deinadieu.ch\/wp-content\/uploads\/2022\/06\/Pflichtteile-bisher-1-300x186.png 300w\" sizes=\"auto, (max-width: 499px) 100vw, 499px\" \/><\/figure>\n\n\n\n<figure class=\"wp-block-image size-full\"><img loading=\"lazy\" decoding=\"async\" width=\"499\" height=\"309\" data-id=\"57211\" src=\"https:\/\/www.deinadieu.ch\/wp-content\/uploads\/2022\/06\/Pflichtteile-ab-2023-2.png\" alt=\"\" class=\"wp-image-57211\" srcset=\"https:\/\/www.deinadieu.ch\/wp-content\/uploads\/2022\/06\/Pflichtteile-ab-2023-2.png 499w, https:\/\/www.deinadieu.ch\/wp-content\/uploads\/2022\/06\/Pflichtteile-ab-2023-2-300x186.png 300w\" sizes=\"auto, (max-width: 499px) 100vw, 499px\" \/><\/figure>\n<\/figure>\n\n<figure class=\"wp-block-gallery has-nested-images columns-default is-cropped wp-block-gallery-2 is-layout-flex wp-block-gallery-is-layout-flex\">\n<figure class=\"wp-block-image size-large\"><img loading=\"lazy\" decoding=\"async\" width=\"499\" height=\"309\" data-id=\"57105\" src=\"https:\/\/www.deinadieu.ch\/wp-content\/uploads\/2022\/06\/Pflichtteile-bisher1.png\" alt=\"\" class=\"wp-image-57105\" srcset=\"https:\/\/www.deinadieu.ch\/wp-content\/uploads\/2022\/06\/Pflichtteile-bisher1.png 499w, https:\/\/www.deinadieu.ch\/wp-content\/uploads\/2022\/06\/Pflichtteile-bisher1-300x186.png 300w\" sizes=\"auto, (max-width: 499px) 100vw, 499px\" \/><\/figure>\n\n\n\n<figure class=\"wp-block-image size-full\"><img loading=\"lazy\" decoding=\"async\" width=\"499\" height=\"309\" data-id=\"57106\" src=\"https:\/\/www.deinadieu.ch\/wp-content\/uploads\/2022\/06\/Pflichtteile-ab-20231.png\" alt=\"\" class=\"wp-image-57106\" srcset=\"https:\/\/www.deinadieu.ch\/wp-content\/uploads\/2022\/06\/Pflichtteile-ab-20231.png 499w, https:\/\/www.deinadieu.ch\/wp-content\/uploads\/2022\/06\/Pflichtteile-ab-20231-300x186.png 300w\" sizes=\"auto, (max-width: 499px) 100vw, 499px\" \/><\/figure>\n<\/figure>\n\n<figure class=\"wp-block-gallery has-nested-images columns-default is-cropped wp-block-gallery-3 is-layout-flex wp-block-gallery-is-layout-flex\">\n<figure class=\"wp-block-image size-large\"><img loading=\"lazy\" decoding=\"async\" width=\"499\" height=\"309\" data-id=\"57118\" src=\"https:\/\/www.deinadieu.ch\/wp-content\/uploads\/2022\/06\/Pflichtteile-bisher2-1.png\" alt=\"\" class=\"wp-image-57118\" srcset=\"https:\/\/www.deinadieu.ch\/wp-content\/uploads\/2022\/06\/Pflichtteile-bisher2-1.png 499w, https:\/\/www.deinadieu.ch\/wp-content\/uploads\/2022\/06\/Pflichtteile-bisher2-1-300x186.png 300w\" sizes=\"auto, (max-width: 499px) 100vw, 499px\" \/><\/figure>\n\n\n\n<figure class=\"wp-block-image size-large\"><img loading=\"lazy\" decoding=\"async\" width=\"499\" height=\"309\" data-id=\"57120\" src=\"https:\/\/www.deinadieu.ch\/wp-content\/uploads\/2022\/06\/Pflichtteile-ab-20232-1.png\" alt=\"\" class=\"wp-image-57120\" srcset=\"https:\/\/www.deinadieu.ch\/wp-content\/uploads\/2022\/06\/Pflichtteile-ab-20232-1.png 499w, https:\/\/www.deinadieu.ch\/wp-content\/uploads\/2022\/06\/Pflichtteile-ab-20232-1-300x186.png 300w\" sizes=\"auto, (max-width: 499px) 100vw, 499px\" \/><\/figure>\n<\/figure>\n\n<p>Ainsi, les testateurs\/-trices peuvent par exemple donner plus g\u00e9n\u00e9reusement \u00e0 leur partenaire ou aux enfants de leur conjoint qui n&#8217;ont pas de droit successoral l\u00e9gal et donner davantage \u00e0 des organisations d&#8217;utilit\u00e9 publique.<\/p>\n\n<h2 class=\"wp-block-heading\">Dois-je r\u00e9diger un nouveau testament ?<\/h2>\n\n<p>La r\u00e9daction d&#8217;un nouveau testament n&#8217;est pas absolument n\u00e9cessaire en raison de la r\u00e9vision du droit des successions. Si vous n&#8217;avez pas tenu compte d&#8217;une r\u00e9serve h\u00e9r\u00e9ditaire de \u00be pour les descendants et si vous n&#8217;avez pas favoris\u00e9 votre partenaire, la plupart des choses restent les m\u00eames.<\/p>\n\n<p>Si vous souhaitez mettre \u00e0 jour votre ancien testament sans trop d&#8217;efforts, vous pouvez le faire <strong>en ajoutant ce type d&#8217;indication<\/strong> \u00e0 la main :<\/p>\n\n<blockquote class=\"wp-block-quote is-layout-flow wp-block-quote-is-layout-flow\">\n<p><em>Si la quotit\u00e9 disponible valable au moment de l&#8217;\u00e9tablissement du pr\u00e9sent testament a \u00e9t\u00e9 augment\u00e9e par le nouveau droit des successions entr\u00e9 en vigueur entretemps, la quotit\u00e9 disponible suppl\u00e9mentaire doit \u00eatre attribu\u00e9e \u00e0 l&#8217;h\u00e9ritier\/-\u00e8re XY. Les h\u00e9ritiers r\u00e9servataires ne doivent recevoir que la r\u00e9serve h\u00e9r\u00e9ditaire d\u00e9sormais applicable.<\/em><br\/><em>Lieu, date et signature<\/em><\/p>\n<\/blockquote>\n\n<p>Nous vous recommandons toutefois de saisir l&#8217;occasion maintenant. <strong>Examinez votre testament et faites analyser votre planification successorale par un sp\u00e9cialiste<\/strong>. Cela a du sens non pas uniquement en raison des modifications de la situation juridique. Il est \u00e9galement possible que vos relations familiales et sociales aient chang\u00e9 entretemps ou que vous souhaitiez donner davantage \u00e0 une organisation de bienfaisance. Si vous avez inclus des enfants ou des parents dans votre testament, nous vous recommandons de v\u00e9rifier dans tous les cas si la r\u00e9partition pr\u00e9vue de la succession est compatible avec les r\u00e9serves h\u00e9r\u00e9ditaires modifi\u00e9es.<\/p>\n\n<p>Vous pouvez r\u00e9diger votre testament en ligne avec le <a href=\"https:\/\/app.deinadieu.ch\/testament\">g\u00e9n\u00e9rateur de testament de DeinAdieu<\/a>.<\/p>\n\n<h2 class=\"wp-block-heading\">Les anciens testaments sont-ils d\u00e9sormais invalides ?<\/h2>\n\n<p>Les testaments r\u00e9dig\u00e9s selon l&#8217;ancien droit des successions demeurent valables. Si vous n&#8217;avez pas mentionn\u00e9 de quotes-parts dans votre testament et que vous avez \u00ab r\u00e9duit la part des h\u00e9ritiers \u00e0 leur r\u00e9serve \u00bb, les nouvelles r\u00e9serves s&#8217;appliquent en principe automatiquement.<\/p>\n\n<h2 class=\"wp-block-heading\">Quelles sont les cons\u00e9quences de la r\u00e9vision du droit des successions sur les pactes successoraux ?<\/h2>\n\n<p>Comme nous l&#8217;avons d\u00e9j\u00e0 mentionn\u00e9 en ce qui concerne les testaments existants, les <strong>pactes successoraux existants devraient \u00e9galement \u00eatre v\u00e9rifi\u00e9s<\/strong> afin d&#8217;\u00e9viter toute ambigu\u00eft\u00e9. Ceci est en particulier le cas lorsque des circonstances laissent penser que les parties contractantes auraient convenu d&#8217;autre chose sous le nouveau droit que ce dont elles ont convenu sous l&#8217;ancien droit. Apr\u00e8s en avoir discut\u00e9 avec toutes les parties contractantes et avoir obtenu leur accord, une adaptation du pacte successoral permet de pr\u00e9venir toute ambigu\u00eft\u00e9.<\/p>\n\n<p>lI convient en outre de signaler la nouvelle <strong>interdiction de faire des donations en pr\u00e9sence de pactes successoraux<\/strong>. Si le testateur ou la testatrice a dispos\u00e9 de l&#8217;ensemble de ses biens dans un pacte successoral, il <strong>ne peut en principe plus r\u00e9duire son patrimoine de mani\u00e8re volontaire<\/strong>. Cela signifie que le patrimoine ne peut pas \u00eatre offert ou donn\u00e9. L&#8217;interdiction de faire des donations s&#8217;applique \u00e9galement aux pactes successoraux conclus avant l&#8217;entr\u00e9e en vigueur de la r\u00e9vision du droit des successions le 1er janvier 2023. Si le pacte successoral pr\u00e9voit explicitement que le testateur peut continuer \u00e0 faire des donations et des dons, l&#8217;interdiction de faire des donations ne s&#8217;applique pas. Pour les pactes successoraux existants, une <strong>adaptation du pacte<\/strong>, \u00e0 laquelle toutes les parties contractantes doivent consentir, est n\u00e9cessaire.<\/p>\n\n<h2 class=\"wp-block-heading\">Qu&#8217;est-ce qui est pertinent pour moi en tant que collecteur(trice) de fonds ?<\/h2>\n\n<ul class=\"wp-block-list\">\n<li>Avec l&#8217;augmentation de la quotit\u00e9 disponible, le potentiel de la masse successorale\/des legs pour les organisations d&#8217;utilit\u00e9 publique est plus important.<\/li>\n\n\n\n<li>La r\u00e9vision du droit des successions est un point d&#8217;ancrage important de votre communication. Utilisez-le pour informer vos donateurs\/-trices. Cela concerne surtout les donateurs\/-trices \u00e2g\u00e9(e)s.<\/li>\n\n\n\n<li>V\u00e9rifiez les informations sur votre site internet, dans vos brochures et vos documents internes.<\/li>\n\n\n\n<li>Saisissez l&#8217;occasion pour attirer l&#8217;attention des donateurs\/-trices potentiel(le)s \u2013 en particulier des \u00ab pledgers \u00bb \u2013 sur la n\u00e9cessit\u00e9 d&#8217;actualiser leur testament. Cela vaut en particulier si les \u00ab anciennes \u00bb r\u00e9serves figuraient dans le testament. Une r\u00e9vision p\u00e9riodique du testament est de toute fa\u00e7on recommand\u00e9e.<\/li>\n<\/ul>\n\n<p>Vous trouverez des <strong>informations d\u00e9taill\u00e9es sur la r\u00e9vision du droit des successions<\/strong> dans cet article : <a href=\"https:\/\/www.deinadieu.ch\/ratgeber\/erbrechtsrevision-was-aendert-sich\/\">https:\/\/www.deinadieu.ch\/ratgeber\/erbrechtsrevision-was-aendert-sich\/<\/a><\/p>\n\n<div style=\"height:40px\" aria-hidden=\"true\" class=\"wp-block-spacer\"><\/div>\n\n        <div class=\"da-servicebox relative bg-gray-200 p-4 pt-8 border-solid border-t-8 border-da-dark mb-6\">\n            <i class=\"fas fa-info-circle mx-auto fa-7x text-da-dark\"><\/i>\n            <span style=\"hyphens: auto\">\n                <\/p>\n<h2>Conseil de professionnel<\/h2>\n<p>\u00ab D&#8217;une mani\u00e8re g\u00e9n\u00e9rale, je recommande de saisir l&#8217;occasion qui se pr\u00e9sente et de se pencher de mani\u00e8re approfondie sur la planification de sa propre succession. La r\u00e9vision du droit des successions, attendue depuis longtemps, offre pour la premi\u00e8re fois \u00e0 une grande partie de la population la chance historique de profiter d&#8217;une plus grande libert\u00e9 concernant l&#8217;organisation de sa propre succession. \u00bb<\/p>\n<p>Ma\u00eetre Fabian F\u00fcllemann, <a href=\"https:\/\/www.deinadieu.ch\/fr\/avocats\/\">Fricker F\u00fcllemann Avocats<\/a><\/p>\n<p>\n                \n                \n            <\/span>\n        <\/div>\n        \n","protected":false},"excerpt":{"rendered":"<p>La Suisse s&#8217;est dot\u00e9e d&#8217;un nouveau droit des successions \u00e0 partir de 2023. Vous d\u00e9couvrirez ici ce qui change et ce \u00e0 quoi les \u0153uvres de bienfaisance doivent pr\u00eater attention.<\/p>\n","protected":false},"author":4,"featured_media":46953,"menu_order":0,"template":"","class_list":["post-59599","ngo_post","type-ngo_post","status-publish","has-post-thumbnail","hentry"],"acf":[],"yoast_head":"<title>R\u00e9vision du droit suisse des successions : qu&#039;est-ce qui change pour les \u0153uvres de bienfaisance ? | DeinAdieu<\/title>\n<meta name=\"description\" content=\"R\u00e9duction de la r\u00e9serve h\u00e9r\u00e9ditaire, augmentation de la quotit\u00e9 disponible : voil\u00e0 les principaux changements apport\u00e9s par la r\u00e9vision du droit suisse des successions pour les organisations caritatives en ce qui concerne les dons et les legs testamentaires.\" \/>\n<meta name=\"robots\" content=\"index, follow, max-snippet:-1, max-image-preview:large, max-video-preview:-1\" \/>\n<link rel=\"canonical\" href=\"https:\/\/www.deinadieu.ch\/fr\/guide-ong\/la-revision-du-droit-suisse-des-successions-quest-ce-qui-change-pour-les-oeuvres-de-bienfaisance\/\" \/>\n<meta property=\"og:locale\" content=\"fr_FR\" \/>\n<meta property=\"og:type\" content=\"article\" \/>\n<meta property=\"og:title\" content=\"La r\u00e9vision du droit suisse des successions : qu&#039;est-ce qui change pour les \u0153uvres de bienfaisance ?\" \/>\n<meta property=\"og:description\" content=\"R\u00e9duction de la r\u00e9serve h\u00e9r\u00e9ditaire, augmentation de la quotit\u00e9 disponible : voil\u00e0 les principaux changements apport\u00e9s par la r\u00e9vision du droit suisse des successions pour les organisations caritatives en ce qui concerne les dons et les legs testamentaires.\" \/>\n<meta property=\"og:url\" content=\"https:\/\/www.deinadieu.ch\/fr\/guide-ong\/la-revision-du-droit-suisse-des-successions-quest-ce-qui-change-pour-les-oeuvres-de-bienfaisance\/\" \/>\n<meta property=\"og:site_name\" content=\"DeinAdieu.ch\" \/>\n<meta property=\"article:publisher\" content=\"https:\/\/www.facebook.com\/deinadieu\" \/>\n<meta property=\"article:modified_time\" content=\"2023-01-06T17:36:32+00:00\" \/>\n<meta property=\"og:image\" content=\"https:\/\/static.deinadieu.ch\/uploads\/2020\/06\/Erbrechtsrevision_die_wichtigsten_Neuerungen_519749280.jpg\" \/>\n\t<meta property=\"og:image:width\" content=\"1280\" \/>\n\t<meta property=\"og:image:height\" content=\"853\" \/>\n\t<meta property=\"og:image:type\" content=\"image\/jpeg\" \/>\n<meta name=\"twitter:card\" content=\"summary_large_image\" \/>\n<meta name=\"twitter:site\" content=\"@DeinAdieu\" \/>\n<meta name=\"twitter:label1\" content=\"Est. reading time\" \/>\n\t<meta name=\"twitter:data1\" content=\"7 minutes\" \/>\n<script type=\"application\/ld+json\" class=\"yoast-schema-graph\">{\"@context\":\"https:\\\/\\\/schema.org\",\"@graph\":[{\"@type\":\"WebPage\",\"@id\":\"https:\\\/\\\/www.deinadieu.ch\\\/fr\\\/guide-ong\\\/la-revision-du-droit-suisse-des-successions-quest-ce-qui-change-pour-les-oeuvres-de-bienfaisance\\\/\",\"url\":\"https:\\\/\\\/www.deinadieu.ch\\\/fr\\\/guide-ong\\\/la-revision-du-droit-suisse-des-successions-quest-ce-qui-change-pour-les-oeuvres-de-bienfaisance\\\/\",\"name\":\"R\u00e9vision du droit suisse des successions : qu'est-ce qui change pour les \u0153uvres de bienfaisance ? | DeinAdieu\",\"isPartOf\":{\"@id\":\"https:\\\/\\\/www.deinadieu.ch\\\/fr\\\/#website\"},\"primaryImageOfPage\":{\"@id\":\"https:\\\/\\\/www.deinadieu.ch\\\/fr\\\/guide-ong\\\/la-revision-du-droit-suisse-des-successions-quest-ce-qui-change-pour-les-oeuvres-de-bienfaisance\\\/#primaryimage\"},\"image\":{\"@id\":\"https:\\\/\\\/www.deinadieu.ch\\\/fr\\\/guide-ong\\\/la-revision-du-droit-suisse-des-successions-quest-ce-qui-change-pour-les-oeuvres-de-bienfaisance\\\/#primaryimage\"},\"thumbnailUrl\":\"https:\\\/\\\/www.deinadieu.ch\\\/wp-content\\\/uploads\\\/2020\\\/06\\\/Erbrechtsrevision_die_wichtigsten_Neuerungen_519749280.jpg\",\"datePublished\":\"2022-08-31T06:44:00+00:00\",\"dateModified\":\"2023-01-06T17:36:32+00:00\",\"description\":\"R\u00e9duction de la r\u00e9serve h\u00e9r\u00e9ditaire, augmentation de la quotit\u00e9 disponible : voil\u00e0 les principaux changements apport\u00e9s par la r\u00e9vision du droit suisse des successions pour les organisations caritatives en ce qui concerne les dons et les legs testamentaires.\",\"breadcrumb\":{\"@id\":\"https:\\\/\\\/www.deinadieu.ch\\\/fr\\\/guide-ong\\\/la-revision-du-droit-suisse-des-successions-quest-ce-qui-change-pour-les-oeuvres-de-bienfaisance\\\/#breadcrumb\"},\"inLanguage\":\"fr-FR\",\"potentialAction\":[{\"@type\":\"ReadAction\",\"target\":[\"https:\\\/\\\/www.deinadieu.ch\\\/fr\\\/guide-ong\\\/la-revision-du-droit-suisse-des-successions-quest-ce-qui-change-pour-les-oeuvres-de-bienfaisance\\\/\"]}]},{\"@type\":\"ImageObject\",\"inLanguage\":\"fr-FR\",\"@id\":\"https:\\\/\\\/www.deinadieu.ch\\\/fr\\\/guide-ong\\\/la-revision-du-droit-suisse-des-successions-quest-ce-qui-change-pour-les-oeuvres-de-bienfaisance\\\/#primaryimage\",\"url\":\"https:\\\/\\\/www.deinadieu.ch\\\/wp-content\\\/uploads\\\/2020\\\/06\\\/Erbrechtsrevision_die_wichtigsten_Neuerungen_519749280.jpg\",\"contentUrl\":\"https:\\\/\\\/www.deinadieu.ch\\\/wp-content\\\/uploads\\\/2020\\\/06\\\/Erbrechtsrevision_die_wichtigsten_Neuerungen_519749280.jpg\",\"width\":1280,\"height\":853,\"caption\":\"R\u00e9vision du droit des successions \u2013 Les principales nouveaut\u00e9s (image : iStock)\"},{\"@type\":\"BreadcrumbList\",\"@id\":\"https:\\\/\\\/www.deinadieu.ch\\\/fr\\\/guide-ong\\\/la-revision-du-droit-suisse-des-successions-quest-ce-qui-change-pour-les-oeuvres-de-bienfaisance\\\/#breadcrumb\",\"itemListElement\":[{\"@type\":\"ListItem\",\"position\":1,\"name\":\"Home\",\"item\":\"https:\\\/\\\/www.deinadieu.ch\\\/fr\\\/deinadieu-dialog-und-serviceportal-zum-lebensende\\\/\"},{\"@type\":\"ListItem\",\"position\":2,\"name\":\"Organisationen\",\"item\":\"https:\\\/\\\/www.deinadieu.ch\\\/fr\\\/guide-ong\\\/\"},{\"@type\":\"ListItem\",\"position\":3,\"name\":\"La r\u00e9vision du droit suisse des successions : qu&#8217;est-ce qui change pour les \u0153uvres de bienfaisance ?\"}]},{\"@type\":\"WebSite\",\"@id\":\"https:\\\/\\\/www.deinadieu.ch\\\/fr\\\/#website\",\"url\":\"https:\\\/\\\/www.deinadieu.ch\\\/fr\\\/\",\"name\":\"DeinAdieu.ch\",\"description\":\"Testament, Patientenverf\u00fcgung und Vorsorgeauftrag\",\"publisher\":{\"@id\":\"https:\\\/\\\/www.deinadieu.ch\\\/fr\\\/#organization\"},\"potentialAction\":[{\"@type\":\"SearchAction\",\"target\":{\"@type\":\"EntryPoint\",\"urlTemplate\":\"https:\\\/\\\/www.deinadieu.ch\\\/fr\\\/?s={search_term_string}\"},\"query-input\":{\"@type\":\"PropertyValueSpecification\",\"valueRequired\":true,\"valueName\":\"search_term_string\"}}],\"inLanguage\":\"fr-FR\"},{\"@type\":\"Organization\",\"@id\":\"https:\\\/\\\/www.deinadieu.ch\\\/fr\\\/#organization\",\"name\":\"EMNA Web GmbH\",\"url\":\"https:\\\/\\\/www.deinadieu.ch\\\/fr\\\/\",\"logo\":{\"@type\":\"ImageObject\",\"inLanguage\":\"fr-FR\",\"@id\":\"https:\\\/\\\/www.deinadieu.ch\\\/fr\\\/#\\\/schema\\\/logo\\\/image\\\/\",\"url\":\"https:\\\/\\\/www.deinadieu.ch\\\/wp-content\\\/uploads\\\/2016\\\/01\\\/DeinAdieu_Logo.png\",\"contentUrl\":\"https:\\\/\\\/www.deinadieu.ch\\\/wp-content\\\/uploads\\\/2016\\\/01\\\/DeinAdieu_Logo.png\",\"width\":300,\"height\":117,\"caption\":\"EMNA Web GmbH\"},\"image\":{\"@id\":\"https:\\\/\\\/www.deinadieu.ch\\\/fr\\\/#\\\/schema\\\/logo\\\/image\\\/\"},\"sameAs\":[\"https:\\\/\\\/www.facebook.com\\\/deinadieu\",\"https:\\\/\\\/x.com\\\/DeinAdieu\",\"https:\\\/\\\/www.instagram.com\\\/deinadieu\\\/\",\"https:\\\/\\\/www.linkedin.com\\\/company\\\/deinadieu.ch\"]}]}<\/script>","yoast_head_json":{"title":"R\u00e9vision du droit suisse des successions : qu'est-ce qui change pour les \u0153uvres de bienfaisance ? | DeinAdieu","description":"R\u00e9duction de la r\u00e9serve h\u00e9r\u00e9ditaire, augmentation de la quotit\u00e9 disponible : voil\u00e0 les principaux changements apport\u00e9s par la r\u00e9vision du droit suisse des successions pour les organisations caritatives en ce qui concerne les dons et les legs testamentaires.","robots":{"index":"index","follow":"follow","max-snippet":"max-snippet:-1","max-image-preview":"max-image-preview:large","max-video-preview":"max-video-preview:-1"},"canonical":"https:\/\/www.deinadieu.ch\/fr\/guide-ong\/la-revision-du-droit-suisse-des-successions-quest-ce-qui-change-pour-les-oeuvres-de-bienfaisance\/","og_locale":"fr_FR","og_type":"article","og_title":"La r\u00e9vision du droit suisse des successions : qu'est-ce qui change pour les \u0153uvres de bienfaisance ?","og_description":"R\u00e9duction de la r\u00e9serve h\u00e9r\u00e9ditaire, augmentation de la quotit\u00e9 disponible : voil\u00e0 les principaux changements apport\u00e9s par la r\u00e9vision du droit suisse des successions pour les organisations caritatives en ce qui concerne les dons et les legs testamentaires.","og_url":"https:\/\/www.deinadieu.ch\/fr\/guide-ong\/la-revision-du-droit-suisse-des-successions-quest-ce-qui-change-pour-les-oeuvres-de-bienfaisance\/","og_site_name":"DeinAdieu.ch","article_publisher":"https:\/\/www.facebook.com\/deinadieu","article_modified_time":"2023-01-06T17:36:32+00:00","og_image":[{"width":1280,"height":853,"url":"https:\/\/static.deinadieu.ch\/uploads\/2020\/06\/Erbrechtsrevision_die_wichtigsten_Neuerungen_519749280.jpg","type":"image\/jpeg"}],"twitter_card":"summary_large_image","twitter_site":"@DeinAdieu","twitter_misc":{"Est. reading time":"7 minutes"},"schema":{"@context":"https:\/\/schema.org","@graph":[{"@type":"WebPage","@id":"https:\/\/www.deinadieu.ch\/fr\/guide-ong\/la-revision-du-droit-suisse-des-successions-quest-ce-qui-change-pour-les-oeuvres-de-bienfaisance\/","url":"https:\/\/www.deinadieu.ch\/fr\/guide-ong\/la-revision-du-droit-suisse-des-successions-quest-ce-qui-change-pour-les-oeuvres-de-bienfaisance\/","name":"R\u00e9vision du droit suisse des successions : qu'est-ce qui change pour les \u0153uvres de bienfaisance ? | DeinAdieu","isPartOf":{"@id":"https:\/\/www.deinadieu.ch\/fr\/#website"},"primaryImageOfPage":{"@id":"https:\/\/www.deinadieu.ch\/fr\/guide-ong\/la-revision-du-droit-suisse-des-successions-quest-ce-qui-change-pour-les-oeuvres-de-bienfaisance\/#primaryimage"},"image":{"@id":"https:\/\/www.deinadieu.ch\/fr\/guide-ong\/la-revision-du-droit-suisse-des-successions-quest-ce-qui-change-pour-les-oeuvres-de-bienfaisance\/#primaryimage"},"thumbnailUrl":"https:\/\/www.deinadieu.ch\/wp-content\/uploads\/2020\/06\/Erbrechtsrevision_die_wichtigsten_Neuerungen_519749280.jpg","datePublished":"2022-08-31T06:44:00+00:00","dateModified":"2023-01-06T17:36:32+00:00","description":"R\u00e9duction de la r\u00e9serve h\u00e9r\u00e9ditaire, augmentation de la quotit\u00e9 disponible : voil\u00e0 les principaux changements apport\u00e9s par la r\u00e9vision du droit suisse des successions pour les organisations caritatives en ce qui concerne les dons et les legs testamentaires.","breadcrumb":{"@id":"https:\/\/www.deinadieu.ch\/fr\/guide-ong\/la-revision-du-droit-suisse-des-successions-quest-ce-qui-change-pour-les-oeuvres-de-bienfaisance\/#breadcrumb"},"inLanguage":"fr-FR","potentialAction":[{"@type":"ReadAction","target":["https:\/\/www.deinadieu.ch\/fr\/guide-ong\/la-revision-du-droit-suisse-des-successions-quest-ce-qui-change-pour-les-oeuvres-de-bienfaisance\/"]}]},{"@type":"ImageObject","inLanguage":"fr-FR","@id":"https:\/\/www.deinadieu.ch\/fr\/guide-ong\/la-revision-du-droit-suisse-des-successions-quest-ce-qui-change-pour-les-oeuvres-de-bienfaisance\/#primaryimage","url":"https:\/\/www.deinadieu.ch\/wp-content\/uploads\/2020\/06\/Erbrechtsrevision_die_wichtigsten_Neuerungen_519749280.jpg","contentUrl":"https:\/\/www.deinadieu.ch\/wp-content\/uploads\/2020\/06\/Erbrechtsrevision_die_wichtigsten_Neuerungen_519749280.jpg","width":1280,"height":853,"caption":"R\u00e9vision du droit des successions \u2013 Les principales nouveaut\u00e9s (image : iStock)"},{"@type":"BreadcrumbList","@id":"https:\/\/www.deinadieu.ch\/fr\/guide-ong\/la-revision-du-droit-suisse-des-successions-quest-ce-qui-change-pour-les-oeuvres-de-bienfaisance\/#breadcrumb","itemListElement":[{"@type":"ListItem","position":1,"name":"Home","item":"https:\/\/www.deinadieu.ch\/fr\/deinadieu-dialog-und-serviceportal-zum-lebensende\/"},{"@type":"ListItem","position":2,"name":"Organisationen","item":"https:\/\/www.deinadieu.ch\/fr\/guide-ong\/"},{"@type":"ListItem","position":3,"name":"La r\u00e9vision du droit suisse des successions : qu&#8217;est-ce qui change pour les \u0153uvres de bienfaisance ?"}]},{"@type":"WebSite","@id":"https:\/\/www.deinadieu.ch\/fr\/#website","url":"https:\/\/www.deinadieu.ch\/fr\/","name":"DeinAdieu.ch","description":"Testament, Patientenverf\u00fcgung und Vorsorgeauftrag","publisher":{"@id":"https:\/\/www.deinadieu.ch\/fr\/#organization"},"potentialAction":[{"@type":"SearchAction","target":{"@type":"EntryPoint","urlTemplate":"https:\/\/www.deinadieu.ch\/fr\/?s={search_term_string}"},"query-input":{"@type":"PropertyValueSpecification","valueRequired":true,"valueName":"search_term_string"}}],"inLanguage":"fr-FR"},{"@type":"Organization","@id":"https:\/\/www.deinadieu.ch\/fr\/#organization","name":"EMNA Web GmbH","url":"https:\/\/www.deinadieu.ch\/fr\/","logo":{"@type":"ImageObject","inLanguage":"fr-FR","@id":"https:\/\/www.deinadieu.ch\/fr\/#\/schema\/logo\/image\/","url":"https:\/\/www.deinadieu.ch\/wp-content\/uploads\/2016\/01\/DeinAdieu_Logo.png","contentUrl":"https:\/\/www.deinadieu.ch\/wp-content\/uploads\/2016\/01\/DeinAdieu_Logo.png","width":300,"height":117,"caption":"EMNA Web GmbH"},"image":{"@id":"https:\/\/www.deinadieu.ch\/fr\/#\/schema\/logo\/image\/"},"sameAs":["https:\/\/www.facebook.com\/deinadieu","https:\/\/x.com\/DeinAdieu","https:\/\/www.instagram.com\/deinadieu\/","https:\/\/www.linkedin.com\/company\/deinadieu.ch"]}]}},"_links":{"self":[{"href":"https:\/\/www.deinadieu.ch\/fr\/wp-json\/wp\/v2\/ngo_post\/59599","targetHints":{"allow":["GET"]}}],"collection":[{"href":"https:\/\/www.deinadieu.ch\/fr\/wp-json\/wp\/v2\/ngo_post"}],"about":[{"href":"https:\/\/www.deinadieu.ch\/fr\/wp-json\/wp\/v2\/types\/ngo_post"}],"author":[{"embeddable":true,"href":"https:\/\/www.deinadieu.ch\/fr\/wp-json\/wp\/v2\/users\/4"}],"version-history":[{"count":8,"href":"https:\/\/www.deinadieu.ch\/fr\/wp-json\/wp\/v2\/ngo_post\/59599\/revisions"}],"predecessor-version":[{"id":61186,"href":"https:\/\/www.deinadieu.ch\/fr\/wp-json\/wp\/v2\/ngo_post\/59599\/revisions\/61186"}],"wp:featuredmedia":[{"embeddable":true,"href":"https:\/\/www.deinadieu.ch\/fr\/wp-json\/wp\/v2\/media\/46953"}],"wp:attachment":[{"href":"https:\/\/www.deinadieu.ch\/fr\/wp-json\/wp\/v2\/media?parent=59599"}],"curies":[{"name":"wp","href":"https:\/\/api.w.org\/{rel}","templated":true}]}}