{"id":2379,"name":"Martin Schuppli, Autor","url":"","description":"Martin Schuppli, *1955. Ich arbeitete w\u00e4hrend 30 Jahren als Journalist bei Ringier AG. 1982 begann ich als Produzent beim Blick, schrieb sp\u00e4ter f\u00fcr SonntagsBlick, Gesundheit-Sprechstunde und Schweizer Illustrierte. 2009 machte ich mich selbstst\u00e4ndig. Motto: \u00abIch schreibe mich durchs Leben.\u00bb  Seit 2015 arbeitete ich zusammen mit Nicolas Gehrig, CEO  und dem Team daran, das Webportal DeinAdieu aufzubauen. Hier kann ich schreiben. Und zwar \u00fcber das, was die Menschen am meisten interessiert. \u00dcber Menschen.","link":"https:\/\/www.deinadieu.ch\/en\/author\/martin-schuppli\/","slug":"martin-schuppli","avatar_urls":{"24":"https:\/\/secure.gravatar.com\/avatar\/8a166042ac43b389baedddb69454e2bf7f4363dc3d41f37039595cc8daa42c4c?s=24&d=mm&r=g","48":"https:\/\/secure.gravatar.com\/avatar\/8a166042ac43b389baedddb69454e2bf7f4363dc3d41f37039595cc8daa42c4c?s=48&d=mm&r=g","96":"https:\/\/secure.gravatar.com\/avatar\/8a166042ac43b389baedddb69454e2bf7f4363dc3d41f37039595cc8daa42c4c?s=96&d=mm&r=g"},"meta":[],"acf":[],"simple_local_avatar":null,"yoast_head":"<title>Martin Schuppli, Autor<\/title>\n<meta name=\"description\" content=\"Martin Schuppli, Jahrgang 1955, bezeichnet sich als Schreiber mit Leib &amp; Seele. \u00abBereits als 16j\u00e4hriger Sekundarsch\u00fcler schaffte ich es, einen Artikel \u00fcber den Z\u00fcrcher Lindenhofbunker in der damaligen National-Zeitung (sie erschien in Basel) zu ver\u00f6ffentlichen. Logisch, dass ich 1972 die KV-Lehre bei der Jean Frey AG in Z\u00fcrich antrat. Dort lernte ich die ersten BLICK-Leute kennen. 1982 bot ihm der damalige BLICK-Chefredaktor Peter Uebersax einen Job als Produzent an. Vier Jahre sp\u00e4ter nahm Peter Rothenb\u00fchler mich als jungen Journalisten mit zum SonntagsBlick. 16 Jahre sp\u00e4ter holte der heutige Ringier-CEO Marc Walder den Allrounder zur Schweizer Illustrierten. 30 Jahre arbeitete ich in unterschiedlichsten Funktionen bei Ringier in Z\u00fcrich. In dieser Zeit wurde ich Vater von Zwillingsm\u00e4dchen. 2009 machte ich mich selbstst\u00e4ndig. Schreibe mich durchs Leben. 2015 beschlossen Nicolas Gehrig, CEO und Hasan Parag, Chef-Entwicklung, die Webplattform DeinAdieu zu realisieren. Ein Gl\u00fccksfall f\u00fcr mich. Endlich konnte ich Geschichten \u00fcber Menschen. Denn die Menschen sind es, die sich f\u00fcr Menschen interessieren.\" \/>\n<meta name=\"robots\" content=\"index, follow, max-snippet:-1, max-image-preview:large, max-video-preview:-1\" \/>\n<link rel=\"canonical\" href=\"https:\/\/www.deinadieu.ch\/en\/author\/martin-schuppli\/\" \/>\n<meta property=\"og:locale\" content=\"en_US\" \/>\n<meta property=\"og:type\" content=\"profile\" \/>\n<meta property=\"og:title\" content=\"Martin Schuppli, Autor\" \/>\n<meta property=\"og:url\" content=\"https:\/\/www.deinadieu.ch\/author\/martin-schuppli\/\" \/>\n<meta property=\"og:site_name\" content=\"DeinAdieu.ch\" \/>\n<meta property=\"og:image\" content=\"https:\/\/secure.gravatar.com\/avatar\/a238f585f0b292516344916d87abb139?s=500&d=mm&r=g\" \/>\n<meta name=\"twitter:card\" content=\"summary_large_image\" \/>\n<meta name=\"twitter:site\" content=\"@DeinAdieu\" \/>\n<script type=\"application\/ld+json\" class=\"yoast-schema-graph\">{\"@context\":\"https:\\\/\\\/schema.org\",\"@graph\":[{\"@type\":\"ProfilePage\",\"@id\":\"https:\\\/\\\/www.deinadieu.ch\\\/author\\\/martin-schuppli\\\/\",\"url\":\"https:\\\/\\\/www.deinadieu.ch\\\/author\\\/martin-schuppli\\\/\",\"name\":\"Martin Schuppli, Autor\",\"isPartOf\":{\"@id\":\"https:\\\/\\\/www.deinadieu.ch\\\/en\\\/#website\"},\"description\":\"Martin Schuppli, Jahrgang 1955, bezeichnet sich als Schreiber mit Leib & Seele. \u00abBereits als 16j\u00e4hriger Sekundarsch\u00fcler schaffte ich es, einen Artikel \u00fcber den Z\u00fcrcher Lindenhofbunker in der damaligen National-Zeitung (sie erschien in Basel) zu ver\u00f6ffentlichen. Logisch, dass ich 1972 die KV-Lehre bei der Jean Frey AG in Z\u00fcrich antrat. Dort lernte ich die ersten BLICK-Leute kennen. 1982 bot ihm der damalige BLICK-Chefredaktor Peter Uebersax einen Job als Produzent an. Vier Jahre sp\u00e4ter nahm Peter Rothenb\u00fchler mich als jungen Journalisten mit zum SonntagsBlick. 16 Jahre sp\u00e4ter holte der heutige Ringier-CEO Marc Walder den Allrounder zur Schweizer Illustrierten. 30 Jahre arbeitete ich in unterschiedlichsten Funktionen bei Ringier in Z\u00fcrich. In dieser Zeit wurde ich Vater von Zwillingsm\u00e4dchen. 2009 machte ich mich selbstst\u00e4ndig. Schreibe mich durchs Leben. 2015 beschlossen Nicolas Gehrig, CEO und Hasan Parag, Chef-Entwicklung, die Webplattform DeinAdieu zu realisieren. Ein Gl\u00fccksfall f\u00fcr mich. Endlich konnte ich Geschichten \u00fcber Menschen. Denn die Menschen sind es, die sich f\u00fcr Menschen interessieren.\",\"breadcrumb\":{\"@id\":\"https:\\\/\\\/www.deinadieu.ch\\\/author\\\/martin-schuppli\\\/#breadcrumb\"},\"inLanguage\":\"en-US\",\"potentialAction\":[{\"@type\":\"ReadAction\",\"target\":[\"https:\\\/\\\/www.deinadieu.ch\\\/author\\\/martin-schuppli\\\/\"]}]},{\"@type\":\"BreadcrumbList\",\"@id\":\"https:\\\/\\\/www.deinadieu.ch\\\/author\\\/martin-schuppli\\\/#breadcrumb\",\"itemListElement\":[{\"@type\":\"ListItem\",\"position\":1,\"name\":\"Home\",\"item\":\"https:\\\/\\\/www.deinadieu.ch\\\/en\\\/deinadieu-dialog-und-serviceportal-zum-lebensende\\\/\"},{\"@type\":\"ListItem\",\"position\":2,\"name\":\"Archiv f\u00fcr Martin Schuppli, Autor\"}]},{\"@type\":\"WebSite\",\"@id\":\"https:\\\/\\\/www.deinadieu.ch\\\/en\\\/#website\",\"url\":\"https:\\\/\\\/www.deinadieu.ch\\\/en\\\/\",\"name\":\"DeinAdieu.ch\",\"description\":\"Testament, Patientenverf\u00fcgung und Vorsorgeauftrag\",\"publisher\":{\"@id\":\"https:\\\/\\\/www.deinadieu.ch\\\/en\\\/#organization\"},\"potentialAction\":[{\"@type\":\"SearchAction\",\"target\":{\"@type\":\"EntryPoint\",\"urlTemplate\":\"https:\\\/\\\/www.deinadieu.ch\\\/en\\\/?s={search_term_string}\"},\"query-input\":{\"@type\":\"PropertyValueSpecification\",\"valueRequired\":true,\"valueName\":\"search_term_string\"}}],\"inLanguage\":\"en-US\"},{\"@type\":\"Organization\",\"@id\":\"https:\\\/\\\/www.deinadieu.ch\\\/en\\\/#organization\",\"name\":\"EMNA Web GmbH\",\"url\":\"https:\\\/\\\/www.deinadieu.ch\\\/en\\\/\",\"logo\":{\"@type\":\"ImageObject\",\"inLanguage\":\"en-US\",\"@id\":\"https:\\\/\\\/www.deinadieu.ch\\\/en\\\/#\\\/schema\\\/logo\\\/image\\\/\",\"url\":\"https:\\\/\\\/www.deinadieu.ch\\\/wp-content\\\/uploads\\\/2016\\\/01\\\/DeinAdieu_Logo.png\",\"contentUrl\":\"https:\\\/\\\/www.deinadieu.ch\\\/wp-content\\\/uploads\\\/2016\\\/01\\\/DeinAdieu_Logo.png\",\"width\":300,\"height\":117,\"caption\":\"EMNA Web GmbH\"},\"image\":{\"@id\":\"https:\\\/\\\/www.deinadieu.ch\\\/en\\\/#\\\/schema\\\/logo\\\/image\\\/\"},\"sameAs\":[\"https:\\\/\\\/www.facebook.com\\\/deinadieu\",\"https:\\\/\\\/x.com\\\/DeinAdieu\",\"https:\\\/\\\/www.instagram.com\\\/deinadieu\\\/\",\"https:\\\/\\\/www.linkedin.com\\\/company\\\/deinadieu.ch\"]},{\"@type\":\"Person\",\"@id\":\"https:\\\/\\\/www.deinadieu.ch\\\/en\\\/#\\\/schema\\\/person\\\/4c245752ed60edffba2d7fc2cdd4175b\",\"name\":\"Martin Schuppli, Autor\",\"image\":{\"@type\":\"ImageObject\",\"inLanguage\":\"en-US\",\"@id\":\"https:\\\/\\\/secure.gravatar.com\\\/avatar\\\/8a166042ac43b389baedddb69454e2bf7f4363dc3d41f37039595cc8daa42c4c?s=96&d=mm&r=g\",\"url\":\"https:\\\/\\\/secure.gravatar.com\\\/avatar\\\/8a166042ac43b389baedddb69454e2bf7f4363dc3d41f37039595cc8daa42c4c?s=96&d=mm&r=g\",\"contentUrl\":\"https:\\\/\\\/secure.gravatar.com\\\/avatar\\\/8a166042ac43b389baedddb69454e2bf7f4363dc3d41f37039595cc8daa42c4c?s=96&d=mm&r=g\",\"caption\":\"Martin Schuppli, Autor\"},\"description\":\"Martin Schuppli, *1955. Ich arbeitete w\u00e4hrend 30 Jahren als Journalist bei Ringier AG. 1982 begann ich als Produzent beim Blick, schrieb sp\u00e4ter f\u00fcr SonntagsBlick, Gesundheit-Sprechstunde und Schweizer Illustrierte. 2009 machte ich mich selbstst\u00e4ndig. Motto: \u00abIch schreibe mich durchs Leben.\u00bb Seit 2015 arbeitete ich zusammen mit Nicolas Gehrig, CEO und dem Team daran, das Webportal DeinAdieu aufzubauen. Hier kann ich schreiben. Und zwar \u00fcber das, was die Menschen am meisten interessiert. \u00dcber Menschen.\",\"mainEntityOfPage\":{\"@id\":\"https:\\\/\\\/www.deinadieu.ch\\\/author\\\/martin-schuppli\\\/\"}}]}<\/script>","yoast_head_json":{"title":"Martin Schuppli, Autor","description":"Martin Schuppli, Jahrgang 1955, bezeichnet sich als Schreiber mit Leib & Seele. \u00abBereits als 16j\u00e4hriger Sekundarsch\u00fcler schaffte ich es, einen Artikel \u00fcber den Z\u00fcrcher Lindenhofbunker in der damaligen National-Zeitung (sie erschien in Basel) zu ver\u00f6ffentlichen. Logisch, dass ich 1972 die KV-Lehre bei der Jean Frey AG in Z\u00fcrich antrat. Dort lernte ich die ersten BLICK-Leute kennen. 1982 bot ihm der damalige BLICK-Chefredaktor Peter Uebersax einen Job als Produzent an. Vier Jahre sp\u00e4ter nahm Peter Rothenb\u00fchler mich als jungen Journalisten mit zum SonntagsBlick. 16 Jahre sp\u00e4ter holte der heutige Ringier-CEO Marc Walder den Allrounder zur Schweizer Illustrierten. 30 Jahre arbeitete ich in unterschiedlichsten Funktionen bei Ringier in Z\u00fcrich. In dieser Zeit wurde ich Vater von Zwillingsm\u00e4dchen. 2009 machte ich mich selbstst\u00e4ndig. Schreibe mich durchs Leben. 2015 beschlossen Nicolas Gehrig, CEO und Hasan Parag, Chef-Entwicklung, die Webplattform DeinAdieu zu realisieren. Ein Gl\u00fccksfall f\u00fcr mich. Endlich konnte ich Geschichten \u00fcber Menschen. Denn die Menschen sind es, die sich f\u00fcr Menschen interessieren.","robots":{"index":"index","follow":"follow","max-snippet":"max-snippet:-1","max-image-preview":"max-image-preview:large","max-video-preview":"max-video-preview:-1"},"canonical":"https:\/\/www.deinadieu.ch\/en\/author\/martin-schuppli\/","og_locale":"en_US","og_type":"profile","og_title":"Martin Schuppli, Autor","og_url":"https:\/\/www.deinadieu.ch\/author\/martin-schuppli\/","og_site_name":"DeinAdieu.ch","og_image":[{"url":"https:\/\/secure.gravatar.com\/avatar\/a238f585f0b292516344916d87abb139?s=500&d=mm&r=g","type":"","width":"","height":""}],"twitter_card":"summary_large_image","twitter_site":"@DeinAdieu","schema":{"@context":"https:\/\/schema.org","@graph":[{"@type":"ProfilePage","@id":"https:\/\/www.deinadieu.ch\/author\/martin-schuppli\/","url":"https:\/\/www.deinadieu.ch\/author\/martin-schuppli\/","name":"Martin Schuppli, Autor","isPartOf":{"@id":"https:\/\/www.deinadieu.ch\/en\/#website"},"description":"Martin Schuppli, Jahrgang 1955, bezeichnet sich als Schreiber mit Leib & Seele. \u00abBereits als 16j\u00e4hriger Sekundarsch\u00fcler schaffte ich es, einen Artikel \u00fcber den Z\u00fcrcher Lindenhofbunker in der damaligen National-Zeitung (sie erschien in Basel) zu ver\u00f6ffentlichen. Logisch, dass ich 1972 die KV-Lehre bei der Jean Frey AG in Z\u00fcrich antrat. Dort lernte ich die ersten BLICK-Leute kennen. 1982 bot ihm der damalige BLICK-Chefredaktor Peter Uebersax einen Job als Produzent an. Vier Jahre sp\u00e4ter nahm Peter Rothenb\u00fchler mich als jungen Journalisten mit zum SonntagsBlick. 16 Jahre sp\u00e4ter holte der heutige Ringier-CEO Marc Walder den Allrounder zur Schweizer Illustrierten. 30 Jahre arbeitete ich in unterschiedlichsten Funktionen bei Ringier in Z\u00fcrich. In dieser Zeit wurde ich Vater von Zwillingsm\u00e4dchen. 2009 machte ich mich selbstst\u00e4ndig. Schreibe mich durchs Leben. 2015 beschlossen Nicolas Gehrig, CEO und Hasan Parag, Chef-Entwicklung, die Webplattform DeinAdieu zu realisieren. Ein Gl\u00fccksfall f\u00fcr mich. Endlich konnte ich Geschichten \u00fcber Menschen. Denn die Menschen sind es, die sich f\u00fcr Menschen interessieren.","breadcrumb":{"@id":"https:\/\/www.deinadieu.ch\/author\/martin-schuppli\/#breadcrumb"},"inLanguage":"en-US","potentialAction":[{"@type":"ReadAction","target":["https:\/\/www.deinadieu.ch\/author\/martin-schuppli\/"]}]},{"@type":"BreadcrumbList","@id":"https:\/\/www.deinadieu.ch\/author\/martin-schuppli\/#breadcrumb","itemListElement":[{"@type":"ListItem","position":1,"name":"Home","item":"https:\/\/www.deinadieu.ch\/en\/deinadieu-dialog-und-serviceportal-zum-lebensende\/"},{"@type":"ListItem","position":2,"name":"Archiv f\u00fcr Martin Schuppli, Autor"}]},{"@type":"WebSite","@id":"https:\/\/www.deinadieu.ch\/en\/#website","url":"https:\/\/www.deinadieu.ch\/en\/","name":"DeinAdieu.ch","description":"Testament, Patientenverf\u00fcgung und Vorsorgeauftrag","publisher":{"@id":"https:\/\/www.deinadieu.ch\/en\/#organization"},"potentialAction":[{"@type":"SearchAction","target":{"@type":"EntryPoint","urlTemplate":"https:\/\/www.deinadieu.ch\/en\/?s={search_term_string}"},"query-input":{"@type":"PropertyValueSpecification","valueRequired":true,"valueName":"search_term_string"}}],"inLanguage":"en-US"},{"@type":"Organization","@id":"https:\/\/www.deinadieu.ch\/en\/#organization","name":"EMNA Web GmbH","url":"https:\/\/www.deinadieu.ch\/en\/","logo":{"@type":"ImageObject","inLanguage":"en-US","@id":"https:\/\/www.deinadieu.ch\/en\/#\/schema\/logo\/image\/","url":"https:\/\/www.deinadieu.ch\/wp-content\/uploads\/2016\/01\/DeinAdieu_Logo.png","contentUrl":"https:\/\/www.deinadieu.ch\/wp-content\/uploads\/2016\/01\/DeinAdieu_Logo.png","width":300,"height":117,"caption":"EMNA Web GmbH"},"image":{"@id":"https:\/\/www.deinadieu.ch\/en\/#\/schema\/logo\/image\/"},"sameAs":["https:\/\/www.facebook.com\/deinadieu","https:\/\/x.com\/DeinAdieu","https:\/\/www.instagram.com\/deinadieu\/","https:\/\/www.linkedin.com\/company\/deinadieu.ch"]},{"@type":"Person","@id":"https:\/\/www.deinadieu.ch\/en\/#\/schema\/person\/4c245752ed60edffba2d7fc2cdd4175b","name":"Martin Schuppli, Autor","image":{"@type":"ImageObject","inLanguage":"en-US","@id":"https:\/\/secure.gravatar.com\/avatar\/8a166042ac43b389baedddb69454e2bf7f4363dc3d41f37039595cc8daa42c4c?s=96&d=mm&r=g","url":"https:\/\/secure.gravatar.com\/avatar\/8a166042ac43b389baedddb69454e2bf7f4363dc3d41f37039595cc8daa42c4c?s=96&d=mm&r=g","contentUrl":"https:\/\/secure.gravatar.com\/avatar\/8a166042ac43b389baedddb69454e2bf7f4363dc3d41f37039595cc8daa42c4c?s=96&d=mm&r=g","caption":"Martin Schuppli, Autor"},"description":"Martin Schuppli, *1955. Ich arbeitete w\u00e4hrend 30 Jahren als Journalist bei Ringier AG. 1982 begann ich als Produzent beim Blick, schrieb sp\u00e4ter f\u00fcr SonntagsBlick, Gesundheit-Sprechstunde und Schweizer Illustrierte. 2009 machte ich mich selbstst\u00e4ndig. Motto: \u00abIch schreibe mich durchs Leben.\u00bb Seit 2015 arbeitete ich zusammen mit Nicolas Gehrig, CEO und dem Team daran, das Webportal DeinAdieu aufzubauen. Hier kann ich schreiben. Und zwar \u00fcber das, was die Menschen am meisten interessiert. \u00dcber Menschen.","mainEntityOfPage":{"@id":"https:\/\/www.deinadieu.ch\/author\/martin-schuppli\/"}}]}},"_links":{"self":[{"href":"https:\/\/www.deinadieu.ch\/en\/wp-json\/wp\/v2\/users\/2379","targetHints":{"allow":["GET"]}}],"collection":[{"href":"https:\/\/www.deinadieu.ch\/en\/wp-json\/wp\/v2\/users"}]}}