{"id":61346,"date":"2022-12-24T08:04:18","date_gmt":"2022-12-24T07:04:18","guid":{"rendered":"https:\/\/www.deinadieu.ch\/our-railway-has-been-witness-to-the-citys-first-period-of-rapid-development\/"},"modified":"2024-03-25T15:27:00","modified_gmt":"2024-03-25T14:27:00","slug":"our-railway-has-been-witness-to-the-citys-first-period-of-rapid-development","status":"publish","type":"post","link":"https:\/\/www.deinadieu.ch\/en\/our-railway-has-been-witness-to-the-citys-first-period-of-rapid-development\/","title":{"rendered":"&#8220;Our railway has been witness to the city\u2019s first period of rapid development&#8221;"},"content":{"rendered":"\n<p>Walter Huber is fascinated by trains. He is a member of the Verein Z\u00fcrcher Museumsbahn (ZMB), has trained as a shunting locomotive driver and cooks for guests on the historic railway whilst they travel on the train through the centre of Z\u00fcrich.<\/p>\n\n<!--more-->\n\n<p>The Z\u00fcrcher Museums-Bahn is a historic railway in the centre of Z\u00fcrich. It runs on the Sihltal line\u2019s tracks amidst the city railway traffic between Z\u00fcrich\u2019s main railway station or Wiedikon and Sihlbrugg. Walter Huber joined the <a href=\"https:\/\/www.deinadieu.ch\/en\/nonprofit-organizations\/\">Verein Z\u00fcrcher Museumsbahn ZMB<\/a> less than a year after the association was established in 1997. The purpose of the association is to collect, renovate and preserve historic railway vehicles. The train always runs on the last Sunday of the month for the public, from Easter (April) to the end of October and on St. Nicholas Day.<\/p>\n\n<p><\/p>\n\n<p><strong>Walter Huber, why do we need the ZMB?<\/strong><\/p>\n\n<p>We preserve and run the old vehicles belonging to the Sihltal line. Our vehicles previously all ran in the Sihl valley and are witnesses to industrialisation and the first period of rapid development in the city of Z\u00fcrich. As such, we are preserving industrial cultural heritage and we are able to bring the history of the railway in the canton of Z\u00fcrich to life, especially for young people, and offer families an amazing experience.<\/p>\n\n<p><\/p>\n\n<p><strong>How did you come to join the association?<\/strong><\/p>\n\n<p>I was inspired by an advert in a model railway publication. It said &#8220;You can become a train engineer with us&#8221;. It took quite a long time for that to actually happen.<\/p>\n\n<p><\/p>\n\n<p><strong>What is this fascination all about?<\/strong><\/p>\n\n<p>As a system, the railway became a huge challenge over the years. The requirements for the system have increased massively. I am fascinated that I have been able to keep up with the technological changes to date. I would also like to make my contribution to ensuring that there are still volunteers who bring this connection between the past and present to life in the future.<\/p>\n\n<p><strong>What is your role in the association?<\/strong><\/p>\n\n<p>As well as direct activities relating to driving trains, I carry out a number of tasks. I have been able to learn so much and make a huge impact here. I have been the treasurer since I joined the association. I also work as a cook in the galley wagon. We cook fresh meals for our guests whilst the train is travelling along. Then I trained as a shunting locomotive driver and gained a national licence. My first vocational training was as a hotel management assistant. I now work as a fiduciary. I am particularly proud that my eldest daughter is now my boss.<\/p>\n\n<figure class=\"wp-block-gallery has-nested-images columns-default is-cropped wp-block-gallery-1 is-layout-flex wp-block-gallery-is-layout-flex\">\n<figure class=\"wp-block-image size-large\"><img loading=\"lazy\" decoding=\"async\" width=\"1024\" height=\"683\" data-id=\"61086\" src=\"https:\/\/www.deinadieu.ch\/wp-content\/uploads\/2022\/12\/museumsbahn_0079-1024x683.jpg\" alt=\"\" class=\"wp-image-61086\" srcset=\"https:\/\/www.deinadieu.ch\/wp-content\/uploads\/2022\/12\/museumsbahn_0079-1024x683.jpg 1024w, https:\/\/www.deinadieu.ch\/wp-content\/uploads\/2022\/12\/museumsbahn_0079-300x200.jpg 300w, https:\/\/www.deinadieu.ch\/wp-content\/uploads\/2022\/12\/museumsbahn_0079-1536x1024.jpg 1536w, https:\/\/www.deinadieu.ch\/wp-content\/uploads\/2022\/12\/museumsbahn_0079-2048x1365.jpg 2048w\" sizes=\"auto, (max-width: 1024px) 100vw, 1024px\" \/><\/figure>\n<\/figure>\n\n<p><strong>The 100-year-old steam train is currently out of action. What happens to the railway in the winter?<\/strong><\/p>\n\n<p>We need the time from St. Nicholas Day until Easter to take a break and carry out the extensive maintenance work on the steam trains, the electrical multiple units, the shunting tractors and the carriages. We always have plenty to do and we are pleased whenever someone new is interested in getting involved.<\/p>\n\n<p><\/p>\n\n<p><strong>Which section of the track is your favourite or would be your favourite if you could choose any track at all?<\/strong><\/p>\n\n<p>We primarily drive our trains in the Sihl valley. That\u2019s where we belong and that\u2019s what the association is all about. We also use the lake section from Wiedikon via Thalwil, Horgen-Oberdorf to Sihlbrugg frequently. The radius is greater with the electrical multiple units. We have already taken two long trips to Austria, right down to Graz, using the red railcar from 1968.<\/p>\n\n<p><\/p>\n\n<p><strong>What do you use the donations that people make to ZMB for?<\/strong><\/p>\n\n<p>Maintaining historical rail vehicles is very expensive. And \u2013 inevitably with precious vehicles that are over 100 years old \u2013 something is always going wrong. You need experts to carry out the repairs. People who have the right knowledge and skills are unfortunately becoming harder and harder to find and there are fewer and fewer of us \u201coldies\u201d. Working with the railway is a truly huge undertaking. Just imagine: the ZMB trains are passing right through the middle of the city train traffic of the SZU Sihltal Z\u00fcrich Uetliberg railway! The regulations, for example, are becoming increasingly stringent, like with aviation. You need a special permit or test for everything. To meet the Federal Office of Transport\u2019s requirements, we have spent around 450,000 francs on maintaining our rolling stock over the past three years. Some of this we received in donations and some we borrowed. So far, we have always been able to find enthusiasts, donors and sponsors to support us. We\u2019re always <a href=\"https:\/\/www.deinadieu.ch\/hilfswerke\/zmb-zurcher-museums-bahn\/\">looking for funding<\/a>.<\/p>\n\n<p><\/p>\n\n<p>At the moment, work is being carried out on both electrical multiple units from 1924 and 1968 and we need about 250,000 francs for that.<\/p>\n\n<div style=\"height:40px\" aria-hidden=\"true\" class=\"wp-block-spacer\"><\/div>\n\n<div class=\"wp-block-buttons is-layout-flex wp-block-buttons-is-layout-flex\">\n<div class=\"wp-block-button\"><a class=\"wp-block-button__link wp-element-button\" href=\"https:\/\/app.deinadieu.ch\/da\/testament\/7554\">Favour the Z\u00fcrcher Museums-Bahn in your will<\/a><\/div>\n<\/div>\n","protected":false},"excerpt":{"rendered":"<p>Walter Huber is fascinated by trains. He is a member of the Verein Z\u00fcrcher Museumsbahn (ZMB), has trained as a shunting locomotive driver and cooks for guests on the historic railway whilst they travel on the train through the centre of Z\u00fcrich.<\/p>\n","protected":false},"author":6028,"featured_media":61078,"comment_status":"open","ping_status":"closed","sticky":false,"template":"","format":"standard","meta":{"_acf_changed":false,"footnotes":""},"categories":[2375],"tags":[3480,2885,2592],"class_list":["post-61346","post","type-post","status-publish","format-standard","has-post-thumbnail","hentry","category-aid-organisations","tag-charitable-organisations","tag-non-profit-organisation","tag-what-can-my-inheritance-achieve"],"acf":[],"yoast_head":"<title>&quot;Our railway has been witness to the city\u2019s first period of rapid development&quot; | DeinAdieu.ch<\/title>\n<meta name=\"description\" content=\"The Verein Z\u00fcrcher Museumsbahn (ZMB) association wants to keep the historic Sihltalbahn alive. Locomotive engineer Walter Huber tells about it.\" \/>\n<meta name=\"robots\" content=\"index, follow, max-snippet:-1, max-image-preview:large, max-video-preview:-1\" \/>\n<link rel=\"canonical\" href=\"https:\/\/www.deinadieu.ch\/en\/our-railway-has-been-witness-to-the-citys-first-period-of-rapid-development\/\" \/>\n<meta property=\"og:locale\" content=\"en_US\" \/>\n<meta property=\"og:type\" content=\"article\" \/>\n<meta property=\"og:title\" content=\"&quot;Our railway has been witness to the city\u2019s first period of rapid development&quot;\" \/>\n<meta property=\"og:description\" content=\"Walter Huber is fascinated by trains. He is a member of the Verein Z\u00fcrcher Museumsbahn (ZMB), has trained as a shunting locomotive driver and cooks for\" \/>\n<meta property=\"og:url\" content=\"https:\/\/www.deinadieu.ch\/en\/our-railway-has-been-witness-to-the-citys-first-period-of-rapid-development\/\" \/>\n<meta property=\"og:site_name\" content=\"DeinAdieu.ch\" \/>\n<meta property=\"article:publisher\" content=\"https:\/\/www.facebook.com\/deinadieu\" \/>\n<meta property=\"article:published_time\" content=\"2022-12-24T07:04:18+00:00\" \/>\n<meta property=\"article:modified_time\" content=\"2024-03-25T14:27:00+00:00\" \/>\n<meta property=\"og:image\" content=\"https:\/\/static.deinadieu.ch\/uploads\/2022\/12\/museumsbahn_0056-scaled.jpg\" \/>\n\t<meta property=\"og:image:width\" content=\"2560\" \/>\n\t<meta property=\"og:image:height\" content=\"1707\" \/>\n\t<meta property=\"og:image:type\" content=\"image\/jpeg\" \/>\n<meta name=\"author\" content=\"Janina Gehrig, MA UZH, Redaktorin\" \/>\n<meta name=\"twitter:card\" content=\"summary_large_image\" \/>\n<meta name=\"twitter:creator\" content=\"@DeinAdieu\" \/>\n<meta name=\"twitter:site\" content=\"@DeinAdieu\" \/>\n<meta name=\"twitter:label1\" content=\"Written by\" \/>\n\t<meta name=\"twitter:data1\" content=\"Janina Gehrig, MA UZH, Redaktorin\" \/>\n\t<meta name=\"twitter:label2\" content=\"Est. reading time\" \/>\n\t<meta name=\"twitter:data2\" content=\"4 minutes\" \/>\n<script type=\"application\/ld+json\" class=\"yoast-schema-graph\">{\"@context\":\"https:\\\/\\\/schema.org\",\"@graph\":[{\"@type\":\"Article\",\"@id\":\"https:\\\/\\\/www.deinadieu.ch\\\/en\\\/our-railway-has-been-witness-to-the-citys-first-period-of-rapid-development\\\/#article\",\"isPartOf\":{\"@id\":\"https:\\\/\\\/www.deinadieu.ch\\\/en\\\/our-railway-has-been-witness-to-the-citys-first-period-of-rapid-development\\\/\"},\"author\":{\"name\":\"Janina Gehrig, MA UZH, Redaktorin\",\"@id\":\"https:\\\/\\\/www.deinadieu.ch\\\/en\\\/#\\\/schema\\\/person\\\/78cffe1cb679e17f919e3d0c0e7b9673\"},\"headline\":\"&#8220;Our railway has been witness to the city\u2019s first period of rapid development&#8221;\",\"datePublished\":\"2022-12-24T07:04:18+00:00\",\"dateModified\":\"2024-03-25T14:27:00+00:00\",\"mainEntityOfPage\":{\"@id\":\"https:\\\/\\\/www.deinadieu.ch\\\/en\\\/our-railway-has-been-witness-to-the-citys-first-period-of-rapid-development\\\/\"},\"wordCount\":825,\"commentCount\":0,\"publisher\":{\"@id\":\"https:\\\/\\\/www.deinadieu.ch\\\/en\\\/#organization\"},\"image\":{\"@id\":\"https:\\\/\\\/www.deinadieu.ch\\\/en\\\/our-railway-has-been-witness-to-the-citys-first-period-of-rapid-development\\\/#primaryimage\"},\"thumbnailUrl\":\"https:\\\/\\\/www.deinadieu.ch\\\/wp-content\\\/uploads\\\/2022\\\/12\\\/museumsbahn_0056-scaled.jpg\",\"keywords\":[\"Charitable organisations\",\"Non-profit organisation\",\"What can my inheritance achieve?\"],\"articleSection\":[\"Focus on Aid Organisations\"],\"inLanguage\":\"en-US\",\"potentialAction\":[{\"@type\":\"CommentAction\",\"name\":\"Comment\",\"target\":[\"https:\\\/\\\/www.deinadieu.ch\\\/en\\\/our-railway-has-been-witness-to-the-citys-first-period-of-rapid-development\\\/#respond\"]}]},{\"@type\":\"WebPage\",\"@id\":\"https:\\\/\\\/www.deinadieu.ch\\\/en\\\/our-railway-has-been-witness-to-the-citys-first-period-of-rapid-development\\\/\",\"url\":\"https:\\\/\\\/www.deinadieu.ch\\\/en\\\/our-railway-has-been-witness-to-the-citys-first-period-of-rapid-development\\\/\",\"name\":\"\\\"Our railway has been witness to the city\u2019s first period of rapid development\\\" | DeinAdieu.ch\",\"isPartOf\":{\"@id\":\"https:\\\/\\\/www.deinadieu.ch\\\/en\\\/#website\"},\"primaryImageOfPage\":{\"@id\":\"https:\\\/\\\/www.deinadieu.ch\\\/en\\\/our-railway-has-been-witness-to-the-citys-first-period-of-rapid-development\\\/#primaryimage\"},\"image\":{\"@id\":\"https:\\\/\\\/www.deinadieu.ch\\\/en\\\/our-railway-has-been-witness-to-the-citys-first-period-of-rapid-development\\\/#primaryimage\"},\"thumbnailUrl\":\"https:\\\/\\\/www.deinadieu.ch\\\/wp-content\\\/uploads\\\/2022\\\/12\\\/museumsbahn_0056-scaled.jpg\",\"datePublished\":\"2022-12-24T07:04:18+00:00\",\"dateModified\":\"2024-03-25T14:27:00+00:00\",\"description\":\"The Verein Z\u00fcrcher Museumsbahn (ZMB) association wants to keep the historic Sihltalbahn alive. Locomotive engineer Walter Huber tells about it.\",\"breadcrumb\":{\"@id\":\"https:\\\/\\\/www.deinadieu.ch\\\/en\\\/our-railway-has-been-witness-to-the-citys-first-period-of-rapid-development\\\/#breadcrumb\"},\"inLanguage\":\"en-US\",\"potentialAction\":[{\"@type\":\"ReadAction\",\"target\":[\"https:\\\/\\\/www.deinadieu.ch\\\/en\\\/our-railway-has-been-witness-to-the-citys-first-period-of-rapid-development\\\/\"]}]},{\"@type\":\"ImageObject\",\"inLanguage\":\"en-US\",\"@id\":\"https:\\\/\\\/www.deinadieu.ch\\\/en\\\/our-railway-has-been-witness-to-the-citys-first-period-of-rapid-development\\\/#primaryimage\",\"url\":\"https:\\\/\\\/www.deinadieu.ch\\\/wp-content\\\/uploads\\\/2022\\\/12\\\/museumsbahn_0056-scaled.jpg\",\"contentUrl\":\"https:\\\/\\\/www.deinadieu.ch\\\/wp-content\\\/uploads\\\/2022\\\/12\\\/museumsbahn_0056-scaled.jpg\",\"width\":2560,\"height\":1707,\"caption\":\"Walter Huber setzt sich daf\u00fcr ein, dass die alten Fahrzeuge der Sihltalbahn erhalten bleiben. Daf\u00fcr kocht er manchmal f\u00fcr die G\u00e4ste im Zug. Foto: Djamila Grossmann\"},{\"@type\":\"BreadcrumbList\",\"@id\":\"https:\\\/\\\/www.deinadieu.ch\\\/en\\\/our-railway-has-been-witness-to-the-citys-first-period-of-rapid-development\\\/#breadcrumb\",\"itemListElement\":[{\"@type\":\"ListItem\",\"position\":1,\"name\":\"Home\",\"item\":\"https:\\\/\\\/www.deinadieu.ch\\\/en\\\/deinadieu-dialog-und-serviceportal-zum-lebensende\\\/\"},{\"@type\":\"ListItem\",\"position\":2,\"name\":\"&#8220;Our railway has been witness to the city\u2019s first period of rapid development&#8221;\"}]},{\"@type\":\"WebSite\",\"@id\":\"https:\\\/\\\/www.deinadieu.ch\\\/en\\\/#website\",\"url\":\"https:\\\/\\\/www.deinadieu.ch\\\/en\\\/\",\"name\":\"DeinAdieu.ch\",\"description\":\"Testament, Patientenverf\u00fcgung und Vorsorgeauftrag\",\"publisher\":{\"@id\":\"https:\\\/\\\/www.deinadieu.ch\\\/en\\\/#organization\"},\"potentialAction\":[{\"@type\":\"SearchAction\",\"target\":{\"@type\":\"EntryPoint\",\"urlTemplate\":\"https:\\\/\\\/www.deinadieu.ch\\\/en\\\/?s={search_term_string}\"},\"query-input\":{\"@type\":\"PropertyValueSpecification\",\"valueRequired\":true,\"valueName\":\"search_term_string\"}}],\"inLanguage\":\"en-US\"},{\"@type\":\"Organization\",\"@id\":\"https:\\\/\\\/www.deinadieu.ch\\\/en\\\/#organization\",\"name\":\"EMNA Web GmbH\",\"url\":\"https:\\\/\\\/www.deinadieu.ch\\\/en\\\/\",\"logo\":{\"@type\":\"ImageObject\",\"inLanguage\":\"en-US\",\"@id\":\"https:\\\/\\\/www.deinadieu.ch\\\/en\\\/#\\\/schema\\\/logo\\\/image\\\/\",\"url\":\"https:\\\/\\\/www.deinadieu.ch\\\/wp-content\\\/uploads\\\/2016\\\/01\\\/DeinAdieu_Logo.png\",\"contentUrl\":\"https:\\\/\\\/www.deinadieu.ch\\\/wp-content\\\/uploads\\\/2016\\\/01\\\/DeinAdieu_Logo.png\",\"width\":300,\"height\":117,\"caption\":\"EMNA Web GmbH\"},\"image\":{\"@id\":\"https:\\\/\\\/www.deinadieu.ch\\\/en\\\/#\\\/schema\\\/logo\\\/image\\\/\"},\"sameAs\":[\"https:\\\/\\\/www.facebook.com\\\/deinadieu\",\"https:\\\/\\\/x.com\\\/DeinAdieu\",\"https:\\\/\\\/www.instagram.com\\\/deinadieu\\\/\",\"https:\\\/\\\/www.linkedin.com\\\/company\\\/deinadieu.ch\"]},{\"@type\":\"Person\",\"@id\":\"https:\\\/\\\/www.deinadieu.ch\\\/en\\\/#\\\/schema\\\/person\\\/78cffe1cb679e17f919e3d0c0e7b9673\",\"name\":\"Janina Gehrig, MA UZH, Redaktorin\",\"image\":{\"@type\":\"ImageObject\",\"inLanguage\":\"en-US\",\"@id\":\"https:\\\/\\\/secure.gravatar.com\\\/avatar\\\/8bfc4dca12cd7c0a0373c12f34587d1f6a6117903e7ecc0035863bd69df6fb07?s=96&d=mm&r=g\",\"url\":\"https:\\\/\\\/secure.gravatar.com\\\/avatar\\\/8bfc4dca12cd7c0a0373c12f34587d1f6a6117903e7ecc0035863bd69df6fb07?s=96&d=mm&r=g\",\"contentUrl\":\"https:\\\/\\\/secure.gravatar.com\\\/avatar\\\/8bfc4dca12cd7c0a0373c12f34587d1f6a6117903e7ecc0035863bd69df6fb07?s=96&d=mm&r=g\",\"caption\":\"Janina Gehrig, MA UZH, Redaktorin\"},\"url\":\"https:\\\/\\\/www.deinadieu.ch\\\/en\\\/author\\\/janinagehrig\\\/\"}]}<\/script>","yoast_head_json":{"title":"\"Our railway has been witness to the city\u2019s first period of rapid development\" | DeinAdieu.ch","description":"The Verein Z\u00fcrcher Museumsbahn (ZMB) association wants to keep the historic Sihltalbahn alive. Locomotive engineer Walter Huber tells about it.","robots":{"index":"index","follow":"follow","max-snippet":"max-snippet:-1","max-image-preview":"max-image-preview:large","max-video-preview":"max-video-preview:-1"},"canonical":"https:\/\/www.deinadieu.ch\/en\/our-railway-has-been-witness-to-the-citys-first-period-of-rapid-development\/","og_locale":"en_US","og_type":"article","og_title":"\"Our railway has been witness to the city\u2019s first period of rapid development\"","og_description":"Walter Huber is fascinated by trains. He is a member of the Verein Z\u00fcrcher Museumsbahn (ZMB), has trained as a shunting locomotive driver and cooks for","og_url":"https:\/\/www.deinadieu.ch\/en\/our-railway-has-been-witness-to-the-citys-first-period-of-rapid-development\/","og_site_name":"DeinAdieu.ch","article_publisher":"https:\/\/www.facebook.com\/deinadieu","article_published_time":"2022-12-24T07:04:18+00:00","article_modified_time":"2024-03-25T14:27:00+00:00","og_image":[{"width":2560,"height":1707,"url":"https:\/\/static.deinadieu.ch\/uploads\/2022\/12\/museumsbahn_0056-scaled.jpg","type":"image\/jpeg"}],"author":"Janina Gehrig, MA UZH, Redaktorin","twitter_card":"summary_large_image","twitter_creator":"@DeinAdieu","twitter_site":"@DeinAdieu","twitter_misc":{"Written by":"Janina Gehrig, MA UZH, Redaktorin","Est. reading time":"4 minutes"},"schema":{"@context":"https:\/\/schema.org","@graph":[{"@type":"Article","@id":"https:\/\/www.deinadieu.ch\/en\/our-railway-has-been-witness-to-the-citys-first-period-of-rapid-development\/#article","isPartOf":{"@id":"https:\/\/www.deinadieu.ch\/en\/our-railway-has-been-witness-to-the-citys-first-period-of-rapid-development\/"},"author":{"name":"Janina Gehrig, MA UZH, Redaktorin","@id":"https:\/\/www.deinadieu.ch\/en\/#\/schema\/person\/78cffe1cb679e17f919e3d0c0e7b9673"},"headline":"&#8220;Our railway has been witness to the city\u2019s first period of rapid development&#8221;","datePublished":"2022-12-24T07:04:18+00:00","dateModified":"2024-03-25T14:27:00+00:00","mainEntityOfPage":{"@id":"https:\/\/www.deinadieu.ch\/en\/our-railway-has-been-witness-to-the-citys-first-period-of-rapid-development\/"},"wordCount":825,"commentCount":0,"publisher":{"@id":"https:\/\/www.deinadieu.ch\/en\/#organization"},"image":{"@id":"https:\/\/www.deinadieu.ch\/en\/our-railway-has-been-witness-to-the-citys-first-period-of-rapid-development\/#primaryimage"},"thumbnailUrl":"https:\/\/www.deinadieu.ch\/wp-content\/uploads\/2022\/12\/museumsbahn_0056-scaled.jpg","keywords":["Charitable organisations","Non-profit organisation","What can my inheritance achieve?"],"articleSection":["Focus on Aid Organisations"],"inLanguage":"en-US","potentialAction":[{"@type":"CommentAction","name":"Comment","target":["https:\/\/www.deinadieu.ch\/en\/our-railway-has-been-witness-to-the-citys-first-period-of-rapid-development\/#respond"]}]},{"@type":"WebPage","@id":"https:\/\/www.deinadieu.ch\/en\/our-railway-has-been-witness-to-the-citys-first-period-of-rapid-development\/","url":"https:\/\/www.deinadieu.ch\/en\/our-railway-has-been-witness-to-the-citys-first-period-of-rapid-development\/","name":"\"Our railway has been witness to the city\u2019s first period of rapid development\" | DeinAdieu.ch","isPartOf":{"@id":"https:\/\/www.deinadieu.ch\/en\/#website"},"primaryImageOfPage":{"@id":"https:\/\/www.deinadieu.ch\/en\/our-railway-has-been-witness-to-the-citys-first-period-of-rapid-development\/#primaryimage"},"image":{"@id":"https:\/\/www.deinadieu.ch\/en\/our-railway-has-been-witness-to-the-citys-first-period-of-rapid-development\/#primaryimage"},"thumbnailUrl":"https:\/\/www.deinadieu.ch\/wp-content\/uploads\/2022\/12\/museumsbahn_0056-scaled.jpg","datePublished":"2022-12-24T07:04:18+00:00","dateModified":"2024-03-25T14:27:00+00:00","description":"The Verein Z\u00fcrcher Museumsbahn (ZMB) association wants to keep the historic Sihltalbahn alive. Locomotive engineer Walter Huber tells about it.","breadcrumb":{"@id":"https:\/\/www.deinadieu.ch\/en\/our-railway-has-been-witness-to-the-citys-first-period-of-rapid-development\/#breadcrumb"},"inLanguage":"en-US","potentialAction":[{"@type":"ReadAction","target":["https:\/\/www.deinadieu.ch\/en\/our-railway-has-been-witness-to-the-citys-first-period-of-rapid-development\/"]}]},{"@type":"ImageObject","inLanguage":"en-US","@id":"https:\/\/www.deinadieu.ch\/en\/our-railway-has-been-witness-to-the-citys-first-period-of-rapid-development\/#primaryimage","url":"https:\/\/www.deinadieu.ch\/wp-content\/uploads\/2022\/12\/museumsbahn_0056-scaled.jpg","contentUrl":"https:\/\/www.deinadieu.ch\/wp-content\/uploads\/2022\/12\/museumsbahn_0056-scaled.jpg","width":2560,"height":1707,"caption":"Walter Huber setzt sich daf\u00fcr ein, dass die alten Fahrzeuge der Sihltalbahn erhalten bleiben. Daf\u00fcr kocht er manchmal f\u00fcr die G\u00e4ste im Zug. Foto: Djamila Grossmann"},{"@type":"BreadcrumbList","@id":"https:\/\/www.deinadieu.ch\/en\/our-railway-has-been-witness-to-the-citys-first-period-of-rapid-development\/#breadcrumb","itemListElement":[{"@type":"ListItem","position":1,"name":"Home","item":"https:\/\/www.deinadieu.ch\/en\/deinadieu-dialog-und-serviceportal-zum-lebensende\/"},{"@type":"ListItem","position":2,"name":"&#8220;Our railway has been witness to the city\u2019s first period of rapid development&#8221;"}]},{"@type":"WebSite","@id":"https:\/\/www.deinadieu.ch\/en\/#website","url":"https:\/\/www.deinadieu.ch\/en\/","name":"DeinAdieu.ch","description":"Testament, Patientenverf\u00fcgung und Vorsorgeauftrag","publisher":{"@id":"https:\/\/www.deinadieu.ch\/en\/#organization"},"potentialAction":[{"@type":"SearchAction","target":{"@type":"EntryPoint","urlTemplate":"https:\/\/www.deinadieu.ch\/en\/?s={search_term_string}"},"query-input":{"@type":"PropertyValueSpecification","valueRequired":true,"valueName":"search_term_string"}}],"inLanguage":"en-US"},{"@type":"Organization","@id":"https:\/\/www.deinadieu.ch\/en\/#organization","name":"EMNA Web GmbH","url":"https:\/\/www.deinadieu.ch\/en\/","logo":{"@type":"ImageObject","inLanguage":"en-US","@id":"https:\/\/www.deinadieu.ch\/en\/#\/schema\/logo\/image\/","url":"https:\/\/www.deinadieu.ch\/wp-content\/uploads\/2016\/01\/DeinAdieu_Logo.png","contentUrl":"https:\/\/www.deinadieu.ch\/wp-content\/uploads\/2016\/01\/DeinAdieu_Logo.png","width":300,"height":117,"caption":"EMNA Web GmbH"},"image":{"@id":"https:\/\/www.deinadieu.ch\/en\/#\/schema\/logo\/image\/"},"sameAs":["https:\/\/www.facebook.com\/deinadieu","https:\/\/x.com\/DeinAdieu","https:\/\/www.instagram.com\/deinadieu\/","https:\/\/www.linkedin.com\/company\/deinadieu.ch"]},{"@type":"Person","@id":"https:\/\/www.deinadieu.ch\/en\/#\/schema\/person\/78cffe1cb679e17f919e3d0c0e7b9673","name":"Janina Gehrig, MA UZH, Redaktorin","image":{"@type":"ImageObject","inLanguage":"en-US","@id":"https:\/\/secure.gravatar.com\/avatar\/8bfc4dca12cd7c0a0373c12f34587d1f6a6117903e7ecc0035863bd69df6fb07?s=96&d=mm&r=g","url":"https:\/\/secure.gravatar.com\/avatar\/8bfc4dca12cd7c0a0373c12f34587d1f6a6117903e7ecc0035863bd69df6fb07?s=96&d=mm&r=g","contentUrl":"https:\/\/secure.gravatar.com\/avatar\/8bfc4dca12cd7c0a0373c12f34587d1f6a6117903e7ecc0035863bd69df6fb07?s=96&d=mm&r=g","caption":"Janina Gehrig, MA UZH, Redaktorin"},"url":"https:\/\/www.deinadieu.ch\/en\/author\/janinagehrig\/"}]}},"_links":{"self":[{"href":"https:\/\/www.deinadieu.ch\/en\/wp-json\/wp\/v2\/posts\/61346","targetHints":{"allow":["GET"]}}],"collection":[{"href":"https:\/\/www.deinadieu.ch\/en\/wp-json\/wp\/v2\/posts"}],"about":[{"href":"https:\/\/www.deinadieu.ch\/en\/wp-json\/wp\/v2\/types\/post"}],"author":[{"embeddable":true,"href":"https:\/\/www.deinadieu.ch\/en\/wp-json\/wp\/v2\/users\/6028"}],"replies":[{"embeddable":true,"href":"https:\/\/www.deinadieu.ch\/en\/wp-json\/wp\/v2\/comments?post=61346"}],"version-history":[{"count":5,"href":"https:\/\/www.deinadieu.ch\/en\/wp-json\/wp\/v2\/posts\/61346\/revisions"}],"predecessor-version":[{"id":67276,"href":"https:\/\/www.deinadieu.ch\/en\/wp-json\/wp\/v2\/posts\/61346\/revisions\/67276"}],"wp:featuredmedia":[{"embeddable":true,"href":"https:\/\/www.deinadieu.ch\/en\/wp-json\/wp\/v2\/media\/61078"}],"wp:attachment":[{"href":"https:\/\/www.deinadieu.ch\/en\/wp-json\/wp\/v2\/media?parent=61346"}],"wp:term":[{"taxonomy":"category","embeddable":true,"href":"https:\/\/www.deinadieu.ch\/en\/wp-json\/wp\/v2\/categories?post=61346"},{"taxonomy":"post_tag","embeddable":true,"href":"https:\/\/www.deinadieu.ch\/en\/wp-json\/wp\/v2\/tags?post=61346"}],"curies":[{"name":"wp","href":"https:\/\/api.w.org\/{rel}","templated":true}]}}