{"id":54168,"date":"2021-10-22T12:16:00","date_gmt":"2021-10-22T10:16:00","guid":{"rendered":"https:\/\/www.deinadieu.ch\/karina-rey-fairmed-gets-involved-in-places-where-diseases-of-poverty-run-rampant\/"},"modified":"2022-09-12T15:52:58","modified_gmt":"2022-09-12T13:52:58","slug":"karina-rey-fairmed-gets-involved-in-places-where-diseases-of-poverty-run-rampant","status":"publish","type":"post","link":"https:\/\/www.deinadieu.ch\/en\/karina-rey-fairmed-gets-involved-in-places-where-diseases-of-poverty-run-rampant\/","title":{"rendered":"Karina Rey: \u2018Fairmed gets involved in places where diseases of poverty run rampant\u2019"},"content":{"rendered":"\n<p>The need was great, the misery was glaring. Karina Rey found herself unable to close her eyes to what was going on in the rain forest of Cameroon. She felt a need to help alleviate the suffering. The employee of Fairmed speaks with DeinAdieu about her commitment to the poorest of the poor.<\/p>\n\n<!--more-->\n\n<p>\u2018My husband and I worked in the middle of the rain forest of Cameroon for years,\u2019 says Karina Rey. \u2018Between 2012 and 2017 we built and refurbished well over 1,000 drinking water wells,\u2019 explains the Fairmed employee, describing the unimaginable poverty. Vibrant and colourful life. Warm and spirited people. \u2018The people of Cameroon have an ability to live in the present. Death is so near and omnipresent that people possess a special appreciation for life\u2019. After a short pause, she continues: \u2018There\u2019s so much death in the rain forest of Cameroon and it comes so suddenly. This lends a different meaning and even a different appreciation to the here and now\u2019.<\/p>\n\n<p>Karina Rey says that an infirmary was located not far from the Rey family home. It was poorly equipped. The church tried to help \u2013 a sister worked there. \u2018I was there quite often, making new contacts. Once when I happened to be there, I heard a woman shrieking from behind a curtain. She watched on as her son\u2019s gaping wound was being stitched up with no local anaesthesia. The boy was biting on a piece of cloth, and I thought to myself, this can\u2019t be\u2019. She pauses before relating another sad example. \u2018Our co-worker\u2019s 14-year-old son stumbled while playing football and complained of abdominal pain. A few days later he died of a ruptured spleen\u2019. Karina Rey shakes her head. \u2018A needless death. If he had received the proper medical treatment, there\u2019s no doubt that he would still be alive today\u2019.<\/p>\n\n<figure class=\"wp-block-image size-large\"><img loading=\"lazy\" decoding=\"async\" width=\"1024\" height=\"576\" src=\"https:\/\/www.deinadieu.ch\/wp-content\/uploads\/2021\/10\/KarinaRey_05-1024x576.jpg\" alt=\"Karina Rey\" class=\"wp-image-53940\" srcset=\"https:\/\/www.deinadieu.ch\/wp-content\/uploads\/2021\/10\/KarinaRey_05-1024x576.jpg 1024w, https:\/\/www.deinadieu.ch\/wp-content\/uploads\/2021\/10\/KarinaRey_05-300x169.jpg 300w, https:\/\/www.deinadieu.ch\/wp-content\/uploads\/2021\/10\/KarinaRey_05.jpg 1280w\" sizes=\"auto, (max-width: 1024px) 100vw, 1024px\" \/><figcaption>Karina Rey: \u2018Fairmed gets involved in places where diseases of poverty run rampant\u2019 (Image: Ueli Hiltpold)\n<\/figcaption><\/figure>\n\n<h2 class=\"wp-block-heading\" id=\"h-helfen-wo-die-armsten-leben\">Helping where the poorest of the poor live<\/h2>\n\n<p>\u2018So we searched for an organisation that was willing to work with us to build a hospital,\u2019 says Karina Rey. The first hospital was built in the middle of the bush. It is still in operation. \u2018The hospital has an operating room, a laboratory, an X-ray room, ultrasound and a large number of beds. It\u2019s usually well visited and well occupied. On occasion, specialist doctors, such as dentists and ophthalmologists, come in from the city in order to provide comprehensive health care\u2019.<\/p>\n\n<p>After she returned to Switzerland in 2017, Karina Rey went searching for an organisation \u2018that was active in exactly the things that had been part of my life for so many years. Health is something very precious. Without your health, it\u2019s impossible to work, so you can\u2019t get out of the vicious circle\u2019. She wanted to help alleviate neglected diseases among neglected people. <\/p>\n\n        <div class=\"relative shadow-lg -mx-12 mb-4 overflow-hidden\" style=\"background-image: url('https:\/\/www.deinadieu.ch\/wp-content\/themes\/da-v4\/assets\/v4\/banner\/testament.jpg'); background-size: cover; background-position: center\">\n            <div class=\"banner-white-box md:w-3\/5 text-black -ml-16 pl-16\" style=\"background-color: rgba(255,255,255,0.75)\">\n                <div class=\"inner\">\n                    <div class=\"text-2xl p-12\"><strong>You have not drafted up a will yet?<\/strong> Generate a free PDF template for<\/div>\n                    <div class=\"px-12 md:mr-16\">\n                        <a href=\"https:\/\/app.deinadieu.ch\/testament\" target=\"_blank\" class=\"btn btn-da btn-small btn-block\">myself<\/a>\n                        <a href=\"https:\/\/app.deinadieu.ch\/testament\" target=\"_blank\" class=\"mt-4 btn btn-da btn-small btn-block\">for another person<\/a>\n                    <\/div>\n                    <div class=\"px-12 py-8\">\n                        <img decoding=\"async\" src=\"https:\/\/www.deinadieu.ch\/wp-content\/themes\/da-v4\/assets\/v4\/deinadieu_logo_dark.svg\" class=\"h-12\">\n                    <\/div>\n                <\/div>\n            <\/div>\n        <\/div>\n        \n\n<h2 class=\"wp-block-heading\">Fairmed works with local teams<\/h2>\n\n<p>That\u2019s how the highly dedicated Karina Rey found her way to Fairmed. She has been working as a donor support specialist since 2018. The aid organisation Fairmed, which older people may still know as Leprahilfe Emmaus Schweiz (Leprosy Relief Emmaus Switzerland), cares for the poorest of the poor in the world\u2019s most remote places. We get involved in places where diseases of poverty run rampant. We carry out projects in places where maternal and child mortality are high, where people can rarely find employment and earn a living. We help in places that suffer from a large amount of neglect in society, where people are excluded from the health care system\u2019.<\/p>\n\n<p>Fairmed works on-site exclusively with local teams. As Karina Rey notes, it is the locals who already have a network in the area, and a lot of input comes from the local populace who see where help is needed. \u2018We provide financial support while applying local know-how and experience,\u2019 Karina Ray explains. \u2018Local employees have the advantage of speaking the local languages \u2013 of which there are about 250 in Cameroon \u2013 and they understand the culture and needs better than anyone else\u2019. <\/p>\n\n<figure class=\"wp-block-image size-large\"><img loading=\"lazy\" decoding=\"async\" width=\"1024\" height=\"576\" src=\"https:\/\/www.deinadieu.ch\/wp-content\/uploads\/2021\/10\/KarinaRey_03-1024x576.jpg\" alt=\"Karina Rey\" class=\"wp-image-53928\" srcset=\"https:\/\/www.deinadieu.ch\/wp-content\/uploads\/2021\/10\/KarinaRey_03-1024x576.jpg 1024w, https:\/\/www.deinadieu.ch\/wp-content\/uploads\/2021\/10\/KarinaRey_03-300x169.jpg 300w, https:\/\/www.deinadieu.ch\/wp-content\/uploads\/2021\/10\/KarinaRey_03.jpg 1280w\" sizes=\"auto, (max-width: 1024px) 100vw, 1024px\" \/><figcaption>Karina Rey learned first-hand what was needed to support the rural population: \u2018Clean drinking water and access to health care\u2019. (Image: Ueli Hiltpold)<\/figcaption><\/figure>\n\n<h2 class=\"wp-block-heading\">Even a small donation can make a big difference<\/h2>\n\n<p>It\u2019s amazing what our donations can achieve. Karina Rey cites some examples: \u2018Reconstructive foot surgery after leprosy costs around CHF 360 (Swiss francs). Outpatient treatment of injuries caused by leprosy costs CHF 6.50. If a patient develops sepsis, treatment costs rise to CHF 140\u2019. She cites an additional example: the training of local health care workers is also a core element of Fairmed\u2019s work. Health workers go through 18 months of basic medical training and receive further training and ongoing professional development opportunities from Fairmed. Subjects covered in training programmes range from paramedic training to midwifery, pregnancy counselling, the treatment of neglected tropical diseases, how to lead self-help groups for mothers or for people with physical or mental disabilities, the dissemination of medical knowledge and even the professional maintenance of medical instruments and the care of Covid patients with mild to medium-level symptoms.<\/p>\n\n<p>One day of training or professional development for a local health worker costs between CHF 8 and 35 per person per day, depending on the course content. <\/p>\n\n<p>People in such regions often lack training and knowledge. \u2018In Cameroon, we were living in the middle of the forest,\u2019 says Karina Rey. \u2018Far away from what we would call \u2018civilisation\u2019. It was a three-hour walk just to go see somebody who was knowledgeable and able to provide medical advice about a health problem\u2019. <\/p>\n\n<p>Karina Rey learned first-hand what the rural population needed: \u2018Clean water is a basic need, and so is health care. If you\u2019re healthy, you can work and take care of your family. Your livelihood is assured. Your children can go to school\u2019.<\/p>\n\n<figure class=\"wp-block-image size-large\"><img loading=\"lazy\" decoding=\"async\" width=\"1024\" height=\"576\" src=\"https:\/\/www.deinadieu.ch\/wp-content\/uploads\/2021\/10\/KarinaRey_01-1024x576.jpg\" alt=\"Karina Rey\" class=\"wp-image-53936\" srcset=\"https:\/\/www.deinadieu.ch\/wp-content\/uploads\/2021\/10\/KarinaRey_01-1024x576.jpg 1024w, https:\/\/www.deinadieu.ch\/wp-content\/uploads\/2021\/10\/KarinaRey_01-300x169.jpg 300w, https:\/\/www.deinadieu.ch\/wp-content\/uploads\/2021\/10\/KarinaRey_01.jpg 1280w\" sizes=\"auto, (max-width: 1024px) 100vw, 1024px\" \/><figcaption>\u2018We teach women that they have a right to good health,\u2019 says Karina Rey. (Image: Ueli Hiltpold)<\/figcaption><\/figure>\n\n<h2 class=\"wp-block-heading\">Integrating women in development work<\/h2>\n\n<p>Involving and integrating women in development work is important at Fairmed. They are usually the ones managing the money. In India, there are volunteers who go from village to village assisting people with their health issues. They receive bonuses when they track down and resolve cases. <\/p>\n\n<p>Mothers\u2019 groups also play a central role for Fairmed. They know what stops other women from coming to the health centre. \u2018We teach women that they have a right to good health,\u2019 says Karina Rey. \u2018We promote awareness of looking after their own health and that of their daughters\u2019. Where possible, women are hired locally. \u2018The proportion of women is important,\u2019 explains Karina Rey. <\/p>\n\n        <div class=\"relative shadow-lg -mx-12 mb-4 overflow-hidden\" style=\"background-image: url('https:\/\/www.deinadieu.ch\/wp-content\/themes\/da-v4\/assets\/v4\/banner\/dienstleister.jpg'); background-size: cover; background-position: center\">\n            <div class=\"banner-white-box md:w-3\/5 text-black -ml-16 pl-16\" style=\"background-color: rgba(255,255,255,0.75)\">\n                <div class=\"inner\">\n                    <div class=\"text-2xl p-12\">Are you looking for a specific <strong>service provider<\/strong>? DeinAdieu.ch offers a comprehensive directory.<\/div>\n                    <div class=\"px-12 md:mr-16\">\n                        <div class=\"hidden\">Choose commune<\/div>\n                        <a href=\"\/dienstleisterverzeichnis\/\" class=\"btn btn-da btn-small btn-block\">continue to register<\/a>\n                    <\/div>\n                    <div class=\"px-12 py-8\">\n                        <img decoding=\"async\" src=\"https:\/\/www.deinadieu.ch\/wp-content\/themes\/da-v4\/assets\/v4\/deinadieu_logo_dark.svg\" class=\"h-12\">\n                    <\/div>\n                <\/div>\n            <\/div>\n        <\/div>\n        \n\n<h2 class=\"wp-block-heading\">Heartbreaking fates<\/h2>\n\n<p>In Cameroon, Karina Rey encountered people with heartbreaking fates. I want to know how you dealt with it. The Fairmed employee and mother of three daughters says that it\u2019s difficult. \u2018Only a six-hour flight away from Switzerland, there are people who are barely surviving. They are lacking all kinds of essentials and are living hand to mouth\u2019. <\/p>\n\n<p>Yet there is no starvation in Cameroon, says Karina Rey. \u2018Life is dominated by the lush rain forest there\u2019. But the regular heavy rains can make life very difficult. \u2018It can suddenly start raining and feel like you were taking a shower. Nothing gets dry. Everything is alive, the water is full of insects and worms \u2013 full of parasites,\u2019 describes Karina Rey. There is a discrepancy, she says, between how much we\u2019re investing to combat the coronavirus and how many people in Africa are dying for the most nonsensical reasons. <\/p>\n\n<figure class=\"wp-block-image size-large\"><img loading=\"lazy\" decoding=\"async\" width=\"1024\" height=\"576\" src=\"https:\/\/www.deinadieu.ch\/wp-content\/uploads\/2021\/10\/KarinaRey_02_me-1024x576.jpg\" alt=\"Karina Rey and Martin Schuppli\" class=\"wp-image-53932\" srcset=\"https:\/\/www.deinadieu.ch\/wp-content\/uploads\/2021\/10\/KarinaRey_02_me-1024x576.jpg 1024w, https:\/\/www.deinadieu.ch\/wp-content\/uploads\/2021\/10\/KarinaRey_02_me-300x169.jpg 300w, https:\/\/www.deinadieu.ch\/wp-content\/uploads\/2021\/10\/KarinaRey_02_me.jpg 1280w\" sizes=\"auto, (max-width: 1024px) 100vw, 1024px\" \/><figcaption>Karina Rey shows DeinAdieu author Martin Schuppli \u2018bottle packaging\u2019, African style. (Image: Ueli Hiltpold)<\/figcaption><\/figure>\n\n<h2 class=\"wp-block-heading\">Learning to appreciate the moment<\/h2>\n\n<p>Karina Rey says that she has learned a lot from the people in Africa. For example, living in the here and now. \u2018Death is a part of life \u2013 it\u2019s not ignored or stigmatised\u2019. Her eyes light up. \u2018This unbelievably generous hospitality never ceases to amaze me. People give and share regardless of how little they may have. And they do it with great warmth and joy\u2019.<\/p>\n\n<p>Living in the now. What that means according to Karina Rey. She laughs: \u2018People appreciate the moment. They delight in small things and express their feelings. In Africa, people are allowed to show their joy, it runs through their entire bodies. When somebody feels a need to yawn, they simply yawn. When they laugh, they may literally roll on the floor\u2019. Karina Ray pauses, then emphasizes: \u2018In the same way, people also allow plenty of space for their pain. It\u2019s allowed to come out, loud and heavy. This is considered necessary in order to be cleansed of one\u2019s pain. Not at all like us\u2019. She looks at me and says, \u2018I love their incredible directness. They really show their feelings\u2019. <\/p>\n\n<p class=\"has-text-align-right\">Text: Martin Schuppli, Images: Ueli Hiltpold<\/p>\n\n<p><\/p>\n\n        <div class=\"da-servicebox relative bg-gray-200 p-4 pt-8 border-solid border-t-8 border-da-dark mb-6\">\n            <i class=\"fas fa-info-circle mx-auto fa-7x text-da-dark\"><\/i>\n            <span style=\"hyphens: auto\">\n                <\/p>\n\n<p>Fairmed is a partner of DeinAdieu. See <a href=\"https:\/\/www.deinadieu.ch\/en\/nonprofit-organizations\/\" target=\"_blank\" rel=\"noreferrer noopener\">profile<\/a><\/p>\n\n<p><\/p>\n<p>\n                \n                \n            <\/span>\n        <\/div>\n        \n\n<p><\/p>\n","protected":false},"excerpt":{"rendered":"<p>The need was great, the misery was glaring. Karina Rey found herself unable to close her eyes to what was going on in the rain forest of Cameroon. She felt a need to help alleviate the suffering. The employee of Fairmed speaks with DeinAdieu about her commitment to the poorest of the poor.<\/p>\n","protected":false},"author":2,"featured_media":53924,"comment_status":"open","ping_status":"closed","sticky":false,"template":"","format":"standard","meta":{"_acf_changed":false,"footnotes":""},"categories":[2375],"tags":[2592],"class_list":["post-54168","post","type-post","status-publish","format-standard","has-post-thumbnail","hentry","category-aid-organisations","tag-what-can-my-inheritance-achieve"],"acf":[],"yoast_head":"<title>FAIRMED gets involved in places where diseases of poverty run rampant<\/title>\n<meta name=\"description\" content=\"The need is great in Cameroon. Karina Frey, employee at Fairmed, speaks with DeinAdieu about her commitment to the poorest of the poor.\" \/>\n<meta name=\"robots\" content=\"index, follow, max-snippet:-1, max-image-preview:large, max-video-preview:-1\" \/>\n<link rel=\"canonical\" href=\"https:\/\/www.deinadieu.ch\/en\/karina-rey-fairmed-gets-involved-in-places-where-diseases-of-poverty-run-rampant\/\" \/>\n<meta property=\"og:locale\" content=\"en_US\" \/>\n<meta property=\"og:type\" content=\"article\" \/>\n<meta property=\"og:title\" content=\"Karina Rey: \u2018Fairmed gets involved in places where diseases of poverty run rampant\u2019\" \/>\n<meta property=\"og:description\" content=\"The need was great, the misery was glaring. Karina Rey found herself unable to close her eyes to what was going on in the rain forest of Cameroon. She\" \/>\n<meta property=\"og:url\" content=\"https:\/\/www.deinadieu.ch\/en\/karina-rey-fairmed-gets-involved-in-places-where-diseases-of-poverty-run-rampant\/\" \/>\n<meta property=\"og:site_name\" content=\"DeinAdieu.ch\" \/>\n<meta property=\"article:publisher\" content=\"https:\/\/www.facebook.com\/deinadieu\" \/>\n<meta property=\"article:published_time\" content=\"2021-10-22T10:16:00+00:00\" \/>\n<meta property=\"article:modified_time\" content=\"2022-09-12T13:52:58+00:00\" \/>\n<meta property=\"og:image\" content=\"https:\/\/static.deinadieu.ch\/uploads\/2021\/10\/KarinaRey_07.jpg\" \/>\n\t<meta property=\"og:image:width\" content=\"1280\" \/>\n\t<meta property=\"og:image:height\" content=\"720\" \/>\n\t<meta property=\"og:image:type\" content=\"image\/jpeg\" \/>\n<meta name=\"author\" content=\"Martin Schuppli\" \/>\n<meta name=\"twitter:card\" content=\"summary_large_image\" \/>\n<meta name=\"twitter:creator\" content=\"@DeinAdieu\" \/>\n<meta name=\"twitter:site\" content=\"@DeinAdieu\" \/>\n<meta name=\"twitter:label1\" content=\"Written by\" \/>\n\t<meta name=\"twitter:data1\" content=\"Martin Schuppli\" \/>\n\t<meta name=\"twitter:label2\" content=\"Est. reading time\" \/>\n\t<meta name=\"twitter:data2\" content=\"8 minutes\" \/>\n<script type=\"application\/ld+json\" class=\"yoast-schema-graph\">{\"@context\":\"https:\\\/\\\/schema.org\",\"@graph\":[{\"@type\":\"Article\",\"@id\":\"https:\\\/\\\/www.deinadieu.ch\\\/en\\\/karina-rey-fairmed-gets-involved-in-places-where-diseases-of-poverty-run-rampant\\\/#article\",\"isPartOf\":{\"@id\":\"https:\\\/\\\/www.deinadieu.ch\\\/en\\\/karina-rey-fairmed-gets-involved-in-places-where-diseases-of-poverty-run-rampant\\\/\"},\"author\":{\"name\":\"Martin Schuppli\",\"@id\":\"https:\\\/\\\/www.deinadieu.ch\\\/en\\\/#\\\/schema\\\/person\\\/47522dd97d1b840f11a7e637e69c4a82\"},\"headline\":\"Karina Rey: \u2018Fairmed gets involved in places where diseases of poverty run rampant\u2019\",\"datePublished\":\"2021-10-22T10:16:00+00:00\",\"dateModified\":\"2022-09-12T13:52:58+00:00\",\"mainEntityOfPage\":{\"@id\":\"https:\\\/\\\/www.deinadieu.ch\\\/en\\\/karina-rey-fairmed-gets-involved-in-places-where-diseases-of-poverty-run-rampant\\\/\"},\"wordCount\":1514,\"commentCount\":0,\"publisher\":{\"@id\":\"https:\\\/\\\/www.deinadieu.ch\\\/en\\\/#organization\"},\"image\":{\"@id\":\"https:\\\/\\\/www.deinadieu.ch\\\/en\\\/karina-rey-fairmed-gets-involved-in-places-where-diseases-of-poverty-run-rampant\\\/#primaryimage\"},\"thumbnailUrl\":\"https:\\\/\\\/www.deinadieu.ch\\\/wp-content\\\/uploads\\\/2021\\\/10\\\/KarinaRey_07.jpg\",\"keywords\":[\"What can my inheritance achieve?\"],\"articleSection\":[\"Focus on Aid Organisations\"],\"inLanguage\":\"en-US\",\"potentialAction\":[{\"@type\":\"CommentAction\",\"name\":\"Comment\",\"target\":[\"https:\\\/\\\/www.deinadieu.ch\\\/en\\\/karina-rey-fairmed-gets-involved-in-places-where-diseases-of-poverty-run-rampant\\\/#respond\"]}]},{\"@type\":\"WebPage\",\"@id\":\"https:\\\/\\\/www.deinadieu.ch\\\/en\\\/karina-rey-fairmed-gets-involved-in-places-where-diseases-of-poverty-run-rampant\\\/\",\"url\":\"https:\\\/\\\/www.deinadieu.ch\\\/en\\\/karina-rey-fairmed-gets-involved-in-places-where-diseases-of-poverty-run-rampant\\\/\",\"name\":\"FAIRMED gets involved in places where diseases of poverty run rampant\",\"isPartOf\":{\"@id\":\"https:\\\/\\\/www.deinadieu.ch\\\/en\\\/#website\"},\"primaryImageOfPage\":{\"@id\":\"https:\\\/\\\/www.deinadieu.ch\\\/en\\\/karina-rey-fairmed-gets-involved-in-places-where-diseases-of-poverty-run-rampant\\\/#primaryimage\"},\"image\":{\"@id\":\"https:\\\/\\\/www.deinadieu.ch\\\/en\\\/karina-rey-fairmed-gets-involved-in-places-where-diseases-of-poverty-run-rampant\\\/#primaryimage\"},\"thumbnailUrl\":\"https:\\\/\\\/www.deinadieu.ch\\\/wp-content\\\/uploads\\\/2021\\\/10\\\/KarinaRey_07.jpg\",\"datePublished\":\"2021-10-22T10:16:00+00:00\",\"dateModified\":\"2022-09-12T13:52:58+00:00\",\"description\":\"The need is great in Cameroon. Karina Frey, employee at Fairmed, speaks with DeinAdieu about her commitment to the poorest of the poor.\",\"breadcrumb\":{\"@id\":\"https:\\\/\\\/www.deinadieu.ch\\\/en\\\/karina-rey-fairmed-gets-involved-in-places-where-diseases-of-poverty-run-rampant\\\/#breadcrumb\"},\"inLanguage\":\"en-US\",\"potentialAction\":[{\"@type\":\"ReadAction\",\"target\":[\"https:\\\/\\\/www.deinadieu.ch\\\/en\\\/karina-rey-fairmed-gets-involved-in-places-where-diseases-of-poverty-run-rampant\\\/\"]}]},{\"@type\":\"ImageObject\",\"inLanguage\":\"en-US\",\"@id\":\"https:\\\/\\\/www.deinadieu.ch\\\/en\\\/karina-rey-fairmed-gets-involved-in-places-where-diseases-of-poverty-run-rampant\\\/#primaryimage\",\"url\":\"https:\\\/\\\/www.deinadieu.ch\\\/wp-content\\\/uploads\\\/2021\\\/10\\\/KarinaRey_07.jpg\",\"contentUrl\":\"https:\\\/\\\/www.deinadieu.ch\\\/wp-content\\\/uploads\\\/2021\\\/10\\\/KarinaRey_07.jpg\",\"width\":1280,\"height\":720,\"caption\":\"Karina Rey in the Fairmed office in Bern. She lived and worked with her husband in Cameroon. That left its mark. (Image: Ueli Hiltpold)\"},{\"@type\":\"BreadcrumbList\",\"@id\":\"https:\\\/\\\/www.deinadieu.ch\\\/en\\\/karina-rey-fairmed-gets-involved-in-places-where-diseases-of-poverty-run-rampant\\\/#breadcrumb\",\"itemListElement\":[{\"@type\":\"ListItem\",\"position\":1,\"name\":\"Home\",\"item\":\"https:\\\/\\\/www.deinadieu.ch\\\/en\\\/deinadieu-dialog-und-serviceportal-zum-lebensende\\\/\"},{\"@type\":\"ListItem\",\"position\":2,\"name\":\"Karina Rey: \u2018Fairmed gets involved in places where diseases of poverty run rampant\u2019\"}]},{\"@type\":\"WebSite\",\"@id\":\"https:\\\/\\\/www.deinadieu.ch\\\/en\\\/#website\",\"url\":\"https:\\\/\\\/www.deinadieu.ch\\\/en\\\/\",\"name\":\"DeinAdieu.ch\",\"description\":\"Testament, Patientenverf\u00fcgung und Vorsorgeauftrag\",\"publisher\":{\"@id\":\"https:\\\/\\\/www.deinadieu.ch\\\/en\\\/#organization\"},\"potentialAction\":[{\"@type\":\"SearchAction\",\"target\":{\"@type\":\"EntryPoint\",\"urlTemplate\":\"https:\\\/\\\/www.deinadieu.ch\\\/en\\\/?s={search_term_string}\"},\"query-input\":{\"@type\":\"PropertyValueSpecification\",\"valueRequired\":true,\"valueName\":\"search_term_string\"}}],\"inLanguage\":\"en-US\"},{\"@type\":\"Organization\",\"@id\":\"https:\\\/\\\/www.deinadieu.ch\\\/en\\\/#organization\",\"name\":\"EMNA Web GmbH\",\"url\":\"https:\\\/\\\/www.deinadieu.ch\\\/en\\\/\",\"logo\":{\"@type\":\"ImageObject\",\"inLanguage\":\"en-US\",\"@id\":\"https:\\\/\\\/www.deinadieu.ch\\\/en\\\/#\\\/schema\\\/logo\\\/image\\\/\",\"url\":\"https:\\\/\\\/www.deinadieu.ch\\\/wp-content\\\/uploads\\\/2016\\\/01\\\/DeinAdieu_Logo.png\",\"contentUrl\":\"https:\\\/\\\/www.deinadieu.ch\\\/wp-content\\\/uploads\\\/2016\\\/01\\\/DeinAdieu_Logo.png\",\"width\":300,\"height\":117,\"caption\":\"EMNA Web GmbH\"},\"image\":{\"@id\":\"https:\\\/\\\/www.deinadieu.ch\\\/en\\\/#\\\/schema\\\/logo\\\/image\\\/\"},\"sameAs\":[\"https:\\\/\\\/www.facebook.com\\\/deinadieu\",\"https:\\\/\\\/x.com\\\/DeinAdieu\",\"https:\\\/\\\/www.instagram.com\\\/deinadieu\\\/\",\"https:\\\/\\\/www.linkedin.com\\\/company\\\/deinadieu.ch\"]},{\"@type\":\"Person\",\"@id\":\"https:\\\/\\\/www.deinadieu.ch\\\/en\\\/#\\\/schema\\\/person\\\/47522dd97d1b840f11a7e637e69c4a82\",\"name\":\"Martin Schuppli\",\"image\":{\"@type\":\"ImageObject\",\"inLanguage\":\"en-US\",\"@id\":\"https:\\\/\\\/secure.gravatar.com\\\/avatar\\\/3f6dee2a3d53d202b91ce982afc75191f59466c9d54dc61e5322d152b8eb2881?s=96&d=mm&r=g\",\"url\":\"https:\\\/\\\/secure.gravatar.com\\\/avatar\\\/3f6dee2a3d53d202b91ce982afc75191f59466c9d54dc61e5322d152b8eb2881?s=96&d=mm&r=g\",\"contentUrl\":\"https:\\\/\\\/secure.gravatar.com\\\/avatar\\\/3f6dee2a3d53d202b91ce982afc75191f59466c9d54dc61e5322d152b8eb2881?s=96&d=mm&r=g\",\"caption\":\"Martin Schuppli\"},\"description\":\"Martin Schuppli, *1955, arbeitete w\u00e4hrend 30 Jahren als Journalist bei Ringier AG. Er begann als Produzent beim Blick, schrieb sp\u00e4ter f\u00fcr SonntagsBlick, Gesundheit-Sprechstunde und Schweizer Illustrierte. 2009 machte er sich selbstst\u00e4ndig, sagte: \u00abIch schreibe mich durchs Leben.\u00bb Seit 2015 ist Martin Schuppli zusammen mit Nicolas Gehrig, CEO und dem Team daran, das Webportal DeinAdieu aufzubauen. \u00abHier kann ich schreiben. Und zwar \u00fcber das, was die Menschen am meisten interessiert. \u00dcber Menschen.\u00bb\",\"url\":\"https:\\\/\\\/www.deinadieu.ch\\\/en\\\/author\\\/martin\\\/\"}]}<\/script>","yoast_head_json":{"title":"FAIRMED gets involved in places where diseases of poverty run rampant","description":"The need is great in Cameroon. Karina Frey, employee at Fairmed, speaks with DeinAdieu about her commitment to the poorest of the poor.","robots":{"index":"index","follow":"follow","max-snippet":"max-snippet:-1","max-image-preview":"max-image-preview:large","max-video-preview":"max-video-preview:-1"},"canonical":"https:\/\/www.deinadieu.ch\/en\/karina-rey-fairmed-gets-involved-in-places-where-diseases-of-poverty-run-rampant\/","og_locale":"en_US","og_type":"article","og_title":"Karina Rey: \u2018Fairmed gets involved in places where diseases of poverty run rampant\u2019","og_description":"The need was great, the misery was glaring. Karina Rey found herself unable to close her eyes to what was going on in the rain forest of Cameroon. She","og_url":"https:\/\/www.deinadieu.ch\/en\/karina-rey-fairmed-gets-involved-in-places-where-diseases-of-poverty-run-rampant\/","og_site_name":"DeinAdieu.ch","article_publisher":"https:\/\/www.facebook.com\/deinadieu","article_published_time":"2021-10-22T10:16:00+00:00","article_modified_time":"2022-09-12T13:52:58+00:00","og_image":[{"width":1280,"height":720,"url":"https:\/\/static.deinadieu.ch\/uploads\/2021\/10\/KarinaRey_07.jpg","type":"image\/jpeg"}],"author":"Martin Schuppli","twitter_card":"summary_large_image","twitter_creator":"@DeinAdieu","twitter_site":"@DeinAdieu","twitter_misc":{"Written by":"Martin Schuppli","Est. reading time":"8 minutes"},"schema":{"@context":"https:\/\/schema.org","@graph":[{"@type":"Article","@id":"https:\/\/www.deinadieu.ch\/en\/karina-rey-fairmed-gets-involved-in-places-where-diseases-of-poverty-run-rampant\/#article","isPartOf":{"@id":"https:\/\/www.deinadieu.ch\/en\/karina-rey-fairmed-gets-involved-in-places-where-diseases-of-poverty-run-rampant\/"},"author":{"name":"Martin Schuppli","@id":"https:\/\/www.deinadieu.ch\/en\/#\/schema\/person\/47522dd97d1b840f11a7e637e69c4a82"},"headline":"Karina Rey: \u2018Fairmed gets involved in places where diseases of poverty run rampant\u2019","datePublished":"2021-10-22T10:16:00+00:00","dateModified":"2022-09-12T13:52:58+00:00","mainEntityOfPage":{"@id":"https:\/\/www.deinadieu.ch\/en\/karina-rey-fairmed-gets-involved-in-places-where-diseases-of-poverty-run-rampant\/"},"wordCount":1514,"commentCount":0,"publisher":{"@id":"https:\/\/www.deinadieu.ch\/en\/#organization"},"image":{"@id":"https:\/\/www.deinadieu.ch\/en\/karina-rey-fairmed-gets-involved-in-places-where-diseases-of-poverty-run-rampant\/#primaryimage"},"thumbnailUrl":"https:\/\/www.deinadieu.ch\/wp-content\/uploads\/2021\/10\/KarinaRey_07.jpg","keywords":["What can my inheritance achieve?"],"articleSection":["Focus on Aid Organisations"],"inLanguage":"en-US","potentialAction":[{"@type":"CommentAction","name":"Comment","target":["https:\/\/www.deinadieu.ch\/en\/karina-rey-fairmed-gets-involved-in-places-where-diseases-of-poverty-run-rampant\/#respond"]}]},{"@type":"WebPage","@id":"https:\/\/www.deinadieu.ch\/en\/karina-rey-fairmed-gets-involved-in-places-where-diseases-of-poverty-run-rampant\/","url":"https:\/\/www.deinadieu.ch\/en\/karina-rey-fairmed-gets-involved-in-places-where-diseases-of-poverty-run-rampant\/","name":"FAIRMED gets involved in places where diseases of poverty run rampant","isPartOf":{"@id":"https:\/\/www.deinadieu.ch\/en\/#website"},"primaryImageOfPage":{"@id":"https:\/\/www.deinadieu.ch\/en\/karina-rey-fairmed-gets-involved-in-places-where-diseases-of-poverty-run-rampant\/#primaryimage"},"image":{"@id":"https:\/\/www.deinadieu.ch\/en\/karina-rey-fairmed-gets-involved-in-places-where-diseases-of-poverty-run-rampant\/#primaryimage"},"thumbnailUrl":"https:\/\/www.deinadieu.ch\/wp-content\/uploads\/2021\/10\/KarinaRey_07.jpg","datePublished":"2021-10-22T10:16:00+00:00","dateModified":"2022-09-12T13:52:58+00:00","description":"The need is great in Cameroon. Karina Frey, employee at Fairmed, speaks with DeinAdieu about her commitment to the poorest of the poor.","breadcrumb":{"@id":"https:\/\/www.deinadieu.ch\/en\/karina-rey-fairmed-gets-involved-in-places-where-diseases-of-poverty-run-rampant\/#breadcrumb"},"inLanguage":"en-US","potentialAction":[{"@type":"ReadAction","target":["https:\/\/www.deinadieu.ch\/en\/karina-rey-fairmed-gets-involved-in-places-where-diseases-of-poverty-run-rampant\/"]}]},{"@type":"ImageObject","inLanguage":"en-US","@id":"https:\/\/www.deinadieu.ch\/en\/karina-rey-fairmed-gets-involved-in-places-where-diseases-of-poverty-run-rampant\/#primaryimage","url":"https:\/\/www.deinadieu.ch\/wp-content\/uploads\/2021\/10\/KarinaRey_07.jpg","contentUrl":"https:\/\/www.deinadieu.ch\/wp-content\/uploads\/2021\/10\/KarinaRey_07.jpg","width":1280,"height":720,"caption":"Karina Rey in the Fairmed office in Bern. She lived and worked with her husband in Cameroon. That left its mark. (Image: Ueli Hiltpold)"},{"@type":"BreadcrumbList","@id":"https:\/\/www.deinadieu.ch\/en\/karina-rey-fairmed-gets-involved-in-places-where-diseases-of-poverty-run-rampant\/#breadcrumb","itemListElement":[{"@type":"ListItem","position":1,"name":"Home","item":"https:\/\/www.deinadieu.ch\/en\/deinadieu-dialog-und-serviceportal-zum-lebensende\/"},{"@type":"ListItem","position":2,"name":"Karina Rey: \u2018Fairmed gets involved in places where diseases of poverty run rampant\u2019"}]},{"@type":"WebSite","@id":"https:\/\/www.deinadieu.ch\/en\/#website","url":"https:\/\/www.deinadieu.ch\/en\/","name":"DeinAdieu.ch","description":"Testament, Patientenverf\u00fcgung und Vorsorgeauftrag","publisher":{"@id":"https:\/\/www.deinadieu.ch\/en\/#organization"},"potentialAction":[{"@type":"SearchAction","target":{"@type":"EntryPoint","urlTemplate":"https:\/\/www.deinadieu.ch\/en\/?s={search_term_string}"},"query-input":{"@type":"PropertyValueSpecification","valueRequired":true,"valueName":"search_term_string"}}],"inLanguage":"en-US"},{"@type":"Organization","@id":"https:\/\/www.deinadieu.ch\/en\/#organization","name":"EMNA Web GmbH","url":"https:\/\/www.deinadieu.ch\/en\/","logo":{"@type":"ImageObject","inLanguage":"en-US","@id":"https:\/\/www.deinadieu.ch\/en\/#\/schema\/logo\/image\/","url":"https:\/\/www.deinadieu.ch\/wp-content\/uploads\/2016\/01\/DeinAdieu_Logo.png","contentUrl":"https:\/\/www.deinadieu.ch\/wp-content\/uploads\/2016\/01\/DeinAdieu_Logo.png","width":300,"height":117,"caption":"EMNA Web GmbH"},"image":{"@id":"https:\/\/www.deinadieu.ch\/en\/#\/schema\/logo\/image\/"},"sameAs":["https:\/\/www.facebook.com\/deinadieu","https:\/\/x.com\/DeinAdieu","https:\/\/www.instagram.com\/deinadieu\/","https:\/\/www.linkedin.com\/company\/deinadieu.ch"]},{"@type":"Person","@id":"https:\/\/www.deinadieu.ch\/en\/#\/schema\/person\/47522dd97d1b840f11a7e637e69c4a82","name":"Martin Schuppli","image":{"@type":"ImageObject","inLanguage":"en-US","@id":"https:\/\/secure.gravatar.com\/avatar\/3f6dee2a3d53d202b91ce982afc75191f59466c9d54dc61e5322d152b8eb2881?s=96&d=mm&r=g","url":"https:\/\/secure.gravatar.com\/avatar\/3f6dee2a3d53d202b91ce982afc75191f59466c9d54dc61e5322d152b8eb2881?s=96&d=mm&r=g","contentUrl":"https:\/\/secure.gravatar.com\/avatar\/3f6dee2a3d53d202b91ce982afc75191f59466c9d54dc61e5322d152b8eb2881?s=96&d=mm&r=g","caption":"Martin Schuppli"},"description":"Martin Schuppli, *1955, arbeitete w\u00e4hrend 30 Jahren als Journalist bei Ringier AG. Er begann als Produzent beim Blick, schrieb sp\u00e4ter f\u00fcr SonntagsBlick, Gesundheit-Sprechstunde und Schweizer Illustrierte. 2009 machte er sich selbstst\u00e4ndig, sagte: \u00abIch schreibe mich durchs Leben.\u00bb Seit 2015 ist Martin Schuppli zusammen mit Nicolas Gehrig, CEO und dem Team daran, das Webportal DeinAdieu aufzubauen. \u00abHier kann ich schreiben. Und zwar \u00fcber das, was die Menschen am meisten interessiert. \u00dcber Menschen.\u00bb","url":"https:\/\/www.deinadieu.ch\/en\/author\/martin\/"}]}},"_links":{"self":[{"href":"https:\/\/www.deinadieu.ch\/en\/wp-json\/wp\/v2\/posts\/54168","targetHints":{"allow":["GET"]}}],"collection":[{"href":"https:\/\/www.deinadieu.ch\/en\/wp-json\/wp\/v2\/posts"}],"about":[{"href":"https:\/\/www.deinadieu.ch\/en\/wp-json\/wp\/v2\/types\/post"}],"author":[{"embeddable":true,"href":"https:\/\/www.deinadieu.ch\/en\/wp-json\/wp\/v2\/users\/2"}],"replies":[{"embeddable":true,"href":"https:\/\/www.deinadieu.ch\/en\/wp-json\/wp\/v2\/comments?post=54168"}],"version-history":[{"count":3,"href":"https:\/\/www.deinadieu.ch\/en\/wp-json\/wp\/v2\/posts\/54168\/revisions"}],"predecessor-version":[{"id":60262,"href":"https:\/\/www.deinadieu.ch\/en\/wp-json\/wp\/v2\/posts\/54168\/revisions\/60262"}],"wp:featuredmedia":[{"embeddable":true,"href":"https:\/\/www.deinadieu.ch\/en\/wp-json\/wp\/v2\/media\/53924"}],"wp:attachment":[{"href":"https:\/\/www.deinadieu.ch\/en\/wp-json\/wp\/v2\/media?parent=54168"}],"wp:term":[{"taxonomy":"category","embeddable":true,"href":"https:\/\/www.deinadieu.ch\/en\/wp-json\/wp\/v2\/categories?post=54168"},{"taxonomy":"post_tag","embeddable":true,"href":"https:\/\/www.deinadieu.ch\/en\/wp-json\/wp\/v2\/tags?post=54168"}],"curies":[{"name":"wp","href":"https:\/\/api.w.org\/{rel}","templated":true}]}}