{"id":50410,"date":"2021-03-25T10:22:55","date_gmt":"2021-03-25T09:22:55","guid":{"rendered":"https:\/\/www.deinadieu.ch\/palliative-care-for-children-can-last-for-years\/"},"modified":"2022-08-19T08:49:21","modified_gmt":"2022-08-19T06:49:21","slug":"palliative-care-for-children-can-last-for-years","status":"publish","type":"post","link":"https:\/\/www.deinadieu.ch\/en\/palliative-care-for-children-can-last-for-years\/","title":{"rendered":"Palliative care for children can last for years"},"content":{"rendered":"\n<p>PD Dr. med. Eva Bergstr\u00e4sser is the head of the palliative care department at the University Children&#8217;s Hospital Zurich. She and her team care for critically ill and dying children and accompany their siblings and relatives through the difficult time. She spoke to DeinAdieu about her work. She talked about living and dying.<\/p>\n\n<!--more-->\n\n<p><strong>Ms Bergstr\u00e4sser: You work as a senior physician at the Children&#8217;s Hospital Zurich and lead the Competence Centre for Palliative Care. Please tell me about your work. <\/strong><\/p>\n\n<p><strong>PD Dr. Eva Bergstr\u00e4sser:<\/strong> The following is important to me: We do not only care for terminally ill children and young people in their last days, hours. Our work begins much earlier. Sometimes right after birth. And it can last several years.<\/p>\n\n<p><strong>A significant difference to Adult Care.<\/strong><\/p>\n\n<p>Exactly. Palliative care for adults is much more end-of-life focused. We care for children of all age groups, from newborns to eighteen year olds, sometimes even older. Sometimes \u2013 and I hope there will be more in the future \u2013 we look after children before they are born and, of course, after their parents as well.<\/p>\n\n<p><strong>Because you know that the child will need care once it is born?<\/strong><\/p>\n\n<p>Yes. Because the child has a disease which was diagnosed through genetic testing or imaging, and the parents are asked what they wanted? Should we do everything we possibly can or, if the illness is so severe, should we focus on giving comfort to the child and giving it a chance at life, but not forcing it to stay alive.<\/p>\n\n<figure class=\"wp-block-image size-large\"><img loading=\"lazy\" decoding=\"async\" width=\"1024\" height=\"576\" src=\"https:\/\/www.deinadieu.ch\/wp-content\/uploads\/2021\/03\/Blog_PD.Dr_.med_.EvaBergstraesser-2-1024x576.jpg\" alt=\"PD. Dr. med. Eva Bergstr&#xE4;sser, Senior Physician at the Children's Hospital Zurich\" class=\"wp-image-48443\" srcset=\"https:\/\/www.deinadieu.ch\/wp-content\/uploads\/2021\/03\/Blog_PD.Dr_.med_.EvaBergstraesser-2-1024x576.jpg 1024w, https:\/\/www.deinadieu.ch\/wp-content\/uploads\/2021\/03\/Blog_PD.Dr_.med_.EvaBergstraesser-2-300x169.jpg 300w, https:\/\/www.deinadieu.ch\/wp-content\/uploads\/2021\/03\/Blog_PD.Dr_.med_.EvaBergstraesser-2.jpg 1280w\" sizes=\"auto, (max-width: 1024px) 100vw, 1024px\" \/><figcaption>PD. Dr. med. Eva Bergstr\u00e4sser: \u00abWe care for a significant number of children who are neurologically seriously ill.\u00bb (Photo: Children&#8217;s Hospital Zurich)<\/figcaption><\/figure>\n\n<h2 class=\"wp-block-heading\" id=\"h-die-betreuung-der-kinder-individuell-gestalten\">Individualising child care<\/h2>\n\n<p><strong>The care of parents, relatives and siblings plays a central role in this.<\/strong><\/p>\n\n<p>In principle, this is how it is in palliative care for children. We focus strongly on families and on close relatives. We care for a significant number of children who are neurologically seriously ill and are unable to communicate verbally. So they cannot use spoken language to communicate to us what they need. Therefore, communication often happens via the parents, sometimes via the siblings. <\/p>\n\n<p><strong>And this care does not only take place in the Children&#8217;s Hospital?<\/strong><\/p>\n\n<p>No, no. It usually takes place where the child is most comfortable. This can be in the hospital \u2013 and it very often is. This can also be at home or in institutions for long-term care as well as in other clinics. <\/p>\n\n<p><strong>Who are you then contacted by? <\/strong><\/p>\n\n<p>Usually it is professionals or specialists and sometimes general practitioners or paediatricians, who contact us. Sometimes the Spitex for children refers patients to us, or parents contact us directly. <\/p>\n\n<p><strong>And that way you and the people from your team become the main persons of contact?<\/strong><\/p>\n\n<p>Not the main contact persons. Because these children suffer from diseases that definitely still need treatment and where there are usually still treatment options. If we have a child with a serious heart condition, for example, the cardiologists and heart surgeons take the lead \u2013 we only provide advice and support.<\/p>\n\n<figure class=\"wp-block-image size-large\"><img loading=\"lazy\" decoding=\"async\" width=\"1024\" height=\"576\" src=\"https:\/\/www.deinadieu.ch\/wp-content\/uploads\/2021\/03\/Blog_PD.Dr_.med_.EvaBergstraesser-3-1024x576.jpg\" alt=\"PD. Dr. med. Eva Bergstr&#xE4;sser, Senior Physician at the Children's Hospital Zurich\" class=\"wp-image-48447\" srcset=\"https:\/\/www.deinadieu.ch\/wp-content\/uploads\/2021\/03\/Blog_PD.Dr_.med_.EvaBergstraesser-3-1024x576.jpg 1024w, https:\/\/www.deinadieu.ch\/wp-content\/uploads\/2021\/03\/Blog_PD.Dr_.med_.EvaBergstraesser-3-300x169.jpg 300w, https:\/\/www.deinadieu.ch\/wp-content\/uploads\/2021\/03\/Blog_PD.Dr_.med_.EvaBergstraesser-3.jpg 1280w\" sizes=\"auto, (max-width: 1024px) 100vw, 1024px\" \/><figcaption>PD. PD. Dr. med. Eva Bergstr\u00e4sser: \u00abWe have professionals trained in psychology in our team and offer aftercare and support for grieving people.\u00bb (Photo: Children\u2019s Hospital Zurich)<\/figcaption><\/figure>\n\n<h2 class=\"wp-block-heading\" id=\"h-da-sein-wenn-kind-und-familie-einen-brauchen\">Being there when the child and family need you<\/h2>\n\n<p><strong>And you and your team accompany the family?<\/strong><\/p>\n\n<p>Yes. We provide comfort when needed. Sometimes people needs some, sometimes they don&#8217;t. We coordinate and accompany.<\/p>\n\n<p><strong>You and your team put a lot of heart and soul into this work. This creates trust and people feel more comfortable calling us at \u00abinappropriate\u00bb times and asking for support.<\/strong><\/p>\n\n<p>This is our aim. We want to be informed early so that we can build a relationship of trust with the child, its parents and siblings.<\/p>\n\n<p><strong>And the families, do they then actually call at \u00abinappropriate\u00bb times? <\/strong><\/p>\n\n<p>They can and they should. At night and on weekends. Patients know that the Kispi-phone is often with us at home. <\/p>\n\n<p><strong>Does the relationship end when a child dies?<\/strong><\/p>\n\n<p>Usually it does. After the death of the patient, my medical mandate ends. That is formally the case. We have professionals trained in psychology in our team and offer aftercare and support for grieving people There are many different offers. <\/p>\n\n<p><strong>Relationships are built. These can be more or less intense &#8230;<\/strong><\/p>\n\n<p>Yes. And I cannot just stop the communication. In certain cases, I was very close to the people and to the families. Then it is a matter of finding a humane as well as a professional ending. An ending that suits the needs of the families and also matches my resources, which are not unlimited.<\/p>\n\n<figure class=\"wp-block-image size-large\"><img loading=\"lazy\" decoding=\"async\" width=\"1024\" height=\"576\" src=\"https:\/\/www.deinadieu.ch\/wp-content\/uploads\/2021\/03\/Blog_PD.Dr_.med_.EvaBergstraesser-4-1024x576.jpg\" alt=\"PD. Dr. med. Eva Bergstr&#xE4;sser, Senior Physician at the Children's Hospital Zurich\" class=\"wp-image-48451\" srcset=\"https:\/\/www.deinadieu.ch\/wp-content\/uploads\/2021\/03\/Blog_PD.Dr_.med_.EvaBergstraesser-4-1024x576.jpg 1024w, https:\/\/www.deinadieu.ch\/wp-content\/uploads\/2021\/03\/Blog_PD.Dr_.med_.EvaBergstraesser-4-300x169.jpg 300w, https:\/\/www.deinadieu.ch\/wp-content\/uploads\/2021\/03\/Blog_PD.Dr_.med_.EvaBergstraesser-4.jpg 1280w\" sizes=\"auto, (max-width: 1024px) 100vw, 1024px\" \/><figcaption>PD. Dr. med. Eva Bergstr\u00e4sser, Senior Physician at the Children&#8217;s Hospital Zurich, says that half of the staff resources are financed by donations. (Photo: Children&#8217;s Hospital Zurich)<\/figcaption><\/figure>\n\n<h2 class=\"wp-block-heading\" id=\"h-spenden-erm-glichen-die-arbeit-mit-herzblut\">Donations enable our work.<\/h2>\n\n<p><strong>You need to be able to distance yourself emotionally.<\/strong><\/p>\n\n<p>Exactly. Usually, this works well. People know how busy I am. <\/p>\n\n<p><strong>How is your work financed?<\/strong><\/p>\n\n<p>Well, it&#8217;s not just about the funding our work, but also the one of the staff, for example. Half of it is covered by donations. <\/p>\n\n<p><strong>Your work can never be cost-effective.<\/strong><\/p>\n\n<p>Correct. We rely on the fact that a part of the work of the secretary, the doctors, psychologists, social workers and so on is financed by donations.<\/p>\n\n<p><strong>In addition, many of the services you provide to parents and relatives are not charged. <\/strong><\/p>\n\n<p>Yes. There are offers for siblings, relatives and the families that we cannot charge for. No health insurance and no insurance company covers these services.<\/p>\n\n<p><strong>Dr Bergstr\u00e4sser, you talk to people about life and death. How does this affect your life? <\/strong><\/p>\n\n<p>It&#8217;s not only hard, it&#8217;s also beautiful. If people manage to successfully move from struggling to find therapy and a cure to accepting a serious illness and a shortened life, it can be a more peaceful and somewhat happier experience. <\/p>\n\n<p><strong>Despite the tragic fate?<\/strong><\/p>\n\n<p>Yes, if we succeed to improve the quality of life with palliative care. It is good to see a family not running from doctor to doctor, but using the remaining time to do something for the sick child and their family. Something that helps to deal with the loss later. But of course, there are also difficult moments. For example, if the care lasted for weeks, if it took place day and night, around the clock. That exhausts one both physically and emotionally.<\/p>\n\n<figure class=\"wp-block-image size-large\"><img loading=\"lazy\" decoding=\"async\" width=\"1024\" height=\"576\" src=\"https:\/\/www.deinadieu.ch\/wp-content\/uploads\/2021\/03\/Blog_PD.Dr_.med_.EvaBergstraesser-5-1024x576.jpg\" alt=\"PD. Dr. med. Eva Bergstr&#xE4;sser, Senior Physician at the Children's Hospital Zurich\" class=\"wp-image-48455\" srcset=\"https:\/\/www.deinadieu.ch\/wp-content\/uploads\/2021\/03\/Blog_PD.Dr_.med_.EvaBergstraesser-5-1024x576.jpg 1024w, https:\/\/www.deinadieu.ch\/wp-content\/uploads\/2021\/03\/Blog_PD.Dr_.med_.EvaBergstraesser-5-300x169.jpg 300w, https:\/\/www.deinadieu.ch\/wp-content\/uploads\/2021\/03\/Blog_PD.Dr_.med_.EvaBergstraesser-5.jpg 1280w\" sizes=\"auto, (max-width: 1024px) 100vw, 1024px\" \/><figcaption>PD. Dr. med. Eva Bergstr\u00e4sser, Senior Physician at the Children&#8217;s Hospital Zurich: \u00abThere is still a certain taboo surrounding incurable diseases. I would like to see more openness in this regard.\u00bb (Photo: Children&#8217;s Hospital Zurich)<\/figcaption><\/figure>\n\n<h2 class=\"wp-block-heading\" id=\"h-manchmal-muss-eine-umarmung-m-glich-sein\">Sometimes a hug has to be allowed.<\/h2>\n\n<p><strong>It is necessary to keep distance.<\/strong><\/p>\n\n<p>Yes. And that is so for me and for my personal life, for example for my husband. I don&#8217;t want to burden him with my sad experiences from work all the time, and yet they are nevertheless noticeable. I may feel sad because something doesn&#8217;t work out. <\/p>\n\n<p><strong>One has to accept that life is unfair.<\/strong><\/p>\n\n<p>You experiences injustice all the time.<\/p>\n\n<p><strong>If someone doesn&#8217;t speak the language or has a migrant background, does that make your work more difficult?<\/strong><\/p>\n\n<p>It depends. There are young patients who cannot communicate verbally and there are parents who do not understand the language we speak. There are many ways of communication, and it can be incredibly powerful. Some people are not able to accept death and realise that I respect this. Yet, I still accompany them on their way which then can result in a positive experience for them.<\/p>\n\n<p><strong>If you want to comfort someone in Corona times, you have to keep your distance. How has the epidemic affected your work? <\/strong><\/p>\n\n<p>Of course, I also feel the distance. And there are situations where keeping distance is not possible. With me, no one has to cry behind a mask. I keep my mask on. And when it&#8217;s a difficult situation, I also give parents a hug. This has to be. With this I do not oppose the Corona protective measures, but I stay human.<\/p>\n\n<p><strong>To conclude: What do you wish for society to change when it comes to living and dying? <\/strong><\/p>\n\n<p>There is still a certain taboo surrounding the incurability of diseases. I would like to see more openness in this regard. Such difficult, tragic events should be given more importance. Parents, families and especially siblings who have had to experience such a loss deserve support and compassion.<\/p>\n\n<p><strong>Dr Bergstr\u00e4sser, thank you for talking to us on the phone and for the photos provided by the Children&#8217;s Hospital Zurich.<\/strong><\/p>\n\n<p class=\"has-text-align-right\">Interview: Martin Schuppli, Photos: Children&#8217;s Hospital Zurich<\/p>\n\n        <div class=\"da-servicebox relative bg-gray-200 p-4 pt-8 border-solid border-t-8 border-da-dark mb-6\">\n            <i class=\"fas fa-info-circle mx-auto fa-7x text-da-dark\"><\/i>\n            <span style=\"hyphens: auto\">\n                <\/p>\n\n<p>The Children&#8217;s Hospital Zurich is a partner of DeinAdieu. Link to the <a href=\"https:\/\/www.deinadieu.ch\/en\/nonprofit-organizations\/\">profile<\/a>:<\/p>\n<p>\n                \n                \n            <\/span>\n        <\/div>\n        \n\n<pre class=\"wp-block-code\"><code><\/code><\/pre>\n","protected":false},"excerpt":{"rendered":"<p>PD Dr. med. Eva Bergstr\u00e4sser is the head of the palliative care department at the University Children&#8217;s Hospital Zurich. She and her team care for critically ill and dying children and accompany their siblings and relatives through the difficult time. She spoke to DeinAdieu about her work. She talked about living and dying.<\/p>\n","protected":false},"author":2,"featured_media":48439,"comment_status":"open","ping_status":"closed","sticky":false,"template":"","format":"standard","meta":{"_acf_changed":false,"footnotes":""},"categories":[3201],"tags":[2615,2592],"class_list":["post-50410","post","type-post","status-publish","format-standard","has-post-thumbnail","hentry","category-palliative-care","tag-paediatric-palliative-care","tag-what-can-my-inheritance-achieve"],"acf":[],"yoast_head":"<title>Palliative care for children can last for years<\/title>\n<meta name=\"description\" content=\"PD Dr med Eva Bergstr\u00e4sser heads the palliative care department for seriously ill and terminally ill children at the Children&#039;s Hospital Zurich.\" \/>\n<meta name=\"robots\" content=\"index, follow, max-snippet:-1, max-image-preview:large, max-video-preview:-1\" \/>\n<link rel=\"canonical\" href=\"https:\/\/www.deinadieu.ch\/en\/palliative-care-for-children-can-last-for-years\/\" \/>\n<meta property=\"og:locale\" content=\"en_US\" \/>\n<meta property=\"og:type\" content=\"article\" \/>\n<meta property=\"og:title\" content=\"Palliative care for children can last for years\" \/>\n<meta property=\"og:description\" content=\"PD Dr. med. Eva Bergstr\u00e4sser is the head of the palliative care department at the University Children&#039;s Hospital Zurich. She and her team care for\" \/>\n<meta property=\"og:url\" content=\"https:\/\/www.deinadieu.ch\/en\/palliative-care-for-children-can-last-for-years\/\" \/>\n<meta property=\"og:site_name\" content=\"DeinAdieu.ch\" \/>\n<meta property=\"article:publisher\" content=\"https:\/\/www.facebook.com\/deinadieu\" \/>\n<meta property=\"article:published_time\" content=\"2021-03-25T09:22:55+00:00\" \/>\n<meta property=\"article:modified_time\" content=\"2022-08-19T06:49:21+00:00\" \/>\n<meta property=\"og:image\" content=\"https:\/\/static.deinadieu.ch\/uploads\/2021\/03\/Blog_PD.Dr_.med_.EvaBergstraesser-1.jpg\" \/>\n\t<meta property=\"og:image:width\" content=\"1280\" \/>\n\t<meta property=\"og:image:height\" content=\"720\" \/>\n\t<meta property=\"og:image:type\" content=\"image\/jpeg\" \/>\n<meta name=\"author\" content=\"Martin Schuppli\" \/>\n<meta name=\"twitter:card\" content=\"summary_large_image\" \/>\n<meta name=\"twitter:creator\" content=\"@DeinAdieu\" \/>\n<meta name=\"twitter:site\" content=\"@DeinAdieu\" \/>\n<meta name=\"twitter:label1\" content=\"Written by\" \/>\n\t<meta name=\"twitter:data1\" content=\"Martin Schuppli\" \/>\n\t<meta name=\"twitter:label2\" content=\"Est. reading time\" \/>\n\t<meta name=\"twitter:data2\" content=\"7 minutes\" \/>\n<script type=\"application\/ld+json\" class=\"yoast-schema-graph\">{\"@context\":\"https:\\\/\\\/schema.org\",\"@graph\":[{\"@type\":\"Article\",\"@id\":\"https:\\\/\\\/www.deinadieu.ch\\\/en\\\/palliative-care-for-children-can-last-for-years\\\/#article\",\"isPartOf\":{\"@id\":\"https:\\\/\\\/www.deinadieu.ch\\\/en\\\/palliative-care-for-children-can-last-for-years\\\/\"},\"author\":{\"name\":\"Martin Schuppli\",\"@id\":\"https:\\\/\\\/www.deinadieu.ch\\\/en\\\/#\\\/schema\\\/person\\\/47522dd97d1b840f11a7e637e69c4a82\"},\"headline\":\"Palliative care for children can last for years\",\"datePublished\":\"2021-03-25T09:22:55+00:00\",\"dateModified\":\"2022-08-19T06:49:21+00:00\",\"mainEntityOfPage\":{\"@id\":\"https:\\\/\\\/www.deinadieu.ch\\\/en\\\/palliative-care-for-children-can-last-for-years\\\/\"},\"wordCount\":1513,\"commentCount\":0,\"publisher\":{\"@id\":\"https:\\\/\\\/www.deinadieu.ch\\\/en\\\/#organization\"},\"image\":{\"@id\":\"https:\\\/\\\/www.deinadieu.ch\\\/en\\\/palliative-care-for-children-can-last-for-years\\\/#primaryimage\"},\"thumbnailUrl\":\"https:\\\/\\\/www.deinadieu.ch\\\/wp-content\\\/uploads\\\/2021\\\/03\\\/Blog_PD.Dr_.med_.EvaBergstraesser-1.jpg\",\"keywords\":[\"Paediatric Palliative Care\",\"What can my inheritance achieve?\"],\"articleSection\":[\"Palliative Care\"],\"inLanguage\":\"en-US\",\"potentialAction\":[{\"@type\":\"CommentAction\",\"name\":\"Comment\",\"target\":[\"https:\\\/\\\/www.deinadieu.ch\\\/en\\\/palliative-care-for-children-can-last-for-years\\\/#respond\"]}]},{\"@type\":\"WebPage\",\"@id\":\"https:\\\/\\\/www.deinadieu.ch\\\/en\\\/palliative-care-for-children-can-last-for-years\\\/\",\"url\":\"https:\\\/\\\/www.deinadieu.ch\\\/en\\\/palliative-care-for-children-can-last-for-years\\\/\",\"name\":\"Palliative care for children can last for years\",\"isPartOf\":{\"@id\":\"https:\\\/\\\/www.deinadieu.ch\\\/en\\\/#website\"},\"primaryImageOfPage\":{\"@id\":\"https:\\\/\\\/www.deinadieu.ch\\\/en\\\/palliative-care-for-children-can-last-for-years\\\/#primaryimage\"},\"image\":{\"@id\":\"https:\\\/\\\/www.deinadieu.ch\\\/en\\\/palliative-care-for-children-can-last-for-years\\\/#primaryimage\"},\"thumbnailUrl\":\"https:\\\/\\\/www.deinadieu.ch\\\/wp-content\\\/uploads\\\/2021\\\/03\\\/Blog_PD.Dr_.med_.EvaBergstraesser-1.jpg\",\"datePublished\":\"2021-03-25T09:22:55+00:00\",\"dateModified\":\"2022-08-19T06:49:21+00:00\",\"description\":\"PD Dr med Eva Bergstr\u00e4sser heads the palliative care department for seriously ill and terminally ill children at the Children's Hospital Zurich.\",\"breadcrumb\":{\"@id\":\"https:\\\/\\\/www.deinadieu.ch\\\/en\\\/palliative-care-for-children-can-last-for-years\\\/#breadcrumb\"},\"inLanguage\":\"en-US\",\"potentialAction\":[{\"@type\":\"ReadAction\",\"target\":[\"https:\\\/\\\/www.deinadieu.ch\\\/en\\\/palliative-care-for-children-can-last-for-years\\\/\"]}]},{\"@type\":\"ImageObject\",\"inLanguage\":\"en-US\",\"@id\":\"https:\\\/\\\/www.deinadieu.ch\\\/en\\\/palliative-care-for-children-can-last-for-years\\\/#primaryimage\",\"url\":\"https:\\\/\\\/www.deinadieu.ch\\\/wp-content\\\/uploads\\\/2021\\\/03\\\/Blog_PD.Dr_.med_.EvaBergstraesser-1.jpg\",\"contentUrl\":\"https:\\\/\\\/www.deinadieu.ch\\\/wp-content\\\/uploads\\\/2021\\\/03\\\/Blog_PD.Dr_.med_.EvaBergstraesser-1.jpg\",\"width\":1280,\"height\":720,\"caption\":\"PD. Dr. med. Eva Bergstr\u00e4sser, Senior physician at the Children's Hospital Zurich. (Photo: Children's Hospital Zurich)\"},{\"@type\":\"BreadcrumbList\",\"@id\":\"https:\\\/\\\/www.deinadieu.ch\\\/en\\\/palliative-care-for-children-can-last-for-years\\\/#breadcrumb\",\"itemListElement\":[{\"@type\":\"ListItem\",\"position\":1,\"name\":\"Home\",\"item\":\"https:\\\/\\\/www.deinadieu.ch\\\/en\\\/deinadieu-dialog-und-serviceportal-zum-lebensende\\\/\"},{\"@type\":\"ListItem\",\"position\":2,\"name\":\"Palliative care for children can last for years\"}]},{\"@type\":\"WebSite\",\"@id\":\"https:\\\/\\\/www.deinadieu.ch\\\/en\\\/#website\",\"url\":\"https:\\\/\\\/www.deinadieu.ch\\\/en\\\/\",\"name\":\"DeinAdieu.ch\",\"description\":\"Testament, Patientenverf\u00fcgung und Vorsorgeauftrag\",\"publisher\":{\"@id\":\"https:\\\/\\\/www.deinadieu.ch\\\/en\\\/#organization\"},\"potentialAction\":[{\"@type\":\"SearchAction\",\"target\":{\"@type\":\"EntryPoint\",\"urlTemplate\":\"https:\\\/\\\/www.deinadieu.ch\\\/en\\\/?s={search_term_string}\"},\"query-input\":{\"@type\":\"PropertyValueSpecification\",\"valueRequired\":true,\"valueName\":\"search_term_string\"}}],\"inLanguage\":\"en-US\"},{\"@type\":\"Organization\",\"@id\":\"https:\\\/\\\/www.deinadieu.ch\\\/en\\\/#organization\",\"name\":\"EMNA Web GmbH\",\"url\":\"https:\\\/\\\/www.deinadieu.ch\\\/en\\\/\",\"logo\":{\"@type\":\"ImageObject\",\"inLanguage\":\"en-US\",\"@id\":\"https:\\\/\\\/www.deinadieu.ch\\\/en\\\/#\\\/schema\\\/logo\\\/image\\\/\",\"url\":\"https:\\\/\\\/www.deinadieu.ch\\\/wp-content\\\/uploads\\\/2016\\\/01\\\/DeinAdieu_Logo.png\",\"contentUrl\":\"https:\\\/\\\/www.deinadieu.ch\\\/wp-content\\\/uploads\\\/2016\\\/01\\\/DeinAdieu_Logo.png\",\"width\":300,\"height\":117,\"caption\":\"EMNA Web GmbH\"},\"image\":{\"@id\":\"https:\\\/\\\/www.deinadieu.ch\\\/en\\\/#\\\/schema\\\/logo\\\/image\\\/\"},\"sameAs\":[\"https:\\\/\\\/www.facebook.com\\\/deinadieu\",\"https:\\\/\\\/x.com\\\/DeinAdieu\",\"https:\\\/\\\/www.instagram.com\\\/deinadieu\\\/\",\"https:\\\/\\\/www.linkedin.com\\\/company\\\/deinadieu.ch\"]},{\"@type\":\"Person\",\"@id\":\"https:\\\/\\\/www.deinadieu.ch\\\/en\\\/#\\\/schema\\\/person\\\/47522dd97d1b840f11a7e637e69c4a82\",\"name\":\"Martin Schuppli\",\"image\":{\"@type\":\"ImageObject\",\"inLanguage\":\"en-US\",\"@id\":\"https:\\\/\\\/secure.gravatar.com\\\/avatar\\\/3f6dee2a3d53d202b91ce982afc75191f59466c9d54dc61e5322d152b8eb2881?s=96&d=mm&r=g\",\"url\":\"https:\\\/\\\/secure.gravatar.com\\\/avatar\\\/3f6dee2a3d53d202b91ce982afc75191f59466c9d54dc61e5322d152b8eb2881?s=96&d=mm&r=g\",\"contentUrl\":\"https:\\\/\\\/secure.gravatar.com\\\/avatar\\\/3f6dee2a3d53d202b91ce982afc75191f59466c9d54dc61e5322d152b8eb2881?s=96&d=mm&r=g\",\"caption\":\"Martin Schuppli\"},\"description\":\"Martin Schuppli, *1955, arbeitete w\u00e4hrend 30 Jahren als Journalist bei Ringier AG. Er begann als Produzent beim Blick, schrieb sp\u00e4ter f\u00fcr SonntagsBlick, Gesundheit-Sprechstunde und Schweizer Illustrierte. 2009 machte er sich selbstst\u00e4ndig, sagte: \u00abIch schreibe mich durchs Leben.\u00bb Seit 2015 ist Martin Schuppli zusammen mit Nicolas Gehrig, CEO und dem Team daran, das Webportal DeinAdieu aufzubauen. \u00abHier kann ich schreiben. Und zwar \u00fcber das, was die Menschen am meisten interessiert. \u00dcber Menschen.\u00bb\",\"url\":\"https:\\\/\\\/www.deinadieu.ch\\\/en\\\/author\\\/martin\\\/\"}]}<\/script>","yoast_head_json":{"title":"Palliative care for children can last for years","description":"PD Dr med Eva Bergstr\u00e4sser heads the palliative care department for seriously ill and terminally ill children at the Children's Hospital Zurich.","robots":{"index":"index","follow":"follow","max-snippet":"max-snippet:-1","max-image-preview":"max-image-preview:large","max-video-preview":"max-video-preview:-1"},"canonical":"https:\/\/www.deinadieu.ch\/en\/palliative-care-for-children-can-last-for-years\/","og_locale":"en_US","og_type":"article","og_title":"Palliative care for children can last for years","og_description":"PD Dr. med. Eva Bergstr\u00e4sser is the head of the palliative care department at the University Children's Hospital Zurich. She and her team care for","og_url":"https:\/\/www.deinadieu.ch\/en\/palliative-care-for-children-can-last-for-years\/","og_site_name":"DeinAdieu.ch","article_publisher":"https:\/\/www.facebook.com\/deinadieu","article_published_time":"2021-03-25T09:22:55+00:00","article_modified_time":"2022-08-19T06:49:21+00:00","og_image":[{"width":1280,"height":720,"url":"https:\/\/static.deinadieu.ch\/uploads\/2021\/03\/Blog_PD.Dr_.med_.EvaBergstraesser-1.jpg","type":"image\/jpeg"}],"author":"Martin Schuppli","twitter_card":"summary_large_image","twitter_creator":"@DeinAdieu","twitter_site":"@DeinAdieu","twitter_misc":{"Written by":"Martin Schuppli","Est. reading time":"7 minutes"},"schema":{"@context":"https:\/\/schema.org","@graph":[{"@type":"Article","@id":"https:\/\/www.deinadieu.ch\/en\/palliative-care-for-children-can-last-for-years\/#article","isPartOf":{"@id":"https:\/\/www.deinadieu.ch\/en\/palliative-care-for-children-can-last-for-years\/"},"author":{"name":"Martin Schuppli","@id":"https:\/\/www.deinadieu.ch\/en\/#\/schema\/person\/47522dd97d1b840f11a7e637e69c4a82"},"headline":"Palliative care for children can last for years","datePublished":"2021-03-25T09:22:55+00:00","dateModified":"2022-08-19T06:49:21+00:00","mainEntityOfPage":{"@id":"https:\/\/www.deinadieu.ch\/en\/palliative-care-for-children-can-last-for-years\/"},"wordCount":1513,"commentCount":0,"publisher":{"@id":"https:\/\/www.deinadieu.ch\/en\/#organization"},"image":{"@id":"https:\/\/www.deinadieu.ch\/en\/palliative-care-for-children-can-last-for-years\/#primaryimage"},"thumbnailUrl":"https:\/\/www.deinadieu.ch\/wp-content\/uploads\/2021\/03\/Blog_PD.Dr_.med_.EvaBergstraesser-1.jpg","keywords":["Paediatric Palliative Care","What can my inheritance achieve?"],"articleSection":["Palliative Care"],"inLanguage":"en-US","potentialAction":[{"@type":"CommentAction","name":"Comment","target":["https:\/\/www.deinadieu.ch\/en\/palliative-care-for-children-can-last-for-years\/#respond"]}]},{"@type":"WebPage","@id":"https:\/\/www.deinadieu.ch\/en\/palliative-care-for-children-can-last-for-years\/","url":"https:\/\/www.deinadieu.ch\/en\/palliative-care-for-children-can-last-for-years\/","name":"Palliative care for children can last for years","isPartOf":{"@id":"https:\/\/www.deinadieu.ch\/en\/#website"},"primaryImageOfPage":{"@id":"https:\/\/www.deinadieu.ch\/en\/palliative-care-for-children-can-last-for-years\/#primaryimage"},"image":{"@id":"https:\/\/www.deinadieu.ch\/en\/palliative-care-for-children-can-last-for-years\/#primaryimage"},"thumbnailUrl":"https:\/\/www.deinadieu.ch\/wp-content\/uploads\/2021\/03\/Blog_PD.Dr_.med_.EvaBergstraesser-1.jpg","datePublished":"2021-03-25T09:22:55+00:00","dateModified":"2022-08-19T06:49:21+00:00","description":"PD Dr med Eva Bergstr\u00e4sser heads the palliative care department for seriously ill and terminally ill children at the Children's Hospital Zurich.","breadcrumb":{"@id":"https:\/\/www.deinadieu.ch\/en\/palliative-care-for-children-can-last-for-years\/#breadcrumb"},"inLanguage":"en-US","potentialAction":[{"@type":"ReadAction","target":["https:\/\/www.deinadieu.ch\/en\/palliative-care-for-children-can-last-for-years\/"]}]},{"@type":"ImageObject","inLanguage":"en-US","@id":"https:\/\/www.deinadieu.ch\/en\/palliative-care-for-children-can-last-for-years\/#primaryimage","url":"https:\/\/www.deinadieu.ch\/wp-content\/uploads\/2021\/03\/Blog_PD.Dr_.med_.EvaBergstraesser-1.jpg","contentUrl":"https:\/\/www.deinadieu.ch\/wp-content\/uploads\/2021\/03\/Blog_PD.Dr_.med_.EvaBergstraesser-1.jpg","width":1280,"height":720,"caption":"PD. Dr. med. Eva Bergstr\u00e4sser, Senior physician at the Children's Hospital Zurich. (Photo: Children's Hospital Zurich)"},{"@type":"BreadcrumbList","@id":"https:\/\/www.deinadieu.ch\/en\/palliative-care-for-children-can-last-for-years\/#breadcrumb","itemListElement":[{"@type":"ListItem","position":1,"name":"Home","item":"https:\/\/www.deinadieu.ch\/en\/deinadieu-dialog-und-serviceportal-zum-lebensende\/"},{"@type":"ListItem","position":2,"name":"Palliative care for children can last for years"}]},{"@type":"WebSite","@id":"https:\/\/www.deinadieu.ch\/en\/#website","url":"https:\/\/www.deinadieu.ch\/en\/","name":"DeinAdieu.ch","description":"Testament, Patientenverf\u00fcgung und Vorsorgeauftrag","publisher":{"@id":"https:\/\/www.deinadieu.ch\/en\/#organization"},"potentialAction":[{"@type":"SearchAction","target":{"@type":"EntryPoint","urlTemplate":"https:\/\/www.deinadieu.ch\/en\/?s={search_term_string}"},"query-input":{"@type":"PropertyValueSpecification","valueRequired":true,"valueName":"search_term_string"}}],"inLanguage":"en-US"},{"@type":"Organization","@id":"https:\/\/www.deinadieu.ch\/en\/#organization","name":"EMNA Web GmbH","url":"https:\/\/www.deinadieu.ch\/en\/","logo":{"@type":"ImageObject","inLanguage":"en-US","@id":"https:\/\/www.deinadieu.ch\/en\/#\/schema\/logo\/image\/","url":"https:\/\/www.deinadieu.ch\/wp-content\/uploads\/2016\/01\/DeinAdieu_Logo.png","contentUrl":"https:\/\/www.deinadieu.ch\/wp-content\/uploads\/2016\/01\/DeinAdieu_Logo.png","width":300,"height":117,"caption":"EMNA Web GmbH"},"image":{"@id":"https:\/\/www.deinadieu.ch\/en\/#\/schema\/logo\/image\/"},"sameAs":["https:\/\/www.facebook.com\/deinadieu","https:\/\/x.com\/DeinAdieu","https:\/\/www.instagram.com\/deinadieu\/","https:\/\/www.linkedin.com\/company\/deinadieu.ch"]},{"@type":"Person","@id":"https:\/\/www.deinadieu.ch\/en\/#\/schema\/person\/47522dd97d1b840f11a7e637e69c4a82","name":"Martin Schuppli","image":{"@type":"ImageObject","inLanguage":"en-US","@id":"https:\/\/secure.gravatar.com\/avatar\/3f6dee2a3d53d202b91ce982afc75191f59466c9d54dc61e5322d152b8eb2881?s=96&d=mm&r=g","url":"https:\/\/secure.gravatar.com\/avatar\/3f6dee2a3d53d202b91ce982afc75191f59466c9d54dc61e5322d152b8eb2881?s=96&d=mm&r=g","contentUrl":"https:\/\/secure.gravatar.com\/avatar\/3f6dee2a3d53d202b91ce982afc75191f59466c9d54dc61e5322d152b8eb2881?s=96&d=mm&r=g","caption":"Martin Schuppli"},"description":"Martin Schuppli, *1955, arbeitete w\u00e4hrend 30 Jahren als Journalist bei Ringier AG. Er begann als Produzent beim Blick, schrieb sp\u00e4ter f\u00fcr SonntagsBlick, Gesundheit-Sprechstunde und Schweizer Illustrierte. 2009 machte er sich selbstst\u00e4ndig, sagte: \u00abIch schreibe mich durchs Leben.\u00bb Seit 2015 ist Martin Schuppli zusammen mit Nicolas Gehrig, CEO und dem Team daran, das Webportal DeinAdieu aufzubauen. \u00abHier kann ich schreiben. Und zwar \u00fcber das, was die Menschen am meisten interessiert. \u00dcber Menschen.\u00bb","url":"https:\/\/www.deinadieu.ch\/en\/author\/martin\/"}]}},"_links":{"self":[{"href":"https:\/\/www.deinadieu.ch\/en\/wp-json\/wp\/v2\/posts\/50410","targetHints":{"allow":["GET"]}}],"collection":[{"href":"https:\/\/www.deinadieu.ch\/en\/wp-json\/wp\/v2\/posts"}],"about":[{"href":"https:\/\/www.deinadieu.ch\/en\/wp-json\/wp\/v2\/types\/post"}],"author":[{"embeddable":true,"href":"https:\/\/www.deinadieu.ch\/en\/wp-json\/wp\/v2\/users\/2"}],"replies":[{"embeddable":true,"href":"https:\/\/www.deinadieu.ch\/en\/wp-json\/wp\/v2\/comments?post=50410"}],"version-history":[{"count":8,"href":"https:\/\/www.deinadieu.ch\/en\/wp-json\/wp\/v2\/posts\/50410\/revisions"}],"predecessor-version":[{"id":59855,"href":"https:\/\/www.deinadieu.ch\/en\/wp-json\/wp\/v2\/posts\/50410\/revisions\/59855"}],"wp:featuredmedia":[{"embeddable":true,"href":"https:\/\/www.deinadieu.ch\/en\/wp-json\/wp\/v2\/media\/48439"}],"wp:attachment":[{"href":"https:\/\/www.deinadieu.ch\/en\/wp-json\/wp\/v2\/media?parent=50410"}],"wp:term":[{"taxonomy":"category","embeddable":true,"href":"https:\/\/www.deinadieu.ch\/en\/wp-json\/wp\/v2\/categories?post=50410"},{"taxonomy":"post_tag","embeddable":true,"href":"https:\/\/www.deinadieu.ch\/en\/wp-json\/wp\/v2\/tags?post=50410"}],"curies":[{"name":"wp","href":"https:\/\/api.w.org\/{rel}","templated":true}]}}