{"id":50162,"date":"2021-01-08T11:21:53","date_gmt":"2021-01-08T10:21:53","guid":{"rendered":"https:\/\/www.deinadieu.ch\/marc-your-optimism-gives-me-strength\/"},"modified":"2022-08-17T14:32:18","modified_gmt":"2022-08-17T12:32:18","slug":"marc-your-optimism-gives-me-strength","status":"publish","type":"post","link":"https:\/\/www.deinadieu.ch\/en\/marc-your-optimism-gives-me-strength\/","title":{"rendered":"\u00abMarc, your optimism gives me strength.\u00bb"},"content":{"rendered":"\n<p>At the Mathilde Escher Foundation, DeinAdieu met Marc who has muscular dystrophy. He is one of the oldest people with this terminal illness. This encounter left its marks. \u00abYour optimistic outlook made a deep impression on me\u00bb, says the author.<\/p>\n\n<!--more-->\n\n<p>This interview at the Mathilde Escher Foundation occupied my mind for days before the appointment. I know, I&#8217;m meeting 48-year-old Marc. He has been living at the Mathilde Escher Foundation for years. How is he doing, I ask myself. How is he doing? Is he sad, even disappointed in life? I was unsure, but was immediately proved wrong. <\/p>\n\n<p>With a powerful ride, Marc rolls into the office of Lukas Fischer, the head of communications and the graphics workshop at the foundation. Marc turns his electric wheelchair practically on the spot, parks next to the African hemp and smiles at us. I smile back \u2013 behind my mask.<\/p>\n\n<p>Marc is wearing washed-out jeans and a blue jumper. An inconspicuous earring shines on his left ear, his hair is silvery-grey, as is his thin beard. He answers my questions quietly, makes pauses. I try to speak clearly despite the mask. <\/p>\n\n<p>He was six years old, he says, when his parents took him to the Cantonal Hospital Aarau, where he had to undergo a muscle biopsy. Afterwards, it was clear that the child suffers from muscular dystrophy. \u00abThis often leads to physical limitations and shortened life expectancy.\u00bb <\/p>\n\n<figure class=\"wp-block-image size-large is-style-default\"><img loading=\"lazy\" decoding=\"async\" width=\"1024\" height=\"576\" src=\"https:\/\/www.deinadieu.ch\/wp-content\/uploads\/2021\/01\/BLOG_MES_MarcvonArx_Portraet1_a-1024x576.jpg\" alt=\"Marc von Arx, living with muscular dystrophy\" class=\"wp-image-28391\" srcset=\"https:\/\/www.deinadieu.ch\/wp-content\/uploads\/2021\/01\/BLOG_MES_MarcvonArx_Portraet1_a-1024x576.jpg 1024w, https:\/\/www.deinadieu.ch\/wp-content\/uploads\/2021\/01\/BLOG_MES_MarcvonArx_Portraet1_a-300x169.jpg 300w, https:\/\/www.deinadieu.ch\/wp-content\/uploads\/2021\/01\/BLOG_MES_MarcvonArx_Portraet1_a.jpg 1280w\" sizes=\"auto, (max-width: 1024px) 100vw, 1024px\" \/><figcaption>\u00abThe Mathilde Escher Foundation gives me strength in life. It gives me assurance.\u00bb, says Marc. (Photo: Paolo Foschini)<\/figcaption><\/figure>\n\n<h2 class=\"wp-block-heading\" id=\"h-fr-her-besuchte-ich-fast-jedes-zsc-heimspiel\">\u00abI used to attend almost every ZSC home game.\u00bb<\/h2>\n\n<p>The most common neuromuscular disease in children is Duchenne muscular dystrophy. One in 3&#8217;500 boys is affected by this disease. The Mathilde Escher Foundation has specialised in the care of people with Duchenne muscular dystrophy Duchenne for many years.<\/p>\n\n<p>Marc is one of the oldest people in the world with this terminal disease. He has been living at the Mathilde Escher Foundation for 30 years and has had to say goodbye to dear friends a number of times. <\/p>\n\n<p>How did that affect you? \u00abIf it was a good friend,&#8221; says Marc, &#8220;I grieved. And then it&#8217;s over. It&#8217;s not good to push the pain to the side. So I&#8217;m sad for a while, then life goes on. Always.\u00bb <\/p>\n\n<p>He says this quietly and thoughtfully. A slight smiles forms. I would like to know how and where he gets his zest for life and optimism from. And Marc&#8217;s answer does not amaze me. \u00abThe Mathilde Escher Foundation gives me strength in life. It gives me assurance.\u00bb. He pauses. He says: \u00abI don&#8217;t do as much as I used to, I stopped working in 2003. My cousin and I did the bookkeeping for friends who had opened a shop. A &#8216;Lade zum L\u00e4be&#8217;. They sold organic products and shishas. Before that I worked in the office centre of the Mathilde Escher Foundation, doing graphic works.\u00bb <\/p>\n\n<p>Marc is a big hockey fan. \u00abThere were times when I attended practically every ZSC home game. I also went to away games.\u00bb, he&#8217;s beaming. He enthusiastically tells how the Zett was 4-0 behind against Zug and finally won 6-4. \u00abOr last year, I saw the first game between ZSC and Davos. We won 6:2, which was massive. The whole villa came to the match. It was a lot of fun.\u00bb<\/p>\n\n<figure class=\"wp-block-image size-large is-style-default\"><img loading=\"lazy\" decoding=\"async\" width=\"1024\" height=\"576\" src=\"https:\/\/www.deinadieu.ch\/wp-content\/uploads\/2021\/01\/BLOG_MarcvonArx_Finger_a-1024x576.jpg\" alt=\"The fingertips control the wheelchair\" class=\"wp-image-28379\" srcset=\"https:\/\/www.deinadieu.ch\/wp-content\/uploads\/2021\/01\/BLOG_MarcvonArx_Finger_a-1024x576.jpg 1024w, https:\/\/www.deinadieu.ch\/wp-content\/uploads\/2021\/01\/BLOG_MarcvonArx_Finger_a-300x169.jpg 300w, https:\/\/www.deinadieu.ch\/wp-content\/uploads\/2021\/01\/BLOG_MarcvonArx_Finger_a.jpg 1280w\" sizes=\"auto, (max-width: 1024px) 100vw, 1024px\" \/><figcaption>Marc steers his vehicle with the fingers of his right hand. The tube helps one breathe. (Photo: Paolo Foschini)<\/figcaption><\/figure>\n\n<h2 class=\"wp-block-heading\" id=\"h-marc-spielte-in-australien-an-der-powerchair-hockey-wm\">Marc played in Australia at the Powerchair Hockey World Cup <\/h2>\n\n<p>The 48-year-old is not only passionate about hockey. No, he played the fast game for years with his electric wheelchair. \u00abI became fascinated by this sport in 1988 when I tried it out at the Kaserne Zurich, where the Mathilde Escher Foundation was temporarily based during a renovation.\u00bb Initially, they played with normal wheelchairs. Sports wheelchairs were not even available abroad. \u00abI saw the first one in Germany. A woman was sitting in it. And so we started to tinker. The caretaker made us special metal shovels. Now and then he had to mend our wheelchairs because the footboards would splinter or the hinges would break in hard fights.\u00bb<\/p>\n\n<p>Marc&#8217;s passion for hockey took him all the way to Australia in 1991, where he took part in the Electric Wheelchair Hockey World Cup in Brisbane with the Swiss national team. \u00abWe were seven players and the same number of caregivers. It was a great experience, those two weeks down under.\u00bb Marc beams. After returning, he says, he laid happily in his bed and reflected on the days. \u00abI travelled from Gold Coast to Gold Coast, saw snakes, koalas and kangaroos, and met cool people. From a sports point of view, it was also a success. The Swiss placed fourth at this Powerchair Hockey World Cup. Marc says he was a feared striker during his active time.\u00bb He laughs and says that falls were also part of the deal. <\/p>\n\n<figure class=\"wp-block-image size-large is-style-default\"><img loading=\"lazy\" decoding=\"async\" width=\"1024\" height=\"576\" src=\"https:\/\/www.deinadieu.ch\/wp-content\/uploads\/2021\/01\/BLOG_MarcvonArx_LukasFischer_MSa-1024x576.jpg\" alt=\"Lukas Fischer, Marc von Arx, Martin Schuppli\" class=\"wp-image-28383\" srcset=\"https:\/\/www.deinadieu.ch\/wp-content\/uploads\/2021\/01\/BLOG_MarcvonArx_LukasFischer_MSa-1024x576.jpg 1024w, https:\/\/www.deinadieu.ch\/wp-content\/uploads\/2021\/01\/BLOG_MarcvonArx_LukasFischer_MSa-300x169.jpg 300w, https:\/\/www.deinadieu.ch\/wp-content\/uploads\/2021\/01\/BLOG_MarcvonArx_LukasFischer_MSa.jpg 1280w\" sizes=\"auto, (max-width: 1024px) 100vw, 1024px\" \/><figcaption>Because Marc lives isolated at the Mathilde Escher Foundation, he does not wear a mask. Lukas Fischer (l.) and Martin Schuppli take off their masks for the picture and keep a safe distance. (Photo: Paolo Foschini)<\/figcaption><\/figure>\n\n<h2 class=\"wp-block-heading\" id=\"h-ich-m-chte-unbedingt-einmal-auf-den-etliberg\">\u00abI would absolutely like to go to the \u00dcetliberg one day.\u00bb<\/h2>\n\n<p>Our conversation is coming to an end. I ask Marc about his wishes, plans and any projects he has. The room is silent. He thinks for a long time. \u00abI want to stay healthy and go to the \u00dcetliberg once. I&#8217;ve never been there.&#8221; He laughs and says he would like a vaccination against the Covid-19 virus as soon as possible. Then he would have a C\u00fcpli or a glass of wine. Fortunately, he could already drink to Joe Biden&#8217;s victory. <\/p>\n\n<p>Last question. \u00abMarc, you are the oldest one here in the foundation, are you afraid of death?\u00bb He says: \u00abSometimes I think about it. I think it could be over anytime.\u00bb He goes silent, nods at us.<\/p>\n\n<p>We say goodbye. I put my hands together in front of my chest and bow slightly. I say thank you. Marc starts his vehicle, turns around the photographer, drives past the indoor African hemp and leaves. A cheerful mood prevails. Optimism and serenity. <\/p>\n\n<p>Lukas Fischer has been working at the Mathilde Escher Foundation for 17 years: \u00abIt is still fascinating to me when I see how the people here love life. How cheerful they are.\u00bb (Photo: Paolo Foschini)<\/p>\n\n<figure class=\"wp-block-image size-large is-style-default\"><img loading=\"lazy\" decoding=\"async\" width=\"1024\" height=\"712\" src=\"https:\/\/www.deinadieu.ch\/wp-content\/uploads\/2021\/01\/BLOG_MES_LukasFischer_1-1024x712.jpg\" alt=\"Lukas Fischer, Mathilde Escher Foundation\" class=\"wp-image-28387\" srcset=\"https:\/\/www.deinadieu.ch\/wp-content\/uploads\/2021\/01\/BLOG_MES_LukasFischer_1-1024x712.jpg 1024w, https:\/\/www.deinadieu.ch\/wp-content\/uploads\/2021\/01\/BLOG_MES_LukasFischer_1-300x209.jpg 300w, https:\/\/www.deinadieu.ch\/wp-content\/uploads\/2021\/01\/BLOG_MES_LukasFischer_1.jpg 1280w\" sizes=\"auto, (max-width: 1024px) 100vw, 1024px\" \/><figcaption>Lukas Fischer has been working at the Mathilde Escher Foundation for 17 years: \u00abIt is still fascinating to me when I see how the people here love life. How cheerful they are.\u00bb (Photo: Paolo Foschini)<\/figcaption><\/figure>\n\n<h2 class=\"wp-block-heading\" id=\"h-die-leute-h-ngen-am-leben-das-fasziniert-mich\">\u00abPeople here really love life, it fascinates me.\u00bb<\/h2>\n\n<p>I talk to Lukas Fischer about the happy atmosphere. I expected to find sorrow and sadness. The opposite was the case. Optimism and zest for life prevail. The head of communications at the Mathilde Escher Foundation smiles at me: \u00ab17 years ago, I, a lateral entrant in the social sector, came to know the Foundation. Everything was new to me. Dealing with people who were being ventilated through a mask. I felt that tubes and machines don&#8217;t matter if I want to meet a person empathetically. It is still fascinating for me every day when I see how much the people here love life. How happy they are. That captivated me and I&#8217;m proud to be part of it.\u00bb <\/p>\n\n<p>Lukas Fischer is 55 years old and has two children with his partner. \u00abI got to know all kinds of different professions and didn&#8217;t know what to do for a long time. I worked as an alpine herderman for two summers in the Krauchtal valley in Glarus. I looked after 150 cows and produced Ziger. I studied economics, worked as a PR editor for Konrad Toenz and transported disabled people. In the process, I got to know Marc&#8217;s cousin, whom I often drove back to the Mathilde Escher Foundation. So it was natural for me to apply for a training place at the foundation for my social work studies.\u00bb<\/p>\n\n<p>Around 70 people with severe physical disabilities currently live, study and work at the Mathilde Escher Foundation. Two thirds of them are men who suffer from Duchenne. Their illness is terminal. How does Lukas Fischer deal with it when people die who have been cared for by him, by the team? <\/p>\n\n<p>He looks at me and says: \u00abIt doesn&#8217;t get easier. Meanwhile, people are dying whom I have known for 17 years. That moves me, I&#8217;ve also had to cry, I have to tell people at home. I then experience a mourning process, sometimes more intense, sometimes less intense.\u00bb<\/p>\n\n<figure class=\"wp-block-image size-large is-style-default\"><img loading=\"lazy\" decoding=\"async\" width=\"1024\" height=\"576\" src=\"https:\/\/www.deinadieu.ch\/wp-content\/uploads\/2021\/01\/Blog_MEStiftung_Reise-1024x576.jpg\" alt=\"People with muscular dystrophy and caregivers\" class=\"wp-image-28375\" srcset=\"https:\/\/www.deinadieu.ch\/wp-content\/uploads\/2021\/01\/Blog_MEStiftung_Reise-1024x576.jpg 1024w, https:\/\/www.deinadieu.ch\/wp-content\/uploads\/2021\/01\/Blog_MEStiftung_Reise-300x169.jpg 300w, https:\/\/www.deinadieu.ch\/wp-content\/uploads\/2021\/01\/Blog_MEStiftung_Reise.jpg 1280w\" sizes=\"auto, (max-width: 1024px) 100vw, 1024px\" \/><figcaption>Complex leisure activities. On a trip, residents need one-to-one assistance. Tickets, accommodation, meals: everything costs twice as much. (Photo: zVg.)<\/figcaption><\/figure>\n\n<h2 class=\"wp-block-heading\" id=\"h-mit-spenden-finanzieren-wir-freizeitaktivit-ten\">&#8220;We use donations to finance leisure activities.&#8221;<\/h2>\n\n<p>The finite nature of their lives is not a constant topic for the residents of the Mathilde Escher Foundation. Lukas Fischer: \u00abThey are optimistic. We support them in their projects, go on cool trips with them, to which they contribute with ideas. They don&#8217;t need an entertainment programme, there are few organised leisure activities.\u00bb But these are costly. Often one-to-one assitance is required. Tickets, accommodation, meals: everything costs twice as much.<\/p>\n\n<p>Six to twelve residents form a group. On average, one caregiver is needed for three people, and this around the clock. Often two caregivers are needed for one person, for example when he\/she has to get up or go to bed. A big effort. How does the Mathilde Escher Foundation raise the necessary funds, I would like to know from Lukas Fischer.<\/p>\n\n<p>Basically, the public sector, the cantons, the school communities, the Invalidity pension fund pay for it. Donations are indispensable for trips, leisure activities, etc. <\/p>\n\n<p>When it comes to interacting with people with muscular dystrophy, he would like us, society, to make the world as barrier-free as possible. A world of work without barriers. \u00abIt is not enough to say that our jobs are also open to people with disabilities.\u00bb The committed social education worker underlines his words with clear gestures. \u00abIt has to be the other way round\u00bb, he says. \u00abe have people and create jobs for them. That&#8217;s how it works in sheltered workshops, and that&#8217;s how it should be made possible in the free labour market. After all, everyone wants to go to work. They want to use their skills, I see that. They can all work productively.\u00bb Lukas Fischer reminds us of the previous conversation with Marc. \u00abHe was lucky that his friends at the &#8216;Lade zum L\u00e4be&#8217; tailored a job to him. So he was able to work in the regular labour market for three years.\u00bb<\/p>\n\n<p>At the end of the meeting we have coffee in the common room. We hear cheerful voices in the corridor. Electric wheelchairs flash by. Young people play, chat, listen to music. A world where everything is in order. Cheerful and positive. Asked about this, Lukas Fischer says. \u00abBarriers can be lifted from both sides. We should approach each other curiously, take a step towards each other.\u00bb<\/p>\n\n<p>We laugh under our masks, say goodbye with an elbow nudge. Heartily. I am deeply impressed. <\/p>\n\n<p class=\"has-text-align-right\">Text: Martin Schuppli, Photos: Paolo Foschini<\/p>\n\n\n        <div class=\"da-servicebox relative bg-gray-200 p-4 pt-8 border-solid border-t-8 border-da-dark mb-6\">\n            <i class=\"fas fa-info-circle mx-auto fa-7x text-da-dark\"><\/i>\n            <span style=\"hyphens: auto\">\n                \n\n<p>The Mathilde Escher Foundation is a partner of DeinAdieu. <a href=\"https:\/\/www.deinadieu.ch\/en\/nonprofit-organizations\/\">To<\/a><a href=\"https:\/\/www.deinadieu.ch\/en\/nonprofit-organizations\/\" target=\"_blank\" rel=\"noreferrer noopener\">the profile<\/a><\/p>\n\n<p><\/p>\n\n\n                \n                \n            <\/span>\n        <\/div>\n        \n","protected":false},"excerpt":{"rendered":"<p>At the Mathilde Escher Foundation, DeinAdieu met Marc who has muscular dystrophy. He is one of the oldest people with this terminal illness. This encounter left its marks. \u00abYour optimistic outlook made a deep impression on me\u00bb, says the author.<\/p>\n","protected":false},"author":2,"featured_media":28395,"comment_status":"open","ping_status":"closed","sticky":false,"template":"","format":"standard","meta":{"_acf_changed":false,"footnotes":""},"categories":[2594],"tags":[2592],"class_list":["post-50162","post","type-post","status-publish","format-standard","has-post-thumbnail","hentry","category-affected-persons","tag-what-can-my-inheritance-achieve"],"acf":[],"yoast_head":"<title>\u00abMarc, your optimism gives me strength.\u00bb | DeinAdieu.ch<\/title>\n<meta name=\"description\" content=\"At the Mathilde Escher Foundation, DeinAdieu met Marc who has muscular dystrophy. He is one of the oldest people with this terminal illness.\" \/>\n<meta name=\"robots\" content=\"index, follow, max-snippet:-1, max-image-preview:large, max-video-preview:-1\" \/>\n<link rel=\"canonical\" href=\"https:\/\/www.deinadieu.ch\/en\/marc-your-optimism-gives-me-strength\/\" \/>\n<meta property=\"og:locale\" content=\"en_US\" \/>\n<meta property=\"og:type\" content=\"article\" \/>\n<meta property=\"og:title\" content=\"\u00abMarc, your optimism gives me strength.\u00bb\" \/>\n<meta property=\"og:description\" content=\"At the Mathilde Escher Foundation, DeinAdieu met Marc who has muscular dystrophy. He is one of the oldest people with this terminal illness. This\" \/>\n<meta property=\"og:url\" content=\"https:\/\/www.deinadieu.ch\/en\/marc-your-optimism-gives-me-strength\/\" \/>\n<meta property=\"og:site_name\" content=\"DeinAdieu.ch\" \/>\n<meta property=\"article:publisher\" content=\"https:\/\/www.facebook.com\/deinadieu\" \/>\n<meta property=\"article:published_time\" content=\"2021-01-08T10:21:53+00:00\" \/>\n<meta property=\"article:modified_time\" content=\"2022-08-17T12:32:18+00:00\" \/>\n<meta property=\"og:image\" content=\"https:\/\/static.deinadieu.ch\/uploads\/2021\/01\/BLOG_MarcvonArx_Portraet2a.jpg\" \/>\n\t<meta property=\"og:image:width\" content=\"1280\" \/>\n\t<meta property=\"og:image:height\" content=\"720\" \/>\n\t<meta property=\"og:image:type\" content=\"image\/jpeg\" \/>\n<meta name=\"author\" content=\"Martin Schuppli\" \/>\n<meta name=\"twitter:card\" content=\"summary_large_image\" \/>\n<meta name=\"twitter:creator\" content=\"@DeinAdieu\" \/>\n<meta name=\"twitter:site\" content=\"@DeinAdieu\" \/>\n<meta name=\"twitter:label1\" content=\"Written by\" \/>\n\t<meta name=\"twitter:data1\" content=\"Martin Schuppli\" \/>\n\t<meta name=\"twitter:label2\" content=\"Est. reading time\" \/>\n\t<meta name=\"twitter:data2\" content=\"9 minutes\" \/>\n<script type=\"application\/ld+json\" class=\"yoast-schema-graph\">{\"@context\":\"https:\\\/\\\/schema.org\",\"@graph\":[{\"@type\":\"Article\",\"@id\":\"https:\\\/\\\/www.deinadieu.ch\\\/en\\\/marc-your-optimism-gives-me-strength\\\/#article\",\"isPartOf\":{\"@id\":\"https:\\\/\\\/www.deinadieu.ch\\\/en\\\/marc-your-optimism-gives-me-strength\\\/\"},\"author\":{\"name\":\"Martin Schuppli\",\"@id\":\"https:\\\/\\\/www.deinadieu.ch\\\/en\\\/#\\\/schema\\\/person\\\/47522dd97d1b840f11a7e637e69c4a82\"},\"headline\":\"\u00abMarc, your optimism gives me strength.\u00bb\",\"datePublished\":\"2021-01-08T10:21:53+00:00\",\"dateModified\":\"2022-08-17T12:32:18+00:00\",\"mainEntityOfPage\":{\"@id\":\"https:\\\/\\\/www.deinadieu.ch\\\/en\\\/marc-your-optimism-gives-me-strength\\\/\"},\"wordCount\":1913,\"commentCount\":0,\"publisher\":{\"@id\":\"https:\\\/\\\/www.deinadieu.ch\\\/en\\\/#organization\"},\"image\":{\"@id\":\"https:\\\/\\\/www.deinadieu.ch\\\/en\\\/marc-your-optimism-gives-me-strength\\\/#primaryimage\"},\"thumbnailUrl\":\"https:\\\/\\\/www.deinadieu.ch\\\/wp-content\\\/uploads\\\/2021\\\/01\\\/BLOG_MarcvonArx_Portraet2a.jpg\",\"keywords\":[\"What can my inheritance achieve?\"],\"articleSection\":[\"Affected persons\"],\"inLanguage\":\"en-US\",\"potentialAction\":[{\"@type\":\"CommentAction\",\"name\":\"Comment\",\"target\":[\"https:\\\/\\\/www.deinadieu.ch\\\/en\\\/marc-your-optimism-gives-me-strength\\\/#respond\"]}]},{\"@type\":\"WebPage\",\"@id\":\"https:\\\/\\\/www.deinadieu.ch\\\/en\\\/marc-your-optimism-gives-me-strength\\\/\",\"url\":\"https:\\\/\\\/www.deinadieu.ch\\\/en\\\/marc-your-optimism-gives-me-strength\\\/\",\"name\":\"\u00abMarc, your optimism gives me strength.\u00bb | DeinAdieu.ch\",\"isPartOf\":{\"@id\":\"https:\\\/\\\/www.deinadieu.ch\\\/en\\\/#website\"},\"primaryImageOfPage\":{\"@id\":\"https:\\\/\\\/www.deinadieu.ch\\\/en\\\/marc-your-optimism-gives-me-strength\\\/#primaryimage\"},\"image\":{\"@id\":\"https:\\\/\\\/www.deinadieu.ch\\\/en\\\/marc-your-optimism-gives-me-strength\\\/#primaryimage\"},\"thumbnailUrl\":\"https:\\\/\\\/www.deinadieu.ch\\\/wp-content\\\/uploads\\\/2021\\\/01\\\/BLOG_MarcvonArx_Portraet2a.jpg\",\"datePublished\":\"2021-01-08T10:21:53+00:00\",\"dateModified\":\"2022-08-17T12:32:18+00:00\",\"description\":\"At the Mathilde Escher Foundation, DeinAdieu met Marc who has muscular dystrophy. He is one of the oldest people with this terminal illness.\",\"breadcrumb\":{\"@id\":\"https:\\\/\\\/www.deinadieu.ch\\\/en\\\/marc-your-optimism-gives-me-strength\\\/#breadcrumb\"},\"inLanguage\":\"en-US\",\"potentialAction\":[{\"@type\":\"ReadAction\",\"target\":[\"https:\\\/\\\/www.deinadieu.ch\\\/en\\\/marc-your-optimism-gives-me-strength\\\/\"]}]},{\"@type\":\"ImageObject\",\"inLanguage\":\"en-US\",\"@id\":\"https:\\\/\\\/www.deinadieu.ch\\\/en\\\/marc-your-optimism-gives-me-strength\\\/#primaryimage\",\"url\":\"https:\\\/\\\/www.deinadieu.ch\\\/wp-content\\\/uploads\\\/2021\\\/01\\\/BLOG_MarcvonArx_Portraet2a.jpg\",\"contentUrl\":\"https:\\\/\\\/www.deinadieu.ch\\\/wp-content\\\/uploads\\\/2021\\\/01\\\/BLOG_MarcvonArx_Portraet2a.jpg\",\"width\":1280,\"height\":720,\"caption\":\"When Marc was six years old, his parents found out that he had Duchenne muscular dystrophy. He has been living at the Mathilde Escher Foundation for 30 years. (Photo: Paolo Foschini)\"},{\"@type\":\"BreadcrumbList\",\"@id\":\"https:\\\/\\\/www.deinadieu.ch\\\/en\\\/marc-your-optimism-gives-me-strength\\\/#breadcrumb\",\"itemListElement\":[{\"@type\":\"ListItem\",\"position\":1,\"name\":\"Home\",\"item\":\"https:\\\/\\\/www.deinadieu.ch\\\/en\\\/deinadieu-dialog-und-serviceportal-zum-lebensende\\\/\"},{\"@type\":\"ListItem\",\"position\":2,\"name\":\"\u00abMarc, your optimism gives me strength.\u00bb\"}]},{\"@type\":\"WebSite\",\"@id\":\"https:\\\/\\\/www.deinadieu.ch\\\/en\\\/#website\",\"url\":\"https:\\\/\\\/www.deinadieu.ch\\\/en\\\/\",\"name\":\"DeinAdieu.ch\",\"description\":\"Testament, Patientenverf\u00fcgung und Vorsorgeauftrag\",\"publisher\":{\"@id\":\"https:\\\/\\\/www.deinadieu.ch\\\/en\\\/#organization\"},\"potentialAction\":[{\"@type\":\"SearchAction\",\"target\":{\"@type\":\"EntryPoint\",\"urlTemplate\":\"https:\\\/\\\/www.deinadieu.ch\\\/en\\\/?s={search_term_string}\"},\"query-input\":{\"@type\":\"PropertyValueSpecification\",\"valueRequired\":true,\"valueName\":\"search_term_string\"}}],\"inLanguage\":\"en-US\"},{\"@type\":\"Organization\",\"@id\":\"https:\\\/\\\/www.deinadieu.ch\\\/en\\\/#organization\",\"name\":\"EMNA Web GmbH\",\"url\":\"https:\\\/\\\/www.deinadieu.ch\\\/en\\\/\",\"logo\":{\"@type\":\"ImageObject\",\"inLanguage\":\"en-US\",\"@id\":\"https:\\\/\\\/www.deinadieu.ch\\\/en\\\/#\\\/schema\\\/logo\\\/image\\\/\",\"url\":\"https:\\\/\\\/www.deinadieu.ch\\\/wp-content\\\/uploads\\\/2016\\\/01\\\/DeinAdieu_Logo.png\",\"contentUrl\":\"https:\\\/\\\/www.deinadieu.ch\\\/wp-content\\\/uploads\\\/2016\\\/01\\\/DeinAdieu_Logo.png\",\"width\":300,\"height\":117,\"caption\":\"EMNA Web GmbH\"},\"image\":{\"@id\":\"https:\\\/\\\/www.deinadieu.ch\\\/en\\\/#\\\/schema\\\/logo\\\/image\\\/\"},\"sameAs\":[\"https:\\\/\\\/www.facebook.com\\\/deinadieu\",\"https:\\\/\\\/x.com\\\/DeinAdieu\",\"https:\\\/\\\/www.instagram.com\\\/deinadieu\\\/\",\"https:\\\/\\\/www.linkedin.com\\\/company\\\/deinadieu.ch\"]},{\"@type\":\"Person\",\"@id\":\"https:\\\/\\\/www.deinadieu.ch\\\/en\\\/#\\\/schema\\\/person\\\/47522dd97d1b840f11a7e637e69c4a82\",\"name\":\"Martin Schuppli\",\"image\":{\"@type\":\"ImageObject\",\"inLanguage\":\"en-US\",\"@id\":\"https:\\\/\\\/secure.gravatar.com\\\/avatar\\\/3f6dee2a3d53d202b91ce982afc75191f59466c9d54dc61e5322d152b8eb2881?s=96&d=mm&r=g\",\"url\":\"https:\\\/\\\/secure.gravatar.com\\\/avatar\\\/3f6dee2a3d53d202b91ce982afc75191f59466c9d54dc61e5322d152b8eb2881?s=96&d=mm&r=g\",\"contentUrl\":\"https:\\\/\\\/secure.gravatar.com\\\/avatar\\\/3f6dee2a3d53d202b91ce982afc75191f59466c9d54dc61e5322d152b8eb2881?s=96&d=mm&r=g\",\"caption\":\"Martin Schuppli\"},\"description\":\"Martin Schuppli, *1955, arbeitete w\u00e4hrend 30 Jahren als Journalist bei Ringier AG. Er begann als Produzent beim Blick, schrieb sp\u00e4ter f\u00fcr SonntagsBlick, Gesundheit-Sprechstunde und Schweizer Illustrierte. 2009 machte er sich selbstst\u00e4ndig, sagte: \u00abIch schreibe mich durchs Leben.\u00bb Seit 2015 ist Martin Schuppli zusammen mit Nicolas Gehrig, CEO und dem Team daran, das Webportal DeinAdieu aufzubauen. \u00abHier kann ich schreiben. Und zwar \u00fcber das, was die Menschen am meisten interessiert. \u00dcber Menschen.\u00bb\",\"url\":\"https:\\\/\\\/www.deinadieu.ch\\\/en\\\/author\\\/martin\\\/\"}]}<\/script>","yoast_head_json":{"title":"\u00abMarc, your optimism gives me strength.\u00bb | DeinAdieu.ch","description":"At the Mathilde Escher Foundation, DeinAdieu met Marc who has muscular dystrophy. He is one of the oldest people with this terminal illness.","robots":{"index":"index","follow":"follow","max-snippet":"max-snippet:-1","max-image-preview":"max-image-preview:large","max-video-preview":"max-video-preview:-1"},"canonical":"https:\/\/www.deinadieu.ch\/en\/marc-your-optimism-gives-me-strength\/","og_locale":"en_US","og_type":"article","og_title":"\u00abMarc, your optimism gives me strength.\u00bb","og_description":"At the Mathilde Escher Foundation, DeinAdieu met Marc who has muscular dystrophy. He is one of the oldest people with this terminal illness. This","og_url":"https:\/\/www.deinadieu.ch\/en\/marc-your-optimism-gives-me-strength\/","og_site_name":"DeinAdieu.ch","article_publisher":"https:\/\/www.facebook.com\/deinadieu","article_published_time":"2021-01-08T10:21:53+00:00","article_modified_time":"2022-08-17T12:32:18+00:00","og_image":[{"width":1280,"height":720,"url":"https:\/\/static.deinadieu.ch\/uploads\/2021\/01\/BLOG_MarcvonArx_Portraet2a.jpg","type":"image\/jpeg"}],"author":"Martin Schuppli","twitter_card":"summary_large_image","twitter_creator":"@DeinAdieu","twitter_site":"@DeinAdieu","twitter_misc":{"Written by":"Martin Schuppli","Est. reading time":"9 minutes"},"schema":{"@context":"https:\/\/schema.org","@graph":[{"@type":"Article","@id":"https:\/\/www.deinadieu.ch\/en\/marc-your-optimism-gives-me-strength\/#article","isPartOf":{"@id":"https:\/\/www.deinadieu.ch\/en\/marc-your-optimism-gives-me-strength\/"},"author":{"name":"Martin Schuppli","@id":"https:\/\/www.deinadieu.ch\/en\/#\/schema\/person\/47522dd97d1b840f11a7e637e69c4a82"},"headline":"\u00abMarc, your optimism gives me strength.\u00bb","datePublished":"2021-01-08T10:21:53+00:00","dateModified":"2022-08-17T12:32:18+00:00","mainEntityOfPage":{"@id":"https:\/\/www.deinadieu.ch\/en\/marc-your-optimism-gives-me-strength\/"},"wordCount":1913,"commentCount":0,"publisher":{"@id":"https:\/\/www.deinadieu.ch\/en\/#organization"},"image":{"@id":"https:\/\/www.deinadieu.ch\/en\/marc-your-optimism-gives-me-strength\/#primaryimage"},"thumbnailUrl":"https:\/\/www.deinadieu.ch\/wp-content\/uploads\/2021\/01\/BLOG_MarcvonArx_Portraet2a.jpg","keywords":["What can my inheritance achieve?"],"articleSection":["Affected persons"],"inLanguage":"en-US","potentialAction":[{"@type":"CommentAction","name":"Comment","target":["https:\/\/www.deinadieu.ch\/en\/marc-your-optimism-gives-me-strength\/#respond"]}]},{"@type":"WebPage","@id":"https:\/\/www.deinadieu.ch\/en\/marc-your-optimism-gives-me-strength\/","url":"https:\/\/www.deinadieu.ch\/en\/marc-your-optimism-gives-me-strength\/","name":"\u00abMarc, your optimism gives me strength.\u00bb | DeinAdieu.ch","isPartOf":{"@id":"https:\/\/www.deinadieu.ch\/en\/#website"},"primaryImageOfPage":{"@id":"https:\/\/www.deinadieu.ch\/en\/marc-your-optimism-gives-me-strength\/#primaryimage"},"image":{"@id":"https:\/\/www.deinadieu.ch\/en\/marc-your-optimism-gives-me-strength\/#primaryimage"},"thumbnailUrl":"https:\/\/www.deinadieu.ch\/wp-content\/uploads\/2021\/01\/BLOG_MarcvonArx_Portraet2a.jpg","datePublished":"2021-01-08T10:21:53+00:00","dateModified":"2022-08-17T12:32:18+00:00","description":"At the Mathilde Escher Foundation, DeinAdieu met Marc who has muscular dystrophy. He is one of the oldest people with this terminal illness.","breadcrumb":{"@id":"https:\/\/www.deinadieu.ch\/en\/marc-your-optimism-gives-me-strength\/#breadcrumb"},"inLanguage":"en-US","potentialAction":[{"@type":"ReadAction","target":["https:\/\/www.deinadieu.ch\/en\/marc-your-optimism-gives-me-strength\/"]}]},{"@type":"ImageObject","inLanguage":"en-US","@id":"https:\/\/www.deinadieu.ch\/en\/marc-your-optimism-gives-me-strength\/#primaryimage","url":"https:\/\/www.deinadieu.ch\/wp-content\/uploads\/2021\/01\/BLOG_MarcvonArx_Portraet2a.jpg","contentUrl":"https:\/\/www.deinadieu.ch\/wp-content\/uploads\/2021\/01\/BLOG_MarcvonArx_Portraet2a.jpg","width":1280,"height":720,"caption":"When Marc was six years old, his parents found out that he had Duchenne muscular dystrophy. He has been living at the Mathilde Escher Foundation for 30 years. (Photo: Paolo Foschini)"},{"@type":"BreadcrumbList","@id":"https:\/\/www.deinadieu.ch\/en\/marc-your-optimism-gives-me-strength\/#breadcrumb","itemListElement":[{"@type":"ListItem","position":1,"name":"Home","item":"https:\/\/www.deinadieu.ch\/en\/deinadieu-dialog-und-serviceportal-zum-lebensende\/"},{"@type":"ListItem","position":2,"name":"\u00abMarc, your optimism gives me strength.\u00bb"}]},{"@type":"WebSite","@id":"https:\/\/www.deinadieu.ch\/en\/#website","url":"https:\/\/www.deinadieu.ch\/en\/","name":"DeinAdieu.ch","description":"Testament, Patientenverf\u00fcgung und Vorsorgeauftrag","publisher":{"@id":"https:\/\/www.deinadieu.ch\/en\/#organization"},"potentialAction":[{"@type":"SearchAction","target":{"@type":"EntryPoint","urlTemplate":"https:\/\/www.deinadieu.ch\/en\/?s={search_term_string}"},"query-input":{"@type":"PropertyValueSpecification","valueRequired":true,"valueName":"search_term_string"}}],"inLanguage":"en-US"},{"@type":"Organization","@id":"https:\/\/www.deinadieu.ch\/en\/#organization","name":"EMNA Web GmbH","url":"https:\/\/www.deinadieu.ch\/en\/","logo":{"@type":"ImageObject","inLanguage":"en-US","@id":"https:\/\/www.deinadieu.ch\/en\/#\/schema\/logo\/image\/","url":"https:\/\/www.deinadieu.ch\/wp-content\/uploads\/2016\/01\/DeinAdieu_Logo.png","contentUrl":"https:\/\/www.deinadieu.ch\/wp-content\/uploads\/2016\/01\/DeinAdieu_Logo.png","width":300,"height":117,"caption":"EMNA Web GmbH"},"image":{"@id":"https:\/\/www.deinadieu.ch\/en\/#\/schema\/logo\/image\/"},"sameAs":["https:\/\/www.facebook.com\/deinadieu","https:\/\/x.com\/DeinAdieu","https:\/\/www.instagram.com\/deinadieu\/","https:\/\/www.linkedin.com\/company\/deinadieu.ch"]},{"@type":"Person","@id":"https:\/\/www.deinadieu.ch\/en\/#\/schema\/person\/47522dd97d1b840f11a7e637e69c4a82","name":"Martin Schuppli","image":{"@type":"ImageObject","inLanguage":"en-US","@id":"https:\/\/secure.gravatar.com\/avatar\/3f6dee2a3d53d202b91ce982afc75191f59466c9d54dc61e5322d152b8eb2881?s=96&d=mm&r=g","url":"https:\/\/secure.gravatar.com\/avatar\/3f6dee2a3d53d202b91ce982afc75191f59466c9d54dc61e5322d152b8eb2881?s=96&d=mm&r=g","contentUrl":"https:\/\/secure.gravatar.com\/avatar\/3f6dee2a3d53d202b91ce982afc75191f59466c9d54dc61e5322d152b8eb2881?s=96&d=mm&r=g","caption":"Martin Schuppli"},"description":"Martin Schuppli, *1955, arbeitete w\u00e4hrend 30 Jahren als Journalist bei Ringier AG. Er begann als Produzent beim Blick, schrieb sp\u00e4ter f\u00fcr SonntagsBlick, Gesundheit-Sprechstunde und Schweizer Illustrierte. 2009 machte er sich selbstst\u00e4ndig, sagte: \u00abIch schreibe mich durchs Leben.\u00bb Seit 2015 ist Martin Schuppli zusammen mit Nicolas Gehrig, CEO und dem Team daran, das Webportal DeinAdieu aufzubauen. \u00abHier kann ich schreiben. Und zwar \u00fcber das, was die Menschen am meisten interessiert. \u00dcber Menschen.\u00bb","url":"https:\/\/www.deinadieu.ch\/en\/author\/martin\/"}]}},"_links":{"self":[{"href":"https:\/\/www.deinadieu.ch\/en\/wp-json\/wp\/v2\/posts\/50162","targetHints":{"allow":["GET"]}}],"collection":[{"href":"https:\/\/www.deinadieu.ch\/en\/wp-json\/wp\/v2\/posts"}],"about":[{"href":"https:\/\/www.deinadieu.ch\/en\/wp-json\/wp\/v2\/types\/post"}],"author":[{"embeddable":true,"href":"https:\/\/www.deinadieu.ch\/en\/wp-json\/wp\/v2\/users\/2"}],"replies":[{"embeddable":true,"href":"https:\/\/www.deinadieu.ch\/en\/wp-json\/wp\/v2\/comments?post=50162"}],"version-history":[{"count":5,"href":"https:\/\/www.deinadieu.ch\/en\/wp-json\/wp\/v2\/posts\/50162\/revisions"}],"predecessor-version":[{"id":59835,"href":"https:\/\/www.deinadieu.ch\/en\/wp-json\/wp\/v2\/posts\/50162\/revisions\/59835"}],"wp:featuredmedia":[{"embeddable":true,"href":"https:\/\/www.deinadieu.ch\/en\/wp-json\/wp\/v2\/media\/28395"}],"wp:attachment":[{"href":"https:\/\/www.deinadieu.ch\/en\/wp-json\/wp\/v2\/media?parent=50162"}],"wp:term":[{"taxonomy":"category","embeddable":true,"href":"https:\/\/www.deinadieu.ch\/en\/wp-json\/wp\/v2\/categories?post=50162"},{"taxonomy":"post_tag","embeddable":true,"href":"https:\/\/www.deinadieu.ch\/en\/wp-json\/wp\/v2\/tags?post=50162"}],"curies":[{"name":"wp","href":"https:\/\/api.w.org\/{rel}","templated":true}]}}